{"id":108368,"date":"2021-03-05T06:30:17","date_gmt":"2021-03-05T13:30:17","guid":{"rendered":"https:\/\/www.sonoraenequipo.com.mx\/?p=108368"},"modified":"2021-03-05T02:12:11","modified_gmt":"2021-03-05T09:12:11","slug":"el-capitolio-refuerza-seguridad-por-nueva-amenaza-extremista","status":"publish","type":"post","link":"https:\/\/www.sonoraenequipo.com.mx\/el-capitolio-refuerza-seguridad-por-nueva-amenaza-extremista\/","title":{"rendered":"El Capitolio refuerza seguridad por nueva amenaza extremista"},"content":{"rendered":"<p>WASHINGTON, ESTADOS UNIDOS. \u2014 El Congreso de Estados Unidos se hallaba bajo fuertes medidas de Seguridad este jueves (04.03.2021), un d\u00eda despu\u00e9s de que la polic\u00eda anunciara que una <em>\u00abmilicia\u00bb<\/em> planeaba atacarlo, avivando el recuerdo del asalto al Capitolio por seguidores extremistas del expresidente Donald Trump el 6 de enero.<\/p>\n<p>&nbsp;<\/p>\n<p> <\/p>\n<p>&nbsp;<\/p>\n<p>Efectivos de la Guardia Nacional patrullan alrededor del Capitolio, protegido desde hace dos meses por altas vallas, coronadas en algunas zonas por alambradas.<\/p>\n<p>&nbsp;<\/p>\n<p>La C\u00e1mara de Representantes adelant\u00f3 al mi\u00e9rcoles por la noche dos votaciones previstas este jueves, pero su presidenta, la dem\u00f3crata Nancy Pelosi, dio su rueda de prensa semanal desde el edificio por la ma\u00f1ana, y el Senado mantuvo su sesi\u00f3n.<\/p>\n<p>&nbsp;<\/p>\n<p>Los responsables de la seguridad del Congreso aconsejaron a los parlamentarios que utilizaran los aparcamientos y pasillos subterr\u00e1neos para acceder al Capitolio y les pidi\u00f3 que extremaran las precauciones.<\/p>\n<h3>Informes de inteligencia<\/h3>\n<p>&nbsp;<\/p>\n<p>El temor es fruto de informaciones obtenidas por los servicios de inteligencia estadounidenses. A finales de febrero, un grupo de extremistas \u00abno identificado mencion\u00f3 el proyecto de tomar el control del Capitolio estadounidense\u00bb, explicaron el FBI y el Departamento de Seguridad Nacional en un comunicado.<\/p>\n<p>&nbsp;<\/p>\n<p>Esos extremistas, convencidos de que la victoria de Biden en las presidenciales de noviembre se debi\u00f3 a un fraude, niegan la legitimidad del presidente, que lleg\u00f3 a la Casa Blanca el 20 de enero.<\/p>\n<p>&nbsp;<\/p>\n<p>\u00abHemos obtenido informaci\u00f3n de inteligencia que muestra un posible complot para irrumpir en el Capitolio, por parte de una milicia identificada, el jueves 4 de marzo\u00bb, indic\u00f3 el mi\u00e9rcoles en Twitter la polic\u00eda del Capitolio.<\/p>\n<h3>El movimiento QAnon<\/h3>\n<p>Miembros del movimiento conspirativo QAnon dan una importancia simb\u00f3lica al 4 de marzo, la fecha en la que los presidentes estadounidenses juraban el cargo hasta 1933. Ese grupo se niega a aceptar la victoria electoral del dem\u00f3crata Joe Biden y consideran que Trump debe ser investido para un segundo mandato este jueves.<\/p>\n<p>&nbsp;<\/p>\n<p>Durante la presidencia de Trump, el movimiento QAnon impuls\u00f3 la idea de que el republicano salvar\u00eda al mundo de una<em> \u00ab\u00e9lite compuestas por ped\u00f3filos satanistas\u00bb<\/em>. Las grandes redes sociales vetaron al grupo, lo que hace m\u00e1s dif\u00edcil seguir la actividad de sus miembros.<\/p>\n<p>&nbsp;<\/p>\n<p>Muchos de ellos se desalentaron tras el fracaso del asalto del 6 de enero, y su capacidad de movilizaci\u00f3n es incierta.<\/p>\n<p>&nbsp;<\/p>\n<p>Pero este jueves por la ma\u00f1ana, las calles estaban casi desiertas, muy lejos de la agitaci\u00f3n previa al d\u00eda del ataque al Congreso.<\/p>\n<p>&nbsp;<\/p>\n<p>(Publicada el 05\/03\/20021 \/EFE)<\/p>\n","protected":false},"excerpt":{"rendered":"<p>WASHINGTON, ESTADOS UNIDOS. \u2014 El Congreso de Estados Unidos se hallaba bajo fuertes medidas de&#8230;<\/p>\n","protected":false},"author":1,"featured_media":108369,"comment_status":"open","ping_status":"open","sticky":false,"template":"","format":"standard","meta":{"_monsterinsights_skip_tracking":false,"_monsterinsights_sitenote_active":false,"_monsterinsights_sitenote_note":"","_monsterinsights_sitenote_category":0,"footnotes":""},"categories":[3],"tags":[],"class_list":["post"],"yoast_head":" \n<title>Sonora en Equipo. El Capitolio refuerza seguridad por nueva amenaza extremista MUNDO<\/title>\n<meta name=\"description\" content=\"WASHINGTON, ESTADOS UNIDOS. \u2014 El Congreso de Estados Unidos se hallaba bajo fuertes medidas de Seguridad este jueves (04.03.2021), un d\u00eda despu\u00e9s de que En Sonora en Equipo publicamos toda la informaci\u00f3n de Sonora, M\u00e9xico y el Mundo de manera oportuna y busca que la libertad de expresi\u00f3n sea real. Visita nuestro medio informativo publicado desde Hermosillo, Sonora. %\" \/>\n<meta name=\"robots\" content=\"index, follow, max-snippet:-1, max-image-preview:large, max-video-preview:-1\" \/>\n<link rel=\"canonical\" href=\"https:\/\/www.sonoraenequipo.com.mx\/el-capitolio-refuerza-seguridad-por-nueva-amenaza-extremista\/\" \/>\n<meta property=\"og:locale\" content=\"es_ES\" \/>\n<meta property=\"og:type\" content=\"article\" \/>\n<meta property=\"og:title\" content=\"Sonora en Equipo. El Capitolio refuerza seguridad por nueva amenaza extremista MUNDO\" \/>\n<meta property=\"og:description\" content=\"WASHINGTON, ESTADOS UNIDOS. \u2014 El Congreso de Estados Unidos se hallaba bajo fuertes medidas de Seguridad este jueves (04.03.2021), un d\u00eda despu\u00e9s de que En Sonora en Equipo publicamos toda la informaci\u00f3n de Sonora, M\u00e9xico y el Mundo de manera oportuna y busca que la libertad de expresi\u00f3n sea real. Visita nuestro medio informativo publicado desde Hermosillo, Sonora. %\" \/>\n<meta property=\"og:url\" content=\"https:\/\/www.sonoraenequipo.com.mx\/el-capitolio-refuerza-seguridad-por-nueva-amenaza-extremista\/\" \/>\n<meta property=\"og:site_name\" content=\"Sonora en Equipo.\" \/>\n<meta property=\"article:publisher\" content=\"https:\/\/www.facebook.com\/SonoraEE\/\" \/>\n<meta property=\"article:author\" content=\"https:\/\/www.facebook.com\/SonoraEE\" \/>\n<meta property=\"article:published_time\" content=\"2021-03-05T13:30:17+00:00\" \/>\n<meta property=\"og:image\" content=\"https:\/\/www.sonoraenequipo.com.mx\/storage\/2021\/03\/capitolio-y-la-nueva-amenaza_opt1.jpg\" \/>\n\t<meta property=\"og:image:width\" content=\"711\" \/>\n\t<meta property=\"og:image:height\" content=\"400\" \/>\n\t<meta property=\"og:image:type\" content=\"image\/jpeg\" \/>\n<meta name=\"author\" content=\"enequipo\" \/>\n<meta name=\"twitter:card\" content=\"summary_large_image\" \/>\n<meta name=\"twitter:creator\" content=\"@sonoraenequipo\" \/>\n<meta name=\"twitter:site\" content=\"@sonoraenequipo\" \/>\n<meta name=\"twitter:label1\" content=\"Escrito por\" \/>\n\t<meta name=\"twitter:data1\" content=\"enequipo\" \/>\n\t<meta name=\"twitter:label2\" content=\"Tiempo de lectura\" \/>\n\t<meta name=\"twitter:data2\" content=\"2 minutos\" \/>\n<script type=\"application\/ld+json\" class=\"yoast-schema-graph\">{\"@context\":\"https:\/\/schema.org\",\"@graph\":[{\"@type\":\"Article\",\"@id\":\"https:\/\/www.sonoraenequipo.com.mx\/el-capitolio-refuerza-seguridad-por-nueva-amenaza-extremista\/#article\",\"isPartOf\":{\"@id\":\"https:\/\/www.sonoraenequipo.com.mx\/el-capitolio-refuerza-seguridad-por-nueva-amenaza-extremista\/\"},\"author\":{\"name\":\"enequipo\",\"@id\":\"https:\/\/www.sonoraenequipo.com.mx\/#\/schema\/person\/50102df0fb23a8fa9e8effad8fa81386\"},\"headline\":\"El Capitolio refuerza seguridad por nueva amenaza extremista\",\"datePublished\":\"2021-03-05T13:30:17+00:00\",\"mainEntityOfPage\":{\"@id\":\"https:\/\/www.sonoraenequipo.com.mx\/el-capitolio-refuerza-seguridad-por-nueva-amenaza-extremista\/\"},\"wordCount\":437,\"commentCount\":0,\"publisher\":{\"@id\":\"https:\/\/www.sonoraenequipo.com.mx\/#organization\"},\"image\":{\"@id\":\"https:\/\/www.sonoraenequipo.com.mx\/el-capitolio-refuerza-seguridad-por-nueva-amenaza-extremista\/#primaryimage\"},\"thumbnailUrl\":\"https:\/\/www.sonoraenequipo.com.mx\/storage\/2021\/03\/capitolio-y-la-nueva-amenaza_opt1.jpg\",\"articleSection\":[\"MUNDO\"],\"inLanguage\":\"es\",\"potentialAction\":[{\"@type\":\"CommentAction\",\"name\":\"Comment\",\"target\":[\"https:\/\/www.sonoraenequipo.com.mx\/el-capitolio-refuerza-seguridad-por-nueva-amenaza-extremista\/#respond\"]}]},{\"@type\":\"WebPage\",\"@id\":\"https:\/\/www.sonoraenequipo.com.mx\/el-capitolio-refuerza-seguridad-por-nueva-amenaza-extremista\/\",\"url\":\"https:\/\/www.sonoraenequipo.com.mx\/el-capitolio-refuerza-seguridad-por-nueva-amenaza-extremista\/\",\"name\":\"Sonora en Equipo. El Capitolio refuerza seguridad por nueva amenaza extremista MUNDO\",\"isPartOf\":{\"@id\":\"https:\/\/www.sonoraenequipo.com.mx\/#website\"},\"primaryImageOfPage\":{\"@id\":\"https:\/\/www.sonoraenequipo.com.mx\/el-capitolio-refuerza-seguridad-por-nueva-amenaza-extremista\/#primaryimage\"},\"image\":{\"@id\":\"https:\/\/www.sonoraenequipo.com.mx\/el-capitolio-refuerza-seguridad-por-nueva-amenaza-extremista\/#primaryimage\"},\"thumbnailUrl\":\"https:\/\/www.sonoraenequipo.com.mx\/storage\/2021\/03\/capitolio-y-la-nueva-amenaza_opt1.jpg\",\"datePublished\":\"2021-03-05T13:30:17+00:00\",\"description\":\"WASHINGTON, ESTADOS UNIDOS. \u2014 El Congreso de Estados Unidos se hallaba bajo fuertes medidas de Seguridad este jueves (04.03.2021), un d\u00eda despu\u00e9s de que En Sonora en Equipo publicamos toda la informaci\u00f3n de Sonora, M\u00e9xico y el Mundo de manera oportuna y busca que la libertad de expresi\u00f3n sea real. Visita nuestro medio informativo publicado desde Hermosillo, Sonora. %\",\"breadcrumb\":{\"@id\":\"https:\/\/www.sonoraenequipo.com.mx\/el-capitolio-refuerza-seguridad-por-nueva-amenaza-extremista\/#breadcrumb\"},\"inLanguage\":\"es\",\"potentialAction\":[{\"@type\":\"ReadAction\",\"target\":[\"https:\/\/www.sonoraenequipo.com.mx\/el-capitolio-refuerza-seguridad-por-nueva-amenaza-extremista\/\"]}]},{\"@type\":\"ImageObject\",\"inLanguage\":\"es\",\"@id\":\"https:\/\/www.sonoraenequipo.com.mx\/el-capitolio-refuerza-seguridad-por-nueva-amenaza-extremista\/#primaryimage\",\"url\":\"https:\/\/www.sonoraenequipo.com.mx\/storage\/2021\/03\/capitolio-y-la-nueva-amenaza_opt1.jpg\",\"contentUrl\":\"https:\/\/www.sonoraenequipo.com.mx\/storage\/2021\/03\/capitolio-y-la-nueva-amenaza_opt1.jpg\",\"width\":711,\"height\":400},{\"@type\":\"BreadcrumbList\",\"@id\":\"https:\/\/www.sonoraenequipo.com.mx\/el-capitolio-refuerza-seguridad-por-nueva-amenaza-extremista\/#breadcrumb\",\"itemListElement\":[{\"@type\":\"ListItem\",\"position\":1,\"name\":\"Portada\",\"item\":\"https:\/\/www.sonoraenequipo.com.mx\/\"},{\"@type\":\"ListItem\",\"position\":2,\"name\":\"El Capitolio refuerza seguridad por nueva amenaza extremista\"}]},{\"@type\":\"WebSite\",\"@id\":\"https:\/\/www.sonoraenequipo.com.mx\/#website\",\"url\":\"https:\/\/www.sonoraenequipo.com.mx\/\",\"name\":\"Sonora en Equipo.\",\"description\":\"Diario en l\u00ednea con Noticias desde Hermosillo, Sonora\",\"publisher\":{\"@id\":\"https:\/\/www.sonoraenequipo.com.mx\/#organization\"},\"potentialAction\":[{\"@type\":\"SearchAction\",\"target\":{\"@type\":\"EntryPoint\",\"urlTemplate\":\"https:\/\/www.sonoraenequipo.com.mx\/?s={search_term_string}\"},\"query-input\":{\"@type\":\"PropertyValueSpecification\",\"valueRequired\":true,\"valueName\":\"search_term_string\"}}],\"inLanguage\":\"es\"},{\"@type\":\"Organization\",\"@id\":\"https:\/\/www.sonoraenequipo.com.mx\/#organization\",\"name\":\"Sonoraenequipo.com.mx\",\"url\":\"https:\/\/www.sonoraenequipo.com.mx\/\",\"logo\":{\"@type\":\"ImageObject\",\"inLanguage\":\"es\",\"@id\":\"https:\/\/www.sonoraenequipo.com.mx\/#\/schema\/logo\/image\/\",\"url\":\"https:\/\/www.sonoraenequipo.com.mx\/storage\/2019\/01\/sonoraenequipo_opt.png\",\"contentUrl\":\"https:\/\/www.sonoraenequipo.com.mx\/storage\/2019\/01\/sonoraenequipo_opt.png\",\"width\":375,\"height\":125,\"caption\":\"Sonoraenequipo.com.mx\"},\"image\":{\"@id\":\"https:\/\/www.sonoraenequipo.com.mx\/#\/schema\/logo\/image\/\"},\"sameAs\":[\"https:\/\/www.facebook.com\/SonoraEE\/\",\"https:\/\/x.com\/sonoraenequipo\",\"https:\/\/www.youtube.com\/channel\/UC338nW-lPEYmJQs4ZABQ1SQ\"]},{\"@type\":\"Person\",\"@id\":\"https:\/\/www.sonoraenequipo.com.mx\/#\/schema\/person\/50102df0fb23a8fa9e8effad8fa81386\",\"name\":\"enequipo\",\"image\":{\"@type\":\"ImageObject\",\"inLanguage\":\"es\",\"@id\":\"https:\/\/www.sonoraenequipo.com.mx\/#\/schema\/person\/image\/\",\"url\":\"https:\/\/secure.gravatar.com\/avatar\/049821681b589dabc0bc20695993ccebb09f5b5d4d790cd9251b97faac7c652b?s=96&d=blank&r=g\",\"contentUrl\":\"https:\/\/secure.gravatar.com\/avatar\/049821681b589dabc0bc20695993ccebb09f5b5d4d790cd9251b97faac7c652b?s=96&d=blank&r=g\",\"caption\":\"enequipo\"},\"sameAs\":[\"https:\/\/www.facebook.com\/SonoraEE\"]}]}<\/script>\n ","yoast_head_json":{"title":"Sonora en Equipo. El Capitolio refuerza seguridad por nueva amenaza extremista MUNDO","description":"WASHINGTON, ESTADOS UNIDOS. \u2014 El Congreso de Estados Unidos se hallaba bajo fuertes medidas de Seguridad este jueves (04.03.2021), un d\u00eda despu\u00e9s de que En Sonora en Equipo publicamos toda la informaci\u00f3n de Sonora, M\u00e9xico y el Mundo de manera oportuna y busca que la libertad de expresi\u00f3n sea real. Visita nuestro medio informativo publicado desde Hermosillo, Sonora. %","robots":{"index":"index","follow":"follow","max-snippet":"max-snippet:-1","max-image-preview":"max-image-preview:large","max-video-preview":"max-video-preview:-1"},"canonical":"https:\/\/www.sonoraenequipo.com.mx\/el-capitolio-refuerza-seguridad-por-nueva-amenaza-extremista\/","og_locale":"es_ES","og_type":"article","og_title":"Sonora en Equipo. El Capitolio refuerza seguridad por nueva amenaza extremista MUNDO","og_description":"WASHINGTON, ESTADOS UNIDOS. \u2014 El Congreso de Estados Unidos se hallaba bajo fuertes medidas de Seguridad este jueves (04.03.2021), un d\u00eda despu\u00e9s de que En Sonora en Equipo publicamos toda la informaci\u00f3n de Sonora, M\u00e9xico y el Mundo de manera oportuna y busca que la libertad de expresi\u00f3n sea real. Visita nuestro medio informativo publicado desde Hermosillo, Sonora. %","og_url":"https:\/\/www.sonoraenequipo.com.mx\/el-capitolio-refuerza-seguridad-por-nueva-amenaza-extremista\/","og_site_name":"Sonora en Equipo.","article_publisher":"https:\/\/www.facebook.com\/SonoraEE\/","article_author":"https:\/\/www.facebook.com\/SonoraEE","article_published_time":"2021-03-05T13:30:17+00:00","og_image":[{"width":711,"height":400,"url":"https:\/\/www.sonoraenequipo.com.mx\/storage\/2021\/03\/capitolio-y-la-nueva-amenaza_opt1.jpg","type":"image\/jpeg"}],"author":"enequipo","twitter_card":"summary_large_image","twitter_creator":"@sonoraenequipo","twitter_site":"@sonoraenequipo","twitter_misc":{"Escrito por":"enequipo","Tiempo de lectura":"2 minutos"},"schema":{"@context":"https:\/\/schema.org","@graph":[{"@type":"Article","@id":"https:\/\/www.sonoraenequipo.com.mx\/el-capitolio-refuerza-seguridad-por-nueva-amenaza-extremista\/#article","isPartOf":{"@id":"https:\/\/www.sonoraenequipo.com.mx\/el-capitolio-refuerza-seguridad-por-nueva-amenaza-extremista\/"},"author":{"name":"enequipo","@id":"https:\/\/www.sonoraenequipo.com.mx\/#\/schema\/person\/50102df0fb23a8fa9e8effad8fa81386"},"headline":"El Capitolio refuerza seguridad por nueva amenaza extremista","datePublished":"2021-03-05T13:30:17+00:00","mainEntityOfPage":{"@id":"https:\/\/www.sonoraenequipo.com.mx\/el-capitolio-refuerza-seguridad-por-nueva-amenaza-extremista\/"},"wordCount":437,"commentCount":0,"publisher":{"@id":"https:\/\/www.sonoraenequipo.com.mx\/#organization"},"image":{"@id":"https:\/\/www.sonoraenequipo.com.mx\/el-capitolio-refuerza-seguridad-por-nueva-amenaza-extremista\/#primaryimage"},"thumbnailUrl":"https:\/\/www.sonoraenequipo.com.mx\/storage\/2021\/03\/capitolio-y-la-nueva-amenaza_opt1.jpg","articleSection":["MUNDO"],"inLanguage":"es","potentialAction":[{"@type":"CommentAction","name":"Comment","target":["https:\/\/www.sonoraenequipo.com.mx\/el-capitolio-refuerza-seguridad-por-nueva-amenaza-extremista\/#respond"]}]},{"@type":"WebPage","@id":"https:\/\/www.sonoraenequipo.com.mx\/el-capitolio-refuerza-seguridad-por-nueva-amenaza-extremista\/","url":"https:\/\/www.sonoraenequipo.com.mx\/el-capitolio-refuerza-seguridad-por-nueva-amenaza-extremista\/","name":"Sonora en Equipo. El Capitolio refuerza seguridad por nueva amenaza extremista MUNDO","isPartOf":{"@id":"https:\/\/www.sonoraenequipo.com.mx\/#website"},"primaryImageOfPage":{"@id":"https:\/\/www.sonoraenequipo.com.mx\/el-capitolio-refuerza-seguridad-por-nueva-amenaza-extremista\/#primaryimage"},"image":{"@id":"https:\/\/www.sonoraenequipo.com.mx\/el-capitolio-refuerza-seguridad-por-nueva-amenaza-extremista\/#primaryimage"},"thumbnailUrl":"https:\/\/www.sonoraenequipo.com.mx\/storage\/2021\/03\/capitolio-y-la-nueva-amenaza_opt1.jpg","datePublished":"2021-03-05T13:30:17+00:00","description":"WASHINGTON, ESTADOS UNIDOS. \u2014 El Congreso de Estados Unidos se hallaba bajo fuertes medidas de Seguridad este jueves (04.03.2021), un d\u00eda despu\u00e9s de que En Sonora en Equipo publicamos toda la informaci\u00f3n de Sonora, M\u00e9xico y el Mundo de manera oportuna y busca que la libertad de expresi\u00f3n sea real. Visita nuestro medio informativo publicado desde Hermosillo, Sonora. %","breadcrumb":{"@id":"https:\/\/www.sonoraenequipo.com.mx\/el-capitolio-refuerza-seguridad-por-nueva-amenaza-extremista\/#breadcrumb"},"inLanguage":"es","potentialAction":[{"@type":"ReadAction","target":["https:\/\/www.sonoraenequipo.com.mx\/el-capitolio-refuerza-seguridad-por-nueva-amenaza-extremista\/"]}]},{"@type":"ImageObject","inLanguage":"es","@id":"https:\/\/www.sonoraenequipo.com.mx\/el-capitolio-refuerza-seguridad-por-nueva-amenaza-extremista\/#primaryimage","url":"https:\/\/www.sonoraenequipo.com.mx\/storage\/2021\/03\/capitolio-y-la-nueva-amenaza_opt1.jpg","contentUrl":"https:\/\/www.sonoraenequipo.com.mx\/storage\/2021\/03\/capitolio-y-la-nueva-amenaza_opt1.jpg","width":711,"height":400},{"@type":"BreadcrumbList","@id":"https:\/\/www.sonoraenequipo.com.mx\/el-capitolio-refuerza-seguridad-por-nueva-amenaza-extremista\/#breadcrumb","itemListElement":[{"@type":"ListItem","position":1,"name":"Portada","item":"https:\/\/www.sonoraenequipo.com.mx\/"},{"@type":"ListItem","position":2,"name":"El Capitolio refuerza seguridad por nueva amenaza extremista"}]},{"@type":"WebSite","@id":"https:\/\/www.sonoraenequipo.com.mx\/#website","url":"https:\/\/www.sonoraenequipo.com.mx\/","name":"Sonora en Equipo.","description":"Diario en l\u00ednea con Noticias desde Hermosillo, Sonora","publisher":{"@id":"https:\/\/www.sonoraenequipo.com.mx\/#organization"},"potentialAction":[{"@type":"SearchAction","target":{"@type":"EntryPoint","urlTemplate":"https:\/\/www.sonoraenequipo.com.mx\/?s={search_term_string}"},"query-input":{"@type":"PropertyValueSpecification","valueRequired":true,"valueName":"search_term_string"}}],"inLanguage":"es"},{"@type":"Organization","@id":"https:\/\/www.sonoraenequipo.com.mx\/#organization","name":"Sonoraenequipo.com.mx","url":"https:\/\/www.sonoraenequipo.com.mx\/","logo":{"@type":"ImageObject","inLanguage":"es","@id":"https:\/\/www.sonoraenequipo.com.mx\/#\/schema\/logo\/image\/","url":"https:\/\/www.sonoraenequipo.com.mx\/storage\/2019\/01\/sonoraenequipo_opt.png","contentUrl":"https:\/\/www.sonoraenequipo.com.mx\/storage\/2019\/01\/sonoraenequipo_opt.png","width":375,"height":125,"caption":"Sonoraenequipo.com.mx"},"image":{"@id":"https:\/\/www.sonoraenequipo.com.mx\/#\/schema\/logo\/image\/"},"sameAs":["https:\/\/www.facebook.com\/SonoraEE\/","https:\/\/x.com\/sonoraenequipo","https:\/\/www.youtube.com\/channel\/UC338nW-lPEYmJQs4ZABQ1SQ"]},{"@type":"Person","@id":"https:\/\/www.sonoraenequipo.com.mx\/#\/schema\/person\/50102df0fb23a8fa9e8effad8fa81386","name":"enequipo","image":{"@type":"ImageObject","inLanguage":"es","@id":"https:\/\/www.sonoraenequipo.com.mx\/#\/schema\/person\/image\/","url":"https:\/\/secure.gravatar.com\/avatar\/049821681b589dabc0bc20695993ccebb09f5b5d4d790cd9251b97faac7c652b?s=96&d=blank&r=g","contentUrl":"https:\/\/secure.gravatar.com\/avatar\/049821681b589dabc0bc20695993ccebb09f5b5d4d790cd9251b97faac7c652b?s=96&d=blank&r=g","caption":"enequipo"},"sameAs":["https:\/\/www.facebook.com\/SonoraEE"]}]}},"jetpack_featured_media_url":"https:\/\/www.sonoraenequipo.com.mx\/storage\/2021\/03\/capitolio-y-la-nueva-amenaza_opt1.jpg","_links":{"self":[{"href":"https:\/\/www.sonoraenequipo.com.mx\/api\/wp\/v2\/posts\/108368","targetHints":{"allow":["GET"]}}],"collection":[{"href":"https:\/\/www.sonoraenequipo.com.mx\/api\/wp\/v2\/posts"}],"about":[{"href":"https:\/\/www.sonoraenequipo.com.mx\/api\/wp\/v2\/types\/post"}],"author":[{"embeddable":true,"href":"https:\/\/www.sonoraenequipo.com.mx\/api\/wp\/v2\/users\/1"}],"replies":[{"embeddable":true,"href":"https:\/\/www.sonoraenequipo.com.mx\/api\/wp\/v2\/comments?post=108368"}],"version-history":[{"count":2,"href":"https:\/\/www.sonoraenequipo.com.mx\/api\/wp\/v2\/posts\/108368\/revisions"}],"predecessor-version":[{"id":108371,"href":"https:\/\/www.sonoraenequipo.com.mx\/api\/wp\/v2\/posts\/108368\/revisions\/108371"}],"wp:featuredmedia":[{"embeddable":true,"href":"https:\/\/www.sonoraenequipo.com.mx\/api\/wp\/v2\/media\/108369"}],"wp:attachment":[{"href":"https:\/\/www.sonoraenequipo.com.mx\/api\/wp\/v2\/media?parent=108368"}],"wp:term":[{"taxonomy":"category","embeddable":true,"href":"https:\/\/www.sonoraenequipo.com.mx\/api\/wp\/v2\/categories?post=108368"},{"taxonomy":"post_tag","embeddable":true,"href":"https:\/\/www.sonoraenequipo.com.mx\/api\/wp\/v2\/tags?post=108368"}],"curies":[{"name":"wp","href":"https:\/\/api.w.org\/{rel}","templated":true}]}}