{"id":108372,"date":"2021-03-05T05:28:34","date_gmt":"2021-03-05T12:28:34","guid":{"rendered":"https:\/\/www.sonoraenequipo.com.mx\/?p=108372"},"modified":"2021-03-05T02:30:10","modified_gmt":"2021-03-05T09:30:10","slug":"panam-lanza-tenis-feministas-por-el-8m-y-genera-polemica-en-redes-sociales","status":"publish","type":"post","link":"https:\/\/www.sonoraenequipo.com.mx\/panam-lanza-tenis-feministas-por-el-8m-y-genera-polemica-en-redes-sociales\/","title":{"rendered":"Panam lanza tenis \u201cfeministas\u201d por el 8M y genera pol\u00e9mica en redes sociales"},"content":{"rendered":"<p>CIUDAD DE M\u00c9XICO. MX. \u2014 La marca mexicana Panam ha causado controversia en redes sociales despu\u00e9s de que lanzara una nueva colecci\u00f3n de tenis, misma que estuvo inspirada en el D\u00eda de la Mujer y las protestas que se realizan, en d\u00edas como el 8 de marzo, para pedir justicia y equidad.<\/p>\n<p>&nbsp;<\/p>\n<p> <\/p>\n<p>&nbsp;<\/p>\n<p>A trav\u00e9s de sus redes sociales, Panam subi\u00f3 im\u00e1genes de su nueva colecci\u00f3n de tenis, los cuales pod\u00edan verse en color blanco, morado y rosa con frases como \u201cel violador eres t\u00fa\u201d, \u201cni una m\u00e1s\u201d o \u201cno est\u00e1s sola\u201d, mismas que han generado eco desde a\u00f1os atr\u00e1s.<\/p>\n<p>&nbsp;<\/p>\n<p>Adem\u00e1s de las im\u00e1genes de los tenis, en su publicaci\u00f3n de Twitter Panam tambi\u00e9n escribi\u00f3 lo siguiente:<\/p>\n<p>&nbsp;<\/p>\n<p>\u201c\u00a1En\u00f3jate! Grita, expr\u00e9sate, en\u00f3jate, tienes todo el derecho y nosotros la obligaci\u00f3n de escucharte, solo as\u00ed cambiar\u00e1 el entorno.<\/p>\n<p>&nbsp;<\/p>\n<p>\u201cEl 70% de Panam somos mujeres. El otro 30% feministas. En Panam somos feministas\u201d, public\u00f3 la marca mexicana.<\/p>\n<p>&nbsp;<\/p>\n<p>Adem\u00e1s, la marca mexicana en Instagram agreg\u00f3:<\/p>\n<p>&nbsp;<\/p>\n<p>\u201cEn\u00f3jate y vu\u00e9lvete a enojar. Tienes raz\u00f3n, adem\u00e1s tu enojo sirve y mucho. En nombre de tod@s y el por el bien de tod@s. \u00a1En\u00f3jate!<\/p>\n<p>&nbsp;<\/p>\n<p>\u201c\u00a1Ya sup\u00e9ralo, mujer! S\u00ed, ya supera a ese hombre abusador, macho e ignorante. Sup\u00e9ralo en todo. S\u00e9 m\u00e1s que \u00e9l. Gana m\u00e1s dinero que \u00e9l.<\/p>\n<p>&nbsp;<\/p>\n<p>Disfruta m\u00e1s la vida que \u00e9l. Porque t\u00fa eres mejor, superior. \u00a1Sup\u00e9ralo, mujer!<\/p>\n<p>&nbsp;<\/p>\n<p>Estamos a favor de la igualdad, ning\u00fan ser humano debe privarse de ning\u00fan bien o derecho a causa de su seo. Nos pronunciamos absolutamente en contra de la dominaci\u00f3n y violencia de los varones sobre las mujeres\u201d<\/p>\n<p>&nbsp;<\/p>\n<p>Tras sus publicaciones, Panam ha recibido una serie de cr\u00edticas por parte de los usuarios en redes.<\/p>\n<p>&nbsp;<\/p>\n<p><em>\u201cMientras en M\u00e9xico 10 mujeres son asesinados cada d\u00eda, el capitalismo de consignas aprovecha que se acerca el #8M para lanzar una estrategia publicitaria que lucra con el dolor y con la rabia de quienes diariamente vivimos las violencias del sistema patriarcal\u201d,<\/em> escribi\u00f3 en Twitter la cuenta Feminicidio en M\u00e9xico.<\/p>\n<p>&nbsp;<\/p>\n<p><em>\u201cQu\u00e9 feo que PANAM sea de esas empresas que no es consciente de la responsabilidad social que un post as\u00ed implica\u201d y \u201clos de Panam colg\u00e1ndose del feminismo sin entenderlo y con el \u00fanico prop\u00f3sito de vender m\u00e1s tenis\u2026 como aquellos feministas de ocasi\u00f3n en la b\u00fasqueda de votos\u201d<\/em>, fueron algunos de los comentarios que la marca recibi\u00f3 en redes.<\/p>\n<p>&nbsp;<\/p>\n<p>https:\/\/twitter.com\/rochaperiodista<\/p>\n<p>&nbsp;<\/p>\n<p>Otros usuarios utilizaron la controversia generada por Panam para comparar lo hecho por la empresa mexicana con otras marcas de reconocimiento mundial. <em>\u201cLo \u00fanico que hizo Panam fue ser una marca mexicana, si esto lo hubiera hecho Adidas o Nike se estar\u00edan vendiendo tres veces m\u00e1s caro\u201c<\/em>, expres\u00f3 un usuario.<\/p>\n<p><a class=\"twitter-timeline\" data-width=\"640\" data-height=\"960\" data-dnt=\"true\" href=\"https:\/\/twitter.com\/Seputv?ref_src=twsrc%5Etfw\">Tweets by Seputv<\/a><script async src=\"https:\/\/platform.twitter.com\/widgets.js\" charset=\"utf-8\"><\/script><\/p>\n<p><strong>Debido a la pol\u00e9mica generada, las publicaciones de Panam en redes sociales fueron eliminadas. La marca no se ha pronunciado al respecto.<\/strong><\/p>\n<p><a class=\"twitter-timeline\" data-width=\"640\" data-height=\"960\" data-dnt=\"true\" href=\"https:\/\/twitter.com\/feminicidiomx?ref_src=twsrc%5Etfw\">Tweets by feminicidiomx<\/a><script async src=\"https:\/\/platform.twitter.com\/widgets.js\" charset=\"utf-8\"><\/script><\/p>\n<p>&nbsp;<\/p>\n<p>&nbsp;<\/p>\n<p>(Publicada el 05\/03\/2021)<\/p>\n","protected":false},"excerpt":{"rendered":"<p>CIUDAD DE M\u00c9XICO. MX. \u2014 La marca mexicana Panam ha causado controversia en redes sociales&#8230;<\/p>\n","protected":false},"author":1,"featured_media":108373,"comment_status":"open","ping_status":"open","sticky":false,"template":"","format":"standard","meta":{"_monsterinsights_skip_tracking":false,"_monsterinsights_sitenote_active":false,"_monsterinsights_sitenote_note":"","_monsterinsights_sitenote_category":0,"footnotes":""},"categories":[5],"tags":[],"class_list":["post"],"yoast_head":" \n<title>Sonora en Equipo. Panam lanza tenis \u201cfeministas\u201d por el 8M y genera pol\u00e9mica en redes sociales Rep\u00fablica<\/title>\n<meta name=\"description\" content=\"CIUDAD DE M\u00c9XICO. MX. \u2014 La marca mexicana Panam ha causado controversia en redes sociales despu\u00e9s de que lanzara una nueva colecci\u00f3n de tenis, misma que En Sonora en Equipo publicamos toda la informaci\u00f3n de Sonora, M\u00e9xico y el Mundo de manera oportuna y busca que la libertad de expresi\u00f3n sea real. Visita nuestro medio informativo publicado desde Hermosillo, Sonora. %\" \/>\n<meta name=\"robots\" content=\"index, follow, max-snippet:-1, max-image-preview:large, max-video-preview:-1\" \/>\n<link rel=\"canonical\" href=\"https:\/\/www.sonoraenequipo.com.mx\/panam-lanza-tenis-feministas-por-el-8m-y-genera-polemica-en-redes-sociales\/\" \/>\n<meta property=\"og:locale\" content=\"es_ES\" \/>\n<meta property=\"og:type\" content=\"article\" \/>\n<meta property=\"og:title\" content=\"Sonora en Equipo. Panam lanza tenis \u201cfeministas\u201d por el 8M y genera pol\u00e9mica en redes sociales Rep\u00fablica\" \/>\n<meta property=\"og:description\" content=\"CIUDAD DE M\u00c9XICO. MX. \u2014 La marca mexicana Panam ha causado controversia en redes sociales despu\u00e9s de que lanzara una nueva colecci\u00f3n de tenis, misma que En Sonora en Equipo publicamos toda la informaci\u00f3n de Sonora, M\u00e9xico y el Mundo de manera oportuna y busca que la libertad de expresi\u00f3n sea real. Visita nuestro medio informativo publicado desde Hermosillo, Sonora. %\" \/>\n<meta property=\"og:url\" content=\"https:\/\/www.sonoraenequipo.com.mx\/panam-lanza-tenis-feministas-por-el-8m-y-genera-polemica-en-redes-sociales\/\" \/>\n<meta property=\"og:site_name\" content=\"Sonora en Equipo.\" \/>\n<meta property=\"article:publisher\" content=\"https:\/\/www.facebook.com\/SonoraEE\/\" \/>\n<meta property=\"article:author\" content=\"https:\/\/www.facebook.com\/SonoraEE\" \/>\n<meta property=\"article:published_time\" content=\"2021-03-05T12:28:34+00:00\" \/>\n<meta property=\"og:image\" content=\"https:\/\/www.sonoraenequipo.com.mx\/storage\/2021\/03\/panam-lanza-tenis-feministas_opt.jpg\" \/>\n\t<meta property=\"og:image:width\" content=\"714\" \/>\n\t<meta property=\"og:image:height\" content=\"400\" \/>\n\t<meta property=\"og:image:type\" content=\"image\/jpeg\" \/>\n<meta name=\"author\" content=\"enequipo\" \/>\n<meta name=\"twitter:card\" content=\"summary_large_image\" \/>\n<meta name=\"twitter:creator\" content=\"@sonoraenequipo\" \/>\n<meta name=\"twitter:site\" content=\"@sonoraenequipo\" \/>\n<meta name=\"twitter:label1\" content=\"Escrito por\" \/>\n\t<meta name=\"twitter:data1\" content=\"enequipo\" \/>\n\t<meta name=\"twitter:label2\" content=\"Tiempo de lectura\" \/>\n\t<meta name=\"twitter:data2\" content=\"3 minutos\" \/>\n<script type=\"application\/ld+json\" class=\"yoast-schema-graph\">{\"@context\":\"https:\/\/schema.org\",\"@graph\":[{\"@type\":\"Article\",\"@id\":\"https:\/\/www.sonoraenequipo.com.mx\/panam-lanza-tenis-feministas-por-el-8m-y-genera-polemica-en-redes-sociales\/#article\",\"isPartOf\":{\"@id\":\"https:\/\/www.sonoraenequipo.com.mx\/panam-lanza-tenis-feministas-por-el-8m-y-genera-polemica-en-redes-sociales\/\"},\"author\":{\"name\":\"enequipo\",\"@id\":\"https:\/\/www.sonoraenequipo.com.mx\/#\/schema\/person\/50102df0fb23a8fa9e8effad8fa81386\"},\"headline\":\"Panam lanza tenis \u201cfeministas\u201d por el 8M y genera pol\u00e9mica en redes sociales\",\"datePublished\":\"2021-03-05T12:28:34+00:00\",\"mainEntityOfPage\":{\"@id\":\"https:\/\/www.sonoraenequipo.com.mx\/panam-lanza-tenis-feministas-por-el-8m-y-genera-polemica-en-redes-sociales\/\"},\"wordCount\":549,\"commentCount\":0,\"publisher\":{\"@id\":\"https:\/\/www.sonoraenequipo.com.mx\/#organization\"},\"image\":{\"@id\":\"https:\/\/www.sonoraenequipo.com.mx\/panam-lanza-tenis-feministas-por-el-8m-y-genera-polemica-en-redes-sociales\/#primaryimage\"},\"thumbnailUrl\":\"https:\/\/www.sonoraenequipo.com.mx\/storage\/2021\/03\/panam-lanza-tenis-feministas_opt.jpg\",\"articleSection\":[\"Rep\u00fablica\"],\"inLanguage\":\"es\",\"potentialAction\":[{\"@type\":\"CommentAction\",\"name\":\"Comment\",\"target\":[\"https:\/\/www.sonoraenequipo.com.mx\/panam-lanza-tenis-feministas-por-el-8m-y-genera-polemica-en-redes-sociales\/#respond\"]}]},{\"@type\":\"WebPage\",\"@id\":\"https:\/\/www.sonoraenequipo.com.mx\/panam-lanza-tenis-feministas-por-el-8m-y-genera-polemica-en-redes-sociales\/\",\"url\":\"https:\/\/www.sonoraenequipo.com.mx\/panam-lanza-tenis-feministas-por-el-8m-y-genera-polemica-en-redes-sociales\/\",\"name\":\"Sonora en Equipo. Panam lanza tenis \u201cfeministas\u201d por el 8M y genera pol\u00e9mica en redes sociales Rep\u00fablica\",\"isPartOf\":{\"@id\":\"https:\/\/www.sonoraenequipo.com.mx\/#website\"},\"primaryImageOfPage\":{\"@id\":\"https:\/\/www.sonoraenequipo.com.mx\/panam-lanza-tenis-feministas-por-el-8m-y-genera-polemica-en-redes-sociales\/#primaryimage\"},\"image\":{\"@id\":\"https:\/\/www.sonoraenequipo.com.mx\/panam-lanza-tenis-feministas-por-el-8m-y-genera-polemica-en-redes-sociales\/#primaryimage\"},\"thumbnailUrl\":\"https:\/\/www.sonoraenequipo.com.mx\/storage\/2021\/03\/panam-lanza-tenis-feministas_opt.jpg\",\"datePublished\":\"2021-03-05T12:28:34+00:00\",\"description\":\"CIUDAD DE M\u00c9XICO. MX. \u2014 La marca mexicana Panam ha causado controversia en redes sociales despu\u00e9s de que lanzara una nueva colecci\u00f3n de tenis, misma que En Sonora en Equipo publicamos toda la informaci\u00f3n de Sonora, M\u00e9xico y el Mundo de manera oportuna y busca que la libertad de expresi\u00f3n sea real. Visita nuestro medio informativo publicado desde Hermosillo, Sonora. %\",\"breadcrumb\":{\"@id\":\"https:\/\/www.sonoraenequipo.com.mx\/panam-lanza-tenis-feministas-por-el-8m-y-genera-polemica-en-redes-sociales\/#breadcrumb\"},\"inLanguage\":\"es\",\"potentialAction\":[{\"@type\":\"ReadAction\",\"target\":[\"https:\/\/www.sonoraenequipo.com.mx\/panam-lanza-tenis-feministas-por-el-8m-y-genera-polemica-en-redes-sociales\/\"]}]},{\"@type\":\"ImageObject\",\"inLanguage\":\"es\",\"@id\":\"https:\/\/www.sonoraenequipo.com.mx\/panam-lanza-tenis-feministas-por-el-8m-y-genera-polemica-en-redes-sociales\/#primaryimage\",\"url\":\"https:\/\/www.sonoraenequipo.com.mx\/storage\/2021\/03\/panam-lanza-tenis-feministas_opt.jpg\",\"contentUrl\":\"https:\/\/www.sonoraenequipo.com.mx\/storage\/2021\/03\/panam-lanza-tenis-feministas_opt.jpg\",\"width\":714,\"height\":400},{\"@type\":\"BreadcrumbList\",\"@id\":\"https:\/\/www.sonoraenequipo.com.mx\/panam-lanza-tenis-feministas-por-el-8m-y-genera-polemica-en-redes-sociales\/#breadcrumb\",\"itemListElement\":[{\"@type\":\"ListItem\",\"position\":1,\"name\":\"Portada\",\"item\":\"https:\/\/www.sonoraenequipo.com.mx\/\"},{\"@type\":\"ListItem\",\"position\":2,\"name\":\"Panam lanza tenis \u201cfeministas\u201d por el 8M y genera pol\u00e9mica en redes sociales\"}]},{\"@type\":\"WebSite\",\"@id\":\"https:\/\/www.sonoraenequipo.com.mx\/#website\",\"url\":\"https:\/\/www.sonoraenequipo.com.mx\/\",\"name\":\"Sonora en Equipo.\",\"description\":\"Diario en l\u00ednea con Noticias desde Hermosillo, Sonora\",\"publisher\":{\"@id\":\"https:\/\/www.sonoraenequipo.com.mx\/#organization\"},\"potentialAction\":[{\"@type\":\"SearchAction\",\"target\":{\"@type\":\"EntryPoint\",\"urlTemplate\":\"https:\/\/www.sonoraenequipo.com.mx\/?s={search_term_string}\"},\"query-input\":{\"@type\":\"PropertyValueSpecification\",\"valueRequired\":true,\"valueName\":\"search_term_string\"}}],\"inLanguage\":\"es\"},{\"@type\":\"Organization\",\"@id\":\"https:\/\/www.sonoraenequipo.com.mx\/#organization\",\"name\":\"Sonoraenequipo.com.mx\",\"url\":\"https:\/\/www.sonoraenequipo.com.mx\/\",\"logo\":{\"@type\":\"ImageObject\",\"inLanguage\":\"es\",\"@id\":\"https:\/\/www.sonoraenequipo.com.mx\/#\/schema\/logo\/image\/\",\"url\":\"https:\/\/www.sonoraenequipo.com.mx\/storage\/2019\/01\/sonoraenequipo_opt.png\",\"contentUrl\":\"https:\/\/www.sonoraenequipo.com.mx\/storage\/2019\/01\/sonoraenequipo_opt.png\",\"width\":375,\"height\":125,\"caption\":\"Sonoraenequipo.com.mx\"},\"image\":{\"@id\":\"https:\/\/www.sonoraenequipo.com.mx\/#\/schema\/logo\/image\/\"},\"sameAs\":[\"https:\/\/www.facebook.com\/SonoraEE\/\",\"https:\/\/x.com\/sonoraenequipo\",\"https:\/\/www.youtube.com\/channel\/UC338nW-lPEYmJQs4ZABQ1SQ\"]},{\"@type\":\"Person\",\"@id\":\"https:\/\/www.sonoraenequipo.com.mx\/#\/schema\/person\/50102df0fb23a8fa9e8effad8fa81386\",\"name\":\"enequipo\",\"image\":{\"@type\":\"ImageObject\",\"inLanguage\":\"es\",\"@id\":\"https:\/\/www.sonoraenequipo.com.mx\/#\/schema\/person\/image\/\",\"url\":\"https:\/\/secure.gravatar.com\/avatar\/049821681b589dabc0bc20695993ccebb09f5b5d4d790cd9251b97faac7c652b?s=96&d=blank&r=g\",\"contentUrl\":\"https:\/\/secure.gravatar.com\/avatar\/049821681b589dabc0bc20695993ccebb09f5b5d4d790cd9251b97faac7c652b?s=96&d=blank&r=g\",\"caption\":\"enequipo\"},\"sameAs\":[\"https:\/\/www.facebook.com\/SonoraEE\"]}]}<\/script>\n ","yoast_head_json":{"title":"Sonora en Equipo. Panam lanza tenis \u201cfeministas\u201d por el 8M y genera pol\u00e9mica en redes sociales Rep\u00fablica","description":"CIUDAD DE M\u00c9XICO. MX. \u2014 La marca mexicana Panam ha causado controversia en redes sociales despu\u00e9s de que lanzara una nueva colecci\u00f3n de tenis, misma que En Sonora en Equipo publicamos toda la informaci\u00f3n de Sonora, M\u00e9xico y el Mundo de manera oportuna y busca que la libertad de expresi\u00f3n sea real. Visita nuestro medio informativo publicado desde Hermosillo, Sonora. %","robots":{"index":"index","follow":"follow","max-snippet":"max-snippet:-1","max-image-preview":"max-image-preview:large","max-video-preview":"max-video-preview:-1"},"canonical":"https:\/\/www.sonoraenequipo.com.mx\/panam-lanza-tenis-feministas-por-el-8m-y-genera-polemica-en-redes-sociales\/","og_locale":"es_ES","og_type":"article","og_title":"Sonora en Equipo. Panam lanza tenis \u201cfeministas\u201d por el 8M y genera pol\u00e9mica en redes sociales Rep\u00fablica","og_description":"CIUDAD DE M\u00c9XICO. MX. \u2014 La marca mexicana Panam ha causado controversia en redes sociales despu\u00e9s de que lanzara una nueva colecci\u00f3n de tenis, misma que En Sonora en Equipo publicamos toda la informaci\u00f3n de Sonora, M\u00e9xico y el Mundo de manera oportuna y busca que la libertad de expresi\u00f3n sea real. Visita nuestro medio informativo publicado desde Hermosillo, Sonora. %","og_url":"https:\/\/www.sonoraenequipo.com.mx\/panam-lanza-tenis-feministas-por-el-8m-y-genera-polemica-en-redes-sociales\/","og_site_name":"Sonora en Equipo.","article_publisher":"https:\/\/www.facebook.com\/SonoraEE\/","article_author":"https:\/\/www.facebook.com\/SonoraEE","article_published_time":"2021-03-05T12:28:34+00:00","og_image":[{"width":714,"height":400,"url":"https:\/\/www.sonoraenequipo.com.mx\/storage\/2021\/03\/panam-lanza-tenis-feministas_opt.jpg","type":"image\/jpeg"}],"author":"enequipo","twitter_card":"summary_large_image","twitter_creator":"@sonoraenequipo","twitter_site":"@sonoraenequipo","twitter_misc":{"Escrito por":"enequipo","Tiempo de lectura":"3 minutos"},"schema":{"@context":"https:\/\/schema.org","@graph":[{"@type":"Article","@id":"https:\/\/www.sonoraenequipo.com.mx\/panam-lanza-tenis-feministas-por-el-8m-y-genera-polemica-en-redes-sociales\/#article","isPartOf":{"@id":"https:\/\/www.sonoraenequipo.com.mx\/panam-lanza-tenis-feministas-por-el-8m-y-genera-polemica-en-redes-sociales\/"},"author":{"name":"enequipo","@id":"https:\/\/www.sonoraenequipo.com.mx\/#\/schema\/person\/50102df0fb23a8fa9e8effad8fa81386"},"headline":"Panam lanza tenis \u201cfeministas\u201d por el 8M y genera pol\u00e9mica en redes sociales","datePublished":"2021-03-05T12:28:34+00:00","mainEntityOfPage":{"@id":"https:\/\/www.sonoraenequipo.com.mx\/panam-lanza-tenis-feministas-por-el-8m-y-genera-polemica-en-redes-sociales\/"},"wordCount":549,"commentCount":0,"publisher":{"@id":"https:\/\/www.sonoraenequipo.com.mx\/#organization"},"image":{"@id":"https:\/\/www.sonoraenequipo.com.mx\/panam-lanza-tenis-feministas-por-el-8m-y-genera-polemica-en-redes-sociales\/#primaryimage"},"thumbnailUrl":"https:\/\/www.sonoraenequipo.com.mx\/storage\/2021\/03\/panam-lanza-tenis-feministas_opt.jpg","articleSection":["Rep\u00fablica"],"inLanguage":"es","potentialAction":[{"@type":"CommentAction","name":"Comment","target":["https:\/\/www.sonoraenequipo.com.mx\/panam-lanza-tenis-feministas-por-el-8m-y-genera-polemica-en-redes-sociales\/#respond"]}]},{"@type":"WebPage","@id":"https:\/\/www.sonoraenequipo.com.mx\/panam-lanza-tenis-feministas-por-el-8m-y-genera-polemica-en-redes-sociales\/","url":"https:\/\/www.sonoraenequipo.com.mx\/panam-lanza-tenis-feministas-por-el-8m-y-genera-polemica-en-redes-sociales\/","name":"Sonora en Equipo. Panam lanza tenis \u201cfeministas\u201d por el 8M y genera pol\u00e9mica en redes sociales Rep\u00fablica","isPartOf":{"@id":"https:\/\/www.sonoraenequipo.com.mx\/#website"},"primaryImageOfPage":{"@id":"https:\/\/www.sonoraenequipo.com.mx\/panam-lanza-tenis-feministas-por-el-8m-y-genera-polemica-en-redes-sociales\/#primaryimage"},"image":{"@id":"https:\/\/www.sonoraenequipo.com.mx\/panam-lanza-tenis-feministas-por-el-8m-y-genera-polemica-en-redes-sociales\/#primaryimage"},"thumbnailUrl":"https:\/\/www.sonoraenequipo.com.mx\/storage\/2021\/03\/panam-lanza-tenis-feministas_opt.jpg","datePublished":"2021-03-05T12:28:34+00:00","description":"CIUDAD DE M\u00c9XICO. MX. \u2014 La marca mexicana Panam ha causado controversia en redes sociales despu\u00e9s de que lanzara una nueva colecci\u00f3n de tenis, misma que En Sonora en Equipo publicamos toda la informaci\u00f3n de Sonora, M\u00e9xico y el Mundo de manera oportuna y busca que la libertad de expresi\u00f3n sea real. Visita nuestro medio informativo publicado desde Hermosillo, Sonora. %","breadcrumb":{"@id":"https:\/\/www.sonoraenequipo.com.mx\/panam-lanza-tenis-feministas-por-el-8m-y-genera-polemica-en-redes-sociales\/#breadcrumb"},"inLanguage":"es","potentialAction":[{"@type":"ReadAction","target":["https:\/\/www.sonoraenequipo.com.mx\/panam-lanza-tenis-feministas-por-el-8m-y-genera-polemica-en-redes-sociales\/"]}]},{"@type":"ImageObject","inLanguage":"es","@id":"https:\/\/www.sonoraenequipo.com.mx\/panam-lanza-tenis-feministas-por-el-8m-y-genera-polemica-en-redes-sociales\/#primaryimage","url":"https:\/\/www.sonoraenequipo.com.mx\/storage\/2021\/03\/panam-lanza-tenis-feministas_opt.jpg","contentUrl":"https:\/\/www.sonoraenequipo.com.mx\/storage\/2021\/03\/panam-lanza-tenis-feministas_opt.jpg","width":714,"height":400},{"@type":"BreadcrumbList","@id":"https:\/\/www.sonoraenequipo.com.mx\/panam-lanza-tenis-feministas-por-el-8m-y-genera-polemica-en-redes-sociales\/#breadcrumb","itemListElement":[{"@type":"ListItem","position":1,"name":"Portada","item":"https:\/\/www.sonoraenequipo.com.mx\/"},{"@type":"ListItem","position":2,"name":"Panam lanza tenis \u201cfeministas\u201d por el 8M y genera pol\u00e9mica en redes sociales"}]},{"@type":"WebSite","@id":"https:\/\/www.sonoraenequipo.com.mx\/#website","url":"https:\/\/www.sonoraenequipo.com.mx\/","name":"Sonora en Equipo.","description":"Diario en l\u00ednea con Noticias desde Hermosillo, Sonora","publisher":{"@id":"https:\/\/www.sonoraenequipo.com.mx\/#organization"},"potentialAction":[{"@type":"SearchAction","target":{"@type":"EntryPoint","urlTemplate":"https:\/\/www.sonoraenequipo.com.mx\/?s={search_term_string}"},"query-input":{"@type":"PropertyValueSpecification","valueRequired":true,"valueName":"search_term_string"}}],"inLanguage":"es"},{"@type":"Organization","@id":"https:\/\/www.sonoraenequipo.com.mx\/#organization","name":"Sonoraenequipo.com.mx","url":"https:\/\/www.sonoraenequipo.com.mx\/","logo":{"@type":"ImageObject","inLanguage":"es","@id":"https:\/\/www.sonoraenequipo.com.mx\/#\/schema\/logo\/image\/","url":"https:\/\/www.sonoraenequipo.com.mx\/storage\/2019\/01\/sonoraenequipo_opt.png","contentUrl":"https:\/\/www.sonoraenequipo.com.mx\/storage\/2019\/01\/sonoraenequipo_opt.png","width":375,"height":125,"caption":"Sonoraenequipo.com.mx"},"image":{"@id":"https:\/\/www.sonoraenequipo.com.mx\/#\/schema\/logo\/image\/"},"sameAs":["https:\/\/www.facebook.com\/SonoraEE\/","https:\/\/x.com\/sonoraenequipo","https:\/\/www.youtube.com\/channel\/UC338nW-lPEYmJQs4ZABQ1SQ"]},{"@type":"Person","@id":"https:\/\/www.sonoraenequipo.com.mx\/#\/schema\/person\/50102df0fb23a8fa9e8effad8fa81386","name":"enequipo","image":{"@type":"ImageObject","inLanguage":"es","@id":"https:\/\/www.sonoraenequipo.com.mx\/#\/schema\/person\/image\/","url":"https:\/\/secure.gravatar.com\/avatar\/049821681b589dabc0bc20695993ccebb09f5b5d4d790cd9251b97faac7c652b?s=96&d=blank&r=g","contentUrl":"https:\/\/secure.gravatar.com\/avatar\/049821681b589dabc0bc20695993ccebb09f5b5d4d790cd9251b97faac7c652b?s=96&d=blank&r=g","caption":"enequipo"},"sameAs":["https:\/\/www.facebook.com\/SonoraEE"]}]}},"jetpack_featured_media_url":"https:\/\/www.sonoraenequipo.com.mx\/storage\/2021\/03\/panam-lanza-tenis-feministas_opt.jpg","_links":{"self":[{"href":"https:\/\/www.sonoraenequipo.com.mx\/api\/wp\/v2\/posts\/108372","targetHints":{"allow":["GET"]}}],"collection":[{"href":"https:\/\/www.sonoraenequipo.com.mx\/api\/wp\/v2\/posts"}],"about":[{"href":"https:\/\/www.sonoraenequipo.com.mx\/api\/wp\/v2\/types\/post"}],"author":[{"embeddable":true,"href":"https:\/\/www.sonoraenequipo.com.mx\/api\/wp\/v2\/users\/1"}],"replies":[{"embeddable":true,"href":"https:\/\/www.sonoraenequipo.com.mx\/api\/wp\/v2\/comments?post=108372"}],"version-history":[{"count":1,"href":"https:\/\/www.sonoraenequipo.com.mx\/api\/wp\/v2\/posts\/108372\/revisions"}],"predecessor-version":[{"id":108374,"href":"https:\/\/www.sonoraenequipo.com.mx\/api\/wp\/v2\/posts\/108372\/revisions\/108374"}],"wp:featuredmedia":[{"embeddable":true,"href":"https:\/\/www.sonoraenequipo.com.mx\/api\/wp\/v2\/media\/108373"}],"wp:attachment":[{"href":"https:\/\/www.sonoraenequipo.com.mx\/api\/wp\/v2\/media?parent=108372"}],"wp:term":[{"taxonomy":"category","embeddable":true,"href":"https:\/\/www.sonoraenequipo.com.mx\/api\/wp\/v2\/categories?post=108372"},{"taxonomy":"post_tag","embeddable":true,"href":"https:\/\/www.sonoraenequipo.com.mx\/api\/wp\/v2\/tags?post=108372"}],"curies":[{"name":"wp","href":"https:\/\/api.w.org\/{rel}","templated":true}]}}