{"id":108377,"date":"2021-03-05T11:47:39","date_gmt":"2021-03-05T18:47:39","guid":{"rendered":"https:\/\/www.sonoraenequipo.com.mx\/?p=108377"},"modified":"2021-03-05T11:47:39","modified_gmt":"2021-03-05T18:47:39","slug":"inicio-la-construccion-del-cuartel-de-la-guardia-nacional-en-navojoa","status":"publish","type":"post","link":"https:\/\/www.sonoraenequipo.com.mx\/inicio-la-construccion-del-cuartel-de-la-guardia-nacional-en-navojoa\/","title":{"rendered":"Inici\u00f3 la construcci\u00f3n del cuartel de La Guardia Nacional en Navojoa"},"content":{"rendered":"<p>NAVOJOA, SONORA.MX. \u2014 La Guardia Nacional inici\u00f3 en Navojoa la construcci\u00f3n de su cuartel en el terreno de m\u00e1s de una hect\u00e1rea donado por el Ayuntamiento en febrero del 2020, obra de infraestructura cuya inversi\u00f3n ser\u00e1 de 22 millones de pesos aproximadamente y con impacto de vigilancia estrat\u00e9gica en el Sur.<\/p>\n<p>&nbsp;<\/p>\n<p> <\/p>\n<p>&nbsp;<\/p>\n<p>El comienzo del proyecto del edificio t\u00e1ctico de la corporaci\u00f3n federal se dio desde hace una semana en las inmediaciones del perif\u00e9rico norte cercano a la Planta Tratadora de Aguas Residuales de Oomapasn.<\/p>\n<p>&nbsp;<\/p>\n<p>El lote de una superficie de 1.2 hect\u00e1reas demarcado por los elementos de la Guardia Nacional era propiedad de Oomapasn, localizado en el \u00e1rea agr\u00edcola conurbada y a unos metros de conexi\u00f3n al perif\u00e9rico.<\/p>\n<p>&nbsp;<\/p>\n<p>A una semana del arranque de trabajos es posible observar la demarcaci\u00f3n arquitect\u00f3nica de un sector del edificio con cimientos de concreto, castillos de varilla, maquinaria pesada en movimiento as\u00ed como un motor-home desde donde encargados dirigen la obra.<\/p>\n<p>&nbsp;<\/p>\n<p>De manera discreta elementos federales custodian la entrada al terreno sin proporcionar mayor informaci\u00f3n, \u00fanicamente que a partir de la pr\u00f3xima semana podr\u00eda empezar la contrataci\u00f3n de alba\u00f1iles navojoenses.<\/p>\n<p>&nbsp;<\/p>\n<p><strong>C\u00e9sar Zazueta L\u00f3pez<\/strong>, regidor de Morena y presidente de la Comisi\u00f3n de Seguridad P\u00fablica, confirm\u00f3 ayer que la obra es el proyecto del cuartel de la Guardia Nacional destinado a este municipio.<\/p>\n<p>&nbsp;<\/p>\n<p>Avanz\u00f3 este a\u00f1o a la fase de ejecuci\u00f3n despu\u00e9s de haberse cumplido los tr\u00e1mites administrativos legales para el pase de propiedad del lote del municipio a la Federaci\u00f3n, detall\u00f3, as\u00ed como la liberaci\u00f3n de presupuesto.<\/p>\n<p>&nbsp;<\/p>\n<p>El 4 de febrero del 2020 en sesi\u00f3n de Cabildo los regidores autorizaron la donaci\u00f3n de este lote a solicitud del Gobierno Federal para la Gendarmer\u00eda, siendo uno de los seis campamentos planeados para Sonora, record\u00f3.<\/p>\n<p>&nbsp;<\/p>\n<p>Quien entonces acudi\u00f3 a dicha junta fue el coronel de Infanter\u00eda Diplomado del Estado Mayor y Comandante del 60 Batall\u00f3n de Infanter\u00eda de la Sedena, Juan Casillas Marroqu\u00edn, dijo, quien expuso al Cabildo que el proyecto arrancar\u00eda luego de la conclusi\u00f3n del cuartel en Ciudad Obreg\u00f3n.<\/p>\n<p>&nbsp;<\/p>\n<p>De acuerdo a la informaci\u00f3n de Casillas Marroqu\u00edn, el edificio de Navojoa ser\u00eda similar al de Cajeme e incluso en inversi\u00f3n estimada en alrededor de 22 millones de pesos para comienzo en mayo del a\u00f1o pasado.<\/p>\n<p>&nbsp;<\/p>\n<p>Zazueta L\u00f3pez calific\u00f3 como una noticia muy positiva que dicha instituci\u00f3n de seguridad haya activado el proyecto del cuartel, retrasado seguramente por la situaci\u00f3n de la pandemia del Covid-19 en el pa\u00eds.<\/p>\n<p>&nbsp;<\/p>\n<p><em>\u201cSe ha dicho que ser\u00e1n al menos unos 300 elementos los que concentrar\u00e1 la Guardia Nacional en este sitio\u201d<\/em>, coment\u00f3,<em> \u201csi bien Navojoa no es un municipio con violencia y delitos de alto impacto significa un refuerzo a la seguridad de todos en la regi\u00f3n Sur\u201d.<\/em><\/p>\n<p>&nbsp;<\/p>\n<p>La vigilancia a los l\u00edmites territoriales cercanos con Chihuahua y Sinaloa ser\u00e1 redoblada y con ello la prevenci\u00f3n de infiltraciones de delincuentes peligrosos o grupos armados, as\u00ed como el <em>\u201cblindaje\u201d<\/em> hacia Cajeme, se\u00f1al\u00f3.<\/p>\n<p>&nbsp;<\/p>\n<p>&nbsp;<\/p>\n<p>(Publicada el 05\/03\/2021)<\/p>\n","protected":false},"excerpt":{"rendered":"<p>NAVOJOA, SONORA.MX. \u2014 La Guardia Nacional inici\u00f3 en Navojoa la construcci\u00f3n de su cuartel en&#8230;<\/p>\n","protected":false},"author":1,"featured_media":108379,"comment_status":"open","ping_status":"open","sticky":false,"template":"","format":"standard","meta":{"_monsterinsights_skip_tracking":false,"_monsterinsights_sitenote_active":false,"_monsterinsights_sitenote_note":"","_monsterinsights_sitenote_category":0,"footnotes":""},"categories":[22],"tags":[],"class_list":["post"],"yoast_head":" \n<title>Sonora en Equipo. Inici\u00f3 la construcci\u00f3n del cuartel de La Guardia Nacional en Navojoa Sonora<\/title>\n<meta name=\"description\" content=\"NAVOJOA, SONORA.MX. \u2014 La Guardia Nacional inici\u00f3 en Navojoa la construcci\u00f3n de su cuartel en el terreno de m\u00e1s de una hect\u00e1rea donado por el Ayuntamiento En Sonora en Equipo publicamos toda la informaci\u00f3n de Sonora, M\u00e9xico y el Mundo de manera oportuna y busca que la libertad de expresi\u00f3n sea real. Visita nuestro medio informativo publicado desde Hermosillo, Sonora. %\" \/>\n<meta name=\"robots\" content=\"index, follow, max-snippet:-1, max-image-preview:large, max-video-preview:-1\" \/>\n<link rel=\"canonical\" href=\"https:\/\/www.sonoraenequipo.com.mx\/inicio-la-construccion-del-cuartel-de-la-guardia-nacional-en-navojoa\/\" \/>\n<meta property=\"og:locale\" content=\"es_ES\" \/>\n<meta property=\"og:type\" content=\"article\" \/>\n<meta property=\"og:title\" content=\"Sonora en Equipo. Inici\u00f3 la construcci\u00f3n del cuartel de La Guardia Nacional en Navojoa Sonora\" \/>\n<meta property=\"og:description\" content=\"NAVOJOA, SONORA.MX. \u2014 La Guardia Nacional inici\u00f3 en Navojoa la construcci\u00f3n de su cuartel en el terreno de m\u00e1s de una hect\u00e1rea donado por el Ayuntamiento En Sonora en Equipo publicamos toda la informaci\u00f3n de Sonora, M\u00e9xico y el Mundo de manera oportuna y busca que la libertad de expresi\u00f3n sea real. Visita nuestro medio informativo publicado desde Hermosillo, Sonora. %\" \/>\n<meta property=\"og:url\" content=\"https:\/\/www.sonoraenequipo.com.mx\/inicio-la-construccion-del-cuartel-de-la-guardia-nacional-en-navojoa\/\" \/>\n<meta property=\"og:site_name\" content=\"Sonora en Equipo.\" \/>\n<meta property=\"article:publisher\" content=\"https:\/\/www.facebook.com\/SonoraEE\/\" \/>\n<meta property=\"article:author\" content=\"https:\/\/www.facebook.com\/SonoraEE\" \/>\n<meta property=\"article:published_time\" content=\"2021-03-05T18:47:39+00:00\" \/>\n<meta property=\"og:image\" content=\"https:\/\/www.sonoraenequipo.com.mx\/storage\/2021\/03\/cuartel-de-la-Guardia-Nacional-en-Navojoa_opt.jpg\" \/>\n\t<meta property=\"og:image:width\" content=\"1269\" \/>\n\t<meta property=\"og:image:height\" content=\"600\" \/>\n\t<meta property=\"og:image:type\" content=\"image\/jpeg\" \/>\n<meta name=\"author\" content=\"enequipo\" \/>\n<meta name=\"twitter:card\" content=\"summary_large_image\" \/>\n<meta name=\"twitter:creator\" content=\"@sonoraenequipo\" \/>\n<meta name=\"twitter:site\" content=\"@sonoraenequipo\" \/>\n<meta name=\"twitter:label1\" content=\"Escrito por\" \/>\n\t<meta name=\"twitter:data1\" content=\"enequipo\" \/>\n\t<meta name=\"twitter:label2\" content=\"Tiempo de lectura\" \/>\n\t<meta name=\"twitter:data2\" content=\"3 minutos\" \/>\n<script type=\"application\/ld+json\" class=\"yoast-schema-graph\">{\"@context\":\"https:\/\/schema.org\",\"@graph\":[{\"@type\":\"Article\",\"@id\":\"https:\/\/www.sonoraenequipo.com.mx\/inicio-la-construccion-del-cuartel-de-la-guardia-nacional-en-navojoa\/#article\",\"isPartOf\":{\"@id\":\"https:\/\/www.sonoraenequipo.com.mx\/inicio-la-construccion-del-cuartel-de-la-guardia-nacional-en-navojoa\/\"},\"author\":{\"name\":\"enequipo\",\"@id\":\"https:\/\/www.sonoraenequipo.com.mx\/#\/schema\/person\/50102df0fb23a8fa9e8effad8fa81386\"},\"headline\":\"Inici\u00f3 la construcci\u00f3n del cuartel de La Guardia Nacional en Navojoa\",\"datePublished\":\"2021-03-05T18:47:39+00:00\",\"mainEntityOfPage\":{\"@id\":\"https:\/\/www.sonoraenequipo.com.mx\/inicio-la-construccion-del-cuartel-de-la-guardia-nacional-en-navojoa\/\"},\"wordCount\":556,\"commentCount\":0,\"publisher\":{\"@id\":\"https:\/\/www.sonoraenequipo.com.mx\/#organization\"},\"image\":{\"@id\":\"https:\/\/www.sonoraenequipo.com.mx\/inicio-la-construccion-del-cuartel-de-la-guardia-nacional-en-navojoa\/#primaryimage\"},\"thumbnailUrl\":\"https:\/\/www.sonoraenequipo.com.mx\/storage\/2021\/03\/cuartel-de-la-Guardia-Nacional-en-Navojoa_opt.jpg\",\"articleSection\":[\"Sonora\"],\"inLanguage\":\"es\",\"potentialAction\":[{\"@type\":\"CommentAction\",\"name\":\"Comment\",\"target\":[\"https:\/\/www.sonoraenequipo.com.mx\/inicio-la-construccion-del-cuartel-de-la-guardia-nacional-en-navojoa\/#respond\"]}]},{\"@type\":\"WebPage\",\"@id\":\"https:\/\/www.sonoraenequipo.com.mx\/inicio-la-construccion-del-cuartel-de-la-guardia-nacional-en-navojoa\/\",\"url\":\"https:\/\/www.sonoraenequipo.com.mx\/inicio-la-construccion-del-cuartel-de-la-guardia-nacional-en-navojoa\/\",\"name\":\"Sonora en Equipo. Inici\u00f3 la construcci\u00f3n del cuartel de La Guardia Nacional en Navojoa Sonora\",\"isPartOf\":{\"@id\":\"https:\/\/www.sonoraenequipo.com.mx\/#website\"},\"primaryImageOfPage\":{\"@id\":\"https:\/\/www.sonoraenequipo.com.mx\/inicio-la-construccion-del-cuartel-de-la-guardia-nacional-en-navojoa\/#primaryimage\"},\"image\":{\"@id\":\"https:\/\/www.sonoraenequipo.com.mx\/inicio-la-construccion-del-cuartel-de-la-guardia-nacional-en-navojoa\/#primaryimage\"},\"thumbnailUrl\":\"https:\/\/www.sonoraenequipo.com.mx\/storage\/2021\/03\/cuartel-de-la-Guardia-Nacional-en-Navojoa_opt.jpg\",\"datePublished\":\"2021-03-05T18:47:39+00:00\",\"description\":\"NAVOJOA, SONORA.MX. \u2014 La Guardia Nacional inici\u00f3 en Navojoa la construcci\u00f3n de su cuartel en el terreno de m\u00e1s de una hect\u00e1rea donado por el Ayuntamiento En Sonora en Equipo publicamos toda la informaci\u00f3n de Sonora, M\u00e9xico y el Mundo de manera oportuna y busca que la libertad de expresi\u00f3n sea real. Visita nuestro medio informativo publicado desde Hermosillo, Sonora. %\",\"breadcrumb\":{\"@id\":\"https:\/\/www.sonoraenequipo.com.mx\/inicio-la-construccion-del-cuartel-de-la-guardia-nacional-en-navojoa\/#breadcrumb\"},\"inLanguage\":\"es\",\"potentialAction\":[{\"@type\":\"ReadAction\",\"target\":[\"https:\/\/www.sonoraenequipo.com.mx\/inicio-la-construccion-del-cuartel-de-la-guardia-nacional-en-navojoa\/\"]}]},{\"@type\":\"ImageObject\",\"inLanguage\":\"es\",\"@id\":\"https:\/\/www.sonoraenequipo.com.mx\/inicio-la-construccion-del-cuartel-de-la-guardia-nacional-en-navojoa\/#primaryimage\",\"url\":\"https:\/\/www.sonoraenequipo.com.mx\/storage\/2021\/03\/cuartel-de-la-Guardia-Nacional-en-Navojoa_opt.jpg\",\"contentUrl\":\"https:\/\/www.sonoraenequipo.com.mx\/storage\/2021\/03\/cuartel-de-la-Guardia-Nacional-en-Navojoa_opt.jpg\",\"width\":1269,\"height\":600},{\"@type\":\"BreadcrumbList\",\"@id\":\"https:\/\/www.sonoraenequipo.com.mx\/inicio-la-construccion-del-cuartel-de-la-guardia-nacional-en-navojoa\/#breadcrumb\",\"itemListElement\":[{\"@type\":\"ListItem\",\"position\":1,\"name\":\"Portada\",\"item\":\"https:\/\/www.sonoraenequipo.com.mx\/\"},{\"@type\":\"ListItem\",\"position\":2,\"name\":\"Inici\u00f3 la construcci\u00f3n del cuartel de La Guardia Nacional en Navojoa\"}]},{\"@type\":\"WebSite\",\"@id\":\"https:\/\/www.sonoraenequipo.com.mx\/#website\",\"url\":\"https:\/\/www.sonoraenequipo.com.mx\/\",\"name\":\"Sonora en Equipo.\",\"description\":\"Diario en l\u00ednea con Noticias desde Hermosillo, Sonora\",\"publisher\":{\"@id\":\"https:\/\/www.sonoraenequipo.com.mx\/#organization\"},\"potentialAction\":[{\"@type\":\"SearchAction\",\"target\":{\"@type\":\"EntryPoint\",\"urlTemplate\":\"https:\/\/www.sonoraenequipo.com.mx\/?s={search_term_string}\"},\"query-input\":{\"@type\":\"PropertyValueSpecification\",\"valueRequired\":true,\"valueName\":\"search_term_string\"}}],\"inLanguage\":\"es\"},{\"@type\":\"Organization\",\"@id\":\"https:\/\/www.sonoraenequipo.com.mx\/#organization\",\"name\":\"Sonoraenequipo.com.mx\",\"url\":\"https:\/\/www.sonoraenequipo.com.mx\/\",\"logo\":{\"@type\":\"ImageObject\",\"inLanguage\":\"es\",\"@id\":\"https:\/\/www.sonoraenequipo.com.mx\/#\/schema\/logo\/image\/\",\"url\":\"https:\/\/www.sonoraenequipo.com.mx\/storage\/2019\/01\/sonoraenequipo_opt.png\",\"contentUrl\":\"https:\/\/www.sonoraenequipo.com.mx\/storage\/2019\/01\/sonoraenequipo_opt.png\",\"width\":375,\"height\":125,\"caption\":\"Sonoraenequipo.com.mx\"},\"image\":{\"@id\":\"https:\/\/www.sonoraenequipo.com.mx\/#\/schema\/logo\/image\/\"},\"sameAs\":[\"https:\/\/www.facebook.com\/SonoraEE\/\",\"https:\/\/x.com\/sonoraenequipo\",\"https:\/\/www.youtube.com\/channel\/UC338nW-lPEYmJQs4ZABQ1SQ\"]},{\"@type\":\"Person\",\"@id\":\"https:\/\/www.sonoraenequipo.com.mx\/#\/schema\/person\/50102df0fb23a8fa9e8effad8fa81386\",\"name\":\"enequipo\",\"image\":{\"@type\":\"ImageObject\",\"inLanguage\":\"es\",\"@id\":\"https:\/\/www.sonoraenequipo.com.mx\/#\/schema\/person\/image\/\",\"url\":\"https:\/\/secure.gravatar.com\/avatar\/049821681b589dabc0bc20695993ccebb09f5b5d4d790cd9251b97faac7c652b?s=96&d=blank&r=g\",\"contentUrl\":\"https:\/\/secure.gravatar.com\/avatar\/049821681b589dabc0bc20695993ccebb09f5b5d4d790cd9251b97faac7c652b?s=96&d=blank&r=g\",\"caption\":\"enequipo\"},\"sameAs\":[\"https:\/\/www.facebook.com\/SonoraEE\"]}]}<\/script>\n ","yoast_head_json":{"title":"Sonora en Equipo. Inici\u00f3 la construcci\u00f3n del cuartel de La Guardia Nacional en Navojoa Sonora","description":"NAVOJOA, SONORA.MX. \u2014 La Guardia Nacional inici\u00f3 en Navojoa la construcci\u00f3n de su cuartel en el terreno de m\u00e1s de una hect\u00e1rea donado por el Ayuntamiento En Sonora en Equipo publicamos toda la informaci\u00f3n de Sonora, M\u00e9xico y el Mundo de manera oportuna y busca que la libertad de expresi\u00f3n sea real. Visita nuestro medio informativo publicado desde Hermosillo, Sonora. %","robots":{"index":"index","follow":"follow","max-snippet":"max-snippet:-1","max-image-preview":"max-image-preview:large","max-video-preview":"max-video-preview:-1"},"canonical":"https:\/\/www.sonoraenequipo.com.mx\/inicio-la-construccion-del-cuartel-de-la-guardia-nacional-en-navojoa\/","og_locale":"es_ES","og_type":"article","og_title":"Sonora en Equipo. Inici\u00f3 la construcci\u00f3n del cuartel de La Guardia Nacional en Navojoa Sonora","og_description":"NAVOJOA, SONORA.MX. \u2014 La Guardia Nacional inici\u00f3 en Navojoa la construcci\u00f3n de su cuartel en el terreno de m\u00e1s de una hect\u00e1rea donado por el Ayuntamiento En Sonora en Equipo publicamos toda la informaci\u00f3n de Sonora, M\u00e9xico y el Mundo de manera oportuna y busca que la libertad de expresi\u00f3n sea real. Visita nuestro medio informativo publicado desde Hermosillo, Sonora. %","og_url":"https:\/\/www.sonoraenequipo.com.mx\/inicio-la-construccion-del-cuartel-de-la-guardia-nacional-en-navojoa\/","og_site_name":"Sonora en Equipo.","article_publisher":"https:\/\/www.facebook.com\/SonoraEE\/","article_author":"https:\/\/www.facebook.com\/SonoraEE","article_published_time":"2021-03-05T18:47:39+00:00","og_image":[{"width":1269,"height":600,"url":"https:\/\/www.sonoraenequipo.com.mx\/storage\/2021\/03\/cuartel-de-la-Guardia-Nacional-en-Navojoa_opt.jpg","type":"image\/jpeg"}],"author":"enequipo","twitter_card":"summary_large_image","twitter_creator":"@sonoraenequipo","twitter_site":"@sonoraenequipo","twitter_misc":{"Escrito por":"enequipo","Tiempo de lectura":"3 minutos"},"schema":{"@context":"https:\/\/schema.org","@graph":[{"@type":"Article","@id":"https:\/\/www.sonoraenequipo.com.mx\/inicio-la-construccion-del-cuartel-de-la-guardia-nacional-en-navojoa\/#article","isPartOf":{"@id":"https:\/\/www.sonoraenequipo.com.mx\/inicio-la-construccion-del-cuartel-de-la-guardia-nacional-en-navojoa\/"},"author":{"name":"enequipo","@id":"https:\/\/www.sonoraenequipo.com.mx\/#\/schema\/person\/50102df0fb23a8fa9e8effad8fa81386"},"headline":"Inici\u00f3 la construcci\u00f3n del cuartel de La Guardia Nacional en Navojoa","datePublished":"2021-03-05T18:47:39+00:00","mainEntityOfPage":{"@id":"https:\/\/www.sonoraenequipo.com.mx\/inicio-la-construccion-del-cuartel-de-la-guardia-nacional-en-navojoa\/"},"wordCount":556,"commentCount":0,"publisher":{"@id":"https:\/\/www.sonoraenequipo.com.mx\/#organization"},"image":{"@id":"https:\/\/www.sonoraenequipo.com.mx\/inicio-la-construccion-del-cuartel-de-la-guardia-nacional-en-navojoa\/#primaryimage"},"thumbnailUrl":"https:\/\/www.sonoraenequipo.com.mx\/storage\/2021\/03\/cuartel-de-la-Guardia-Nacional-en-Navojoa_opt.jpg","articleSection":["Sonora"],"inLanguage":"es","potentialAction":[{"@type":"CommentAction","name":"Comment","target":["https:\/\/www.sonoraenequipo.com.mx\/inicio-la-construccion-del-cuartel-de-la-guardia-nacional-en-navojoa\/#respond"]}]},{"@type":"WebPage","@id":"https:\/\/www.sonoraenequipo.com.mx\/inicio-la-construccion-del-cuartel-de-la-guardia-nacional-en-navojoa\/","url":"https:\/\/www.sonoraenequipo.com.mx\/inicio-la-construccion-del-cuartel-de-la-guardia-nacional-en-navojoa\/","name":"Sonora en Equipo. Inici\u00f3 la construcci\u00f3n del cuartel de La Guardia Nacional en Navojoa Sonora","isPartOf":{"@id":"https:\/\/www.sonoraenequipo.com.mx\/#website"},"primaryImageOfPage":{"@id":"https:\/\/www.sonoraenequipo.com.mx\/inicio-la-construccion-del-cuartel-de-la-guardia-nacional-en-navojoa\/#primaryimage"},"image":{"@id":"https:\/\/www.sonoraenequipo.com.mx\/inicio-la-construccion-del-cuartel-de-la-guardia-nacional-en-navojoa\/#primaryimage"},"thumbnailUrl":"https:\/\/www.sonoraenequipo.com.mx\/storage\/2021\/03\/cuartel-de-la-Guardia-Nacional-en-Navojoa_opt.jpg","datePublished":"2021-03-05T18:47:39+00:00","description":"NAVOJOA, SONORA.MX. \u2014 La Guardia Nacional inici\u00f3 en Navojoa la construcci\u00f3n de su cuartel en el terreno de m\u00e1s de una hect\u00e1rea donado por el Ayuntamiento En Sonora en Equipo publicamos toda la informaci\u00f3n de Sonora, M\u00e9xico y el Mundo de manera oportuna y busca que la libertad de expresi\u00f3n sea real. Visita nuestro medio informativo publicado desde Hermosillo, Sonora. %","breadcrumb":{"@id":"https:\/\/www.sonoraenequipo.com.mx\/inicio-la-construccion-del-cuartel-de-la-guardia-nacional-en-navojoa\/#breadcrumb"},"inLanguage":"es","potentialAction":[{"@type":"ReadAction","target":["https:\/\/www.sonoraenequipo.com.mx\/inicio-la-construccion-del-cuartel-de-la-guardia-nacional-en-navojoa\/"]}]},{"@type":"ImageObject","inLanguage":"es","@id":"https:\/\/www.sonoraenequipo.com.mx\/inicio-la-construccion-del-cuartel-de-la-guardia-nacional-en-navojoa\/#primaryimage","url":"https:\/\/www.sonoraenequipo.com.mx\/storage\/2021\/03\/cuartel-de-la-Guardia-Nacional-en-Navojoa_opt.jpg","contentUrl":"https:\/\/www.sonoraenequipo.com.mx\/storage\/2021\/03\/cuartel-de-la-Guardia-Nacional-en-Navojoa_opt.jpg","width":1269,"height":600},{"@type":"BreadcrumbList","@id":"https:\/\/www.sonoraenequipo.com.mx\/inicio-la-construccion-del-cuartel-de-la-guardia-nacional-en-navojoa\/#breadcrumb","itemListElement":[{"@type":"ListItem","position":1,"name":"Portada","item":"https:\/\/www.sonoraenequipo.com.mx\/"},{"@type":"ListItem","position":2,"name":"Inici\u00f3 la construcci\u00f3n del cuartel de La Guardia Nacional en Navojoa"}]},{"@type":"WebSite","@id":"https:\/\/www.sonoraenequipo.com.mx\/#website","url":"https:\/\/www.sonoraenequipo.com.mx\/","name":"Sonora en Equipo.","description":"Diario en l\u00ednea con Noticias desde Hermosillo, Sonora","publisher":{"@id":"https:\/\/www.sonoraenequipo.com.mx\/#organization"},"potentialAction":[{"@type":"SearchAction","target":{"@type":"EntryPoint","urlTemplate":"https:\/\/www.sonoraenequipo.com.mx\/?s={search_term_string}"},"query-input":{"@type":"PropertyValueSpecification","valueRequired":true,"valueName":"search_term_string"}}],"inLanguage":"es"},{"@type":"Organization","@id":"https:\/\/www.sonoraenequipo.com.mx\/#organization","name":"Sonoraenequipo.com.mx","url":"https:\/\/www.sonoraenequipo.com.mx\/","logo":{"@type":"ImageObject","inLanguage":"es","@id":"https:\/\/www.sonoraenequipo.com.mx\/#\/schema\/logo\/image\/","url":"https:\/\/www.sonoraenequipo.com.mx\/storage\/2019\/01\/sonoraenequipo_opt.png","contentUrl":"https:\/\/www.sonoraenequipo.com.mx\/storage\/2019\/01\/sonoraenequipo_opt.png","width":375,"height":125,"caption":"Sonoraenequipo.com.mx"},"image":{"@id":"https:\/\/www.sonoraenequipo.com.mx\/#\/schema\/logo\/image\/"},"sameAs":["https:\/\/www.facebook.com\/SonoraEE\/","https:\/\/x.com\/sonoraenequipo","https:\/\/www.youtube.com\/channel\/UC338nW-lPEYmJQs4ZABQ1SQ"]},{"@type":"Person","@id":"https:\/\/www.sonoraenequipo.com.mx\/#\/schema\/person\/50102df0fb23a8fa9e8effad8fa81386","name":"enequipo","image":{"@type":"ImageObject","inLanguage":"es","@id":"https:\/\/www.sonoraenequipo.com.mx\/#\/schema\/person\/image\/","url":"https:\/\/secure.gravatar.com\/avatar\/049821681b589dabc0bc20695993ccebb09f5b5d4d790cd9251b97faac7c652b?s=96&d=blank&r=g","contentUrl":"https:\/\/secure.gravatar.com\/avatar\/049821681b589dabc0bc20695993ccebb09f5b5d4d790cd9251b97faac7c652b?s=96&d=blank&r=g","caption":"enequipo"},"sameAs":["https:\/\/www.facebook.com\/SonoraEE"]}]}},"jetpack_featured_media_url":"https:\/\/www.sonoraenequipo.com.mx\/storage\/2021\/03\/cuartel-de-la-Guardia-Nacional-en-Navojoa_opt.jpg","_links":{"self":[{"href":"https:\/\/www.sonoraenequipo.com.mx\/api\/wp\/v2\/posts\/108377","targetHints":{"allow":["GET"]}}],"collection":[{"href":"https:\/\/www.sonoraenequipo.com.mx\/api\/wp\/v2\/posts"}],"about":[{"href":"https:\/\/www.sonoraenequipo.com.mx\/api\/wp\/v2\/types\/post"}],"author":[{"embeddable":true,"href":"https:\/\/www.sonoraenequipo.com.mx\/api\/wp\/v2\/users\/1"}],"replies":[{"embeddable":true,"href":"https:\/\/www.sonoraenequipo.com.mx\/api\/wp\/v2\/comments?post=108377"}],"version-history":[{"count":1,"href":"https:\/\/www.sonoraenequipo.com.mx\/api\/wp\/v2\/posts\/108377\/revisions"}],"predecessor-version":[{"id":108381,"href":"https:\/\/www.sonoraenequipo.com.mx\/api\/wp\/v2\/posts\/108377\/revisions\/108381"}],"wp:featuredmedia":[{"embeddable":true,"href":"https:\/\/www.sonoraenequipo.com.mx\/api\/wp\/v2\/media\/108379"}],"wp:attachment":[{"href":"https:\/\/www.sonoraenequipo.com.mx\/api\/wp\/v2\/media?parent=108377"}],"wp:term":[{"taxonomy":"category","embeddable":true,"href":"https:\/\/www.sonoraenequipo.com.mx\/api\/wp\/v2\/categories?post=108377"},{"taxonomy":"post_tag","embeddable":true,"href":"https:\/\/www.sonoraenequipo.com.mx\/api\/wp\/v2\/tags?post=108377"}],"curies":[{"name":"wp","href":"https:\/\/api.w.org\/{rel}","templated":true}]}}