{"id":108388,"date":"2021-03-05T10:30:15","date_gmt":"2021-03-05T17:30:15","guid":{"rendered":"https:\/\/www.sonoraenequipo.com.mx\/?p=108388"},"modified":"2021-03-05T13:04:04","modified_gmt":"2021-03-05T20:04:04","slug":"amlo-desmiente-que-lopez-gatell-haya-sido-hospitalizado-nuevamente-por-covid-19","status":"publish","type":"post","link":"https:\/\/www.sonoraenequipo.com.mx\/amlo-desmiente-que-lopez-gatell-haya-sido-hospitalizado-nuevamente-por-covid-19\/","title":{"rendered":"AMLO desmiente que L\u00f3pez-Gatell haya sido hospitalizado nuevamente por COVID-19"},"content":{"rendered":"<p>CIUDAD DE M\u00c9XICO. MX. \u2014 El presidente de M\u00e9xico, Andr\u00e9s Manuel L\u00f3pez Obrador (AMLO), desminti\u00f3 que el subsecretario de Salud, Hugo L\u00f3pez-Gatell, haya sido hospitalizado nuevamente por COVID-19.<\/p>\n<p>&nbsp;<\/p>\n<p> <\/p>\n<p>&nbsp;<\/p>\n<p>&nbsp;<\/p>\n<p>En su conferencia de prensa matutina, L\u00f3pez Obrador revel\u00f3 que convers\u00f3 por tel\u00e9fono con Hugo L\u00f3pez-Gatell y estim\u00f3 que salga de su contagio de SARS-CoV, la pr\u00f3xima semana.<\/p>\n<p>&nbsp;<\/p>\n<p><em>\u201cAyer habl\u00e9 con el doctor Hugo Lopez-Gatell y ya se estima que para la semana pr\u00f3xima salga, ya sin COVID, desde luego tiene que estar un tiempo en recuperaci\u00f3n. Eso es lo que yo tambi\u00e9n, sin ser m\u00e9dico, les estoy recomendando, que esperen unos d\u00edas, aun si no tienen ya COVID\u201d<\/em>, recomend\u00f3 el mandatario.<\/p>\n<p>&nbsp;<\/p>\n<p>El jefe del Ejecutivo federal tambi\u00e9n inform\u00f3 sobre el estado de salud de los secretarios de la Defensa Nacional (Sedena) y Marina (Semar), Luis Cresencio Sandoval y Jos\u00e9 Rafael Ojeda, de quienes asegur\u00f3 se encuentran en su casa recuper\u00e1ndose.<\/p>\n<p>&nbsp;<\/p>\n<p><em>\u201cHabl\u00e9 ayer tambi\u00e9n con el general secretario Luis Cresencio Sandoval Gonz\u00e1lez, ya tambi\u00e9n est\u00e1 de salida, pero, lo mismo, \u00e9l sali\u00f3 del hospital, ya est\u00e1 en su casa, pero ya est\u00e1 recuper\u00e1ndose, sin tratamiento m\u00e9dico<\/em>.<\/p>\n<p>&nbsp;<\/p>\n<p>Habl\u00e9 tambi\u00e9n ayer con el Almirante Ojeda y tambi\u00e9n el pron\u00f3stico fue bueno, \u00e9l fue por segunda vez y se dice que cuando es de esa manera pega m\u00e1s fuerte, pero va a saliendo, va saliendo\u201d, inform\u00f3 L\u00f3pez Obrador.<\/p>\n<p>&nbsp;<\/p>\n<p>Finalmente, el presidente anunci\u00f3 que Juan Ferrer, director del Insabi. ya se reincorpor\u00f3 a las actividades en el gobierno federal.<\/p>\n<p>&nbsp;<\/p>\n<p><em>\u201cJuan Ferrer, del Insabi, ya sali\u00f3, ya estuvo ayer con nosotros en la reuni\u00f3n de Salud que hacemos lunes y jueves entre todos, m\u00e1s el reporte diario de 6:00 a 7:00 de la ma\u00f1ana sobre COVID\u201d,<\/em> se\u00f1al\u00f3 AMLO.<\/p>\n<p>&nbsp;<\/p>\n<p>(Publicada el 05\/03\/2021)<\/p>\n","protected":false},"excerpt":{"rendered":"<p>CIUDAD DE M\u00c9XICO. MX. \u2014 El presidente de M\u00e9xico, Andr\u00e9s Manuel L\u00f3pez Obrador (AMLO), desminti\u00f3&#8230;<\/p>\n","protected":false},"author":1,"featured_media":108389,"comment_status":"open","ping_status":"open","sticky":false,"template":"","format":"standard","meta":{"_monsterinsights_skip_tracking":false,"_monsterinsights_sitenote_active":false,"_monsterinsights_sitenote_note":"","_monsterinsights_sitenote_category":0,"footnotes":""},"categories":[5],"tags":[],"class_list":["post"],"yoast_head":" \n<title>Sonora en Equipo. AMLO desmiente que L\u00f3pez-Gatell haya sido hospitalizado nuevamente por COVID-19 Rep\u00fablica<\/title>\n<meta name=\"description\" content=\"CIUDAD DE M\u00c9XICO. MX. \u2014 El presidente de M\u00e9xico, Andr\u00e9s Manuel L\u00f3pez Obrador (AMLO), desminti\u00f3 que el subsecretario de Salud, Hugo L\u00f3pez-Gatell, haya sido En Sonora en Equipo publicamos toda la informaci\u00f3n de Sonora, M\u00e9xico y el Mundo de manera oportuna y busca que la libertad de expresi\u00f3n sea real. Visita nuestro medio informativo publicado desde Hermosillo, Sonora. %\" \/>\n<meta name=\"robots\" content=\"index, follow, max-snippet:-1, max-image-preview:large, max-video-preview:-1\" \/>\n<link rel=\"canonical\" href=\"https:\/\/www.sonoraenequipo.com.mx\/amlo-desmiente-que-lopez-gatell-haya-sido-hospitalizado-nuevamente-por-covid-19\/\" \/>\n<meta property=\"og:locale\" content=\"es_ES\" \/>\n<meta property=\"og:type\" content=\"article\" \/>\n<meta property=\"og:title\" content=\"Sonora en Equipo. AMLO desmiente que L\u00f3pez-Gatell haya sido hospitalizado nuevamente por COVID-19 Rep\u00fablica\" \/>\n<meta property=\"og:description\" content=\"CIUDAD DE M\u00c9XICO. MX. \u2014 El presidente de M\u00e9xico, Andr\u00e9s Manuel L\u00f3pez Obrador (AMLO), desminti\u00f3 que el subsecretario de Salud, Hugo L\u00f3pez-Gatell, haya sido En Sonora en Equipo publicamos toda la informaci\u00f3n de Sonora, M\u00e9xico y el Mundo de manera oportuna y busca que la libertad de expresi\u00f3n sea real. Visita nuestro medio informativo publicado desde Hermosillo, Sonora. %\" \/>\n<meta property=\"og:url\" content=\"https:\/\/www.sonoraenequipo.com.mx\/amlo-desmiente-que-lopez-gatell-haya-sido-hospitalizado-nuevamente-por-covid-19\/\" \/>\n<meta property=\"og:site_name\" content=\"Sonora en Equipo.\" \/>\n<meta property=\"article:publisher\" content=\"https:\/\/www.facebook.com\/SonoraEE\/\" \/>\n<meta property=\"article:author\" content=\"https:\/\/www.facebook.com\/SonoraEE\" \/>\n<meta property=\"article:published_time\" content=\"2021-03-05T17:30:15+00:00\" \/>\n<meta property=\"article:modified_time\" content=\"2021-03-05T20:04:04+00:00\" \/>\n<meta property=\"og:image\" content=\"https:\/\/www.sonoraenequipo.com.mx\/storage\/2021\/03\/lopez-gatell_opt5.jpg\" \/>\n\t<meta property=\"og:image:width\" content=\"689\" \/>\n\t<meta property=\"og:image:height\" content=\"400\" \/>\n\t<meta property=\"og:image:type\" content=\"image\/jpeg\" \/>\n<meta name=\"author\" content=\"enequipo\" \/>\n<meta name=\"twitter:card\" content=\"summary_large_image\" \/>\n<meta name=\"twitter:creator\" content=\"@sonoraenequipo\" \/>\n<meta name=\"twitter:site\" content=\"@sonoraenequipo\" \/>\n<meta name=\"twitter:label1\" content=\"Escrito por\" \/>\n\t<meta name=\"twitter:data1\" content=\"enequipo\" \/>\n\t<meta name=\"twitter:label2\" content=\"Tiempo de lectura\" \/>\n\t<meta name=\"twitter:data2\" content=\"2 minutos\" \/>\n<script type=\"application\/ld+json\" class=\"yoast-schema-graph\">{\"@context\":\"https:\/\/schema.org\",\"@graph\":[{\"@type\":\"Article\",\"@id\":\"https:\/\/www.sonoraenequipo.com.mx\/amlo-desmiente-que-lopez-gatell-haya-sido-hospitalizado-nuevamente-por-covid-19\/#article\",\"isPartOf\":{\"@id\":\"https:\/\/www.sonoraenequipo.com.mx\/amlo-desmiente-que-lopez-gatell-haya-sido-hospitalizado-nuevamente-por-covid-19\/\"},\"author\":{\"name\":\"enequipo\",\"@id\":\"https:\/\/www.sonoraenequipo.com.mx\/#\/schema\/person\/50102df0fb23a8fa9e8effad8fa81386\"},\"headline\":\"AMLO desmiente que L\u00f3pez-Gatell haya sido hospitalizado nuevamente por COVID-19\",\"datePublished\":\"2021-03-05T17:30:15+00:00\",\"dateModified\":\"2021-03-05T20:04:04+00:00\",\"mainEntityOfPage\":{\"@id\":\"https:\/\/www.sonoraenequipo.com.mx\/amlo-desmiente-que-lopez-gatell-haya-sido-hospitalizado-nuevamente-por-covid-19\/\"},\"wordCount\":331,\"commentCount\":0,\"publisher\":{\"@id\":\"https:\/\/www.sonoraenequipo.com.mx\/#organization\"},\"image\":{\"@id\":\"https:\/\/www.sonoraenequipo.com.mx\/amlo-desmiente-que-lopez-gatell-haya-sido-hospitalizado-nuevamente-por-covid-19\/#primaryimage\"},\"thumbnailUrl\":\"https:\/\/www.sonoraenequipo.com.mx\/storage\/2021\/03\/lopez-gatell_opt5.jpg\",\"articleSection\":[\"Rep\u00fablica\"],\"inLanguage\":\"es\",\"potentialAction\":[{\"@type\":\"CommentAction\",\"name\":\"Comment\",\"target\":[\"https:\/\/www.sonoraenequipo.com.mx\/amlo-desmiente-que-lopez-gatell-haya-sido-hospitalizado-nuevamente-por-covid-19\/#respond\"]}]},{\"@type\":\"WebPage\",\"@id\":\"https:\/\/www.sonoraenequipo.com.mx\/amlo-desmiente-que-lopez-gatell-haya-sido-hospitalizado-nuevamente-por-covid-19\/\",\"url\":\"https:\/\/www.sonoraenequipo.com.mx\/amlo-desmiente-que-lopez-gatell-haya-sido-hospitalizado-nuevamente-por-covid-19\/\",\"name\":\"Sonora en Equipo. AMLO desmiente que L\u00f3pez-Gatell haya sido hospitalizado nuevamente por COVID-19 Rep\u00fablica\",\"isPartOf\":{\"@id\":\"https:\/\/www.sonoraenequipo.com.mx\/#website\"},\"primaryImageOfPage\":{\"@id\":\"https:\/\/www.sonoraenequipo.com.mx\/amlo-desmiente-que-lopez-gatell-haya-sido-hospitalizado-nuevamente-por-covid-19\/#primaryimage\"},\"image\":{\"@id\":\"https:\/\/www.sonoraenequipo.com.mx\/amlo-desmiente-que-lopez-gatell-haya-sido-hospitalizado-nuevamente-por-covid-19\/#primaryimage\"},\"thumbnailUrl\":\"https:\/\/www.sonoraenequipo.com.mx\/storage\/2021\/03\/lopez-gatell_opt5.jpg\",\"datePublished\":\"2021-03-05T17:30:15+00:00\",\"dateModified\":\"2021-03-05T20:04:04+00:00\",\"description\":\"CIUDAD DE M\u00c9XICO. MX. \u2014 El presidente de M\u00e9xico, Andr\u00e9s Manuel L\u00f3pez Obrador (AMLO), desminti\u00f3 que el subsecretario de Salud, Hugo L\u00f3pez-Gatell, haya sido En Sonora en Equipo publicamos toda la informaci\u00f3n de Sonora, M\u00e9xico y el Mundo de manera oportuna y busca que la libertad de expresi\u00f3n sea real. Visita nuestro medio informativo publicado desde Hermosillo, Sonora. %\",\"breadcrumb\":{\"@id\":\"https:\/\/www.sonoraenequipo.com.mx\/amlo-desmiente-que-lopez-gatell-haya-sido-hospitalizado-nuevamente-por-covid-19\/#breadcrumb\"},\"inLanguage\":\"es\",\"potentialAction\":[{\"@type\":\"ReadAction\",\"target\":[\"https:\/\/www.sonoraenequipo.com.mx\/amlo-desmiente-que-lopez-gatell-haya-sido-hospitalizado-nuevamente-por-covid-19\/\"]}]},{\"@type\":\"ImageObject\",\"inLanguage\":\"es\",\"@id\":\"https:\/\/www.sonoraenequipo.com.mx\/amlo-desmiente-que-lopez-gatell-haya-sido-hospitalizado-nuevamente-por-covid-19\/#primaryimage\",\"url\":\"https:\/\/www.sonoraenequipo.com.mx\/storage\/2021\/03\/lopez-gatell_opt5.jpg\",\"contentUrl\":\"https:\/\/www.sonoraenequipo.com.mx\/storage\/2021\/03\/lopez-gatell_opt5.jpg\",\"width\":689,\"height\":400},{\"@type\":\"BreadcrumbList\",\"@id\":\"https:\/\/www.sonoraenequipo.com.mx\/amlo-desmiente-que-lopez-gatell-haya-sido-hospitalizado-nuevamente-por-covid-19\/#breadcrumb\",\"itemListElement\":[{\"@type\":\"ListItem\",\"position\":1,\"name\":\"Portada\",\"item\":\"https:\/\/www.sonoraenequipo.com.mx\/\"},{\"@type\":\"ListItem\",\"position\":2,\"name\":\"AMLO desmiente que L\u00f3pez-Gatell haya sido hospitalizado nuevamente por COVID-19\"}]},{\"@type\":\"WebSite\",\"@id\":\"https:\/\/www.sonoraenequipo.com.mx\/#website\",\"url\":\"https:\/\/www.sonoraenequipo.com.mx\/\",\"name\":\"Sonora en Equipo.\",\"description\":\"Diario en l\u00ednea con Noticias desde Hermosillo, Sonora\",\"publisher\":{\"@id\":\"https:\/\/www.sonoraenequipo.com.mx\/#organization\"},\"potentialAction\":[{\"@type\":\"SearchAction\",\"target\":{\"@type\":\"EntryPoint\",\"urlTemplate\":\"https:\/\/www.sonoraenequipo.com.mx\/?s={search_term_string}\"},\"query-input\":{\"@type\":\"PropertyValueSpecification\",\"valueRequired\":true,\"valueName\":\"search_term_string\"}}],\"inLanguage\":\"es\"},{\"@type\":\"Organization\",\"@id\":\"https:\/\/www.sonoraenequipo.com.mx\/#organization\",\"name\":\"Sonoraenequipo.com.mx\",\"url\":\"https:\/\/www.sonoraenequipo.com.mx\/\",\"logo\":{\"@type\":\"ImageObject\",\"inLanguage\":\"es\",\"@id\":\"https:\/\/www.sonoraenequipo.com.mx\/#\/schema\/logo\/image\/\",\"url\":\"https:\/\/www.sonoraenequipo.com.mx\/storage\/2019\/01\/sonoraenequipo_opt.png\",\"contentUrl\":\"https:\/\/www.sonoraenequipo.com.mx\/storage\/2019\/01\/sonoraenequipo_opt.png\",\"width\":375,\"height\":125,\"caption\":\"Sonoraenequipo.com.mx\"},\"image\":{\"@id\":\"https:\/\/www.sonoraenequipo.com.mx\/#\/schema\/logo\/image\/\"},\"sameAs\":[\"https:\/\/www.facebook.com\/SonoraEE\/\",\"https:\/\/x.com\/sonoraenequipo\",\"https:\/\/www.youtube.com\/channel\/UC338nW-lPEYmJQs4ZABQ1SQ\"]},{\"@type\":\"Person\",\"@id\":\"https:\/\/www.sonoraenequipo.com.mx\/#\/schema\/person\/50102df0fb23a8fa9e8effad8fa81386\",\"name\":\"enequipo\",\"image\":{\"@type\":\"ImageObject\",\"inLanguage\":\"es\",\"@id\":\"https:\/\/www.sonoraenequipo.com.mx\/#\/schema\/person\/image\/\",\"url\":\"https:\/\/secure.gravatar.com\/avatar\/049821681b589dabc0bc20695993ccebb09f5b5d4d790cd9251b97faac7c652b?s=96&d=blank&r=g\",\"contentUrl\":\"https:\/\/secure.gravatar.com\/avatar\/049821681b589dabc0bc20695993ccebb09f5b5d4d790cd9251b97faac7c652b?s=96&d=blank&r=g\",\"caption\":\"enequipo\"},\"sameAs\":[\"https:\/\/www.facebook.com\/SonoraEE\"]}]}<\/script>\n ","yoast_head_json":{"title":"Sonora en Equipo. AMLO desmiente que L\u00f3pez-Gatell haya sido hospitalizado nuevamente por COVID-19 Rep\u00fablica","description":"CIUDAD DE M\u00c9XICO. MX. \u2014 El presidente de M\u00e9xico, Andr\u00e9s Manuel L\u00f3pez Obrador (AMLO), desminti\u00f3 que el subsecretario de Salud, Hugo L\u00f3pez-Gatell, haya sido En Sonora en Equipo publicamos toda la informaci\u00f3n de Sonora, M\u00e9xico y el Mundo de manera oportuna y busca que la libertad de expresi\u00f3n sea real. Visita nuestro medio informativo publicado desde Hermosillo, Sonora. %","robots":{"index":"index","follow":"follow","max-snippet":"max-snippet:-1","max-image-preview":"max-image-preview:large","max-video-preview":"max-video-preview:-1"},"canonical":"https:\/\/www.sonoraenequipo.com.mx\/amlo-desmiente-que-lopez-gatell-haya-sido-hospitalizado-nuevamente-por-covid-19\/","og_locale":"es_ES","og_type":"article","og_title":"Sonora en Equipo. AMLO desmiente que L\u00f3pez-Gatell haya sido hospitalizado nuevamente por COVID-19 Rep\u00fablica","og_description":"CIUDAD DE M\u00c9XICO. MX. \u2014 El presidente de M\u00e9xico, Andr\u00e9s Manuel L\u00f3pez Obrador (AMLO), desminti\u00f3 que el subsecretario de Salud, Hugo L\u00f3pez-Gatell, haya sido En Sonora en Equipo publicamos toda la informaci\u00f3n de Sonora, M\u00e9xico y el Mundo de manera oportuna y busca que la libertad de expresi\u00f3n sea real. Visita nuestro medio informativo publicado desde Hermosillo, Sonora. %","og_url":"https:\/\/www.sonoraenequipo.com.mx\/amlo-desmiente-que-lopez-gatell-haya-sido-hospitalizado-nuevamente-por-covid-19\/","og_site_name":"Sonora en Equipo.","article_publisher":"https:\/\/www.facebook.com\/SonoraEE\/","article_author":"https:\/\/www.facebook.com\/SonoraEE","article_published_time":"2021-03-05T17:30:15+00:00","article_modified_time":"2021-03-05T20:04:04+00:00","og_image":[{"width":689,"height":400,"url":"https:\/\/www.sonoraenequipo.com.mx\/storage\/2021\/03\/lopez-gatell_opt5.jpg","type":"image\/jpeg"}],"author":"enequipo","twitter_card":"summary_large_image","twitter_creator":"@sonoraenequipo","twitter_site":"@sonoraenequipo","twitter_misc":{"Escrito por":"enequipo","Tiempo de lectura":"2 minutos"},"schema":{"@context":"https:\/\/schema.org","@graph":[{"@type":"Article","@id":"https:\/\/www.sonoraenequipo.com.mx\/amlo-desmiente-que-lopez-gatell-haya-sido-hospitalizado-nuevamente-por-covid-19\/#article","isPartOf":{"@id":"https:\/\/www.sonoraenequipo.com.mx\/amlo-desmiente-que-lopez-gatell-haya-sido-hospitalizado-nuevamente-por-covid-19\/"},"author":{"name":"enequipo","@id":"https:\/\/www.sonoraenequipo.com.mx\/#\/schema\/person\/50102df0fb23a8fa9e8effad8fa81386"},"headline":"AMLO desmiente que L\u00f3pez-Gatell haya sido hospitalizado nuevamente por COVID-19","datePublished":"2021-03-05T17:30:15+00:00","dateModified":"2021-03-05T20:04:04+00:00","mainEntityOfPage":{"@id":"https:\/\/www.sonoraenequipo.com.mx\/amlo-desmiente-que-lopez-gatell-haya-sido-hospitalizado-nuevamente-por-covid-19\/"},"wordCount":331,"commentCount":0,"publisher":{"@id":"https:\/\/www.sonoraenequipo.com.mx\/#organization"},"image":{"@id":"https:\/\/www.sonoraenequipo.com.mx\/amlo-desmiente-que-lopez-gatell-haya-sido-hospitalizado-nuevamente-por-covid-19\/#primaryimage"},"thumbnailUrl":"https:\/\/www.sonoraenequipo.com.mx\/storage\/2021\/03\/lopez-gatell_opt5.jpg","articleSection":["Rep\u00fablica"],"inLanguage":"es","potentialAction":[{"@type":"CommentAction","name":"Comment","target":["https:\/\/www.sonoraenequipo.com.mx\/amlo-desmiente-que-lopez-gatell-haya-sido-hospitalizado-nuevamente-por-covid-19\/#respond"]}]},{"@type":"WebPage","@id":"https:\/\/www.sonoraenequipo.com.mx\/amlo-desmiente-que-lopez-gatell-haya-sido-hospitalizado-nuevamente-por-covid-19\/","url":"https:\/\/www.sonoraenequipo.com.mx\/amlo-desmiente-que-lopez-gatell-haya-sido-hospitalizado-nuevamente-por-covid-19\/","name":"Sonora en Equipo. AMLO desmiente que L\u00f3pez-Gatell haya sido hospitalizado nuevamente por COVID-19 Rep\u00fablica","isPartOf":{"@id":"https:\/\/www.sonoraenequipo.com.mx\/#website"},"primaryImageOfPage":{"@id":"https:\/\/www.sonoraenequipo.com.mx\/amlo-desmiente-que-lopez-gatell-haya-sido-hospitalizado-nuevamente-por-covid-19\/#primaryimage"},"image":{"@id":"https:\/\/www.sonoraenequipo.com.mx\/amlo-desmiente-que-lopez-gatell-haya-sido-hospitalizado-nuevamente-por-covid-19\/#primaryimage"},"thumbnailUrl":"https:\/\/www.sonoraenequipo.com.mx\/storage\/2021\/03\/lopez-gatell_opt5.jpg","datePublished":"2021-03-05T17:30:15+00:00","dateModified":"2021-03-05T20:04:04+00:00","description":"CIUDAD DE M\u00c9XICO. MX. \u2014 El presidente de M\u00e9xico, Andr\u00e9s Manuel L\u00f3pez Obrador (AMLO), desminti\u00f3 que el subsecretario de Salud, Hugo L\u00f3pez-Gatell, haya sido En Sonora en Equipo publicamos toda la informaci\u00f3n de Sonora, M\u00e9xico y el Mundo de manera oportuna y busca que la libertad de expresi\u00f3n sea real. Visita nuestro medio informativo publicado desde Hermosillo, Sonora. %","breadcrumb":{"@id":"https:\/\/www.sonoraenequipo.com.mx\/amlo-desmiente-que-lopez-gatell-haya-sido-hospitalizado-nuevamente-por-covid-19\/#breadcrumb"},"inLanguage":"es","potentialAction":[{"@type":"ReadAction","target":["https:\/\/www.sonoraenequipo.com.mx\/amlo-desmiente-que-lopez-gatell-haya-sido-hospitalizado-nuevamente-por-covid-19\/"]}]},{"@type":"ImageObject","inLanguage":"es","@id":"https:\/\/www.sonoraenequipo.com.mx\/amlo-desmiente-que-lopez-gatell-haya-sido-hospitalizado-nuevamente-por-covid-19\/#primaryimage","url":"https:\/\/www.sonoraenequipo.com.mx\/storage\/2021\/03\/lopez-gatell_opt5.jpg","contentUrl":"https:\/\/www.sonoraenequipo.com.mx\/storage\/2021\/03\/lopez-gatell_opt5.jpg","width":689,"height":400},{"@type":"BreadcrumbList","@id":"https:\/\/www.sonoraenequipo.com.mx\/amlo-desmiente-que-lopez-gatell-haya-sido-hospitalizado-nuevamente-por-covid-19\/#breadcrumb","itemListElement":[{"@type":"ListItem","position":1,"name":"Portada","item":"https:\/\/www.sonoraenequipo.com.mx\/"},{"@type":"ListItem","position":2,"name":"AMLO desmiente que L\u00f3pez-Gatell haya sido hospitalizado nuevamente por COVID-19"}]},{"@type":"WebSite","@id":"https:\/\/www.sonoraenequipo.com.mx\/#website","url":"https:\/\/www.sonoraenequipo.com.mx\/","name":"Sonora en Equipo.","description":"Diario en l\u00ednea con Noticias desde Hermosillo, Sonora","publisher":{"@id":"https:\/\/www.sonoraenequipo.com.mx\/#organization"},"potentialAction":[{"@type":"SearchAction","target":{"@type":"EntryPoint","urlTemplate":"https:\/\/www.sonoraenequipo.com.mx\/?s={search_term_string}"},"query-input":{"@type":"PropertyValueSpecification","valueRequired":true,"valueName":"search_term_string"}}],"inLanguage":"es"},{"@type":"Organization","@id":"https:\/\/www.sonoraenequipo.com.mx\/#organization","name":"Sonoraenequipo.com.mx","url":"https:\/\/www.sonoraenequipo.com.mx\/","logo":{"@type":"ImageObject","inLanguage":"es","@id":"https:\/\/www.sonoraenequipo.com.mx\/#\/schema\/logo\/image\/","url":"https:\/\/www.sonoraenequipo.com.mx\/storage\/2019\/01\/sonoraenequipo_opt.png","contentUrl":"https:\/\/www.sonoraenequipo.com.mx\/storage\/2019\/01\/sonoraenequipo_opt.png","width":375,"height":125,"caption":"Sonoraenequipo.com.mx"},"image":{"@id":"https:\/\/www.sonoraenequipo.com.mx\/#\/schema\/logo\/image\/"},"sameAs":["https:\/\/www.facebook.com\/SonoraEE\/","https:\/\/x.com\/sonoraenequipo","https:\/\/www.youtube.com\/channel\/UC338nW-lPEYmJQs4ZABQ1SQ"]},{"@type":"Person","@id":"https:\/\/www.sonoraenequipo.com.mx\/#\/schema\/person\/50102df0fb23a8fa9e8effad8fa81386","name":"enequipo","image":{"@type":"ImageObject","inLanguage":"es","@id":"https:\/\/www.sonoraenequipo.com.mx\/#\/schema\/person\/image\/","url":"https:\/\/secure.gravatar.com\/avatar\/049821681b589dabc0bc20695993ccebb09f5b5d4d790cd9251b97faac7c652b?s=96&d=blank&r=g","contentUrl":"https:\/\/secure.gravatar.com\/avatar\/049821681b589dabc0bc20695993ccebb09f5b5d4d790cd9251b97faac7c652b?s=96&d=blank&r=g","caption":"enequipo"},"sameAs":["https:\/\/www.facebook.com\/SonoraEE"]}]}},"jetpack_featured_media_url":"https:\/\/www.sonoraenequipo.com.mx\/storage\/2021\/03\/lopez-gatell_opt5.jpg","_links":{"self":[{"href":"https:\/\/www.sonoraenequipo.com.mx\/api\/wp\/v2\/posts\/108388","targetHints":{"allow":["GET"]}}],"collection":[{"href":"https:\/\/www.sonoraenequipo.com.mx\/api\/wp\/v2\/posts"}],"about":[{"href":"https:\/\/www.sonoraenequipo.com.mx\/api\/wp\/v2\/types\/post"}],"author":[{"embeddable":true,"href":"https:\/\/www.sonoraenequipo.com.mx\/api\/wp\/v2\/users\/1"}],"replies":[{"embeddable":true,"href":"https:\/\/www.sonoraenequipo.com.mx\/api\/wp\/v2\/comments?post=108388"}],"version-history":[{"count":1,"href":"https:\/\/www.sonoraenequipo.com.mx\/api\/wp\/v2\/posts\/108388\/revisions"}],"predecessor-version":[{"id":108390,"href":"https:\/\/www.sonoraenequipo.com.mx\/api\/wp\/v2\/posts\/108388\/revisions\/108390"}],"wp:featuredmedia":[{"embeddable":true,"href":"https:\/\/www.sonoraenequipo.com.mx\/api\/wp\/v2\/media\/108389"}],"wp:attachment":[{"href":"https:\/\/www.sonoraenequipo.com.mx\/api\/wp\/v2\/media?parent=108388"}],"wp:term":[{"taxonomy":"category","embeddable":true,"href":"https:\/\/www.sonoraenequipo.com.mx\/api\/wp\/v2\/categories?post=108388"},{"taxonomy":"post_tag","embeddable":true,"href":"https:\/\/www.sonoraenequipo.com.mx\/api\/wp\/v2\/tags?post=108388"}],"curies":[{"name":"wp","href":"https:\/\/api.w.org\/{rel}","templated":true}]}}