{"id":108392,"date":"2021-03-05T16:22:08","date_gmt":"2021-03-05T23:22:08","guid":{"rendered":"https:\/\/www.sonoraenequipo.com.mx\/?p=108392"},"modified":"2021-03-05T17:09:48","modified_gmt":"2021-03-06T00:09:48","slug":"desde-irak-papa-francisco-pide-compromiso-con-la-paz-de-oriente-medio","status":"publish","type":"post","link":"https:\/\/www.sonoraenequipo.com.mx\/desde-irak-papa-francisco-pide-compromiso-con-la-paz-de-oriente-medio\/","title":{"rendered":"Desde Irak, papa Francisco pide compromiso con la paz de Oriente Medio"},"content":{"rendered":"<p>IRAK. \u2014 El papa Francisco pidi\u00f3 hoy el compromiso de la comunidad internacional para llevar la paz a Irak y todo Oriente Medio, \u00abpero sin imponer intereses pol\u00edticos e ideol\u00f3gicos\u00bb, en su primer discurso en Bagdad ante las autoridades iraqu\u00edes.<\/p>\n<p>&nbsp;<\/p>\n<p> <\/p>\n<p>&nbsp;<\/p>\n<p>El primer acto de Francisco, que lleg\u00f3 este viernes a Irak para una visita de tres d\u00edas, tras 15 meses sin viajar por la pandemia, fue reunirse en privado durante media hora con el presidente del pa\u00eds, el kurdo Barham Saleh, que le recibi\u00f3 a la puerta del palacio presidencial.<\/p>\n<p>&nbsp;<\/p>\n<p>Despu\u00e9s y ante centenares de personas reunidas all\u00ed, entre autoridades y miembros del cuerpo diplom\u00e1tico, el papa se present\u00f3 como <em>\u00abpenitente que pide perd\u00f3n al Cielo y a los hermanos por tantas destrucciones y crueldad\u00bb y \u00abcomo peregrino de paz\u00bb.<\/em><\/p>\n<p>&nbsp;<\/p>\n<p>En un pa\u00eds que ha vivido los \u00faltimos 20 a\u00f1os en guerra, clam\u00f3 para que finalmente \u00abcallen las armas, que se evite su proliferaci\u00f3n, aqu\u00ed y en todas partes. Que cesen los intereses particulares, esos intereses externos que son indiferentes a la poblaci\u00f3n local\u00bb.<\/p>\n<p>&nbsp;<\/p>\n<p><em>\u00abNo m\u00e1s violencia, extremismos, facciones, intolerancias\u00bb<\/em>, agreg\u00f3.<\/p>\n<p>&nbsp;<\/p>\n<p>Destac\u00f3 entonces que \u00abla comunidad internacional tiene un rol decisivo que desempe\u00f1ar en la promoci\u00f3n de la paz en esta tierra y en todo Oriente Medio\u00bb y cit\u00f3 \u00abel largo conflicto en la vecina naci\u00f3n de Siria, de cuyo inicio se cumplen en estos d\u00edas ya diez a\u00f1os\u00bb.<\/p>\n<p>&nbsp;<\/p>\n<p>Y esper\u00f3 <em>\u00abque las naciones no retiren del pueblo iraqu\u00ed la mano extendida de la amistad y del compromiso constructivo, sino que sigan trabajando con esp\u00edritu de responsabilidad com\u00fan con las autoridades locales, sin imponer intereses pol\u00edticos o ideol\u00f3gicos\u00bb.<\/em><\/p>\n<p>&nbsp;<\/p>\n<h3><strong>No usar el nombre de Dios para justificar el terrorismo<br \/>\n<\/strong><\/h3>\n<p>Ante el terror del extremismo isl\u00e1mico que se ha vivido en el pa\u00eds, el papa record\u00f3 que \u00ab<em>la religi\u00f3n, por su naturaleza, debe estar al servicio de la paz y la fraternidad\u00bb<\/em> y que \u00ab<em>el nombre de Dios no puede ser usado para justificar actos de homicidio, exilio, terrorismo y opresi\u00f3n\u00bb.<\/em><\/p>\n<p>&nbsp;<\/p>\n<p>El papa, que ha venido a reconfortar a los cristianos que fueron brutalmente perseguidos durante la invasi\u00f3n del Estado Isl\u00e1mico en 2014, quiso recordar que \u00abentre los tantos que han sufrido, a los yazid\u00edes, v\u00edctimas inocentes de una barbarie insensata e inhumana, perseguidos y asesinados a causa de sus creencias religiosas, cuya propia identidad y supervivencia se han puesto en peligro\u00bb.<\/p>\n<p>&nbsp;<\/p>\n<p>Tras escuchar el discurso del presidente iraqu\u00ed, tambi\u00e9n realiz\u00f3 un llamamiento para que las autoridades<em> \u00abconcedan a todas las comunidades religiosas reconocimiento, respeto, derechos y protecci\u00f3n\u00bb<\/em> ya que muchos cristianos lamentan que no se les garanticen algunos derechos.<\/p>\n<p>&nbsp;<\/p>\n<p>Asimismo, pidi\u00f3 a los pol\u00edticos que en esta fase de reconstrucci\u00f3n del pa\u00eds <em>\u00abcombatan la plaga de la corrupci\u00f3n, los abusos de poder y la ilegalidad\u00bb,<\/em> pero al mismo tiempo \u00abedifiquen la justicia, que crezca la honestidad y la transparencia, y que se refuercen las instituciones competentes\u00bb.<\/p>\n<p>&nbsp;<\/p>\n<p>Tambi\u00e9n tuvo palabras sobre la pandemia y agreg\u00f3 que, aunque todos est\u00e1n colaborando, esta crisis requiere esfuerzos comunes<em> \u00abpara dar los pasos necesarios\u00bb y \u00abentre ellos una distribuci\u00f3n equitativa de las vacunas para todos\u00bb<\/em>. Las primeras vacunas llegaron a Irak s\u00f3lo hace unos d\u00edas.<\/p>\n<p>&nbsp;<\/p>\n<p>(Publicada el 05\/03\/2021)<\/p>\n","protected":false},"excerpt":{"rendered":"<p>IRAK. \u2014 El papa Francisco pidi\u00f3 hoy el compromiso de la comunidad internacional para llevar&#8230;<\/p>\n","protected":false},"author":1,"featured_media":108393,"comment_status":"open","ping_status":"open","sticky":false,"template":"","format":"standard","meta":{"_monsterinsights_skip_tracking":false,"_monsterinsights_sitenote_active":false,"_monsterinsights_sitenote_note":"","_monsterinsights_sitenote_category":0,"footnotes":""},"categories":[3],"tags":[],"class_list":["post"],"yoast_head":" \n<title>Sonora en Equipo. Desde Irak, papa Francisco pide compromiso con la paz de Oriente Medio MUNDO<\/title>\n<meta name=\"description\" content=\"IRAK. \u2014 El papa Francisco pidi\u00f3 hoy el compromiso de la comunidad internacional para llevar la paz a Irak y todo Oriente Medio, &quot;pero sin imponer En Sonora en Equipo publicamos toda la informaci\u00f3n de Sonora, M\u00e9xico y el Mundo de manera oportuna y busca que la libertad de expresi\u00f3n sea real. Visita nuestro medio informativo publicado desde Hermosillo, Sonora. %\" \/>\n<meta name=\"robots\" content=\"index, follow, max-snippet:-1, max-image-preview:large, max-video-preview:-1\" \/>\n<link rel=\"canonical\" href=\"https:\/\/www.sonoraenequipo.com.mx\/desde-irak-papa-francisco-pide-compromiso-con-la-paz-de-oriente-medio\/\" \/>\n<meta property=\"og:locale\" content=\"es_ES\" \/>\n<meta property=\"og:type\" content=\"article\" \/>\n<meta property=\"og:title\" content=\"Sonora en Equipo. Desde Irak, papa Francisco pide compromiso con la paz de Oriente Medio MUNDO\" \/>\n<meta property=\"og:description\" content=\"IRAK. \u2014 El papa Francisco pidi\u00f3 hoy el compromiso de la comunidad internacional para llevar la paz a Irak y todo Oriente Medio, &quot;pero sin imponer En Sonora en Equipo publicamos toda la informaci\u00f3n de Sonora, M\u00e9xico y el Mundo de manera oportuna y busca que la libertad de expresi\u00f3n sea real. Visita nuestro medio informativo publicado desde Hermosillo, Sonora. %\" \/>\n<meta property=\"og:url\" content=\"https:\/\/www.sonoraenequipo.com.mx\/desde-irak-papa-francisco-pide-compromiso-con-la-paz-de-oriente-medio\/\" \/>\n<meta property=\"og:site_name\" content=\"Sonora en Equipo.\" \/>\n<meta property=\"article:publisher\" content=\"https:\/\/www.facebook.com\/SonoraEE\/\" \/>\n<meta property=\"article:author\" content=\"https:\/\/www.facebook.com\/SonoraEE\" \/>\n<meta property=\"article:published_time\" content=\"2021-03-05T23:22:08+00:00\" \/>\n<meta property=\"article:modified_time\" content=\"2021-03-06T00:09:48+00:00\" \/>\n<meta property=\"og:image\" content=\"https:\/\/www.sonoraenequipo.com.mx\/storage\/2021\/03\/papa-francisco_opt3.jpg\" \/>\n\t<meta property=\"og:image:width\" content=\"600\" \/>\n\t<meta property=\"og:image:height\" content=\"400\" \/>\n\t<meta property=\"og:image:type\" content=\"image\/jpeg\" \/>\n<meta name=\"author\" content=\"enequipo\" \/>\n<meta name=\"twitter:card\" content=\"summary_large_image\" \/>\n<meta name=\"twitter:creator\" content=\"@sonoraenequipo\" \/>\n<meta name=\"twitter:site\" content=\"@sonoraenequipo\" \/>\n<meta name=\"twitter:label1\" content=\"Escrito por\" \/>\n\t<meta name=\"twitter:data1\" content=\"enequipo\" \/>\n\t<meta name=\"twitter:label2\" content=\"Tiempo de lectura\" \/>\n\t<meta name=\"twitter:data2\" content=\"3 minutos\" \/>\n<script type=\"application\/ld+json\" class=\"yoast-schema-graph\">{\"@context\":\"https:\/\/schema.org\",\"@graph\":[{\"@type\":\"Article\",\"@id\":\"https:\/\/www.sonoraenequipo.com.mx\/desde-irak-papa-francisco-pide-compromiso-con-la-paz-de-oriente-medio\/#article\",\"isPartOf\":{\"@id\":\"https:\/\/www.sonoraenequipo.com.mx\/desde-irak-papa-francisco-pide-compromiso-con-la-paz-de-oriente-medio\/\"},\"author\":{\"name\":\"enequipo\",\"@id\":\"https:\/\/www.sonoraenequipo.com.mx\/#\/schema\/person\/50102df0fb23a8fa9e8effad8fa81386\"},\"headline\":\"Desde Irak, papa Francisco pide compromiso con la paz de Oriente Medio\",\"datePublished\":\"2021-03-05T23:22:08+00:00\",\"dateModified\":\"2021-03-06T00:09:48+00:00\",\"mainEntityOfPage\":{\"@id\":\"https:\/\/www.sonoraenequipo.com.mx\/desde-irak-papa-francisco-pide-compromiso-con-la-paz-de-oriente-medio\/\"},\"wordCount\":583,\"commentCount\":0,\"publisher\":{\"@id\":\"https:\/\/www.sonoraenequipo.com.mx\/#organization\"},\"image\":{\"@id\":\"https:\/\/www.sonoraenequipo.com.mx\/desde-irak-papa-francisco-pide-compromiso-con-la-paz-de-oriente-medio\/#primaryimage\"},\"thumbnailUrl\":\"https:\/\/www.sonoraenequipo.com.mx\/storage\/2021\/03\/papa-francisco_opt3.jpg\",\"articleSection\":[\"MUNDO\"],\"inLanguage\":\"es\",\"potentialAction\":[{\"@type\":\"CommentAction\",\"name\":\"Comment\",\"target\":[\"https:\/\/www.sonoraenequipo.com.mx\/desde-irak-papa-francisco-pide-compromiso-con-la-paz-de-oriente-medio\/#respond\"]}]},{\"@type\":\"WebPage\",\"@id\":\"https:\/\/www.sonoraenequipo.com.mx\/desde-irak-papa-francisco-pide-compromiso-con-la-paz-de-oriente-medio\/\",\"url\":\"https:\/\/www.sonoraenequipo.com.mx\/desde-irak-papa-francisco-pide-compromiso-con-la-paz-de-oriente-medio\/\",\"name\":\"Sonora en Equipo. Desde Irak, papa Francisco pide compromiso con la paz de Oriente Medio MUNDO\",\"isPartOf\":{\"@id\":\"https:\/\/www.sonoraenequipo.com.mx\/#website\"},\"primaryImageOfPage\":{\"@id\":\"https:\/\/www.sonoraenequipo.com.mx\/desde-irak-papa-francisco-pide-compromiso-con-la-paz-de-oriente-medio\/#primaryimage\"},\"image\":{\"@id\":\"https:\/\/www.sonoraenequipo.com.mx\/desde-irak-papa-francisco-pide-compromiso-con-la-paz-de-oriente-medio\/#primaryimage\"},\"thumbnailUrl\":\"https:\/\/www.sonoraenequipo.com.mx\/storage\/2021\/03\/papa-francisco_opt3.jpg\",\"datePublished\":\"2021-03-05T23:22:08+00:00\",\"dateModified\":\"2021-03-06T00:09:48+00:00\",\"description\":\"IRAK. \u2014 El papa Francisco pidi\u00f3 hoy el compromiso de la comunidad internacional para llevar la paz a Irak y todo Oriente Medio, \\\"pero sin imponer En Sonora en Equipo publicamos toda la informaci\u00f3n de Sonora, M\u00e9xico y el Mundo de manera oportuna y busca que la libertad de expresi\u00f3n sea real. Visita nuestro medio informativo publicado desde Hermosillo, Sonora. %\",\"breadcrumb\":{\"@id\":\"https:\/\/www.sonoraenequipo.com.mx\/desde-irak-papa-francisco-pide-compromiso-con-la-paz-de-oriente-medio\/#breadcrumb\"},\"inLanguage\":\"es\",\"potentialAction\":[{\"@type\":\"ReadAction\",\"target\":[\"https:\/\/www.sonoraenequipo.com.mx\/desde-irak-papa-francisco-pide-compromiso-con-la-paz-de-oriente-medio\/\"]}]},{\"@type\":\"ImageObject\",\"inLanguage\":\"es\",\"@id\":\"https:\/\/www.sonoraenequipo.com.mx\/desde-irak-papa-francisco-pide-compromiso-con-la-paz-de-oriente-medio\/#primaryimage\",\"url\":\"https:\/\/www.sonoraenequipo.com.mx\/storage\/2021\/03\/papa-francisco_opt3.jpg\",\"contentUrl\":\"https:\/\/www.sonoraenequipo.com.mx\/storage\/2021\/03\/papa-francisco_opt3.jpg\",\"width\":600,\"height\":400},{\"@type\":\"BreadcrumbList\",\"@id\":\"https:\/\/www.sonoraenequipo.com.mx\/desde-irak-papa-francisco-pide-compromiso-con-la-paz-de-oriente-medio\/#breadcrumb\",\"itemListElement\":[{\"@type\":\"ListItem\",\"position\":1,\"name\":\"Portada\",\"item\":\"https:\/\/www.sonoraenequipo.com.mx\/\"},{\"@type\":\"ListItem\",\"position\":2,\"name\":\"Desde Irak, papa Francisco pide compromiso con la paz de Oriente Medio\"}]},{\"@type\":\"WebSite\",\"@id\":\"https:\/\/www.sonoraenequipo.com.mx\/#website\",\"url\":\"https:\/\/www.sonoraenequipo.com.mx\/\",\"name\":\"Sonora en Equipo.\",\"description\":\"Diario en l\u00ednea con Noticias desde Hermosillo, Sonora\",\"publisher\":{\"@id\":\"https:\/\/www.sonoraenequipo.com.mx\/#organization\"},\"potentialAction\":[{\"@type\":\"SearchAction\",\"target\":{\"@type\":\"EntryPoint\",\"urlTemplate\":\"https:\/\/www.sonoraenequipo.com.mx\/?s={search_term_string}\"},\"query-input\":{\"@type\":\"PropertyValueSpecification\",\"valueRequired\":true,\"valueName\":\"search_term_string\"}}],\"inLanguage\":\"es\"},{\"@type\":\"Organization\",\"@id\":\"https:\/\/www.sonoraenequipo.com.mx\/#organization\",\"name\":\"Sonoraenequipo.com.mx\",\"url\":\"https:\/\/www.sonoraenequipo.com.mx\/\",\"logo\":{\"@type\":\"ImageObject\",\"inLanguage\":\"es\",\"@id\":\"https:\/\/www.sonoraenequipo.com.mx\/#\/schema\/logo\/image\/\",\"url\":\"https:\/\/www.sonoraenequipo.com.mx\/storage\/2019\/01\/sonoraenequipo_opt.png\",\"contentUrl\":\"https:\/\/www.sonoraenequipo.com.mx\/storage\/2019\/01\/sonoraenequipo_opt.png\",\"width\":375,\"height\":125,\"caption\":\"Sonoraenequipo.com.mx\"},\"image\":{\"@id\":\"https:\/\/www.sonoraenequipo.com.mx\/#\/schema\/logo\/image\/\"},\"sameAs\":[\"https:\/\/www.facebook.com\/SonoraEE\/\",\"https:\/\/x.com\/sonoraenequipo\",\"https:\/\/www.youtube.com\/channel\/UC338nW-lPEYmJQs4ZABQ1SQ\"]},{\"@type\":\"Person\",\"@id\":\"https:\/\/www.sonoraenequipo.com.mx\/#\/schema\/person\/50102df0fb23a8fa9e8effad8fa81386\",\"name\":\"enequipo\",\"image\":{\"@type\":\"ImageObject\",\"inLanguage\":\"es\",\"@id\":\"https:\/\/www.sonoraenequipo.com.mx\/#\/schema\/person\/image\/\",\"url\":\"https:\/\/secure.gravatar.com\/avatar\/049821681b589dabc0bc20695993ccebb09f5b5d4d790cd9251b97faac7c652b?s=96&d=blank&r=g\",\"contentUrl\":\"https:\/\/secure.gravatar.com\/avatar\/049821681b589dabc0bc20695993ccebb09f5b5d4d790cd9251b97faac7c652b?s=96&d=blank&r=g\",\"caption\":\"enequipo\"},\"sameAs\":[\"https:\/\/www.facebook.com\/SonoraEE\"]}]}<\/script>\n ","yoast_head_json":{"title":"Sonora en Equipo. Desde Irak, papa Francisco pide compromiso con la paz de Oriente Medio MUNDO","description":"IRAK. \u2014 El papa Francisco pidi\u00f3 hoy el compromiso de la comunidad internacional para llevar la paz a Irak y todo Oriente Medio, \"pero sin imponer En Sonora en Equipo publicamos toda la informaci\u00f3n de Sonora, M\u00e9xico y el Mundo de manera oportuna y busca que la libertad de expresi\u00f3n sea real. Visita nuestro medio informativo publicado desde Hermosillo, Sonora. %","robots":{"index":"index","follow":"follow","max-snippet":"max-snippet:-1","max-image-preview":"max-image-preview:large","max-video-preview":"max-video-preview:-1"},"canonical":"https:\/\/www.sonoraenequipo.com.mx\/desde-irak-papa-francisco-pide-compromiso-con-la-paz-de-oriente-medio\/","og_locale":"es_ES","og_type":"article","og_title":"Sonora en Equipo. Desde Irak, papa Francisco pide compromiso con la paz de Oriente Medio MUNDO","og_description":"IRAK. \u2014 El papa Francisco pidi\u00f3 hoy el compromiso de la comunidad internacional para llevar la paz a Irak y todo Oriente Medio, \"pero sin imponer En Sonora en Equipo publicamos toda la informaci\u00f3n de Sonora, M\u00e9xico y el Mundo de manera oportuna y busca que la libertad de expresi\u00f3n sea real. Visita nuestro medio informativo publicado desde Hermosillo, Sonora. %","og_url":"https:\/\/www.sonoraenequipo.com.mx\/desde-irak-papa-francisco-pide-compromiso-con-la-paz-de-oriente-medio\/","og_site_name":"Sonora en Equipo.","article_publisher":"https:\/\/www.facebook.com\/SonoraEE\/","article_author":"https:\/\/www.facebook.com\/SonoraEE","article_published_time":"2021-03-05T23:22:08+00:00","article_modified_time":"2021-03-06T00:09:48+00:00","og_image":[{"width":600,"height":400,"url":"https:\/\/www.sonoraenequipo.com.mx\/storage\/2021\/03\/papa-francisco_opt3.jpg","type":"image\/jpeg"}],"author":"enequipo","twitter_card":"summary_large_image","twitter_creator":"@sonoraenequipo","twitter_site":"@sonoraenequipo","twitter_misc":{"Escrito por":"enequipo","Tiempo de lectura":"3 minutos"},"schema":{"@context":"https:\/\/schema.org","@graph":[{"@type":"Article","@id":"https:\/\/www.sonoraenequipo.com.mx\/desde-irak-papa-francisco-pide-compromiso-con-la-paz-de-oriente-medio\/#article","isPartOf":{"@id":"https:\/\/www.sonoraenequipo.com.mx\/desde-irak-papa-francisco-pide-compromiso-con-la-paz-de-oriente-medio\/"},"author":{"name":"enequipo","@id":"https:\/\/www.sonoraenequipo.com.mx\/#\/schema\/person\/50102df0fb23a8fa9e8effad8fa81386"},"headline":"Desde Irak, papa Francisco pide compromiso con la paz de Oriente Medio","datePublished":"2021-03-05T23:22:08+00:00","dateModified":"2021-03-06T00:09:48+00:00","mainEntityOfPage":{"@id":"https:\/\/www.sonoraenequipo.com.mx\/desde-irak-papa-francisco-pide-compromiso-con-la-paz-de-oriente-medio\/"},"wordCount":583,"commentCount":0,"publisher":{"@id":"https:\/\/www.sonoraenequipo.com.mx\/#organization"},"image":{"@id":"https:\/\/www.sonoraenequipo.com.mx\/desde-irak-papa-francisco-pide-compromiso-con-la-paz-de-oriente-medio\/#primaryimage"},"thumbnailUrl":"https:\/\/www.sonoraenequipo.com.mx\/storage\/2021\/03\/papa-francisco_opt3.jpg","articleSection":["MUNDO"],"inLanguage":"es","potentialAction":[{"@type":"CommentAction","name":"Comment","target":["https:\/\/www.sonoraenequipo.com.mx\/desde-irak-papa-francisco-pide-compromiso-con-la-paz-de-oriente-medio\/#respond"]}]},{"@type":"WebPage","@id":"https:\/\/www.sonoraenequipo.com.mx\/desde-irak-papa-francisco-pide-compromiso-con-la-paz-de-oriente-medio\/","url":"https:\/\/www.sonoraenequipo.com.mx\/desde-irak-papa-francisco-pide-compromiso-con-la-paz-de-oriente-medio\/","name":"Sonora en Equipo. Desde Irak, papa Francisco pide compromiso con la paz de Oriente Medio MUNDO","isPartOf":{"@id":"https:\/\/www.sonoraenequipo.com.mx\/#website"},"primaryImageOfPage":{"@id":"https:\/\/www.sonoraenequipo.com.mx\/desde-irak-papa-francisco-pide-compromiso-con-la-paz-de-oriente-medio\/#primaryimage"},"image":{"@id":"https:\/\/www.sonoraenequipo.com.mx\/desde-irak-papa-francisco-pide-compromiso-con-la-paz-de-oriente-medio\/#primaryimage"},"thumbnailUrl":"https:\/\/www.sonoraenequipo.com.mx\/storage\/2021\/03\/papa-francisco_opt3.jpg","datePublished":"2021-03-05T23:22:08+00:00","dateModified":"2021-03-06T00:09:48+00:00","description":"IRAK. \u2014 El papa Francisco pidi\u00f3 hoy el compromiso de la comunidad internacional para llevar la paz a Irak y todo Oriente Medio, \"pero sin imponer En Sonora en Equipo publicamos toda la informaci\u00f3n de Sonora, M\u00e9xico y el Mundo de manera oportuna y busca que la libertad de expresi\u00f3n sea real. Visita nuestro medio informativo publicado desde Hermosillo, Sonora. %","breadcrumb":{"@id":"https:\/\/www.sonoraenequipo.com.mx\/desde-irak-papa-francisco-pide-compromiso-con-la-paz-de-oriente-medio\/#breadcrumb"},"inLanguage":"es","potentialAction":[{"@type":"ReadAction","target":["https:\/\/www.sonoraenequipo.com.mx\/desde-irak-papa-francisco-pide-compromiso-con-la-paz-de-oriente-medio\/"]}]},{"@type":"ImageObject","inLanguage":"es","@id":"https:\/\/www.sonoraenequipo.com.mx\/desde-irak-papa-francisco-pide-compromiso-con-la-paz-de-oriente-medio\/#primaryimage","url":"https:\/\/www.sonoraenequipo.com.mx\/storage\/2021\/03\/papa-francisco_opt3.jpg","contentUrl":"https:\/\/www.sonoraenequipo.com.mx\/storage\/2021\/03\/papa-francisco_opt3.jpg","width":600,"height":400},{"@type":"BreadcrumbList","@id":"https:\/\/www.sonoraenequipo.com.mx\/desde-irak-papa-francisco-pide-compromiso-con-la-paz-de-oriente-medio\/#breadcrumb","itemListElement":[{"@type":"ListItem","position":1,"name":"Portada","item":"https:\/\/www.sonoraenequipo.com.mx\/"},{"@type":"ListItem","position":2,"name":"Desde Irak, papa Francisco pide compromiso con la paz de Oriente Medio"}]},{"@type":"WebSite","@id":"https:\/\/www.sonoraenequipo.com.mx\/#website","url":"https:\/\/www.sonoraenequipo.com.mx\/","name":"Sonora en Equipo.","description":"Diario en l\u00ednea con Noticias desde Hermosillo, Sonora","publisher":{"@id":"https:\/\/www.sonoraenequipo.com.mx\/#organization"},"potentialAction":[{"@type":"SearchAction","target":{"@type":"EntryPoint","urlTemplate":"https:\/\/www.sonoraenequipo.com.mx\/?s={search_term_string}"},"query-input":{"@type":"PropertyValueSpecification","valueRequired":true,"valueName":"search_term_string"}}],"inLanguage":"es"},{"@type":"Organization","@id":"https:\/\/www.sonoraenequipo.com.mx\/#organization","name":"Sonoraenequipo.com.mx","url":"https:\/\/www.sonoraenequipo.com.mx\/","logo":{"@type":"ImageObject","inLanguage":"es","@id":"https:\/\/www.sonoraenequipo.com.mx\/#\/schema\/logo\/image\/","url":"https:\/\/www.sonoraenequipo.com.mx\/storage\/2019\/01\/sonoraenequipo_opt.png","contentUrl":"https:\/\/www.sonoraenequipo.com.mx\/storage\/2019\/01\/sonoraenequipo_opt.png","width":375,"height":125,"caption":"Sonoraenequipo.com.mx"},"image":{"@id":"https:\/\/www.sonoraenequipo.com.mx\/#\/schema\/logo\/image\/"},"sameAs":["https:\/\/www.facebook.com\/SonoraEE\/","https:\/\/x.com\/sonoraenequipo","https:\/\/www.youtube.com\/channel\/UC338nW-lPEYmJQs4ZABQ1SQ"]},{"@type":"Person","@id":"https:\/\/www.sonoraenequipo.com.mx\/#\/schema\/person\/50102df0fb23a8fa9e8effad8fa81386","name":"enequipo","image":{"@type":"ImageObject","inLanguage":"es","@id":"https:\/\/www.sonoraenequipo.com.mx\/#\/schema\/person\/image\/","url":"https:\/\/secure.gravatar.com\/avatar\/049821681b589dabc0bc20695993ccebb09f5b5d4d790cd9251b97faac7c652b?s=96&d=blank&r=g","contentUrl":"https:\/\/secure.gravatar.com\/avatar\/049821681b589dabc0bc20695993ccebb09f5b5d4d790cd9251b97faac7c652b?s=96&d=blank&r=g","caption":"enequipo"},"sameAs":["https:\/\/www.facebook.com\/SonoraEE"]}]}},"jetpack_featured_media_url":"https:\/\/www.sonoraenequipo.com.mx\/storage\/2021\/03\/papa-francisco_opt3.jpg","_links":{"self":[{"href":"https:\/\/www.sonoraenequipo.com.mx\/api\/wp\/v2\/posts\/108392","targetHints":{"allow":["GET"]}}],"collection":[{"href":"https:\/\/www.sonoraenequipo.com.mx\/api\/wp\/v2\/posts"}],"about":[{"href":"https:\/\/www.sonoraenequipo.com.mx\/api\/wp\/v2\/types\/post"}],"author":[{"embeddable":true,"href":"https:\/\/www.sonoraenequipo.com.mx\/api\/wp\/v2\/users\/1"}],"replies":[{"embeddable":true,"href":"https:\/\/www.sonoraenequipo.com.mx\/api\/wp\/v2\/comments?post=108392"}],"version-history":[{"count":2,"href":"https:\/\/www.sonoraenequipo.com.mx\/api\/wp\/v2\/posts\/108392\/revisions"}],"predecessor-version":[{"id":108395,"href":"https:\/\/www.sonoraenequipo.com.mx\/api\/wp\/v2\/posts\/108392\/revisions\/108395"}],"wp:featuredmedia":[{"embeddable":true,"href":"https:\/\/www.sonoraenequipo.com.mx\/api\/wp\/v2\/media\/108393"}],"wp:attachment":[{"href":"https:\/\/www.sonoraenequipo.com.mx\/api\/wp\/v2\/media?parent=108392"}],"wp:term":[{"taxonomy":"category","embeddable":true,"href":"https:\/\/www.sonoraenequipo.com.mx\/api\/wp\/v2\/categories?post=108392"},{"taxonomy":"post_tag","embeddable":true,"href":"https:\/\/www.sonoraenequipo.com.mx\/api\/wp\/v2\/tags?post=108392"}],"curies":[{"name":"wp","href":"https:\/\/api.w.org\/{rel}","templated":true}]}}