{"id":108396,"date":"2021-03-05T13:45:24","date_gmt":"2021-03-05T20:45:24","guid":{"rendered":"https:\/\/www.sonoraenequipo.com.mx\/?p=108396"},"modified":"2021-03-05T17:15:58","modified_gmt":"2021-03-06T00:15:58","slug":"congresistas-de-eua-exigen-frenar-militarizacion-en-mexico","status":"publish","type":"post","link":"https:\/\/www.sonoraenequipo.com.mx\/congresistas-de-eua-exigen-frenar-militarizacion-en-mexico\/","title":{"rendered":"Congresistas de EUA exigen frenar militarizaci\u00f3n en M\u00e9xico"},"content":{"rendered":"<p>WASHINGTON, ESTADOS UNIDOS. \u2014 Congresistas dem\u00f3cratas de Estados Unidos denunciaron el incremento en la militarizaci\u00f3n en la seguridad p\u00fablica de M\u00e9xico durante el gobierno del presidente Andr\u00e9s Manuel L\u00f3pez Obrador; exigieron a la Administraci\u00f3n de Joe Biden tomar partido y presionar a su hom\u00f3logo mexicano para eliminar las tareas del Ej\u00e9rcito en la seguridad interior para 2024.<\/p>\n<p>&nbsp;<\/p>\n<p> <\/p>\n<p>&nbsp;<\/p>\n<p>En una carta dirigida a Antony Blinken, secretario de Estado, 19 congresistas dem\u00f3cratas urgieron al l\u00edder de la diplomacia estadounidense a que se presione a M\u00e9xico para frenar la militarizaci\u00f3n de la seguridad p\u00fablica y el empleo del Ej\u00e9rcito para combatir al crimen organizado, pues aseguran que \u00abde forma predecible\u00bb esto ha derivado en \u00abserias violaciones a los derechos humanos\u00bb, adem\u00e1s de que se ha fracasado en la lucha contra el narcotr\u00e1fico y la inseguridad no ha sido contenida.<\/p>\n<p>&nbsp;<\/p>\n<p>Para los congresistas, la guerra contra el narcotr\u00e1fico, que ha estado centrada en la detenci\u00f3n de los l\u00edderes de las organizaciones criminales, ha propiciado que los c\u00e1rteles de la droga se dividan, lo que conlleva a una mayor dificultad para frenarlos.<\/p>\n<p>&nbsp;<\/p>\n<p>De acuerdo a los legisladores, la actual situaci\u00f3n de seguridad en M\u00e9xico es tan alarmante que deber\u00eda servir para \u00abrevaluar\u00bb ciertos aspectos de la asistencia en esa materia.<\/p>\n<p>&nbsp;<\/p>\n<p>La Administraci\u00f3n de Biden ya hab\u00eda adelantado previo al encuentro virtual con L\u00f3pez Obrador que \u00abexiste disponibilidad y voluntad\u00bb para reexaminar la iniciativa M\u00e9rida y desarrollar \u00abuna estrategia de seguridad m\u00e1s eficaz\u00bb, as\u00ed como \u00absofisticada\u00bb.<\/p>\n<p>&nbsp;<\/p>\n<p>Por su parte, el Gobierno de L\u00f3pez Obrador, a trav\u00e9s de la Secretar\u00eda de Relaciones Exteriores, asegur\u00f3 el mi\u00e9rcoles que durante la reuni\u00f3n con el Departamento de Estado se plante\u00f3 una renovaci\u00f3n en la estrategia, pues el actual plan no ha funcionado.<\/p>\n<p>&nbsp;<\/p>\n<p>Reconoci\u00f3 el Gobierno federal que \u00abel tr\u00e1fico (de drogas) no se ha logrado reducir, entonces tiene que partir de una visi\u00f3n cr\u00edtica de lo que se ha hecho para hacerlo mejor, eso M\u00e9xico lo est\u00e1 preparando y Blinken me dijo: &#8216;bueno, vamos a hacer la reuni\u00f3n en cuanto nosotros estemos listos'\u00bb, manifest\u00f3 Ebrard.<\/p>\n<p>&nbsp;<\/p>\n<p>En cuanto a los congresistas estadounidenses, se dijeron preocupados de que \u00abel presidente mexicano, Andr\u00e9s Manuel L\u00f3pez Obrador, hasta ahora solo ha profundizado en la participaci\u00f3n militar en la polic\u00eda dom\u00e9stica\u00bb.<\/p>\n<p>&nbsp;<\/p>\n<p>En ese sentido, los congresistas urgen al Gobierno de Estados Unidos a \u00abexplorar formas para alentar a la Administraci\u00f3n\u00bb de L\u00f3pez Obrador a cumplir su compromiso de retirar al Ej\u00e9rcito de las labores de vigilancia para 2024.<\/p>\n<p>Los firmantes de la misiva, todos dem\u00f3cratas, hacen tambi\u00e9n hincapi\u00e9 en el empobrecimiento de los derechos humanos en M\u00e9xico. Los legisladores estadounidenses escriben alarmados por las declaraciones de L\u00f3pez Obrador atacando periodistas y defensores de derechos humanos, y ponen de manifiesto la necesidad de reforzar los mecanismos de protecci\u00f3n a ambos grupos.<\/p>\n<p>&nbsp;<\/p>\n<p>(Publicada el 05\/03\/2021)<\/p>\n<p>&nbsp;<\/p>\n","protected":false},"excerpt":{"rendered":"<p>WASHINGTON, ESTADOS UNIDOS. \u2014 Congresistas dem\u00f3cratas de Estados Unidos denunciaron el incremento en la militarizaci\u00f3n&#8230;<\/p>\n","protected":false},"author":1,"featured_media":108397,"comment_status":"open","ping_status":"open","sticky":false,"template":"","format":"standard","meta":{"_monsterinsights_skip_tracking":false,"_monsterinsights_sitenote_active":false,"_monsterinsights_sitenote_note":"","_monsterinsights_sitenote_category":0,"footnotes":""},"categories":[3],"tags":[],"class_list":["post"],"yoast_head":" \n<title>Sonora en Equipo. Congresistas de EUA exigen frenar militarizaci\u00f3n en M\u00e9xico MUNDO<\/title>\n<meta name=\"description\" content=\"WASHINGTON, ESTADOS UNIDOS. \u2014 Congresistas dem\u00f3cratas de Estados Unidos denunciaron el incremento en la militarizaci\u00f3n en la seguridad p\u00fablica de M\u00e9xico En Sonora en Equipo publicamos toda la informaci\u00f3n de Sonora, M\u00e9xico y el Mundo de manera oportuna y busca que la libertad de expresi\u00f3n sea real. Visita nuestro medio informativo publicado desde Hermosillo, Sonora. %\" \/>\n<meta name=\"robots\" content=\"index, follow, max-snippet:-1, max-image-preview:large, max-video-preview:-1\" \/>\n<link rel=\"canonical\" href=\"https:\/\/www.sonoraenequipo.com.mx\/congresistas-de-eua-exigen-frenar-militarizacion-en-mexico\/\" \/>\n<meta property=\"og:locale\" content=\"es_ES\" \/>\n<meta property=\"og:type\" content=\"article\" \/>\n<meta property=\"og:title\" content=\"Sonora en Equipo. Congresistas de EUA exigen frenar militarizaci\u00f3n en M\u00e9xico MUNDO\" \/>\n<meta property=\"og:description\" content=\"WASHINGTON, ESTADOS UNIDOS. \u2014 Congresistas dem\u00f3cratas de Estados Unidos denunciaron el incremento en la militarizaci\u00f3n en la seguridad p\u00fablica de M\u00e9xico En Sonora en Equipo publicamos toda la informaci\u00f3n de Sonora, M\u00e9xico y el Mundo de manera oportuna y busca que la libertad de expresi\u00f3n sea real. Visita nuestro medio informativo publicado desde Hermosillo, Sonora. %\" \/>\n<meta property=\"og:url\" content=\"https:\/\/www.sonoraenequipo.com.mx\/congresistas-de-eua-exigen-frenar-militarizacion-en-mexico\/\" \/>\n<meta property=\"og:site_name\" content=\"Sonora en Equipo.\" \/>\n<meta property=\"article:publisher\" content=\"https:\/\/www.facebook.com\/SonoraEE\/\" \/>\n<meta property=\"article:author\" content=\"https:\/\/www.facebook.com\/SonoraEE\" \/>\n<meta property=\"article:published_time\" content=\"2021-03-05T20:45:24+00:00\" \/>\n<meta property=\"article:modified_time\" content=\"2021-03-06T00:15:58+00:00\" \/>\n<meta property=\"og:image\" content=\"https:\/\/www.sonoraenequipo.com.mx\/storage\/2021\/03\/congresistas-norteamericanos_opt.jpg\" \/>\n\t<meta property=\"og:image:width\" content=\"770\" \/>\n\t<meta property=\"og:image:height\" content=\"400\" \/>\n\t<meta property=\"og:image:type\" content=\"image\/jpeg\" \/>\n<meta name=\"author\" content=\"enequipo\" \/>\n<meta name=\"twitter:card\" content=\"summary_large_image\" \/>\n<meta name=\"twitter:creator\" content=\"@sonoraenequipo\" \/>\n<meta name=\"twitter:site\" content=\"@sonoraenequipo\" \/>\n<meta name=\"twitter:label1\" content=\"Escrito por\" \/>\n\t<meta name=\"twitter:data1\" content=\"enequipo\" \/>\n\t<meta name=\"twitter:label2\" content=\"Tiempo de lectura\" \/>\n\t<meta name=\"twitter:data2\" content=\"3 minutos\" \/>\n<script type=\"application\/ld+json\" class=\"yoast-schema-graph\">{\"@context\":\"https:\/\/schema.org\",\"@graph\":[{\"@type\":\"Article\",\"@id\":\"https:\/\/www.sonoraenequipo.com.mx\/congresistas-de-eua-exigen-frenar-militarizacion-en-mexico\/#article\",\"isPartOf\":{\"@id\":\"https:\/\/www.sonoraenequipo.com.mx\/congresistas-de-eua-exigen-frenar-militarizacion-en-mexico\/\"},\"author\":{\"name\":\"enequipo\",\"@id\":\"https:\/\/www.sonoraenequipo.com.mx\/#\/schema\/person\/50102df0fb23a8fa9e8effad8fa81386\"},\"headline\":\"Congresistas de EUA exigen frenar militarizaci\u00f3n en M\u00e9xico\",\"datePublished\":\"2021-03-05T20:45:24+00:00\",\"dateModified\":\"2021-03-06T00:15:58+00:00\",\"mainEntityOfPage\":{\"@id\":\"https:\/\/www.sonoraenequipo.com.mx\/congresistas-de-eua-exigen-frenar-militarizacion-en-mexico\/\"},\"wordCount\":527,\"commentCount\":0,\"publisher\":{\"@id\":\"https:\/\/www.sonoraenequipo.com.mx\/#organization\"},\"image\":{\"@id\":\"https:\/\/www.sonoraenequipo.com.mx\/congresistas-de-eua-exigen-frenar-militarizacion-en-mexico\/#primaryimage\"},\"thumbnailUrl\":\"https:\/\/www.sonoraenequipo.com.mx\/storage\/2021\/03\/congresistas-norteamericanos_opt.jpg\",\"articleSection\":[\"MUNDO\"],\"inLanguage\":\"es\",\"potentialAction\":[{\"@type\":\"CommentAction\",\"name\":\"Comment\",\"target\":[\"https:\/\/www.sonoraenequipo.com.mx\/congresistas-de-eua-exigen-frenar-militarizacion-en-mexico\/#respond\"]}]},{\"@type\":\"WebPage\",\"@id\":\"https:\/\/www.sonoraenequipo.com.mx\/congresistas-de-eua-exigen-frenar-militarizacion-en-mexico\/\",\"url\":\"https:\/\/www.sonoraenequipo.com.mx\/congresistas-de-eua-exigen-frenar-militarizacion-en-mexico\/\",\"name\":\"Sonora en Equipo. Congresistas de EUA exigen frenar militarizaci\u00f3n en M\u00e9xico MUNDO\",\"isPartOf\":{\"@id\":\"https:\/\/www.sonoraenequipo.com.mx\/#website\"},\"primaryImageOfPage\":{\"@id\":\"https:\/\/www.sonoraenequipo.com.mx\/congresistas-de-eua-exigen-frenar-militarizacion-en-mexico\/#primaryimage\"},\"image\":{\"@id\":\"https:\/\/www.sonoraenequipo.com.mx\/congresistas-de-eua-exigen-frenar-militarizacion-en-mexico\/#primaryimage\"},\"thumbnailUrl\":\"https:\/\/www.sonoraenequipo.com.mx\/storage\/2021\/03\/congresistas-norteamericanos_opt.jpg\",\"datePublished\":\"2021-03-05T20:45:24+00:00\",\"dateModified\":\"2021-03-06T00:15:58+00:00\",\"description\":\"WASHINGTON, ESTADOS UNIDOS. \u2014 Congresistas dem\u00f3cratas de Estados Unidos denunciaron el incremento en la militarizaci\u00f3n en la seguridad p\u00fablica de M\u00e9xico En Sonora en Equipo publicamos toda la informaci\u00f3n de Sonora, M\u00e9xico y el Mundo de manera oportuna y busca que la libertad de expresi\u00f3n sea real. Visita nuestro medio informativo publicado desde Hermosillo, Sonora. %\",\"breadcrumb\":{\"@id\":\"https:\/\/www.sonoraenequipo.com.mx\/congresistas-de-eua-exigen-frenar-militarizacion-en-mexico\/#breadcrumb\"},\"inLanguage\":\"es\",\"potentialAction\":[{\"@type\":\"ReadAction\",\"target\":[\"https:\/\/www.sonoraenequipo.com.mx\/congresistas-de-eua-exigen-frenar-militarizacion-en-mexico\/\"]}]},{\"@type\":\"ImageObject\",\"inLanguage\":\"es\",\"@id\":\"https:\/\/www.sonoraenequipo.com.mx\/congresistas-de-eua-exigen-frenar-militarizacion-en-mexico\/#primaryimage\",\"url\":\"https:\/\/www.sonoraenequipo.com.mx\/storage\/2021\/03\/congresistas-norteamericanos_opt.jpg\",\"contentUrl\":\"https:\/\/www.sonoraenequipo.com.mx\/storage\/2021\/03\/congresistas-norteamericanos_opt.jpg\",\"width\":770,\"height\":400},{\"@type\":\"BreadcrumbList\",\"@id\":\"https:\/\/www.sonoraenequipo.com.mx\/congresistas-de-eua-exigen-frenar-militarizacion-en-mexico\/#breadcrumb\",\"itemListElement\":[{\"@type\":\"ListItem\",\"position\":1,\"name\":\"Portada\",\"item\":\"https:\/\/www.sonoraenequipo.com.mx\/\"},{\"@type\":\"ListItem\",\"position\":2,\"name\":\"Congresistas de EUA exigen frenar militarizaci\u00f3n en M\u00e9xico\"}]},{\"@type\":\"WebSite\",\"@id\":\"https:\/\/www.sonoraenequipo.com.mx\/#website\",\"url\":\"https:\/\/www.sonoraenequipo.com.mx\/\",\"name\":\"Sonora en Equipo.\",\"description\":\"Diario en l\u00ednea con Noticias desde Hermosillo, Sonora\",\"publisher\":{\"@id\":\"https:\/\/www.sonoraenequipo.com.mx\/#organization\"},\"potentialAction\":[{\"@type\":\"SearchAction\",\"target\":{\"@type\":\"EntryPoint\",\"urlTemplate\":\"https:\/\/www.sonoraenequipo.com.mx\/?s={search_term_string}\"},\"query-input\":{\"@type\":\"PropertyValueSpecification\",\"valueRequired\":true,\"valueName\":\"search_term_string\"}}],\"inLanguage\":\"es\"},{\"@type\":\"Organization\",\"@id\":\"https:\/\/www.sonoraenequipo.com.mx\/#organization\",\"name\":\"Sonoraenequipo.com.mx\",\"url\":\"https:\/\/www.sonoraenequipo.com.mx\/\",\"logo\":{\"@type\":\"ImageObject\",\"inLanguage\":\"es\",\"@id\":\"https:\/\/www.sonoraenequipo.com.mx\/#\/schema\/logo\/image\/\",\"url\":\"https:\/\/www.sonoraenequipo.com.mx\/storage\/2019\/01\/sonoraenequipo_opt.png\",\"contentUrl\":\"https:\/\/www.sonoraenequipo.com.mx\/storage\/2019\/01\/sonoraenequipo_opt.png\",\"width\":375,\"height\":125,\"caption\":\"Sonoraenequipo.com.mx\"},\"image\":{\"@id\":\"https:\/\/www.sonoraenequipo.com.mx\/#\/schema\/logo\/image\/\"},\"sameAs\":[\"https:\/\/www.facebook.com\/SonoraEE\/\",\"https:\/\/x.com\/sonoraenequipo\",\"https:\/\/www.youtube.com\/channel\/UC338nW-lPEYmJQs4ZABQ1SQ\"]},{\"@type\":\"Person\",\"@id\":\"https:\/\/www.sonoraenequipo.com.mx\/#\/schema\/person\/50102df0fb23a8fa9e8effad8fa81386\",\"name\":\"enequipo\",\"image\":{\"@type\":\"ImageObject\",\"inLanguage\":\"es\",\"@id\":\"https:\/\/www.sonoraenequipo.com.mx\/#\/schema\/person\/image\/\",\"url\":\"https:\/\/secure.gravatar.com\/avatar\/049821681b589dabc0bc20695993ccebb09f5b5d4d790cd9251b97faac7c652b?s=96&d=blank&r=g\",\"contentUrl\":\"https:\/\/secure.gravatar.com\/avatar\/049821681b589dabc0bc20695993ccebb09f5b5d4d790cd9251b97faac7c652b?s=96&d=blank&r=g\",\"caption\":\"enequipo\"},\"sameAs\":[\"https:\/\/www.facebook.com\/SonoraEE\"]}]}<\/script>\n ","yoast_head_json":{"title":"Sonora en Equipo. Congresistas de EUA exigen frenar militarizaci\u00f3n en M\u00e9xico MUNDO","description":"WASHINGTON, ESTADOS UNIDOS. \u2014 Congresistas dem\u00f3cratas de Estados Unidos denunciaron el incremento en la militarizaci\u00f3n en la seguridad p\u00fablica de M\u00e9xico En Sonora en Equipo publicamos toda la informaci\u00f3n de Sonora, M\u00e9xico y el Mundo de manera oportuna y busca que la libertad de expresi\u00f3n sea real. Visita nuestro medio informativo publicado desde Hermosillo, Sonora. %","robots":{"index":"index","follow":"follow","max-snippet":"max-snippet:-1","max-image-preview":"max-image-preview:large","max-video-preview":"max-video-preview:-1"},"canonical":"https:\/\/www.sonoraenequipo.com.mx\/congresistas-de-eua-exigen-frenar-militarizacion-en-mexico\/","og_locale":"es_ES","og_type":"article","og_title":"Sonora en Equipo. Congresistas de EUA exigen frenar militarizaci\u00f3n en M\u00e9xico MUNDO","og_description":"WASHINGTON, ESTADOS UNIDOS. \u2014 Congresistas dem\u00f3cratas de Estados Unidos denunciaron el incremento en la militarizaci\u00f3n en la seguridad p\u00fablica de M\u00e9xico En Sonora en Equipo publicamos toda la informaci\u00f3n de Sonora, M\u00e9xico y el Mundo de manera oportuna y busca que la libertad de expresi\u00f3n sea real. Visita nuestro medio informativo publicado desde Hermosillo, Sonora. %","og_url":"https:\/\/www.sonoraenequipo.com.mx\/congresistas-de-eua-exigen-frenar-militarizacion-en-mexico\/","og_site_name":"Sonora en Equipo.","article_publisher":"https:\/\/www.facebook.com\/SonoraEE\/","article_author":"https:\/\/www.facebook.com\/SonoraEE","article_published_time":"2021-03-05T20:45:24+00:00","article_modified_time":"2021-03-06T00:15:58+00:00","og_image":[{"width":770,"height":400,"url":"https:\/\/www.sonoraenequipo.com.mx\/storage\/2021\/03\/congresistas-norteamericanos_opt.jpg","type":"image\/jpeg"}],"author":"enequipo","twitter_card":"summary_large_image","twitter_creator":"@sonoraenequipo","twitter_site":"@sonoraenequipo","twitter_misc":{"Escrito por":"enequipo","Tiempo de lectura":"3 minutos"},"schema":{"@context":"https:\/\/schema.org","@graph":[{"@type":"Article","@id":"https:\/\/www.sonoraenequipo.com.mx\/congresistas-de-eua-exigen-frenar-militarizacion-en-mexico\/#article","isPartOf":{"@id":"https:\/\/www.sonoraenequipo.com.mx\/congresistas-de-eua-exigen-frenar-militarizacion-en-mexico\/"},"author":{"name":"enequipo","@id":"https:\/\/www.sonoraenequipo.com.mx\/#\/schema\/person\/50102df0fb23a8fa9e8effad8fa81386"},"headline":"Congresistas de EUA exigen frenar militarizaci\u00f3n en M\u00e9xico","datePublished":"2021-03-05T20:45:24+00:00","dateModified":"2021-03-06T00:15:58+00:00","mainEntityOfPage":{"@id":"https:\/\/www.sonoraenequipo.com.mx\/congresistas-de-eua-exigen-frenar-militarizacion-en-mexico\/"},"wordCount":527,"commentCount":0,"publisher":{"@id":"https:\/\/www.sonoraenequipo.com.mx\/#organization"},"image":{"@id":"https:\/\/www.sonoraenequipo.com.mx\/congresistas-de-eua-exigen-frenar-militarizacion-en-mexico\/#primaryimage"},"thumbnailUrl":"https:\/\/www.sonoraenequipo.com.mx\/storage\/2021\/03\/congresistas-norteamericanos_opt.jpg","articleSection":["MUNDO"],"inLanguage":"es","potentialAction":[{"@type":"CommentAction","name":"Comment","target":["https:\/\/www.sonoraenequipo.com.mx\/congresistas-de-eua-exigen-frenar-militarizacion-en-mexico\/#respond"]}]},{"@type":"WebPage","@id":"https:\/\/www.sonoraenequipo.com.mx\/congresistas-de-eua-exigen-frenar-militarizacion-en-mexico\/","url":"https:\/\/www.sonoraenequipo.com.mx\/congresistas-de-eua-exigen-frenar-militarizacion-en-mexico\/","name":"Sonora en Equipo. Congresistas de EUA exigen frenar militarizaci\u00f3n en M\u00e9xico MUNDO","isPartOf":{"@id":"https:\/\/www.sonoraenequipo.com.mx\/#website"},"primaryImageOfPage":{"@id":"https:\/\/www.sonoraenequipo.com.mx\/congresistas-de-eua-exigen-frenar-militarizacion-en-mexico\/#primaryimage"},"image":{"@id":"https:\/\/www.sonoraenequipo.com.mx\/congresistas-de-eua-exigen-frenar-militarizacion-en-mexico\/#primaryimage"},"thumbnailUrl":"https:\/\/www.sonoraenequipo.com.mx\/storage\/2021\/03\/congresistas-norteamericanos_opt.jpg","datePublished":"2021-03-05T20:45:24+00:00","dateModified":"2021-03-06T00:15:58+00:00","description":"WASHINGTON, ESTADOS UNIDOS. \u2014 Congresistas dem\u00f3cratas de Estados Unidos denunciaron el incremento en la militarizaci\u00f3n en la seguridad p\u00fablica de M\u00e9xico En Sonora en Equipo publicamos toda la informaci\u00f3n de Sonora, M\u00e9xico y el Mundo de manera oportuna y busca que la libertad de expresi\u00f3n sea real. Visita nuestro medio informativo publicado desde Hermosillo, Sonora. %","breadcrumb":{"@id":"https:\/\/www.sonoraenequipo.com.mx\/congresistas-de-eua-exigen-frenar-militarizacion-en-mexico\/#breadcrumb"},"inLanguage":"es","potentialAction":[{"@type":"ReadAction","target":["https:\/\/www.sonoraenequipo.com.mx\/congresistas-de-eua-exigen-frenar-militarizacion-en-mexico\/"]}]},{"@type":"ImageObject","inLanguage":"es","@id":"https:\/\/www.sonoraenequipo.com.mx\/congresistas-de-eua-exigen-frenar-militarizacion-en-mexico\/#primaryimage","url":"https:\/\/www.sonoraenequipo.com.mx\/storage\/2021\/03\/congresistas-norteamericanos_opt.jpg","contentUrl":"https:\/\/www.sonoraenequipo.com.mx\/storage\/2021\/03\/congresistas-norteamericanos_opt.jpg","width":770,"height":400},{"@type":"BreadcrumbList","@id":"https:\/\/www.sonoraenequipo.com.mx\/congresistas-de-eua-exigen-frenar-militarizacion-en-mexico\/#breadcrumb","itemListElement":[{"@type":"ListItem","position":1,"name":"Portada","item":"https:\/\/www.sonoraenequipo.com.mx\/"},{"@type":"ListItem","position":2,"name":"Congresistas de EUA exigen frenar militarizaci\u00f3n en M\u00e9xico"}]},{"@type":"WebSite","@id":"https:\/\/www.sonoraenequipo.com.mx\/#website","url":"https:\/\/www.sonoraenequipo.com.mx\/","name":"Sonora en Equipo.","description":"Diario en l\u00ednea con Noticias desde Hermosillo, Sonora","publisher":{"@id":"https:\/\/www.sonoraenequipo.com.mx\/#organization"},"potentialAction":[{"@type":"SearchAction","target":{"@type":"EntryPoint","urlTemplate":"https:\/\/www.sonoraenequipo.com.mx\/?s={search_term_string}"},"query-input":{"@type":"PropertyValueSpecification","valueRequired":true,"valueName":"search_term_string"}}],"inLanguage":"es"},{"@type":"Organization","@id":"https:\/\/www.sonoraenequipo.com.mx\/#organization","name":"Sonoraenequipo.com.mx","url":"https:\/\/www.sonoraenequipo.com.mx\/","logo":{"@type":"ImageObject","inLanguage":"es","@id":"https:\/\/www.sonoraenequipo.com.mx\/#\/schema\/logo\/image\/","url":"https:\/\/www.sonoraenequipo.com.mx\/storage\/2019\/01\/sonoraenequipo_opt.png","contentUrl":"https:\/\/www.sonoraenequipo.com.mx\/storage\/2019\/01\/sonoraenequipo_opt.png","width":375,"height":125,"caption":"Sonoraenequipo.com.mx"},"image":{"@id":"https:\/\/www.sonoraenequipo.com.mx\/#\/schema\/logo\/image\/"},"sameAs":["https:\/\/www.facebook.com\/SonoraEE\/","https:\/\/x.com\/sonoraenequipo","https:\/\/www.youtube.com\/channel\/UC338nW-lPEYmJQs4ZABQ1SQ"]},{"@type":"Person","@id":"https:\/\/www.sonoraenequipo.com.mx\/#\/schema\/person\/50102df0fb23a8fa9e8effad8fa81386","name":"enequipo","image":{"@type":"ImageObject","inLanguage":"es","@id":"https:\/\/www.sonoraenequipo.com.mx\/#\/schema\/person\/image\/","url":"https:\/\/secure.gravatar.com\/avatar\/049821681b589dabc0bc20695993ccebb09f5b5d4d790cd9251b97faac7c652b?s=96&d=blank&r=g","contentUrl":"https:\/\/secure.gravatar.com\/avatar\/049821681b589dabc0bc20695993ccebb09f5b5d4d790cd9251b97faac7c652b?s=96&d=blank&r=g","caption":"enequipo"},"sameAs":["https:\/\/www.facebook.com\/SonoraEE"]}]}},"jetpack_featured_media_url":"https:\/\/www.sonoraenequipo.com.mx\/storage\/2021\/03\/congresistas-norteamericanos_opt.jpg","_links":{"self":[{"href":"https:\/\/www.sonoraenequipo.com.mx\/api\/wp\/v2\/posts\/108396","targetHints":{"allow":["GET"]}}],"collection":[{"href":"https:\/\/www.sonoraenequipo.com.mx\/api\/wp\/v2\/posts"}],"about":[{"href":"https:\/\/www.sonoraenequipo.com.mx\/api\/wp\/v2\/types\/post"}],"author":[{"embeddable":true,"href":"https:\/\/www.sonoraenequipo.com.mx\/api\/wp\/v2\/users\/1"}],"replies":[{"embeddable":true,"href":"https:\/\/www.sonoraenequipo.com.mx\/api\/wp\/v2\/comments?post=108396"}],"version-history":[{"count":1,"href":"https:\/\/www.sonoraenequipo.com.mx\/api\/wp\/v2\/posts\/108396\/revisions"}],"predecessor-version":[{"id":108398,"href":"https:\/\/www.sonoraenequipo.com.mx\/api\/wp\/v2\/posts\/108396\/revisions\/108398"}],"wp:featuredmedia":[{"embeddable":true,"href":"https:\/\/www.sonoraenequipo.com.mx\/api\/wp\/v2\/media\/108397"}],"wp:attachment":[{"href":"https:\/\/www.sonoraenequipo.com.mx\/api\/wp\/v2\/media?parent=108396"}],"wp:term":[{"taxonomy":"category","embeddable":true,"href":"https:\/\/www.sonoraenequipo.com.mx\/api\/wp\/v2\/categories?post=108396"},{"taxonomy":"post_tag","embeddable":true,"href":"https:\/\/www.sonoraenequipo.com.mx\/api\/wp\/v2\/tags?post=108396"}],"curies":[{"name":"wp","href":"https:\/\/api.w.org\/{rel}","templated":true}]}}