{"id":108399,"date":"2021-03-05T14:14:48","date_gmt":"2021-03-05T21:14:48","guid":{"rendered":"https:\/\/www.sonoraenequipo.com.mx\/?p=108399"},"modified":"2021-03-05T17:30:46","modified_gmt":"2021-03-06T00:30:46","slug":"por-primera-vez-el-pcc-tendra-a-un-civil-como-lider-con-el-retiro-formal-de-raul-castro","status":"publish","type":"post","link":"https:\/\/www.sonoraenequipo.com.mx\/por-primera-vez-el-pcc-tendra-a-un-civil-como-lider-con-el-retiro-formal-de-raul-castro\/","title":{"rendered":"Por primera vez el PCC tendr\u00e1 a un civil como l\u00edder, con el retiro formal de Ra\u00fal Castro"},"content":{"rendered":"<p>LA HABANA, CUBA. \u2014 El Partido Comunista de Cuba (PCC) eligi\u00f3 este jueves a los delegados de su VIII Congreso de abril, en el que se prev\u00e9 que Ra\u00fal Castro se retire de la pol\u00edtica y ceda el liderazgo del partido \u00fanico al actual presidente del pa\u00eds, Miguel D\u00edaz-Canel.<\/p>\n<p>&nbsp;<\/p>\n<p> <\/p>\n<p>&nbsp;<\/p>\n<p>Castro y D\u00edaz-Canel formar\u00e1n parte, junto a otras figuras clave del Gobierno y el Ej\u00e9rcito -como Jos\u00e9 Ram\u00f3n Machado Ventura, Ramiro Vald\u00e9s o el primer ministro Manuel Marrero Cruz- de los delegados del Congreso que se celebrar\u00e1 entre el 16 y el 19 de abril, inform\u00f3 el diario estatal Granma.<\/p>\n<p>&nbsp;<\/p>\n<p>Otros dirigentes del PCC, el Gobierno, la Uni\u00f3n de J\u00f3venes Comunistas y las organizaciones de masas, obreros, campesinos, cient\u00edficos y maestros completar\u00e1n el grupo, seg\u00fan Granma, que no especific\u00f3 el n\u00famero exacto de delegados.<\/p>\n<p>&nbsp;<\/p>\n<p>De materializarse el relevo de Ra\u00fal Castro, ser\u00e1 la primera vez que un civil est\u00e9 al frente de la organizaci\u00f3n pol\u00edtica que monopoliza el poder, iniciando as\u00ed el \u00abtr\u00e1nsito paulatino y ordenado de las principales responsabilidades del pa\u00eds a las nuevas generaciones\u00bb propugnado por el propio general en 2016.<\/p>\n<p>&nbsp;<\/p>\n<p>El menor de los Castro fue reelecto en aquel momento como primer secretario del PCC, cargo que ocupa desde 2011 cuando relev\u00f3 a su hermano mayor y expresidente Fidel Castro.<\/p>\n<p>Ra\u00fal Castro anunci\u00f3 entonces que el VII Congreso ser\u00eda \u00abel \u00faltimo dirigido por la generaci\u00f3n hist\u00f3rica\u00bb de la Revoluci\u00f3n de 1959, que deber\u00e1 pasar el testigo en los pr\u00f3ximos a\u00f1os.<\/p>\n<p>La inc\u00f3gnita es si en este VIII Congreso dicho tr\u00e1nsito de poder incluir\u00e1 a otros \u00abhist\u00f3ricos\u00bb de la Revoluci\u00f3n como el n\u00famero dos del PCC, Jos\u00e9 Ram\u00f3n Machado Ventura, o si se mantendr\u00e1 lo acordado de dejar en la direcci\u00f3n del Partido a un grupo de veteranos con una larga trayectoria pol\u00edtica.<\/p>\n<p>&nbsp;<\/p>\n<p>La agenda del VIII Congreso incluye el an\u00e1lisis de los resultados de las reformas econ\u00f3micas planteadas hace una d\u00e9cada, el funcionamiento de la organizaci\u00f3n y otros \u00abasuntos medulares\u00bb para el pa\u00eds, seg\u00fan la convocatoria publicada hoy en el portal web estatal Cubadebate.<\/p>\n<p>&nbsp;<\/p>\n<p>Cuando plante\u00f3 las reformas econ\u00f3micas para superar la crisis y actualizar el modelo econ\u00f3mico socialista, Ra\u00fal Castro acot\u00f3 que este proceso ser\u00eda \u00absin prisas, pero sin pausas\u00bb. A\u00f1adi\u00f3 que el ritmo de las mismas depender\u00eda del \u00abconsenso\u00bb que se lograra dentro de la sociedad.<\/p>\n<p>&nbsp;<\/p>\n<p>Dichas reformas dieron paso a la aparici\u00f3n y posterior expansi\u00f3n del sector privado (cuentapropista) pero con limitaciones en actividades en sectores como salud, prensa, extracci\u00f3n de petr\u00f3leo, carb\u00f3n y minerales, as\u00ed como ingenier\u00eda, arquitectura o abogac\u00eda, entre otros.<\/p>\n<p>&nbsp;<\/p>\n<p>&nbsp;<\/p>\n<p>Tambi\u00e9n allanaron el camino hacia el complejo proceso para unificar las dos monedas que circulaban en la isla desde hace 20 a\u00f1os: el peso cubano (CUP) y el peso convertible (CUC), a fin de restablecer el \u00abvalor del peso cubano y de sus funciones como dinero\u00bb.<\/p>\n<p>&nbsp;<\/p>\n<p>&nbsp;<\/p>\n<p>La medida entr\u00f3 en vigor finalmente el pasado 1 de enero de 2021 y el Gobierno cubano espera que ayude a estabilizar las condiciones econ\u00f3micas de la isla.<\/p>\n<p>&nbsp;<\/p>\n<p>&nbsp;<\/p>\n<p>Dos meses despu\u00e9s la unificaci\u00f3n sac\u00f3 a la luz problemas como las distorsiones salariales, el aumento de los precios en establecimientos estatales y privados, o la insatisfacci\u00f3n con los salarios, seg\u00fan reconocieron las autoridades durante el Consejo de Ministros de este jueves.<\/p>\n<h3>Congreso in\u00e9dito<\/h3>\n<p>&nbsp;<\/p>\n<p>El VIII Congreso sesionar\u00e1 en un complejo panorama epidemiol\u00f3gico. La tercera y m\u00e1s intensa ola de la COVID-19 ha provocado el retroceso en la desescalada en casi todo el pa\u00eds y medidas como la reducci\u00f3n de vuelos, el cierre de los centros educativos, bares, restaurantes y playas, y restricciones en el horario del transporte p\u00fablico.<\/p>\n<p>&nbsp;<\/p>\n<p>A ello se suma el agravamiento de la crisis econ\u00f3mica, que se refleja en el desabastecimiento de productos de primera necesidad y el malestar de las personas que deben hacer largas colas para adquirir los disponibles en las tiendas estatales o, por el contrario, comprarlos a precios astron\u00f3micos en Internet.<\/p>\n<p>&nbsp;<\/p>\n<p>&nbsp;<\/p>\n<p>El recrudecimiento del embargo (bloqueo) de EUA bajo la presidencia del republicano Donald Trump (2017-2021) y la incertidumbre de cu\u00e1l ser\u00e1 la pol\u00edtica hacia Cuba del nuevo mandatario, Joe Biden, marcan tambi\u00e9n el contexto del pr\u00f3ximo VIII Congreso del PCC.<\/p>\n<p>&nbsp;<\/p>\n<p>&nbsp;<\/p>\n<p>En la cita debe elegirse la nueva composici\u00f3n de los \u00f3rganos de direcci\u00f3n del partido \u00fanico con el detalle de la imposici\u00f3n de los l\u00edmites de edad m\u00e1ximos para integrarlos, de 60 a\u00f1os para el Comit\u00e9 Central y de 70 para el Secretariado y Bur\u00f3 Pol\u00edtico. Esa medida fue aprobada en el pleno del Congreso anterior.<\/p>\n<p>&nbsp;<\/p>\n<p>&nbsp;<\/p>\n<p>El nuevo Comit\u00e9 Central del PCC, m\u00e1ximo \u00f3rgano de gobierno del partido entre Congresos, est\u00e1 conformado actualmente por 142 miembros, en tanto el Bur\u00f3 Pol\u00edtico -de 17 integrantes- lo conforman apenas 3 mujeres y 4 veteranos mayores de 80 a\u00f1os.<\/p>\n<p>&nbsp;<\/p>\n<p>(Publicada el 05\/03\/2021)<\/p>\n","protected":false},"excerpt":{"rendered":"<p>LA HABANA, CUBA. \u2014 El Partido Comunista de Cuba (PCC) eligi\u00f3 este jueves a los&#8230;<\/p>\n","protected":false},"author":1,"featured_media":108400,"comment_status":"open","ping_status":"open","sticky":false,"template":"","format":"standard","meta":{"_monsterinsights_skip_tracking":false,"_monsterinsights_sitenote_active":false,"_monsterinsights_sitenote_note":"","_monsterinsights_sitenote_category":0,"footnotes":""},"categories":[3],"tags":[],"class_list":["post"],"yoast_head":" \n<title>Sonora en Equipo. Por primera vez el PCC tendr\u00e1 a un civil como l\u00edder, con el retiro formal de Ra\u00fal Castro MUNDO<\/title>\n<meta name=\"description\" content=\"LA HABANA, CUBA. \u2014 El Partido Comunista de Cuba (PCC) eligi\u00f3 este jueves a los delegados de su VIII Congreso de abril, en el que se prev\u00e9 que Ra\u00fal Castro En Sonora en Equipo publicamos toda la informaci\u00f3n de Sonora, M\u00e9xico y el Mundo de manera oportuna y busca que la libertad de expresi\u00f3n sea real. Visita nuestro medio informativo publicado desde Hermosillo, Sonora. %\" \/>\n<meta name=\"robots\" content=\"index, follow, max-snippet:-1, max-image-preview:large, max-video-preview:-1\" \/>\n<link rel=\"canonical\" href=\"https:\/\/www.sonoraenequipo.com.mx\/por-primera-vez-el-pcc-tendra-a-un-civil-como-lider-con-el-retiro-formal-de-raul-castro\/\" \/>\n<meta property=\"og:locale\" content=\"es_ES\" \/>\n<meta property=\"og:type\" content=\"article\" \/>\n<meta property=\"og:title\" content=\"Sonora en Equipo. Por primera vez el PCC tendr\u00e1 a un civil como l\u00edder, con el retiro formal de Ra\u00fal Castro MUNDO\" \/>\n<meta property=\"og:description\" content=\"LA HABANA, CUBA. \u2014 El Partido Comunista de Cuba (PCC) eligi\u00f3 este jueves a los delegados de su VIII Congreso de abril, en el que se prev\u00e9 que Ra\u00fal Castro En Sonora en Equipo publicamos toda la informaci\u00f3n de Sonora, M\u00e9xico y el Mundo de manera oportuna y busca que la libertad de expresi\u00f3n sea real. Visita nuestro medio informativo publicado desde Hermosillo, Sonora. %\" \/>\n<meta property=\"og:url\" content=\"https:\/\/www.sonoraenequipo.com.mx\/por-primera-vez-el-pcc-tendra-a-un-civil-como-lider-con-el-retiro-formal-de-raul-castro\/\" \/>\n<meta property=\"og:site_name\" content=\"Sonora en Equipo.\" \/>\n<meta property=\"article:publisher\" content=\"https:\/\/www.facebook.com\/SonoraEE\/\" \/>\n<meta property=\"article:author\" content=\"https:\/\/www.facebook.com\/SonoraEE\" \/>\n<meta property=\"article:published_time\" content=\"2021-03-05T21:14:48+00:00\" \/>\n<meta property=\"article:modified_time\" content=\"2021-03-06T00:30:46+00:00\" \/>\n<meta property=\"og:image\" content=\"https:\/\/www.sonoraenequipo.com.mx\/storage\/2021\/03\/miguel-diaz-canel_opt.jpg\" \/>\n\t<meta property=\"og:image:width\" content=\"600\" \/>\n\t<meta property=\"og:image:height\" content=\"400\" \/>\n\t<meta property=\"og:image:type\" content=\"image\/jpeg\" \/>\n<meta name=\"author\" content=\"enequipo\" \/>\n<meta name=\"twitter:card\" content=\"summary_large_image\" \/>\n<meta name=\"twitter:creator\" content=\"@sonoraenequipo\" \/>\n<meta name=\"twitter:site\" content=\"@sonoraenequipo\" \/>\n<meta name=\"twitter:label1\" content=\"Escrito por\" \/>\n\t<meta name=\"twitter:data1\" content=\"enequipo\" \/>\n\t<meta name=\"twitter:label2\" content=\"Tiempo de lectura\" \/>\n\t<meta name=\"twitter:data2\" content=\"4 minutos\" \/>\n<script type=\"application\/ld+json\" class=\"yoast-schema-graph\">{\"@context\":\"https:\/\/schema.org\",\"@graph\":[{\"@type\":\"Article\",\"@id\":\"https:\/\/www.sonoraenequipo.com.mx\/por-primera-vez-el-pcc-tendra-a-un-civil-como-lider-con-el-retiro-formal-de-raul-castro\/#article\",\"isPartOf\":{\"@id\":\"https:\/\/www.sonoraenequipo.com.mx\/por-primera-vez-el-pcc-tendra-a-un-civil-como-lider-con-el-retiro-formal-de-raul-castro\/\"},\"author\":{\"name\":\"enequipo\",\"@id\":\"https:\/\/www.sonoraenequipo.com.mx\/#\/schema\/person\/50102df0fb23a8fa9e8effad8fa81386\"},\"headline\":\"Por primera vez el PCC tendr\u00e1 a un civil como l\u00edder, con el retiro formal de Ra\u00fal Castro\",\"datePublished\":\"2021-03-05T21:14:48+00:00\",\"dateModified\":\"2021-03-06T00:30:46+00:00\",\"mainEntityOfPage\":{\"@id\":\"https:\/\/www.sonoraenequipo.com.mx\/por-primera-vez-el-pcc-tendra-a-un-civil-como-lider-con-el-retiro-formal-de-raul-castro\/\"},\"wordCount\":889,\"commentCount\":0,\"publisher\":{\"@id\":\"https:\/\/www.sonoraenequipo.com.mx\/#organization\"},\"image\":{\"@id\":\"https:\/\/www.sonoraenequipo.com.mx\/por-primera-vez-el-pcc-tendra-a-un-civil-como-lider-con-el-retiro-formal-de-raul-castro\/#primaryimage\"},\"thumbnailUrl\":\"https:\/\/www.sonoraenequipo.com.mx\/storage\/2021\/03\/miguel-diaz-canel_opt.jpg\",\"articleSection\":[\"MUNDO\"],\"inLanguage\":\"es\",\"potentialAction\":[{\"@type\":\"CommentAction\",\"name\":\"Comment\",\"target\":[\"https:\/\/www.sonoraenequipo.com.mx\/por-primera-vez-el-pcc-tendra-a-un-civil-como-lider-con-el-retiro-formal-de-raul-castro\/#respond\"]}]},{\"@type\":\"WebPage\",\"@id\":\"https:\/\/www.sonoraenequipo.com.mx\/por-primera-vez-el-pcc-tendra-a-un-civil-como-lider-con-el-retiro-formal-de-raul-castro\/\",\"url\":\"https:\/\/www.sonoraenequipo.com.mx\/por-primera-vez-el-pcc-tendra-a-un-civil-como-lider-con-el-retiro-formal-de-raul-castro\/\",\"name\":\"Sonora en Equipo. Por primera vez el PCC tendr\u00e1 a un civil como l\u00edder, con el retiro formal de Ra\u00fal Castro MUNDO\",\"isPartOf\":{\"@id\":\"https:\/\/www.sonoraenequipo.com.mx\/#website\"},\"primaryImageOfPage\":{\"@id\":\"https:\/\/www.sonoraenequipo.com.mx\/por-primera-vez-el-pcc-tendra-a-un-civil-como-lider-con-el-retiro-formal-de-raul-castro\/#primaryimage\"},\"image\":{\"@id\":\"https:\/\/www.sonoraenequipo.com.mx\/por-primera-vez-el-pcc-tendra-a-un-civil-como-lider-con-el-retiro-formal-de-raul-castro\/#primaryimage\"},\"thumbnailUrl\":\"https:\/\/www.sonoraenequipo.com.mx\/storage\/2021\/03\/miguel-diaz-canel_opt.jpg\",\"datePublished\":\"2021-03-05T21:14:48+00:00\",\"dateModified\":\"2021-03-06T00:30:46+00:00\",\"description\":\"LA HABANA, CUBA. \u2014 El Partido Comunista de Cuba (PCC) eligi\u00f3 este jueves a los delegados de su VIII Congreso de abril, en el que se prev\u00e9 que Ra\u00fal Castro En Sonora en Equipo publicamos toda la informaci\u00f3n de Sonora, M\u00e9xico y el Mundo de manera oportuna y busca que la libertad de expresi\u00f3n sea real. Visita nuestro medio informativo publicado desde Hermosillo, Sonora. %\",\"breadcrumb\":{\"@id\":\"https:\/\/www.sonoraenequipo.com.mx\/por-primera-vez-el-pcc-tendra-a-un-civil-como-lider-con-el-retiro-formal-de-raul-castro\/#breadcrumb\"},\"inLanguage\":\"es\",\"potentialAction\":[{\"@type\":\"ReadAction\",\"target\":[\"https:\/\/www.sonoraenequipo.com.mx\/por-primera-vez-el-pcc-tendra-a-un-civil-como-lider-con-el-retiro-formal-de-raul-castro\/\"]}]},{\"@type\":\"ImageObject\",\"inLanguage\":\"es\",\"@id\":\"https:\/\/www.sonoraenequipo.com.mx\/por-primera-vez-el-pcc-tendra-a-un-civil-como-lider-con-el-retiro-formal-de-raul-castro\/#primaryimage\",\"url\":\"https:\/\/www.sonoraenequipo.com.mx\/storage\/2021\/03\/miguel-diaz-canel_opt.jpg\",\"contentUrl\":\"https:\/\/www.sonoraenequipo.com.mx\/storage\/2021\/03\/miguel-diaz-canel_opt.jpg\",\"width\":600,\"height\":400},{\"@type\":\"BreadcrumbList\",\"@id\":\"https:\/\/www.sonoraenequipo.com.mx\/por-primera-vez-el-pcc-tendra-a-un-civil-como-lider-con-el-retiro-formal-de-raul-castro\/#breadcrumb\",\"itemListElement\":[{\"@type\":\"ListItem\",\"position\":1,\"name\":\"Portada\",\"item\":\"https:\/\/www.sonoraenequipo.com.mx\/\"},{\"@type\":\"ListItem\",\"position\":2,\"name\":\"Por primera vez el PCC tendr\u00e1 a un civil como l\u00edder, con el retiro formal de Ra\u00fal Castro\"}]},{\"@type\":\"WebSite\",\"@id\":\"https:\/\/www.sonoraenequipo.com.mx\/#website\",\"url\":\"https:\/\/www.sonoraenequipo.com.mx\/\",\"name\":\"Sonora en Equipo.\",\"description\":\"Diario en l\u00ednea con Noticias desde Hermosillo, Sonora\",\"publisher\":{\"@id\":\"https:\/\/www.sonoraenequipo.com.mx\/#organization\"},\"potentialAction\":[{\"@type\":\"SearchAction\",\"target\":{\"@type\":\"EntryPoint\",\"urlTemplate\":\"https:\/\/www.sonoraenequipo.com.mx\/?s={search_term_string}\"},\"query-input\":{\"@type\":\"PropertyValueSpecification\",\"valueRequired\":true,\"valueName\":\"search_term_string\"}}],\"inLanguage\":\"es\"},{\"@type\":\"Organization\",\"@id\":\"https:\/\/www.sonoraenequipo.com.mx\/#organization\",\"name\":\"Sonoraenequipo.com.mx\",\"url\":\"https:\/\/www.sonoraenequipo.com.mx\/\",\"logo\":{\"@type\":\"ImageObject\",\"inLanguage\":\"es\",\"@id\":\"https:\/\/www.sonoraenequipo.com.mx\/#\/schema\/logo\/image\/\",\"url\":\"https:\/\/www.sonoraenequipo.com.mx\/storage\/2019\/01\/sonoraenequipo_opt.png\",\"contentUrl\":\"https:\/\/www.sonoraenequipo.com.mx\/storage\/2019\/01\/sonoraenequipo_opt.png\",\"width\":375,\"height\":125,\"caption\":\"Sonoraenequipo.com.mx\"},\"image\":{\"@id\":\"https:\/\/www.sonoraenequipo.com.mx\/#\/schema\/logo\/image\/\"},\"sameAs\":[\"https:\/\/www.facebook.com\/SonoraEE\/\",\"https:\/\/x.com\/sonoraenequipo\",\"https:\/\/www.youtube.com\/channel\/UC338nW-lPEYmJQs4ZABQ1SQ\"]},{\"@type\":\"Person\",\"@id\":\"https:\/\/www.sonoraenequipo.com.mx\/#\/schema\/person\/50102df0fb23a8fa9e8effad8fa81386\",\"name\":\"enequipo\",\"image\":{\"@type\":\"ImageObject\",\"inLanguage\":\"es\",\"@id\":\"https:\/\/www.sonoraenequipo.com.mx\/#\/schema\/person\/image\/\",\"url\":\"https:\/\/secure.gravatar.com\/avatar\/049821681b589dabc0bc20695993ccebb09f5b5d4d790cd9251b97faac7c652b?s=96&d=blank&r=g\",\"contentUrl\":\"https:\/\/secure.gravatar.com\/avatar\/049821681b589dabc0bc20695993ccebb09f5b5d4d790cd9251b97faac7c652b?s=96&d=blank&r=g\",\"caption\":\"enequipo\"},\"sameAs\":[\"https:\/\/www.facebook.com\/SonoraEE\"]}]}<\/script>\n ","yoast_head_json":{"title":"Sonora en Equipo. Por primera vez el PCC tendr\u00e1 a un civil como l\u00edder, con el retiro formal de Ra\u00fal Castro MUNDO","description":"LA HABANA, CUBA. \u2014 El Partido Comunista de Cuba (PCC) eligi\u00f3 este jueves a los delegados de su VIII Congreso de abril, en el que se prev\u00e9 que Ra\u00fal Castro En Sonora en Equipo publicamos toda la informaci\u00f3n de Sonora, M\u00e9xico y el Mundo de manera oportuna y busca que la libertad de expresi\u00f3n sea real. Visita nuestro medio informativo publicado desde Hermosillo, Sonora. %","robots":{"index":"index","follow":"follow","max-snippet":"max-snippet:-1","max-image-preview":"max-image-preview:large","max-video-preview":"max-video-preview:-1"},"canonical":"https:\/\/www.sonoraenequipo.com.mx\/por-primera-vez-el-pcc-tendra-a-un-civil-como-lider-con-el-retiro-formal-de-raul-castro\/","og_locale":"es_ES","og_type":"article","og_title":"Sonora en Equipo. Por primera vez el PCC tendr\u00e1 a un civil como l\u00edder, con el retiro formal de Ra\u00fal Castro MUNDO","og_description":"LA HABANA, CUBA. \u2014 El Partido Comunista de Cuba (PCC) eligi\u00f3 este jueves a los delegados de su VIII Congreso de abril, en el que se prev\u00e9 que Ra\u00fal Castro En Sonora en Equipo publicamos toda la informaci\u00f3n de Sonora, M\u00e9xico y el Mundo de manera oportuna y busca que la libertad de expresi\u00f3n sea real. Visita nuestro medio informativo publicado desde Hermosillo, Sonora. %","og_url":"https:\/\/www.sonoraenequipo.com.mx\/por-primera-vez-el-pcc-tendra-a-un-civil-como-lider-con-el-retiro-formal-de-raul-castro\/","og_site_name":"Sonora en Equipo.","article_publisher":"https:\/\/www.facebook.com\/SonoraEE\/","article_author":"https:\/\/www.facebook.com\/SonoraEE","article_published_time":"2021-03-05T21:14:48+00:00","article_modified_time":"2021-03-06T00:30:46+00:00","og_image":[{"width":600,"height":400,"url":"https:\/\/www.sonoraenequipo.com.mx\/storage\/2021\/03\/miguel-diaz-canel_opt.jpg","type":"image\/jpeg"}],"author":"enequipo","twitter_card":"summary_large_image","twitter_creator":"@sonoraenequipo","twitter_site":"@sonoraenequipo","twitter_misc":{"Escrito por":"enequipo","Tiempo de lectura":"4 minutos"},"schema":{"@context":"https:\/\/schema.org","@graph":[{"@type":"Article","@id":"https:\/\/www.sonoraenequipo.com.mx\/por-primera-vez-el-pcc-tendra-a-un-civil-como-lider-con-el-retiro-formal-de-raul-castro\/#article","isPartOf":{"@id":"https:\/\/www.sonoraenequipo.com.mx\/por-primera-vez-el-pcc-tendra-a-un-civil-como-lider-con-el-retiro-formal-de-raul-castro\/"},"author":{"name":"enequipo","@id":"https:\/\/www.sonoraenequipo.com.mx\/#\/schema\/person\/50102df0fb23a8fa9e8effad8fa81386"},"headline":"Por primera vez el PCC tendr\u00e1 a un civil como l\u00edder, con el retiro formal de Ra\u00fal Castro","datePublished":"2021-03-05T21:14:48+00:00","dateModified":"2021-03-06T00:30:46+00:00","mainEntityOfPage":{"@id":"https:\/\/www.sonoraenequipo.com.mx\/por-primera-vez-el-pcc-tendra-a-un-civil-como-lider-con-el-retiro-formal-de-raul-castro\/"},"wordCount":889,"commentCount":0,"publisher":{"@id":"https:\/\/www.sonoraenequipo.com.mx\/#organization"},"image":{"@id":"https:\/\/www.sonoraenequipo.com.mx\/por-primera-vez-el-pcc-tendra-a-un-civil-como-lider-con-el-retiro-formal-de-raul-castro\/#primaryimage"},"thumbnailUrl":"https:\/\/www.sonoraenequipo.com.mx\/storage\/2021\/03\/miguel-diaz-canel_opt.jpg","articleSection":["MUNDO"],"inLanguage":"es","potentialAction":[{"@type":"CommentAction","name":"Comment","target":["https:\/\/www.sonoraenequipo.com.mx\/por-primera-vez-el-pcc-tendra-a-un-civil-como-lider-con-el-retiro-formal-de-raul-castro\/#respond"]}]},{"@type":"WebPage","@id":"https:\/\/www.sonoraenequipo.com.mx\/por-primera-vez-el-pcc-tendra-a-un-civil-como-lider-con-el-retiro-formal-de-raul-castro\/","url":"https:\/\/www.sonoraenequipo.com.mx\/por-primera-vez-el-pcc-tendra-a-un-civil-como-lider-con-el-retiro-formal-de-raul-castro\/","name":"Sonora en Equipo. Por primera vez el PCC tendr\u00e1 a un civil como l\u00edder, con el retiro formal de Ra\u00fal Castro MUNDO","isPartOf":{"@id":"https:\/\/www.sonoraenequipo.com.mx\/#website"},"primaryImageOfPage":{"@id":"https:\/\/www.sonoraenequipo.com.mx\/por-primera-vez-el-pcc-tendra-a-un-civil-como-lider-con-el-retiro-formal-de-raul-castro\/#primaryimage"},"image":{"@id":"https:\/\/www.sonoraenequipo.com.mx\/por-primera-vez-el-pcc-tendra-a-un-civil-como-lider-con-el-retiro-formal-de-raul-castro\/#primaryimage"},"thumbnailUrl":"https:\/\/www.sonoraenequipo.com.mx\/storage\/2021\/03\/miguel-diaz-canel_opt.jpg","datePublished":"2021-03-05T21:14:48+00:00","dateModified":"2021-03-06T00:30:46+00:00","description":"LA HABANA, CUBA. \u2014 El Partido Comunista de Cuba (PCC) eligi\u00f3 este jueves a los delegados de su VIII Congreso de abril, en el que se prev\u00e9 que Ra\u00fal Castro En Sonora en Equipo publicamos toda la informaci\u00f3n de Sonora, M\u00e9xico y el Mundo de manera oportuna y busca que la libertad de expresi\u00f3n sea real. Visita nuestro medio informativo publicado desde Hermosillo, Sonora. %","breadcrumb":{"@id":"https:\/\/www.sonoraenequipo.com.mx\/por-primera-vez-el-pcc-tendra-a-un-civil-como-lider-con-el-retiro-formal-de-raul-castro\/#breadcrumb"},"inLanguage":"es","potentialAction":[{"@type":"ReadAction","target":["https:\/\/www.sonoraenequipo.com.mx\/por-primera-vez-el-pcc-tendra-a-un-civil-como-lider-con-el-retiro-formal-de-raul-castro\/"]}]},{"@type":"ImageObject","inLanguage":"es","@id":"https:\/\/www.sonoraenequipo.com.mx\/por-primera-vez-el-pcc-tendra-a-un-civil-como-lider-con-el-retiro-formal-de-raul-castro\/#primaryimage","url":"https:\/\/www.sonoraenequipo.com.mx\/storage\/2021\/03\/miguel-diaz-canel_opt.jpg","contentUrl":"https:\/\/www.sonoraenequipo.com.mx\/storage\/2021\/03\/miguel-diaz-canel_opt.jpg","width":600,"height":400},{"@type":"BreadcrumbList","@id":"https:\/\/www.sonoraenequipo.com.mx\/por-primera-vez-el-pcc-tendra-a-un-civil-como-lider-con-el-retiro-formal-de-raul-castro\/#breadcrumb","itemListElement":[{"@type":"ListItem","position":1,"name":"Portada","item":"https:\/\/www.sonoraenequipo.com.mx\/"},{"@type":"ListItem","position":2,"name":"Por primera vez el PCC tendr\u00e1 a un civil como l\u00edder, con el retiro formal de Ra\u00fal Castro"}]},{"@type":"WebSite","@id":"https:\/\/www.sonoraenequipo.com.mx\/#website","url":"https:\/\/www.sonoraenequipo.com.mx\/","name":"Sonora en Equipo.","description":"Diario en l\u00ednea con Noticias desde Hermosillo, Sonora","publisher":{"@id":"https:\/\/www.sonoraenequipo.com.mx\/#organization"},"potentialAction":[{"@type":"SearchAction","target":{"@type":"EntryPoint","urlTemplate":"https:\/\/www.sonoraenequipo.com.mx\/?s={search_term_string}"},"query-input":{"@type":"PropertyValueSpecification","valueRequired":true,"valueName":"search_term_string"}}],"inLanguage":"es"},{"@type":"Organization","@id":"https:\/\/www.sonoraenequipo.com.mx\/#organization","name":"Sonoraenequipo.com.mx","url":"https:\/\/www.sonoraenequipo.com.mx\/","logo":{"@type":"ImageObject","inLanguage":"es","@id":"https:\/\/www.sonoraenequipo.com.mx\/#\/schema\/logo\/image\/","url":"https:\/\/www.sonoraenequipo.com.mx\/storage\/2019\/01\/sonoraenequipo_opt.png","contentUrl":"https:\/\/www.sonoraenequipo.com.mx\/storage\/2019\/01\/sonoraenequipo_opt.png","width":375,"height":125,"caption":"Sonoraenequipo.com.mx"},"image":{"@id":"https:\/\/www.sonoraenequipo.com.mx\/#\/schema\/logo\/image\/"},"sameAs":["https:\/\/www.facebook.com\/SonoraEE\/","https:\/\/x.com\/sonoraenequipo","https:\/\/www.youtube.com\/channel\/UC338nW-lPEYmJQs4ZABQ1SQ"]},{"@type":"Person","@id":"https:\/\/www.sonoraenequipo.com.mx\/#\/schema\/person\/50102df0fb23a8fa9e8effad8fa81386","name":"enequipo","image":{"@type":"ImageObject","inLanguage":"es","@id":"https:\/\/www.sonoraenequipo.com.mx\/#\/schema\/person\/image\/","url":"https:\/\/secure.gravatar.com\/avatar\/049821681b589dabc0bc20695993ccebb09f5b5d4d790cd9251b97faac7c652b?s=96&d=blank&r=g","contentUrl":"https:\/\/secure.gravatar.com\/avatar\/049821681b589dabc0bc20695993ccebb09f5b5d4d790cd9251b97faac7c652b?s=96&d=blank&r=g","caption":"enequipo"},"sameAs":["https:\/\/www.facebook.com\/SonoraEE"]}]}},"jetpack_featured_media_url":"https:\/\/www.sonoraenequipo.com.mx\/storage\/2021\/03\/miguel-diaz-canel_opt.jpg","_links":{"self":[{"href":"https:\/\/www.sonoraenequipo.com.mx\/api\/wp\/v2\/posts\/108399","targetHints":{"allow":["GET"]}}],"collection":[{"href":"https:\/\/www.sonoraenequipo.com.mx\/api\/wp\/v2\/posts"}],"about":[{"href":"https:\/\/www.sonoraenequipo.com.mx\/api\/wp\/v2\/types\/post"}],"author":[{"embeddable":true,"href":"https:\/\/www.sonoraenequipo.com.mx\/api\/wp\/v2\/users\/1"}],"replies":[{"embeddable":true,"href":"https:\/\/www.sonoraenequipo.com.mx\/api\/wp\/v2\/comments?post=108399"}],"version-history":[{"count":2,"href":"https:\/\/www.sonoraenequipo.com.mx\/api\/wp\/v2\/posts\/108399\/revisions"}],"predecessor-version":[{"id":108402,"href":"https:\/\/www.sonoraenequipo.com.mx\/api\/wp\/v2\/posts\/108399\/revisions\/108402"}],"wp:featuredmedia":[{"embeddable":true,"href":"https:\/\/www.sonoraenequipo.com.mx\/api\/wp\/v2\/media\/108400"}],"wp:attachment":[{"href":"https:\/\/www.sonoraenequipo.com.mx\/api\/wp\/v2\/media?parent=108399"}],"wp:term":[{"taxonomy":"category","embeddable":true,"href":"https:\/\/www.sonoraenequipo.com.mx\/api\/wp\/v2\/categories?post=108399"},{"taxonomy":"post_tag","embeddable":true,"href":"https:\/\/www.sonoraenequipo.com.mx\/api\/wp\/v2\/tags?post=108399"}],"curies":[{"name":"wp","href":"https:\/\/api.w.org\/{rel}","templated":true}]}}