{"id":108413,"date":"2021-03-05T17:00:10","date_gmt":"2021-03-06T00:00:10","guid":{"rendered":"https:\/\/www.sonoraenequipo.com.mx\/?p=108413"},"modified":"2021-03-05T20:15:29","modified_gmt":"2021-03-06T03:15:29","slug":"refuerza-gobierno-de-celida-lopez-rescate-de-espacios-publicos-y-mejoras-de-infraestructura-en-miguel-aleman","status":"publish","type":"post","link":"https:\/\/www.sonoraenequipo.com.mx\/refuerza-gobierno-de-celida-lopez-rescate-de-espacios-publicos-y-mejoras-de-infraestructura-en-miguel-aleman\/","title":{"rendered":"Refuerza Gobierno de Celida L\u00f3pez rescate de espacios p\u00fablicos y mejoras de infraestructura en Miguel Alem\u00e1n"},"content":{"rendered":"<p>HERMOSILLO, SONORA. MX. \u2014\u00a0 El gobierno municipal de Hermosillo encabezado por la Alcaldesa Celida L\u00f3pez contin\u00faa impulsando acciones para mejorar la calidad de vida de los habitantes de Miguel Alem\u00e1n, mediante el rescate de espacios p\u00fablicos, mejoras en vialidades y reparaci\u00f3n de infraestructura.<\/p>\n<p>&nbsp;<\/p>\n<p> <\/p>\n<p>&nbsp;<\/p>\n<p>Personal de Servicios P\u00fablicos realiz\u00f3 trabajos de limpieza y retiro de azolve en vialidades como el bulevar Zapata, limpieza de la plaza p\u00fablica de la comunidad Triqui, limpieza del estadio Azul, adem\u00e1s mediante el esquema de empleo temporal se realiz\u00f3 el barrido de calles y trabajos de pintura en la Telesecundaria #14.<\/p>\n<p>&nbsp;<\/p>\n<p>La Direcci\u00f3n de Alumbrado P\u00fablico llev\u00f3 a cabo trabajos de mantenimiento correctivo y report\u00f3 la instalaci\u00f3n de nuevas luminarias led en vialidades como las avenidas L\u00e1zaro C\u00e1rdenas, Vicente Guerrero y Jos\u00e9 Mar\u00eda Morelos, adem\u00e1s de la instalaci\u00f3n de fotoceldas en Ricardo Flores Mag\u00f3n, Benito Ju\u00e1rez, Aquiles Serd\u00e1n y Francisco I. Madero.<\/p>\n<p>&nbsp;<\/p>\n<p>Por su parte Agua de Hermosillo contin\u00faa con los trabajos de reparaci\u00f3n de tuber\u00edas de agua potable y drenaje en calles como la Carmen Serd\u00e1n en donde se remplazaron 450 metros de tuber\u00eda y se trabaja en la instalaci\u00f3n de alcantarillas y reparaci\u00f3n de nuevos colectores.<\/p>\n<p>&nbsp;<\/p>\n<p>Como parte de las acciones de conservaci\u00f3n vial, la Coordinaci\u00f3n de Infraestructura, Desarrollo Urbano y Ecolog\u00eda (CIDUE), report\u00f3 acciones de conformaci\u00f3n en calles como la Trinidad S\u00e1nchez Leyva, Nicol\u00e1s Bravo, Ram\u00f3n Corral, Calle Zaragoza, 12 de octubre y 7 de noviembre.<\/p>\n<p>&nbsp;<\/p>\n<p>El Centro de Atenci\u00f3n Canina y Felina tambi\u00e9n realiz\u00f3 acciones en Miguel Alem\u00e1n en los \u00faltimos d\u00edas, mediante la Jornada de Vacunaci\u00f3n y Esterilizaci\u00f3n de Mascotas en donde se aplicaron 412 vacunas, 368 dosis desparasitante, se entregaron 460 ba\u00f1os garrapaticidas y se realizaron 31 esterilizaciones en esta jornada, que se estar\u00e1 realizando cada 15 d\u00edas en esta comunidad.<\/p>\n<p>&nbsp;<\/p>\n<p>Personal de la Comisar\u00eda de Miguel Alem\u00e1n realiz\u00f3 la entrega de apoyos alimentarios y cobertores a poblaci\u00f3n en condici\u00f3n vulnerable, adem\u00e1s de plantaci\u00f3n de \u00e1rboles en el estadio de b\u00e9isbol, y sostuvo una reuni\u00f3n con vecinos en la colonia Insurgentes.<\/p>\n<p>&nbsp;<\/p>\n<p>(Publicada el 05\/03\/2021)<\/p>\n","protected":false},"excerpt":{"rendered":"<p>HERMOSILLO, SONORA. MX. \u2014\u00a0 El gobierno municipal de Hermosillo encabezado por la Alcaldesa Celida L\u00f3pez&#8230;<\/p>\n","protected":false},"author":1,"featured_media":108411,"comment_status":"open","ping_status":"open","sticky":false,"template":"","format":"standard","meta":{"_monsterinsights_skip_tracking":false,"_monsterinsights_sitenote_active":false,"_monsterinsights_sitenote_note":"","_monsterinsights_sitenote_category":0,"footnotes":""},"categories":[4],"tags":[],"class_list":["post"],"yoast_head":" \n<title>Sonora en Equipo. Refuerza Gobierno de Celida L\u00f3pez rescate de espacios p\u00fablicos y mejoras de infraestructura en Miguel Alem\u00e1n Municipios<\/title>\n<meta name=\"description\" content=\"HERMOSILLO, SONORA. MX. \u2014\u00a0 El gobierno municipal de Hermosillo encabezado por la Alcaldesa Celida L\u00f3pez contin\u00faa impulsando acciones para mejorar la En Sonora en Equipo publicamos toda la informaci\u00f3n de Sonora, M\u00e9xico y el Mundo de manera oportuna y busca que la libertad de expresi\u00f3n sea real. Visita nuestro medio informativo publicado desde Hermosillo, Sonora. %\" \/>\n<meta name=\"robots\" content=\"index, follow, max-snippet:-1, max-image-preview:large, max-video-preview:-1\" \/>\n<link rel=\"canonical\" href=\"https:\/\/www.sonoraenequipo.com.mx\/refuerza-gobierno-de-celida-lopez-rescate-de-espacios-publicos-y-mejoras-de-infraestructura-en-miguel-aleman\/\" \/>\n<meta property=\"og:locale\" content=\"es_ES\" \/>\n<meta property=\"og:type\" content=\"article\" \/>\n<meta property=\"og:title\" content=\"Sonora en Equipo. Refuerza Gobierno de Celida L\u00f3pez rescate de espacios p\u00fablicos y mejoras de infraestructura en Miguel Alem\u00e1n Municipios\" \/>\n<meta property=\"og:description\" content=\"HERMOSILLO, SONORA. MX. \u2014\u00a0 El gobierno municipal de Hermosillo encabezado por la Alcaldesa Celida L\u00f3pez contin\u00faa impulsando acciones para mejorar la En Sonora en Equipo publicamos toda la informaci\u00f3n de Sonora, M\u00e9xico y el Mundo de manera oportuna y busca que la libertad de expresi\u00f3n sea real. Visita nuestro medio informativo publicado desde Hermosillo, Sonora. %\" \/>\n<meta property=\"og:url\" content=\"https:\/\/www.sonoraenequipo.com.mx\/refuerza-gobierno-de-celida-lopez-rescate-de-espacios-publicos-y-mejoras-de-infraestructura-en-miguel-aleman\/\" \/>\n<meta property=\"og:site_name\" content=\"Sonora en Equipo.\" \/>\n<meta property=\"article:publisher\" content=\"https:\/\/www.facebook.com\/SonoraEE\/\" \/>\n<meta property=\"article:author\" content=\"https:\/\/www.facebook.com\/SonoraEE\" \/>\n<meta property=\"article:published_time\" content=\"2021-03-06T00:00:10+00:00\" \/>\n<meta property=\"article:modified_time\" content=\"2021-03-06T03:15:29+00:00\" \/>\n<meta property=\"og:image\" content=\"https:\/\/www.sonoraenequipo.com.mx\/storage\/2021\/03\/infraestructura-en-Miguel-Aleman-3_opt.jpg\" \/>\n\t<meta property=\"og:image:width\" content=\"522\" \/>\n\t<meta property=\"og:image:height\" content=\"400\" \/>\n\t<meta property=\"og:image:type\" content=\"image\/jpeg\" \/>\n<meta name=\"author\" content=\"enequipo\" \/>\n<meta name=\"twitter:card\" content=\"summary_large_image\" \/>\n<meta name=\"twitter:creator\" content=\"@sonoraenequipo\" \/>\n<meta name=\"twitter:site\" content=\"@sonoraenequipo\" \/>\n<meta name=\"twitter:label1\" content=\"Escrito por\" \/>\n\t<meta name=\"twitter:data1\" content=\"enequipo\" \/>\n\t<meta name=\"twitter:label2\" content=\"Tiempo de lectura\" \/>\n\t<meta name=\"twitter:data2\" content=\"2 minutos\" \/>\n<script type=\"application\/ld+json\" class=\"yoast-schema-graph\">{\"@context\":\"https:\/\/schema.org\",\"@graph\":[{\"@type\":\"Article\",\"@id\":\"https:\/\/www.sonoraenequipo.com.mx\/refuerza-gobierno-de-celida-lopez-rescate-de-espacios-publicos-y-mejoras-de-infraestructura-en-miguel-aleman\/#article\",\"isPartOf\":{\"@id\":\"https:\/\/www.sonoraenequipo.com.mx\/refuerza-gobierno-de-celida-lopez-rescate-de-espacios-publicos-y-mejoras-de-infraestructura-en-miguel-aleman\/\"},\"author\":{\"name\":\"enequipo\",\"@id\":\"https:\/\/www.sonoraenequipo.com.mx\/#\/schema\/person\/50102df0fb23a8fa9e8effad8fa81386\"},\"headline\":\"Refuerza Gobierno de Celida L\u00f3pez rescate de espacios p\u00fablicos y mejoras de infraestructura en Miguel Alem\u00e1n\",\"datePublished\":\"2021-03-06T00:00:10+00:00\",\"dateModified\":\"2021-03-06T03:15:29+00:00\",\"mainEntityOfPage\":{\"@id\":\"https:\/\/www.sonoraenequipo.com.mx\/refuerza-gobierno-de-celida-lopez-rescate-de-espacios-publicos-y-mejoras-de-infraestructura-en-miguel-aleman\/\"},\"wordCount\":399,\"commentCount\":0,\"publisher\":{\"@id\":\"https:\/\/www.sonoraenequipo.com.mx\/#organization\"},\"image\":{\"@id\":\"https:\/\/www.sonoraenequipo.com.mx\/refuerza-gobierno-de-celida-lopez-rescate-de-espacios-publicos-y-mejoras-de-infraestructura-en-miguel-aleman\/#primaryimage\"},\"thumbnailUrl\":\"https:\/\/www.sonoraenequipo.com.mx\/storage\/2021\/03\/infraestructura-en-Miguel-Aleman-3_opt.jpg\",\"articleSection\":[\"Municipios\"],\"inLanguage\":\"es\",\"potentialAction\":[{\"@type\":\"CommentAction\",\"name\":\"Comment\",\"target\":[\"https:\/\/www.sonoraenequipo.com.mx\/refuerza-gobierno-de-celida-lopez-rescate-de-espacios-publicos-y-mejoras-de-infraestructura-en-miguel-aleman\/#respond\"]}]},{\"@type\":\"WebPage\",\"@id\":\"https:\/\/www.sonoraenequipo.com.mx\/refuerza-gobierno-de-celida-lopez-rescate-de-espacios-publicos-y-mejoras-de-infraestructura-en-miguel-aleman\/\",\"url\":\"https:\/\/www.sonoraenequipo.com.mx\/refuerza-gobierno-de-celida-lopez-rescate-de-espacios-publicos-y-mejoras-de-infraestructura-en-miguel-aleman\/\",\"name\":\"Sonora en Equipo. Refuerza Gobierno de Celida L\u00f3pez rescate de espacios p\u00fablicos y mejoras de infraestructura en Miguel Alem\u00e1n Municipios\",\"isPartOf\":{\"@id\":\"https:\/\/www.sonoraenequipo.com.mx\/#website\"},\"primaryImageOfPage\":{\"@id\":\"https:\/\/www.sonoraenequipo.com.mx\/refuerza-gobierno-de-celida-lopez-rescate-de-espacios-publicos-y-mejoras-de-infraestructura-en-miguel-aleman\/#primaryimage\"},\"image\":{\"@id\":\"https:\/\/www.sonoraenequipo.com.mx\/refuerza-gobierno-de-celida-lopez-rescate-de-espacios-publicos-y-mejoras-de-infraestructura-en-miguel-aleman\/#primaryimage\"},\"thumbnailUrl\":\"https:\/\/www.sonoraenequipo.com.mx\/storage\/2021\/03\/infraestructura-en-Miguel-Aleman-3_opt.jpg\",\"datePublished\":\"2021-03-06T00:00:10+00:00\",\"dateModified\":\"2021-03-06T03:15:29+00:00\",\"description\":\"HERMOSILLO, SONORA. MX. \u2014\u00a0 El gobierno municipal de Hermosillo encabezado por la Alcaldesa Celida L\u00f3pez contin\u00faa impulsando acciones para mejorar la En Sonora en Equipo publicamos toda la informaci\u00f3n de Sonora, M\u00e9xico y el Mundo de manera oportuna y busca que la libertad de expresi\u00f3n sea real. Visita nuestro medio informativo publicado desde Hermosillo, Sonora. %\",\"breadcrumb\":{\"@id\":\"https:\/\/www.sonoraenequipo.com.mx\/refuerza-gobierno-de-celida-lopez-rescate-de-espacios-publicos-y-mejoras-de-infraestructura-en-miguel-aleman\/#breadcrumb\"},\"inLanguage\":\"es\",\"potentialAction\":[{\"@type\":\"ReadAction\",\"target\":[\"https:\/\/www.sonoraenequipo.com.mx\/refuerza-gobierno-de-celida-lopez-rescate-de-espacios-publicos-y-mejoras-de-infraestructura-en-miguel-aleman\/\"]}]},{\"@type\":\"ImageObject\",\"inLanguage\":\"es\",\"@id\":\"https:\/\/www.sonoraenequipo.com.mx\/refuerza-gobierno-de-celida-lopez-rescate-de-espacios-publicos-y-mejoras-de-infraestructura-en-miguel-aleman\/#primaryimage\",\"url\":\"https:\/\/www.sonoraenequipo.com.mx\/storage\/2021\/03\/infraestructura-en-Miguel-Aleman-3_opt.jpg\",\"contentUrl\":\"https:\/\/www.sonoraenequipo.com.mx\/storage\/2021\/03\/infraestructura-en-Miguel-Aleman-3_opt.jpg\",\"width\":522,\"height\":400},{\"@type\":\"BreadcrumbList\",\"@id\":\"https:\/\/www.sonoraenequipo.com.mx\/refuerza-gobierno-de-celida-lopez-rescate-de-espacios-publicos-y-mejoras-de-infraestructura-en-miguel-aleman\/#breadcrumb\",\"itemListElement\":[{\"@type\":\"ListItem\",\"position\":1,\"name\":\"Portada\",\"item\":\"https:\/\/www.sonoraenequipo.com.mx\/\"},{\"@type\":\"ListItem\",\"position\":2,\"name\":\"Refuerza Gobierno de Celida L\u00f3pez rescate de espacios p\u00fablicos y mejoras de infraestructura en Miguel Alem\u00e1n\"}]},{\"@type\":\"WebSite\",\"@id\":\"https:\/\/www.sonoraenequipo.com.mx\/#website\",\"url\":\"https:\/\/www.sonoraenequipo.com.mx\/\",\"name\":\"Sonora en Equipo.\",\"description\":\"Diario en l\u00ednea con Noticias desde Hermosillo, Sonora\",\"publisher\":{\"@id\":\"https:\/\/www.sonoraenequipo.com.mx\/#organization\"},\"potentialAction\":[{\"@type\":\"SearchAction\",\"target\":{\"@type\":\"EntryPoint\",\"urlTemplate\":\"https:\/\/www.sonoraenequipo.com.mx\/?s={search_term_string}\"},\"query-input\":{\"@type\":\"PropertyValueSpecification\",\"valueRequired\":true,\"valueName\":\"search_term_string\"}}],\"inLanguage\":\"es\"},{\"@type\":\"Organization\",\"@id\":\"https:\/\/www.sonoraenequipo.com.mx\/#organization\",\"name\":\"Sonoraenequipo.com.mx\",\"url\":\"https:\/\/www.sonoraenequipo.com.mx\/\",\"logo\":{\"@type\":\"ImageObject\",\"inLanguage\":\"es\",\"@id\":\"https:\/\/www.sonoraenequipo.com.mx\/#\/schema\/logo\/image\/\",\"url\":\"https:\/\/www.sonoraenequipo.com.mx\/storage\/2019\/01\/sonoraenequipo_opt.png\",\"contentUrl\":\"https:\/\/www.sonoraenequipo.com.mx\/storage\/2019\/01\/sonoraenequipo_opt.png\",\"width\":375,\"height\":125,\"caption\":\"Sonoraenequipo.com.mx\"},\"image\":{\"@id\":\"https:\/\/www.sonoraenequipo.com.mx\/#\/schema\/logo\/image\/\"},\"sameAs\":[\"https:\/\/www.facebook.com\/SonoraEE\/\",\"https:\/\/x.com\/sonoraenequipo\",\"https:\/\/www.youtube.com\/channel\/UC338nW-lPEYmJQs4ZABQ1SQ\"]},{\"@type\":\"Person\",\"@id\":\"https:\/\/www.sonoraenequipo.com.mx\/#\/schema\/person\/50102df0fb23a8fa9e8effad8fa81386\",\"name\":\"enequipo\",\"image\":{\"@type\":\"ImageObject\",\"inLanguage\":\"es\",\"@id\":\"https:\/\/www.sonoraenequipo.com.mx\/#\/schema\/person\/image\/\",\"url\":\"https:\/\/secure.gravatar.com\/avatar\/049821681b589dabc0bc20695993ccebb09f5b5d4d790cd9251b97faac7c652b?s=96&d=blank&r=g\",\"contentUrl\":\"https:\/\/secure.gravatar.com\/avatar\/049821681b589dabc0bc20695993ccebb09f5b5d4d790cd9251b97faac7c652b?s=96&d=blank&r=g\",\"caption\":\"enequipo\"},\"sameAs\":[\"https:\/\/www.facebook.com\/SonoraEE\"]}]}<\/script>\n ","yoast_head_json":{"title":"Sonora en Equipo. Refuerza Gobierno de Celida L\u00f3pez rescate de espacios p\u00fablicos y mejoras de infraestructura en Miguel Alem\u00e1n Municipios","description":"HERMOSILLO, SONORA. MX. \u2014\u00a0 El gobierno municipal de Hermosillo encabezado por la Alcaldesa Celida L\u00f3pez contin\u00faa impulsando acciones para mejorar la En Sonora en Equipo publicamos toda la informaci\u00f3n de Sonora, M\u00e9xico y el Mundo de manera oportuna y busca que la libertad de expresi\u00f3n sea real. Visita nuestro medio informativo publicado desde Hermosillo, Sonora. %","robots":{"index":"index","follow":"follow","max-snippet":"max-snippet:-1","max-image-preview":"max-image-preview:large","max-video-preview":"max-video-preview:-1"},"canonical":"https:\/\/www.sonoraenequipo.com.mx\/refuerza-gobierno-de-celida-lopez-rescate-de-espacios-publicos-y-mejoras-de-infraestructura-en-miguel-aleman\/","og_locale":"es_ES","og_type":"article","og_title":"Sonora en Equipo. Refuerza Gobierno de Celida L\u00f3pez rescate de espacios p\u00fablicos y mejoras de infraestructura en Miguel Alem\u00e1n Municipios","og_description":"HERMOSILLO, SONORA. MX. \u2014\u00a0 El gobierno municipal de Hermosillo encabezado por la Alcaldesa Celida L\u00f3pez contin\u00faa impulsando acciones para mejorar la En Sonora en Equipo publicamos toda la informaci\u00f3n de Sonora, M\u00e9xico y el Mundo de manera oportuna y busca que la libertad de expresi\u00f3n sea real. Visita nuestro medio informativo publicado desde Hermosillo, Sonora. %","og_url":"https:\/\/www.sonoraenequipo.com.mx\/refuerza-gobierno-de-celida-lopez-rescate-de-espacios-publicos-y-mejoras-de-infraestructura-en-miguel-aleman\/","og_site_name":"Sonora en Equipo.","article_publisher":"https:\/\/www.facebook.com\/SonoraEE\/","article_author":"https:\/\/www.facebook.com\/SonoraEE","article_published_time":"2021-03-06T00:00:10+00:00","article_modified_time":"2021-03-06T03:15:29+00:00","og_image":[{"width":522,"height":400,"url":"https:\/\/www.sonoraenequipo.com.mx\/storage\/2021\/03\/infraestructura-en-Miguel-Aleman-3_opt.jpg","type":"image\/jpeg"}],"author":"enequipo","twitter_card":"summary_large_image","twitter_creator":"@sonoraenequipo","twitter_site":"@sonoraenequipo","twitter_misc":{"Escrito por":"enequipo","Tiempo de lectura":"2 minutos"},"schema":{"@context":"https:\/\/schema.org","@graph":[{"@type":"Article","@id":"https:\/\/www.sonoraenequipo.com.mx\/refuerza-gobierno-de-celida-lopez-rescate-de-espacios-publicos-y-mejoras-de-infraestructura-en-miguel-aleman\/#article","isPartOf":{"@id":"https:\/\/www.sonoraenequipo.com.mx\/refuerza-gobierno-de-celida-lopez-rescate-de-espacios-publicos-y-mejoras-de-infraestructura-en-miguel-aleman\/"},"author":{"name":"enequipo","@id":"https:\/\/www.sonoraenequipo.com.mx\/#\/schema\/person\/50102df0fb23a8fa9e8effad8fa81386"},"headline":"Refuerza Gobierno de Celida L\u00f3pez rescate de espacios p\u00fablicos y mejoras de infraestructura en Miguel Alem\u00e1n","datePublished":"2021-03-06T00:00:10+00:00","dateModified":"2021-03-06T03:15:29+00:00","mainEntityOfPage":{"@id":"https:\/\/www.sonoraenequipo.com.mx\/refuerza-gobierno-de-celida-lopez-rescate-de-espacios-publicos-y-mejoras-de-infraestructura-en-miguel-aleman\/"},"wordCount":399,"commentCount":0,"publisher":{"@id":"https:\/\/www.sonoraenequipo.com.mx\/#organization"},"image":{"@id":"https:\/\/www.sonoraenequipo.com.mx\/refuerza-gobierno-de-celida-lopez-rescate-de-espacios-publicos-y-mejoras-de-infraestructura-en-miguel-aleman\/#primaryimage"},"thumbnailUrl":"https:\/\/www.sonoraenequipo.com.mx\/storage\/2021\/03\/infraestructura-en-Miguel-Aleman-3_opt.jpg","articleSection":["Municipios"],"inLanguage":"es","potentialAction":[{"@type":"CommentAction","name":"Comment","target":["https:\/\/www.sonoraenequipo.com.mx\/refuerza-gobierno-de-celida-lopez-rescate-de-espacios-publicos-y-mejoras-de-infraestructura-en-miguel-aleman\/#respond"]}]},{"@type":"WebPage","@id":"https:\/\/www.sonoraenequipo.com.mx\/refuerza-gobierno-de-celida-lopez-rescate-de-espacios-publicos-y-mejoras-de-infraestructura-en-miguel-aleman\/","url":"https:\/\/www.sonoraenequipo.com.mx\/refuerza-gobierno-de-celida-lopez-rescate-de-espacios-publicos-y-mejoras-de-infraestructura-en-miguel-aleman\/","name":"Sonora en Equipo. Refuerza Gobierno de Celida L\u00f3pez rescate de espacios p\u00fablicos y mejoras de infraestructura en Miguel Alem\u00e1n Municipios","isPartOf":{"@id":"https:\/\/www.sonoraenequipo.com.mx\/#website"},"primaryImageOfPage":{"@id":"https:\/\/www.sonoraenequipo.com.mx\/refuerza-gobierno-de-celida-lopez-rescate-de-espacios-publicos-y-mejoras-de-infraestructura-en-miguel-aleman\/#primaryimage"},"image":{"@id":"https:\/\/www.sonoraenequipo.com.mx\/refuerza-gobierno-de-celida-lopez-rescate-de-espacios-publicos-y-mejoras-de-infraestructura-en-miguel-aleman\/#primaryimage"},"thumbnailUrl":"https:\/\/www.sonoraenequipo.com.mx\/storage\/2021\/03\/infraestructura-en-Miguel-Aleman-3_opt.jpg","datePublished":"2021-03-06T00:00:10+00:00","dateModified":"2021-03-06T03:15:29+00:00","description":"HERMOSILLO, SONORA. MX. \u2014\u00a0 El gobierno municipal de Hermosillo encabezado por la Alcaldesa Celida L\u00f3pez contin\u00faa impulsando acciones para mejorar la En Sonora en Equipo publicamos toda la informaci\u00f3n de Sonora, M\u00e9xico y el Mundo de manera oportuna y busca que la libertad de expresi\u00f3n sea real. Visita nuestro medio informativo publicado desde Hermosillo, Sonora. %","breadcrumb":{"@id":"https:\/\/www.sonoraenequipo.com.mx\/refuerza-gobierno-de-celida-lopez-rescate-de-espacios-publicos-y-mejoras-de-infraestructura-en-miguel-aleman\/#breadcrumb"},"inLanguage":"es","potentialAction":[{"@type":"ReadAction","target":["https:\/\/www.sonoraenequipo.com.mx\/refuerza-gobierno-de-celida-lopez-rescate-de-espacios-publicos-y-mejoras-de-infraestructura-en-miguel-aleman\/"]}]},{"@type":"ImageObject","inLanguage":"es","@id":"https:\/\/www.sonoraenequipo.com.mx\/refuerza-gobierno-de-celida-lopez-rescate-de-espacios-publicos-y-mejoras-de-infraestructura-en-miguel-aleman\/#primaryimage","url":"https:\/\/www.sonoraenequipo.com.mx\/storage\/2021\/03\/infraestructura-en-Miguel-Aleman-3_opt.jpg","contentUrl":"https:\/\/www.sonoraenequipo.com.mx\/storage\/2021\/03\/infraestructura-en-Miguel-Aleman-3_opt.jpg","width":522,"height":400},{"@type":"BreadcrumbList","@id":"https:\/\/www.sonoraenequipo.com.mx\/refuerza-gobierno-de-celida-lopez-rescate-de-espacios-publicos-y-mejoras-de-infraestructura-en-miguel-aleman\/#breadcrumb","itemListElement":[{"@type":"ListItem","position":1,"name":"Portada","item":"https:\/\/www.sonoraenequipo.com.mx\/"},{"@type":"ListItem","position":2,"name":"Refuerza Gobierno de Celida L\u00f3pez rescate de espacios p\u00fablicos y mejoras de infraestructura en Miguel Alem\u00e1n"}]},{"@type":"WebSite","@id":"https:\/\/www.sonoraenequipo.com.mx\/#website","url":"https:\/\/www.sonoraenequipo.com.mx\/","name":"Sonora en Equipo.","description":"Diario en l\u00ednea con Noticias desde Hermosillo, Sonora","publisher":{"@id":"https:\/\/www.sonoraenequipo.com.mx\/#organization"},"potentialAction":[{"@type":"SearchAction","target":{"@type":"EntryPoint","urlTemplate":"https:\/\/www.sonoraenequipo.com.mx\/?s={search_term_string}"},"query-input":{"@type":"PropertyValueSpecification","valueRequired":true,"valueName":"search_term_string"}}],"inLanguage":"es"},{"@type":"Organization","@id":"https:\/\/www.sonoraenequipo.com.mx\/#organization","name":"Sonoraenequipo.com.mx","url":"https:\/\/www.sonoraenequipo.com.mx\/","logo":{"@type":"ImageObject","inLanguage":"es","@id":"https:\/\/www.sonoraenequipo.com.mx\/#\/schema\/logo\/image\/","url":"https:\/\/www.sonoraenequipo.com.mx\/storage\/2019\/01\/sonoraenequipo_opt.png","contentUrl":"https:\/\/www.sonoraenequipo.com.mx\/storage\/2019\/01\/sonoraenequipo_opt.png","width":375,"height":125,"caption":"Sonoraenequipo.com.mx"},"image":{"@id":"https:\/\/www.sonoraenequipo.com.mx\/#\/schema\/logo\/image\/"},"sameAs":["https:\/\/www.facebook.com\/SonoraEE\/","https:\/\/x.com\/sonoraenequipo","https:\/\/www.youtube.com\/channel\/UC338nW-lPEYmJQs4ZABQ1SQ"]},{"@type":"Person","@id":"https:\/\/www.sonoraenequipo.com.mx\/#\/schema\/person\/50102df0fb23a8fa9e8effad8fa81386","name":"enequipo","image":{"@type":"ImageObject","inLanguage":"es","@id":"https:\/\/www.sonoraenequipo.com.mx\/#\/schema\/person\/image\/","url":"https:\/\/secure.gravatar.com\/avatar\/049821681b589dabc0bc20695993ccebb09f5b5d4d790cd9251b97faac7c652b?s=96&d=blank&r=g","contentUrl":"https:\/\/secure.gravatar.com\/avatar\/049821681b589dabc0bc20695993ccebb09f5b5d4d790cd9251b97faac7c652b?s=96&d=blank&r=g","caption":"enequipo"},"sameAs":["https:\/\/www.facebook.com\/SonoraEE"]}]}},"jetpack_featured_media_url":"https:\/\/www.sonoraenequipo.com.mx\/storage\/2021\/03\/infraestructura-en-Miguel-Aleman-3_opt.jpg","_links":{"self":[{"href":"https:\/\/www.sonoraenequipo.com.mx\/api\/wp\/v2\/posts\/108413","targetHints":{"allow":["GET"]}}],"collection":[{"href":"https:\/\/www.sonoraenequipo.com.mx\/api\/wp\/v2\/posts"}],"about":[{"href":"https:\/\/www.sonoraenequipo.com.mx\/api\/wp\/v2\/types\/post"}],"author":[{"embeddable":true,"href":"https:\/\/www.sonoraenequipo.com.mx\/api\/wp\/v2\/users\/1"}],"replies":[{"embeddable":true,"href":"https:\/\/www.sonoraenequipo.com.mx\/api\/wp\/v2\/comments?post=108413"}],"version-history":[{"count":1,"href":"https:\/\/www.sonoraenequipo.com.mx\/api\/wp\/v2\/posts\/108413\/revisions"}],"predecessor-version":[{"id":108415,"href":"https:\/\/www.sonoraenequipo.com.mx\/api\/wp\/v2\/posts\/108413\/revisions\/108415"}],"wp:featuredmedia":[{"embeddable":true,"href":"https:\/\/www.sonoraenequipo.com.mx\/api\/wp\/v2\/media\/108411"}],"wp:attachment":[{"href":"https:\/\/www.sonoraenequipo.com.mx\/api\/wp\/v2\/media?parent=108413"}],"wp:term":[{"taxonomy":"category","embeddable":true,"href":"https:\/\/www.sonoraenequipo.com.mx\/api\/wp\/v2\/categories?post=108413"},{"taxonomy":"post_tag","embeddable":true,"href":"https:\/\/www.sonoraenequipo.com.mx\/api\/wp\/v2\/tags?post=108413"}],"curies":[{"name":"wp","href":"https:\/\/api.w.org\/{rel}","templated":true}]}}