{"id":108416,"date":"2021-03-05T20:25:26","date_gmt":"2021-03-06T03:25:26","guid":{"rendered":"https:\/\/www.sonoraenequipo.com.mx\/?p=108416"},"modified":"2021-03-05T20:33:13","modified_gmt":"2021-03-06T03:33:13","slug":"trabajaremos-hombro-a-hombro-con-alfonso-durazo-para-lograr-la-transformacion-de-sonora-omar-del-valle-colosio","status":"publish","type":"post","link":"https:\/\/www.sonoraenequipo.com.mx\/trabajaremos-hombro-a-hombro-con-alfonso-durazo-para-lograr-la-transformacion-de-sonora-omar-del-valle-colosio\/","title":{"rendered":"\u201cTrabajaremos hombro a hombro con Alfonso Durazo para lograr la transformaci\u00f3n de Sonora\u201d: Omar Del Valle Colosio"},"content":{"rendered":"<p>HERMOSILLO, SONORA. MX. \u2014 El dirigente del Verde en Sonora, Omar Del Valle Colosio, reconoci\u00f3 que trabajar\u00e1n hombro a hombro con Alfonso Durazo para garantizar que Sonora recupere su grandeza.<\/p>\n<p>&nbsp;<\/p>\n<p> <\/p>\n<p>&nbsp;<\/p>\n<p>En el arranque de campa\u00f1a para la gubernatura de Sonora, el candidato Alfonso Durazo Monta\u00f1o de la alianza \u201cJuntos Hacemos Historia\u201d, integrada por el Partido Verde Ecologista de M\u00e9xico en Sonora (PVEMSon), el Partido del Trabajo (PT), Morena y Nueva Alianza, recalc\u00f3 que su gobierno ser\u00e1 incluyente y con oportunidades para todos.<\/p>\n<p>&nbsp;<\/p>\n<p>Durazo Monta\u00f1o destac\u00f3 que su mandato apoyar\u00e1 cada sector de la poblaci\u00f3n, sobre todo a los m\u00e1s necesitados, asimismo, dijo que la seguridad y el combate a la corrupci\u00f3n ser\u00e1n de sus prioridades, adem\u00e1s de la salud, educaci\u00f3n, paridad de g\u00e9nero y medio ambiente.<\/p>\n<p>&nbsp;<\/p>\n<p>El dirigente del Verde en Sonora, Omar Del Valle Colosio, reconoci\u00f3 que trabajar\u00e1n hombro a hombro con Alfonso Durazo para garantizar que Sonora recupere su grandeza.<\/p>\n<p>&nbsp;<\/p>\n<p><em>\u201cEstamos muy emocionados por el compromiso de Alfonso Durazo con los diferentes grupos, las mujeres, los j\u00f3venes y las personas vulnerables para salir adelante, se plante\u00f3 la idea de sacar a los grupos hegem\u00f3nicos del poder, esto significa que haya una entidad m\u00e1s justa y m\u00e1s verde\u201d,<\/em> coment\u00f3.<\/p>\n<p>&nbsp;<\/p>\n<p>Tambi\u00e9n, expres\u00f3 que como coalici\u00f3n no descansar\u00e1n para impulsar cada propuesta, pues est\u00e1n listos como instituci\u00f3n, adem\u00e1s, invit\u00f3 a los ciudadanos a unirse a la causa para lograr un cambio verdadero.<\/p>\n<p>&nbsp;<\/p>\n<p>(Publicada el 05\/03\/2021)<\/p>\n","protected":false},"excerpt":{"rendered":"<p>HERMOSILLO, SONORA. MX. \u2014 El dirigente del Verde en Sonora, Omar Del Valle Colosio, reconoci\u00f3&#8230;<\/p>\n","protected":false},"author":1,"featured_media":108417,"comment_status":"open","ping_status":"open","sticky":false,"template":"","format":"standard","meta":{"_monsterinsights_skip_tracking":false,"_monsterinsights_sitenote_active":false,"_monsterinsights_sitenote_note":"","_monsterinsights_sitenote_category":0,"footnotes":""},"categories":[22],"tags":[],"class_list":["post"],"yoast_head":" \n<title>Sonora en Equipo. \u201cTrabajaremos hombro a hombro con Alfonso Durazo para lograr la transformaci\u00f3n de Sonora\u201d: Omar Del Valle Colosio Sonora<\/title>\n<meta name=\"description\" content=\"HERMOSILLO, SONORA. MX. \u2014 El dirigente del Verde en Sonora, Omar Del Valle Colosio, reconoci\u00f3 que trabajar\u00e1n hombro a hombro con Alfonso Durazo para En Sonora en Equipo publicamos toda la informaci\u00f3n de Sonora, M\u00e9xico y el Mundo de manera oportuna y busca que la libertad de expresi\u00f3n sea real. Visita nuestro medio informativo publicado desde Hermosillo, Sonora. %\" \/>\n<meta name=\"robots\" content=\"index, follow, max-snippet:-1, max-image-preview:large, max-video-preview:-1\" \/>\n<link rel=\"canonical\" href=\"https:\/\/www.sonoraenequipo.com.mx\/trabajaremos-hombro-a-hombro-con-alfonso-durazo-para-lograr-la-transformacion-de-sonora-omar-del-valle-colosio\/\" \/>\n<meta property=\"og:locale\" content=\"es_ES\" \/>\n<meta property=\"og:type\" content=\"article\" \/>\n<meta property=\"og:title\" content=\"Sonora en Equipo. \u201cTrabajaremos hombro a hombro con Alfonso Durazo para lograr la transformaci\u00f3n de Sonora\u201d: Omar Del Valle Colosio Sonora\" \/>\n<meta property=\"og:description\" content=\"HERMOSILLO, SONORA. MX. \u2014 El dirigente del Verde en Sonora, Omar Del Valle Colosio, reconoci\u00f3 que trabajar\u00e1n hombro a hombro con Alfonso Durazo para En Sonora en Equipo publicamos toda la informaci\u00f3n de Sonora, M\u00e9xico y el Mundo de manera oportuna y busca que la libertad de expresi\u00f3n sea real. Visita nuestro medio informativo publicado desde Hermosillo, Sonora. %\" \/>\n<meta property=\"og:url\" content=\"https:\/\/www.sonoraenequipo.com.mx\/trabajaremos-hombro-a-hombro-con-alfonso-durazo-para-lograr-la-transformacion-de-sonora-omar-del-valle-colosio\/\" \/>\n<meta property=\"og:site_name\" content=\"Sonora en Equipo.\" \/>\n<meta property=\"article:publisher\" content=\"https:\/\/www.facebook.com\/SonoraEE\/\" \/>\n<meta property=\"article:author\" content=\"https:\/\/www.facebook.com\/SonoraEE\" \/>\n<meta property=\"article:published_time\" content=\"2021-03-06T03:25:26+00:00\" \/>\n<meta property=\"article:modified_time\" content=\"2021-03-06T03:33:13+00:00\" \/>\n<meta property=\"og:image\" content=\"https:\/\/www.sonoraenequipo.com.mx\/storage\/2021\/03\/Omar-del-Valle_opt.jpg\" \/>\n\t<meta property=\"og:image:width\" content=\"618\" \/>\n\t<meta property=\"og:image:height\" content=\"500\" \/>\n\t<meta property=\"og:image:type\" content=\"image\/jpeg\" \/>\n<meta name=\"author\" content=\"enequipo\" \/>\n<meta name=\"twitter:card\" content=\"summary_large_image\" \/>\n<meta name=\"twitter:creator\" content=\"@sonoraenequipo\" \/>\n<meta name=\"twitter:site\" content=\"@sonoraenequipo\" \/>\n<meta name=\"twitter:label1\" content=\"Escrito por\" \/>\n\t<meta name=\"twitter:data1\" content=\"enequipo\" \/>\n\t<meta name=\"twitter:label2\" content=\"Tiempo de lectura\" \/>\n\t<meta name=\"twitter:data2\" content=\"2 minutos\" \/>\n<script type=\"application\/ld+json\" class=\"yoast-schema-graph\">{\"@context\":\"https:\/\/schema.org\",\"@graph\":[{\"@type\":\"Article\",\"@id\":\"https:\/\/www.sonoraenequipo.com.mx\/trabajaremos-hombro-a-hombro-con-alfonso-durazo-para-lograr-la-transformacion-de-sonora-omar-del-valle-colosio\/#article\",\"isPartOf\":{\"@id\":\"https:\/\/www.sonoraenequipo.com.mx\/trabajaremos-hombro-a-hombro-con-alfonso-durazo-para-lograr-la-transformacion-de-sonora-omar-del-valle-colosio\/\"},\"author\":{\"name\":\"enequipo\",\"@id\":\"https:\/\/www.sonoraenequipo.com.mx\/#\/schema\/person\/50102df0fb23a8fa9e8effad8fa81386\"},\"headline\":\"\u201cTrabajaremos hombro a hombro con Alfonso Durazo para lograr la transformaci\u00f3n de Sonora\u201d: Omar Del Valle Colosio\",\"datePublished\":\"2021-03-06T03:25:26+00:00\",\"dateModified\":\"2021-03-06T03:33:13+00:00\",\"mainEntityOfPage\":{\"@id\":\"https:\/\/www.sonoraenequipo.com.mx\/trabajaremos-hombro-a-hombro-con-alfonso-durazo-para-lograr-la-transformacion-de-sonora-omar-del-valle-colosio\/\"},\"wordCount\":280,\"commentCount\":0,\"publisher\":{\"@id\":\"https:\/\/www.sonoraenequipo.com.mx\/#organization\"},\"image\":{\"@id\":\"https:\/\/www.sonoraenequipo.com.mx\/trabajaremos-hombro-a-hombro-con-alfonso-durazo-para-lograr-la-transformacion-de-sonora-omar-del-valle-colosio\/#primaryimage\"},\"thumbnailUrl\":\"https:\/\/www.sonoraenequipo.com.mx\/storage\/2021\/03\/Omar-del-Valle_opt.jpg\",\"articleSection\":[\"Sonora\"],\"inLanguage\":\"es\",\"potentialAction\":[{\"@type\":\"CommentAction\",\"name\":\"Comment\",\"target\":[\"https:\/\/www.sonoraenequipo.com.mx\/trabajaremos-hombro-a-hombro-con-alfonso-durazo-para-lograr-la-transformacion-de-sonora-omar-del-valle-colosio\/#respond\"]}]},{\"@type\":\"WebPage\",\"@id\":\"https:\/\/www.sonoraenequipo.com.mx\/trabajaremos-hombro-a-hombro-con-alfonso-durazo-para-lograr-la-transformacion-de-sonora-omar-del-valle-colosio\/\",\"url\":\"https:\/\/www.sonoraenequipo.com.mx\/trabajaremos-hombro-a-hombro-con-alfonso-durazo-para-lograr-la-transformacion-de-sonora-omar-del-valle-colosio\/\",\"name\":\"Sonora en Equipo. \u201cTrabajaremos hombro a hombro con Alfonso Durazo para lograr la transformaci\u00f3n de Sonora\u201d: Omar Del Valle Colosio Sonora\",\"isPartOf\":{\"@id\":\"https:\/\/www.sonoraenequipo.com.mx\/#website\"},\"primaryImageOfPage\":{\"@id\":\"https:\/\/www.sonoraenequipo.com.mx\/trabajaremos-hombro-a-hombro-con-alfonso-durazo-para-lograr-la-transformacion-de-sonora-omar-del-valle-colosio\/#primaryimage\"},\"image\":{\"@id\":\"https:\/\/www.sonoraenequipo.com.mx\/trabajaremos-hombro-a-hombro-con-alfonso-durazo-para-lograr-la-transformacion-de-sonora-omar-del-valle-colosio\/#primaryimage\"},\"thumbnailUrl\":\"https:\/\/www.sonoraenequipo.com.mx\/storage\/2021\/03\/Omar-del-Valle_opt.jpg\",\"datePublished\":\"2021-03-06T03:25:26+00:00\",\"dateModified\":\"2021-03-06T03:33:13+00:00\",\"description\":\"HERMOSILLO, SONORA. MX. \u2014 El dirigente del Verde en Sonora, Omar Del Valle Colosio, reconoci\u00f3 que trabajar\u00e1n hombro a hombro con Alfonso Durazo para En Sonora en Equipo publicamos toda la informaci\u00f3n de Sonora, M\u00e9xico y el Mundo de manera oportuna y busca que la libertad de expresi\u00f3n sea real. Visita nuestro medio informativo publicado desde Hermosillo, Sonora. %\",\"breadcrumb\":{\"@id\":\"https:\/\/www.sonoraenequipo.com.mx\/trabajaremos-hombro-a-hombro-con-alfonso-durazo-para-lograr-la-transformacion-de-sonora-omar-del-valle-colosio\/#breadcrumb\"},\"inLanguage\":\"es\",\"potentialAction\":[{\"@type\":\"ReadAction\",\"target\":[\"https:\/\/www.sonoraenequipo.com.mx\/trabajaremos-hombro-a-hombro-con-alfonso-durazo-para-lograr-la-transformacion-de-sonora-omar-del-valle-colosio\/\"]}]},{\"@type\":\"ImageObject\",\"inLanguage\":\"es\",\"@id\":\"https:\/\/www.sonoraenequipo.com.mx\/trabajaremos-hombro-a-hombro-con-alfonso-durazo-para-lograr-la-transformacion-de-sonora-omar-del-valle-colosio\/#primaryimage\",\"url\":\"https:\/\/www.sonoraenequipo.com.mx\/storage\/2021\/03\/Omar-del-Valle_opt.jpg\",\"contentUrl\":\"https:\/\/www.sonoraenequipo.com.mx\/storage\/2021\/03\/Omar-del-Valle_opt.jpg\",\"width\":618,\"height\":500},{\"@type\":\"BreadcrumbList\",\"@id\":\"https:\/\/www.sonoraenequipo.com.mx\/trabajaremos-hombro-a-hombro-con-alfonso-durazo-para-lograr-la-transformacion-de-sonora-omar-del-valle-colosio\/#breadcrumb\",\"itemListElement\":[{\"@type\":\"ListItem\",\"position\":1,\"name\":\"Portada\",\"item\":\"https:\/\/www.sonoraenequipo.com.mx\/\"},{\"@type\":\"ListItem\",\"position\":2,\"name\":\"\u201cTrabajaremos hombro a hombro con Alfonso Durazo para lograr la transformaci\u00f3n de Sonora\u201d: Omar Del Valle Colosio\"}]},{\"@type\":\"WebSite\",\"@id\":\"https:\/\/www.sonoraenequipo.com.mx\/#website\",\"url\":\"https:\/\/www.sonoraenequipo.com.mx\/\",\"name\":\"Sonora en Equipo.\",\"description\":\"Diario en l\u00ednea con Noticias desde Hermosillo, Sonora\",\"publisher\":{\"@id\":\"https:\/\/www.sonoraenequipo.com.mx\/#organization\"},\"potentialAction\":[{\"@type\":\"SearchAction\",\"target\":{\"@type\":\"EntryPoint\",\"urlTemplate\":\"https:\/\/www.sonoraenequipo.com.mx\/?s={search_term_string}\"},\"query-input\":{\"@type\":\"PropertyValueSpecification\",\"valueRequired\":true,\"valueName\":\"search_term_string\"}}],\"inLanguage\":\"es\"},{\"@type\":\"Organization\",\"@id\":\"https:\/\/www.sonoraenequipo.com.mx\/#organization\",\"name\":\"Sonoraenequipo.com.mx\",\"url\":\"https:\/\/www.sonoraenequipo.com.mx\/\",\"logo\":{\"@type\":\"ImageObject\",\"inLanguage\":\"es\",\"@id\":\"https:\/\/www.sonoraenequipo.com.mx\/#\/schema\/logo\/image\/\",\"url\":\"https:\/\/www.sonoraenequipo.com.mx\/storage\/2019\/01\/sonoraenequipo_opt.png\",\"contentUrl\":\"https:\/\/www.sonoraenequipo.com.mx\/storage\/2019\/01\/sonoraenequipo_opt.png\",\"width\":375,\"height\":125,\"caption\":\"Sonoraenequipo.com.mx\"},\"image\":{\"@id\":\"https:\/\/www.sonoraenequipo.com.mx\/#\/schema\/logo\/image\/\"},\"sameAs\":[\"https:\/\/www.facebook.com\/SonoraEE\/\",\"https:\/\/x.com\/sonoraenequipo\",\"https:\/\/www.youtube.com\/channel\/UC338nW-lPEYmJQs4ZABQ1SQ\"]},{\"@type\":\"Person\",\"@id\":\"https:\/\/www.sonoraenequipo.com.mx\/#\/schema\/person\/50102df0fb23a8fa9e8effad8fa81386\",\"name\":\"enequipo\",\"image\":{\"@type\":\"ImageObject\",\"inLanguage\":\"es\",\"@id\":\"https:\/\/www.sonoraenequipo.com.mx\/#\/schema\/person\/image\/\",\"url\":\"https:\/\/secure.gravatar.com\/avatar\/049821681b589dabc0bc20695993ccebb09f5b5d4d790cd9251b97faac7c652b?s=96&d=blank&r=g\",\"contentUrl\":\"https:\/\/secure.gravatar.com\/avatar\/049821681b589dabc0bc20695993ccebb09f5b5d4d790cd9251b97faac7c652b?s=96&d=blank&r=g\",\"caption\":\"enequipo\"},\"sameAs\":[\"https:\/\/www.facebook.com\/SonoraEE\"]}]}<\/script>\n ","yoast_head_json":{"title":"Sonora en Equipo. \u201cTrabajaremos hombro a hombro con Alfonso Durazo para lograr la transformaci\u00f3n de Sonora\u201d: Omar Del Valle Colosio Sonora","description":"HERMOSILLO, SONORA. MX. \u2014 El dirigente del Verde en Sonora, Omar Del Valle Colosio, reconoci\u00f3 que trabajar\u00e1n hombro a hombro con Alfonso Durazo para En Sonora en Equipo publicamos toda la informaci\u00f3n de Sonora, M\u00e9xico y el Mundo de manera oportuna y busca que la libertad de expresi\u00f3n sea real. Visita nuestro medio informativo publicado desde Hermosillo, Sonora. %","robots":{"index":"index","follow":"follow","max-snippet":"max-snippet:-1","max-image-preview":"max-image-preview:large","max-video-preview":"max-video-preview:-1"},"canonical":"https:\/\/www.sonoraenequipo.com.mx\/trabajaremos-hombro-a-hombro-con-alfonso-durazo-para-lograr-la-transformacion-de-sonora-omar-del-valle-colosio\/","og_locale":"es_ES","og_type":"article","og_title":"Sonora en Equipo. \u201cTrabajaremos hombro a hombro con Alfonso Durazo para lograr la transformaci\u00f3n de Sonora\u201d: Omar Del Valle Colosio Sonora","og_description":"HERMOSILLO, SONORA. MX. \u2014 El dirigente del Verde en Sonora, Omar Del Valle Colosio, reconoci\u00f3 que trabajar\u00e1n hombro a hombro con Alfonso Durazo para En Sonora en Equipo publicamos toda la informaci\u00f3n de Sonora, M\u00e9xico y el Mundo de manera oportuna y busca que la libertad de expresi\u00f3n sea real. Visita nuestro medio informativo publicado desde Hermosillo, Sonora. %","og_url":"https:\/\/www.sonoraenequipo.com.mx\/trabajaremos-hombro-a-hombro-con-alfonso-durazo-para-lograr-la-transformacion-de-sonora-omar-del-valle-colosio\/","og_site_name":"Sonora en Equipo.","article_publisher":"https:\/\/www.facebook.com\/SonoraEE\/","article_author":"https:\/\/www.facebook.com\/SonoraEE","article_published_time":"2021-03-06T03:25:26+00:00","article_modified_time":"2021-03-06T03:33:13+00:00","og_image":[{"width":618,"height":500,"url":"https:\/\/www.sonoraenequipo.com.mx\/storage\/2021\/03\/Omar-del-Valle_opt.jpg","type":"image\/jpeg"}],"author":"enequipo","twitter_card":"summary_large_image","twitter_creator":"@sonoraenequipo","twitter_site":"@sonoraenequipo","twitter_misc":{"Escrito por":"enequipo","Tiempo de lectura":"2 minutos"},"schema":{"@context":"https:\/\/schema.org","@graph":[{"@type":"Article","@id":"https:\/\/www.sonoraenequipo.com.mx\/trabajaremos-hombro-a-hombro-con-alfonso-durazo-para-lograr-la-transformacion-de-sonora-omar-del-valle-colosio\/#article","isPartOf":{"@id":"https:\/\/www.sonoraenequipo.com.mx\/trabajaremos-hombro-a-hombro-con-alfonso-durazo-para-lograr-la-transformacion-de-sonora-omar-del-valle-colosio\/"},"author":{"name":"enequipo","@id":"https:\/\/www.sonoraenequipo.com.mx\/#\/schema\/person\/50102df0fb23a8fa9e8effad8fa81386"},"headline":"\u201cTrabajaremos hombro a hombro con Alfonso Durazo para lograr la transformaci\u00f3n de Sonora\u201d: Omar Del Valle Colosio","datePublished":"2021-03-06T03:25:26+00:00","dateModified":"2021-03-06T03:33:13+00:00","mainEntityOfPage":{"@id":"https:\/\/www.sonoraenequipo.com.mx\/trabajaremos-hombro-a-hombro-con-alfonso-durazo-para-lograr-la-transformacion-de-sonora-omar-del-valle-colosio\/"},"wordCount":280,"commentCount":0,"publisher":{"@id":"https:\/\/www.sonoraenequipo.com.mx\/#organization"},"image":{"@id":"https:\/\/www.sonoraenequipo.com.mx\/trabajaremos-hombro-a-hombro-con-alfonso-durazo-para-lograr-la-transformacion-de-sonora-omar-del-valle-colosio\/#primaryimage"},"thumbnailUrl":"https:\/\/www.sonoraenequipo.com.mx\/storage\/2021\/03\/Omar-del-Valle_opt.jpg","articleSection":["Sonora"],"inLanguage":"es","potentialAction":[{"@type":"CommentAction","name":"Comment","target":["https:\/\/www.sonoraenequipo.com.mx\/trabajaremos-hombro-a-hombro-con-alfonso-durazo-para-lograr-la-transformacion-de-sonora-omar-del-valle-colosio\/#respond"]}]},{"@type":"WebPage","@id":"https:\/\/www.sonoraenequipo.com.mx\/trabajaremos-hombro-a-hombro-con-alfonso-durazo-para-lograr-la-transformacion-de-sonora-omar-del-valle-colosio\/","url":"https:\/\/www.sonoraenequipo.com.mx\/trabajaremos-hombro-a-hombro-con-alfonso-durazo-para-lograr-la-transformacion-de-sonora-omar-del-valle-colosio\/","name":"Sonora en Equipo. \u201cTrabajaremos hombro a hombro con Alfonso Durazo para lograr la transformaci\u00f3n de Sonora\u201d: Omar Del Valle Colosio Sonora","isPartOf":{"@id":"https:\/\/www.sonoraenequipo.com.mx\/#website"},"primaryImageOfPage":{"@id":"https:\/\/www.sonoraenequipo.com.mx\/trabajaremos-hombro-a-hombro-con-alfonso-durazo-para-lograr-la-transformacion-de-sonora-omar-del-valle-colosio\/#primaryimage"},"image":{"@id":"https:\/\/www.sonoraenequipo.com.mx\/trabajaremos-hombro-a-hombro-con-alfonso-durazo-para-lograr-la-transformacion-de-sonora-omar-del-valle-colosio\/#primaryimage"},"thumbnailUrl":"https:\/\/www.sonoraenequipo.com.mx\/storage\/2021\/03\/Omar-del-Valle_opt.jpg","datePublished":"2021-03-06T03:25:26+00:00","dateModified":"2021-03-06T03:33:13+00:00","description":"HERMOSILLO, SONORA. MX. \u2014 El dirigente del Verde en Sonora, Omar Del Valle Colosio, reconoci\u00f3 que trabajar\u00e1n hombro a hombro con Alfonso Durazo para En Sonora en Equipo publicamos toda la informaci\u00f3n de Sonora, M\u00e9xico y el Mundo de manera oportuna y busca que la libertad de expresi\u00f3n sea real. Visita nuestro medio informativo publicado desde Hermosillo, Sonora. %","breadcrumb":{"@id":"https:\/\/www.sonoraenequipo.com.mx\/trabajaremos-hombro-a-hombro-con-alfonso-durazo-para-lograr-la-transformacion-de-sonora-omar-del-valle-colosio\/#breadcrumb"},"inLanguage":"es","potentialAction":[{"@type":"ReadAction","target":["https:\/\/www.sonoraenequipo.com.mx\/trabajaremos-hombro-a-hombro-con-alfonso-durazo-para-lograr-la-transformacion-de-sonora-omar-del-valle-colosio\/"]}]},{"@type":"ImageObject","inLanguage":"es","@id":"https:\/\/www.sonoraenequipo.com.mx\/trabajaremos-hombro-a-hombro-con-alfonso-durazo-para-lograr-la-transformacion-de-sonora-omar-del-valle-colosio\/#primaryimage","url":"https:\/\/www.sonoraenequipo.com.mx\/storage\/2021\/03\/Omar-del-Valle_opt.jpg","contentUrl":"https:\/\/www.sonoraenequipo.com.mx\/storage\/2021\/03\/Omar-del-Valle_opt.jpg","width":618,"height":500},{"@type":"BreadcrumbList","@id":"https:\/\/www.sonoraenequipo.com.mx\/trabajaremos-hombro-a-hombro-con-alfonso-durazo-para-lograr-la-transformacion-de-sonora-omar-del-valle-colosio\/#breadcrumb","itemListElement":[{"@type":"ListItem","position":1,"name":"Portada","item":"https:\/\/www.sonoraenequipo.com.mx\/"},{"@type":"ListItem","position":2,"name":"\u201cTrabajaremos hombro a hombro con Alfonso Durazo para lograr la transformaci\u00f3n de Sonora\u201d: Omar Del Valle Colosio"}]},{"@type":"WebSite","@id":"https:\/\/www.sonoraenequipo.com.mx\/#website","url":"https:\/\/www.sonoraenequipo.com.mx\/","name":"Sonora en Equipo.","description":"Diario en l\u00ednea con Noticias desde Hermosillo, Sonora","publisher":{"@id":"https:\/\/www.sonoraenequipo.com.mx\/#organization"},"potentialAction":[{"@type":"SearchAction","target":{"@type":"EntryPoint","urlTemplate":"https:\/\/www.sonoraenequipo.com.mx\/?s={search_term_string}"},"query-input":{"@type":"PropertyValueSpecification","valueRequired":true,"valueName":"search_term_string"}}],"inLanguage":"es"},{"@type":"Organization","@id":"https:\/\/www.sonoraenequipo.com.mx\/#organization","name":"Sonoraenequipo.com.mx","url":"https:\/\/www.sonoraenequipo.com.mx\/","logo":{"@type":"ImageObject","inLanguage":"es","@id":"https:\/\/www.sonoraenequipo.com.mx\/#\/schema\/logo\/image\/","url":"https:\/\/www.sonoraenequipo.com.mx\/storage\/2019\/01\/sonoraenequipo_opt.png","contentUrl":"https:\/\/www.sonoraenequipo.com.mx\/storage\/2019\/01\/sonoraenequipo_opt.png","width":375,"height":125,"caption":"Sonoraenequipo.com.mx"},"image":{"@id":"https:\/\/www.sonoraenequipo.com.mx\/#\/schema\/logo\/image\/"},"sameAs":["https:\/\/www.facebook.com\/SonoraEE\/","https:\/\/x.com\/sonoraenequipo","https:\/\/www.youtube.com\/channel\/UC338nW-lPEYmJQs4ZABQ1SQ"]},{"@type":"Person","@id":"https:\/\/www.sonoraenequipo.com.mx\/#\/schema\/person\/50102df0fb23a8fa9e8effad8fa81386","name":"enequipo","image":{"@type":"ImageObject","inLanguage":"es","@id":"https:\/\/www.sonoraenequipo.com.mx\/#\/schema\/person\/image\/","url":"https:\/\/secure.gravatar.com\/avatar\/049821681b589dabc0bc20695993ccebb09f5b5d4d790cd9251b97faac7c652b?s=96&d=blank&r=g","contentUrl":"https:\/\/secure.gravatar.com\/avatar\/049821681b589dabc0bc20695993ccebb09f5b5d4d790cd9251b97faac7c652b?s=96&d=blank&r=g","caption":"enequipo"},"sameAs":["https:\/\/www.facebook.com\/SonoraEE"]}]}},"jetpack_featured_media_url":"https:\/\/www.sonoraenequipo.com.mx\/storage\/2021\/03\/Omar-del-Valle_opt.jpg","_links":{"self":[{"href":"https:\/\/www.sonoraenequipo.com.mx\/api\/wp\/v2\/posts\/108416","targetHints":{"allow":["GET"]}}],"collection":[{"href":"https:\/\/www.sonoraenequipo.com.mx\/api\/wp\/v2\/posts"}],"about":[{"href":"https:\/\/www.sonoraenequipo.com.mx\/api\/wp\/v2\/types\/post"}],"author":[{"embeddable":true,"href":"https:\/\/www.sonoraenequipo.com.mx\/api\/wp\/v2\/users\/1"}],"replies":[{"embeddable":true,"href":"https:\/\/www.sonoraenequipo.com.mx\/api\/wp\/v2\/comments?post=108416"}],"version-history":[{"count":1,"href":"https:\/\/www.sonoraenequipo.com.mx\/api\/wp\/v2\/posts\/108416\/revisions"}],"predecessor-version":[{"id":108422,"href":"https:\/\/www.sonoraenequipo.com.mx\/api\/wp\/v2\/posts\/108416\/revisions\/108422"}],"wp:featuredmedia":[{"embeddable":true,"href":"https:\/\/www.sonoraenequipo.com.mx\/api\/wp\/v2\/media\/108417"}],"wp:attachment":[{"href":"https:\/\/www.sonoraenequipo.com.mx\/api\/wp\/v2\/media?parent=108416"}],"wp:term":[{"taxonomy":"category","embeddable":true,"href":"https:\/\/www.sonoraenequipo.com.mx\/api\/wp\/v2\/categories?post=108416"},{"taxonomy":"post_tag","embeddable":true,"href":"https:\/\/www.sonoraenequipo.com.mx\/api\/wp\/v2\/tags?post=108416"}],"curies":[{"name":"wp","href":"https:\/\/api.w.org\/{rel}","templated":true}]}}