{"id":108424,"date":"2021-03-05T19:15:50","date_gmt":"2021-03-06T02:15:50","guid":{"rendered":"https:\/\/www.sonoraenequipo.com.mx\/?p=108424"},"modified":"2021-03-06T08:22:52","modified_gmt":"2021-03-06T15:22:52","slug":"reactivan-ceresos-e-itama-visita-familiar-previa-cita","status":"publish","type":"post","link":"https:\/\/www.sonoraenequipo.com.mx\/reactivan-ceresos-e-itama-visita-familiar-previa-cita\/","title":{"rendered":"Reactivan Ceresos e Itama visita familiar previa cita"},"content":{"rendered":"<p>HERMOSILLO, SONORA. MX. \u2014 A partir del pr\u00f3ximo lunes 8 de marzo, se reactivar\u00e1 la visita familiar, previa cita, en los Centros de Reinserci\u00f3n Social (Cereso) y en las instalaciones del Instituto de Tratamiento y de Aplicaci\u00f3n de Medidas para Adolescentes (Itama), bajo un estricto filtro sanitario, inform\u00f3 la coordinaci\u00f3n del Sistema Estatal Penitenciario (SIEP) en Sonora.<\/p>\n<p>&nbsp;<\/p>\n<p> <\/p>\n<p>&nbsp;<\/p>\n<p>Durante la octava reuni\u00f3n de la Comisi\u00f3n Emergente en materia de salud de la Secretar\u00eda de Seguridad P\u00fablica (SSP) sobre el SIEP e Itama, integrada por autoridades de la Secretar\u00eda de Salud y la Comisi\u00f3n Estatal de Derechos Humanos (CEDH), se present\u00f3 la propuesta de reactivar la visita familiar, misma que fue aprobada por unanimidad.<\/p>\n<p>&nbsp;<\/p>\n<p>Se explic\u00f3 que ser\u00e1 a trav\u00e9s del \u00e1rea de Trabajo Social de cada centro donde se emitir\u00e1 informaci\u00f3n oportunamente de las nuevas condiciones y reglamentaci\u00f3n a las visitas, realizando un calendario de disponibilidad de horarios y d\u00edas de visita.<\/p>\n<p>&nbsp;<\/p>\n<p>Entre los acuerdos, se autoriz\u00f3 que ser\u00e1 una sola persona (mayor de edad) la que ingrese por Persona Privada de su Libertad (PPL); los d\u00edas de visita en los Ceresos ser\u00e1n de lunes a domingo de acuerdo a las necesidades de cada centro, un tiempo m\u00e1ximo de 30 minutos y previamente responder un test de salud.<\/p>\n<p>&nbsp;<\/p>\n<p>Antes de ingresar a la visita el familiar, la personas que acuda deber\u00e1 llenar y firmar un formato de responsiva y en el cual tambi\u00e9n quedar\u00e1 establecido que dicha persona no ha tenido contacto con personas positivas o sospechosas de COVID-19.<\/p>\n<p>&nbsp;<\/p>\n<p>La visita familiar tendr\u00e1 que portar en todo momento cubrebocas y realizar el desinfectado de sus manos y de los pies, as\u00ed como de pertenencias en el \u00e1rea de acceso principal al Centro y cumplir con los procedimientos de seguridad de revisi\u00f3n e inspecci\u00f3n de personas y pertenencias.<\/p>\n<p>&nbsp;<\/p>\n<p>En el \u00e1rea asignada para visita se mantendr\u00e1 vigilancia permanente y se le informar\u00e1, tanto a visitantes como a la PPL, que deber\u00e1n mantener una distancia de dos metros como m\u00ednimo entre ambos, haciendo de su conocimiento que no podr\u00e1n realizar muestras de afecto de contacto f\u00edsico (besos, abrazos, saludos de mano).<\/p>\n<p>&nbsp;<\/p>\n<p>En el caso del ingreso de visita a los cinco centros Itama, se acord\u00f3 que los visitantes deber\u00e1n cumplir con el protocolo sanitario accediendo a sanitizaci\u00f3n antes y despu\u00e9s del acceso; el horario ser\u00e1 de 9:00 am a 12:00 pm, los d\u00edas s\u00e1bados y domingos; tambi\u00e9n en este caso ser\u00e1 solamente un familiar por joven y se limitar\u00e1 a una visita cada 15 d\u00edas; durante la convivencia se deber\u00e1 mantener una distancia de un metro y medio entre las personas.<\/p>\n<p>&nbsp;<\/p>\n<p>Se mantendr\u00e1 supervisi\u00f3n para evitar contacto f\u00edsico (abrazos, besos) entre la visita y las o los j\u00f3venes.<\/p>\n<p>&nbsp;<\/p>\n<p>Asimismo, se estableci\u00f3 que se continuar\u00e1 con el sistema de videollamadas y telefon\u00eda fija para quienes no reciben visita.<\/p>\n<p>&nbsp;<\/p>\n<p>El cuarto visitador general de la Comisi\u00f3n Estatal de Derechos Humanos, David Leyva Castillo, manifest\u00f3 que apoyan la medida de reactivaci\u00f3n de la visita familiar y coadyuvar\u00e1n con la SSP y Sistema Estatal Penitenciario con las medidas que se implementar\u00e1n y estar\u00e1n atentos de que todo marche con apego a la legalidad y de acuerdo a las medidas aprobadas.<\/p>\n<p>&nbsp;<\/p>\n<p>Presentes en la reuni\u00f3n, el coordinador del SIEP, director general del Itama, subsecretario de los Servicios de Salud, coordinador t\u00e9cnico de Vinculaci\u00f3n con Centros Penitenciarios, director de Seguridad Penitenciaria, as\u00ed como el director Jur\u00eddico, coordinador M\u00e9dico y Epidemiol\u00f3gico del SIEP y v\u00eda zoom los coordinadores de los 13 Centros Penitenciarios, 5 centros de Itama y personal de ambas instituciones.<\/p>\n<p>&nbsp;<\/p>\n<p>&nbsp;<\/p>\n<p>(Publicada el 06\/03\/2021)<\/p>\n","protected":false},"excerpt":{"rendered":"<p>HERMOSILLO, SONORA. MX. \u2014 A partir del pr\u00f3ximo lunes 8 de marzo, se reactivar\u00e1 la&#8230;<\/p>\n","protected":false},"author":1,"featured_media":108426,"comment_status":"open","ping_status":"open","sticky":false,"template":"","format":"standard","meta":{"_monsterinsights_skip_tracking":false,"_monsterinsights_sitenote_active":false,"_monsterinsights_sitenote_note":"","_monsterinsights_sitenote_category":0,"footnotes":""},"categories":[22],"tags":[],"class_list":["post"],"yoast_head":" \n<title>Sonora en Equipo. Reactivan Ceresos e Itama visita familiar previa cita Sonora<\/title>\n<meta name=\"description\" content=\"HERMOSILLO, SONORA. MX. \u2014 A partir del pr\u00f3ximo lunes 8 de marzo, se reactivar\u00e1 la visita familiar, previa cita, en los Centros de Reinserci\u00f3n Social En Sonora en Equipo publicamos toda la informaci\u00f3n de Sonora, M\u00e9xico y el Mundo de manera oportuna y busca que la libertad de expresi\u00f3n sea real. Visita nuestro medio informativo publicado desde Hermosillo, Sonora. %\" \/>\n<meta name=\"robots\" content=\"index, follow, max-snippet:-1, max-image-preview:large, max-video-preview:-1\" \/>\n<link rel=\"canonical\" href=\"https:\/\/www.sonoraenequipo.com.mx\/reactivan-ceresos-e-itama-visita-familiar-previa-cita\/\" \/>\n<meta property=\"og:locale\" content=\"es_ES\" \/>\n<meta property=\"og:type\" content=\"article\" \/>\n<meta property=\"og:title\" content=\"Sonora en Equipo. Reactivan Ceresos e Itama visita familiar previa cita Sonora\" \/>\n<meta property=\"og:description\" content=\"HERMOSILLO, SONORA. MX. \u2014 A partir del pr\u00f3ximo lunes 8 de marzo, se reactivar\u00e1 la visita familiar, previa cita, en los Centros de Reinserci\u00f3n Social En Sonora en Equipo publicamos toda la informaci\u00f3n de Sonora, M\u00e9xico y el Mundo de manera oportuna y busca que la libertad de expresi\u00f3n sea real. Visita nuestro medio informativo publicado desde Hermosillo, Sonora. %\" \/>\n<meta property=\"og:url\" content=\"https:\/\/www.sonoraenequipo.com.mx\/reactivan-ceresos-e-itama-visita-familiar-previa-cita\/\" \/>\n<meta property=\"og:site_name\" content=\"Sonora en Equipo.\" \/>\n<meta property=\"article:publisher\" content=\"https:\/\/www.facebook.com\/SonoraEE\/\" \/>\n<meta property=\"article:author\" content=\"https:\/\/www.facebook.com\/SonoraEE\" \/>\n<meta property=\"article:published_time\" content=\"2021-03-06T02:15:50+00:00\" \/>\n<meta property=\"article:modified_time\" content=\"2021-03-06T15:22:52+00:00\" \/>\n<meta property=\"og:image\" content=\"https:\/\/www.sonoraenequipo.com.mx\/storage\/2021\/03\/032127d_opt.jpg\" \/>\n\t<meta property=\"og:image:width\" content=\"601\" \/>\n\t<meta property=\"og:image:height\" content=\"400\" \/>\n\t<meta property=\"og:image:type\" content=\"image\/jpeg\" \/>\n<meta name=\"author\" content=\"enequipo\" \/>\n<meta name=\"twitter:card\" content=\"summary_large_image\" \/>\n<meta name=\"twitter:creator\" content=\"@sonoraenequipo\" \/>\n<meta name=\"twitter:site\" content=\"@sonoraenequipo\" \/>\n<meta name=\"twitter:label1\" content=\"Escrito por\" \/>\n\t<meta name=\"twitter:data1\" content=\"enequipo\" \/>\n\t<meta name=\"twitter:label2\" content=\"Tiempo de lectura\" \/>\n\t<meta name=\"twitter:data2\" content=\"3 minutos\" \/>\n<script type=\"application\/ld+json\" class=\"yoast-schema-graph\">{\"@context\":\"https:\/\/schema.org\",\"@graph\":[{\"@type\":\"Article\",\"@id\":\"https:\/\/www.sonoraenequipo.com.mx\/reactivan-ceresos-e-itama-visita-familiar-previa-cita\/#article\",\"isPartOf\":{\"@id\":\"https:\/\/www.sonoraenequipo.com.mx\/reactivan-ceresos-e-itama-visita-familiar-previa-cita\/\"},\"author\":{\"name\":\"enequipo\",\"@id\":\"https:\/\/www.sonoraenequipo.com.mx\/#\/schema\/person\/50102df0fb23a8fa9e8effad8fa81386\"},\"headline\":\"Reactivan Ceresos e Itama visita familiar previa cita\",\"datePublished\":\"2021-03-06T02:15:50+00:00\",\"dateModified\":\"2021-03-06T15:22:52+00:00\",\"mainEntityOfPage\":{\"@id\":\"https:\/\/www.sonoraenequipo.com.mx\/reactivan-ceresos-e-itama-visita-familiar-previa-cita\/\"},\"wordCount\":645,\"commentCount\":0,\"publisher\":{\"@id\":\"https:\/\/www.sonoraenequipo.com.mx\/#organization\"},\"image\":{\"@id\":\"https:\/\/www.sonoraenequipo.com.mx\/reactivan-ceresos-e-itama-visita-familiar-previa-cita\/#primaryimage\"},\"thumbnailUrl\":\"https:\/\/www.sonoraenequipo.com.mx\/storage\/2021\/03\/032127d_opt.jpg\",\"articleSection\":[\"Sonora\"],\"inLanguage\":\"es\",\"potentialAction\":[{\"@type\":\"CommentAction\",\"name\":\"Comment\",\"target\":[\"https:\/\/www.sonoraenequipo.com.mx\/reactivan-ceresos-e-itama-visita-familiar-previa-cita\/#respond\"]}]},{\"@type\":\"WebPage\",\"@id\":\"https:\/\/www.sonoraenequipo.com.mx\/reactivan-ceresos-e-itama-visita-familiar-previa-cita\/\",\"url\":\"https:\/\/www.sonoraenequipo.com.mx\/reactivan-ceresos-e-itama-visita-familiar-previa-cita\/\",\"name\":\"Sonora en Equipo. Reactivan Ceresos e Itama visita familiar previa cita Sonora\",\"isPartOf\":{\"@id\":\"https:\/\/www.sonoraenequipo.com.mx\/#website\"},\"primaryImageOfPage\":{\"@id\":\"https:\/\/www.sonoraenequipo.com.mx\/reactivan-ceresos-e-itama-visita-familiar-previa-cita\/#primaryimage\"},\"image\":{\"@id\":\"https:\/\/www.sonoraenequipo.com.mx\/reactivan-ceresos-e-itama-visita-familiar-previa-cita\/#primaryimage\"},\"thumbnailUrl\":\"https:\/\/www.sonoraenequipo.com.mx\/storage\/2021\/03\/032127d_opt.jpg\",\"datePublished\":\"2021-03-06T02:15:50+00:00\",\"dateModified\":\"2021-03-06T15:22:52+00:00\",\"description\":\"HERMOSILLO, SONORA. MX. \u2014 A partir del pr\u00f3ximo lunes 8 de marzo, se reactivar\u00e1 la visita familiar, previa cita, en los Centros de Reinserci\u00f3n Social En Sonora en Equipo publicamos toda la informaci\u00f3n de Sonora, M\u00e9xico y el Mundo de manera oportuna y busca que la libertad de expresi\u00f3n sea real. Visita nuestro medio informativo publicado desde Hermosillo, Sonora. %\",\"breadcrumb\":{\"@id\":\"https:\/\/www.sonoraenequipo.com.mx\/reactivan-ceresos-e-itama-visita-familiar-previa-cita\/#breadcrumb\"},\"inLanguage\":\"es\",\"potentialAction\":[{\"@type\":\"ReadAction\",\"target\":[\"https:\/\/www.sonoraenequipo.com.mx\/reactivan-ceresos-e-itama-visita-familiar-previa-cita\/\"]}]},{\"@type\":\"ImageObject\",\"inLanguage\":\"es\",\"@id\":\"https:\/\/www.sonoraenequipo.com.mx\/reactivan-ceresos-e-itama-visita-familiar-previa-cita\/#primaryimage\",\"url\":\"https:\/\/www.sonoraenequipo.com.mx\/storage\/2021\/03\/032127d_opt.jpg\",\"contentUrl\":\"https:\/\/www.sonoraenequipo.com.mx\/storage\/2021\/03\/032127d_opt.jpg\",\"width\":601,\"height\":400},{\"@type\":\"BreadcrumbList\",\"@id\":\"https:\/\/www.sonoraenequipo.com.mx\/reactivan-ceresos-e-itama-visita-familiar-previa-cita\/#breadcrumb\",\"itemListElement\":[{\"@type\":\"ListItem\",\"position\":1,\"name\":\"Portada\",\"item\":\"https:\/\/www.sonoraenequipo.com.mx\/\"},{\"@type\":\"ListItem\",\"position\":2,\"name\":\"Reactivan Ceresos e Itama visita familiar previa cita\"}]},{\"@type\":\"WebSite\",\"@id\":\"https:\/\/www.sonoraenequipo.com.mx\/#website\",\"url\":\"https:\/\/www.sonoraenequipo.com.mx\/\",\"name\":\"Sonora en Equipo.\",\"description\":\"Diario en l\u00ednea con Noticias desde Hermosillo, Sonora\",\"publisher\":{\"@id\":\"https:\/\/www.sonoraenequipo.com.mx\/#organization\"},\"potentialAction\":[{\"@type\":\"SearchAction\",\"target\":{\"@type\":\"EntryPoint\",\"urlTemplate\":\"https:\/\/www.sonoraenequipo.com.mx\/?s={search_term_string}\"},\"query-input\":{\"@type\":\"PropertyValueSpecification\",\"valueRequired\":true,\"valueName\":\"search_term_string\"}}],\"inLanguage\":\"es\"},{\"@type\":\"Organization\",\"@id\":\"https:\/\/www.sonoraenequipo.com.mx\/#organization\",\"name\":\"Sonoraenequipo.com.mx\",\"url\":\"https:\/\/www.sonoraenequipo.com.mx\/\",\"logo\":{\"@type\":\"ImageObject\",\"inLanguage\":\"es\",\"@id\":\"https:\/\/www.sonoraenequipo.com.mx\/#\/schema\/logo\/image\/\",\"url\":\"https:\/\/www.sonoraenequipo.com.mx\/storage\/2019\/01\/sonoraenequipo_opt.png\",\"contentUrl\":\"https:\/\/www.sonoraenequipo.com.mx\/storage\/2019\/01\/sonoraenequipo_opt.png\",\"width\":375,\"height\":125,\"caption\":\"Sonoraenequipo.com.mx\"},\"image\":{\"@id\":\"https:\/\/www.sonoraenequipo.com.mx\/#\/schema\/logo\/image\/\"},\"sameAs\":[\"https:\/\/www.facebook.com\/SonoraEE\/\",\"https:\/\/x.com\/sonoraenequipo\",\"https:\/\/www.youtube.com\/channel\/UC338nW-lPEYmJQs4ZABQ1SQ\"]},{\"@type\":\"Person\",\"@id\":\"https:\/\/www.sonoraenequipo.com.mx\/#\/schema\/person\/50102df0fb23a8fa9e8effad8fa81386\",\"name\":\"enequipo\",\"image\":{\"@type\":\"ImageObject\",\"inLanguage\":\"es\",\"@id\":\"https:\/\/www.sonoraenequipo.com.mx\/#\/schema\/person\/image\/\",\"url\":\"https:\/\/secure.gravatar.com\/avatar\/049821681b589dabc0bc20695993ccebb09f5b5d4d790cd9251b97faac7c652b?s=96&d=blank&r=g\",\"contentUrl\":\"https:\/\/secure.gravatar.com\/avatar\/049821681b589dabc0bc20695993ccebb09f5b5d4d790cd9251b97faac7c652b?s=96&d=blank&r=g\",\"caption\":\"enequipo\"},\"sameAs\":[\"https:\/\/www.facebook.com\/SonoraEE\"]}]}<\/script>\n ","yoast_head_json":{"title":"Sonora en Equipo. Reactivan Ceresos e Itama visita familiar previa cita Sonora","description":"HERMOSILLO, SONORA. MX. \u2014 A partir del pr\u00f3ximo lunes 8 de marzo, se reactivar\u00e1 la visita familiar, previa cita, en los Centros de Reinserci\u00f3n Social En Sonora en Equipo publicamos toda la informaci\u00f3n de Sonora, M\u00e9xico y el Mundo de manera oportuna y busca que la libertad de expresi\u00f3n sea real. Visita nuestro medio informativo publicado desde Hermosillo, Sonora. %","robots":{"index":"index","follow":"follow","max-snippet":"max-snippet:-1","max-image-preview":"max-image-preview:large","max-video-preview":"max-video-preview:-1"},"canonical":"https:\/\/www.sonoraenequipo.com.mx\/reactivan-ceresos-e-itama-visita-familiar-previa-cita\/","og_locale":"es_ES","og_type":"article","og_title":"Sonora en Equipo. Reactivan Ceresos e Itama visita familiar previa cita Sonora","og_description":"HERMOSILLO, SONORA. MX. \u2014 A partir del pr\u00f3ximo lunes 8 de marzo, se reactivar\u00e1 la visita familiar, previa cita, en los Centros de Reinserci\u00f3n Social En Sonora en Equipo publicamos toda la informaci\u00f3n de Sonora, M\u00e9xico y el Mundo de manera oportuna y busca que la libertad de expresi\u00f3n sea real. Visita nuestro medio informativo publicado desde Hermosillo, Sonora. %","og_url":"https:\/\/www.sonoraenequipo.com.mx\/reactivan-ceresos-e-itama-visita-familiar-previa-cita\/","og_site_name":"Sonora en Equipo.","article_publisher":"https:\/\/www.facebook.com\/SonoraEE\/","article_author":"https:\/\/www.facebook.com\/SonoraEE","article_published_time":"2021-03-06T02:15:50+00:00","article_modified_time":"2021-03-06T15:22:52+00:00","og_image":[{"width":601,"height":400,"url":"https:\/\/www.sonoraenequipo.com.mx\/storage\/2021\/03\/032127d_opt.jpg","type":"image\/jpeg"}],"author":"enequipo","twitter_card":"summary_large_image","twitter_creator":"@sonoraenequipo","twitter_site":"@sonoraenequipo","twitter_misc":{"Escrito por":"enequipo","Tiempo de lectura":"3 minutos"},"schema":{"@context":"https:\/\/schema.org","@graph":[{"@type":"Article","@id":"https:\/\/www.sonoraenequipo.com.mx\/reactivan-ceresos-e-itama-visita-familiar-previa-cita\/#article","isPartOf":{"@id":"https:\/\/www.sonoraenequipo.com.mx\/reactivan-ceresos-e-itama-visita-familiar-previa-cita\/"},"author":{"name":"enequipo","@id":"https:\/\/www.sonoraenequipo.com.mx\/#\/schema\/person\/50102df0fb23a8fa9e8effad8fa81386"},"headline":"Reactivan Ceresos e Itama visita familiar previa cita","datePublished":"2021-03-06T02:15:50+00:00","dateModified":"2021-03-06T15:22:52+00:00","mainEntityOfPage":{"@id":"https:\/\/www.sonoraenequipo.com.mx\/reactivan-ceresos-e-itama-visita-familiar-previa-cita\/"},"wordCount":645,"commentCount":0,"publisher":{"@id":"https:\/\/www.sonoraenequipo.com.mx\/#organization"},"image":{"@id":"https:\/\/www.sonoraenequipo.com.mx\/reactivan-ceresos-e-itama-visita-familiar-previa-cita\/#primaryimage"},"thumbnailUrl":"https:\/\/www.sonoraenequipo.com.mx\/storage\/2021\/03\/032127d_opt.jpg","articleSection":["Sonora"],"inLanguage":"es","potentialAction":[{"@type":"CommentAction","name":"Comment","target":["https:\/\/www.sonoraenequipo.com.mx\/reactivan-ceresos-e-itama-visita-familiar-previa-cita\/#respond"]}]},{"@type":"WebPage","@id":"https:\/\/www.sonoraenequipo.com.mx\/reactivan-ceresos-e-itama-visita-familiar-previa-cita\/","url":"https:\/\/www.sonoraenequipo.com.mx\/reactivan-ceresos-e-itama-visita-familiar-previa-cita\/","name":"Sonora en Equipo. Reactivan Ceresos e Itama visita familiar previa cita Sonora","isPartOf":{"@id":"https:\/\/www.sonoraenequipo.com.mx\/#website"},"primaryImageOfPage":{"@id":"https:\/\/www.sonoraenequipo.com.mx\/reactivan-ceresos-e-itama-visita-familiar-previa-cita\/#primaryimage"},"image":{"@id":"https:\/\/www.sonoraenequipo.com.mx\/reactivan-ceresos-e-itama-visita-familiar-previa-cita\/#primaryimage"},"thumbnailUrl":"https:\/\/www.sonoraenequipo.com.mx\/storage\/2021\/03\/032127d_opt.jpg","datePublished":"2021-03-06T02:15:50+00:00","dateModified":"2021-03-06T15:22:52+00:00","description":"HERMOSILLO, SONORA. MX. \u2014 A partir del pr\u00f3ximo lunes 8 de marzo, se reactivar\u00e1 la visita familiar, previa cita, en los Centros de Reinserci\u00f3n Social En Sonora en Equipo publicamos toda la informaci\u00f3n de Sonora, M\u00e9xico y el Mundo de manera oportuna y busca que la libertad de expresi\u00f3n sea real. Visita nuestro medio informativo publicado desde Hermosillo, Sonora. %","breadcrumb":{"@id":"https:\/\/www.sonoraenequipo.com.mx\/reactivan-ceresos-e-itama-visita-familiar-previa-cita\/#breadcrumb"},"inLanguage":"es","potentialAction":[{"@type":"ReadAction","target":["https:\/\/www.sonoraenequipo.com.mx\/reactivan-ceresos-e-itama-visita-familiar-previa-cita\/"]}]},{"@type":"ImageObject","inLanguage":"es","@id":"https:\/\/www.sonoraenequipo.com.mx\/reactivan-ceresos-e-itama-visita-familiar-previa-cita\/#primaryimage","url":"https:\/\/www.sonoraenequipo.com.mx\/storage\/2021\/03\/032127d_opt.jpg","contentUrl":"https:\/\/www.sonoraenequipo.com.mx\/storage\/2021\/03\/032127d_opt.jpg","width":601,"height":400},{"@type":"BreadcrumbList","@id":"https:\/\/www.sonoraenequipo.com.mx\/reactivan-ceresos-e-itama-visita-familiar-previa-cita\/#breadcrumb","itemListElement":[{"@type":"ListItem","position":1,"name":"Portada","item":"https:\/\/www.sonoraenequipo.com.mx\/"},{"@type":"ListItem","position":2,"name":"Reactivan Ceresos e Itama visita familiar previa cita"}]},{"@type":"WebSite","@id":"https:\/\/www.sonoraenequipo.com.mx\/#website","url":"https:\/\/www.sonoraenequipo.com.mx\/","name":"Sonora en Equipo.","description":"Diario en l\u00ednea con Noticias desde Hermosillo, Sonora","publisher":{"@id":"https:\/\/www.sonoraenequipo.com.mx\/#organization"},"potentialAction":[{"@type":"SearchAction","target":{"@type":"EntryPoint","urlTemplate":"https:\/\/www.sonoraenequipo.com.mx\/?s={search_term_string}"},"query-input":{"@type":"PropertyValueSpecification","valueRequired":true,"valueName":"search_term_string"}}],"inLanguage":"es"},{"@type":"Organization","@id":"https:\/\/www.sonoraenequipo.com.mx\/#organization","name":"Sonoraenequipo.com.mx","url":"https:\/\/www.sonoraenequipo.com.mx\/","logo":{"@type":"ImageObject","inLanguage":"es","@id":"https:\/\/www.sonoraenequipo.com.mx\/#\/schema\/logo\/image\/","url":"https:\/\/www.sonoraenequipo.com.mx\/storage\/2019\/01\/sonoraenequipo_opt.png","contentUrl":"https:\/\/www.sonoraenequipo.com.mx\/storage\/2019\/01\/sonoraenequipo_opt.png","width":375,"height":125,"caption":"Sonoraenequipo.com.mx"},"image":{"@id":"https:\/\/www.sonoraenequipo.com.mx\/#\/schema\/logo\/image\/"},"sameAs":["https:\/\/www.facebook.com\/SonoraEE\/","https:\/\/x.com\/sonoraenequipo","https:\/\/www.youtube.com\/channel\/UC338nW-lPEYmJQs4ZABQ1SQ"]},{"@type":"Person","@id":"https:\/\/www.sonoraenequipo.com.mx\/#\/schema\/person\/50102df0fb23a8fa9e8effad8fa81386","name":"enequipo","image":{"@type":"ImageObject","inLanguage":"es","@id":"https:\/\/www.sonoraenequipo.com.mx\/#\/schema\/person\/image\/","url":"https:\/\/secure.gravatar.com\/avatar\/049821681b589dabc0bc20695993ccebb09f5b5d4d790cd9251b97faac7c652b?s=96&d=blank&r=g","contentUrl":"https:\/\/secure.gravatar.com\/avatar\/049821681b589dabc0bc20695993ccebb09f5b5d4d790cd9251b97faac7c652b?s=96&d=blank&r=g","caption":"enequipo"},"sameAs":["https:\/\/www.facebook.com\/SonoraEE"]}]}},"jetpack_featured_media_url":"https:\/\/www.sonoraenequipo.com.mx\/storage\/2021\/03\/032127d_opt.jpg","_links":{"self":[{"href":"https:\/\/www.sonoraenequipo.com.mx\/api\/wp\/v2\/posts\/108424","targetHints":{"allow":["GET"]}}],"collection":[{"href":"https:\/\/www.sonoraenequipo.com.mx\/api\/wp\/v2\/posts"}],"about":[{"href":"https:\/\/www.sonoraenequipo.com.mx\/api\/wp\/v2\/types\/post"}],"author":[{"embeddable":true,"href":"https:\/\/www.sonoraenequipo.com.mx\/api\/wp\/v2\/users\/1"}],"replies":[{"embeddable":true,"href":"https:\/\/www.sonoraenequipo.com.mx\/api\/wp\/v2\/comments?post=108424"}],"version-history":[{"count":1,"href":"https:\/\/www.sonoraenequipo.com.mx\/api\/wp\/v2\/posts\/108424\/revisions"}],"predecessor-version":[{"id":108427,"href":"https:\/\/www.sonoraenequipo.com.mx\/api\/wp\/v2\/posts\/108424\/revisions\/108427"}],"wp:featuredmedia":[{"embeddable":true,"href":"https:\/\/www.sonoraenequipo.com.mx\/api\/wp\/v2\/media\/108426"}],"wp:attachment":[{"href":"https:\/\/www.sonoraenequipo.com.mx\/api\/wp\/v2\/media?parent=108424"}],"wp:term":[{"taxonomy":"category","embeddable":true,"href":"https:\/\/www.sonoraenequipo.com.mx\/api\/wp\/v2\/categories?post=108424"},{"taxonomy":"post_tag","embeddable":true,"href":"https:\/\/www.sonoraenequipo.com.mx\/api\/wp\/v2\/tags?post=108424"}],"curies":[{"name":"wp","href":"https:\/\/api.w.org\/{rel}","templated":true}]}}