{"id":108435,"date":"2021-03-05T21:36:09","date_gmt":"2021-03-06T04:36:09","guid":{"rendered":"https:\/\/www.sonoraenequipo.com.mx\/?p=108435"},"modified":"2021-03-06T11:49:56","modified_gmt":"2021-03-06T18:49:56","slug":"preside-gobernadora-pavlovich-en-caborca-trabajos-de-la-mesa-de-coordinacion-para-la-paz-y-seguridad-del-estado-de-sonora","status":"publish","type":"post","link":"https:\/\/www.sonoraenequipo.com.mx\/preside-gobernadora-pavlovich-en-caborca-trabajos-de-la-mesa-de-coordinacion-para-la-paz-y-seguridad-del-estado-de-sonora\/","title":{"rendered":"Preside Gobernadora Pavlovich en Caborca trabajos de la Mesa de Coordinaci\u00f3n para la Paz y Seguridad del Estado de Sonora"},"content":{"rendered":"<p>CABORCA, SONORA. MX. \u2014 Una evaluaci\u00f3n en materia de seguridad en esta regi\u00f3n y el compromiso de fortalecer la estrategia de seguridad en la zona noroeste de la entidad con una mayor coordinaci\u00f3n entre los tres niveles de gobierno para reducir los homicidios dolosos en la regi\u00f3n, fueron parte de los acuerdos de la Mesa de Coordinaci\u00f3n para la Paz y Seguridad en el estado, que presidi\u00f3 la gobernadora Claudia Pavlovich Arellano encabez\u00f3, en esta ciudad.<\/p>\n<p>&nbsp;<\/p>\n<p> <\/p>\n<p>&nbsp;<\/p>\n<p>Acompa\u00f1ada por los integrantes de la Mesa de Coordinaci\u00f3n para la Paz y Seguridad, la mandataria estatal se\u00f1al\u00f3 que la coordinaci\u00f3n entre los tres niveles de gobierno es primordial para fortalecer las acciones y disminuir los homicidios derivados de la delincuencia organizada y el narcomenudeo.<\/p>\n<p>&nbsp;<\/p>\n<p><em>\u201cLa meta es reducir los homicidios dolosos en nuestra entidad, porque en los otros delitos, todos los otros delitos, el que me mencionen, realmente estamos muy por debajo de la media nacional\u201d,<\/em> afirm\u00f3.<\/p>\n<p>&nbsp;<\/p>\n<p>Siguiendo con la agenda de este viernes con la que se complet\u00f3 la sexta vuelta a los 72 municipios de la entidad, y como parte de las acciones para reforzar la seguridad en esta regi\u00f3n, la gobernadora Pavlovich, acompa\u00f1ada del presidente municipal de Pitiquito, Gumercindo Ruiz Liz\u00e1rraga, y del secretario de Seguridad P\u00fablica, David Anaya Cooley, inaugur\u00f3 una base de la Secretar\u00eda de Seguridad P\u00fablica (SSP) en Pitiquito, desde donde, asegur\u00f3, seguir\u00e1n los esfuerzos para garantizar la paz a las familias de Sonora.<\/p>\n<p>&nbsp;<\/p>\n<p>Anaya Cooley detall\u00f3 que esta nueva base de la SSP se concret\u00f3 en acuerdo con el municipio y con el Colegio de Bachilleres, toda vez que operar\u00e1 en un inmueble que funcionaba como plantel Cobach y que se reacondicion\u00f3 para uso de la Secretar\u00eda, para que la zona tenga la permanencia del estado de fuerza necesario de la Polic\u00eda Estatal, en coordinaci\u00f3n con las dem\u00e1s instituciones y corporaciones.<\/p>\n<p>&nbsp;<\/p>\n<p><em>\u201cNuestra gobernadora nos dio indicaciones muy puntuales a todas las instituciones y corporaciones, tanto del gobierno federal, como del Gobierno del Estado y la propia Polic\u00eda Municipal, para que realicemos el trabajo y tengamos la permanencia necesaria, los operativos necesarios y los trabajos de judicializaci\u00f3n necesarios, para que estos eventos (violentos) sean m\u00ednimos o que desaparezcan en la zona\u201d,<\/em> dijo.<\/p>\n<p>&nbsp;<\/p>\n<p>Como parte de la gira de trabajo, la gobernadora realiz\u00f3 acciones relacionadas con los servicios de salud y educaci\u00f3n a los ciudadanos.<\/p>\n<p>&nbsp;<\/p>\n<p>Presentes: <strong>Juan \u00c1ngel Castillo Taraz\u00f3n, <\/strong>secretario de Gobierno; <strong>Claudia Indira Contreras,<\/strong> fiscal general de Justicia del Estado;<strong> Jos\u00e9 Tom\u00e1s Jorge Tress Zilly, <\/strong>comandante de la Cuarta Regi\u00f3n Naval; <strong>Jorge Ambia Minero, <\/strong>comandante de la Cuarta Zona Militar; <strong>Jorge Luis Valdez Ch\u00e1vez, <\/strong>comandante de la 45 Zona Militar;<strong> Alfonso Novoa Novoa,<\/strong> comisario de la Polic\u00eda Estatal de Seguridad P\u00fablica; <strong>Jos\u00e9 Jaime Valenzuela Tiznado,<\/strong> secretario t\u00e9cnico; <strong>V\u00edctor Manuel Mart\u00ednez Maya, <\/strong>delegado estatal del Instituto Nacional de Migraci\u00f3n;<strong> Daniel Vald\u00e9s Vera, <\/strong>encargado del despacho de la Delegaci\u00f3n FGR Sonora;<strong> Francisco M\u00e9ndez Flores,<\/strong> secretario del Ayuntamiento de Caborca; y<strong> Erasmo S\u00e1nchez Rodr\u00edguez, <\/strong>representante del CNI.<\/p>\n<p>&nbsp;<\/p>\n<p>&nbsp;<\/p>\n<p>(Publicada el 06\/03\/2021)<\/p>\n","protected":false},"excerpt":{"rendered":"<p>CABORCA, SONORA. MX. \u2014 Una evaluaci\u00f3n en materia de seguridad en esta regi\u00f3n y el&#8230;<\/p>\n","protected":false},"author":1,"featured_media":108436,"comment_status":"open","ping_status":"open","sticky":false,"template":"","format":"standard","meta":{"_monsterinsights_skip_tracking":false,"_monsterinsights_sitenote_active":false,"_monsterinsights_sitenote_note":"","_monsterinsights_sitenote_category":0,"footnotes":""},"categories":[22],"tags":[],"class_list":["post"],"yoast_head":" \n<title>Sonora en Equipo. Preside Gobernadora Pavlovich en Caborca trabajos de la Mesa de Coordinaci\u00f3n para la Paz y Seguridad del Estado de Sonora Sonora<\/title>\n<meta name=\"description\" content=\"CABORCA, SONORA. MX. \u2014 Una evaluaci\u00f3n en materia de seguridad en esta regi\u00f3n y el compromiso de fortalecer la estrategia de seguridad en la zona noroeste En Sonora en Equipo publicamos toda la informaci\u00f3n de Sonora, M\u00e9xico y el Mundo de manera oportuna y busca que la libertad de expresi\u00f3n sea real. Visita nuestro medio informativo publicado desde Hermosillo, Sonora. %\" \/>\n<meta name=\"robots\" content=\"index, follow, max-snippet:-1, max-image-preview:large, max-video-preview:-1\" \/>\n<link rel=\"canonical\" href=\"https:\/\/www.sonoraenequipo.com.mx\/preside-gobernadora-pavlovich-en-caborca-trabajos-de-la-mesa-de-coordinacion-para-la-paz-y-seguridad-del-estado-de-sonora\/\" \/>\n<meta property=\"og:locale\" content=\"es_ES\" \/>\n<meta property=\"og:type\" content=\"article\" \/>\n<meta property=\"og:title\" content=\"Sonora en Equipo. Preside Gobernadora Pavlovich en Caborca trabajos de la Mesa de Coordinaci\u00f3n para la Paz y Seguridad del Estado de Sonora Sonora\" \/>\n<meta property=\"og:description\" content=\"CABORCA, SONORA. MX. \u2014 Una evaluaci\u00f3n en materia de seguridad en esta regi\u00f3n y el compromiso de fortalecer la estrategia de seguridad en la zona noroeste En Sonora en Equipo publicamos toda la informaci\u00f3n de Sonora, M\u00e9xico y el Mundo de manera oportuna y busca que la libertad de expresi\u00f3n sea real. Visita nuestro medio informativo publicado desde Hermosillo, Sonora. %\" \/>\n<meta property=\"og:url\" content=\"https:\/\/www.sonoraenequipo.com.mx\/preside-gobernadora-pavlovich-en-caborca-trabajos-de-la-mesa-de-coordinacion-para-la-paz-y-seguridad-del-estado-de-sonora\/\" \/>\n<meta property=\"og:site_name\" content=\"Sonora en Equipo.\" \/>\n<meta property=\"article:publisher\" content=\"https:\/\/www.facebook.com\/SonoraEE\/\" \/>\n<meta property=\"article:author\" content=\"https:\/\/www.facebook.com\/SonoraEE\" \/>\n<meta property=\"article:published_time\" content=\"2021-03-06T04:36:09+00:00\" \/>\n<meta property=\"article:modified_time\" content=\"2021-03-06T18:49:56+00:00\" \/>\n<meta property=\"og:image\" content=\"https:\/\/www.sonoraenequipo.com.mx\/storage\/2021\/03\/caborca-gobernadora_opt.jpg\" \/>\n\t<meta property=\"og:image:width\" content=\"749\" \/>\n\t<meta property=\"og:image:height\" content=\"352\" \/>\n\t<meta property=\"og:image:type\" content=\"image\/jpeg\" \/>\n<meta name=\"author\" content=\"enequipo\" \/>\n<meta name=\"twitter:card\" content=\"summary_large_image\" \/>\n<meta name=\"twitter:creator\" content=\"@sonoraenequipo\" \/>\n<meta name=\"twitter:site\" content=\"@sonoraenequipo\" \/>\n<meta name=\"twitter:label1\" content=\"Escrito por\" \/>\n\t<meta name=\"twitter:data1\" content=\"enequipo\" \/>\n\t<meta name=\"twitter:label2\" content=\"Tiempo de lectura\" \/>\n\t<meta name=\"twitter:data2\" content=\"3 minutos\" \/>\n<script type=\"application\/ld+json\" class=\"yoast-schema-graph\">{\"@context\":\"https:\/\/schema.org\",\"@graph\":[{\"@type\":\"Article\",\"@id\":\"https:\/\/www.sonoraenequipo.com.mx\/preside-gobernadora-pavlovich-en-caborca-trabajos-de-la-mesa-de-coordinacion-para-la-paz-y-seguridad-del-estado-de-sonora\/#article\",\"isPartOf\":{\"@id\":\"https:\/\/www.sonoraenequipo.com.mx\/preside-gobernadora-pavlovich-en-caborca-trabajos-de-la-mesa-de-coordinacion-para-la-paz-y-seguridad-del-estado-de-sonora\/\"},\"author\":{\"name\":\"enequipo\",\"@id\":\"https:\/\/www.sonoraenequipo.com.mx\/#\/schema\/person\/50102df0fb23a8fa9e8effad8fa81386\"},\"headline\":\"Preside Gobernadora Pavlovich en Caborca trabajos de la Mesa de Coordinaci\u00f3n para la Paz y Seguridad del Estado de Sonora\",\"datePublished\":\"2021-03-06T04:36:09+00:00\",\"dateModified\":\"2021-03-06T18:49:56+00:00\",\"mainEntityOfPage\":{\"@id\":\"https:\/\/www.sonoraenequipo.com.mx\/preside-gobernadora-pavlovich-en-caborca-trabajos-de-la-mesa-de-coordinacion-para-la-paz-y-seguridad-del-estado-de-sonora\/\"},\"wordCount\":557,\"commentCount\":0,\"publisher\":{\"@id\":\"https:\/\/www.sonoraenequipo.com.mx\/#organization\"},\"image\":{\"@id\":\"https:\/\/www.sonoraenequipo.com.mx\/preside-gobernadora-pavlovich-en-caborca-trabajos-de-la-mesa-de-coordinacion-para-la-paz-y-seguridad-del-estado-de-sonora\/#primaryimage\"},\"thumbnailUrl\":\"https:\/\/www.sonoraenequipo.com.mx\/storage\/2021\/03\/caborca-gobernadora_opt.jpg\",\"articleSection\":[\"Sonora\"],\"inLanguage\":\"es\",\"potentialAction\":[{\"@type\":\"CommentAction\",\"name\":\"Comment\",\"target\":[\"https:\/\/www.sonoraenequipo.com.mx\/preside-gobernadora-pavlovich-en-caborca-trabajos-de-la-mesa-de-coordinacion-para-la-paz-y-seguridad-del-estado-de-sonora\/#respond\"]}]},{\"@type\":\"WebPage\",\"@id\":\"https:\/\/www.sonoraenequipo.com.mx\/preside-gobernadora-pavlovich-en-caborca-trabajos-de-la-mesa-de-coordinacion-para-la-paz-y-seguridad-del-estado-de-sonora\/\",\"url\":\"https:\/\/www.sonoraenequipo.com.mx\/preside-gobernadora-pavlovich-en-caborca-trabajos-de-la-mesa-de-coordinacion-para-la-paz-y-seguridad-del-estado-de-sonora\/\",\"name\":\"Sonora en Equipo. Preside Gobernadora Pavlovich en Caborca trabajos de la Mesa de Coordinaci\u00f3n para la Paz y Seguridad del Estado de Sonora Sonora\",\"isPartOf\":{\"@id\":\"https:\/\/www.sonoraenequipo.com.mx\/#website\"},\"primaryImageOfPage\":{\"@id\":\"https:\/\/www.sonoraenequipo.com.mx\/preside-gobernadora-pavlovich-en-caborca-trabajos-de-la-mesa-de-coordinacion-para-la-paz-y-seguridad-del-estado-de-sonora\/#primaryimage\"},\"image\":{\"@id\":\"https:\/\/www.sonoraenequipo.com.mx\/preside-gobernadora-pavlovich-en-caborca-trabajos-de-la-mesa-de-coordinacion-para-la-paz-y-seguridad-del-estado-de-sonora\/#primaryimage\"},\"thumbnailUrl\":\"https:\/\/www.sonoraenequipo.com.mx\/storage\/2021\/03\/caborca-gobernadora_opt.jpg\",\"datePublished\":\"2021-03-06T04:36:09+00:00\",\"dateModified\":\"2021-03-06T18:49:56+00:00\",\"description\":\"CABORCA, SONORA. MX. \u2014 Una evaluaci\u00f3n en materia de seguridad en esta regi\u00f3n y el compromiso de fortalecer la estrategia de seguridad en la zona noroeste En Sonora en Equipo publicamos toda la informaci\u00f3n de Sonora, M\u00e9xico y el Mundo de manera oportuna y busca que la libertad de expresi\u00f3n sea real. Visita nuestro medio informativo publicado desde Hermosillo, Sonora. %\",\"breadcrumb\":{\"@id\":\"https:\/\/www.sonoraenequipo.com.mx\/preside-gobernadora-pavlovich-en-caborca-trabajos-de-la-mesa-de-coordinacion-para-la-paz-y-seguridad-del-estado-de-sonora\/#breadcrumb\"},\"inLanguage\":\"es\",\"potentialAction\":[{\"@type\":\"ReadAction\",\"target\":[\"https:\/\/www.sonoraenequipo.com.mx\/preside-gobernadora-pavlovich-en-caborca-trabajos-de-la-mesa-de-coordinacion-para-la-paz-y-seguridad-del-estado-de-sonora\/\"]}]},{\"@type\":\"ImageObject\",\"inLanguage\":\"es\",\"@id\":\"https:\/\/www.sonoraenequipo.com.mx\/preside-gobernadora-pavlovich-en-caborca-trabajos-de-la-mesa-de-coordinacion-para-la-paz-y-seguridad-del-estado-de-sonora\/#primaryimage\",\"url\":\"https:\/\/www.sonoraenequipo.com.mx\/storage\/2021\/03\/caborca-gobernadora_opt.jpg\",\"contentUrl\":\"https:\/\/www.sonoraenequipo.com.mx\/storage\/2021\/03\/caborca-gobernadora_opt.jpg\",\"width\":749,\"height\":352},{\"@type\":\"BreadcrumbList\",\"@id\":\"https:\/\/www.sonoraenequipo.com.mx\/preside-gobernadora-pavlovich-en-caborca-trabajos-de-la-mesa-de-coordinacion-para-la-paz-y-seguridad-del-estado-de-sonora\/#breadcrumb\",\"itemListElement\":[{\"@type\":\"ListItem\",\"position\":1,\"name\":\"Portada\",\"item\":\"https:\/\/www.sonoraenequipo.com.mx\/\"},{\"@type\":\"ListItem\",\"position\":2,\"name\":\"Preside Gobernadora Pavlovich en Caborca trabajos de la Mesa de Coordinaci\u00f3n para la Paz y Seguridad del Estado de Sonora\"}]},{\"@type\":\"WebSite\",\"@id\":\"https:\/\/www.sonoraenequipo.com.mx\/#website\",\"url\":\"https:\/\/www.sonoraenequipo.com.mx\/\",\"name\":\"Sonora en Equipo.\",\"description\":\"Diario en l\u00ednea con Noticias desde Hermosillo, Sonora\",\"publisher\":{\"@id\":\"https:\/\/www.sonoraenequipo.com.mx\/#organization\"},\"potentialAction\":[{\"@type\":\"SearchAction\",\"target\":{\"@type\":\"EntryPoint\",\"urlTemplate\":\"https:\/\/www.sonoraenequipo.com.mx\/?s={search_term_string}\"},\"query-input\":{\"@type\":\"PropertyValueSpecification\",\"valueRequired\":true,\"valueName\":\"search_term_string\"}}],\"inLanguage\":\"es\"},{\"@type\":\"Organization\",\"@id\":\"https:\/\/www.sonoraenequipo.com.mx\/#organization\",\"name\":\"Sonoraenequipo.com.mx\",\"url\":\"https:\/\/www.sonoraenequipo.com.mx\/\",\"logo\":{\"@type\":\"ImageObject\",\"inLanguage\":\"es\",\"@id\":\"https:\/\/www.sonoraenequipo.com.mx\/#\/schema\/logo\/image\/\",\"url\":\"https:\/\/www.sonoraenequipo.com.mx\/storage\/2019\/01\/sonoraenequipo_opt.png\",\"contentUrl\":\"https:\/\/www.sonoraenequipo.com.mx\/storage\/2019\/01\/sonoraenequipo_opt.png\",\"width\":375,\"height\":125,\"caption\":\"Sonoraenequipo.com.mx\"},\"image\":{\"@id\":\"https:\/\/www.sonoraenequipo.com.mx\/#\/schema\/logo\/image\/\"},\"sameAs\":[\"https:\/\/www.facebook.com\/SonoraEE\/\",\"https:\/\/x.com\/sonoraenequipo\",\"https:\/\/www.youtube.com\/channel\/UC338nW-lPEYmJQs4ZABQ1SQ\"]},{\"@type\":\"Person\",\"@id\":\"https:\/\/www.sonoraenequipo.com.mx\/#\/schema\/person\/50102df0fb23a8fa9e8effad8fa81386\",\"name\":\"enequipo\",\"image\":{\"@type\":\"ImageObject\",\"inLanguage\":\"es\",\"@id\":\"https:\/\/www.sonoraenequipo.com.mx\/#\/schema\/person\/image\/\",\"url\":\"https:\/\/secure.gravatar.com\/avatar\/049821681b589dabc0bc20695993ccebb09f5b5d4d790cd9251b97faac7c652b?s=96&d=blank&r=g\",\"contentUrl\":\"https:\/\/secure.gravatar.com\/avatar\/049821681b589dabc0bc20695993ccebb09f5b5d4d790cd9251b97faac7c652b?s=96&d=blank&r=g\",\"caption\":\"enequipo\"},\"sameAs\":[\"https:\/\/www.facebook.com\/SonoraEE\"]}]}<\/script>\n ","yoast_head_json":{"title":"Sonora en Equipo. Preside Gobernadora Pavlovich en Caborca trabajos de la Mesa de Coordinaci\u00f3n para la Paz y Seguridad del Estado de Sonora Sonora","description":"CABORCA, SONORA. MX. \u2014 Una evaluaci\u00f3n en materia de seguridad en esta regi\u00f3n y el compromiso de fortalecer la estrategia de seguridad en la zona noroeste En Sonora en Equipo publicamos toda la informaci\u00f3n de Sonora, M\u00e9xico y el Mundo de manera oportuna y busca que la libertad de expresi\u00f3n sea real. Visita nuestro medio informativo publicado desde Hermosillo, Sonora. %","robots":{"index":"index","follow":"follow","max-snippet":"max-snippet:-1","max-image-preview":"max-image-preview:large","max-video-preview":"max-video-preview:-1"},"canonical":"https:\/\/www.sonoraenequipo.com.mx\/preside-gobernadora-pavlovich-en-caborca-trabajos-de-la-mesa-de-coordinacion-para-la-paz-y-seguridad-del-estado-de-sonora\/","og_locale":"es_ES","og_type":"article","og_title":"Sonora en Equipo. Preside Gobernadora Pavlovich en Caborca trabajos de la Mesa de Coordinaci\u00f3n para la Paz y Seguridad del Estado de Sonora Sonora","og_description":"CABORCA, SONORA. MX. \u2014 Una evaluaci\u00f3n en materia de seguridad en esta regi\u00f3n y el compromiso de fortalecer la estrategia de seguridad en la zona noroeste En Sonora en Equipo publicamos toda la informaci\u00f3n de Sonora, M\u00e9xico y el Mundo de manera oportuna y busca que la libertad de expresi\u00f3n sea real. Visita nuestro medio informativo publicado desde Hermosillo, Sonora. %","og_url":"https:\/\/www.sonoraenequipo.com.mx\/preside-gobernadora-pavlovich-en-caborca-trabajos-de-la-mesa-de-coordinacion-para-la-paz-y-seguridad-del-estado-de-sonora\/","og_site_name":"Sonora en Equipo.","article_publisher":"https:\/\/www.facebook.com\/SonoraEE\/","article_author":"https:\/\/www.facebook.com\/SonoraEE","article_published_time":"2021-03-06T04:36:09+00:00","article_modified_time":"2021-03-06T18:49:56+00:00","og_image":[{"width":749,"height":352,"url":"https:\/\/www.sonoraenequipo.com.mx\/storage\/2021\/03\/caborca-gobernadora_opt.jpg","type":"image\/jpeg"}],"author":"enequipo","twitter_card":"summary_large_image","twitter_creator":"@sonoraenequipo","twitter_site":"@sonoraenequipo","twitter_misc":{"Escrito por":"enequipo","Tiempo de lectura":"3 minutos"},"schema":{"@context":"https:\/\/schema.org","@graph":[{"@type":"Article","@id":"https:\/\/www.sonoraenequipo.com.mx\/preside-gobernadora-pavlovich-en-caborca-trabajos-de-la-mesa-de-coordinacion-para-la-paz-y-seguridad-del-estado-de-sonora\/#article","isPartOf":{"@id":"https:\/\/www.sonoraenequipo.com.mx\/preside-gobernadora-pavlovich-en-caborca-trabajos-de-la-mesa-de-coordinacion-para-la-paz-y-seguridad-del-estado-de-sonora\/"},"author":{"name":"enequipo","@id":"https:\/\/www.sonoraenequipo.com.mx\/#\/schema\/person\/50102df0fb23a8fa9e8effad8fa81386"},"headline":"Preside Gobernadora Pavlovich en Caborca trabajos de la Mesa de Coordinaci\u00f3n para la Paz y Seguridad del Estado de Sonora","datePublished":"2021-03-06T04:36:09+00:00","dateModified":"2021-03-06T18:49:56+00:00","mainEntityOfPage":{"@id":"https:\/\/www.sonoraenequipo.com.mx\/preside-gobernadora-pavlovich-en-caborca-trabajos-de-la-mesa-de-coordinacion-para-la-paz-y-seguridad-del-estado-de-sonora\/"},"wordCount":557,"commentCount":0,"publisher":{"@id":"https:\/\/www.sonoraenequipo.com.mx\/#organization"},"image":{"@id":"https:\/\/www.sonoraenequipo.com.mx\/preside-gobernadora-pavlovich-en-caborca-trabajos-de-la-mesa-de-coordinacion-para-la-paz-y-seguridad-del-estado-de-sonora\/#primaryimage"},"thumbnailUrl":"https:\/\/www.sonoraenequipo.com.mx\/storage\/2021\/03\/caborca-gobernadora_opt.jpg","articleSection":["Sonora"],"inLanguage":"es","potentialAction":[{"@type":"CommentAction","name":"Comment","target":["https:\/\/www.sonoraenequipo.com.mx\/preside-gobernadora-pavlovich-en-caborca-trabajos-de-la-mesa-de-coordinacion-para-la-paz-y-seguridad-del-estado-de-sonora\/#respond"]}]},{"@type":"WebPage","@id":"https:\/\/www.sonoraenequipo.com.mx\/preside-gobernadora-pavlovich-en-caborca-trabajos-de-la-mesa-de-coordinacion-para-la-paz-y-seguridad-del-estado-de-sonora\/","url":"https:\/\/www.sonoraenequipo.com.mx\/preside-gobernadora-pavlovich-en-caborca-trabajos-de-la-mesa-de-coordinacion-para-la-paz-y-seguridad-del-estado-de-sonora\/","name":"Sonora en Equipo. Preside Gobernadora Pavlovich en Caborca trabajos de la Mesa de Coordinaci\u00f3n para la Paz y Seguridad del Estado de Sonora Sonora","isPartOf":{"@id":"https:\/\/www.sonoraenequipo.com.mx\/#website"},"primaryImageOfPage":{"@id":"https:\/\/www.sonoraenequipo.com.mx\/preside-gobernadora-pavlovich-en-caborca-trabajos-de-la-mesa-de-coordinacion-para-la-paz-y-seguridad-del-estado-de-sonora\/#primaryimage"},"image":{"@id":"https:\/\/www.sonoraenequipo.com.mx\/preside-gobernadora-pavlovich-en-caborca-trabajos-de-la-mesa-de-coordinacion-para-la-paz-y-seguridad-del-estado-de-sonora\/#primaryimage"},"thumbnailUrl":"https:\/\/www.sonoraenequipo.com.mx\/storage\/2021\/03\/caborca-gobernadora_opt.jpg","datePublished":"2021-03-06T04:36:09+00:00","dateModified":"2021-03-06T18:49:56+00:00","description":"CABORCA, SONORA. MX. \u2014 Una evaluaci\u00f3n en materia de seguridad en esta regi\u00f3n y el compromiso de fortalecer la estrategia de seguridad en la zona noroeste En Sonora en Equipo publicamos toda la informaci\u00f3n de Sonora, M\u00e9xico y el Mundo de manera oportuna y busca que la libertad de expresi\u00f3n sea real. Visita nuestro medio informativo publicado desde Hermosillo, Sonora. %","breadcrumb":{"@id":"https:\/\/www.sonoraenequipo.com.mx\/preside-gobernadora-pavlovich-en-caborca-trabajos-de-la-mesa-de-coordinacion-para-la-paz-y-seguridad-del-estado-de-sonora\/#breadcrumb"},"inLanguage":"es","potentialAction":[{"@type":"ReadAction","target":["https:\/\/www.sonoraenequipo.com.mx\/preside-gobernadora-pavlovich-en-caborca-trabajos-de-la-mesa-de-coordinacion-para-la-paz-y-seguridad-del-estado-de-sonora\/"]}]},{"@type":"ImageObject","inLanguage":"es","@id":"https:\/\/www.sonoraenequipo.com.mx\/preside-gobernadora-pavlovich-en-caborca-trabajos-de-la-mesa-de-coordinacion-para-la-paz-y-seguridad-del-estado-de-sonora\/#primaryimage","url":"https:\/\/www.sonoraenequipo.com.mx\/storage\/2021\/03\/caborca-gobernadora_opt.jpg","contentUrl":"https:\/\/www.sonoraenequipo.com.mx\/storage\/2021\/03\/caborca-gobernadora_opt.jpg","width":749,"height":352},{"@type":"BreadcrumbList","@id":"https:\/\/www.sonoraenequipo.com.mx\/preside-gobernadora-pavlovich-en-caborca-trabajos-de-la-mesa-de-coordinacion-para-la-paz-y-seguridad-del-estado-de-sonora\/#breadcrumb","itemListElement":[{"@type":"ListItem","position":1,"name":"Portada","item":"https:\/\/www.sonoraenequipo.com.mx\/"},{"@type":"ListItem","position":2,"name":"Preside Gobernadora Pavlovich en Caborca trabajos de la Mesa de Coordinaci\u00f3n para la Paz y Seguridad del Estado de Sonora"}]},{"@type":"WebSite","@id":"https:\/\/www.sonoraenequipo.com.mx\/#website","url":"https:\/\/www.sonoraenequipo.com.mx\/","name":"Sonora en Equipo.","description":"Diario en l\u00ednea con Noticias desde Hermosillo, Sonora","publisher":{"@id":"https:\/\/www.sonoraenequipo.com.mx\/#organization"},"potentialAction":[{"@type":"SearchAction","target":{"@type":"EntryPoint","urlTemplate":"https:\/\/www.sonoraenequipo.com.mx\/?s={search_term_string}"},"query-input":{"@type":"PropertyValueSpecification","valueRequired":true,"valueName":"search_term_string"}}],"inLanguage":"es"},{"@type":"Organization","@id":"https:\/\/www.sonoraenequipo.com.mx\/#organization","name":"Sonoraenequipo.com.mx","url":"https:\/\/www.sonoraenequipo.com.mx\/","logo":{"@type":"ImageObject","inLanguage":"es","@id":"https:\/\/www.sonoraenequipo.com.mx\/#\/schema\/logo\/image\/","url":"https:\/\/www.sonoraenequipo.com.mx\/storage\/2019\/01\/sonoraenequipo_opt.png","contentUrl":"https:\/\/www.sonoraenequipo.com.mx\/storage\/2019\/01\/sonoraenequipo_opt.png","width":375,"height":125,"caption":"Sonoraenequipo.com.mx"},"image":{"@id":"https:\/\/www.sonoraenequipo.com.mx\/#\/schema\/logo\/image\/"},"sameAs":["https:\/\/www.facebook.com\/SonoraEE\/","https:\/\/x.com\/sonoraenequipo","https:\/\/www.youtube.com\/channel\/UC338nW-lPEYmJQs4ZABQ1SQ"]},{"@type":"Person","@id":"https:\/\/www.sonoraenequipo.com.mx\/#\/schema\/person\/50102df0fb23a8fa9e8effad8fa81386","name":"enequipo","image":{"@type":"ImageObject","inLanguage":"es","@id":"https:\/\/www.sonoraenequipo.com.mx\/#\/schema\/person\/image\/","url":"https:\/\/secure.gravatar.com\/avatar\/049821681b589dabc0bc20695993ccebb09f5b5d4d790cd9251b97faac7c652b?s=96&d=blank&r=g","contentUrl":"https:\/\/secure.gravatar.com\/avatar\/049821681b589dabc0bc20695993ccebb09f5b5d4d790cd9251b97faac7c652b?s=96&d=blank&r=g","caption":"enequipo"},"sameAs":["https:\/\/www.facebook.com\/SonoraEE"]}]}},"jetpack_featured_media_url":"https:\/\/www.sonoraenequipo.com.mx\/storage\/2021\/03\/caborca-gobernadora_opt.jpg","_links":{"self":[{"href":"https:\/\/www.sonoraenequipo.com.mx\/api\/wp\/v2\/posts\/108435","targetHints":{"allow":["GET"]}}],"collection":[{"href":"https:\/\/www.sonoraenequipo.com.mx\/api\/wp\/v2\/posts"}],"about":[{"href":"https:\/\/www.sonoraenequipo.com.mx\/api\/wp\/v2\/types\/post"}],"author":[{"embeddable":true,"href":"https:\/\/www.sonoraenequipo.com.mx\/api\/wp\/v2\/users\/1"}],"replies":[{"embeddable":true,"href":"https:\/\/www.sonoraenequipo.com.mx\/api\/wp\/v2\/comments?post=108435"}],"version-history":[{"count":1,"href":"https:\/\/www.sonoraenequipo.com.mx\/api\/wp\/v2\/posts\/108435\/revisions"}],"predecessor-version":[{"id":108437,"href":"https:\/\/www.sonoraenequipo.com.mx\/api\/wp\/v2\/posts\/108435\/revisions\/108437"}],"wp:featuredmedia":[{"embeddable":true,"href":"https:\/\/www.sonoraenequipo.com.mx\/api\/wp\/v2\/media\/108436"}],"wp:attachment":[{"href":"https:\/\/www.sonoraenequipo.com.mx\/api\/wp\/v2\/media?parent=108435"}],"wp:term":[{"taxonomy":"category","embeddable":true,"href":"https:\/\/www.sonoraenequipo.com.mx\/api\/wp\/v2\/categories?post=108435"},{"taxonomy":"post_tag","embeddable":true,"href":"https:\/\/www.sonoraenequipo.com.mx\/api\/wp\/v2\/tags?post=108435"}],"curies":[{"name":"wp","href":"https:\/\/api.w.org\/{rel}","templated":true}]}}