{"id":108438,"date":"2021-03-05T23:55:49","date_gmt":"2021-03-06T06:55:49","guid":{"rendered":"https:\/\/www.sonoraenequipo.com.mx\/?p=108438"},"modified":"2021-03-06T12:08:50","modified_gmt":"2021-03-06T19:08:50","slug":"registra-sonora-13-fallecimientos-mas-por-covid-19-y-144-nuevos-casos-de-la-enfermedad","status":"publish","type":"post","link":"https:\/\/www.sonoraenequipo.com.mx\/registra-sonora-13-fallecimientos-mas-por-covid-19-y-144-nuevos-casos-de-la-enfermedad\/","title":{"rendered":"Registra Sonora 13 fallecimientos m\u00e1s por COVID-19 y 144 nuevos casos de la enfermedad"},"content":{"rendered":"<p>HERMOSILLO, SONORA. MX. \u2014\u00a0 La Secretar\u00eda de Salud en Sonora dio a conocer que este d\u00eda se registraron 13 decesos m\u00e1s por COVID-19 y se confirmaron 144 nuevos contagios en la entidad, con lo que suman 5 mil 806 defunciones y 67 mil 227 casos que han sido positivos en la entidad desde el inicio de la pandemia.<\/p>\n<p>&nbsp;<\/p>\n<p> <\/p>\n<p>&nbsp;<\/p>\n<p>Este viernes se confirmaron 13 decesos m\u00e1s en Sonora, en nueve hombres y cuatro mujeres; cinco de ellos residentes de Hermosillo; dos de Pitiquito; uno de Agua Prieta; uno de Huatabampo; uno de Cajeme; uno de Empalme; uno de San Luis R\u00edo Colorado; y uno de Caborca, nueve de las personas fallecidas eran derechohabientes del IMSS y cuatro de la Secretar\u00eda de Salud, con estas se acumulan 5 mil 806 defunciones en la entidad desde el inicio de la pandemia.<\/p>\n<p>&nbsp;<\/p>\n<p>Asimismo, se registraron 144 nuevos casos por COVID, en 76 mujeres y 68 hombres, para un total de 67 mil 227 casos en la entidad. De los contagios nuevos, 54 son residentes de Cajeme; 34 de Hermosillo; 17 de Guaymas; siete de Nogales; siete de Empalme; seis de Huatabampo; seis de Caborca; dos de Magdalena de Kino; dos de Navojoa; dos de Pitiquito; dos de San Luis R\u00edo Colorado; uno de Sahuaripa; uno de Santa Ana; uno de Etchojoa; uno de Agua Prieta y uno de General Plutarco El\u00edas Calles.<\/p>\n<p>&nbsp;<\/p>\n<p>Hoy se confirmaron cuatro casos pedi\u00e1tricos en dos ni\u00f1as y dos ni\u00f1os, acumul\u00e1ndose mil 215 casos en total; hoy no se confirmaron casos en mujeres embarazadas; cinco de los 144 casos son en trabajadores de la salud de diversas instituciones. Este viernes, 12 pacientes fueron dados de alta y hasta el momento 60 mil 462 personas se han recuperado en la entidad.<\/p>\n<p>&nbsp;<\/p>\n<p>Al momento, se han realizado 118 mil 639 pruebas; se han confirmado 67 mil 227 casos y se han descartado 51 mil 412; en total 11 mil 112 casos han sido cuadros leves; 858 activos y 10 mil 254 concluyeron su seguimiento; 50 mil 208 pacientes se han curado y 101 pacientes se encuentran hospitalizados, 38 de ellos estables y 63 graves.<\/p>\n<p>&nbsp;<\/p>\n<h3>Casos COVID-19 en Sonora 67,227 casos confirmados y 5,806 defunciones<\/h3>\n<p>&nbsp;<\/p>\n<p>Defunciones registradas el 5 marzo de 2021: 13<\/p>\n<p>Hermosillo: 5<br \/>\nPitiquito: 2<br \/>\nAgua Prieta: 1<br \/>\nHuatabampo: 1<br \/>\nCajeme: 1<br \/>\nEmpalme: 1<br \/>\nSan Luis R\u00edo Colorado: 1<br \/>\nCaborca: 1<\/p>\n<p>Mujeres: 4\/ Hombres: 9<\/p>\n<p>Instituci\u00f3n M\u00e9dica<br \/>\nIMSS: 9<br \/>\nSecretar\u00eda de Salud: 4<\/p>\n<p>Casos confirmados el 5 de marzo de 2021: 144<br \/>\nCajeme: 54<br \/>\nHermosillo: 34<br \/>\nGuaymas: 17<br \/>\nNogales: 7<br \/>\nEmpalme: 7<br \/>\nHuatabampo: 6<br \/>\nCaborca: 6<br \/>\nMagdalena: 2<br \/>\nNavojoa: 2<br \/>\nSan Luis R\u00edo Colorado: 2<br \/>\nPitiquito: 2<br \/>\nSanta Ana: 1<br \/>\nEtchojoa: 1<br \/>\nAgua Prieta: 1<br \/>\nGral. Plutarco El\u00edas Calles: 1<br \/>\nSahuaripa: 1<\/p>\n<p>Mujeres: 76\/ Hombres: 68<\/p>\n<p>Instituci\u00f3n M\u00e9dica<br \/>\nSecretar\u00eda de Salud: 83<br \/>\nIMSS: 38<br \/>\nIsssteson: 22<br \/>\nIssste: 1<\/p>\n<p>Acumulados<br \/>\nDefunciones: 5,806<br \/>\nHermosillo: 1,938<br \/>\nCajeme: 999<br \/>\nNogales: 478<br \/>\nSan Luis R\u00edo Colorado: 469<br \/>\nGuaymas: 337<br \/>\nNavojoa: 255<br \/>\nAgua Prieta: 200<br \/>\nCaborca: 153<br \/>\nHuatabampo: 131<br \/>\nCananea: 117<br \/>\nEmpalme: 100<br \/>\nEtchojoa: 82<br \/>\nPuerto Pe\u00f1asco: 70<br \/>\nMagdalena: 67<br \/>\nNacozari de Garc\u00eda: 48<br \/>\nBenito Ju\u00e1rez: 41<br \/>\nSanta Ana: 40<br \/>\nB\u00e1cum: 38<br \/>\nSan Ignacio R\u00edo Muerto: 22<br \/>\nGral. Plutarco El\u00edas Calles: 21<br \/>\n\u00cdmuris: 21<br \/>\nFronteras: 16<br \/>\nPitiquito: 14<br \/>\n\u00c1lamos: 13<br \/>\nCumpas: 13<br \/>\nUres: 9<br \/>\nNaco: 9<br \/>\nMoctezuma: 9<br \/>\nSahuaripa: 8<br \/>\nRosario: 8<br \/>\nVilla Hidalgo: 7<br \/>\nBavi\u00e1cora: 7<br \/>\nBenjam\u00edn Hill: 6<br \/>\nAltar: 6<br \/>\nBacoachi: 6<br \/>\nSan Miguel de Horcasitas: 5<br \/>\nAconchi: 4<br \/>\nS\u00e1ric: 4<br \/>\nRay\u00f3n: 3<br \/>\nCarb\u00f3: 3<br \/>\nQuiriego: 3<br \/>\nBacerac: 3<br \/>\nArizpe: 3<br \/>\nArivechi: 2<br \/>\nBavispe: 2<br \/>\nN\u00e1cori Chico: 2<br \/>\nSan Pedro de la Cueva: 2<br \/>\nBan\u00e1michi: 2<br \/>\nCucurpe: 2<br \/>\nOpodepe: 1<br \/>\nSan Felipe de Jes\u00fas: 1<br \/>\nGranados: 1<br \/>\nHu\u00e9pac: 1<br \/>\nOquitoa: 1<br \/>\nTepache: 1<br \/>\nSanta Cruz: 1<br \/>\nMazat\u00e1n: 1<\/p>\n<p>Mujeres: 2,488\/Hombres: 3,318<\/p>\n<p>Instituci\u00f3n M\u00e9dica<br \/>\nIMSS: 3,634<br \/>\nSecretar\u00eda de Salud: 1,643<br \/>\nIsssteson: 407<br \/>\nIssste: 113<br \/>\nSedena: 5<br \/>\nSemar: 4<\/p>\n<p>Total de casos confirmados: 67,227<br \/>\nHermosillo: 31,784 municipio con mayor incidencia con un 47% del total.<br \/>\nCajeme: 9,200 que representan el 14% del total.<br \/>\nNogales: 4,332 que representan el 6% del total<br \/>\nGuaymas: 3,030 que representan el 4% del total<br \/>\nSan Luis R\u00edo Colorado: 2,992<br \/>\nNavojoa: 2,857<br \/>\nCaborca: 2,705<br \/>\nCananea: 1,856<br \/>\nHuatabampo: 1,281<br \/>\nEmpalme: 1,155<br \/>\nAgua Prieta: 1,137<br \/>\nEtchojoa: 668<br \/>\nMagdalena: 569<br \/>\nPuerto Pe\u00f1asco: 480<br \/>\nSanta Ana: 357<br \/>\nNacozari de Garc\u00eda: 322<br \/>\nB\u00e1cum: 269<br \/>\n\u00c1lamos: 220<br \/>\nPitiquito: 198<br \/>\nGral. Plutarco El\u00edas Calles: 196<br \/>\nBenito Ju\u00e1rez: 168<br \/>\nSan Ignacio R\u00edo Muerto: 153<br \/>\nBavi\u00e1cora: 132<br \/>\nSahuaripa: 130<br \/>\n\u00cdmuris: 94<br \/>\nUres: 90<br \/>\nAltar: 70<br \/>\nCumpas: 70<br \/>\nMoctezuma: 64<br \/>\nRosario: 63<br \/>\nBacoachi: 51<br \/>\nY\u00e9cora: 44<br \/>\nFronteras: 43<br \/>\nBenjam\u00edn Hill: 38<br \/>\nNaco: 33<br \/>\nArizpe: 32<br \/>\nAconchi: 30<br \/>\nS\u00e1ric: 26<br \/>\nN\u00e1cori Chico: 25<br \/>\nArivechi: 20<br \/>\nSan Miguel de Horcasitas: 18<br \/>\nVilla Hidalgo: 16<br \/>\nGranados: 15<br \/>\nTrincheras: 14<br \/>\nBan\u00e1michi: 14<br \/>\nQuiriego: 13<br \/>\nCarb\u00f3: 13<br \/>\nSan Pedro de la Cueva: 13<br \/>\nCucurpe: 12<br \/>\nRay\u00f3n: 10<br \/>\nTepache: 10<br \/>\nBacerac: 8<br \/>\nHu\u00e1sabas: 8<br \/>\nHuachinera: 7<br \/>\nBavispe: 7<br \/>\n\u00d3navas: 6<br \/>\nVilla Pesqueira: 6<br \/>\nSan Javier: 6<br \/>\nTubutama: 6<br \/>\nDivisaderos: 5<br \/>\nBacad\u00e9huachi: 5<br \/>\nSan Felipe de Jes\u00fas: 5<br \/>\nBacanora: 4<br \/>\nSanta Cruz: 4<br \/>\nHu\u00e9pac: 4<br \/>\nMazat\u00e1n: 4<br \/>\nOpodepe: 3<br \/>\nOquitoa: 3<br \/>\nLa Colorada: 2<br \/>\nSuaqui Grande: 1<br \/>\nSoyopa: 1<\/p>\n<p>Mujeres: 36,135\/Hombres: 31,092<\/p>\n<p>Instituci\u00f3n M\u00e9dica<br \/>\nSecretar\u00eda de Salud: 47,391<br \/>\nIMSS: 13,455<br \/>\nIsssteson: 5,061<br \/>\nIssste: 1,082<br \/>\nSedena: 223<br \/>\nSemar: 15<\/p>\n<p>Casos estudiados: 118,639<br \/>\nConfirmados: 67,227<br \/>\nDescartados: 51,412<br \/>\nCuadro leve: 11,112<br \/>\nPacientes activos: 858<br \/>\nPacientes en seguimiento terminado: 10,254<br \/>\nCurados: 50,208<br \/>\nHospitalizados: 101<br \/>\nEstables: 38<br \/>\nGraves: 63<\/p>\n<p>&nbsp;<\/p>\n<p>(Publicada el 06\/03\/2021)<\/p>\n","protected":false},"excerpt":{"rendered":"<p>HERMOSILLO, SONORA. MX. \u2014\u00a0 La Secretar\u00eda de Salud en Sonora dio a conocer que este&#8230;<\/p>\n","protected":false},"author":1,"featured_media":108441,"comment_status":"open","ping_status":"open","sticky":false,"template":"","format":"standard","meta":{"_monsterinsights_skip_tracking":false,"_monsterinsights_sitenote_active":false,"_monsterinsights_sitenote_note":"","_monsterinsights_sitenote_category":0,"footnotes":""},"categories":[22],"tags":[],"class_list":["post"],"yoast_head":" \n<title>Sonora en Equipo. Registra Sonora 13 fallecimientos m\u00e1s por COVID-19 y 144 nuevos casos de la enfermedad Sonora<\/title>\n<meta name=\"description\" content=\"HERMOSILLO, SONORA. MX. \u2014\u00a0 La Secretar\u00eda de Salud en Sonora dio a conocer que este d\u00eda se registraron 13 decesos m\u00e1s por COVID-19 y se confirmaron 144 En Sonora en Equipo publicamos toda la informaci\u00f3n de Sonora, M\u00e9xico y el Mundo de manera oportuna y busca que la libertad de expresi\u00f3n sea real. Visita nuestro medio informativo publicado desde Hermosillo, Sonora. %\" \/>\n<meta name=\"robots\" content=\"index, follow, max-snippet:-1, max-image-preview:large, max-video-preview:-1\" \/>\n<link rel=\"canonical\" href=\"https:\/\/www.sonoraenequipo.com.mx\/registra-sonora-13-fallecimientos-mas-por-covid-19-y-144-nuevos-casos-de-la-enfermedad\/\" \/>\n<meta property=\"og:locale\" content=\"es_ES\" \/>\n<meta property=\"og:type\" content=\"article\" \/>\n<meta property=\"og:title\" content=\"Sonora en Equipo. Registra Sonora 13 fallecimientos m\u00e1s por COVID-19 y 144 nuevos casos de la enfermedad Sonora\" \/>\n<meta property=\"og:description\" content=\"HERMOSILLO, SONORA. MX. \u2014\u00a0 La Secretar\u00eda de Salud en Sonora dio a conocer que este d\u00eda se registraron 13 decesos m\u00e1s por COVID-19 y se confirmaron 144 En Sonora en Equipo publicamos toda la informaci\u00f3n de Sonora, M\u00e9xico y el Mundo de manera oportuna y busca que la libertad de expresi\u00f3n sea real. Visita nuestro medio informativo publicado desde Hermosillo, Sonora. %\" \/>\n<meta property=\"og:url\" content=\"https:\/\/www.sonoraenequipo.com.mx\/registra-sonora-13-fallecimientos-mas-por-covid-19-y-144-nuevos-casos-de-la-enfermedad\/\" \/>\n<meta property=\"og:site_name\" content=\"Sonora en Equipo.\" \/>\n<meta property=\"article:publisher\" content=\"https:\/\/www.facebook.com\/SonoraEE\/\" \/>\n<meta property=\"article:author\" content=\"https:\/\/www.facebook.com\/SonoraEE\" \/>\n<meta property=\"article:published_time\" content=\"2021-03-06T06:55:49+00:00\" \/>\n<meta property=\"article:modified_time\" content=\"2021-03-06T19:08:50+00:00\" \/>\n<meta property=\"og:image\" content=\"https:\/\/www.sonoraenequipo.com.mx\/storage\/2021\/03\/covid-190603-2_opt.jpg\" \/>\n\t<meta property=\"og:image:width\" content=\"801\" \/>\n\t<meta property=\"og:image:height\" content=\"450\" \/>\n\t<meta property=\"og:image:type\" content=\"image\/jpeg\" \/>\n<meta name=\"author\" content=\"enequipo\" \/>\n<meta name=\"twitter:card\" content=\"summary_large_image\" \/>\n<meta name=\"twitter:creator\" content=\"@sonoraenequipo\" \/>\n<meta name=\"twitter:site\" content=\"@sonoraenequipo\" \/>\n<meta name=\"twitter:label1\" content=\"Escrito por\" \/>\n\t<meta name=\"twitter:data1\" content=\"enequipo\" \/>\n\t<meta name=\"twitter:label2\" content=\"Tiempo de lectura\" \/>\n\t<meta name=\"twitter:data2\" content=\"4 minutos\" \/>\n<script type=\"application\/ld+json\" class=\"yoast-schema-graph\">{\"@context\":\"https:\/\/schema.org\",\"@graph\":[{\"@type\":\"Article\",\"@id\":\"https:\/\/www.sonoraenequipo.com.mx\/registra-sonora-13-fallecimientos-mas-por-covid-19-y-144-nuevos-casos-de-la-enfermedad\/#article\",\"isPartOf\":{\"@id\":\"https:\/\/www.sonoraenequipo.com.mx\/registra-sonora-13-fallecimientos-mas-por-covid-19-y-144-nuevos-casos-de-la-enfermedad\/\"},\"author\":{\"name\":\"enequipo\",\"@id\":\"https:\/\/www.sonoraenequipo.com.mx\/#\/schema\/person\/50102df0fb23a8fa9e8effad8fa81386\"},\"headline\":\"Registra Sonora 13 fallecimientos m\u00e1s por COVID-19 y 144 nuevos casos de la enfermedad\",\"datePublished\":\"2021-03-06T06:55:49+00:00\",\"dateModified\":\"2021-03-06T19:08:50+00:00\",\"mainEntityOfPage\":{\"@id\":\"https:\/\/www.sonoraenequipo.com.mx\/registra-sonora-13-fallecimientos-mas-por-covid-19-y-144-nuevos-casos-de-la-enfermedad\/\"},\"wordCount\":730,\"commentCount\":0,\"publisher\":{\"@id\":\"https:\/\/www.sonoraenequipo.com.mx\/#organization\"},\"image\":{\"@id\":\"https:\/\/www.sonoraenequipo.com.mx\/registra-sonora-13-fallecimientos-mas-por-covid-19-y-144-nuevos-casos-de-la-enfermedad\/#primaryimage\"},\"thumbnailUrl\":\"https:\/\/www.sonoraenequipo.com.mx\/storage\/2021\/03\/covid-190603-2_opt.jpg\",\"articleSection\":[\"Sonora\"],\"inLanguage\":\"es\",\"potentialAction\":[{\"@type\":\"CommentAction\",\"name\":\"Comment\",\"target\":[\"https:\/\/www.sonoraenequipo.com.mx\/registra-sonora-13-fallecimientos-mas-por-covid-19-y-144-nuevos-casos-de-la-enfermedad\/#respond\"]}]},{\"@type\":\"WebPage\",\"@id\":\"https:\/\/www.sonoraenequipo.com.mx\/registra-sonora-13-fallecimientos-mas-por-covid-19-y-144-nuevos-casos-de-la-enfermedad\/\",\"url\":\"https:\/\/www.sonoraenequipo.com.mx\/registra-sonora-13-fallecimientos-mas-por-covid-19-y-144-nuevos-casos-de-la-enfermedad\/\",\"name\":\"Sonora en Equipo. Registra Sonora 13 fallecimientos m\u00e1s por COVID-19 y 144 nuevos casos de la enfermedad Sonora\",\"isPartOf\":{\"@id\":\"https:\/\/www.sonoraenequipo.com.mx\/#website\"},\"primaryImageOfPage\":{\"@id\":\"https:\/\/www.sonoraenequipo.com.mx\/registra-sonora-13-fallecimientos-mas-por-covid-19-y-144-nuevos-casos-de-la-enfermedad\/#primaryimage\"},\"image\":{\"@id\":\"https:\/\/www.sonoraenequipo.com.mx\/registra-sonora-13-fallecimientos-mas-por-covid-19-y-144-nuevos-casos-de-la-enfermedad\/#primaryimage\"},\"thumbnailUrl\":\"https:\/\/www.sonoraenequipo.com.mx\/storage\/2021\/03\/covid-190603-2_opt.jpg\",\"datePublished\":\"2021-03-06T06:55:49+00:00\",\"dateModified\":\"2021-03-06T19:08:50+00:00\",\"description\":\"HERMOSILLO, SONORA. MX. \u2014\u00a0 La Secretar\u00eda de Salud en Sonora dio a conocer que este d\u00eda se registraron 13 decesos m\u00e1s por COVID-19 y se confirmaron 144 En Sonora en Equipo publicamos toda la informaci\u00f3n de Sonora, M\u00e9xico y el Mundo de manera oportuna y busca que la libertad de expresi\u00f3n sea real. Visita nuestro medio informativo publicado desde Hermosillo, Sonora. %\",\"breadcrumb\":{\"@id\":\"https:\/\/www.sonoraenequipo.com.mx\/registra-sonora-13-fallecimientos-mas-por-covid-19-y-144-nuevos-casos-de-la-enfermedad\/#breadcrumb\"},\"inLanguage\":\"es\",\"potentialAction\":[{\"@type\":\"ReadAction\",\"target\":[\"https:\/\/www.sonoraenequipo.com.mx\/registra-sonora-13-fallecimientos-mas-por-covid-19-y-144-nuevos-casos-de-la-enfermedad\/\"]}]},{\"@type\":\"ImageObject\",\"inLanguage\":\"es\",\"@id\":\"https:\/\/www.sonoraenequipo.com.mx\/registra-sonora-13-fallecimientos-mas-por-covid-19-y-144-nuevos-casos-de-la-enfermedad\/#primaryimage\",\"url\":\"https:\/\/www.sonoraenequipo.com.mx\/storage\/2021\/03\/covid-190603-2_opt.jpg\",\"contentUrl\":\"https:\/\/www.sonoraenequipo.com.mx\/storage\/2021\/03\/covid-190603-2_opt.jpg\",\"width\":801,\"height\":450},{\"@type\":\"BreadcrumbList\",\"@id\":\"https:\/\/www.sonoraenequipo.com.mx\/registra-sonora-13-fallecimientos-mas-por-covid-19-y-144-nuevos-casos-de-la-enfermedad\/#breadcrumb\",\"itemListElement\":[{\"@type\":\"ListItem\",\"position\":1,\"name\":\"Portada\",\"item\":\"https:\/\/www.sonoraenequipo.com.mx\/\"},{\"@type\":\"ListItem\",\"position\":2,\"name\":\"Registra Sonora 13 fallecimientos m\u00e1s por COVID-19 y 144 nuevos casos de la enfermedad\"}]},{\"@type\":\"WebSite\",\"@id\":\"https:\/\/www.sonoraenequipo.com.mx\/#website\",\"url\":\"https:\/\/www.sonoraenequipo.com.mx\/\",\"name\":\"Sonora en Equipo.\",\"description\":\"Diario en l\u00ednea con Noticias desde Hermosillo, Sonora\",\"publisher\":{\"@id\":\"https:\/\/www.sonoraenequipo.com.mx\/#organization\"},\"potentialAction\":[{\"@type\":\"SearchAction\",\"target\":{\"@type\":\"EntryPoint\",\"urlTemplate\":\"https:\/\/www.sonoraenequipo.com.mx\/?s={search_term_string}\"},\"query-input\":{\"@type\":\"PropertyValueSpecification\",\"valueRequired\":true,\"valueName\":\"search_term_string\"}}],\"inLanguage\":\"es\"},{\"@type\":\"Organization\",\"@id\":\"https:\/\/www.sonoraenequipo.com.mx\/#organization\",\"name\":\"Sonoraenequipo.com.mx\",\"url\":\"https:\/\/www.sonoraenequipo.com.mx\/\",\"logo\":{\"@type\":\"ImageObject\",\"inLanguage\":\"es\",\"@id\":\"https:\/\/www.sonoraenequipo.com.mx\/#\/schema\/logo\/image\/\",\"url\":\"https:\/\/www.sonoraenequipo.com.mx\/storage\/2019\/01\/sonoraenequipo_opt.png\",\"contentUrl\":\"https:\/\/www.sonoraenequipo.com.mx\/storage\/2019\/01\/sonoraenequipo_opt.png\",\"width\":375,\"height\":125,\"caption\":\"Sonoraenequipo.com.mx\"},\"image\":{\"@id\":\"https:\/\/www.sonoraenequipo.com.mx\/#\/schema\/logo\/image\/\"},\"sameAs\":[\"https:\/\/www.facebook.com\/SonoraEE\/\",\"https:\/\/x.com\/sonoraenequipo\",\"https:\/\/www.youtube.com\/channel\/UC338nW-lPEYmJQs4ZABQ1SQ\"]},{\"@type\":\"Person\",\"@id\":\"https:\/\/www.sonoraenequipo.com.mx\/#\/schema\/person\/50102df0fb23a8fa9e8effad8fa81386\",\"name\":\"enequipo\",\"image\":{\"@type\":\"ImageObject\",\"inLanguage\":\"es\",\"@id\":\"https:\/\/www.sonoraenequipo.com.mx\/#\/schema\/person\/image\/\",\"url\":\"https:\/\/secure.gravatar.com\/avatar\/049821681b589dabc0bc20695993ccebb09f5b5d4d790cd9251b97faac7c652b?s=96&d=blank&r=g\",\"contentUrl\":\"https:\/\/secure.gravatar.com\/avatar\/049821681b589dabc0bc20695993ccebb09f5b5d4d790cd9251b97faac7c652b?s=96&d=blank&r=g\",\"caption\":\"enequipo\"},\"sameAs\":[\"https:\/\/www.facebook.com\/SonoraEE\"]}]}<\/script>\n ","yoast_head_json":{"title":"Sonora en Equipo. Registra Sonora 13 fallecimientos m\u00e1s por COVID-19 y 144 nuevos casos de la enfermedad Sonora","description":"HERMOSILLO, SONORA. MX. \u2014\u00a0 La Secretar\u00eda de Salud en Sonora dio a conocer que este d\u00eda se registraron 13 decesos m\u00e1s por COVID-19 y se confirmaron 144 En Sonora en Equipo publicamos toda la informaci\u00f3n de Sonora, M\u00e9xico y el Mundo de manera oportuna y busca que la libertad de expresi\u00f3n sea real. Visita nuestro medio informativo publicado desde Hermosillo, Sonora. %","robots":{"index":"index","follow":"follow","max-snippet":"max-snippet:-1","max-image-preview":"max-image-preview:large","max-video-preview":"max-video-preview:-1"},"canonical":"https:\/\/www.sonoraenequipo.com.mx\/registra-sonora-13-fallecimientos-mas-por-covid-19-y-144-nuevos-casos-de-la-enfermedad\/","og_locale":"es_ES","og_type":"article","og_title":"Sonora en Equipo. Registra Sonora 13 fallecimientos m\u00e1s por COVID-19 y 144 nuevos casos de la enfermedad Sonora","og_description":"HERMOSILLO, SONORA. MX. \u2014\u00a0 La Secretar\u00eda de Salud en Sonora dio a conocer que este d\u00eda se registraron 13 decesos m\u00e1s por COVID-19 y se confirmaron 144 En Sonora en Equipo publicamos toda la informaci\u00f3n de Sonora, M\u00e9xico y el Mundo de manera oportuna y busca que la libertad de expresi\u00f3n sea real. Visita nuestro medio informativo publicado desde Hermosillo, Sonora. %","og_url":"https:\/\/www.sonoraenequipo.com.mx\/registra-sonora-13-fallecimientos-mas-por-covid-19-y-144-nuevos-casos-de-la-enfermedad\/","og_site_name":"Sonora en Equipo.","article_publisher":"https:\/\/www.facebook.com\/SonoraEE\/","article_author":"https:\/\/www.facebook.com\/SonoraEE","article_published_time":"2021-03-06T06:55:49+00:00","article_modified_time":"2021-03-06T19:08:50+00:00","og_image":[{"width":801,"height":450,"url":"https:\/\/www.sonoraenequipo.com.mx\/storage\/2021\/03\/covid-190603-2_opt.jpg","type":"image\/jpeg"}],"author":"enequipo","twitter_card":"summary_large_image","twitter_creator":"@sonoraenequipo","twitter_site":"@sonoraenequipo","twitter_misc":{"Escrito por":"enequipo","Tiempo de lectura":"4 minutos"},"schema":{"@context":"https:\/\/schema.org","@graph":[{"@type":"Article","@id":"https:\/\/www.sonoraenequipo.com.mx\/registra-sonora-13-fallecimientos-mas-por-covid-19-y-144-nuevos-casos-de-la-enfermedad\/#article","isPartOf":{"@id":"https:\/\/www.sonoraenequipo.com.mx\/registra-sonora-13-fallecimientos-mas-por-covid-19-y-144-nuevos-casos-de-la-enfermedad\/"},"author":{"name":"enequipo","@id":"https:\/\/www.sonoraenequipo.com.mx\/#\/schema\/person\/50102df0fb23a8fa9e8effad8fa81386"},"headline":"Registra Sonora 13 fallecimientos m\u00e1s por COVID-19 y 144 nuevos casos de la enfermedad","datePublished":"2021-03-06T06:55:49+00:00","dateModified":"2021-03-06T19:08:50+00:00","mainEntityOfPage":{"@id":"https:\/\/www.sonoraenequipo.com.mx\/registra-sonora-13-fallecimientos-mas-por-covid-19-y-144-nuevos-casos-de-la-enfermedad\/"},"wordCount":730,"commentCount":0,"publisher":{"@id":"https:\/\/www.sonoraenequipo.com.mx\/#organization"},"image":{"@id":"https:\/\/www.sonoraenequipo.com.mx\/registra-sonora-13-fallecimientos-mas-por-covid-19-y-144-nuevos-casos-de-la-enfermedad\/#primaryimage"},"thumbnailUrl":"https:\/\/www.sonoraenequipo.com.mx\/storage\/2021\/03\/covid-190603-2_opt.jpg","articleSection":["Sonora"],"inLanguage":"es","potentialAction":[{"@type":"CommentAction","name":"Comment","target":["https:\/\/www.sonoraenequipo.com.mx\/registra-sonora-13-fallecimientos-mas-por-covid-19-y-144-nuevos-casos-de-la-enfermedad\/#respond"]}]},{"@type":"WebPage","@id":"https:\/\/www.sonoraenequipo.com.mx\/registra-sonora-13-fallecimientos-mas-por-covid-19-y-144-nuevos-casos-de-la-enfermedad\/","url":"https:\/\/www.sonoraenequipo.com.mx\/registra-sonora-13-fallecimientos-mas-por-covid-19-y-144-nuevos-casos-de-la-enfermedad\/","name":"Sonora en Equipo. Registra Sonora 13 fallecimientos m\u00e1s por COVID-19 y 144 nuevos casos de la enfermedad Sonora","isPartOf":{"@id":"https:\/\/www.sonoraenequipo.com.mx\/#website"},"primaryImageOfPage":{"@id":"https:\/\/www.sonoraenequipo.com.mx\/registra-sonora-13-fallecimientos-mas-por-covid-19-y-144-nuevos-casos-de-la-enfermedad\/#primaryimage"},"image":{"@id":"https:\/\/www.sonoraenequipo.com.mx\/registra-sonora-13-fallecimientos-mas-por-covid-19-y-144-nuevos-casos-de-la-enfermedad\/#primaryimage"},"thumbnailUrl":"https:\/\/www.sonoraenequipo.com.mx\/storage\/2021\/03\/covid-190603-2_opt.jpg","datePublished":"2021-03-06T06:55:49+00:00","dateModified":"2021-03-06T19:08:50+00:00","description":"HERMOSILLO, SONORA. MX. \u2014\u00a0 La Secretar\u00eda de Salud en Sonora dio a conocer que este d\u00eda se registraron 13 decesos m\u00e1s por COVID-19 y se confirmaron 144 En Sonora en Equipo publicamos toda la informaci\u00f3n de Sonora, M\u00e9xico y el Mundo de manera oportuna y busca que la libertad de expresi\u00f3n sea real. Visita nuestro medio informativo publicado desde Hermosillo, Sonora. %","breadcrumb":{"@id":"https:\/\/www.sonoraenequipo.com.mx\/registra-sonora-13-fallecimientos-mas-por-covid-19-y-144-nuevos-casos-de-la-enfermedad\/#breadcrumb"},"inLanguage":"es","potentialAction":[{"@type":"ReadAction","target":["https:\/\/www.sonoraenequipo.com.mx\/registra-sonora-13-fallecimientos-mas-por-covid-19-y-144-nuevos-casos-de-la-enfermedad\/"]}]},{"@type":"ImageObject","inLanguage":"es","@id":"https:\/\/www.sonoraenequipo.com.mx\/registra-sonora-13-fallecimientos-mas-por-covid-19-y-144-nuevos-casos-de-la-enfermedad\/#primaryimage","url":"https:\/\/www.sonoraenequipo.com.mx\/storage\/2021\/03\/covid-190603-2_opt.jpg","contentUrl":"https:\/\/www.sonoraenequipo.com.mx\/storage\/2021\/03\/covid-190603-2_opt.jpg","width":801,"height":450},{"@type":"BreadcrumbList","@id":"https:\/\/www.sonoraenequipo.com.mx\/registra-sonora-13-fallecimientos-mas-por-covid-19-y-144-nuevos-casos-de-la-enfermedad\/#breadcrumb","itemListElement":[{"@type":"ListItem","position":1,"name":"Portada","item":"https:\/\/www.sonoraenequipo.com.mx\/"},{"@type":"ListItem","position":2,"name":"Registra Sonora 13 fallecimientos m\u00e1s por COVID-19 y 144 nuevos casos de la enfermedad"}]},{"@type":"WebSite","@id":"https:\/\/www.sonoraenequipo.com.mx\/#website","url":"https:\/\/www.sonoraenequipo.com.mx\/","name":"Sonora en Equipo.","description":"Diario en l\u00ednea con Noticias desde Hermosillo, Sonora","publisher":{"@id":"https:\/\/www.sonoraenequipo.com.mx\/#organization"},"potentialAction":[{"@type":"SearchAction","target":{"@type":"EntryPoint","urlTemplate":"https:\/\/www.sonoraenequipo.com.mx\/?s={search_term_string}"},"query-input":{"@type":"PropertyValueSpecification","valueRequired":true,"valueName":"search_term_string"}}],"inLanguage":"es"},{"@type":"Organization","@id":"https:\/\/www.sonoraenequipo.com.mx\/#organization","name":"Sonoraenequipo.com.mx","url":"https:\/\/www.sonoraenequipo.com.mx\/","logo":{"@type":"ImageObject","inLanguage":"es","@id":"https:\/\/www.sonoraenequipo.com.mx\/#\/schema\/logo\/image\/","url":"https:\/\/www.sonoraenequipo.com.mx\/storage\/2019\/01\/sonoraenequipo_opt.png","contentUrl":"https:\/\/www.sonoraenequipo.com.mx\/storage\/2019\/01\/sonoraenequipo_opt.png","width":375,"height":125,"caption":"Sonoraenequipo.com.mx"},"image":{"@id":"https:\/\/www.sonoraenequipo.com.mx\/#\/schema\/logo\/image\/"},"sameAs":["https:\/\/www.facebook.com\/SonoraEE\/","https:\/\/x.com\/sonoraenequipo","https:\/\/www.youtube.com\/channel\/UC338nW-lPEYmJQs4ZABQ1SQ"]},{"@type":"Person","@id":"https:\/\/www.sonoraenequipo.com.mx\/#\/schema\/person\/50102df0fb23a8fa9e8effad8fa81386","name":"enequipo","image":{"@type":"ImageObject","inLanguage":"es","@id":"https:\/\/www.sonoraenequipo.com.mx\/#\/schema\/person\/image\/","url":"https:\/\/secure.gravatar.com\/avatar\/049821681b589dabc0bc20695993ccebb09f5b5d4d790cd9251b97faac7c652b?s=96&d=blank&r=g","contentUrl":"https:\/\/secure.gravatar.com\/avatar\/049821681b589dabc0bc20695993ccebb09f5b5d4d790cd9251b97faac7c652b?s=96&d=blank&r=g","caption":"enequipo"},"sameAs":["https:\/\/www.facebook.com\/SonoraEE"]}]}},"jetpack_featured_media_url":"https:\/\/www.sonoraenequipo.com.mx\/storage\/2021\/03\/covid-190603-2_opt.jpg","_links":{"self":[{"href":"https:\/\/www.sonoraenequipo.com.mx\/api\/wp\/v2\/posts\/108438","targetHints":{"allow":["GET"]}}],"collection":[{"href":"https:\/\/www.sonoraenequipo.com.mx\/api\/wp\/v2\/posts"}],"about":[{"href":"https:\/\/www.sonoraenequipo.com.mx\/api\/wp\/v2\/types\/post"}],"author":[{"embeddable":true,"href":"https:\/\/www.sonoraenequipo.com.mx\/api\/wp\/v2\/users\/1"}],"replies":[{"embeddable":true,"href":"https:\/\/www.sonoraenequipo.com.mx\/api\/wp\/v2\/comments?post=108438"}],"version-history":[{"count":1,"href":"https:\/\/www.sonoraenequipo.com.mx\/api\/wp\/v2\/posts\/108438\/revisions"}],"predecessor-version":[{"id":108444,"href":"https:\/\/www.sonoraenequipo.com.mx\/api\/wp\/v2\/posts\/108438\/revisions\/108444"}],"wp:featuredmedia":[{"embeddable":true,"href":"https:\/\/www.sonoraenequipo.com.mx\/api\/wp\/v2\/media\/108441"}],"wp:attachment":[{"href":"https:\/\/www.sonoraenequipo.com.mx\/api\/wp\/v2\/media?parent=108438"}],"wp:term":[{"taxonomy":"category","embeddable":true,"href":"https:\/\/www.sonoraenequipo.com.mx\/api\/wp\/v2\/categories?post=108438"},{"taxonomy":"post_tag","embeddable":true,"href":"https:\/\/www.sonoraenequipo.com.mx\/api\/wp\/v2\/tags?post=108438"}],"curies":[{"name":"wp","href":"https:\/\/api.w.org\/{rel}","templated":true}]}}