{"id":109198,"date":"2021-03-15T18:28:13","date_gmt":"2021-03-16T01:28:13","guid":{"rendered":"https:\/\/www.sonoraenequipo.com.mx\/?p=109198"},"modified":"2021-03-15T18:28:52","modified_gmt":"2021-03-16T01:28:52","slug":"desapariciones-en-sonora-una-problematica-compleja-que-debe-cambiar-dice-investigadora-de-el-colson","status":"publish","type":"post","link":"https:\/\/www.sonoraenequipo.com.mx\/desapariciones-en-sonora-una-problematica-compleja-que-debe-cambiar-dice-investigadora-de-el-colson\/","title":{"rendered":"Desapariciones en Sonora una problem\u00e1tica compleja que debe cambiar:  dice investigadora de el Colson"},"content":{"rendered":"<p>HERMOSILLO, SONORA,MX.\u2500\u2500 \u201cLas desapariciones se han convertido en pocos a\u00f1os en un drama humano en Sonora, y todos los cuerpos que se est\u00e1n encontrando nos est\u00e1n revelando una problem\u00e1tica que estuvo oculta durante muchos a\u00f1os pero que ya no se puede negar\u201d, se\u00f1al\u00f3 la doctora Mercedes Z\u00fa\u00f1iga Elizalde.<\/p>\n<p><img loading=\"lazy\" decoding=\"async\" class=\"size-full  x-left\" src=\"https:\/\/www.sonoraenequipo.com.mx\/storage\/2021\/03\/mercedes-zuniga.jpg\" alt=\"\" width=\"250\" height=\"250\" \/>La especialista en el tema de violencia contra las mujeres, mencion\u00f3 que son principalmente mujeres j\u00f3venes quienes han resultado v\u00edctimas de este delito como consecuencia del agravamiento de la violencia en el pa\u00eds, el cual tiene causas m\u00e1s profundas que solo el crimen organizado y las familias que se han involucrado en estos grupos delictivos.<\/p>\n<p>&nbsp;<\/p>\n<p>&nbsp;<\/p>\n<p>&nbsp;<\/p>\n<p>Agreg\u00f3 que es un hecho que los hombres tambi\u00e9n son desaparecidos, sin embargo, la problem\u00e1tica no es la misma detr\u00e1s de este asunto, la cual se requiere analizar y revisar a detalle e incorporarse de manera firme en la agenda pol\u00edtica, en la cual hasta ahora ha sido ignorado.<\/p>\n<p>&nbsp;<\/p>\n<p>&nbsp;<\/p>\n<p>&nbsp;<\/p>\n<p>\u201cEn el caso de las mujeres habr\u00eda que descubrir qu\u00e9 es lo que est\u00e1 detr\u00e1s, es muy f\u00e1cil decir que es un problema de criminalidad pero hay problem\u00e1ticas mucho m\u00e1s graves por revisar, analizar, y que los pol\u00edticos tienen que incorporar de manera decidida y permanente en su agenda, no he escuchado a nadie que tenga una postura firme al respecto\u201d, dijo.<\/p>\n<p>&nbsp;<\/p>\n<p>&nbsp;<\/p>\n<p>&nbsp;<\/p>\n<p>La profesora-investigadora de El Colegio de Sonora destac\u00f3 que durante la pandemia, adem\u00e1s de la violencia de g\u00e9nero, las responsabilidades que hist\u00f3ricamente se asignan a mujeres han resurgido como lo es el trabajo de cuidados, y frente al desempleo, buscar el trabajo informal, lo cual ha incrementado las dificultades para sobrellevar este periodo de contingencia sanitaria.<\/p>\n<p>&nbsp;<\/p>\n<p>&nbsp;<\/p>\n<p>&nbsp;<\/p>\n<p>Expuso que hacen faltan voces comprometidas realmente, que tengan amplio conocimiento y sensibilidad, adem\u00e1s de empat\u00eda con las demandas del movimiento feminista, y que est\u00e9n dispuestas a emprender todo un trabajo desde abajo y llevarlo hasta las \u00faltimas consecuencias.<\/p>\n<p>&nbsp;<\/p>\n<p>&nbsp;<\/p>\n<p>&nbsp;<\/p>\n<p>\u201cQue no est\u00e9n supeditados a los compromisos partitarios o a otro tipo de intereses, eso es lo que falta, pol\u00edticos y pol\u00edticas, eso es lo que estamos esperando las mujeres, que esos candidatos y candidatas en el proceso electoral, se comprometan y ofrezcan una pol\u00edtica que aporte a solucionar este gran problema\u201d, sostuvo.<\/p>\n<p>&nbsp;<\/p>\n<p>&nbsp;<\/p>\n<p>&nbsp;<\/p>\n<p>El reconocimiento de los derechos de la mujer es una obligaci\u00f3n que debe abordarse desde la cultura, y que debe cambiar la manera en que se relacionan las y los sujetos en todos los \u00e1mbitos y no en el sentido del deber ser, tanto de hombres como de las mujeres, para vivir en igualdad y equidad, finaliz\u00f3.<\/p>\n<p>&nbsp;<\/p>\n<p>Fecha de publicaci\u00f3n\u00a0 lunes 15\u00a0 \/marzo\/2021<\/p>\n<p>&nbsp;<\/p>\n<p>&nbsp;<\/p>\n","protected":false},"excerpt":{"rendered":"<p>HERMOSILLO, SONORA,MX.\u2500\u2500 \u201cLas desapariciones se han convertido en pocos a\u00f1os en un drama humano en&#8230;<\/p>\n","protected":false},"author":1,"featured_media":94768,"comment_status":"open","ping_status":"open","sticky":false,"template":"","format":"standard","meta":{"_monsterinsights_skip_tracking":false,"_monsterinsights_sitenote_active":false,"_monsterinsights_sitenote_note":"","_monsterinsights_sitenote_category":0,"footnotes":""},"categories":[22],"tags":[1256],"class_list":["post"],"yoast_head":" \n<title>Sonora en Equipo. Desapariciones en Sonora una problem\u00e1tica compleja que debe cambiar: dice investigadora de el Colson Sonora<\/title>\n<meta name=\"description\" content=\"HERMOSILLO, SONORA,MX.\u2500\u2500 \u201cLas desapariciones se han convertido en pocos a\u00f1os en un drama humano en Sonora, y todos los cuerpos que se est\u00e1n encontrando En Sonora en Equipo publicamos toda la informaci\u00f3n de Sonora, M\u00e9xico y el Mundo de manera oportuna y busca que la libertad de expresi\u00f3n sea real. Visita nuestro medio informativo publicado desde Hermosillo, Sonora. %\" \/>\n<meta name=\"robots\" content=\"index, follow, max-snippet:-1, max-image-preview:large, max-video-preview:-1\" \/>\n<link rel=\"canonical\" href=\"https:\/\/www.sonoraenequipo.com.mx\/desapariciones-en-sonora-una-problematica-compleja-que-debe-cambiar-dice-investigadora-de-el-colson\/\" \/>\n<meta property=\"og:locale\" content=\"es_ES\" \/>\n<meta property=\"og:type\" content=\"article\" \/>\n<meta property=\"og:title\" content=\"Sonora en Equipo. Desapariciones en Sonora una problem\u00e1tica compleja que debe cambiar: dice investigadora de el Colson Sonora\" \/>\n<meta property=\"og:description\" content=\"HERMOSILLO, SONORA,MX.\u2500\u2500 \u201cLas desapariciones se han convertido en pocos a\u00f1os en un drama humano en Sonora, y todos los cuerpos que se est\u00e1n encontrando En Sonora en Equipo publicamos toda la informaci\u00f3n de Sonora, M\u00e9xico y el Mundo de manera oportuna y busca que la libertad de expresi\u00f3n sea real. Visita nuestro medio informativo publicado desde Hermosillo, Sonora. %\" \/>\n<meta property=\"og:url\" content=\"https:\/\/www.sonoraenequipo.com.mx\/desapariciones-en-sonora-una-problematica-compleja-que-debe-cambiar-dice-investigadora-de-el-colson\/\" \/>\n<meta property=\"og:site_name\" content=\"Sonora en Equipo.\" \/>\n<meta property=\"article:publisher\" content=\"https:\/\/www.facebook.com\/SonoraEE\/\" \/>\n<meta property=\"article:author\" content=\"https:\/\/www.facebook.com\/SonoraEE\" \/>\n<meta property=\"article:published_time\" content=\"2021-03-16T01:28:13+00:00\" \/>\n<meta property=\"article:modified_time\" content=\"2021-03-16T01:28:52+00:00\" \/>\n<meta property=\"og:image\" content=\"https:\/\/www.sonoraenequipo.com.mx\/storage\/2020\/09\/restos-oseos-pco080920.jpg\" \/>\n\t<meta property=\"og:image:width\" content=\"600\" \/>\n\t<meta property=\"og:image:height\" content=\"400\" \/>\n\t<meta property=\"og:image:type\" content=\"image\/jpeg\" \/>\n<meta name=\"author\" content=\"enequipo\" \/>\n<meta name=\"twitter:card\" content=\"summary_large_image\" \/>\n<meta name=\"twitter:creator\" content=\"@sonoraenequipo\" \/>\n<meta name=\"twitter:site\" content=\"@sonoraenequipo\" \/>\n<meta name=\"twitter:label1\" content=\"Escrito por\" \/>\n\t<meta name=\"twitter:data1\" content=\"enequipo\" \/>\n\t<meta name=\"twitter:label2\" content=\"Tiempo de lectura\" \/>\n\t<meta name=\"twitter:data2\" content=\"3 minutos\" \/>\n<script type=\"application\/ld+json\" class=\"yoast-schema-graph\">{\"@context\":\"https:\/\/schema.org\",\"@graph\":[{\"@type\":\"Article\",\"@id\":\"https:\/\/www.sonoraenequipo.com.mx\/desapariciones-en-sonora-una-problematica-compleja-que-debe-cambiar-dice-investigadora-de-el-colson\/#article\",\"isPartOf\":{\"@id\":\"https:\/\/www.sonoraenequipo.com.mx\/desapariciones-en-sonora-una-problematica-compleja-que-debe-cambiar-dice-investigadora-de-el-colson\/\"},\"author\":{\"name\":\"enequipo\",\"@id\":\"https:\/\/www.sonoraenequipo.com.mx\/#\/schema\/person\/50102df0fb23a8fa9e8effad8fa81386\"},\"headline\":\"Desapariciones en Sonora una problem\u00e1tica compleja que debe cambiar: dice investigadora de el Colson\",\"datePublished\":\"2021-03-16T01:28:13+00:00\",\"dateModified\":\"2021-03-16T01:28:52+00:00\",\"mainEntityOfPage\":{\"@id\":\"https:\/\/www.sonoraenequipo.com.mx\/desapariciones-en-sonora-una-problematica-compleja-que-debe-cambiar-dice-investigadora-de-el-colson\/\"},\"wordCount\":494,\"commentCount\":0,\"publisher\":{\"@id\":\"https:\/\/www.sonoraenequipo.com.mx\/#organization\"},\"image\":{\"@id\":\"https:\/\/www.sonoraenequipo.com.mx\/desapariciones-en-sonora-una-problematica-compleja-que-debe-cambiar-dice-investigadora-de-el-colson\/#primaryimage\"},\"thumbnailUrl\":\"https:\/\/www.sonoraenequipo.com.mx\/storage\/2020\/09\/restos-oseos-pco080920.jpg\",\"keywords\":[\"desapariciones forzadas\"],\"articleSection\":[\"Sonora\"],\"inLanguage\":\"es\",\"potentialAction\":[{\"@type\":\"CommentAction\",\"name\":\"Comment\",\"target\":[\"https:\/\/www.sonoraenequipo.com.mx\/desapariciones-en-sonora-una-problematica-compleja-que-debe-cambiar-dice-investigadora-de-el-colson\/#respond\"]}]},{\"@type\":\"WebPage\",\"@id\":\"https:\/\/www.sonoraenequipo.com.mx\/desapariciones-en-sonora-una-problematica-compleja-que-debe-cambiar-dice-investigadora-de-el-colson\/\",\"url\":\"https:\/\/www.sonoraenequipo.com.mx\/desapariciones-en-sonora-una-problematica-compleja-que-debe-cambiar-dice-investigadora-de-el-colson\/\",\"name\":\"Sonora en Equipo. Desapariciones en Sonora una problem\u00e1tica compleja que debe cambiar: dice investigadora de el Colson Sonora\",\"isPartOf\":{\"@id\":\"https:\/\/www.sonoraenequipo.com.mx\/#website\"},\"primaryImageOfPage\":{\"@id\":\"https:\/\/www.sonoraenequipo.com.mx\/desapariciones-en-sonora-una-problematica-compleja-que-debe-cambiar-dice-investigadora-de-el-colson\/#primaryimage\"},\"image\":{\"@id\":\"https:\/\/www.sonoraenequipo.com.mx\/desapariciones-en-sonora-una-problematica-compleja-que-debe-cambiar-dice-investigadora-de-el-colson\/#primaryimage\"},\"thumbnailUrl\":\"https:\/\/www.sonoraenequipo.com.mx\/storage\/2020\/09\/restos-oseos-pco080920.jpg\",\"datePublished\":\"2021-03-16T01:28:13+00:00\",\"dateModified\":\"2021-03-16T01:28:52+00:00\",\"description\":\"HERMOSILLO, SONORA,MX.\u2500\u2500 \u201cLas desapariciones se han convertido en pocos a\u00f1os en un drama humano en Sonora, y todos los cuerpos que se est\u00e1n encontrando En Sonora en Equipo publicamos toda la informaci\u00f3n de Sonora, M\u00e9xico y el Mundo de manera oportuna y busca que la libertad de expresi\u00f3n sea real. Visita nuestro medio informativo publicado desde Hermosillo, Sonora. %\",\"breadcrumb\":{\"@id\":\"https:\/\/www.sonoraenequipo.com.mx\/desapariciones-en-sonora-una-problematica-compleja-que-debe-cambiar-dice-investigadora-de-el-colson\/#breadcrumb\"},\"inLanguage\":\"es\",\"potentialAction\":[{\"@type\":\"ReadAction\",\"target\":[\"https:\/\/www.sonoraenequipo.com.mx\/desapariciones-en-sonora-una-problematica-compleja-que-debe-cambiar-dice-investigadora-de-el-colson\/\"]}]},{\"@type\":\"ImageObject\",\"inLanguage\":\"es\",\"@id\":\"https:\/\/www.sonoraenequipo.com.mx\/desapariciones-en-sonora-una-problematica-compleja-que-debe-cambiar-dice-investigadora-de-el-colson\/#primaryimage\",\"url\":\"https:\/\/www.sonoraenequipo.com.mx\/storage\/2020\/09\/restos-oseos-pco080920.jpg\",\"contentUrl\":\"https:\/\/www.sonoraenequipo.com.mx\/storage\/2020\/09\/restos-oseos-pco080920.jpg\",\"width\":600,\"height\":400,\"caption\":\"imagen de archivo restos \u00f3seos localizados en Puerto Pe\u00f1asco\"},{\"@type\":\"BreadcrumbList\",\"@id\":\"https:\/\/www.sonoraenequipo.com.mx\/desapariciones-en-sonora-una-problematica-compleja-que-debe-cambiar-dice-investigadora-de-el-colson\/#breadcrumb\",\"itemListElement\":[{\"@type\":\"ListItem\",\"position\":1,\"name\":\"Portada\",\"item\":\"https:\/\/www.sonoraenequipo.com.mx\/\"},{\"@type\":\"ListItem\",\"position\":2,\"name\":\"Desapariciones en Sonora una problem\u00e1tica compleja que debe cambiar: dice investigadora de el Colson\"}]},{\"@type\":\"WebSite\",\"@id\":\"https:\/\/www.sonoraenequipo.com.mx\/#website\",\"url\":\"https:\/\/www.sonoraenequipo.com.mx\/\",\"name\":\"Sonora en Equipo.\",\"description\":\"Diario en l\u00ednea con Noticias desde Hermosillo, Sonora\",\"publisher\":{\"@id\":\"https:\/\/www.sonoraenequipo.com.mx\/#organization\"},\"potentialAction\":[{\"@type\":\"SearchAction\",\"target\":{\"@type\":\"EntryPoint\",\"urlTemplate\":\"https:\/\/www.sonoraenequipo.com.mx\/?s={search_term_string}\"},\"query-input\":{\"@type\":\"PropertyValueSpecification\",\"valueRequired\":true,\"valueName\":\"search_term_string\"}}],\"inLanguage\":\"es\"},{\"@type\":\"Organization\",\"@id\":\"https:\/\/www.sonoraenequipo.com.mx\/#organization\",\"name\":\"Sonoraenequipo.com.mx\",\"url\":\"https:\/\/www.sonoraenequipo.com.mx\/\",\"logo\":{\"@type\":\"ImageObject\",\"inLanguage\":\"es\",\"@id\":\"https:\/\/www.sonoraenequipo.com.mx\/#\/schema\/logo\/image\/\",\"url\":\"https:\/\/www.sonoraenequipo.com.mx\/storage\/2019\/01\/sonoraenequipo_opt.png\",\"contentUrl\":\"https:\/\/www.sonoraenequipo.com.mx\/storage\/2019\/01\/sonoraenequipo_opt.png\",\"width\":375,\"height\":125,\"caption\":\"Sonoraenequipo.com.mx\"},\"image\":{\"@id\":\"https:\/\/www.sonoraenequipo.com.mx\/#\/schema\/logo\/image\/\"},\"sameAs\":[\"https:\/\/www.facebook.com\/SonoraEE\/\",\"https:\/\/x.com\/sonoraenequipo\",\"https:\/\/www.youtube.com\/channel\/UC338nW-lPEYmJQs4ZABQ1SQ\"]},{\"@type\":\"Person\",\"@id\":\"https:\/\/www.sonoraenequipo.com.mx\/#\/schema\/person\/50102df0fb23a8fa9e8effad8fa81386\",\"name\":\"enequipo\",\"image\":{\"@type\":\"ImageObject\",\"inLanguage\":\"es\",\"@id\":\"https:\/\/www.sonoraenequipo.com.mx\/#\/schema\/person\/image\/\",\"url\":\"https:\/\/secure.gravatar.com\/avatar\/049821681b589dabc0bc20695993ccebb09f5b5d4d790cd9251b97faac7c652b?s=96&d=blank&r=g\",\"contentUrl\":\"https:\/\/secure.gravatar.com\/avatar\/049821681b589dabc0bc20695993ccebb09f5b5d4d790cd9251b97faac7c652b?s=96&d=blank&r=g\",\"caption\":\"enequipo\"},\"sameAs\":[\"https:\/\/www.facebook.com\/SonoraEE\"]}]}<\/script>\n ","yoast_head_json":{"title":"Sonora en Equipo. Desapariciones en Sonora una problem\u00e1tica compleja que debe cambiar: dice investigadora de el Colson Sonora","description":"HERMOSILLO, SONORA,MX.\u2500\u2500 \u201cLas desapariciones se han convertido en pocos a\u00f1os en un drama humano en Sonora, y todos los cuerpos que se est\u00e1n encontrando En Sonora en Equipo publicamos toda la informaci\u00f3n de Sonora, M\u00e9xico y el Mundo de manera oportuna y busca que la libertad de expresi\u00f3n sea real. Visita nuestro medio informativo publicado desde Hermosillo, Sonora. %","robots":{"index":"index","follow":"follow","max-snippet":"max-snippet:-1","max-image-preview":"max-image-preview:large","max-video-preview":"max-video-preview:-1"},"canonical":"https:\/\/www.sonoraenequipo.com.mx\/desapariciones-en-sonora-una-problematica-compleja-que-debe-cambiar-dice-investigadora-de-el-colson\/","og_locale":"es_ES","og_type":"article","og_title":"Sonora en Equipo. Desapariciones en Sonora una problem\u00e1tica compleja que debe cambiar: dice investigadora de el Colson Sonora","og_description":"HERMOSILLO, SONORA,MX.\u2500\u2500 \u201cLas desapariciones se han convertido en pocos a\u00f1os en un drama humano en Sonora, y todos los cuerpos que se est\u00e1n encontrando En Sonora en Equipo publicamos toda la informaci\u00f3n de Sonora, M\u00e9xico y el Mundo de manera oportuna y busca que la libertad de expresi\u00f3n sea real. Visita nuestro medio informativo publicado desde Hermosillo, Sonora. %","og_url":"https:\/\/www.sonoraenequipo.com.mx\/desapariciones-en-sonora-una-problematica-compleja-que-debe-cambiar-dice-investigadora-de-el-colson\/","og_site_name":"Sonora en Equipo.","article_publisher":"https:\/\/www.facebook.com\/SonoraEE\/","article_author":"https:\/\/www.facebook.com\/SonoraEE","article_published_time":"2021-03-16T01:28:13+00:00","article_modified_time":"2021-03-16T01:28:52+00:00","og_image":[{"width":600,"height":400,"url":"https:\/\/www.sonoraenequipo.com.mx\/storage\/2020\/09\/restos-oseos-pco080920.jpg","type":"image\/jpeg"}],"author":"enequipo","twitter_card":"summary_large_image","twitter_creator":"@sonoraenequipo","twitter_site":"@sonoraenequipo","twitter_misc":{"Escrito por":"enequipo","Tiempo de lectura":"3 minutos"},"schema":{"@context":"https:\/\/schema.org","@graph":[{"@type":"Article","@id":"https:\/\/www.sonoraenequipo.com.mx\/desapariciones-en-sonora-una-problematica-compleja-que-debe-cambiar-dice-investigadora-de-el-colson\/#article","isPartOf":{"@id":"https:\/\/www.sonoraenequipo.com.mx\/desapariciones-en-sonora-una-problematica-compleja-que-debe-cambiar-dice-investigadora-de-el-colson\/"},"author":{"name":"enequipo","@id":"https:\/\/www.sonoraenequipo.com.mx\/#\/schema\/person\/50102df0fb23a8fa9e8effad8fa81386"},"headline":"Desapariciones en Sonora una problem\u00e1tica compleja que debe cambiar: dice investigadora de el Colson","datePublished":"2021-03-16T01:28:13+00:00","dateModified":"2021-03-16T01:28:52+00:00","mainEntityOfPage":{"@id":"https:\/\/www.sonoraenequipo.com.mx\/desapariciones-en-sonora-una-problematica-compleja-que-debe-cambiar-dice-investigadora-de-el-colson\/"},"wordCount":494,"commentCount":0,"publisher":{"@id":"https:\/\/www.sonoraenequipo.com.mx\/#organization"},"image":{"@id":"https:\/\/www.sonoraenequipo.com.mx\/desapariciones-en-sonora-una-problematica-compleja-que-debe-cambiar-dice-investigadora-de-el-colson\/#primaryimage"},"thumbnailUrl":"https:\/\/www.sonoraenequipo.com.mx\/storage\/2020\/09\/restos-oseos-pco080920.jpg","keywords":["desapariciones forzadas"],"articleSection":["Sonora"],"inLanguage":"es","potentialAction":[{"@type":"CommentAction","name":"Comment","target":["https:\/\/www.sonoraenequipo.com.mx\/desapariciones-en-sonora-una-problematica-compleja-que-debe-cambiar-dice-investigadora-de-el-colson\/#respond"]}]},{"@type":"WebPage","@id":"https:\/\/www.sonoraenequipo.com.mx\/desapariciones-en-sonora-una-problematica-compleja-que-debe-cambiar-dice-investigadora-de-el-colson\/","url":"https:\/\/www.sonoraenequipo.com.mx\/desapariciones-en-sonora-una-problematica-compleja-que-debe-cambiar-dice-investigadora-de-el-colson\/","name":"Sonora en Equipo. Desapariciones en Sonora una problem\u00e1tica compleja que debe cambiar: dice investigadora de el Colson Sonora","isPartOf":{"@id":"https:\/\/www.sonoraenequipo.com.mx\/#website"},"primaryImageOfPage":{"@id":"https:\/\/www.sonoraenequipo.com.mx\/desapariciones-en-sonora-una-problematica-compleja-que-debe-cambiar-dice-investigadora-de-el-colson\/#primaryimage"},"image":{"@id":"https:\/\/www.sonoraenequipo.com.mx\/desapariciones-en-sonora-una-problematica-compleja-que-debe-cambiar-dice-investigadora-de-el-colson\/#primaryimage"},"thumbnailUrl":"https:\/\/www.sonoraenequipo.com.mx\/storage\/2020\/09\/restos-oseos-pco080920.jpg","datePublished":"2021-03-16T01:28:13+00:00","dateModified":"2021-03-16T01:28:52+00:00","description":"HERMOSILLO, SONORA,MX.\u2500\u2500 \u201cLas desapariciones se han convertido en pocos a\u00f1os en un drama humano en Sonora, y todos los cuerpos que se est\u00e1n encontrando En Sonora en Equipo publicamos toda la informaci\u00f3n de Sonora, M\u00e9xico y el Mundo de manera oportuna y busca que la libertad de expresi\u00f3n sea real. Visita nuestro medio informativo publicado desde Hermosillo, Sonora. %","breadcrumb":{"@id":"https:\/\/www.sonoraenequipo.com.mx\/desapariciones-en-sonora-una-problematica-compleja-que-debe-cambiar-dice-investigadora-de-el-colson\/#breadcrumb"},"inLanguage":"es","potentialAction":[{"@type":"ReadAction","target":["https:\/\/www.sonoraenequipo.com.mx\/desapariciones-en-sonora-una-problematica-compleja-que-debe-cambiar-dice-investigadora-de-el-colson\/"]}]},{"@type":"ImageObject","inLanguage":"es","@id":"https:\/\/www.sonoraenequipo.com.mx\/desapariciones-en-sonora-una-problematica-compleja-que-debe-cambiar-dice-investigadora-de-el-colson\/#primaryimage","url":"https:\/\/www.sonoraenequipo.com.mx\/storage\/2020\/09\/restos-oseos-pco080920.jpg","contentUrl":"https:\/\/www.sonoraenequipo.com.mx\/storage\/2020\/09\/restos-oseos-pco080920.jpg","width":600,"height":400,"caption":"imagen de archivo restos \u00f3seos localizados en Puerto Pe\u00f1asco"},{"@type":"BreadcrumbList","@id":"https:\/\/www.sonoraenequipo.com.mx\/desapariciones-en-sonora-una-problematica-compleja-que-debe-cambiar-dice-investigadora-de-el-colson\/#breadcrumb","itemListElement":[{"@type":"ListItem","position":1,"name":"Portada","item":"https:\/\/www.sonoraenequipo.com.mx\/"},{"@type":"ListItem","position":2,"name":"Desapariciones en Sonora una problem\u00e1tica compleja que debe cambiar: dice investigadora de el Colson"}]},{"@type":"WebSite","@id":"https:\/\/www.sonoraenequipo.com.mx\/#website","url":"https:\/\/www.sonoraenequipo.com.mx\/","name":"Sonora en Equipo.","description":"Diario en l\u00ednea con Noticias desde Hermosillo, Sonora","publisher":{"@id":"https:\/\/www.sonoraenequipo.com.mx\/#organization"},"potentialAction":[{"@type":"SearchAction","target":{"@type":"EntryPoint","urlTemplate":"https:\/\/www.sonoraenequipo.com.mx\/?s={search_term_string}"},"query-input":{"@type":"PropertyValueSpecification","valueRequired":true,"valueName":"search_term_string"}}],"inLanguage":"es"},{"@type":"Organization","@id":"https:\/\/www.sonoraenequipo.com.mx\/#organization","name":"Sonoraenequipo.com.mx","url":"https:\/\/www.sonoraenequipo.com.mx\/","logo":{"@type":"ImageObject","inLanguage":"es","@id":"https:\/\/www.sonoraenequipo.com.mx\/#\/schema\/logo\/image\/","url":"https:\/\/www.sonoraenequipo.com.mx\/storage\/2019\/01\/sonoraenequipo_opt.png","contentUrl":"https:\/\/www.sonoraenequipo.com.mx\/storage\/2019\/01\/sonoraenequipo_opt.png","width":375,"height":125,"caption":"Sonoraenequipo.com.mx"},"image":{"@id":"https:\/\/www.sonoraenequipo.com.mx\/#\/schema\/logo\/image\/"},"sameAs":["https:\/\/www.facebook.com\/SonoraEE\/","https:\/\/x.com\/sonoraenequipo","https:\/\/www.youtube.com\/channel\/UC338nW-lPEYmJQs4ZABQ1SQ"]},{"@type":"Person","@id":"https:\/\/www.sonoraenequipo.com.mx\/#\/schema\/person\/50102df0fb23a8fa9e8effad8fa81386","name":"enequipo","image":{"@type":"ImageObject","inLanguage":"es","@id":"https:\/\/www.sonoraenequipo.com.mx\/#\/schema\/person\/image\/","url":"https:\/\/secure.gravatar.com\/avatar\/049821681b589dabc0bc20695993ccebb09f5b5d4d790cd9251b97faac7c652b?s=96&d=blank&r=g","contentUrl":"https:\/\/secure.gravatar.com\/avatar\/049821681b589dabc0bc20695993ccebb09f5b5d4d790cd9251b97faac7c652b?s=96&d=blank&r=g","caption":"enequipo"},"sameAs":["https:\/\/www.facebook.com\/SonoraEE"]}]}},"jetpack_featured_media_url":"https:\/\/www.sonoraenequipo.com.mx\/storage\/2020\/09\/restos-oseos-pco080920.jpg","_links":{"self":[{"href":"https:\/\/www.sonoraenequipo.com.mx\/api\/wp\/v2\/posts\/109198","targetHints":{"allow":["GET"]}}],"collection":[{"href":"https:\/\/www.sonoraenequipo.com.mx\/api\/wp\/v2\/posts"}],"about":[{"href":"https:\/\/www.sonoraenequipo.com.mx\/api\/wp\/v2\/types\/post"}],"author":[{"embeddable":true,"href":"https:\/\/www.sonoraenequipo.com.mx\/api\/wp\/v2\/users\/1"}],"replies":[{"embeddable":true,"href":"https:\/\/www.sonoraenequipo.com.mx\/api\/wp\/v2\/comments?post=109198"}],"version-history":[{"count":2,"href":"https:\/\/www.sonoraenequipo.com.mx\/api\/wp\/v2\/posts\/109198\/revisions"}],"predecessor-version":[{"id":109204,"href":"https:\/\/www.sonoraenequipo.com.mx\/api\/wp\/v2\/posts\/109198\/revisions\/109204"}],"wp:featuredmedia":[{"embeddable":true,"href":"https:\/\/www.sonoraenequipo.com.mx\/api\/wp\/v2\/media\/94768"}],"wp:attachment":[{"href":"https:\/\/www.sonoraenequipo.com.mx\/api\/wp\/v2\/media?parent=109198"}],"wp:term":[{"taxonomy":"category","embeddable":true,"href":"https:\/\/www.sonoraenequipo.com.mx\/api\/wp\/v2\/categories?post=109198"},{"taxonomy":"post_tag","embeddable":true,"href":"https:\/\/www.sonoraenequipo.com.mx\/api\/wp\/v2\/tags?post=109198"}],"curies":[{"name":"wp","href":"https:\/\/api.w.org\/{rel}","templated":true}]}}