{"id":109208,"date":"2021-03-15T18:49:11","date_gmt":"2021-03-16T01:49:11","guid":{"rendered":"https:\/\/www.sonoraenequipo.com.mx\/?p=109208"},"modified":"2021-03-15T18:49:11","modified_gmt":"2021-03-16T01:49:11","slug":"grupo-medico-san-jose-sonora-inauguro-oncologia-alta-especialidad","status":"publish","type":"post","link":"https:\/\/www.sonoraenequipo.com.mx\/grupo-medico-san-jose-sonora-inauguro-oncologia-alta-especialidad\/","title":{"rendered":"Grupo M\u00e9dico San Jos\u00e9 Sonora, inaugur\u00f3 Oncolog\u00eda Alta Especialidad"},"content":{"rendered":"<p>HERMOSILLO, SONORA,MX.\u2500\u2500 Oncolog\u00eda San Jos\u00e9, fue inaugurado el pasado viernes 12 de marzo en Hermosillo, Sonora, en un acto protocolario, cumpliendo con todas las medidas de seguridad Covid-19, para reducir riesgos de contagio.<\/p>\n<p>&nbsp;<\/p>\n<p>En el corte de list\u00f3n se cont\u00f3 con la presencia de la Gobernadora del Estado\u00a0 Lic. Claudia Pavlovich Arellano, el Dr. Jorge Luis Roman Sicairos, Director General de Grupo M\u00e9dico San Jos\u00e9 Sonora, el Dr. Enrique \u00c1vila Monteverde, Director M\u00e9dico de Oncolog\u00eda San Jos\u00e9, el Dr. Luis Eduardo Garc\u00eda Lafarga, Director M\u00e9dico de Hospital San Jos\u00e9 Hermosillo y del C.P. Enrique Clausen Iberri, Secretario de Salud Sonora.<\/p>\n<p>&nbsp;<\/p>\n<p>En el acto inaugural el Pbro. Jos\u00e9 Guadalupe Vel\u00e1zquez, fue quien dio la bendici\u00f3n a las instalaciones.<\/p>\n<p>&nbsp;<\/p>\n<p>Posteriormente se realiz\u00f3 un recorrido para dar a conocer los equipos de vanguardia con los que cuenta Oncolog\u00eda San Jos\u00e9\u00a0 para diagn\u00f3stico y tratamiento de distintos tipos de c\u00e1ncer, adem\u00e1s de sus instalaciones.<\/p>\n<p>&nbsp;<\/p>\n<p>El Dr. Roman Sicairos agradeci\u00f3 el apoyo de las autoridades del Estado y del todo el equipo M\u00e9dico que creyeron en un sue\u00f1o que ahora es una realidad.<\/p>\n<p>&nbsp;<\/p>\n<p>Por su parte El Director M\u00e9dico de Oncolog\u00eda San Jos\u00e9, Dr. Enrique \u00c1vila Monteverde, resalt\u00f3 la importancia de contar con este servicio integral que ofrece Oncolog\u00eda Alta Especialidad, debido al incremento de c\u00e1ncer en sus distintas neoplasias.<\/p>\n<p>&nbsp;<\/p>\n<p>\u201cAs\u00ed mismo, hizo hincapi\u00e9 sobre el tema de la prevenci\u00f3n, y mencion\u00f3 que la Organizaci\u00f3n Mundial de la Salud,\u00a0 determina que entre el 30% y 50 % de los c\u00e1nceres pueden ser evitados, reduciendo sus factores de riesgo con la detecci\u00f3n oportuna\u201d<\/p>\n<p>&nbsp;<\/p>\n<p>La Gobernadora Claudia Pavlovich, felicit\u00f3 a Grupo M\u00e9dico San Jos\u00e9 Sonora por preocuparse de ofrecer servicios de salud a la comunidad, sobre todo en el transcurso de la pandemia Covid 19, donde los hospitales se hermanaron para salir adelante. En la inauguraci\u00f3n tambi\u00e9n se anunci\u00f3 la construcci\u00f3n del Hospital San Jos\u00e9 Guaymas, siendo este el tercer hospital del grupo y resalt\u00f3 la importancia que tiene para el desarrollo de una regi\u00f3n, contar con servicios de salud de alto nivel.<\/p>\n<p>&nbsp;<\/p>\n<p>Oncolog\u00eda San Jos\u00e9 est\u00e1 formado por tres niveles, en el primer piso se encuentran los equipos de diagn\u00f3stico y tratamiento, Radioterapia: acelerador lineal y braquiterapia, Medicina Nuclear: PET\/CT, SPECT\/CT, PEM (Mamograf\u00eda por Emisi\u00f3n de Positrones) Radiofarmacia y Ciclotr\u00f3n. En el segundo nivel se encuentra el centro de infusi\u00f3n para quimioterapia y en el tercero, un \u00e1rea cl\u00ednica para consulta oncol\u00f3gica especializada: Oncolog\u00eda Cl\u00ednica, Radio Oncolog\u00eda, Cirug\u00eda Oncol\u00f3gica, Uro Oncolog\u00eda, Gineco Oncolog\u00eda, Nutrici\u00f3n Cl\u00ednica, Cirug\u00eda General, Cirug\u00eda Hepato-Pancreato-Biliar, Hematolog\u00eda y Hematolog\u00eda Pedi\u00e1trica, Cirug\u00eda Pl\u00e1stica y Reconstructiva, Anestesiolog\u00eda, Algolog\u00eda, Psicolog\u00eda, Tanatolog\u00eda y Dermato Oncolog\u00eda.<\/p>\n<p>&nbsp;<\/p>\n<p>El conjunto de estas caracter\u00edsticas hacen que Oncolog\u00eda San Jos\u00e9, sea el primer centro integral para diagn\u00f3stico y tratamiento de c\u00e1ncer en Latinoam\u00e9rica. Con este logro sin precedentes, Grupo M\u00e9dico San Jos\u00e9 Sonora se sigue consolidando como l\u00edder en servicios y tecnolog\u00eda de vanguardia aplicada a la salud.<\/p>\n<p>Fecha de publicaci\u00f3n\u00a0 lunes 15\u00a0 \/marzo\/2021<\/p>\n","protected":false},"excerpt":{"rendered":"<p>HERMOSILLO, SONORA,MX.\u2500\u2500 Oncolog\u00eda San Jos\u00e9, fue inaugurado el pasado viernes 12 de marzo en Hermosillo,&#8230;<\/p>\n","protected":false},"author":1,"featured_media":109209,"comment_status":"open","ping_status":"open","sticky":false,"template":"","format":"standard","meta":{"_monsterinsights_skip_tracking":false,"_monsterinsights_sitenote_active":false,"_monsterinsights_sitenote_note":"","_monsterinsights_sitenote_category":0,"footnotes":""},"categories":[22],"tags":[5492,5493],"class_list":["post"],"yoast_head":" \n<title>Sonora en Equipo. Grupo M\u00e9dico San Jos\u00e9 Sonora, inaugur\u00f3 Oncolog\u00eda Alta Especialidad Sonora<\/title>\n<meta name=\"description\" content=\"HERMOSILLO, SONORA,MX.\u2500\u2500 Oncolog\u00eda San Jos\u00e9, fue inaugurado el pasado viernes 12 de marzo en Hermosillo, Sonora, en un acto protocolario, cumpliendo con En Sonora en Equipo publicamos toda la informaci\u00f3n de Sonora, M\u00e9xico y el Mundo de manera oportuna y busca que la libertad de expresi\u00f3n sea real. Visita nuestro medio informativo publicado desde Hermosillo, Sonora. %\" \/>\n<meta name=\"robots\" content=\"index, follow, max-snippet:-1, max-image-preview:large, max-video-preview:-1\" \/>\n<link rel=\"canonical\" href=\"https:\/\/www.sonoraenequipo.com.mx\/grupo-medico-san-jose-sonora-inauguro-oncologia-alta-especialidad\/\" \/>\n<meta property=\"og:locale\" content=\"es_ES\" \/>\n<meta property=\"og:type\" content=\"article\" \/>\n<meta property=\"og:title\" content=\"Sonora en Equipo. Grupo M\u00e9dico San Jos\u00e9 Sonora, inaugur\u00f3 Oncolog\u00eda Alta Especialidad Sonora\" \/>\n<meta property=\"og:description\" content=\"HERMOSILLO, SONORA,MX.\u2500\u2500 Oncolog\u00eda San Jos\u00e9, fue inaugurado el pasado viernes 12 de marzo en Hermosillo, Sonora, en un acto protocolario, cumpliendo con En Sonora en Equipo publicamos toda la informaci\u00f3n de Sonora, M\u00e9xico y el Mundo de manera oportuna y busca que la libertad de expresi\u00f3n sea real. Visita nuestro medio informativo publicado desde Hermosillo, Sonora. %\" \/>\n<meta property=\"og:url\" content=\"https:\/\/www.sonoraenequipo.com.mx\/grupo-medico-san-jose-sonora-inauguro-oncologia-alta-especialidad\/\" \/>\n<meta property=\"og:site_name\" content=\"Sonora en Equipo.\" \/>\n<meta property=\"article:publisher\" content=\"https:\/\/www.facebook.com\/SonoraEE\/\" \/>\n<meta property=\"article:author\" content=\"https:\/\/www.facebook.com\/SonoraEE\" \/>\n<meta property=\"article:published_time\" content=\"2021-03-16T01:49:11+00:00\" \/>\n<meta property=\"og:image\" content=\"https:\/\/www.sonoraenequipo.com.mx\/storage\/2021\/03\/cpa-san-jose.jpg\" \/>\n\t<meta property=\"og:image:width\" content=\"500\" \/>\n\t<meta property=\"og:image:height\" content=\"333\" \/>\n\t<meta property=\"og:image:type\" content=\"image\/jpeg\" \/>\n<meta name=\"author\" content=\"enequipo\" \/>\n<meta name=\"twitter:card\" content=\"summary_large_image\" \/>\n<meta name=\"twitter:creator\" content=\"@sonoraenequipo\" \/>\n<meta name=\"twitter:site\" content=\"@sonoraenequipo\" \/>\n<meta name=\"twitter:label1\" content=\"Escrito por\" \/>\n\t<meta name=\"twitter:data1\" content=\"enequipo\" \/>\n\t<meta name=\"twitter:label2\" content=\"Tiempo de lectura\" \/>\n\t<meta name=\"twitter:data2\" content=\"3 minutos\" \/>\n<script type=\"application\/ld+json\" class=\"yoast-schema-graph\">{\"@context\":\"https:\/\/schema.org\",\"@graph\":[{\"@type\":\"Article\",\"@id\":\"https:\/\/www.sonoraenequipo.com.mx\/grupo-medico-san-jose-sonora-inauguro-oncologia-alta-especialidad\/#article\",\"isPartOf\":{\"@id\":\"https:\/\/www.sonoraenequipo.com.mx\/grupo-medico-san-jose-sonora-inauguro-oncologia-alta-especialidad\/\"},\"author\":{\"name\":\"enequipo\",\"@id\":\"https:\/\/www.sonoraenequipo.com.mx\/#\/schema\/person\/50102df0fb23a8fa9e8effad8fa81386\"},\"headline\":\"Grupo M\u00e9dico San Jos\u00e9 Sonora, inaugur\u00f3 Oncolog\u00eda Alta Especialidad\",\"datePublished\":\"2021-03-16T01:49:11+00:00\",\"mainEntityOfPage\":{\"@id\":\"https:\/\/www.sonoraenequipo.com.mx\/grupo-medico-san-jose-sonora-inauguro-oncologia-alta-especialidad\/\"},\"wordCount\":566,\"commentCount\":0,\"publisher\":{\"@id\":\"https:\/\/www.sonoraenequipo.com.mx\/#organization\"},\"image\":{\"@id\":\"https:\/\/www.sonoraenequipo.com.mx\/grupo-medico-san-jose-sonora-inauguro-oncologia-alta-especialidad\/#primaryimage\"},\"thumbnailUrl\":\"https:\/\/www.sonoraenequipo.com.mx\/storage\/2021\/03\/cpa-san-jose.jpg\",\"keywords\":[\"salud oncologia\",\"san jose\"],\"articleSection\":[\"Sonora\"],\"inLanguage\":\"es\",\"potentialAction\":[{\"@type\":\"CommentAction\",\"name\":\"Comment\",\"target\":[\"https:\/\/www.sonoraenequipo.com.mx\/grupo-medico-san-jose-sonora-inauguro-oncologia-alta-especialidad\/#respond\"]}]},{\"@type\":\"WebPage\",\"@id\":\"https:\/\/www.sonoraenequipo.com.mx\/grupo-medico-san-jose-sonora-inauguro-oncologia-alta-especialidad\/\",\"url\":\"https:\/\/www.sonoraenequipo.com.mx\/grupo-medico-san-jose-sonora-inauguro-oncologia-alta-especialidad\/\",\"name\":\"Sonora en Equipo. Grupo M\u00e9dico San Jos\u00e9 Sonora, inaugur\u00f3 Oncolog\u00eda Alta Especialidad Sonora\",\"isPartOf\":{\"@id\":\"https:\/\/www.sonoraenequipo.com.mx\/#website\"},\"primaryImageOfPage\":{\"@id\":\"https:\/\/www.sonoraenequipo.com.mx\/grupo-medico-san-jose-sonora-inauguro-oncologia-alta-especialidad\/#primaryimage\"},\"image\":{\"@id\":\"https:\/\/www.sonoraenequipo.com.mx\/grupo-medico-san-jose-sonora-inauguro-oncologia-alta-especialidad\/#primaryimage\"},\"thumbnailUrl\":\"https:\/\/www.sonoraenequipo.com.mx\/storage\/2021\/03\/cpa-san-jose.jpg\",\"datePublished\":\"2021-03-16T01:49:11+00:00\",\"description\":\"HERMOSILLO, SONORA,MX.\u2500\u2500 Oncolog\u00eda San Jos\u00e9, fue inaugurado el pasado viernes 12 de marzo en Hermosillo, Sonora, en un acto protocolario, cumpliendo con En Sonora en Equipo publicamos toda la informaci\u00f3n de Sonora, M\u00e9xico y el Mundo de manera oportuna y busca que la libertad de expresi\u00f3n sea real. Visita nuestro medio informativo publicado desde Hermosillo, Sonora. %\",\"breadcrumb\":{\"@id\":\"https:\/\/www.sonoraenequipo.com.mx\/grupo-medico-san-jose-sonora-inauguro-oncologia-alta-especialidad\/#breadcrumb\"},\"inLanguage\":\"es\",\"potentialAction\":[{\"@type\":\"ReadAction\",\"target\":[\"https:\/\/www.sonoraenequipo.com.mx\/grupo-medico-san-jose-sonora-inauguro-oncologia-alta-especialidad\/\"]}]},{\"@type\":\"ImageObject\",\"inLanguage\":\"es\",\"@id\":\"https:\/\/www.sonoraenequipo.com.mx\/grupo-medico-san-jose-sonora-inauguro-oncologia-alta-especialidad\/#primaryimage\",\"url\":\"https:\/\/www.sonoraenequipo.com.mx\/storage\/2021\/03\/cpa-san-jose.jpg\",\"contentUrl\":\"https:\/\/www.sonoraenequipo.com.mx\/storage\/2021\/03\/cpa-san-jose.jpg\",\"width\":500,\"height\":333},{\"@type\":\"BreadcrumbList\",\"@id\":\"https:\/\/www.sonoraenequipo.com.mx\/grupo-medico-san-jose-sonora-inauguro-oncologia-alta-especialidad\/#breadcrumb\",\"itemListElement\":[{\"@type\":\"ListItem\",\"position\":1,\"name\":\"Portada\",\"item\":\"https:\/\/www.sonoraenequipo.com.mx\/\"},{\"@type\":\"ListItem\",\"position\":2,\"name\":\"Grupo M\u00e9dico San Jos\u00e9 Sonora, inaugur\u00f3 Oncolog\u00eda Alta Especialidad\"}]},{\"@type\":\"WebSite\",\"@id\":\"https:\/\/www.sonoraenequipo.com.mx\/#website\",\"url\":\"https:\/\/www.sonoraenequipo.com.mx\/\",\"name\":\"Sonora en Equipo.\",\"description\":\"Diario en l\u00ednea con Noticias desde Hermosillo, Sonora\",\"publisher\":{\"@id\":\"https:\/\/www.sonoraenequipo.com.mx\/#organization\"},\"potentialAction\":[{\"@type\":\"SearchAction\",\"target\":{\"@type\":\"EntryPoint\",\"urlTemplate\":\"https:\/\/www.sonoraenequipo.com.mx\/?s={search_term_string}\"},\"query-input\":{\"@type\":\"PropertyValueSpecification\",\"valueRequired\":true,\"valueName\":\"search_term_string\"}}],\"inLanguage\":\"es\"},{\"@type\":\"Organization\",\"@id\":\"https:\/\/www.sonoraenequipo.com.mx\/#organization\",\"name\":\"Sonoraenequipo.com.mx\",\"url\":\"https:\/\/www.sonoraenequipo.com.mx\/\",\"logo\":{\"@type\":\"ImageObject\",\"inLanguage\":\"es\",\"@id\":\"https:\/\/www.sonoraenequipo.com.mx\/#\/schema\/logo\/image\/\",\"url\":\"https:\/\/www.sonoraenequipo.com.mx\/storage\/2019\/01\/sonoraenequipo_opt.png\",\"contentUrl\":\"https:\/\/www.sonoraenequipo.com.mx\/storage\/2019\/01\/sonoraenequipo_opt.png\",\"width\":375,\"height\":125,\"caption\":\"Sonoraenequipo.com.mx\"},\"image\":{\"@id\":\"https:\/\/www.sonoraenequipo.com.mx\/#\/schema\/logo\/image\/\"},\"sameAs\":[\"https:\/\/www.facebook.com\/SonoraEE\/\",\"https:\/\/x.com\/sonoraenequipo\",\"https:\/\/www.youtube.com\/channel\/UC338nW-lPEYmJQs4ZABQ1SQ\"]},{\"@type\":\"Person\",\"@id\":\"https:\/\/www.sonoraenequipo.com.mx\/#\/schema\/person\/50102df0fb23a8fa9e8effad8fa81386\",\"name\":\"enequipo\",\"image\":{\"@type\":\"ImageObject\",\"inLanguage\":\"es\",\"@id\":\"https:\/\/www.sonoraenequipo.com.mx\/#\/schema\/person\/image\/\",\"url\":\"https:\/\/secure.gravatar.com\/avatar\/049821681b589dabc0bc20695993ccebb09f5b5d4d790cd9251b97faac7c652b?s=96&d=blank&r=g\",\"contentUrl\":\"https:\/\/secure.gravatar.com\/avatar\/049821681b589dabc0bc20695993ccebb09f5b5d4d790cd9251b97faac7c652b?s=96&d=blank&r=g\",\"caption\":\"enequipo\"},\"sameAs\":[\"https:\/\/www.facebook.com\/SonoraEE\"]}]}<\/script>\n ","yoast_head_json":{"title":"Sonora en Equipo. Grupo M\u00e9dico San Jos\u00e9 Sonora, inaugur\u00f3 Oncolog\u00eda Alta Especialidad Sonora","description":"HERMOSILLO, SONORA,MX.\u2500\u2500 Oncolog\u00eda San Jos\u00e9, fue inaugurado el pasado viernes 12 de marzo en Hermosillo, Sonora, en un acto protocolario, cumpliendo con En Sonora en Equipo publicamos toda la informaci\u00f3n de Sonora, M\u00e9xico y el Mundo de manera oportuna y busca que la libertad de expresi\u00f3n sea real. Visita nuestro medio informativo publicado desde Hermosillo, Sonora. %","robots":{"index":"index","follow":"follow","max-snippet":"max-snippet:-1","max-image-preview":"max-image-preview:large","max-video-preview":"max-video-preview:-1"},"canonical":"https:\/\/www.sonoraenequipo.com.mx\/grupo-medico-san-jose-sonora-inauguro-oncologia-alta-especialidad\/","og_locale":"es_ES","og_type":"article","og_title":"Sonora en Equipo. Grupo M\u00e9dico San Jos\u00e9 Sonora, inaugur\u00f3 Oncolog\u00eda Alta Especialidad Sonora","og_description":"HERMOSILLO, SONORA,MX.\u2500\u2500 Oncolog\u00eda San Jos\u00e9, fue inaugurado el pasado viernes 12 de marzo en Hermosillo, Sonora, en un acto protocolario, cumpliendo con En Sonora en Equipo publicamos toda la informaci\u00f3n de Sonora, M\u00e9xico y el Mundo de manera oportuna y busca que la libertad de expresi\u00f3n sea real. Visita nuestro medio informativo publicado desde Hermosillo, Sonora. %","og_url":"https:\/\/www.sonoraenequipo.com.mx\/grupo-medico-san-jose-sonora-inauguro-oncologia-alta-especialidad\/","og_site_name":"Sonora en Equipo.","article_publisher":"https:\/\/www.facebook.com\/SonoraEE\/","article_author":"https:\/\/www.facebook.com\/SonoraEE","article_published_time":"2021-03-16T01:49:11+00:00","og_image":[{"width":500,"height":333,"url":"https:\/\/www.sonoraenequipo.com.mx\/storage\/2021\/03\/cpa-san-jose.jpg","type":"image\/jpeg"}],"author":"enequipo","twitter_card":"summary_large_image","twitter_creator":"@sonoraenequipo","twitter_site":"@sonoraenequipo","twitter_misc":{"Escrito por":"enequipo","Tiempo de lectura":"3 minutos"},"schema":{"@context":"https:\/\/schema.org","@graph":[{"@type":"Article","@id":"https:\/\/www.sonoraenequipo.com.mx\/grupo-medico-san-jose-sonora-inauguro-oncologia-alta-especialidad\/#article","isPartOf":{"@id":"https:\/\/www.sonoraenequipo.com.mx\/grupo-medico-san-jose-sonora-inauguro-oncologia-alta-especialidad\/"},"author":{"name":"enequipo","@id":"https:\/\/www.sonoraenequipo.com.mx\/#\/schema\/person\/50102df0fb23a8fa9e8effad8fa81386"},"headline":"Grupo M\u00e9dico San Jos\u00e9 Sonora, inaugur\u00f3 Oncolog\u00eda Alta Especialidad","datePublished":"2021-03-16T01:49:11+00:00","mainEntityOfPage":{"@id":"https:\/\/www.sonoraenequipo.com.mx\/grupo-medico-san-jose-sonora-inauguro-oncologia-alta-especialidad\/"},"wordCount":566,"commentCount":0,"publisher":{"@id":"https:\/\/www.sonoraenequipo.com.mx\/#organization"},"image":{"@id":"https:\/\/www.sonoraenequipo.com.mx\/grupo-medico-san-jose-sonora-inauguro-oncologia-alta-especialidad\/#primaryimage"},"thumbnailUrl":"https:\/\/www.sonoraenequipo.com.mx\/storage\/2021\/03\/cpa-san-jose.jpg","keywords":["salud oncologia","san jose"],"articleSection":["Sonora"],"inLanguage":"es","potentialAction":[{"@type":"CommentAction","name":"Comment","target":["https:\/\/www.sonoraenequipo.com.mx\/grupo-medico-san-jose-sonora-inauguro-oncologia-alta-especialidad\/#respond"]}]},{"@type":"WebPage","@id":"https:\/\/www.sonoraenequipo.com.mx\/grupo-medico-san-jose-sonora-inauguro-oncologia-alta-especialidad\/","url":"https:\/\/www.sonoraenequipo.com.mx\/grupo-medico-san-jose-sonora-inauguro-oncologia-alta-especialidad\/","name":"Sonora en Equipo. Grupo M\u00e9dico San Jos\u00e9 Sonora, inaugur\u00f3 Oncolog\u00eda Alta Especialidad Sonora","isPartOf":{"@id":"https:\/\/www.sonoraenequipo.com.mx\/#website"},"primaryImageOfPage":{"@id":"https:\/\/www.sonoraenequipo.com.mx\/grupo-medico-san-jose-sonora-inauguro-oncologia-alta-especialidad\/#primaryimage"},"image":{"@id":"https:\/\/www.sonoraenequipo.com.mx\/grupo-medico-san-jose-sonora-inauguro-oncologia-alta-especialidad\/#primaryimage"},"thumbnailUrl":"https:\/\/www.sonoraenequipo.com.mx\/storage\/2021\/03\/cpa-san-jose.jpg","datePublished":"2021-03-16T01:49:11+00:00","description":"HERMOSILLO, SONORA,MX.\u2500\u2500 Oncolog\u00eda San Jos\u00e9, fue inaugurado el pasado viernes 12 de marzo en Hermosillo, Sonora, en un acto protocolario, cumpliendo con En Sonora en Equipo publicamos toda la informaci\u00f3n de Sonora, M\u00e9xico y el Mundo de manera oportuna y busca que la libertad de expresi\u00f3n sea real. Visita nuestro medio informativo publicado desde Hermosillo, Sonora. %","breadcrumb":{"@id":"https:\/\/www.sonoraenequipo.com.mx\/grupo-medico-san-jose-sonora-inauguro-oncologia-alta-especialidad\/#breadcrumb"},"inLanguage":"es","potentialAction":[{"@type":"ReadAction","target":["https:\/\/www.sonoraenequipo.com.mx\/grupo-medico-san-jose-sonora-inauguro-oncologia-alta-especialidad\/"]}]},{"@type":"ImageObject","inLanguage":"es","@id":"https:\/\/www.sonoraenequipo.com.mx\/grupo-medico-san-jose-sonora-inauguro-oncologia-alta-especialidad\/#primaryimage","url":"https:\/\/www.sonoraenequipo.com.mx\/storage\/2021\/03\/cpa-san-jose.jpg","contentUrl":"https:\/\/www.sonoraenequipo.com.mx\/storage\/2021\/03\/cpa-san-jose.jpg","width":500,"height":333},{"@type":"BreadcrumbList","@id":"https:\/\/www.sonoraenequipo.com.mx\/grupo-medico-san-jose-sonora-inauguro-oncologia-alta-especialidad\/#breadcrumb","itemListElement":[{"@type":"ListItem","position":1,"name":"Portada","item":"https:\/\/www.sonoraenequipo.com.mx\/"},{"@type":"ListItem","position":2,"name":"Grupo M\u00e9dico San Jos\u00e9 Sonora, inaugur\u00f3 Oncolog\u00eda Alta Especialidad"}]},{"@type":"WebSite","@id":"https:\/\/www.sonoraenequipo.com.mx\/#website","url":"https:\/\/www.sonoraenequipo.com.mx\/","name":"Sonora en Equipo.","description":"Diario en l\u00ednea con Noticias desde Hermosillo, Sonora","publisher":{"@id":"https:\/\/www.sonoraenequipo.com.mx\/#organization"},"potentialAction":[{"@type":"SearchAction","target":{"@type":"EntryPoint","urlTemplate":"https:\/\/www.sonoraenequipo.com.mx\/?s={search_term_string}"},"query-input":{"@type":"PropertyValueSpecification","valueRequired":true,"valueName":"search_term_string"}}],"inLanguage":"es"},{"@type":"Organization","@id":"https:\/\/www.sonoraenequipo.com.mx\/#organization","name":"Sonoraenequipo.com.mx","url":"https:\/\/www.sonoraenequipo.com.mx\/","logo":{"@type":"ImageObject","inLanguage":"es","@id":"https:\/\/www.sonoraenequipo.com.mx\/#\/schema\/logo\/image\/","url":"https:\/\/www.sonoraenequipo.com.mx\/storage\/2019\/01\/sonoraenequipo_opt.png","contentUrl":"https:\/\/www.sonoraenequipo.com.mx\/storage\/2019\/01\/sonoraenequipo_opt.png","width":375,"height":125,"caption":"Sonoraenequipo.com.mx"},"image":{"@id":"https:\/\/www.sonoraenequipo.com.mx\/#\/schema\/logo\/image\/"},"sameAs":["https:\/\/www.facebook.com\/SonoraEE\/","https:\/\/x.com\/sonoraenequipo","https:\/\/www.youtube.com\/channel\/UC338nW-lPEYmJQs4ZABQ1SQ"]},{"@type":"Person","@id":"https:\/\/www.sonoraenequipo.com.mx\/#\/schema\/person\/50102df0fb23a8fa9e8effad8fa81386","name":"enequipo","image":{"@type":"ImageObject","inLanguage":"es","@id":"https:\/\/www.sonoraenequipo.com.mx\/#\/schema\/person\/image\/","url":"https:\/\/secure.gravatar.com\/avatar\/049821681b589dabc0bc20695993ccebb09f5b5d4d790cd9251b97faac7c652b?s=96&d=blank&r=g","contentUrl":"https:\/\/secure.gravatar.com\/avatar\/049821681b589dabc0bc20695993ccebb09f5b5d4d790cd9251b97faac7c652b?s=96&d=blank&r=g","caption":"enequipo"},"sameAs":["https:\/\/www.facebook.com\/SonoraEE"]}]}},"jetpack_featured_media_url":"https:\/\/www.sonoraenequipo.com.mx\/storage\/2021\/03\/cpa-san-jose.jpg","_links":{"self":[{"href":"https:\/\/www.sonoraenequipo.com.mx\/api\/wp\/v2\/posts\/109208","targetHints":{"allow":["GET"]}}],"collection":[{"href":"https:\/\/www.sonoraenequipo.com.mx\/api\/wp\/v2\/posts"}],"about":[{"href":"https:\/\/www.sonoraenequipo.com.mx\/api\/wp\/v2\/types\/post"}],"author":[{"embeddable":true,"href":"https:\/\/www.sonoraenequipo.com.mx\/api\/wp\/v2\/users\/1"}],"replies":[{"embeddable":true,"href":"https:\/\/www.sonoraenequipo.com.mx\/api\/wp\/v2\/comments?post=109208"}],"version-history":[{"count":1,"href":"https:\/\/www.sonoraenequipo.com.mx\/api\/wp\/v2\/posts\/109208\/revisions"}],"predecessor-version":[{"id":109210,"href":"https:\/\/www.sonoraenequipo.com.mx\/api\/wp\/v2\/posts\/109208\/revisions\/109210"}],"wp:featuredmedia":[{"embeddable":true,"href":"https:\/\/www.sonoraenequipo.com.mx\/api\/wp\/v2\/media\/109209"}],"wp:attachment":[{"href":"https:\/\/www.sonoraenequipo.com.mx\/api\/wp\/v2\/media?parent=109208"}],"wp:term":[{"taxonomy":"category","embeddable":true,"href":"https:\/\/www.sonoraenequipo.com.mx\/api\/wp\/v2\/categories?post=109208"},{"taxonomy":"post_tag","embeddable":true,"href":"https:\/\/www.sonoraenequipo.com.mx\/api\/wp\/v2\/tags?post=109208"}],"curies":[{"name":"wp","href":"https:\/\/api.w.org\/{rel}","templated":true}]}}