{"id":109225,"date":"2021-03-15T22:43:37","date_gmt":"2021-03-16T05:43:37","guid":{"rendered":"https:\/\/www.sonoraenequipo.com.mx\/?p=109225"},"modified":"2021-03-15T22:31:22","modified_gmt":"2021-03-16T05:31:22","slug":"si-hay-elementos-se-indagara-a-juez-que-suspendio-ley-electrica-presidente-de-la-scjn-a-amlo","status":"publish","type":"post","link":"https:\/\/www.sonoraenequipo.com.mx\/si-hay-elementos-se-indagara-a-juez-que-suspendio-ley-electrica-presidente-de-la-scjn-a-amlo\/","title":{"rendered":"Si hay elementos se indagar\u00e1 a juez que suspendi\u00f3 Ley El\u00e9ctrica: Presidente de la SCJN a AMLO"},"content":{"rendered":"<p>CIUDAD DE M\u00c9XICO. MX. \u2014 El presidente del Consejo de la Judicatura Federal, Arturo Zald\u00edvar, afirm\u00f3 este lunes que la queja del Presidente Andr\u00e9s Manuel L\u00f3pez Obrador ser\u00e1 remitida a este \u00f3rgano de justicia para que, de existir elementos, se abra la investigaci\u00f3n en contra del juez Juan Pablo G\u00f3mez Fierro, quien suspendi\u00f3 la reforma a la Ley El\u00e9ctrica, con pleno respeto a la autonom\u00eda e independencia de la funci\u00f3n jurisdiccional, as\u00ed como a las garant\u00edas que lo protegen.<\/p>\n<p>&nbsp;<\/p>\n<p>&nbsp;<\/p>\n<p>(Publicada el 15\/03\/2021)<\/p>\n","protected":false},"excerpt":{"rendered":"<p>CIUDAD DE M\u00c9XICO. MX. \u2014 El presidente del Consejo de la Judicatura Federal, Arturo Zald\u00edvar,&#8230;<\/p>\n","protected":false},"author":1,"featured_media":109232,"comment_status":"open","ping_status":"open","sticky":false,"template":"","format":"standard","meta":{"_monsterinsights_skip_tracking":false,"_monsterinsights_sitenote_active":false,"_monsterinsights_sitenote_note":"","_monsterinsights_sitenote_category":0,"footnotes":""},"categories":[5],"tags":[],"class_list":["post"],"yoast_head":" \n<title>Sonora en Equipo. Si hay elementos se indagar\u00e1 a juez que suspendi\u00f3 Ley El\u00e9ctrica: Presidente de la SCJN a AMLO Rep\u00fablica<\/title>\n<meta name=\"description\" content=\"CIUDAD DE M\u00c9XICO. MX. \u2014 El presidente del Consejo de la Judicatura Federal, Arturo Zald\u00edvar, afirm\u00f3 este lunes que la queja del Presidente Andr\u00e9s Manuel En Sonora en Equipo publicamos toda la informaci\u00f3n de Sonora, M\u00e9xico y el Mundo de manera oportuna y busca que la libertad de expresi\u00f3n sea real. Visita nuestro medio informativo publicado desde Hermosillo, Sonora. %\" \/>\n<meta name=\"robots\" content=\"index, follow, max-snippet:-1, max-image-preview:large, max-video-preview:-1\" \/>\n<link rel=\"canonical\" href=\"https:\/\/www.sonoraenequipo.com.mx\/si-hay-elementos-se-indagara-a-juez-que-suspendio-ley-electrica-presidente-de-la-scjn-a-amlo\/\" \/>\n<meta property=\"og:locale\" content=\"es_ES\" \/>\n<meta property=\"og:type\" content=\"article\" \/>\n<meta property=\"og:title\" content=\"Sonora en Equipo. Si hay elementos se indagar\u00e1 a juez que suspendi\u00f3 Ley El\u00e9ctrica: Presidente de la SCJN a AMLO Rep\u00fablica\" \/>\n<meta property=\"og:description\" content=\"CIUDAD DE M\u00c9XICO. MX. \u2014 El presidente del Consejo de la Judicatura Federal, Arturo Zald\u00edvar, afirm\u00f3 este lunes que la queja del Presidente Andr\u00e9s Manuel En Sonora en Equipo publicamos toda la informaci\u00f3n de Sonora, M\u00e9xico y el Mundo de manera oportuna y busca que la libertad de expresi\u00f3n sea real. Visita nuestro medio informativo publicado desde Hermosillo, Sonora. %\" \/>\n<meta property=\"og:url\" content=\"https:\/\/www.sonoraenequipo.com.mx\/si-hay-elementos-se-indagara-a-juez-que-suspendio-ley-electrica-presidente-de-la-scjn-a-amlo\/\" \/>\n<meta property=\"og:site_name\" content=\"Sonora en Equipo.\" \/>\n<meta property=\"article:publisher\" content=\"https:\/\/www.facebook.com\/SonoraEE\/\" \/>\n<meta property=\"article:author\" content=\"https:\/\/www.facebook.com\/SonoraEE\" \/>\n<meta property=\"article:published_time\" content=\"2021-03-16T05:43:37+00:00\" \/>\n<meta property=\"og:image\" content=\"https:\/\/www.sonoraenequipo.com.mx\/storage\/2021\/03\/Presidente-de-la-SCJN-a-AMLO_opt.jpg\" \/>\n\t<meta property=\"og:image:width\" content=\"800\" \/>\n\t<meta property=\"og:image:height\" content=\"400\" \/>\n\t<meta property=\"og:image:type\" content=\"image\/jpeg\" \/>\n<meta name=\"author\" content=\"enequipo\" \/>\n<meta name=\"twitter:card\" content=\"summary_large_image\" \/>\n<meta name=\"twitter:creator\" content=\"@sonoraenequipo\" \/>\n<meta name=\"twitter:site\" content=\"@sonoraenequipo\" \/>\n<meta name=\"twitter:label1\" content=\"Escrito por\" \/>\n\t<meta name=\"twitter:data1\" content=\"enequipo\" \/>\n\t<meta name=\"twitter:label2\" content=\"Tiempo de lectura\" \/>\n\t<meta name=\"twitter:data2\" content=\"1 minuto\" \/>\n<script type=\"application\/ld+json\" class=\"yoast-schema-graph\">{\"@context\":\"https:\/\/schema.org\",\"@graph\":[{\"@type\":\"Article\",\"@id\":\"https:\/\/www.sonoraenequipo.com.mx\/si-hay-elementos-se-indagara-a-juez-que-suspendio-ley-electrica-presidente-de-la-scjn-a-amlo\/#article\",\"isPartOf\":{\"@id\":\"https:\/\/www.sonoraenequipo.com.mx\/si-hay-elementos-se-indagara-a-juez-que-suspendio-ley-electrica-presidente-de-la-scjn-a-amlo\/\"},\"author\":{\"name\":\"enequipo\",\"@id\":\"https:\/\/www.sonoraenequipo.com.mx\/#\/schema\/person\/50102df0fb23a8fa9e8effad8fa81386\"},\"headline\":\"Si hay elementos se indagar\u00e1 a juez que suspendi\u00f3 Ley El\u00e9ctrica: Presidente de la SCJN a AMLO\",\"datePublished\":\"2021-03-16T05:43:37+00:00\",\"mainEntityOfPage\":{\"@id\":\"https:\/\/www.sonoraenequipo.com.mx\/si-hay-elementos-se-indagara-a-juez-que-suspendio-ley-electrica-presidente-de-la-scjn-a-amlo\/\"},\"wordCount\":110,\"commentCount\":0,\"publisher\":{\"@id\":\"https:\/\/www.sonoraenequipo.com.mx\/#organization\"},\"image\":{\"@id\":\"https:\/\/www.sonoraenequipo.com.mx\/si-hay-elementos-se-indagara-a-juez-que-suspendio-ley-electrica-presidente-de-la-scjn-a-amlo\/#primaryimage\"},\"thumbnailUrl\":\"https:\/\/www.sonoraenequipo.com.mx\/storage\/2021\/03\/Presidente-de-la-SCJN-a-AMLO_opt.jpg\",\"articleSection\":[\"Rep\u00fablica\"],\"inLanguage\":\"es\",\"potentialAction\":[{\"@type\":\"CommentAction\",\"name\":\"Comment\",\"target\":[\"https:\/\/www.sonoraenequipo.com.mx\/si-hay-elementos-se-indagara-a-juez-que-suspendio-ley-electrica-presidente-de-la-scjn-a-amlo\/#respond\"]}]},{\"@type\":\"WebPage\",\"@id\":\"https:\/\/www.sonoraenequipo.com.mx\/si-hay-elementos-se-indagara-a-juez-que-suspendio-ley-electrica-presidente-de-la-scjn-a-amlo\/\",\"url\":\"https:\/\/www.sonoraenequipo.com.mx\/si-hay-elementos-se-indagara-a-juez-que-suspendio-ley-electrica-presidente-de-la-scjn-a-amlo\/\",\"name\":\"Sonora en Equipo. Si hay elementos se indagar\u00e1 a juez que suspendi\u00f3 Ley El\u00e9ctrica: Presidente de la SCJN a AMLO Rep\u00fablica\",\"isPartOf\":{\"@id\":\"https:\/\/www.sonoraenequipo.com.mx\/#website\"},\"primaryImageOfPage\":{\"@id\":\"https:\/\/www.sonoraenequipo.com.mx\/si-hay-elementos-se-indagara-a-juez-que-suspendio-ley-electrica-presidente-de-la-scjn-a-amlo\/#primaryimage\"},\"image\":{\"@id\":\"https:\/\/www.sonoraenequipo.com.mx\/si-hay-elementos-se-indagara-a-juez-que-suspendio-ley-electrica-presidente-de-la-scjn-a-amlo\/#primaryimage\"},\"thumbnailUrl\":\"https:\/\/www.sonoraenequipo.com.mx\/storage\/2021\/03\/Presidente-de-la-SCJN-a-AMLO_opt.jpg\",\"datePublished\":\"2021-03-16T05:43:37+00:00\",\"description\":\"CIUDAD DE M\u00c9XICO. MX. \u2014 El presidente del Consejo de la Judicatura Federal, Arturo Zald\u00edvar, afirm\u00f3 este lunes que la queja del Presidente Andr\u00e9s Manuel En Sonora en Equipo publicamos toda la informaci\u00f3n de Sonora, M\u00e9xico y el Mundo de manera oportuna y busca que la libertad de expresi\u00f3n sea real. Visita nuestro medio informativo publicado desde Hermosillo, Sonora. %\",\"breadcrumb\":{\"@id\":\"https:\/\/www.sonoraenequipo.com.mx\/si-hay-elementos-se-indagara-a-juez-que-suspendio-ley-electrica-presidente-de-la-scjn-a-amlo\/#breadcrumb\"},\"inLanguage\":\"es\",\"potentialAction\":[{\"@type\":\"ReadAction\",\"target\":[\"https:\/\/www.sonoraenequipo.com.mx\/si-hay-elementos-se-indagara-a-juez-que-suspendio-ley-electrica-presidente-de-la-scjn-a-amlo\/\"]}]},{\"@type\":\"ImageObject\",\"inLanguage\":\"es\",\"@id\":\"https:\/\/www.sonoraenequipo.com.mx\/si-hay-elementos-se-indagara-a-juez-que-suspendio-ley-electrica-presidente-de-la-scjn-a-amlo\/#primaryimage\",\"url\":\"https:\/\/www.sonoraenequipo.com.mx\/storage\/2021\/03\/Presidente-de-la-SCJN-a-AMLO_opt.jpg\",\"contentUrl\":\"https:\/\/www.sonoraenequipo.com.mx\/storage\/2021\/03\/Presidente-de-la-SCJN-a-AMLO_opt.jpg\",\"width\":800,\"height\":400},{\"@type\":\"BreadcrumbList\",\"@id\":\"https:\/\/www.sonoraenequipo.com.mx\/si-hay-elementos-se-indagara-a-juez-que-suspendio-ley-electrica-presidente-de-la-scjn-a-amlo\/#breadcrumb\",\"itemListElement\":[{\"@type\":\"ListItem\",\"position\":1,\"name\":\"Portada\",\"item\":\"https:\/\/www.sonoraenequipo.com.mx\/\"},{\"@type\":\"ListItem\",\"position\":2,\"name\":\"Si hay elementos se indagar\u00e1 a juez que suspendi\u00f3 Ley El\u00e9ctrica: Presidente de la SCJN a AMLO\"}]},{\"@type\":\"WebSite\",\"@id\":\"https:\/\/www.sonoraenequipo.com.mx\/#website\",\"url\":\"https:\/\/www.sonoraenequipo.com.mx\/\",\"name\":\"Sonora en Equipo.\",\"description\":\"Diario en l\u00ednea con Noticias desde Hermosillo, Sonora\",\"publisher\":{\"@id\":\"https:\/\/www.sonoraenequipo.com.mx\/#organization\"},\"potentialAction\":[{\"@type\":\"SearchAction\",\"target\":{\"@type\":\"EntryPoint\",\"urlTemplate\":\"https:\/\/www.sonoraenequipo.com.mx\/?s={search_term_string}\"},\"query-input\":{\"@type\":\"PropertyValueSpecification\",\"valueRequired\":true,\"valueName\":\"search_term_string\"}}],\"inLanguage\":\"es\"},{\"@type\":\"Organization\",\"@id\":\"https:\/\/www.sonoraenequipo.com.mx\/#organization\",\"name\":\"Sonoraenequipo.com.mx\",\"url\":\"https:\/\/www.sonoraenequipo.com.mx\/\",\"logo\":{\"@type\":\"ImageObject\",\"inLanguage\":\"es\",\"@id\":\"https:\/\/www.sonoraenequipo.com.mx\/#\/schema\/logo\/image\/\",\"url\":\"https:\/\/www.sonoraenequipo.com.mx\/storage\/2019\/01\/sonoraenequipo_opt.png\",\"contentUrl\":\"https:\/\/www.sonoraenequipo.com.mx\/storage\/2019\/01\/sonoraenequipo_opt.png\",\"width\":375,\"height\":125,\"caption\":\"Sonoraenequipo.com.mx\"},\"image\":{\"@id\":\"https:\/\/www.sonoraenequipo.com.mx\/#\/schema\/logo\/image\/\"},\"sameAs\":[\"https:\/\/www.facebook.com\/SonoraEE\/\",\"https:\/\/x.com\/sonoraenequipo\",\"https:\/\/www.youtube.com\/channel\/UC338nW-lPEYmJQs4ZABQ1SQ\"]},{\"@type\":\"Person\",\"@id\":\"https:\/\/www.sonoraenequipo.com.mx\/#\/schema\/person\/50102df0fb23a8fa9e8effad8fa81386\",\"name\":\"enequipo\",\"image\":{\"@type\":\"ImageObject\",\"inLanguage\":\"es\",\"@id\":\"https:\/\/www.sonoraenequipo.com.mx\/#\/schema\/person\/image\/\",\"url\":\"https:\/\/secure.gravatar.com\/avatar\/049821681b589dabc0bc20695993ccebb09f5b5d4d790cd9251b97faac7c652b?s=96&d=blank&r=g\",\"contentUrl\":\"https:\/\/secure.gravatar.com\/avatar\/049821681b589dabc0bc20695993ccebb09f5b5d4d790cd9251b97faac7c652b?s=96&d=blank&r=g\",\"caption\":\"enequipo\"},\"sameAs\":[\"https:\/\/www.facebook.com\/SonoraEE\"]}]}<\/script>\n ","yoast_head_json":{"title":"Sonora en Equipo. Si hay elementos se indagar\u00e1 a juez que suspendi\u00f3 Ley El\u00e9ctrica: Presidente de la SCJN a AMLO Rep\u00fablica","description":"CIUDAD DE M\u00c9XICO. MX. \u2014 El presidente del Consejo de la Judicatura Federal, Arturo Zald\u00edvar, afirm\u00f3 este lunes que la queja del Presidente Andr\u00e9s Manuel En Sonora en Equipo publicamos toda la informaci\u00f3n de Sonora, M\u00e9xico y el Mundo de manera oportuna y busca que la libertad de expresi\u00f3n sea real. Visita nuestro medio informativo publicado desde Hermosillo, Sonora. %","robots":{"index":"index","follow":"follow","max-snippet":"max-snippet:-1","max-image-preview":"max-image-preview:large","max-video-preview":"max-video-preview:-1"},"canonical":"https:\/\/www.sonoraenequipo.com.mx\/si-hay-elementos-se-indagara-a-juez-que-suspendio-ley-electrica-presidente-de-la-scjn-a-amlo\/","og_locale":"es_ES","og_type":"article","og_title":"Sonora en Equipo. Si hay elementos se indagar\u00e1 a juez que suspendi\u00f3 Ley El\u00e9ctrica: Presidente de la SCJN a AMLO Rep\u00fablica","og_description":"CIUDAD DE M\u00c9XICO. MX. \u2014 El presidente del Consejo de la Judicatura Federal, Arturo Zald\u00edvar, afirm\u00f3 este lunes que la queja del Presidente Andr\u00e9s Manuel En Sonora en Equipo publicamos toda la informaci\u00f3n de Sonora, M\u00e9xico y el Mundo de manera oportuna y busca que la libertad de expresi\u00f3n sea real. Visita nuestro medio informativo publicado desde Hermosillo, Sonora. %","og_url":"https:\/\/www.sonoraenequipo.com.mx\/si-hay-elementos-se-indagara-a-juez-que-suspendio-ley-electrica-presidente-de-la-scjn-a-amlo\/","og_site_name":"Sonora en Equipo.","article_publisher":"https:\/\/www.facebook.com\/SonoraEE\/","article_author":"https:\/\/www.facebook.com\/SonoraEE","article_published_time":"2021-03-16T05:43:37+00:00","og_image":[{"width":800,"height":400,"url":"https:\/\/www.sonoraenequipo.com.mx\/storage\/2021\/03\/Presidente-de-la-SCJN-a-AMLO_opt.jpg","type":"image\/jpeg"}],"author":"enequipo","twitter_card":"summary_large_image","twitter_creator":"@sonoraenequipo","twitter_site":"@sonoraenequipo","twitter_misc":{"Escrito por":"enequipo","Tiempo de lectura":"1 minuto"},"schema":{"@context":"https:\/\/schema.org","@graph":[{"@type":"Article","@id":"https:\/\/www.sonoraenequipo.com.mx\/si-hay-elementos-se-indagara-a-juez-que-suspendio-ley-electrica-presidente-de-la-scjn-a-amlo\/#article","isPartOf":{"@id":"https:\/\/www.sonoraenequipo.com.mx\/si-hay-elementos-se-indagara-a-juez-que-suspendio-ley-electrica-presidente-de-la-scjn-a-amlo\/"},"author":{"name":"enequipo","@id":"https:\/\/www.sonoraenequipo.com.mx\/#\/schema\/person\/50102df0fb23a8fa9e8effad8fa81386"},"headline":"Si hay elementos se indagar\u00e1 a juez que suspendi\u00f3 Ley El\u00e9ctrica: Presidente de la SCJN a AMLO","datePublished":"2021-03-16T05:43:37+00:00","mainEntityOfPage":{"@id":"https:\/\/www.sonoraenequipo.com.mx\/si-hay-elementos-se-indagara-a-juez-que-suspendio-ley-electrica-presidente-de-la-scjn-a-amlo\/"},"wordCount":110,"commentCount":0,"publisher":{"@id":"https:\/\/www.sonoraenequipo.com.mx\/#organization"},"image":{"@id":"https:\/\/www.sonoraenequipo.com.mx\/si-hay-elementos-se-indagara-a-juez-que-suspendio-ley-electrica-presidente-de-la-scjn-a-amlo\/#primaryimage"},"thumbnailUrl":"https:\/\/www.sonoraenequipo.com.mx\/storage\/2021\/03\/Presidente-de-la-SCJN-a-AMLO_opt.jpg","articleSection":["Rep\u00fablica"],"inLanguage":"es","potentialAction":[{"@type":"CommentAction","name":"Comment","target":["https:\/\/www.sonoraenequipo.com.mx\/si-hay-elementos-se-indagara-a-juez-que-suspendio-ley-electrica-presidente-de-la-scjn-a-amlo\/#respond"]}]},{"@type":"WebPage","@id":"https:\/\/www.sonoraenequipo.com.mx\/si-hay-elementos-se-indagara-a-juez-que-suspendio-ley-electrica-presidente-de-la-scjn-a-amlo\/","url":"https:\/\/www.sonoraenequipo.com.mx\/si-hay-elementos-se-indagara-a-juez-que-suspendio-ley-electrica-presidente-de-la-scjn-a-amlo\/","name":"Sonora en Equipo. Si hay elementos se indagar\u00e1 a juez que suspendi\u00f3 Ley El\u00e9ctrica: Presidente de la SCJN a AMLO Rep\u00fablica","isPartOf":{"@id":"https:\/\/www.sonoraenequipo.com.mx\/#website"},"primaryImageOfPage":{"@id":"https:\/\/www.sonoraenequipo.com.mx\/si-hay-elementos-se-indagara-a-juez-que-suspendio-ley-electrica-presidente-de-la-scjn-a-amlo\/#primaryimage"},"image":{"@id":"https:\/\/www.sonoraenequipo.com.mx\/si-hay-elementos-se-indagara-a-juez-que-suspendio-ley-electrica-presidente-de-la-scjn-a-amlo\/#primaryimage"},"thumbnailUrl":"https:\/\/www.sonoraenequipo.com.mx\/storage\/2021\/03\/Presidente-de-la-SCJN-a-AMLO_opt.jpg","datePublished":"2021-03-16T05:43:37+00:00","description":"CIUDAD DE M\u00c9XICO. MX. \u2014 El presidente del Consejo de la Judicatura Federal, Arturo Zald\u00edvar, afirm\u00f3 este lunes que la queja del Presidente Andr\u00e9s Manuel En Sonora en Equipo publicamos toda la informaci\u00f3n de Sonora, M\u00e9xico y el Mundo de manera oportuna y busca que la libertad de expresi\u00f3n sea real. Visita nuestro medio informativo publicado desde Hermosillo, Sonora. %","breadcrumb":{"@id":"https:\/\/www.sonoraenequipo.com.mx\/si-hay-elementos-se-indagara-a-juez-que-suspendio-ley-electrica-presidente-de-la-scjn-a-amlo\/#breadcrumb"},"inLanguage":"es","potentialAction":[{"@type":"ReadAction","target":["https:\/\/www.sonoraenequipo.com.mx\/si-hay-elementos-se-indagara-a-juez-que-suspendio-ley-electrica-presidente-de-la-scjn-a-amlo\/"]}]},{"@type":"ImageObject","inLanguage":"es","@id":"https:\/\/www.sonoraenequipo.com.mx\/si-hay-elementos-se-indagara-a-juez-que-suspendio-ley-electrica-presidente-de-la-scjn-a-amlo\/#primaryimage","url":"https:\/\/www.sonoraenequipo.com.mx\/storage\/2021\/03\/Presidente-de-la-SCJN-a-AMLO_opt.jpg","contentUrl":"https:\/\/www.sonoraenequipo.com.mx\/storage\/2021\/03\/Presidente-de-la-SCJN-a-AMLO_opt.jpg","width":800,"height":400},{"@type":"BreadcrumbList","@id":"https:\/\/www.sonoraenequipo.com.mx\/si-hay-elementos-se-indagara-a-juez-que-suspendio-ley-electrica-presidente-de-la-scjn-a-amlo\/#breadcrumb","itemListElement":[{"@type":"ListItem","position":1,"name":"Portada","item":"https:\/\/www.sonoraenequipo.com.mx\/"},{"@type":"ListItem","position":2,"name":"Si hay elementos se indagar\u00e1 a juez que suspendi\u00f3 Ley El\u00e9ctrica: Presidente de la SCJN a AMLO"}]},{"@type":"WebSite","@id":"https:\/\/www.sonoraenequipo.com.mx\/#website","url":"https:\/\/www.sonoraenequipo.com.mx\/","name":"Sonora en Equipo.","description":"Diario en l\u00ednea con Noticias desde Hermosillo, Sonora","publisher":{"@id":"https:\/\/www.sonoraenequipo.com.mx\/#organization"},"potentialAction":[{"@type":"SearchAction","target":{"@type":"EntryPoint","urlTemplate":"https:\/\/www.sonoraenequipo.com.mx\/?s={search_term_string}"},"query-input":{"@type":"PropertyValueSpecification","valueRequired":true,"valueName":"search_term_string"}}],"inLanguage":"es"},{"@type":"Organization","@id":"https:\/\/www.sonoraenequipo.com.mx\/#organization","name":"Sonoraenequipo.com.mx","url":"https:\/\/www.sonoraenequipo.com.mx\/","logo":{"@type":"ImageObject","inLanguage":"es","@id":"https:\/\/www.sonoraenequipo.com.mx\/#\/schema\/logo\/image\/","url":"https:\/\/www.sonoraenequipo.com.mx\/storage\/2019\/01\/sonoraenequipo_opt.png","contentUrl":"https:\/\/www.sonoraenequipo.com.mx\/storage\/2019\/01\/sonoraenequipo_opt.png","width":375,"height":125,"caption":"Sonoraenequipo.com.mx"},"image":{"@id":"https:\/\/www.sonoraenequipo.com.mx\/#\/schema\/logo\/image\/"},"sameAs":["https:\/\/www.facebook.com\/SonoraEE\/","https:\/\/x.com\/sonoraenequipo","https:\/\/www.youtube.com\/channel\/UC338nW-lPEYmJQs4ZABQ1SQ"]},{"@type":"Person","@id":"https:\/\/www.sonoraenequipo.com.mx\/#\/schema\/person\/50102df0fb23a8fa9e8effad8fa81386","name":"enequipo","image":{"@type":"ImageObject","inLanguage":"es","@id":"https:\/\/www.sonoraenequipo.com.mx\/#\/schema\/person\/image\/","url":"https:\/\/secure.gravatar.com\/avatar\/049821681b589dabc0bc20695993ccebb09f5b5d4d790cd9251b97faac7c652b?s=96&d=blank&r=g","contentUrl":"https:\/\/secure.gravatar.com\/avatar\/049821681b589dabc0bc20695993ccebb09f5b5d4d790cd9251b97faac7c652b?s=96&d=blank&r=g","caption":"enequipo"},"sameAs":["https:\/\/www.facebook.com\/SonoraEE"]}]}},"jetpack_featured_media_url":"https:\/\/www.sonoraenequipo.com.mx\/storage\/2021\/03\/Presidente-de-la-SCJN-a-AMLO_opt.jpg","_links":{"self":[{"href":"https:\/\/www.sonoraenequipo.com.mx\/api\/wp\/v2\/posts\/109225","targetHints":{"allow":["GET"]}}],"collection":[{"href":"https:\/\/www.sonoraenequipo.com.mx\/api\/wp\/v2\/posts"}],"about":[{"href":"https:\/\/www.sonoraenequipo.com.mx\/api\/wp\/v2\/types\/post"}],"author":[{"embeddable":true,"href":"https:\/\/www.sonoraenequipo.com.mx\/api\/wp\/v2\/users\/1"}],"replies":[{"embeddable":true,"href":"https:\/\/www.sonoraenequipo.com.mx\/api\/wp\/v2\/comments?post=109225"}],"version-history":[{"count":1,"href":"https:\/\/www.sonoraenequipo.com.mx\/api\/wp\/v2\/posts\/109225\/revisions"}],"predecessor-version":[{"id":109233,"href":"https:\/\/www.sonoraenequipo.com.mx\/api\/wp\/v2\/posts\/109225\/revisions\/109233"}],"wp:featuredmedia":[{"embeddable":true,"href":"https:\/\/www.sonoraenequipo.com.mx\/api\/wp\/v2\/media\/109232"}],"wp:attachment":[{"href":"https:\/\/www.sonoraenequipo.com.mx\/api\/wp\/v2\/media?parent=109225"}],"wp:term":[{"taxonomy":"category","embeddable":true,"href":"https:\/\/www.sonoraenequipo.com.mx\/api\/wp\/v2\/categories?post=109225"},{"taxonomy":"post_tag","embeddable":true,"href":"https:\/\/www.sonoraenequipo.com.mx\/api\/wp\/v2\/tags?post=109225"}],"curies":[{"name":"wp","href":"https:\/\/api.w.org\/{rel}","templated":true}]}}