{"id":109234,"date":"2021-03-15T23:55:39","date_gmt":"2021-03-16T06:55:39","guid":{"rendered":"https:\/\/www.sonoraenequipo.com.mx\/?p=109234"},"modified":"2021-03-15T22:41:24","modified_gmt":"2021-03-16T05:41:24","slug":"coronavirus-en-mexico-reportan-mil-439-contagios-y-234-fallecimientos","status":"publish","type":"post","link":"https:\/\/www.sonoraenequipo.com.mx\/coronavirus-en-mexico-reportan-mil-439-contagios-y-234-fallecimientos\/","title":{"rendered":"Coronavirus en M\u00e9xico: Reportan mil 439 contagios y 234 fallecimientos"},"content":{"rendered":"<p>CIUDAD DE M\u00c9XICO. MX.\u2014 En M\u00e9xico hubo 220 nuevas muertes por la covid-19 en las \u00faltimas 24 horas para sumar un total de 194.710 decesos desde el comienzo de la pandemia, indicaron este domingo autoridades de su Secretar\u00eda (ministerio) de Salud.<\/p>\n<p>&nbsp;<\/p>\n<p> <\/p>\n<p>Adem\u00e1s, informaron de 2 mil 415 nuevos casos del coronavirus SARS-CoV-2 para un total de 2.166.290 contagios.<\/p>\n<p>Con estas cifras, M\u00e9xico ocupa el decimotercer lugar mundial en n\u00famero de contagios y el tercer puesto en el de decesos por la pandemia, detr\u00e1s de Estados Unidos y Brasil, seg\u00fan la universidad estadounidense Johns Hopkins.<\/p>\n<p>Desde el comienzo de la pandemia han sido estudiados en M\u00e9xico 5,77 millones de pacientes, inform\u00f3 Gabriela Nucamendi, directora de vigilancia epidemiol\u00f3gica de enfermedades transmisibles de la Secretar\u00eda de Salud en conferencia de prensa.<\/p>\n<p>Adem\u00e1s, dijo que hay en el pa\u00eds 1 mill\u00f3n 705 mil 743 personas que se consideran recuperadas despu\u00e9s de haber padecido la enfermedad.<\/p>\n<p>Agreg\u00f3 que el n\u00famero de casos estimados es de 2 millones 360 mil 347 al considerar aquellos que esperan el resultado de la prueba. Entre ellos, hay 43 mil 317 casos activos estimados, es decir, un 2 % del total que han presentado s\u00edntomas en las \u00faltimas dos semanas.<\/p>\n<p>&nbsp;<\/p>\n<p>Precis\u00f3 que hasta ahora se evidencia una ocupaci\u00f3n media del 24 % de camas generales sobre un total de 31 mil 764, de las cuales 24 mil 239 est\u00e1n disponibles y 7 mil 525 ocupadas.<\/p>\n<p>En cuanto a camas de terapia intensiva con respirador, se\u00f1al\u00f3 que existe una ocupaci\u00f3n nacional del 28 %, aunque destaca Ciudad de M\u00e9xico con el 50 % de ocupaci\u00f3n.<\/p>\n<p>En total existen 10 mil 918 camas de este tipo, de las cuales 7 mil 894 est\u00e1n disponibles y 3 mil 024 ocupadas.<\/p>\n<p>Sobre defunciones, la capital mexicana, foco de la pandemia, acumula casi una de cada cinco muertes.<\/p>\n<h3>\nPlan de vacunaci\u00f3n<\/h3>\n<p>En la conferencia de prensa se inform\u00f3 tambi\u00e9n de que hasta ahora se han aplicado en el pa\u00eds 4 millones 339 mil 926 dosis de vacuna contra la covid-19.<\/p>\n<p>Dentro de ese total, 609 mil 881 trabajadores sanitarios y personal educativo han recibido las dos dosis necesarias del esquema de vacunaci\u00f3n para lograr la inmunidad.<\/p>\n<p>Adem\u00e1s, 2 millones 883 mil 813 personas adultas mayores de 60 a\u00f1os han recibido una primera dosis.<\/p>\n<p>El presidente de M\u00e9xico, Andr\u00e9s Manuel L\u00f3pez Obrador, asegur\u00f3 este domingo que se tiene garantizada la vacuna contra la covid-19 para todos los mexicanos.<em> \u00abNo nos van a faltar\u00bb<\/em>, enfatiz\u00f3.<\/p>\n<p>Explic\u00f3 que se han formalizado contratos por 140 millones de dosis, y se aument\u00f3 el presupuesto a 40.000 millones de pesos (1.931 millones de d\u00f3lares) para la compra del ant\u00edgeno.<\/p>\n<p>Adem\u00e1s, se\u00f1al\u00f3 que el Plan Nacional de Vacunaci\u00f3n ya no se detendr\u00e1 y se contar\u00e1 con capacidad de vacunar entre 200.000 y 300.000 personas diariamente en todo el pa\u00eds.<\/p>\n<p>M\u00e9xico, con 126 millones de habitantes, tiene comprometidos 34,4 millones de dosis de la vacuna estadounidense Pfizer, 79,4 de la brit\u00e1nica AstraZeneca, 35 de la china CanSino, 24 de la rusa Sputnik V, 20 de la china Sinovac, 12 de la tambi\u00e9n china Sinopharm y 51,4 de la plataforma Covax de la Organizaci\u00f3n Mundial de la Salud (OMS).<\/p>\n<p>&nbsp;<\/p>\n<p>(Publicada el 15\/03\/2021)<\/p>\n","protected":false},"excerpt":{"rendered":"<p>CIUDAD DE M\u00c9XICO. MX.\u2014 En M\u00e9xico hubo 220 nuevas muertes por la covid-19 en las&#8230;<\/p>\n","protected":false},"author":1,"featured_media":109238,"comment_status":"open","ping_status":"open","sticky":false,"template":"","format":"standard","meta":{"_monsterinsights_skip_tracking":false,"_monsterinsights_sitenote_active":false,"_monsterinsights_sitenote_note":"","_monsterinsights_sitenote_category":0,"footnotes":""},"categories":[5],"tags":[],"class_list":["post"],"yoast_head":" \n<title>Sonora en Equipo. Coronavirus en M\u00e9xico: Reportan mil 439 contagios y 234 fallecimientos Rep\u00fablica<\/title>\n<meta name=\"description\" content=\"CIUDAD DE M\u00c9XICO. MX.\u2014 En M\u00e9xico hubo 220 nuevas muertes por la covid-19 en las \u00faltimas 24 horas para sumar un total de 194.710 decesos desde el comienzo En Sonora en Equipo publicamos toda la informaci\u00f3n de Sonora, M\u00e9xico y el Mundo de manera oportuna y busca que la libertad de expresi\u00f3n sea real. Visita nuestro medio informativo publicado desde Hermosillo, Sonora. %\" \/>\n<meta name=\"robots\" content=\"index, follow, max-snippet:-1, max-image-preview:large, max-video-preview:-1\" \/>\n<link rel=\"canonical\" href=\"https:\/\/www.sonoraenequipo.com.mx\/coronavirus-en-mexico-reportan-mil-439-contagios-y-234-fallecimientos\/\" \/>\n<meta property=\"og:locale\" content=\"es_ES\" \/>\n<meta property=\"og:type\" content=\"article\" \/>\n<meta property=\"og:title\" content=\"Sonora en Equipo. Coronavirus en M\u00e9xico: Reportan mil 439 contagios y 234 fallecimientos Rep\u00fablica\" \/>\n<meta property=\"og:description\" content=\"CIUDAD DE M\u00c9XICO. MX.\u2014 En M\u00e9xico hubo 220 nuevas muertes por la covid-19 en las \u00faltimas 24 horas para sumar un total de 194.710 decesos desde el comienzo En Sonora en Equipo publicamos toda la informaci\u00f3n de Sonora, M\u00e9xico y el Mundo de manera oportuna y busca que la libertad de expresi\u00f3n sea real. Visita nuestro medio informativo publicado desde Hermosillo, Sonora. %\" \/>\n<meta property=\"og:url\" content=\"https:\/\/www.sonoraenequipo.com.mx\/coronavirus-en-mexico-reportan-mil-439-contagios-y-234-fallecimientos\/\" \/>\n<meta property=\"og:site_name\" content=\"Sonora en Equipo.\" \/>\n<meta property=\"article:publisher\" content=\"https:\/\/www.facebook.com\/SonoraEE\/\" \/>\n<meta property=\"article:author\" content=\"https:\/\/www.facebook.com\/SonoraEE\" \/>\n<meta property=\"article:published_time\" content=\"2021-03-16T06:55:39+00:00\" \/>\n<meta property=\"og:image\" content=\"https:\/\/www.sonoraenequipo.com.mx\/storage\/2021\/03\/covid-19-enmx_opt.jpg\" \/>\n\t<meta property=\"og:image:width\" content=\"640\" \/>\n\t<meta property=\"og:image:height\" content=\"400\" \/>\n\t<meta property=\"og:image:type\" content=\"image\/jpeg\" \/>\n<meta name=\"author\" content=\"enequipo\" \/>\n<meta name=\"twitter:card\" content=\"summary_large_image\" \/>\n<meta name=\"twitter:creator\" content=\"@sonoraenequipo\" \/>\n<meta name=\"twitter:site\" content=\"@sonoraenequipo\" \/>\n<meta name=\"twitter:label1\" content=\"Escrito por\" \/>\n\t<meta name=\"twitter:data1\" content=\"enequipo\" \/>\n\t<meta name=\"twitter:label2\" content=\"Tiempo de lectura\" \/>\n\t<meta name=\"twitter:data2\" content=\"3 minutos\" \/>\n<script type=\"application\/ld+json\" class=\"yoast-schema-graph\">{\"@context\":\"https:\/\/schema.org\",\"@graph\":[{\"@type\":\"Article\",\"@id\":\"https:\/\/www.sonoraenequipo.com.mx\/coronavirus-en-mexico-reportan-mil-439-contagios-y-234-fallecimientos\/#article\",\"isPartOf\":{\"@id\":\"https:\/\/www.sonoraenequipo.com.mx\/coronavirus-en-mexico-reportan-mil-439-contagios-y-234-fallecimientos\/\"},\"author\":{\"name\":\"enequipo\",\"@id\":\"https:\/\/www.sonoraenequipo.com.mx\/#\/schema\/person\/50102df0fb23a8fa9e8effad8fa81386\"},\"headline\":\"Coronavirus en M\u00e9xico: Reportan mil 439 contagios y 234 fallecimientos\",\"datePublished\":\"2021-03-16T06:55:39+00:00\",\"mainEntityOfPage\":{\"@id\":\"https:\/\/www.sonoraenequipo.com.mx\/coronavirus-en-mexico-reportan-mil-439-contagios-y-234-fallecimientos\/\"},\"wordCount\":525,\"commentCount\":0,\"publisher\":{\"@id\":\"https:\/\/www.sonoraenequipo.com.mx\/#organization\"},\"image\":{\"@id\":\"https:\/\/www.sonoraenequipo.com.mx\/coronavirus-en-mexico-reportan-mil-439-contagios-y-234-fallecimientos\/#primaryimage\"},\"thumbnailUrl\":\"https:\/\/www.sonoraenequipo.com.mx\/storage\/2021\/03\/covid-19-enmx_opt.jpg\",\"articleSection\":[\"Rep\u00fablica\"],\"inLanguage\":\"es\",\"potentialAction\":[{\"@type\":\"CommentAction\",\"name\":\"Comment\",\"target\":[\"https:\/\/www.sonoraenequipo.com.mx\/coronavirus-en-mexico-reportan-mil-439-contagios-y-234-fallecimientos\/#respond\"]}]},{\"@type\":\"WebPage\",\"@id\":\"https:\/\/www.sonoraenequipo.com.mx\/coronavirus-en-mexico-reportan-mil-439-contagios-y-234-fallecimientos\/\",\"url\":\"https:\/\/www.sonoraenequipo.com.mx\/coronavirus-en-mexico-reportan-mil-439-contagios-y-234-fallecimientos\/\",\"name\":\"Sonora en Equipo. Coronavirus en M\u00e9xico: Reportan mil 439 contagios y 234 fallecimientos Rep\u00fablica\",\"isPartOf\":{\"@id\":\"https:\/\/www.sonoraenequipo.com.mx\/#website\"},\"primaryImageOfPage\":{\"@id\":\"https:\/\/www.sonoraenequipo.com.mx\/coronavirus-en-mexico-reportan-mil-439-contagios-y-234-fallecimientos\/#primaryimage\"},\"image\":{\"@id\":\"https:\/\/www.sonoraenequipo.com.mx\/coronavirus-en-mexico-reportan-mil-439-contagios-y-234-fallecimientos\/#primaryimage\"},\"thumbnailUrl\":\"https:\/\/www.sonoraenequipo.com.mx\/storage\/2021\/03\/covid-19-enmx_opt.jpg\",\"datePublished\":\"2021-03-16T06:55:39+00:00\",\"description\":\"CIUDAD DE M\u00c9XICO. MX.\u2014 En M\u00e9xico hubo 220 nuevas muertes por la covid-19 en las \u00faltimas 24 horas para sumar un total de 194.710 decesos desde el comienzo En Sonora en Equipo publicamos toda la informaci\u00f3n de Sonora, M\u00e9xico y el Mundo de manera oportuna y busca que la libertad de expresi\u00f3n sea real. Visita nuestro medio informativo publicado desde Hermosillo, Sonora. %\",\"breadcrumb\":{\"@id\":\"https:\/\/www.sonoraenequipo.com.mx\/coronavirus-en-mexico-reportan-mil-439-contagios-y-234-fallecimientos\/#breadcrumb\"},\"inLanguage\":\"es\",\"potentialAction\":[{\"@type\":\"ReadAction\",\"target\":[\"https:\/\/www.sonoraenequipo.com.mx\/coronavirus-en-mexico-reportan-mil-439-contagios-y-234-fallecimientos\/\"]}]},{\"@type\":\"ImageObject\",\"inLanguage\":\"es\",\"@id\":\"https:\/\/www.sonoraenequipo.com.mx\/coronavirus-en-mexico-reportan-mil-439-contagios-y-234-fallecimientos\/#primaryimage\",\"url\":\"https:\/\/www.sonoraenequipo.com.mx\/storage\/2021\/03\/covid-19-enmx_opt.jpg\",\"contentUrl\":\"https:\/\/www.sonoraenequipo.com.mx\/storage\/2021\/03\/covid-19-enmx_opt.jpg\",\"width\":640,\"height\":400},{\"@type\":\"BreadcrumbList\",\"@id\":\"https:\/\/www.sonoraenequipo.com.mx\/coronavirus-en-mexico-reportan-mil-439-contagios-y-234-fallecimientos\/#breadcrumb\",\"itemListElement\":[{\"@type\":\"ListItem\",\"position\":1,\"name\":\"Portada\",\"item\":\"https:\/\/www.sonoraenequipo.com.mx\/\"},{\"@type\":\"ListItem\",\"position\":2,\"name\":\"Coronavirus en M\u00e9xico: Reportan mil 439 contagios y 234 fallecimientos\"}]},{\"@type\":\"WebSite\",\"@id\":\"https:\/\/www.sonoraenequipo.com.mx\/#website\",\"url\":\"https:\/\/www.sonoraenequipo.com.mx\/\",\"name\":\"Sonora en Equipo.\",\"description\":\"Diario en l\u00ednea con Noticias desde Hermosillo, Sonora\",\"publisher\":{\"@id\":\"https:\/\/www.sonoraenequipo.com.mx\/#organization\"},\"potentialAction\":[{\"@type\":\"SearchAction\",\"target\":{\"@type\":\"EntryPoint\",\"urlTemplate\":\"https:\/\/www.sonoraenequipo.com.mx\/?s={search_term_string}\"},\"query-input\":{\"@type\":\"PropertyValueSpecification\",\"valueRequired\":true,\"valueName\":\"search_term_string\"}}],\"inLanguage\":\"es\"},{\"@type\":\"Organization\",\"@id\":\"https:\/\/www.sonoraenequipo.com.mx\/#organization\",\"name\":\"Sonoraenequipo.com.mx\",\"url\":\"https:\/\/www.sonoraenequipo.com.mx\/\",\"logo\":{\"@type\":\"ImageObject\",\"inLanguage\":\"es\",\"@id\":\"https:\/\/www.sonoraenequipo.com.mx\/#\/schema\/logo\/image\/\",\"url\":\"https:\/\/www.sonoraenequipo.com.mx\/storage\/2019\/01\/sonoraenequipo_opt.png\",\"contentUrl\":\"https:\/\/www.sonoraenequipo.com.mx\/storage\/2019\/01\/sonoraenequipo_opt.png\",\"width\":375,\"height\":125,\"caption\":\"Sonoraenequipo.com.mx\"},\"image\":{\"@id\":\"https:\/\/www.sonoraenequipo.com.mx\/#\/schema\/logo\/image\/\"},\"sameAs\":[\"https:\/\/www.facebook.com\/SonoraEE\/\",\"https:\/\/x.com\/sonoraenequipo\",\"https:\/\/www.youtube.com\/channel\/UC338nW-lPEYmJQs4ZABQ1SQ\"]},{\"@type\":\"Person\",\"@id\":\"https:\/\/www.sonoraenequipo.com.mx\/#\/schema\/person\/50102df0fb23a8fa9e8effad8fa81386\",\"name\":\"enequipo\",\"image\":{\"@type\":\"ImageObject\",\"inLanguage\":\"es\",\"@id\":\"https:\/\/www.sonoraenequipo.com.mx\/#\/schema\/person\/image\/\",\"url\":\"https:\/\/secure.gravatar.com\/avatar\/049821681b589dabc0bc20695993ccebb09f5b5d4d790cd9251b97faac7c652b?s=96&d=blank&r=g\",\"contentUrl\":\"https:\/\/secure.gravatar.com\/avatar\/049821681b589dabc0bc20695993ccebb09f5b5d4d790cd9251b97faac7c652b?s=96&d=blank&r=g\",\"caption\":\"enequipo\"},\"sameAs\":[\"https:\/\/www.facebook.com\/SonoraEE\"]}]}<\/script>\n ","yoast_head_json":{"title":"Sonora en Equipo. Coronavirus en M\u00e9xico: Reportan mil 439 contagios y 234 fallecimientos Rep\u00fablica","description":"CIUDAD DE M\u00c9XICO. MX.\u2014 En M\u00e9xico hubo 220 nuevas muertes por la covid-19 en las \u00faltimas 24 horas para sumar un total de 194.710 decesos desde el comienzo En Sonora en Equipo publicamos toda la informaci\u00f3n de Sonora, M\u00e9xico y el Mundo de manera oportuna y busca que la libertad de expresi\u00f3n sea real. Visita nuestro medio informativo publicado desde Hermosillo, Sonora. %","robots":{"index":"index","follow":"follow","max-snippet":"max-snippet:-1","max-image-preview":"max-image-preview:large","max-video-preview":"max-video-preview:-1"},"canonical":"https:\/\/www.sonoraenequipo.com.mx\/coronavirus-en-mexico-reportan-mil-439-contagios-y-234-fallecimientos\/","og_locale":"es_ES","og_type":"article","og_title":"Sonora en Equipo. Coronavirus en M\u00e9xico: Reportan mil 439 contagios y 234 fallecimientos Rep\u00fablica","og_description":"CIUDAD DE M\u00c9XICO. MX.\u2014 En M\u00e9xico hubo 220 nuevas muertes por la covid-19 en las \u00faltimas 24 horas para sumar un total de 194.710 decesos desde el comienzo En Sonora en Equipo publicamos toda la informaci\u00f3n de Sonora, M\u00e9xico y el Mundo de manera oportuna y busca que la libertad de expresi\u00f3n sea real. Visita nuestro medio informativo publicado desde Hermosillo, Sonora. %","og_url":"https:\/\/www.sonoraenequipo.com.mx\/coronavirus-en-mexico-reportan-mil-439-contagios-y-234-fallecimientos\/","og_site_name":"Sonora en Equipo.","article_publisher":"https:\/\/www.facebook.com\/SonoraEE\/","article_author":"https:\/\/www.facebook.com\/SonoraEE","article_published_time":"2021-03-16T06:55:39+00:00","og_image":[{"width":640,"height":400,"url":"https:\/\/www.sonoraenequipo.com.mx\/storage\/2021\/03\/covid-19-enmx_opt.jpg","type":"image\/jpeg"}],"author":"enequipo","twitter_card":"summary_large_image","twitter_creator":"@sonoraenequipo","twitter_site":"@sonoraenequipo","twitter_misc":{"Escrito por":"enequipo","Tiempo de lectura":"3 minutos"},"schema":{"@context":"https:\/\/schema.org","@graph":[{"@type":"Article","@id":"https:\/\/www.sonoraenequipo.com.mx\/coronavirus-en-mexico-reportan-mil-439-contagios-y-234-fallecimientos\/#article","isPartOf":{"@id":"https:\/\/www.sonoraenequipo.com.mx\/coronavirus-en-mexico-reportan-mil-439-contagios-y-234-fallecimientos\/"},"author":{"name":"enequipo","@id":"https:\/\/www.sonoraenequipo.com.mx\/#\/schema\/person\/50102df0fb23a8fa9e8effad8fa81386"},"headline":"Coronavirus en M\u00e9xico: Reportan mil 439 contagios y 234 fallecimientos","datePublished":"2021-03-16T06:55:39+00:00","mainEntityOfPage":{"@id":"https:\/\/www.sonoraenequipo.com.mx\/coronavirus-en-mexico-reportan-mil-439-contagios-y-234-fallecimientos\/"},"wordCount":525,"commentCount":0,"publisher":{"@id":"https:\/\/www.sonoraenequipo.com.mx\/#organization"},"image":{"@id":"https:\/\/www.sonoraenequipo.com.mx\/coronavirus-en-mexico-reportan-mil-439-contagios-y-234-fallecimientos\/#primaryimage"},"thumbnailUrl":"https:\/\/www.sonoraenequipo.com.mx\/storage\/2021\/03\/covid-19-enmx_opt.jpg","articleSection":["Rep\u00fablica"],"inLanguage":"es","potentialAction":[{"@type":"CommentAction","name":"Comment","target":["https:\/\/www.sonoraenequipo.com.mx\/coronavirus-en-mexico-reportan-mil-439-contagios-y-234-fallecimientos\/#respond"]}]},{"@type":"WebPage","@id":"https:\/\/www.sonoraenequipo.com.mx\/coronavirus-en-mexico-reportan-mil-439-contagios-y-234-fallecimientos\/","url":"https:\/\/www.sonoraenequipo.com.mx\/coronavirus-en-mexico-reportan-mil-439-contagios-y-234-fallecimientos\/","name":"Sonora en Equipo. Coronavirus en M\u00e9xico: Reportan mil 439 contagios y 234 fallecimientos Rep\u00fablica","isPartOf":{"@id":"https:\/\/www.sonoraenequipo.com.mx\/#website"},"primaryImageOfPage":{"@id":"https:\/\/www.sonoraenequipo.com.mx\/coronavirus-en-mexico-reportan-mil-439-contagios-y-234-fallecimientos\/#primaryimage"},"image":{"@id":"https:\/\/www.sonoraenequipo.com.mx\/coronavirus-en-mexico-reportan-mil-439-contagios-y-234-fallecimientos\/#primaryimage"},"thumbnailUrl":"https:\/\/www.sonoraenequipo.com.mx\/storage\/2021\/03\/covid-19-enmx_opt.jpg","datePublished":"2021-03-16T06:55:39+00:00","description":"CIUDAD DE M\u00c9XICO. MX.\u2014 En M\u00e9xico hubo 220 nuevas muertes por la covid-19 en las \u00faltimas 24 horas para sumar un total de 194.710 decesos desde el comienzo En Sonora en Equipo publicamos toda la informaci\u00f3n de Sonora, M\u00e9xico y el Mundo de manera oportuna y busca que la libertad de expresi\u00f3n sea real. Visita nuestro medio informativo publicado desde Hermosillo, Sonora. %","breadcrumb":{"@id":"https:\/\/www.sonoraenequipo.com.mx\/coronavirus-en-mexico-reportan-mil-439-contagios-y-234-fallecimientos\/#breadcrumb"},"inLanguage":"es","potentialAction":[{"@type":"ReadAction","target":["https:\/\/www.sonoraenequipo.com.mx\/coronavirus-en-mexico-reportan-mil-439-contagios-y-234-fallecimientos\/"]}]},{"@type":"ImageObject","inLanguage":"es","@id":"https:\/\/www.sonoraenequipo.com.mx\/coronavirus-en-mexico-reportan-mil-439-contagios-y-234-fallecimientos\/#primaryimage","url":"https:\/\/www.sonoraenequipo.com.mx\/storage\/2021\/03\/covid-19-enmx_opt.jpg","contentUrl":"https:\/\/www.sonoraenequipo.com.mx\/storage\/2021\/03\/covid-19-enmx_opt.jpg","width":640,"height":400},{"@type":"BreadcrumbList","@id":"https:\/\/www.sonoraenequipo.com.mx\/coronavirus-en-mexico-reportan-mil-439-contagios-y-234-fallecimientos\/#breadcrumb","itemListElement":[{"@type":"ListItem","position":1,"name":"Portada","item":"https:\/\/www.sonoraenequipo.com.mx\/"},{"@type":"ListItem","position":2,"name":"Coronavirus en M\u00e9xico: Reportan mil 439 contagios y 234 fallecimientos"}]},{"@type":"WebSite","@id":"https:\/\/www.sonoraenequipo.com.mx\/#website","url":"https:\/\/www.sonoraenequipo.com.mx\/","name":"Sonora en Equipo.","description":"Diario en l\u00ednea con Noticias desde Hermosillo, Sonora","publisher":{"@id":"https:\/\/www.sonoraenequipo.com.mx\/#organization"},"potentialAction":[{"@type":"SearchAction","target":{"@type":"EntryPoint","urlTemplate":"https:\/\/www.sonoraenequipo.com.mx\/?s={search_term_string}"},"query-input":{"@type":"PropertyValueSpecification","valueRequired":true,"valueName":"search_term_string"}}],"inLanguage":"es"},{"@type":"Organization","@id":"https:\/\/www.sonoraenequipo.com.mx\/#organization","name":"Sonoraenequipo.com.mx","url":"https:\/\/www.sonoraenequipo.com.mx\/","logo":{"@type":"ImageObject","inLanguage":"es","@id":"https:\/\/www.sonoraenequipo.com.mx\/#\/schema\/logo\/image\/","url":"https:\/\/www.sonoraenequipo.com.mx\/storage\/2019\/01\/sonoraenequipo_opt.png","contentUrl":"https:\/\/www.sonoraenequipo.com.mx\/storage\/2019\/01\/sonoraenequipo_opt.png","width":375,"height":125,"caption":"Sonoraenequipo.com.mx"},"image":{"@id":"https:\/\/www.sonoraenequipo.com.mx\/#\/schema\/logo\/image\/"},"sameAs":["https:\/\/www.facebook.com\/SonoraEE\/","https:\/\/x.com\/sonoraenequipo","https:\/\/www.youtube.com\/channel\/UC338nW-lPEYmJQs4ZABQ1SQ"]},{"@type":"Person","@id":"https:\/\/www.sonoraenequipo.com.mx\/#\/schema\/person\/50102df0fb23a8fa9e8effad8fa81386","name":"enequipo","image":{"@type":"ImageObject","inLanguage":"es","@id":"https:\/\/www.sonoraenequipo.com.mx\/#\/schema\/person\/image\/","url":"https:\/\/secure.gravatar.com\/avatar\/049821681b589dabc0bc20695993ccebb09f5b5d4d790cd9251b97faac7c652b?s=96&d=blank&r=g","contentUrl":"https:\/\/secure.gravatar.com\/avatar\/049821681b589dabc0bc20695993ccebb09f5b5d4d790cd9251b97faac7c652b?s=96&d=blank&r=g","caption":"enequipo"},"sameAs":["https:\/\/www.facebook.com\/SonoraEE"]}]}},"jetpack_featured_media_url":"https:\/\/www.sonoraenequipo.com.mx\/storage\/2021\/03\/covid-19-enmx_opt.jpg","_links":{"self":[{"href":"https:\/\/www.sonoraenequipo.com.mx\/api\/wp\/v2\/posts\/109234","targetHints":{"allow":["GET"]}}],"collection":[{"href":"https:\/\/www.sonoraenequipo.com.mx\/api\/wp\/v2\/posts"}],"about":[{"href":"https:\/\/www.sonoraenequipo.com.mx\/api\/wp\/v2\/types\/post"}],"author":[{"embeddable":true,"href":"https:\/\/www.sonoraenequipo.com.mx\/api\/wp\/v2\/users\/1"}],"replies":[{"embeddable":true,"href":"https:\/\/www.sonoraenequipo.com.mx\/api\/wp\/v2\/comments?post=109234"}],"version-history":[{"count":1,"href":"https:\/\/www.sonoraenequipo.com.mx\/api\/wp\/v2\/posts\/109234\/revisions"}],"predecessor-version":[{"id":109240,"href":"https:\/\/www.sonoraenequipo.com.mx\/api\/wp\/v2\/posts\/109234\/revisions\/109240"}],"wp:featuredmedia":[{"embeddable":true,"href":"https:\/\/www.sonoraenequipo.com.mx\/api\/wp\/v2\/media\/109238"}],"wp:attachment":[{"href":"https:\/\/www.sonoraenequipo.com.mx\/api\/wp\/v2\/media?parent=109234"}],"wp:term":[{"taxonomy":"category","embeddable":true,"href":"https:\/\/www.sonoraenequipo.com.mx\/api\/wp\/v2\/categories?post=109234"},{"taxonomy":"post_tag","embeddable":true,"href":"https:\/\/www.sonoraenequipo.com.mx\/api\/wp\/v2\/tags?post=109234"}],"curies":[{"name":"wp","href":"https:\/\/api.w.org\/{rel}","templated":true}]}}