{"id":109235,"date":"2021-03-15T22:39:35","date_gmt":"2021-03-16T05:39:35","guid":{"rendered":"https:\/\/www.sonoraenequipo.com.mx\/?p=109235"},"modified":"2021-03-15T22:39:35","modified_gmt":"2021-03-16T05:39:35","slug":"nadie-mas-que-yo-preparado-para-arreglar-sonora-a-como-nos-lo-van-a-dejar-ricardo-bours","status":"publish","type":"post","link":"https:\/\/www.sonoraenequipo.com.mx\/nadie-mas-que-yo-preparado-para-arreglar-sonora-a-como-nos-lo-van-a-dejar-ricardo-bours\/","title":{"rendered":"Nadie m\u00e1s que yo preparado para arreglar Sonora a como nos lo van a dejar: Ricardo Bours"},"content":{"rendered":"<p><em>\u25ba<\/em><em>La violencia en los municipios es un c\u00e1ncer al que le est\u00e1n dando \u201cmejoralitos\u201d.<\/em><\/p>\n<p><em>\u00a0<\/em><\/p>\n<p><em>\u25ba<\/em><em>La delincuencia organizada decide cu\u00e1ndo nos podemos mover los sonorenses, a qu\u00e9 horas y a d\u00f3nde.<\/em><\/p>\n<p><em>\u00a0<\/em><\/p>\n<p><em>\u25ba<\/em><em>Implementaremos un esquema de salud diferente, que brinde atenci\u00f3n b\u00e1sica primaria de primer nivel en todo el estado.<\/em><\/p>\n<p><em>\u00a0<\/em><\/p>\n<p><em>\u25ba<\/em><em>No hay lana<\/em><\/p>\n<p>&nbsp;<\/p>\n<p><strong>CABORCA. SONORA,MX<\/strong>.\u2500 La violencia que se est\u00e1 viviendo en los municipios de Sonora es un c\u00e1ncer al que le estamos dando mejoralitos, indic\u00f3 Ricardo Bours, candidato a gobernador por Movimiento Ciudadano, en su visita al municipio de Caborca en donde escuch\u00f3 a los y las ciudadanas quienes mencionaron como principal problema la inseguridad que prevalece en la ciudad.<\/p>\n<p>&nbsp;<\/p>\n<p><em>\u201c<\/em><em>No hay nadie m\u00e1s preparado que yo para arreglar el estado, a como lo van a dejar, dijo el candidato, no hay lana, los problemas yo los conozco, para eso estamos en campa\u00f1a, yo voy a llegar a resolverlos\u201d.<\/em><\/p>\n<p>&nbsp;<\/p>\n<p>Bours Castelo habl\u00f3 de la importancia de poner una extensi\u00f3n del Instituto Superior de Instituto Superior de Seguridad P\u00fablica del Estado (ISPE) para reclutar y capacitar elementos de manera permanente en las fuerzas policiacas.<\/p>\n<p>&nbsp;<\/p>\n<p>Tambi\u00e9n una certificaci\u00f3n de las fuerzas del orden, Guardia Nacional del Ej\u00e9rcito y Marina, para que sepan c\u00f3mo deben tratar a los y a las sonorenses, \u201cno es posible que nos est\u00e9n tratando como delincuentes y esa no es la actitud\u201d, \u201cVamos a mejorar los sueldos de los polic\u00edas pues en Sonora son los peor pagados\u201d.<\/p>\n<p>&nbsp;<\/p>\n<p>\u201cLa delincuencia organizada decide cu\u00e1ndo nos podemos mover los sonorenses, a qu\u00e9 horas y a d\u00f3nde, la delincuencia organizada decide qu\u00e9 drogas se consumen y en d\u00f3nde y esto tiene que terminar\u201d.<\/p>\n<p>&nbsp;<\/p>\n<p>En el tema de salud, el candidato por Movimiento Ciudadano se\u00f1al\u00f3 la importancia de brindar un esquema de salud diferente, un sistema que lleve la atenci\u00f3n a los municipios, que brinde la atenci\u00f3n b\u00e1sica primaria de primer nivel sin necesidad de ir a la capital.<\/p>\n<p>&nbsp;<\/p>\n<p>En mi proyecto, expres\u00f3 Bours Castelo \u201cHay \u00e1nimo, esperanza y compromiso, se siguen sumando m\u00e1s personas, gente que abandon\u00f3 el barco de los \u00abmorenos\u00bb y los \u00abprianistas\u00bb quienes jugaron con la esperanza de los ciudadanos, abusaron de la confianza que les dieron\u201d.<\/p>\n<p>&nbsp;<\/p>\n<p>Adem\u00e1s, indic\u00f3 que en la regi\u00f3n hay muchas desigualdades econ\u00f3micas y discriminaci\u00f3n.<\/p>\n<p>&nbsp;<\/p>\n<p>Fecha de publicaci\u00f3n\u00a0 lunes 15\u00a0 \/marzo\/2021<\/p>\n<p>&nbsp;<\/p>\n<p>&nbsp;<\/p>\n<p>&nbsp;<\/p>\n","protected":false},"excerpt":{"rendered":"<p>\u25baLa violencia en los municipios es un c\u00e1ncer al que le est\u00e1n dando \u201cmejoralitos\u201d. \u00a0&#8230;<\/p>\n","protected":false},"author":1,"featured_media":109236,"comment_status":"open","ping_status":"open","sticky":false,"template":"","format":"standard","meta":{"_monsterinsights_skip_tracking":false,"_monsterinsights_sitenote_active":false,"_monsterinsights_sitenote_note":"","_monsterinsights_sitenote_category":0,"footnotes":""},"categories":[8],"tags":[111,5236,5261],"class_list":["post"],"yoast_head":" \n<title>Sonora en Equipo. Nadie m\u00e1s que yo preparado para arreglar Sonora a como nos lo van a dejar: Ricardo Bours LA ELECCION 2024<\/title>\n<meta name=\"description\" content=\"\u25baLa violencia en los municipios es un c\u00e1ncer al que le est\u00e1n dando \u201cmejoralitos\u201d. \u00a0 \u25baLa delincuencia organizada decide cu\u00e1ndo nos podemos mover los En Sonora en Equipo publicamos toda la informaci\u00f3n de Sonora, M\u00e9xico y el Mundo de manera oportuna y busca que la libertad de expresi\u00f3n sea real. Visita nuestro medio informativo publicado desde Hermosillo, Sonora. %\" \/>\n<meta name=\"robots\" content=\"index, follow, max-snippet:-1, max-image-preview:large, max-video-preview:-1\" \/>\n<link rel=\"canonical\" href=\"https:\/\/www.sonoraenequipo.com.mx\/nadie-mas-que-yo-preparado-para-arreglar-sonora-a-como-nos-lo-van-a-dejar-ricardo-bours\/\" \/>\n<meta property=\"og:locale\" content=\"es_ES\" \/>\n<meta property=\"og:type\" content=\"article\" \/>\n<meta property=\"og:title\" content=\"Sonora en Equipo. Nadie m\u00e1s que yo preparado para arreglar Sonora a como nos lo van a dejar: Ricardo Bours LA ELECCION 2024\" \/>\n<meta property=\"og:description\" content=\"\u25baLa violencia en los municipios es un c\u00e1ncer al que le est\u00e1n dando \u201cmejoralitos\u201d. \u00a0 \u25baLa delincuencia organizada decide cu\u00e1ndo nos podemos mover los En Sonora en Equipo publicamos toda la informaci\u00f3n de Sonora, M\u00e9xico y el Mundo de manera oportuna y busca que la libertad de expresi\u00f3n sea real. Visita nuestro medio informativo publicado desde Hermosillo, Sonora. %\" \/>\n<meta property=\"og:url\" content=\"https:\/\/www.sonoraenequipo.com.mx\/nadie-mas-que-yo-preparado-para-arreglar-sonora-a-como-nos-lo-van-a-dejar-ricardo-bours\/\" \/>\n<meta property=\"og:site_name\" content=\"Sonora en Equipo.\" \/>\n<meta property=\"article:publisher\" content=\"https:\/\/www.facebook.com\/SonoraEE\/\" \/>\n<meta property=\"article:author\" content=\"https:\/\/www.facebook.com\/SonoraEE\" \/>\n<meta property=\"article:published_time\" content=\"2021-03-16T05:39:35+00:00\" \/>\n<meta property=\"og:image\" content=\"https:\/\/www.sonoraenequipo.com.mx\/storage\/2021\/03\/rbc150321.jpg\" \/>\n\t<meta property=\"og:image:width\" content=\"500\" \/>\n\t<meta property=\"og:image:height\" content=\"333\" \/>\n\t<meta property=\"og:image:type\" content=\"image\/jpeg\" \/>\n<meta name=\"author\" content=\"enequipo\" \/>\n<meta name=\"twitter:card\" content=\"summary_large_image\" \/>\n<meta name=\"twitter:creator\" content=\"@sonoraenequipo\" \/>\n<meta name=\"twitter:site\" content=\"@sonoraenequipo\" \/>\n<meta name=\"twitter:label1\" content=\"Escrito por\" \/>\n\t<meta name=\"twitter:data1\" content=\"enequipo\" \/>\n\t<meta name=\"twitter:label2\" content=\"Tiempo de lectura\" \/>\n\t<meta name=\"twitter:data2\" content=\"2 minutos\" \/>\n<script type=\"application\/ld+json\" class=\"yoast-schema-graph\">{\"@context\":\"https:\/\/schema.org\",\"@graph\":[{\"@type\":\"Article\",\"@id\":\"https:\/\/www.sonoraenequipo.com.mx\/nadie-mas-que-yo-preparado-para-arreglar-sonora-a-como-nos-lo-van-a-dejar-ricardo-bours\/#article\",\"isPartOf\":{\"@id\":\"https:\/\/www.sonoraenequipo.com.mx\/nadie-mas-que-yo-preparado-para-arreglar-sonora-a-como-nos-lo-van-a-dejar-ricardo-bours\/\"},\"author\":{\"name\":\"enequipo\",\"@id\":\"https:\/\/www.sonoraenequipo.com.mx\/#\/schema\/person\/50102df0fb23a8fa9e8effad8fa81386\"},\"headline\":\"Nadie m\u00e1s que yo preparado para arreglar Sonora a como nos lo van a dejar: Ricardo Bours\",\"datePublished\":\"2021-03-16T05:39:35+00:00\",\"mainEntityOfPage\":{\"@id\":\"https:\/\/www.sonoraenequipo.com.mx\/nadie-mas-que-yo-preparado-para-arreglar-sonora-a-como-nos-lo-van-a-dejar-ricardo-bours\/\"},\"wordCount\":435,\"commentCount\":0,\"publisher\":{\"@id\":\"https:\/\/www.sonoraenequipo.com.mx\/#organization\"},\"image\":{\"@id\":\"https:\/\/www.sonoraenequipo.com.mx\/nadie-mas-que-yo-preparado-para-arreglar-sonora-a-como-nos-lo-van-a-dejar-ricardo-bours\/#primaryimage\"},\"thumbnailUrl\":\"https:\/\/www.sonoraenequipo.com.mx\/storage\/2021\/03\/rbc150321.jpg\",\"keywords\":[\"elecciones\",\"Ricardo Bours\",\"sonora2021\"],\"articleSection\":[\"LA ELECCION 2024\"],\"inLanguage\":\"es\",\"potentialAction\":[{\"@type\":\"CommentAction\",\"name\":\"Comment\",\"target\":[\"https:\/\/www.sonoraenequipo.com.mx\/nadie-mas-que-yo-preparado-para-arreglar-sonora-a-como-nos-lo-van-a-dejar-ricardo-bours\/#respond\"]}]},{\"@type\":\"WebPage\",\"@id\":\"https:\/\/www.sonoraenequipo.com.mx\/nadie-mas-que-yo-preparado-para-arreglar-sonora-a-como-nos-lo-van-a-dejar-ricardo-bours\/\",\"url\":\"https:\/\/www.sonoraenequipo.com.mx\/nadie-mas-que-yo-preparado-para-arreglar-sonora-a-como-nos-lo-van-a-dejar-ricardo-bours\/\",\"name\":\"Sonora en Equipo. Nadie m\u00e1s que yo preparado para arreglar Sonora a como nos lo van a dejar: Ricardo Bours LA ELECCION 2024\",\"isPartOf\":{\"@id\":\"https:\/\/www.sonoraenequipo.com.mx\/#website\"},\"primaryImageOfPage\":{\"@id\":\"https:\/\/www.sonoraenequipo.com.mx\/nadie-mas-que-yo-preparado-para-arreglar-sonora-a-como-nos-lo-van-a-dejar-ricardo-bours\/#primaryimage\"},\"image\":{\"@id\":\"https:\/\/www.sonoraenequipo.com.mx\/nadie-mas-que-yo-preparado-para-arreglar-sonora-a-como-nos-lo-van-a-dejar-ricardo-bours\/#primaryimage\"},\"thumbnailUrl\":\"https:\/\/www.sonoraenequipo.com.mx\/storage\/2021\/03\/rbc150321.jpg\",\"datePublished\":\"2021-03-16T05:39:35+00:00\",\"description\":\"\u25baLa violencia en los municipios es un c\u00e1ncer al que le est\u00e1n dando \u201cmejoralitos\u201d. \u00a0 \u25baLa delincuencia organizada decide cu\u00e1ndo nos podemos mover los En Sonora en Equipo publicamos toda la informaci\u00f3n de Sonora, M\u00e9xico y el Mundo de manera oportuna y busca que la libertad de expresi\u00f3n sea real. Visita nuestro medio informativo publicado desde Hermosillo, Sonora. %\",\"breadcrumb\":{\"@id\":\"https:\/\/www.sonoraenequipo.com.mx\/nadie-mas-que-yo-preparado-para-arreglar-sonora-a-como-nos-lo-van-a-dejar-ricardo-bours\/#breadcrumb\"},\"inLanguage\":\"es\",\"potentialAction\":[{\"@type\":\"ReadAction\",\"target\":[\"https:\/\/www.sonoraenequipo.com.mx\/nadie-mas-que-yo-preparado-para-arreglar-sonora-a-como-nos-lo-van-a-dejar-ricardo-bours\/\"]}]},{\"@type\":\"ImageObject\",\"inLanguage\":\"es\",\"@id\":\"https:\/\/www.sonoraenequipo.com.mx\/nadie-mas-que-yo-preparado-para-arreglar-sonora-a-como-nos-lo-van-a-dejar-ricardo-bours\/#primaryimage\",\"url\":\"https:\/\/www.sonoraenequipo.com.mx\/storage\/2021\/03\/rbc150321.jpg\",\"contentUrl\":\"https:\/\/www.sonoraenequipo.com.mx\/storage\/2021\/03\/rbc150321.jpg\",\"width\":500,\"height\":333},{\"@type\":\"BreadcrumbList\",\"@id\":\"https:\/\/www.sonoraenequipo.com.mx\/nadie-mas-que-yo-preparado-para-arreglar-sonora-a-como-nos-lo-van-a-dejar-ricardo-bours\/#breadcrumb\",\"itemListElement\":[{\"@type\":\"ListItem\",\"position\":1,\"name\":\"Portada\",\"item\":\"https:\/\/www.sonoraenequipo.com.mx\/\"},{\"@type\":\"ListItem\",\"position\":2,\"name\":\"Nadie m\u00e1s que yo preparado para arreglar Sonora a como nos lo van a dejar: Ricardo Bours\"}]},{\"@type\":\"WebSite\",\"@id\":\"https:\/\/www.sonoraenequipo.com.mx\/#website\",\"url\":\"https:\/\/www.sonoraenequipo.com.mx\/\",\"name\":\"Sonora en Equipo.\",\"description\":\"Diario en l\u00ednea con Noticias desde Hermosillo, Sonora\",\"publisher\":{\"@id\":\"https:\/\/www.sonoraenequipo.com.mx\/#organization\"},\"potentialAction\":[{\"@type\":\"SearchAction\",\"target\":{\"@type\":\"EntryPoint\",\"urlTemplate\":\"https:\/\/www.sonoraenequipo.com.mx\/?s={search_term_string}\"},\"query-input\":{\"@type\":\"PropertyValueSpecification\",\"valueRequired\":true,\"valueName\":\"search_term_string\"}}],\"inLanguage\":\"es\"},{\"@type\":\"Organization\",\"@id\":\"https:\/\/www.sonoraenequipo.com.mx\/#organization\",\"name\":\"Sonoraenequipo.com.mx\",\"url\":\"https:\/\/www.sonoraenequipo.com.mx\/\",\"logo\":{\"@type\":\"ImageObject\",\"inLanguage\":\"es\",\"@id\":\"https:\/\/www.sonoraenequipo.com.mx\/#\/schema\/logo\/image\/\",\"url\":\"https:\/\/www.sonoraenequipo.com.mx\/storage\/2019\/01\/sonoraenequipo_opt.png\",\"contentUrl\":\"https:\/\/www.sonoraenequipo.com.mx\/storage\/2019\/01\/sonoraenequipo_opt.png\",\"width\":375,\"height\":125,\"caption\":\"Sonoraenequipo.com.mx\"},\"image\":{\"@id\":\"https:\/\/www.sonoraenequipo.com.mx\/#\/schema\/logo\/image\/\"},\"sameAs\":[\"https:\/\/www.facebook.com\/SonoraEE\/\",\"https:\/\/x.com\/sonoraenequipo\",\"https:\/\/www.youtube.com\/channel\/UC338nW-lPEYmJQs4ZABQ1SQ\"]},{\"@type\":\"Person\",\"@id\":\"https:\/\/www.sonoraenequipo.com.mx\/#\/schema\/person\/50102df0fb23a8fa9e8effad8fa81386\",\"name\":\"enequipo\",\"image\":{\"@type\":\"ImageObject\",\"inLanguage\":\"es\",\"@id\":\"https:\/\/www.sonoraenequipo.com.mx\/#\/schema\/person\/image\/\",\"url\":\"https:\/\/secure.gravatar.com\/avatar\/049821681b589dabc0bc20695993ccebb09f5b5d4d790cd9251b97faac7c652b?s=96&d=blank&r=g\",\"contentUrl\":\"https:\/\/secure.gravatar.com\/avatar\/049821681b589dabc0bc20695993ccebb09f5b5d4d790cd9251b97faac7c652b?s=96&d=blank&r=g\",\"caption\":\"enequipo\"},\"sameAs\":[\"https:\/\/www.facebook.com\/SonoraEE\"]}]}<\/script>\n ","yoast_head_json":{"title":"Sonora en Equipo. Nadie m\u00e1s que yo preparado para arreglar Sonora a como nos lo van a dejar: Ricardo Bours LA ELECCION 2024","description":"\u25baLa violencia en los municipios es un c\u00e1ncer al que le est\u00e1n dando \u201cmejoralitos\u201d. \u00a0 \u25baLa delincuencia organizada decide cu\u00e1ndo nos podemos mover los En Sonora en Equipo publicamos toda la informaci\u00f3n de Sonora, M\u00e9xico y el Mundo de manera oportuna y busca que la libertad de expresi\u00f3n sea real. Visita nuestro medio informativo publicado desde Hermosillo, Sonora. %","robots":{"index":"index","follow":"follow","max-snippet":"max-snippet:-1","max-image-preview":"max-image-preview:large","max-video-preview":"max-video-preview:-1"},"canonical":"https:\/\/www.sonoraenequipo.com.mx\/nadie-mas-que-yo-preparado-para-arreglar-sonora-a-como-nos-lo-van-a-dejar-ricardo-bours\/","og_locale":"es_ES","og_type":"article","og_title":"Sonora en Equipo. Nadie m\u00e1s que yo preparado para arreglar Sonora a como nos lo van a dejar: Ricardo Bours LA ELECCION 2024","og_description":"\u25baLa violencia en los municipios es un c\u00e1ncer al que le est\u00e1n dando \u201cmejoralitos\u201d. \u00a0 \u25baLa delincuencia organizada decide cu\u00e1ndo nos podemos mover los En Sonora en Equipo publicamos toda la informaci\u00f3n de Sonora, M\u00e9xico y el Mundo de manera oportuna y busca que la libertad de expresi\u00f3n sea real. Visita nuestro medio informativo publicado desde Hermosillo, Sonora. %","og_url":"https:\/\/www.sonoraenequipo.com.mx\/nadie-mas-que-yo-preparado-para-arreglar-sonora-a-como-nos-lo-van-a-dejar-ricardo-bours\/","og_site_name":"Sonora en Equipo.","article_publisher":"https:\/\/www.facebook.com\/SonoraEE\/","article_author":"https:\/\/www.facebook.com\/SonoraEE","article_published_time":"2021-03-16T05:39:35+00:00","og_image":[{"width":500,"height":333,"url":"https:\/\/www.sonoraenequipo.com.mx\/storage\/2021\/03\/rbc150321.jpg","type":"image\/jpeg"}],"author":"enequipo","twitter_card":"summary_large_image","twitter_creator":"@sonoraenequipo","twitter_site":"@sonoraenequipo","twitter_misc":{"Escrito por":"enequipo","Tiempo de lectura":"2 minutos"},"schema":{"@context":"https:\/\/schema.org","@graph":[{"@type":"Article","@id":"https:\/\/www.sonoraenequipo.com.mx\/nadie-mas-que-yo-preparado-para-arreglar-sonora-a-como-nos-lo-van-a-dejar-ricardo-bours\/#article","isPartOf":{"@id":"https:\/\/www.sonoraenequipo.com.mx\/nadie-mas-que-yo-preparado-para-arreglar-sonora-a-como-nos-lo-van-a-dejar-ricardo-bours\/"},"author":{"name":"enequipo","@id":"https:\/\/www.sonoraenequipo.com.mx\/#\/schema\/person\/50102df0fb23a8fa9e8effad8fa81386"},"headline":"Nadie m\u00e1s que yo preparado para arreglar Sonora a como nos lo van a dejar: Ricardo Bours","datePublished":"2021-03-16T05:39:35+00:00","mainEntityOfPage":{"@id":"https:\/\/www.sonoraenequipo.com.mx\/nadie-mas-que-yo-preparado-para-arreglar-sonora-a-como-nos-lo-van-a-dejar-ricardo-bours\/"},"wordCount":435,"commentCount":0,"publisher":{"@id":"https:\/\/www.sonoraenequipo.com.mx\/#organization"},"image":{"@id":"https:\/\/www.sonoraenequipo.com.mx\/nadie-mas-que-yo-preparado-para-arreglar-sonora-a-como-nos-lo-van-a-dejar-ricardo-bours\/#primaryimage"},"thumbnailUrl":"https:\/\/www.sonoraenequipo.com.mx\/storage\/2021\/03\/rbc150321.jpg","keywords":["elecciones","Ricardo Bours","sonora2021"],"articleSection":["LA ELECCION 2024"],"inLanguage":"es","potentialAction":[{"@type":"CommentAction","name":"Comment","target":["https:\/\/www.sonoraenequipo.com.mx\/nadie-mas-que-yo-preparado-para-arreglar-sonora-a-como-nos-lo-van-a-dejar-ricardo-bours\/#respond"]}]},{"@type":"WebPage","@id":"https:\/\/www.sonoraenequipo.com.mx\/nadie-mas-que-yo-preparado-para-arreglar-sonora-a-como-nos-lo-van-a-dejar-ricardo-bours\/","url":"https:\/\/www.sonoraenequipo.com.mx\/nadie-mas-que-yo-preparado-para-arreglar-sonora-a-como-nos-lo-van-a-dejar-ricardo-bours\/","name":"Sonora en Equipo. Nadie m\u00e1s que yo preparado para arreglar Sonora a como nos lo van a dejar: Ricardo Bours LA ELECCION 2024","isPartOf":{"@id":"https:\/\/www.sonoraenequipo.com.mx\/#website"},"primaryImageOfPage":{"@id":"https:\/\/www.sonoraenequipo.com.mx\/nadie-mas-que-yo-preparado-para-arreglar-sonora-a-como-nos-lo-van-a-dejar-ricardo-bours\/#primaryimage"},"image":{"@id":"https:\/\/www.sonoraenequipo.com.mx\/nadie-mas-que-yo-preparado-para-arreglar-sonora-a-como-nos-lo-van-a-dejar-ricardo-bours\/#primaryimage"},"thumbnailUrl":"https:\/\/www.sonoraenequipo.com.mx\/storage\/2021\/03\/rbc150321.jpg","datePublished":"2021-03-16T05:39:35+00:00","description":"\u25baLa violencia en los municipios es un c\u00e1ncer al que le est\u00e1n dando \u201cmejoralitos\u201d. \u00a0 \u25baLa delincuencia organizada decide cu\u00e1ndo nos podemos mover los En Sonora en Equipo publicamos toda la informaci\u00f3n de Sonora, M\u00e9xico y el Mundo de manera oportuna y busca que la libertad de expresi\u00f3n sea real. Visita nuestro medio informativo publicado desde Hermosillo, Sonora. %","breadcrumb":{"@id":"https:\/\/www.sonoraenequipo.com.mx\/nadie-mas-que-yo-preparado-para-arreglar-sonora-a-como-nos-lo-van-a-dejar-ricardo-bours\/#breadcrumb"},"inLanguage":"es","potentialAction":[{"@type":"ReadAction","target":["https:\/\/www.sonoraenequipo.com.mx\/nadie-mas-que-yo-preparado-para-arreglar-sonora-a-como-nos-lo-van-a-dejar-ricardo-bours\/"]}]},{"@type":"ImageObject","inLanguage":"es","@id":"https:\/\/www.sonoraenequipo.com.mx\/nadie-mas-que-yo-preparado-para-arreglar-sonora-a-como-nos-lo-van-a-dejar-ricardo-bours\/#primaryimage","url":"https:\/\/www.sonoraenequipo.com.mx\/storage\/2021\/03\/rbc150321.jpg","contentUrl":"https:\/\/www.sonoraenequipo.com.mx\/storage\/2021\/03\/rbc150321.jpg","width":500,"height":333},{"@type":"BreadcrumbList","@id":"https:\/\/www.sonoraenequipo.com.mx\/nadie-mas-que-yo-preparado-para-arreglar-sonora-a-como-nos-lo-van-a-dejar-ricardo-bours\/#breadcrumb","itemListElement":[{"@type":"ListItem","position":1,"name":"Portada","item":"https:\/\/www.sonoraenequipo.com.mx\/"},{"@type":"ListItem","position":2,"name":"Nadie m\u00e1s que yo preparado para arreglar Sonora a como nos lo van a dejar: Ricardo Bours"}]},{"@type":"WebSite","@id":"https:\/\/www.sonoraenequipo.com.mx\/#website","url":"https:\/\/www.sonoraenequipo.com.mx\/","name":"Sonora en Equipo.","description":"Diario en l\u00ednea con Noticias desde Hermosillo, Sonora","publisher":{"@id":"https:\/\/www.sonoraenequipo.com.mx\/#organization"},"potentialAction":[{"@type":"SearchAction","target":{"@type":"EntryPoint","urlTemplate":"https:\/\/www.sonoraenequipo.com.mx\/?s={search_term_string}"},"query-input":{"@type":"PropertyValueSpecification","valueRequired":true,"valueName":"search_term_string"}}],"inLanguage":"es"},{"@type":"Organization","@id":"https:\/\/www.sonoraenequipo.com.mx\/#organization","name":"Sonoraenequipo.com.mx","url":"https:\/\/www.sonoraenequipo.com.mx\/","logo":{"@type":"ImageObject","inLanguage":"es","@id":"https:\/\/www.sonoraenequipo.com.mx\/#\/schema\/logo\/image\/","url":"https:\/\/www.sonoraenequipo.com.mx\/storage\/2019\/01\/sonoraenequipo_opt.png","contentUrl":"https:\/\/www.sonoraenequipo.com.mx\/storage\/2019\/01\/sonoraenequipo_opt.png","width":375,"height":125,"caption":"Sonoraenequipo.com.mx"},"image":{"@id":"https:\/\/www.sonoraenequipo.com.mx\/#\/schema\/logo\/image\/"},"sameAs":["https:\/\/www.facebook.com\/SonoraEE\/","https:\/\/x.com\/sonoraenequipo","https:\/\/www.youtube.com\/channel\/UC338nW-lPEYmJQs4ZABQ1SQ"]},{"@type":"Person","@id":"https:\/\/www.sonoraenequipo.com.mx\/#\/schema\/person\/50102df0fb23a8fa9e8effad8fa81386","name":"enequipo","image":{"@type":"ImageObject","inLanguage":"es","@id":"https:\/\/www.sonoraenequipo.com.mx\/#\/schema\/person\/image\/","url":"https:\/\/secure.gravatar.com\/avatar\/049821681b589dabc0bc20695993ccebb09f5b5d4d790cd9251b97faac7c652b?s=96&d=blank&r=g","contentUrl":"https:\/\/secure.gravatar.com\/avatar\/049821681b589dabc0bc20695993ccebb09f5b5d4d790cd9251b97faac7c652b?s=96&d=blank&r=g","caption":"enequipo"},"sameAs":["https:\/\/www.facebook.com\/SonoraEE"]}]}},"jetpack_featured_media_url":"https:\/\/www.sonoraenequipo.com.mx\/storage\/2021\/03\/rbc150321.jpg","_links":{"self":[{"href":"https:\/\/www.sonoraenequipo.com.mx\/api\/wp\/v2\/posts\/109235","targetHints":{"allow":["GET"]}}],"collection":[{"href":"https:\/\/www.sonoraenequipo.com.mx\/api\/wp\/v2\/posts"}],"about":[{"href":"https:\/\/www.sonoraenequipo.com.mx\/api\/wp\/v2\/types\/post"}],"author":[{"embeddable":true,"href":"https:\/\/www.sonoraenequipo.com.mx\/api\/wp\/v2\/users\/1"}],"replies":[{"embeddable":true,"href":"https:\/\/www.sonoraenequipo.com.mx\/api\/wp\/v2\/comments?post=109235"}],"version-history":[{"count":1,"href":"https:\/\/www.sonoraenequipo.com.mx\/api\/wp\/v2\/posts\/109235\/revisions"}],"predecessor-version":[{"id":109237,"href":"https:\/\/www.sonoraenequipo.com.mx\/api\/wp\/v2\/posts\/109235\/revisions\/109237"}],"wp:featuredmedia":[{"embeddable":true,"href":"https:\/\/www.sonoraenequipo.com.mx\/api\/wp\/v2\/media\/109236"}],"wp:attachment":[{"href":"https:\/\/www.sonoraenequipo.com.mx\/api\/wp\/v2\/media?parent=109235"}],"wp:term":[{"taxonomy":"category","embeddable":true,"href":"https:\/\/www.sonoraenequipo.com.mx\/api\/wp\/v2\/categories?post=109235"},{"taxonomy":"post_tag","embeddable":true,"href":"https:\/\/www.sonoraenequipo.com.mx\/api\/wp\/v2\/tags?post=109235"}],"curies":[{"name":"wp","href":"https:\/\/api.w.org\/{rel}","templated":true}]}}