{"id":109241,"date":"2021-03-15T23:00:45","date_gmt":"2021-03-16T06:00:45","guid":{"rendered":"https:\/\/www.sonoraenequipo.com.mx\/?p=109241"},"modified":"2021-03-15T23:00:45","modified_gmt":"2021-03-16T06:00:45","slug":"iniciaremos-la-reactivacion-de-la-economia-con-las-pequenas-empresas-borrego-gandara","status":"publish","type":"post","link":"https:\/\/www.sonoraenequipo.com.mx\/iniciaremos-la-reactivacion-de-la-economia-con-las-pequenas-empresas-borrego-gandara\/","title":{"rendered":"Iniciaremos la reactivaci\u00f3n de la econom\u00eda con las peque\u00f1as empresas: \u201cBorrego\u201d G\u00e1ndara"},"content":{"rendered":"<p>HERMOSILLO, SONORA,MX.\u2500\u2500 Las grandes empresas han sido por costumbre las primeras en recibir apoyos gubernamentales para impulsar la econom\u00eda local, ahora le vamos a dar la vuelta y empezaremos por nuestra base comercial para recuperar la reactivaci\u00f3n del mercado, adelant\u00f3 Ernesto el \u201cBorrego\u201d G\u00e1ndara.<\/p>\n<p>&nbsp;<\/p>\n<p>El Candidato a Gobernador de la Alianza \u201cVa Por Sonora\u201d explic\u00f3 que la propuesta que present\u00f3 en un video publicado en sus redes sociales se basa en atender a los empresarios en peque\u00f1o como las carretas de hot dogs, boutiques, abarrotes, taqueros, comerciantes, m\u00fasicos, locatarios, servicios de profesionales, en general los peque\u00f1os comercios, que mantienen la econom\u00eda local y otorgan empleos a familias de bajos recursos, se trata de mejorar la calidad de vida de las personas.<\/p>\n<p>&nbsp;<\/p>\n<p>Este tipo de negocios, abund\u00f3, se han visto afectados en gran medida por la contingencia que ha causado el Covid-19, por lo que es urgente comenzar desde la base econ\u00f3mica.<\/p>\n<p>&nbsp;<\/p>\n<p>\u201cLe daremos un giro tremendo a la forma de manejar la econom\u00eda. La gran reactivaci\u00f3n econ\u00f3mica comienza por ellos, ese ser\u00e1 el compromiso de mi Gobierno apoyar a los m\u00e1s vulnerables, ellos ser\u00e1n los primeros en la lista\u201d, garantiz\u00f3 el Candidato por la Alianza.<\/p>\n<p>&nbsp;<\/p>\n<p>Recuperar la circulaci\u00f3n econ\u00f3mica local despu\u00e9s de las afectaciones que ha dejado la pandemia, es una de las mayores preocupaciones para el Candidato de la Alianza \u201cVa por Sonora\u201d, quien lo manifiesta en esta segunda semana de campa\u00f1a en la que estar\u00e1 presentando propuestas enfocadas a la reactivaci\u00f3n de la econom\u00eda.<\/p>\n<p>&nbsp;<\/p>\n<p>Es por eso que para recoger las inquietudes de los propietarios de los negocios, durante estos diez d\u00edas de campa\u00f1a ha realizado visitas a comerciantes y emprendedores de Nogales, Etchojoa, Empalme, Navojoa y Hermosillo, escuchando y construyendo de su mano propuestas que reactiven su econom\u00eda.<\/p>\n<p>&nbsp;<\/p>\n<p>\u201cEstamos reuni\u00e9ndonos con la gente, estamos escuch\u00e1ndolos, y entendemos que han tenido un a\u00f1o complicado, que han batallado, que han tenido d\u00edas de angustia por la falta de dinero en su casa, en sus negocios, y queremos que est\u00e9n seguros que ellos van a ser nuestra prioridad, vamos por ustedes\u201d, resalt\u00f3 el \u201cBorrego\u201d G\u00e1ndara.<\/p>\n<p>&nbsp;<\/p>\n<p>No quiere decir que dejar\u00e1n de apoyarse a las grandes empresas de Sonora, dijo, sino que los apoyos empezar\u00e1n a fluir desde abajo, con la gente, con quienes m\u00e1s incertidumbre tienen respecto a su d\u00eda a d\u00eda.<\/p>\n<p>&nbsp;<\/p>\n<p>\u201cVamos a gestionar los apoyos que necesiten, vamos a darles cr\u00e9ditos como ya lo hemos dicho, sin cobrar intereses, vamos a darles facilidades fiscales, vamos a ayudarles a crecer su tienda, su carreta, su est\u00e9tica, su lugar de trabajo\u201d.<\/p>\n<p>&nbsp;<\/p>\n<p>Ernesto el \u201cBorrego\u201d G\u00e1ndara asegur\u00f3 estar sensible a los problemas sociales, a la falta de oportunidades ocasionadas por la alerta sanitaria, es por eso que a la par de la generaci\u00f3n de estos apoyos se trabajar\u00e1 en regresar los incentivos que el Gobierno Federal ha quitado y que en este periodo les genera a\u00fan m\u00e1s incertidumbre y temor, al dejarlos desprotegidos en el tema de Seguro Popular, Estancias Infantiles, el programa Prospera.<\/p>\n<p>&nbsp;<\/p>\n<p>\u201cLa gran reactivaci\u00f3n econ\u00f3mica comienza por ellos, porque no podemos arreglar los problemas del 2021 con oficinas creadas en los a\u00f1os 90\u2019s. Todo esto lo vamos a cambiar\u201d, declar\u00f3 el representante de la Alianza \u201cVa por Sonora\u201d.<\/p>\n<p>Fecha de publicaci\u00f3n\u00a0 lunes 15\u00a0 \/marzo\/2021<\/p>\n","protected":false},"excerpt":{"rendered":"<p>HERMOSILLO, SONORA,MX.\u2500\u2500 Las grandes empresas han sido por costumbre las primeras en recibir apoyos gubernamentales&#8230;<\/p>\n","protected":false},"author":1,"featured_media":109242,"comment_status":"open","ping_status":"open","sticky":false,"template":"","format":"standard","meta":{"_monsterinsights_skip_tracking":false,"_monsterinsights_sitenote_active":false,"_monsterinsights_sitenote_note":"","_monsterinsights_sitenote_category":0,"footnotes":""},"categories":[8],"tags":[5498,5497],"class_list":["post"],"yoast_head":" \n<title>Sonora en Equipo. Iniciaremos la reactivaci\u00f3n de la econom\u00eda con las peque\u00f1as empresas: \u201cBorrego\u201d G\u00e1ndara LA ELECCION 2024<\/title>\n<meta name=\"description\" content=\"HERMOSILLO, SONORA,MX.\u2500\u2500 Las grandes empresas han sido por costumbre las primeras en recibir apoyos gubernamentales para impulsar la econom\u00eda local, ahora En Sonora en Equipo publicamos toda la informaci\u00f3n de Sonora, M\u00e9xico y el Mundo de manera oportuna y busca que la libertad de expresi\u00f3n sea real. Visita nuestro medio informativo publicado desde Hermosillo, Sonora. %\" \/>\n<meta name=\"robots\" content=\"index, follow, max-snippet:-1, max-image-preview:large, max-video-preview:-1\" \/>\n<link rel=\"canonical\" href=\"https:\/\/www.sonoraenequipo.com.mx\/iniciaremos-la-reactivacion-de-la-economia-con-las-pequenas-empresas-borrego-gandara\/\" \/>\n<meta property=\"og:locale\" content=\"es_ES\" \/>\n<meta property=\"og:type\" content=\"article\" \/>\n<meta property=\"og:title\" content=\"Sonora en Equipo. Iniciaremos la reactivaci\u00f3n de la econom\u00eda con las peque\u00f1as empresas: \u201cBorrego\u201d G\u00e1ndara LA ELECCION 2024\" \/>\n<meta property=\"og:description\" content=\"HERMOSILLO, SONORA,MX.\u2500\u2500 Las grandes empresas han sido por costumbre las primeras en recibir apoyos gubernamentales para impulsar la econom\u00eda local, ahora En Sonora en Equipo publicamos toda la informaci\u00f3n de Sonora, M\u00e9xico y el Mundo de manera oportuna y busca que la libertad de expresi\u00f3n sea real. Visita nuestro medio informativo publicado desde Hermosillo, Sonora. %\" \/>\n<meta property=\"og:url\" content=\"https:\/\/www.sonoraenequipo.com.mx\/iniciaremos-la-reactivacion-de-la-economia-con-las-pequenas-empresas-borrego-gandara\/\" \/>\n<meta property=\"og:site_name\" content=\"Sonora en Equipo.\" \/>\n<meta property=\"article:publisher\" content=\"https:\/\/www.facebook.com\/SonoraEE\/\" \/>\n<meta property=\"article:author\" content=\"https:\/\/www.facebook.com\/SonoraEE\" \/>\n<meta property=\"article:published_time\" content=\"2021-03-16T06:00:45+00:00\" \/>\n<meta property=\"og:image\" content=\"https:\/\/www.sonoraenequipo.com.mx\/storage\/2021\/03\/egc150321.jpg\" \/>\n\t<meta property=\"og:image:width\" content=\"500\" \/>\n\t<meta property=\"og:image:height\" content=\"333\" \/>\n\t<meta property=\"og:image:type\" content=\"image\/jpeg\" \/>\n<meta name=\"author\" content=\"enequipo\" \/>\n<meta name=\"twitter:card\" content=\"summary_large_image\" \/>\n<meta name=\"twitter:creator\" content=\"@sonoraenequipo\" \/>\n<meta name=\"twitter:site\" content=\"@sonoraenequipo\" \/>\n<meta name=\"twitter:label1\" content=\"Escrito por\" \/>\n\t<meta name=\"twitter:data1\" content=\"enequipo\" \/>\n\t<meta name=\"twitter:label2\" content=\"Tiempo de lectura\" \/>\n\t<meta name=\"twitter:data2\" content=\"3 minutos\" \/>\n<script type=\"application\/ld+json\" class=\"yoast-schema-graph\">{\"@context\":\"https:\/\/schema.org\",\"@graph\":[{\"@type\":\"Article\",\"@id\":\"https:\/\/www.sonoraenequipo.com.mx\/iniciaremos-la-reactivacion-de-la-economia-con-las-pequenas-empresas-borrego-gandara\/#article\",\"isPartOf\":{\"@id\":\"https:\/\/www.sonoraenequipo.com.mx\/iniciaremos-la-reactivacion-de-la-economia-con-las-pequenas-empresas-borrego-gandara\/\"},\"author\":{\"name\":\"enequipo\",\"@id\":\"https:\/\/www.sonoraenequipo.com.mx\/#\/schema\/person\/50102df0fb23a8fa9e8effad8fa81386\"},\"headline\":\"Iniciaremos la reactivaci\u00f3n de la econom\u00eda con las peque\u00f1as empresas: \u201cBorrego\u201d G\u00e1ndara\",\"datePublished\":\"2021-03-16T06:00:45+00:00\",\"mainEntityOfPage\":{\"@id\":\"https:\/\/www.sonoraenequipo.com.mx\/iniciaremos-la-reactivacion-de-la-economia-con-las-pequenas-empresas-borrego-gandara\/\"},\"wordCount\":604,\"commentCount\":0,\"publisher\":{\"@id\":\"https:\/\/www.sonoraenequipo.com.mx\/#organization\"},\"image\":{\"@id\":\"https:\/\/www.sonoraenequipo.com.mx\/iniciaremos-la-reactivacion-de-la-economia-con-las-pequenas-empresas-borrego-gandara\/#primaryimage\"},\"thumbnailUrl\":\"https:\/\/www.sonoraenequipo.com.mx\/storage\/2021\/03\/egc150321.jpg\",\"keywords\":[\"borregogandara\",\"eleccionessonora2021\"],\"articleSection\":[\"LA ELECCION 2024\"],\"inLanguage\":\"es\",\"potentialAction\":[{\"@type\":\"CommentAction\",\"name\":\"Comment\",\"target\":[\"https:\/\/www.sonoraenequipo.com.mx\/iniciaremos-la-reactivacion-de-la-economia-con-las-pequenas-empresas-borrego-gandara\/#respond\"]}]},{\"@type\":\"WebPage\",\"@id\":\"https:\/\/www.sonoraenequipo.com.mx\/iniciaremos-la-reactivacion-de-la-economia-con-las-pequenas-empresas-borrego-gandara\/\",\"url\":\"https:\/\/www.sonoraenequipo.com.mx\/iniciaremos-la-reactivacion-de-la-economia-con-las-pequenas-empresas-borrego-gandara\/\",\"name\":\"Sonora en Equipo. Iniciaremos la reactivaci\u00f3n de la econom\u00eda con las peque\u00f1as empresas: \u201cBorrego\u201d G\u00e1ndara LA ELECCION 2024\",\"isPartOf\":{\"@id\":\"https:\/\/www.sonoraenequipo.com.mx\/#website\"},\"primaryImageOfPage\":{\"@id\":\"https:\/\/www.sonoraenequipo.com.mx\/iniciaremos-la-reactivacion-de-la-economia-con-las-pequenas-empresas-borrego-gandara\/#primaryimage\"},\"image\":{\"@id\":\"https:\/\/www.sonoraenequipo.com.mx\/iniciaremos-la-reactivacion-de-la-economia-con-las-pequenas-empresas-borrego-gandara\/#primaryimage\"},\"thumbnailUrl\":\"https:\/\/www.sonoraenequipo.com.mx\/storage\/2021\/03\/egc150321.jpg\",\"datePublished\":\"2021-03-16T06:00:45+00:00\",\"description\":\"HERMOSILLO, SONORA,MX.\u2500\u2500 Las grandes empresas han sido por costumbre las primeras en recibir apoyos gubernamentales para impulsar la econom\u00eda local, ahora En Sonora en Equipo publicamos toda la informaci\u00f3n de Sonora, M\u00e9xico y el Mundo de manera oportuna y busca que la libertad de expresi\u00f3n sea real. Visita nuestro medio informativo publicado desde Hermosillo, Sonora. %\",\"breadcrumb\":{\"@id\":\"https:\/\/www.sonoraenequipo.com.mx\/iniciaremos-la-reactivacion-de-la-economia-con-las-pequenas-empresas-borrego-gandara\/#breadcrumb\"},\"inLanguage\":\"es\",\"potentialAction\":[{\"@type\":\"ReadAction\",\"target\":[\"https:\/\/www.sonoraenequipo.com.mx\/iniciaremos-la-reactivacion-de-la-economia-con-las-pequenas-empresas-borrego-gandara\/\"]}]},{\"@type\":\"ImageObject\",\"inLanguage\":\"es\",\"@id\":\"https:\/\/www.sonoraenequipo.com.mx\/iniciaremos-la-reactivacion-de-la-economia-con-las-pequenas-empresas-borrego-gandara\/#primaryimage\",\"url\":\"https:\/\/www.sonoraenequipo.com.mx\/storage\/2021\/03\/egc150321.jpg\",\"contentUrl\":\"https:\/\/www.sonoraenequipo.com.mx\/storage\/2021\/03\/egc150321.jpg\",\"width\":500,\"height\":333},{\"@type\":\"BreadcrumbList\",\"@id\":\"https:\/\/www.sonoraenequipo.com.mx\/iniciaremos-la-reactivacion-de-la-economia-con-las-pequenas-empresas-borrego-gandara\/#breadcrumb\",\"itemListElement\":[{\"@type\":\"ListItem\",\"position\":1,\"name\":\"Portada\",\"item\":\"https:\/\/www.sonoraenequipo.com.mx\/\"},{\"@type\":\"ListItem\",\"position\":2,\"name\":\"Iniciaremos la reactivaci\u00f3n de la econom\u00eda con las peque\u00f1as empresas: \u201cBorrego\u201d G\u00e1ndara\"}]},{\"@type\":\"WebSite\",\"@id\":\"https:\/\/www.sonoraenequipo.com.mx\/#website\",\"url\":\"https:\/\/www.sonoraenequipo.com.mx\/\",\"name\":\"Sonora en Equipo.\",\"description\":\"Diario en l\u00ednea con Noticias desde Hermosillo, Sonora\",\"publisher\":{\"@id\":\"https:\/\/www.sonoraenequipo.com.mx\/#organization\"},\"potentialAction\":[{\"@type\":\"SearchAction\",\"target\":{\"@type\":\"EntryPoint\",\"urlTemplate\":\"https:\/\/www.sonoraenequipo.com.mx\/?s={search_term_string}\"},\"query-input\":{\"@type\":\"PropertyValueSpecification\",\"valueRequired\":true,\"valueName\":\"search_term_string\"}}],\"inLanguage\":\"es\"},{\"@type\":\"Organization\",\"@id\":\"https:\/\/www.sonoraenequipo.com.mx\/#organization\",\"name\":\"Sonoraenequipo.com.mx\",\"url\":\"https:\/\/www.sonoraenequipo.com.mx\/\",\"logo\":{\"@type\":\"ImageObject\",\"inLanguage\":\"es\",\"@id\":\"https:\/\/www.sonoraenequipo.com.mx\/#\/schema\/logo\/image\/\",\"url\":\"https:\/\/www.sonoraenequipo.com.mx\/storage\/2019\/01\/sonoraenequipo_opt.png\",\"contentUrl\":\"https:\/\/www.sonoraenequipo.com.mx\/storage\/2019\/01\/sonoraenequipo_opt.png\",\"width\":375,\"height\":125,\"caption\":\"Sonoraenequipo.com.mx\"},\"image\":{\"@id\":\"https:\/\/www.sonoraenequipo.com.mx\/#\/schema\/logo\/image\/\"},\"sameAs\":[\"https:\/\/www.facebook.com\/SonoraEE\/\",\"https:\/\/x.com\/sonoraenequipo\",\"https:\/\/www.youtube.com\/channel\/UC338nW-lPEYmJQs4ZABQ1SQ\"]},{\"@type\":\"Person\",\"@id\":\"https:\/\/www.sonoraenequipo.com.mx\/#\/schema\/person\/50102df0fb23a8fa9e8effad8fa81386\",\"name\":\"enequipo\",\"image\":{\"@type\":\"ImageObject\",\"inLanguage\":\"es\",\"@id\":\"https:\/\/www.sonoraenequipo.com.mx\/#\/schema\/person\/image\/\",\"url\":\"https:\/\/secure.gravatar.com\/avatar\/049821681b589dabc0bc20695993ccebb09f5b5d4d790cd9251b97faac7c652b?s=96&d=blank&r=g\",\"contentUrl\":\"https:\/\/secure.gravatar.com\/avatar\/049821681b589dabc0bc20695993ccebb09f5b5d4d790cd9251b97faac7c652b?s=96&d=blank&r=g\",\"caption\":\"enequipo\"},\"sameAs\":[\"https:\/\/www.facebook.com\/SonoraEE\"]}]}<\/script>\n ","yoast_head_json":{"title":"Sonora en Equipo. Iniciaremos la reactivaci\u00f3n de la econom\u00eda con las peque\u00f1as empresas: \u201cBorrego\u201d G\u00e1ndara LA ELECCION 2024","description":"HERMOSILLO, SONORA,MX.\u2500\u2500 Las grandes empresas han sido por costumbre las primeras en recibir apoyos gubernamentales para impulsar la econom\u00eda local, ahora En Sonora en Equipo publicamos toda la informaci\u00f3n de Sonora, M\u00e9xico y el Mundo de manera oportuna y busca que la libertad de expresi\u00f3n sea real. Visita nuestro medio informativo publicado desde Hermosillo, Sonora. %","robots":{"index":"index","follow":"follow","max-snippet":"max-snippet:-1","max-image-preview":"max-image-preview:large","max-video-preview":"max-video-preview:-1"},"canonical":"https:\/\/www.sonoraenequipo.com.mx\/iniciaremos-la-reactivacion-de-la-economia-con-las-pequenas-empresas-borrego-gandara\/","og_locale":"es_ES","og_type":"article","og_title":"Sonora en Equipo. Iniciaremos la reactivaci\u00f3n de la econom\u00eda con las peque\u00f1as empresas: \u201cBorrego\u201d G\u00e1ndara LA ELECCION 2024","og_description":"HERMOSILLO, SONORA,MX.\u2500\u2500 Las grandes empresas han sido por costumbre las primeras en recibir apoyos gubernamentales para impulsar la econom\u00eda local, ahora En Sonora en Equipo publicamos toda la informaci\u00f3n de Sonora, M\u00e9xico y el Mundo de manera oportuna y busca que la libertad de expresi\u00f3n sea real. Visita nuestro medio informativo publicado desde Hermosillo, Sonora. %","og_url":"https:\/\/www.sonoraenequipo.com.mx\/iniciaremos-la-reactivacion-de-la-economia-con-las-pequenas-empresas-borrego-gandara\/","og_site_name":"Sonora en Equipo.","article_publisher":"https:\/\/www.facebook.com\/SonoraEE\/","article_author":"https:\/\/www.facebook.com\/SonoraEE","article_published_time":"2021-03-16T06:00:45+00:00","og_image":[{"width":500,"height":333,"url":"https:\/\/www.sonoraenequipo.com.mx\/storage\/2021\/03\/egc150321.jpg","type":"image\/jpeg"}],"author":"enequipo","twitter_card":"summary_large_image","twitter_creator":"@sonoraenequipo","twitter_site":"@sonoraenequipo","twitter_misc":{"Escrito por":"enequipo","Tiempo de lectura":"3 minutos"},"schema":{"@context":"https:\/\/schema.org","@graph":[{"@type":"Article","@id":"https:\/\/www.sonoraenequipo.com.mx\/iniciaremos-la-reactivacion-de-la-economia-con-las-pequenas-empresas-borrego-gandara\/#article","isPartOf":{"@id":"https:\/\/www.sonoraenequipo.com.mx\/iniciaremos-la-reactivacion-de-la-economia-con-las-pequenas-empresas-borrego-gandara\/"},"author":{"name":"enequipo","@id":"https:\/\/www.sonoraenequipo.com.mx\/#\/schema\/person\/50102df0fb23a8fa9e8effad8fa81386"},"headline":"Iniciaremos la reactivaci\u00f3n de la econom\u00eda con las peque\u00f1as empresas: \u201cBorrego\u201d G\u00e1ndara","datePublished":"2021-03-16T06:00:45+00:00","mainEntityOfPage":{"@id":"https:\/\/www.sonoraenequipo.com.mx\/iniciaremos-la-reactivacion-de-la-economia-con-las-pequenas-empresas-borrego-gandara\/"},"wordCount":604,"commentCount":0,"publisher":{"@id":"https:\/\/www.sonoraenequipo.com.mx\/#organization"},"image":{"@id":"https:\/\/www.sonoraenequipo.com.mx\/iniciaremos-la-reactivacion-de-la-economia-con-las-pequenas-empresas-borrego-gandara\/#primaryimage"},"thumbnailUrl":"https:\/\/www.sonoraenequipo.com.mx\/storage\/2021\/03\/egc150321.jpg","keywords":["borregogandara","eleccionessonora2021"],"articleSection":["LA ELECCION 2024"],"inLanguage":"es","potentialAction":[{"@type":"CommentAction","name":"Comment","target":["https:\/\/www.sonoraenequipo.com.mx\/iniciaremos-la-reactivacion-de-la-economia-con-las-pequenas-empresas-borrego-gandara\/#respond"]}]},{"@type":"WebPage","@id":"https:\/\/www.sonoraenequipo.com.mx\/iniciaremos-la-reactivacion-de-la-economia-con-las-pequenas-empresas-borrego-gandara\/","url":"https:\/\/www.sonoraenequipo.com.mx\/iniciaremos-la-reactivacion-de-la-economia-con-las-pequenas-empresas-borrego-gandara\/","name":"Sonora en Equipo. Iniciaremos la reactivaci\u00f3n de la econom\u00eda con las peque\u00f1as empresas: \u201cBorrego\u201d G\u00e1ndara LA ELECCION 2024","isPartOf":{"@id":"https:\/\/www.sonoraenequipo.com.mx\/#website"},"primaryImageOfPage":{"@id":"https:\/\/www.sonoraenequipo.com.mx\/iniciaremos-la-reactivacion-de-la-economia-con-las-pequenas-empresas-borrego-gandara\/#primaryimage"},"image":{"@id":"https:\/\/www.sonoraenequipo.com.mx\/iniciaremos-la-reactivacion-de-la-economia-con-las-pequenas-empresas-borrego-gandara\/#primaryimage"},"thumbnailUrl":"https:\/\/www.sonoraenequipo.com.mx\/storage\/2021\/03\/egc150321.jpg","datePublished":"2021-03-16T06:00:45+00:00","description":"HERMOSILLO, SONORA,MX.\u2500\u2500 Las grandes empresas han sido por costumbre las primeras en recibir apoyos gubernamentales para impulsar la econom\u00eda local, ahora En Sonora en Equipo publicamos toda la informaci\u00f3n de Sonora, M\u00e9xico y el Mundo de manera oportuna y busca que la libertad de expresi\u00f3n sea real. Visita nuestro medio informativo publicado desde Hermosillo, Sonora. %","breadcrumb":{"@id":"https:\/\/www.sonoraenequipo.com.mx\/iniciaremos-la-reactivacion-de-la-economia-con-las-pequenas-empresas-borrego-gandara\/#breadcrumb"},"inLanguage":"es","potentialAction":[{"@type":"ReadAction","target":["https:\/\/www.sonoraenequipo.com.mx\/iniciaremos-la-reactivacion-de-la-economia-con-las-pequenas-empresas-borrego-gandara\/"]}]},{"@type":"ImageObject","inLanguage":"es","@id":"https:\/\/www.sonoraenequipo.com.mx\/iniciaremos-la-reactivacion-de-la-economia-con-las-pequenas-empresas-borrego-gandara\/#primaryimage","url":"https:\/\/www.sonoraenequipo.com.mx\/storage\/2021\/03\/egc150321.jpg","contentUrl":"https:\/\/www.sonoraenequipo.com.mx\/storage\/2021\/03\/egc150321.jpg","width":500,"height":333},{"@type":"BreadcrumbList","@id":"https:\/\/www.sonoraenequipo.com.mx\/iniciaremos-la-reactivacion-de-la-economia-con-las-pequenas-empresas-borrego-gandara\/#breadcrumb","itemListElement":[{"@type":"ListItem","position":1,"name":"Portada","item":"https:\/\/www.sonoraenequipo.com.mx\/"},{"@type":"ListItem","position":2,"name":"Iniciaremos la reactivaci\u00f3n de la econom\u00eda con las peque\u00f1as empresas: \u201cBorrego\u201d G\u00e1ndara"}]},{"@type":"WebSite","@id":"https:\/\/www.sonoraenequipo.com.mx\/#website","url":"https:\/\/www.sonoraenequipo.com.mx\/","name":"Sonora en Equipo.","description":"Diario en l\u00ednea con Noticias desde Hermosillo, Sonora","publisher":{"@id":"https:\/\/www.sonoraenequipo.com.mx\/#organization"},"potentialAction":[{"@type":"SearchAction","target":{"@type":"EntryPoint","urlTemplate":"https:\/\/www.sonoraenequipo.com.mx\/?s={search_term_string}"},"query-input":{"@type":"PropertyValueSpecification","valueRequired":true,"valueName":"search_term_string"}}],"inLanguage":"es"},{"@type":"Organization","@id":"https:\/\/www.sonoraenequipo.com.mx\/#organization","name":"Sonoraenequipo.com.mx","url":"https:\/\/www.sonoraenequipo.com.mx\/","logo":{"@type":"ImageObject","inLanguage":"es","@id":"https:\/\/www.sonoraenequipo.com.mx\/#\/schema\/logo\/image\/","url":"https:\/\/www.sonoraenequipo.com.mx\/storage\/2019\/01\/sonoraenequipo_opt.png","contentUrl":"https:\/\/www.sonoraenequipo.com.mx\/storage\/2019\/01\/sonoraenequipo_opt.png","width":375,"height":125,"caption":"Sonoraenequipo.com.mx"},"image":{"@id":"https:\/\/www.sonoraenequipo.com.mx\/#\/schema\/logo\/image\/"},"sameAs":["https:\/\/www.facebook.com\/SonoraEE\/","https:\/\/x.com\/sonoraenequipo","https:\/\/www.youtube.com\/channel\/UC338nW-lPEYmJQs4ZABQ1SQ"]},{"@type":"Person","@id":"https:\/\/www.sonoraenequipo.com.mx\/#\/schema\/person\/50102df0fb23a8fa9e8effad8fa81386","name":"enequipo","image":{"@type":"ImageObject","inLanguage":"es","@id":"https:\/\/www.sonoraenequipo.com.mx\/#\/schema\/person\/image\/","url":"https:\/\/secure.gravatar.com\/avatar\/049821681b589dabc0bc20695993ccebb09f5b5d4d790cd9251b97faac7c652b?s=96&d=blank&r=g","contentUrl":"https:\/\/secure.gravatar.com\/avatar\/049821681b589dabc0bc20695993ccebb09f5b5d4d790cd9251b97faac7c652b?s=96&d=blank&r=g","caption":"enequipo"},"sameAs":["https:\/\/www.facebook.com\/SonoraEE"]}]}},"jetpack_featured_media_url":"https:\/\/www.sonoraenequipo.com.mx\/storage\/2021\/03\/egc150321.jpg","_links":{"self":[{"href":"https:\/\/www.sonoraenequipo.com.mx\/api\/wp\/v2\/posts\/109241","targetHints":{"allow":["GET"]}}],"collection":[{"href":"https:\/\/www.sonoraenequipo.com.mx\/api\/wp\/v2\/posts"}],"about":[{"href":"https:\/\/www.sonoraenequipo.com.mx\/api\/wp\/v2\/types\/post"}],"author":[{"embeddable":true,"href":"https:\/\/www.sonoraenequipo.com.mx\/api\/wp\/v2\/users\/1"}],"replies":[{"embeddable":true,"href":"https:\/\/www.sonoraenequipo.com.mx\/api\/wp\/v2\/comments?post=109241"}],"version-history":[{"count":1,"href":"https:\/\/www.sonoraenequipo.com.mx\/api\/wp\/v2\/posts\/109241\/revisions"}],"predecessor-version":[{"id":109243,"href":"https:\/\/www.sonoraenequipo.com.mx\/api\/wp\/v2\/posts\/109241\/revisions\/109243"}],"wp:featuredmedia":[{"embeddable":true,"href":"https:\/\/www.sonoraenequipo.com.mx\/api\/wp\/v2\/media\/109242"}],"wp:attachment":[{"href":"https:\/\/www.sonoraenequipo.com.mx\/api\/wp\/v2\/media?parent=109241"}],"wp:term":[{"taxonomy":"category","embeddable":true,"href":"https:\/\/www.sonoraenequipo.com.mx\/api\/wp\/v2\/categories?post=109241"},{"taxonomy":"post_tag","embeddable":true,"href":"https:\/\/www.sonoraenequipo.com.mx\/api\/wp\/v2\/tags?post=109241"}],"curies":[{"name":"wp","href":"https:\/\/api.w.org\/{rel}","templated":true}]}}