{"id":109245,"date":"2021-03-15T20:25:28","date_gmt":"2021-03-16T03:25:28","guid":{"rendered":"https:\/\/www.sonoraenequipo.com.mx\/?p=109245"},"modified":"2021-03-16T08:13:19","modified_gmt":"2021-03-16T15:13:19","slug":"bolsonaro-cambia-de-ministro-de-salud-con-brasil-colapsado-por-la-pandemia","status":"publish","type":"post","link":"https:\/\/www.sonoraenequipo.com.mx\/bolsonaro-cambia-de-ministro-de-salud-con-brasil-colapsado-por-la-pandemia\/","title":{"rendered":"Bolsonaro cambia de ministro de Salud, con Brasil colapsado por la pandemia"},"content":{"rendered":"<p>BRASILIA, BRASIL. \u2014 El presidente de Brasil, Jair Bolsonaro, anunci\u00f3 este lunes que nombrar\u00e1 al cardi\u00f3logo Marcelo Queiroga como ministro de Salud, el cuarto en ocupar el cargo durante la pandemia, en momentos en que el sistema sanitario est\u00e1 al borde del colapso por el coronavirus, que deja casi 280 mil muertos.<\/p>\n<p>&nbsp;<\/p>\n<p> <\/p>\n<p>&nbsp;<\/p>\n<p><em>\u201cFue decidido ahora en la tarde designar al m\u00e9dico Marcelo Queiroga para el ministerio de Salud\u201d,<\/em> dijo Bolsonaro en un breve encuentro con sus simpatizantes en el palacio presidencial de Alvorada. El nombramiento se concretar\u00e1 el martes, cuando se publique en el diario oficial.<\/p>\n<p>&nbsp;<\/p>\n<p>Bolsonaro hizo el anuncio tras reunirse con Queiroga y horas despu\u00e9s de que el actual ministro de Salud, el general Eduardo Pazuello, admitiera en una conferencia de prensa que el mandatario de ultraderecha buscaba sustituirlo para <em>\u201creorganizar\u201d<\/em> esa cartera.<\/p>\n<p>&nbsp;<\/p>\n<p><em>\u201cLa conversaci\u00f3n con Queiroga fue excelente\u201d,<\/em> agreg\u00f3 Bolsonaro. <em>\u201cTiene todo a mi entender para hacer un buen trabajo, dando continuidad en todo lo que Pazuello hizo hasta hoy\u201d<\/em>, agreg\u00f3 el mandatario.<\/p>\n<p>&nbsp;<\/p>\n<p><em>El proceso de transici\u00f3n \u201cdebe tomar una o dos semanas\u201d,<\/em> dijo tambi\u00e9n.<\/p>\n<p>&nbsp;<\/p>\n<p>El nombramiento de Queiroga, presidente de la Sociedad Brasile\u00f1a de Cardiolog\u00eda (SBC), ocurre en momentos que el gobierno Bolsonaro es blanco de duras cr\u00edticas por el manejo ca\u00f3tico de la crisis sanitaria y por su negacionismo ante la gravedad de la pandemia.<\/p>\n<p>&nbsp;<\/p>\n<p>\u201c<em>El trabajo de Pazuello fue bien hecho, la parte de gesti\u00f3n fue muy bien hecha por \u00e9l y a partir de ahora vamos a una fase m\u00e1s agresiva en lo relativo al combate al virus\u201d<\/em>, declar\u00f3.<\/p>\n<p>&nbsp;<\/p>\n<p>&nbsp;<\/p>\n<p>Antes de dejar el cargo, Pazuello anunci\u00f3 que el gobierno compr\u00f3 100 millones de dosis de la vacuna de Pfizer-BioNTech, que deben ser entregadas hasta septiembre, y que durante el segundo semestre llegar\u00e1n unos 38 millones de dosis de la vacuna Janssen, de aplicaci\u00f3n \u00fanica, de la farmac\u00e9utica estadounidense Johnson &amp; Johnson.<\/p>\n<p>&nbsp;<\/p>\n<p>La concreci\u00f3n de la compra es vital para acelerar la campa\u00f1a de vacunaci\u00f3n en Brasil, que experimenta desde febrero un alza de muertes y contagios, que ha llevado al borde del colapso a los hospitales de m\u00e1s de la mitad de los 27 estados y a los gobernadores a ordenar m\u00e1s restricciones a la circulaci\u00f3n.<\/p>\n<p>&nbsp;<\/p>\n<p>(Publicada el 15\/03\/2021 (AFP)<\/p>\n","protected":false},"excerpt":{"rendered":"<p>BRASILIA, BRASIL. \u2014 El presidente de Brasil, Jair Bolsonaro, anunci\u00f3 este lunes que nombrar\u00e1 al&#8230;<\/p>\n","protected":false},"author":1,"featured_media":109246,"comment_status":"open","ping_status":"open","sticky":false,"template":"","format":"standard","meta":{"_monsterinsights_skip_tracking":false,"_monsterinsights_sitenote_active":false,"_monsterinsights_sitenote_note":"","_monsterinsights_sitenote_category":0,"footnotes":""},"categories":[3],"tags":[],"class_list":["post"],"yoast_head":" \n<title>Sonora en Equipo. Bolsonaro cambia de ministro de Salud, con Brasil colapsado por la pandemia MUNDO<\/title>\n<meta name=\"description\" content=\"BRASILIA, BRASIL. \u2014 El presidente de Brasil, Jair Bolsonaro, anunci\u00f3 este lunes que nombrar\u00e1 al cardi\u00f3logo Marcelo Queiroga como ministro de Salud, el En Sonora en Equipo publicamos toda la informaci\u00f3n de Sonora, M\u00e9xico y el Mundo de manera oportuna y busca que la libertad de expresi\u00f3n sea real. Visita nuestro medio informativo publicado desde Hermosillo, Sonora. %\" \/>\n<meta name=\"robots\" content=\"index, follow, max-snippet:-1, max-image-preview:large, max-video-preview:-1\" \/>\n<link rel=\"canonical\" href=\"https:\/\/www.sonoraenequipo.com.mx\/bolsonaro-cambia-de-ministro-de-salud-con-brasil-colapsado-por-la-pandemia\/\" \/>\n<meta property=\"og:locale\" content=\"es_ES\" \/>\n<meta property=\"og:type\" content=\"article\" \/>\n<meta property=\"og:title\" content=\"Sonora en Equipo. Bolsonaro cambia de ministro de Salud, con Brasil colapsado por la pandemia MUNDO\" \/>\n<meta property=\"og:description\" content=\"BRASILIA, BRASIL. \u2014 El presidente de Brasil, Jair Bolsonaro, anunci\u00f3 este lunes que nombrar\u00e1 al cardi\u00f3logo Marcelo Queiroga como ministro de Salud, el En Sonora en Equipo publicamos toda la informaci\u00f3n de Sonora, M\u00e9xico y el Mundo de manera oportuna y busca que la libertad de expresi\u00f3n sea real. Visita nuestro medio informativo publicado desde Hermosillo, Sonora. %\" \/>\n<meta property=\"og:url\" content=\"https:\/\/www.sonoraenequipo.com.mx\/bolsonaro-cambia-de-ministro-de-salud-con-brasil-colapsado-por-la-pandemia\/\" \/>\n<meta property=\"og:site_name\" content=\"Sonora en Equipo.\" \/>\n<meta property=\"article:publisher\" content=\"https:\/\/www.facebook.com\/SonoraEE\/\" \/>\n<meta property=\"article:author\" content=\"https:\/\/www.facebook.com\/SonoraEE\" \/>\n<meta property=\"article:published_time\" content=\"2021-03-16T03:25:28+00:00\" \/>\n<meta property=\"article:modified_time\" content=\"2021-03-16T15:13:19+00:00\" \/>\n<meta property=\"og:image\" content=\"https:\/\/www.sonoraenequipo.com.mx\/storage\/2021\/03\/Marcelo-Queiroga-brasil_opt.jpg\" \/>\n\t<meta property=\"og:image:width\" content=\"601\" \/>\n\t<meta property=\"og:image:height\" content=\"400\" \/>\n\t<meta property=\"og:image:type\" content=\"image\/jpeg\" \/>\n<meta name=\"author\" content=\"enequipo\" \/>\n<meta name=\"twitter:card\" content=\"summary_large_image\" \/>\n<meta name=\"twitter:creator\" content=\"@sonoraenequipo\" \/>\n<meta name=\"twitter:site\" content=\"@sonoraenequipo\" \/>\n<meta name=\"twitter:label1\" content=\"Escrito por\" \/>\n\t<meta name=\"twitter:data1\" content=\"enequipo\" \/>\n\t<meta name=\"twitter:label2\" content=\"Tiempo de lectura\" \/>\n\t<meta name=\"twitter:data2\" content=\"2 minutos\" \/>\n<script type=\"application\/ld+json\" class=\"yoast-schema-graph\">{\"@context\":\"https:\/\/schema.org\",\"@graph\":[{\"@type\":\"Article\",\"@id\":\"https:\/\/www.sonoraenequipo.com.mx\/bolsonaro-cambia-de-ministro-de-salud-con-brasil-colapsado-por-la-pandemia\/#article\",\"isPartOf\":{\"@id\":\"https:\/\/www.sonoraenequipo.com.mx\/bolsonaro-cambia-de-ministro-de-salud-con-brasil-colapsado-por-la-pandemia\/\"},\"author\":{\"name\":\"enequipo\",\"@id\":\"https:\/\/www.sonoraenequipo.com.mx\/#\/schema\/person\/50102df0fb23a8fa9e8effad8fa81386\"},\"headline\":\"Bolsonaro cambia de ministro de Salud, con Brasil colapsado por la pandemia\",\"datePublished\":\"2021-03-16T03:25:28+00:00\",\"dateModified\":\"2021-03-16T15:13:19+00:00\",\"mainEntityOfPage\":{\"@id\":\"https:\/\/www.sonoraenequipo.com.mx\/bolsonaro-cambia-de-ministro-de-salud-con-brasil-colapsado-por-la-pandemia\/\"},\"wordCount\":405,\"commentCount\":0,\"publisher\":{\"@id\":\"https:\/\/www.sonoraenequipo.com.mx\/#organization\"},\"image\":{\"@id\":\"https:\/\/www.sonoraenequipo.com.mx\/bolsonaro-cambia-de-ministro-de-salud-con-brasil-colapsado-por-la-pandemia\/#primaryimage\"},\"thumbnailUrl\":\"https:\/\/www.sonoraenequipo.com.mx\/storage\/2021\/03\/Marcelo-Queiroga-brasil_opt.jpg\",\"articleSection\":[\"MUNDO\"],\"inLanguage\":\"es\",\"potentialAction\":[{\"@type\":\"CommentAction\",\"name\":\"Comment\",\"target\":[\"https:\/\/www.sonoraenequipo.com.mx\/bolsonaro-cambia-de-ministro-de-salud-con-brasil-colapsado-por-la-pandemia\/#respond\"]}]},{\"@type\":\"WebPage\",\"@id\":\"https:\/\/www.sonoraenequipo.com.mx\/bolsonaro-cambia-de-ministro-de-salud-con-brasil-colapsado-por-la-pandemia\/\",\"url\":\"https:\/\/www.sonoraenequipo.com.mx\/bolsonaro-cambia-de-ministro-de-salud-con-brasil-colapsado-por-la-pandemia\/\",\"name\":\"Sonora en Equipo. Bolsonaro cambia de ministro de Salud, con Brasil colapsado por la pandemia MUNDO\",\"isPartOf\":{\"@id\":\"https:\/\/www.sonoraenequipo.com.mx\/#website\"},\"primaryImageOfPage\":{\"@id\":\"https:\/\/www.sonoraenequipo.com.mx\/bolsonaro-cambia-de-ministro-de-salud-con-brasil-colapsado-por-la-pandemia\/#primaryimage\"},\"image\":{\"@id\":\"https:\/\/www.sonoraenequipo.com.mx\/bolsonaro-cambia-de-ministro-de-salud-con-brasil-colapsado-por-la-pandemia\/#primaryimage\"},\"thumbnailUrl\":\"https:\/\/www.sonoraenequipo.com.mx\/storage\/2021\/03\/Marcelo-Queiroga-brasil_opt.jpg\",\"datePublished\":\"2021-03-16T03:25:28+00:00\",\"dateModified\":\"2021-03-16T15:13:19+00:00\",\"description\":\"BRASILIA, BRASIL. \u2014 El presidente de Brasil, Jair Bolsonaro, anunci\u00f3 este lunes que nombrar\u00e1 al cardi\u00f3logo Marcelo Queiroga como ministro de Salud, el En Sonora en Equipo publicamos toda la informaci\u00f3n de Sonora, M\u00e9xico y el Mundo de manera oportuna y busca que la libertad de expresi\u00f3n sea real. Visita nuestro medio informativo publicado desde Hermosillo, Sonora. %\",\"breadcrumb\":{\"@id\":\"https:\/\/www.sonoraenequipo.com.mx\/bolsonaro-cambia-de-ministro-de-salud-con-brasil-colapsado-por-la-pandemia\/#breadcrumb\"},\"inLanguage\":\"es\",\"potentialAction\":[{\"@type\":\"ReadAction\",\"target\":[\"https:\/\/www.sonoraenequipo.com.mx\/bolsonaro-cambia-de-ministro-de-salud-con-brasil-colapsado-por-la-pandemia\/\"]}]},{\"@type\":\"ImageObject\",\"inLanguage\":\"es\",\"@id\":\"https:\/\/www.sonoraenequipo.com.mx\/bolsonaro-cambia-de-ministro-de-salud-con-brasil-colapsado-por-la-pandemia\/#primaryimage\",\"url\":\"https:\/\/www.sonoraenequipo.com.mx\/storage\/2021\/03\/Marcelo-Queiroga-brasil_opt.jpg\",\"contentUrl\":\"https:\/\/www.sonoraenequipo.com.mx\/storage\/2021\/03\/Marcelo-Queiroga-brasil_opt.jpg\",\"width\":601,\"height\":400},{\"@type\":\"BreadcrumbList\",\"@id\":\"https:\/\/www.sonoraenequipo.com.mx\/bolsonaro-cambia-de-ministro-de-salud-con-brasil-colapsado-por-la-pandemia\/#breadcrumb\",\"itemListElement\":[{\"@type\":\"ListItem\",\"position\":1,\"name\":\"Portada\",\"item\":\"https:\/\/www.sonoraenequipo.com.mx\/\"},{\"@type\":\"ListItem\",\"position\":2,\"name\":\"Bolsonaro cambia de ministro de Salud, con Brasil colapsado por la pandemia\"}]},{\"@type\":\"WebSite\",\"@id\":\"https:\/\/www.sonoraenequipo.com.mx\/#website\",\"url\":\"https:\/\/www.sonoraenequipo.com.mx\/\",\"name\":\"Sonora en Equipo.\",\"description\":\"Diario en l\u00ednea con Noticias desde Hermosillo, Sonora\",\"publisher\":{\"@id\":\"https:\/\/www.sonoraenequipo.com.mx\/#organization\"},\"potentialAction\":[{\"@type\":\"SearchAction\",\"target\":{\"@type\":\"EntryPoint\",\"urlTemplate\":\"https:\/\/www.sonoraenequipo.com.mx\/?s={search_term_string}\"},\"query-input\":{\"@type\":\"PropertyValueSpecification\",\"valueRequired\":true,\"valueName\":\"search_term_string\"}}],\"inLanguage\":\"es\"},{\"@type\":\"Organization\",\"@id\":\"https:\/\/www.sonoraenequipo.com.mx\/#organization\",\"name\":\"Sonoraenequipo.com.mx\",\"url\":\"https:\/\/www.sonoraenequipo.com.mx\/\",\"logo\":{\"@type\":\"ImageObject\",\"inLanguage\":\"es\",\"@id\":\"https:\/\/www.sonoraenequipo.com.mx\/#\/schema\/logo\/image\/\",\"url\":\"https:\/\/www.sonoraenequipo.com.mx\/storage\/2019\/01\/sonoraenequipo_opt.png\",\"contentUrl\":\"https:\/\/www.sonoraenequipo.com.mx\/storage\/2019\/01\/sonoraenequipo_opt.png\",\"width\":375,\"height\":125,\"caption\":\"Sonoraenequipo.com.mx\"},\"image\":{\"@id\":\"https:\/\/www.sonoraenequipo.com.mx\/#\/schema\/logo\/image\/\"},\"sameAs\":[\"https:\/\/www.facebook.com\/SonoraEE\/\",\"https:\/\/x.com\/sonoraenequipo\",\"https:\/\/www.youtube.com\/channel\/UC338nW-lPEYmJQs4ZABQ1SQ\"]},{\"@type\":\"Person\",\"@id\":\"https:\/\/www.sonoraenequipo.com.mx\/#\/schema\/person\/50102df0fb23a8fa9e8effad8fa81386\",\"name\":\"enequipo\",\"image\":{\"@type\":\"ImageObject\",\"inLanguage\":\"es\",\"@id\":\"https:\/\/www.sonoraenequipo.com.mx\/#\/schema\/person\/image\/\",\"url\":\"https:\/\/secure.gravatar.com\/avatar\/049821681b589dabc0bc20695993ccebb09f5b5d4d790cd9251b97faac7c652b?s=96&d=blank&r=g\",\"contentUrl\":\"https:\/\/secure.gravatar.com\/avatar\/049821681b589dabc0bc20695993ccebb09f5b5d4d790cd9251b97faac7c652b?s=96&d=blank&r=g\",\"caption\":\"enequipo\"},\"sameAs\":[\"https:\/\/www.facebook.com\/SonoraEE\"]}]}<\/script>\n ","yoast_head_json":{"title":"Sonora en Equipo. Bolsonaro cambia de ministro de Salud, con Brasil colapsado por la pandemia MUNDO","description":"BRASILIA, BRASIL. \u2014 El presidente de Brasil, Jair Bolsonaro, anunci\u00f3 este lunes que nombrar\u00e1 al cardi\u00f3logo Marcelo Queiroga como ministro de Salud, el En Sonora en Equipo publicamos toda la informaci\u00f3n de Sonora, M\u00e9xico y el Mundo de manera oportuna y busca que la libertad de expresi\u00f3n sea real. Visita nuestro medio informativo publicado desde Hermosillo, Sonora. %","robots":{"index":"index","follow":"follow","max-snippet":"max-snippet:-1","max-image-preview":"max-image-preview:large","max-video-preview":"max-video-preview:-1"},"canonical":"https:\/\/www.sonoraenequipo.com.mx\/bolsonaro-cambia-de-ministro-de-salud-con-brasil-colapsado-por-la-pandemia\/","og_locale":"es_ES","og_type":"article","og_title":"Sonora en Equipo. Bolsonaro cambia de ministro de Salud, con Brasil colapsado por la pandemia MUNDO","og_description":"BRASILIA, BRASIL. \u2014 El presidente de Brasil, Jair Bolsonaro, anunci\u00f3 este lunes que nombrar\u00e1 al cardi\u00f3logo Marcelo Queiroga como ministro de Salud, el En Sonora en Equipo publicamos toda la informaci\u00f3n de Sonora, M\u00e9xico y el Mundo de manera oportuna y busca que la libertad de expresi\u00f3n sea real. Visita nuestro medio informativo publicado desde Hermosillo, Sonora. %","og_url":"https:\/\/www.sonoraenequipo.com.mx\/bolsonaro-cambia-de-ministro-de-salud-con-brasil-colapsado-por-la-pandemia\/","og_site_name":"Sonora en Equipo.","article_publisher":"https:\/\/www.facebook.com\/SonoraEE\/","article_author":"https:\/\/www.facebook.com\/SonoraEE","article_published_time":"2021-03-16T03:25:28+00:00","article_modified_time":"2021-03-16T15:13:19+00:00","og_image":[{"width":601,"height":400,"url":"https:\/\/www.sonoraenequipo.com.mx\/storage\/2021\/03\/Marcelo-Queiroga-brasil_opt.jpg","type":"image\/jpeg"}],"author":"enequipo","twitter_card":"summary_large_image","twitter_creator":"@sonoraenequipo","twitter_site":"@sonoraenequipo","twitter_misc":{"Escrito por":"enequipo","Tiempo de lectura":"2 minutos"},"schema":{"@context":"https:\/\/schema.org","@graph":[{"@type":"Article","@id":"https:\/\/www.sonoraenequipo.com.mx\/bolsonaro-cambia-de-ministro-de-salud-con-brasil-colapsado-por-la-pandemia\/#article","isPartOf":{"@id":"https:\/\/www.sonoraenequipo.com.mx\/bolsonaro-cambia-de-ministro-de-salud-con-brasil-colapsado-por-la-pandemia\/"},"author":{"name":"enequipo","@id":"https:\/\/www.sonoraenequipo.com.mx\/#\/schema\/person\/50102df0fb23a8fa9e8effad8fa81386"},"headline":"Bolsonaro cambia de ministro de Salud, con Brasil colapsado por la pandemia","datePublished":"2021-03-16T03:25:28+00:00","dateModified":"2021-03-16T15:13:19+00:00","mainEntityOfPage":{"@id":"https:\/\/www.sonoraenequipo.com.mx\/bolsonaro-cambia-de-ministro-de-salud-con-brasil-colapsado-por-la-pandemia\/"},"wordCount":405,"commentCount":0,"publisher":{"@id":"https:\/\/www.sonoraenequipo.com.mx\/#organization"},"image":{"@id":"https:\/\/www.sonoraenequipo.com.mx\/bolsonaro-cambia-de-ministro-de-salud-con-brasil-colapsado-por-la-pandemia\/#primaryimage"},"thumbnailUrl":"https:\/\/www.sonoraenequipo.com.mx\/storage\/2021\/03\/Marcelo-Queiroga-brasil_opt.jpg","articleSection":["MUNDO"],"inLanguage":"es","potentialAction":[{"@type":"CommentAction","name":"Comment","target":["https:\/\/www.sonoraenequipo.com.mx\/bolsonaro-cambia-de-ministro-de-salud-con-brasil-colapsado-por-la-pandemia\/#respond"]}]},{"@type":"WebPage","@id":"https:\/\/www.sonoraenequipo.com.mx\/bolsonaro-cambia-de-ministro-de-salud-con-brasil-colapsado-por-la-pandemia\/","url":"https:\/\/www.sonoraenequipo.com.mx\/bolsonaro-cambia-de-ministro-de-salud-con-brasil-colapsado-por-la-pandemia\/","name":"Sonora en Equipo. Bolsonaro cambia de ministro de Salud, con Brasil colapsado por la pandemia MUNDO","isPartOf":{"@id":"https:\/\/www.sonoraenequipo.com.mx\/#website"},"primaryImageOfPage":{"@id":"https:\/\/www.sonoraenequipo.com.mx\/bolsonaro-cambia-de-ministro-de-salud-con-brasil-colapsado-por-la-pandemia\/#primaryimage"},"image":{"@id":"https:\/\/www.sonoraenequipo.com.mx\/bolsonaro-cambia-de-ministro-de-salud-con-brasil-colapsado-por-la-pandemia\/#primaryimage"},"thumbnailUrl":"https:\/\/www.sonoraenequipo.com.mx\/storage\/2021\/03\/Marcelo-Queiroga-brasil_opt.jpg","datePublished":"2021-03-16T03:25:28+00:00","dateModified":"2021-03-16T15:13:19+00:00","description":"BRASILIA, BRASIL. \u2014 El presidente de Brasil, Jair Bolsonaro, anunci\u00f3 este lunes que nombrar\u00e1 al cardi\u00f3logo Marcelo Queiroga como ministro de Salud, el En Sonora en Equipo publicamos toda la informaci\u00f3n de Sonora, M\u00e9xico y el Mundo de manera oportuna y busca que la libertad de expresi\u00f3n sea real. Visita nuestro medio informativo publicado desde Hermosillo, Sonora. %","breadcrumb":{"@id":"https:\/\/www.sonoraenequipo.com.mx\/bolsonaro-cambia-de-ministro-de-salud-con-brasil-colapsado-por-la-pandemia\/#breadcrumb"},"inLanguage":"es","potentialAction":[{"@type":"ReadAction","target":["https:\/\/www.sonoraenequipo.com.mx\/bolsonaro-cambia-de-ministro-de-salud-con-brasil-colapsado-por-la-pandemia\/"]}]},{"@type":"ImageObject","inLanguage":"es","@id":"https:\/\/www.sonoraenequipo.com.mx\/bolsonaro-cambia-de-ministro-de-salud-con-brasil-colapsado-por-la-pandemia\/#primaryimage","url":"https:\/\/www.sonoraenequipo.com.mx\/storage\/2021\/03\/Marcelo-Queiroga-brasil_opt.jpg","contentUrl":"https:\/\/www.sonoraenequipo.com.mx\/storage\/2021\/03\/Marcelo-Queiroga-brasil_opt.jpg","width":601,"height":400},{"@type":"BreadcrumbList","@id":"https:\/\/www.sonoraenequipo.com.mx\/bolsonaro-cambia-de-ministro-de-salud-con-brasil-colapsado-por-la-pandemia\/#breadcrumb","itemListElement":[{"@type":"ListItem","position":1,"name":"Portada","item":"https:\/\/www.sonoraenequipo.com.mx\/"},{"@type":"ListItem","position":2,"name":"Bolsonaro cambia de ministro de Salud, con Brasil colapsado por la pandemia"}]},{"@type":"WebSite","@id":"https:\/\/www.sonoraenequipo.com.mx\/#website","url":"https:\/\/www.sonoraenequipo.com.mx\/","name":"Sonora en Equipo.","description":"Diario en l\u00ednea con Noticias desde Hermosillo, Sonora","publisher":{"@id":"https:\/\/www.sonoraenequipo.com.mx\/#organization"},"potentialAction":[{"@type":"SearchAction","target":{"@type":"EntryPoint","urlTemplate":"https:\/\/www.sonoraenequipo.com.mx\/?s={search_term_string}"},"query-input":{"@type":"PropertyValueSpecification","valueRequired":true,"valueName":"search_term_string"}}],"inLanguage":"es"},{"@type":"Organization","@id":"https:\/\/www.sonoraenequipo.com.mx\/#organization","name":"Sonoraenequipo.com.mx","url":"https:\/\/www.sonoraenequipo.com.mx\/","logo":{"@type":"ImageObject","inLanguage":"es","@id":"https:\/\/www.sonoraenequipo.com.mx\/#\/schema\/logo\/image\/","url":"https:\/\/www.sonoraenequipo.com.mx\/storage\/2019\/01\/sonoraenequipo_opt.png","contentUrl":"https:\/\/www.sonoraenequipo.com.mx\/storage\/2019\/01\/sonoraenequipo_opt.png","width":375,"height":125,"caption":"Sonoraenequipo.com.mx"},"image":{"@id":"https:\/\/www.sonoraenequipo.com.mx\/#\/schema\/logo\/image\/"},"sameAs":["https:\/\/www.facebook.com\/SonoraEE\/","https:\/\/x.com\/sonoraenequipo","https:\/\/www.youtube.com\/channel\/UC338nW-lPEYmJQs4ZABQ1SQ"]},{"@type":"Person","@id":"https:\/\/www.sonoraenequipo.com.mx\/#\/schema\/person\/50102df0fb23a8fa9e8effad8fa81386","name":"enequipo","image":{"@type":"ImageObject","inLanguage":"es","@id":"https:\/\/www.sonoraenequipo.com.mx\/#\/schema\/person\/image\/","url":"https:\/\/secure.gravatar.com\/avatar\/049821681b589dabc0bc20695993ccebb09f5b5d4d790cd9251b97faac7c652b?s=96&d=blank&r=g","contentUrl":"https:\/\/secure.gravatar.com\/avatar\/049821681b589dabc0bc20695993ccebb09f5b5d4d790cd9251b97faac7c652b?s=96&d=blank&r=g","caption":"enequipo"},"sameAs":["https:\/\/www.facebook.com\/SonoraEE"]}]}},"jetpack_featured_media_url":"https:\/\/www.sonoraenequipo.com.mx\/storage\/2021\/03\/Marcelo-Queiroga-brasil_opt.jpg","_links":{"self":[{"href":"https:\/\/www.sonoraenequipo.com.mx\/api\/wp\/v2\/posts\/109245","targetHints":{"allow":["GET"]}}],"collection":[{"href":"https:\/\/www.sonoraenequipo.com.mx\/api\/wp\/v2\/posts"}],"about":[{"href":"https:\/\/www.sonoraenequipo.com.mx\/api\/wp\/v2\/types\/post"}],"author":[{"embeddable":true,"href":"https:\/\/www.sonoraenequipo.com.mx\/api\/wp\/v2\/users\/1"}],"replies":[{"embeddable":true,"href":"https:\/\/www.sonoraenequipo.com.mx\/api\/wp\/v2\/comments?post=109245"}],"version-history":[{"count":1,"href":"https:\/\/www.sonoraenequipo.com.mx\/api\/wp\/v2\/posts\/109245\/revisions"}],"predecessor-version":[{"id":109247,"href":"https:\/\/www.sonoraenequipo.com.mx\/api\/wp\/v2\/posts\/109245\/revisions\/109247"}],"wp:featuredmedia":[{"embeddable":true,"href":"https:\/\/www.sonoraenequipo.com.mx\/api\/wp\/v2\/media\/109246"}],"wp:attachment":[{"href":"https:\/\/www.sonoraenequipo.com.mx\/api\/wp\/v2\/media?parent=109245"}],"wp:term":[{"taxonomy":"category","embeddable":true,"href":"https:\/\/www.sonoraenequipo.com.mx\/api\/wp\/v2\/categories?post=109245"},{"taxonomy":"post_tag","embeddable":true,"href":"https:\/\/www.sonoraenequipo.com.mx\/api\/wp\/v2\/tags?post=109245"}],"curies":[{"name":"wp","href":"https:\/\/api.w.org\/{rel}","templated":true}]}}