{"id":109248,"date":"2021-03-16T06:13:45","date_gmt":"2021-03-16T13:13:45","guid":{"rendered":"https:\/\/www.sonoraenequipo.com.mx\/?p=109248"},"modified":"2021-03-16T08:24:36","modified_gmt":"2021-03-16T15:24:36","slug":"estamos-en-la-tercera-ola-del-coronavirus-afirma-experto-aleman","status":"publish","type":"post","link":"https:\/\/www.sonoraenequipo.com.mx\/estamos-en-la-tercera-ola-del-coronavirus-afirma-experto-aleman\/","title":{"rendered":"\u201cEstamos en la tercera ola\u201d del coronavirus afirma experto alem\u00e1n."},"content":{"rendered":"<p>BERL\u00cdN, ALEMANIA. \u2014 El epidemi\u00f3logo del Instituto Robert Koch (RKI, por sus siglas en alem\u00e1n) Dirk Brockmann, critic\u00f3 este martes (16.03.2021) la pol\u00edtica adoptada por las autoridades alemanas de restringir y luego relajar las medidas de confinamiento, se\u00f1alando que esa pol\u00edtica ha generado el actual crecimiento en el n\u00famero de contagios. El experto se\u00f1al\u00f3 a la cadena p\u00fablica ARD que los casos han aumentado un 20 por ciento desde la semana pasada.<\/p>\n<p>&nbsp;<\/p>\n<p> <\/p>\n<p>&nbsp;<\/p>\n<p><em>\u00abYa estamos en el borde de una tercera ola, de eso no hay duda\u201d,<\/em> agreg\u00f3 Brockmann, quien dijo que la idea de relajar las medidas de restricci\u00f3n en este momento<em> \u00abes totalmente irracional, pues eso solo alienta este crecimiento exponencial de los contagios\u201d<\/em>. El especialista detall\u00f3 que la variante brit\u00e1nica B117 se ha expandido por Alemania, y por ello es necesario restringir m\u00e1s los contactos.<\/p>\n<p>&nbsp;<\/p>\n<p>En tanto, el mismo RKI, que es el ente encargado del monitoreo de las enfermedades infecciosas en el pa\u00eds europeo, report\u00f3 esta jornada 5.480 nuevos contagios por SARS-CoV-2, 1.200 casos m\u00e1s que hace una semana. Asimismo, se agregaron 238 personas fallecidas por causas asociadas al COVID-19, llevando el total de decesos desde el comienzo de la pandemia a 73.656.<\/p>\n<p>&nbsp;<\/p>\n<h3>Incidencia al alza<\/h3>\n<p>&nbsp;<\/p>\n<p>Otra muestra de que la pandemia est\u00e1 al alza en Alemania es el n\u00famero de incidencia por cada 100.000 habitantes, que este martes lleg\u00f3 a 83,7, tras haber alcanzado la jornada anterior 82,9. Esto significa que cada 100.000 personas hay casi 84 contagiadas con el SARS-CoV-2. Ese n\u00famero supera el valor 100 en los estados federados de Turingia, Sajonia y Sajonia-Anhalt. Incluso hay 14 ciudades y conurbaciones que tienen cifras superiores a 200.<\/p>\n<p>&nbsp;<\/p>\n<p>La tasa de reproducci\u00f3n del virus, en tanto, lleg\u00f3 a 1,15 en las \u00faltimas 24 horas, levemente inferior al 1,19 registrado el lunes. Esto significa que cada 100 pacientes con SARS-CoV-2 se contagian otros 115. Hasta la fecha se han registrado oficialmente en Alemania 2.581.329 positivos por el coronavirus, de los cuales el RKI considera a 2.374.200 como recuperados.<\/p>\n<p>&nbsp;<\/p>\n<p>DZC (Reuters, AFP, dpa)<\/p>\n<p>&nbsp;<\/p>\n<p>(Publicada el 16\/03\/2021 \/Con informaci\u00f3n de AGENCIAS )<\/p>\n","protected":false},"excerpt":{"rendered":"<p>BERL\u00cdN, ALEMANIA. \u2014 El epidemi\u00f3logo del Instituto Robert Koch (RKI, por sus siglas en alem\u00e1n)&#8230;<\/p>\n","protected":false},"author":1,"featured_media":109252,"comment_status":"open","ping_status":"open","sticky":false,"template":"","format":"standard","meta":{"_monsterinsights_skip_tracking":false,"_monsterinsights_sitenote_active":false,"_monsterinsights_sitenote_note":"","_monsterinsights_sitenote_category":0,"footnotes":""},"categories":[3],"tags":[],"class_list":["post"],"yoast_head":" \n<title>Sonora en Equipo. \u201cEstamos en la tercera ola\u201d del coronavirus afirma experto alem\u00e1n. MUNDO<\/title>\n<meta name=\"description\" content=\"BERL\u00cdN, ALEMANIA. \u2014 El epidemi\u00f3logo del Instituto Robert Koch (RKI, por sus siglas en alem\u00e1n) Dirk Brockmann, critic\u00f3 este martes (16.03.2021) la pol\u00edtica En Sonora en Equipo publicamos toda la informaci\u00f3n de Sonora, M\u00e9xico y el Mundo de manera oportuna y busca que la libertad de expresi\u00f3n sea real. Visita nuestro medio informativo publicado desde Hermosillo, Sonora. %\" \/>\n<meta name=\"robots\" content=\"index, follow, max-snippet:-1, max-image-preview:large, max-video-preview:-1\" \/>\n<link rel=\"canonical\" href=\"https:\/\/www.sonoraenequipo.com.mx\/estamos-en-la-tercera-ola-del-coronavirus-afirma-experto-aleman\/\" \/>\n<meta property=\"og:locale\" content=\"es_ES\" \/>\n<meta property=\"og:type\" content=\"article\" \/>\n<meta property=\"og:title\" content=\"Sonora en Equipo. \u201cEstamos en la tercera ola\u201d del coronavirus afirma experto alem\u00e1n. MUNDO\" \/>\n<meta property=\"og:description\" content=\"BERL\u00cdN, ALEMANIA. \u2014 El epidemi\u00f3logo del Instituto Robert Koch (RKI, por sus siglas en alem\u00e1n) Dirk Brockmann, critic\u00f3 este martes (16.03.2021) la pol\u00edtica En Sonora en Equipo publicamos toda la informaci\u00f3n de Sonora, M\u00e9xico y el Mundo de manera oportuna y busca que la libertad de expresi\u00f3n sea real. Visita nuestro medio informativo publicado desde Hermosillo, Sonora. %\" \/>\n<meta property=\"og:url\" content=\"https:\/\/www.sonoraenequipo.com.mx\/estamos-en-la-tercera-ola-del-coronavirus-afirma-experto-aleman\/\" \/>\n<meta property=\"og:site_name\" content=\"Sonora en Equipo.\" \/>\n<meta property=\"article:publisher\" content=\"https:\/\/www.facebook.com\/SonoraEE\/\" \/>\n<meta property=\"article:author\" content=\"https:\/\/www.facebook.com\/SonoraEE\" \/>\n<meta property=\"article:published_time\" content=\"2021-03-16T13:13:45+00:00\" \/>\n<meta property=\"article:modified_time\" content=\"2021-03-16T15:24:36+00:00\" \/>\n<meta property=\"og:image\" content=\"https:\/\/www.sonoraenequipo.com.mx\/storage\/2021\/03\/hospital-en-Greifswald_opt.jpg\" \/>\n\t<meta property=\"og:image:width\" content=\"711\" \/>\n\t<meta property=\"og:image:height\" content=\"400\" \/>\n\t<meta property=\"og:image:type\" content=\"image\/jpeg\" \/>\n<meta name=\"author\" content=\"enequipo\" \/>\n<meta name=\"twitter:card\" content=\"summary_large_image\" \/>\n<meta name=\"twitter:creator\" content=\"@sonoraenequipo\" \/>\n<meta name=\"twitter:site\" content=\"@sonoraenequipo\" \/>\n<meta name=\"twitter:label1\" content=\"Escrito por\" \/>\n\t<meta name=\"twitter:data1\" content=\"enequipo\" \/>\n\t<meta name=\"twitter:label2\" content=\"Tiempo de lectura\" \/>\n\t<meta name=\"twitter:data2\" content=\"2 minutos\" \/>\n<script type=\"application\/ld+json\" class=\"yoast-schema-graph\">{\"@context\":\"https:\/\/schema.org\",\"@graph\":[{\"@type\":\"Article\",\"@id\":\"https:\/\/www.sonoraenequipo.com.mx\/estamos-en-la-tercera-ola-del-coronavirus-afirma-experto-aleman\/#article\",\"isPartOf\":{\"@id\":\"https:\/\/www.sonoraenequipo.com.mx\/estamos-en-la-tercera-ola-del-coronavirus-afirma-experto-aleman\/\"},\"author\":{\"name\":\"enequipo\",\"@id\":\"https:\/\/www.sonoraenequipo.com.mx\/#\/schema\/person\/50102df0fb23a8fa9e8effad8fa81386\"},\"headline\":\"\u201cEstamos en la tercera ola\u201d del coronavirus afirma experto alem\u00e1n.\",\"datePublished\":\"2021-03-16T13:13:45+00:00\",\"dateModified\":\"2021-03-16T15:24:36+00:00\",\"mainEntityOfPage\":{\"@id\":\"https:\/\/www.sonoraenequipo.com.mx\/estamos-en-la-tercera-ola-del-coronavirus-afirma-experto-aleman\/\"},\"wordCount\":356,\"commentCount\":0,\"publisher\":{\"@id\":\"https:\/\/www.sonoraenequipo.com.mx\/#organization\"},\"image\":{\"@id\":\"https:\/\/www.sonoraenequipo.com.mx\/estamos-en-la-tercera-ola-del-coronavirus-afirma-experto-aleman\/#primaryimage\"},\"thumbnailUrl\":\"https:\/\/www.sonoraenequipo.com.mx\/storage\/2021\/03\/hospital-en-Greifswald_opt.jpg\",\"articleSection\":[\"MUNDO\"],\"inLanguage\":\"es\",\"potentialAction\":[{\"@type\":\"CommentAction\",\"name\":\"Comment\",\"target\":[\"https:\/\/www.sonoraenequipo.com.mx\/estamos-en-la-tercera-ola-del-coronavirus-afirma-experto-aleman\/#respond\"]}]},{\"@type\":\"WebPage\",\"@id\":\"https:\/\/www.sonoraenequipo.com.mx\/estamos-en-la-tercera-ola-del-coronavirus-afirma-experto-aleman\/\",\"url\":\"https:\/\/www.sonoraenequipo.com.mx\/estamos-en-la-tercera-ola-del-coronavirus-afirma-experto-aleman\/\",\"name\":\"Sonora en Equipo. \u201cEstamos en la tercera ola\u201d del coronavirus afirma experto alem\u00e1n. MUNDO\",\"isPartOf\":{\"@id\":\"https:\/\/www.sonoraenequipo.com.mx\/#website\"},\"primaryImageOfPage\":{\"@id\":\"https:\/\/www.sonoraenequipo.com.mx\/estamos-en-la-tercera-ola-del-coronavirus-afirma-experto-aleman\/#primaryimage\"},\"image\":{\"@id\":\"https:\/\/www.sonoraenequipo.com.mx\/estamos-en-la-tercera-ola-del-coronavirus-afirma-experto-aleman\/#primaryimage\"},\"thumbnailUrl\":\"https:\/\/www.sonoraenequipo.com.mx\/storage\/2021\/03\/hospital-en-Greifswald_opt.jpg\",\"datePublished\":\"2021-03-16T13:13:45+00:00\",\"dateModified\":\"2021-03-16T15:24:36+00:00\",\"description\":\"BERL\u00cdN, ALEMANIA. \u2014 El epidemi\u00f3logo del Instituto Robert Koch (RKI, por sus siglas en alem\u00e1n) Dirk Brockmann, critic\u00f3 este martes (16.03.2021) la pol\u00edtica En Sonora en Equipo publicamos toda la informaci\u00f3n de Sonora, M\u00e9xico y el Mundo de manera oportuna y busca que la libertad de expresi\u00f3n sea real. Visita nuestro medio informativo publicado desde Hermosillo, Sonora. %\",\"breadcrumb\":{\"@id\":\"https:\/\/www.sonoraenequipo.com.mx\/estamos-en-la-tercera-ola-del-coronavirus-afirma-experto-aleman\/#breadcrumb\"},\"inLanguage\":\"es\",\"potentialAction\":[{\"@type\":\"ReadAction\",\"target\":[\"https:\/\/www.sonoraenequipo.com.mx\/estamos-en-la-tercera-ola-del-coronavirus-afirma-experto-aleman\/\"]}]},{\"@type\":\"ImageObject\",\"inLanguage\":\"es\",\"@id\":\"https:\/\/www.sonoraenequipo.com.mx\/estamos-en-la-tercera-ola-del-coronavirus-afirma-experto-aleman\/#primaryimage\",\"url\":\"https:\/\/www.sonoraenequipo.com.mx\/storage\/2021\/03\/hospital-en-Greifswald_opt.jpg\",\"contentUrl\":\"https:\/\/www.sonoraenequipo.com.mx\/storage\/2021\/03\/hospital-en-Greifswald_opt.jpg\",\"width\":711,\"height\":400},{\"@type\":\"BreadcrumbList\",\"@id\":\"https:\/\/www.sonoraenequipo.com.mx\/estamos-en-la-tercera-ola-del-coronavirus-afirma-experto-aleman\/#breadcrumb\",\"itemListElement\":[{\"@type\":\"ListItem\",\"position\":1,\"name\":\"Portada\",\"item\":\"https:\/\/www.sonoraenequipo.com.mx\/\"},{\"@type\":\"ListItem\",\"position\":2,\"name\":\"\u201cEstamos en la tercera ola\u201d del coronavirus afirma experto alem\u00e1n.\"}]},{\"@type\":\"WebSite\",\"@id\":\"https:\/\/www.sonoraenequipo.com.mx\/#website\",\"url\":\"https:\/\/www.sonoraenequipo.com.mx\/\",\"name\":\"Sonora en Equipo.\",\"description\":\"Diario en l\u00ednea con Noticias desde Hermosillo, Sonora\",\"publisher\":{\"@id\":\"https:\/\/www.sonoraenequipo.com.mx\/#organization\"},\"potentialAction\":[{\"@type\":\"SearchAction\",\"target\":{\"@type\":\"EntryPoint\",\"urlTemplate\":\"https:\/\/www.sonoraenequipo.com.mx\/?s={search_term_string}\"},\"query-input\":{\"@type\":\"PropertyValueSpecification\",\"valueRequired\":true,\"valueName\":\"search_term_string\"}}],\"inLanguage\":\"es\"},{\"@type\":\"Organization\",\"@id\":\"https:\/\/www.sonoraenequipo.com.mx\/#organization\",\"name\":\"Sonoraenequipo.com.mx\",\"url\":\"https:\/\/www.sonoraenequipo.com.mx\/\",\"logo\":{\"@type\":\"ImageObject\",\"inLanguage\":\"es\",\"@id\":\"https:\/\/www.sonoraenequipo.com.mx\/#\/schema\/logo\/image\/\",\"url\":\"https:\/\/www.sonoraenequipo.com.mx\/storage\/2019\/01\/sonoraenequipo_opt.png\",\"contentUrl\":\"https:\/\/www.sonoraenequipo.com.mx\/storage\/2019\/01\/sonoraenequipo_opt.png\",\"width\":375,\"height\":125,\"caption\":\"Sonoraenequipo.com.mx\"},\"image\":{\"@id\":\"https:\/\/www.sonoraenequipo.com.mx\/#\/schema\/logo\/image\/\"},\"sameAs\":[\"https:\/\/www.facebook.com\/SonoraEE\/\",\"https:\/\/x.com\/sonoraenequipo\",\"https:\/\/www.youtube.com\/channel\/UC338nW-lPEYmJQs4ZABQ1SQ\"]},{\"@type\":\"Person\",\"@id\":\"https:\/\/www.sonoraenequipo.com.mx\/#\/schema\/person\/50102df0fb23a8fa9e8effad8fa81386\",\"name\":\"enequipo\",\"image\":{\"@type\":\"ImageObject\",\"inLanguage\":\"es\",\"@id\":\"https:\/\/www.sonoraenequipo.com.mx\/#\/schema\/person\/image\/\",\"url\":\"https:\/\/secure.gravatar.com\/avatar\/049821681b589dabc0bc20695993ccebb09f5b5d4d790cd9251b97faac7c652b?s=96&d=blank&r=g\",\"contentUrl\":\"https:\/\/secure.gravatar.com\/avatar\/049821681b589dabc0bc20695993ccebb09f5b5d4d790cd9251b97faac7c652b?s=96&d=blank&r=g\",\"caption\":\"enequipo\"},\"sameAs\":[\"https:\/\/www.facebook.com\/SonoraEE\"]}]}<\/script>\n ","yoast_head_json":{"title":"Sonora en Equipo. \u201cEstamos en la tercera ola\u201d del coronavirus afirma experto alem\u00e1n. MUNDO","description":"BERL\u00cdN, ALEMANIA. \u2014 El epidemi\u00f3logo del Instituto Robert Koch (RKI, por sus siglas en alem\u00e1n) Dirk Brockmann, critic\u00f3 este martes (16.03.2021) la pol\u00edtica En Sonora en Equipo publicamos toda la informaci\u00f3n de Sonora, M\u00e9xico y el Mundo de manera oportuna y busca que la libertad de expresi\u00f3n sea real. Visita nuestro medio informativo publicado desde Hermosillo, Sonora. %","robots":{"index":"index","follow":"follow","max-snippet":"max-snippet:-1","max-image-preview":"max-image-preview:large","max-video-preview":"max-video-preview:-1"},"canonical":"https:\/\/www.sonoraenequipo.com.mx\/estamos-en-la-tercera-ola-del-coronavirus-afirma-experto-aleman\/","og_locale":"es_ES","og_type":"article","og_title":"Sonora en Equipo. \u201cEstamos en la tercera ola\u201d del coronavirus afirma experto alem\u00e1n. MUNDO","og_description":"BERL\u00cdN, ALEMANIA. \u2014 El epidemi\u00f3logo del Instituto Robert Koch (RKI, por sus siglas en alem\u00e1n) Dirk Brockmann, critic\u00f3 este martes (16.03.2021) la pol\u00edtica En Sonora en Equipo publicamos toda la informaci\u00f3n de Sonora, M\u00e9xico y el Mundo de manera oportuna y busca que la libertad de expresi\u00f3n sea real. Visita nuestro medio informativo publicado desde Hermosillo, Sonora. %","og_url":"https:\/\/www.sonoraenequipo.com.mx\/estamos-en-la-tercera-ola-del-coronavirus-afirma-experto-aleman\/","og_site_name":"Sonora en Equipo.","article_publisher":"https:\/\/www.facebook.com\/SonoraEE\/","article_author":"https:\/\/www.facebook.com\/SonoraEE","article_published_time":"2021-03-16T13:13:45+00:00","article_modified_time":"2021-03-16T15:24:36+00:00","og_image":[{"width":711,"height":400,"url":"https:\/\/www.sonoraenequipo.com.mx\/storage\/2021\/03\/hospital-en-Greifswald_opt.jpg","type":"image\/jpeg"}],"author":"enequipo","twitter_card":"summary_large_image","twitter_creator":"@sonoraenequipo","twitter_site":"@sonoraenequipo","twitter_misc":{"Escrito por":"enequipo","Tiempo de lectura":"2 minutos"},"schema":{"@context":"https:\/\/schema.org","@graph":[{"@type":"Article","@id":"https:\/\/www.sonoraenequipo.com.mx\/estamos-en-la-tercera-ola-del-coronavirus-afirma-experto-aleman\/#article","isPartOf":{"@id":"https:\/\/www.sonoraenequipo.com.mx\/estamos-en-la-tercera-ola-del-coronavirus-afirma-experto-aleman\/"},"author":{"name":"enequipo","@id":"https:\/\/www.sonoraenequipo.com.mx\/#\/schema\/person\/50102df0fb23a8fa9e8effad8fa81386"},"headline":"\u201cEstamos en la tercera ola\u201d del coronavirus afirma experto alem\u00e1n.","datePublished":"2021-03-16T13:13:45+00:00","dateModified":"2021-03-16T15:24:36+00:00","mainEntityOfPage":{"@id":"https:\/\/www.sonoraenequipo.com.mx\/estamos-en-la-tercera-ola-del-coronavirus-afirma-experto-aleman\/"},"wordCount":356,"commentCount":0,"publisher":{"@id":"https:\/\/www.sonoraenequipo.com.mx\/#organization"},"image":{"@id":"https:\/\/www.sonoraenequipo.com.mx\/estamos-en-la-tercera-ola-del-coronavirus-afirma-experto-aleman\/#primaryimage"},"thumbnailUrl":"https:\/\/www.sonoraenequipo.com.mx\/storage\/2021\/03\/hospital-en-Greifswald_opt.jpg","articleSection":["MUNDO"],"inLanguage":"es","potentialAction":[{"@type":"CommentAction","name":"Comment","target":["https:\/\/www.sonoraenequipo.com.mx\/estamos-en-la-tercera-ola-del-coronavirus-afirma-experto-aleman\/#respond"]}]},{"@type":"WebPage","@id":"https:\/\/www.sonoraenequipo.com.mx\/estamos-en-la-tercera-ola-del-coronavirus-afirma-experto-aleman\/","url":"https:\/\/www.sonoraenequipo.com.mx\/estamos-en-la-tercera-ola-del-coronavirus-afirma-experto-aleman\/","name":"Sonora en Equipo. \u201cEstamos en la tercera ola\u201d del coronavirus afirma experto alem\u00e1n. MUNDO","isPartOf":{"@id":"https:\/\/www.sonoraenequipo.com.mx\/#website"},"primaryImageOfPage":{"@id":"https:\/\/www.sonoraenequipo.com.mx\/estamos-en-la-tercera-ola-del-coronavirus-afirma-experto-aleman\/#primaryimage"},"image":{"@id":"https:\/\/www.sonoraenequipo.com.mx\/estamos-en-la-tercera-ola-del-coronavirus-afirma-experto-aleman\/#primaryimage"},"thumbnailUrl":"https:\/\/www.sonoraenequipo.com.mx\/storage\/2021\/03\/hospital-en-Greifswald_opt.jpg","datePublished":"2021-03-16T13:13:45+00:00","dateModified":"2021-03-16T15:24:36+00:00","description":"BERL\u00cdN, ALEMANIA. \u2014 El epidemi\u00f3logo del Instituto Robert Koch (RKI, por sus siglas en alem\u00e1n) Dirk Brockmann, critic\u00f3 este martes (16.03.2021) la pol\u00edtica En Sonora en Equipo publicamos toda la informaci\u00f3n de Sonora, M\u00e9xico y el Mundo de manera oportuna y busca que la libertad de expresi\u00f3n sea real. Visita nuestro medio informativo publicado desde Hermosillo, Sonora. %","breadcrumb":{"@id":"https:\/\/www.sonoraenequipo.com.mx\/estamos-en-la-tercera-ola-del-coronavirus-afirma-experto-aleman\/#breadcrumb"},"inLanguage":"es","potentialAction":[{"@type":"ReadAction","target":["https:\/\/www.sonoraenequipo.com.mx\/estamos-en-la-tercera-ola-del-coronavirus-afirma-experto-aleman\/"]}]},{"@type":"ImageObject","inLanguage":"es","@id":"https:\/\/www.sonoraenequipo.com.mx\/estamos-en-la-tercera-ola-del-coronavirus-afirma-experto-aleman\/#primaryimage","url":"https:\/\/www.sonoraenequipo.com.mx\/storage\/2021\/03\/hospital-en-Greifswald_opt.jpg","contentUrl":"https:\/\/www.sonoraenequipo.com.mx\/storage\/2021\/03\/hospital-en-Greifswald_opt.jpg","width":711,"height":400},{"@type":"BreadcrumbList","@id":"https:\/\/www.sonoraenequipo.com.mx\/estamos-en-la-tercera-ola-del-coronavirus-afirma-experto-aleman\/#breadcrumb","itemListElement":[{"@type":"ListItem","position":1,"name":"Portada","item":"https:\/\/www.sonoraenequipo.com.mx\/"},{"@type":"ListItem","position":2,"name":"\u201cEstamos en la tercera ola\u201d del coronavirus afirma experto alem\u00e1n."}]},{"@type":"WebSite","@id":"https:\/\/www.sonoraenequipo.com.mx\/#website","url":"https:\/\/www.sonoraenequipo.com.mx\/","name":"Sonora en Equipo.","description":"Diario en l\u00ednea con Noticias desde Hermosillo, Sonora","publisher":{"@id":"https:\/\/www.sonoraenequipo.com.mx\/#organization"},"potentialAction":[{"@type":"SearchAction","target":{"@type":"EntryPoint","urlTemplate":"https:\/\/www.sonoraenequipo.com.mx\/?s={search_term_string}"},"query-input":{"@type":"PropertyValueSpecification","valueRequired":true,"valueName":"search_term_string"}}],"inLanguage":"es"},{"@type":"Organization","@id":"https:\/\/www.sonoraenequipo.com.mx\/#organization","name":"Sonoraenequipo.com.mx","url":"https:\/\/www.sonoraenequipo.com.mx\/","logo":{"@type":"ImageObject","inLanguage":"es","@id":"https:\/\/www.sonoraenequipo.com.mx\/#\/schema\/logo\/image\/","url":"https:\/\/www.sonoraenequipo.com.mx\/storage\/2019\/01\/sonoraenequipo_opt.png","contentUrl":"https:\/\/www.sonoraenequipo.com.mx\/storage\/2019\/01\/sonoraenequipo_opt.png","width":375,"height":125,"caption":"Sonoraenequipo.com.mx"},"image":{"@id":"https:\/\/www.sonoraenequipo.com.mx\/#\/schema\/logo\/image\/"},"sameAs":["https:\/\/www.facebook.com\/SonoraEE\/","https:\/\/x.com\/sonoraenequipo","https:\/\/www.youtube.com\/channel\/UC338nW-lPEYmJQs4ZABQ1SQ"]},{"@type":"Person","@id":"https:\/\/www.sonoraenequipo.com.mx\/#\/schema\/person\/50102df0fb23a8fa9e8effad8fa81386","name":"enequipo","image":{"@type":"ImageObject","inLanguage":"es","@id":"https:\/\/www.sonoraenequipo.com.mx\/#\/schema\/person\/image\/","url":"https:\/\/secure.gravatar.com\/avatar\/049821681b589dabc0bc20695993ccebb09f5b5d4d790cd9251b97faac7c652b?s=96&d=blank&r=g","contentUrl":"https:\/\/secure.gravatar.com\/avatar\/049821681b589dabc0bc20695993ccebb09f5b5d4d790cd9251b97faac7c652b?s=96&d=blank&r=g","caption":"enequipo"},"sameAs":["https:\/\/www.facebook.com\/SonoraEE"]}]}},"jetpack_featured_media_url":"https:\/\/www.sonoraenequipo.com.mx\/storage\/2021\/03\/hospital-en-Greifswald_opt.jpg","_links":{"self":[{"href":"https:\/\/www.sonoraenequipo.com.mx\/api\/wp\/v2\/posts\/109248","targetHints":{"allow":["GET"]}}],"collection":[{"href":"https:\/\/www.sonoraenequipo.com.mx\/api\/wp\/v2\/posts"}],"about":[{"href":"https:\/\/www.sonoraenequipo.com.mx\/api\/wp\/v2\/types\/post"}],"author":[{"embeddable":true,"href":"https:\/\/www.sonoraenequipo.com.mx\/api\/wp\/v2\/users\/1"}],"replies":[{"embeddable":true,"href":"https:\/\/www.sonoraenequipo.com.mx\/api\/wp\/v2\/comments?post=109248"}],"version-history":[{"count":1,"href":"https:\/\/www.sonoraenequipo.com.mx\/api\/wp\/v2\/posts\/109248\/revisions"}],"predecessor-version":[{"id":109254,"href":"https:\/\/www.sonoraenequipo.com.mx\/api\/wp\/v2\/posts\/109248\/revisions\/109254"}],"wp:featuredmedia":[{"embeddable":true,"href":"https:\/\/www.sonoraenequipo.com.mx\/api\/wp\/v2\/media\/109252"}],"wp:attachment":[{"href":"https:\/\/www.sonoraenequipo.com.mx\/api\/wp\/v2\/media?parent=109248"}],"wp:term":[{"taxonomy":"category","embeddable":true,"href":"https:\/\/www.sonoraenequipo.com.mx\/api\/wp\/v2\/categories?post=109248"},{"taxonomy":"post_tag","embeddable":true,"href":"https:\/\/www.sonoraenequipo.com.mx\/api\/wp\/v2\/tags?post=109248"}],"curies":[{"name":"wp","href":"https:\/\/api.w.org\/{rel}","templated":true}]}}