{"id":109255,"date":"2021-03-15T21:36:27","date_gmt":"2021-03-16T04:36:27","guid":{"rendered":"https:\/\/www.sonoraenequipo.com.mx\/?p=109255"},"modified":"2021-03-16T08:54:51","modified_gmt":"2021-03-16T15:54:51","slug":"alejandro-diaz-de-leon-gobernador-de-banxico-es-nombrado-gobernador-del-ano","status":"publish","type":"post","link":"https:\/\/www.sonoraenequipo.com.mx\/alejandro-diaz-de-leon-gobernador-de-banxico-es-nombrado-gobernador-del-ano\/","title":{"rendered":"Alejandro D\u00edaz de Le\u00f3n, gobernador de Banxico, es nombrado gobernador del a\u00f1o"},"content":{"rendered":"<p>ESTADOS UNIDOS. \u2014 El gobernador de Banco de M\u00e9xico (Banxico), Alejandro D\u00edaz de Le\u00f3n, fue nombrado gobernador del a\u00f1o por el portal Central Banking debido a su manejo de la pol\u00edtica monetaria durante la pandemia.<\/p>\n<p>&nbsp;<\/p>\n<p> <\/p>\n<p>&nbsp;<\/p>\n<p>De acuerdo con la firma, las habilidades de liderazgo de la mayor\u00eda de los gobernadores de los bancos centrales se probaron al m\u00e1ximo el a\u00f1o pasado cuando implementaron acciones de emergencia destinadas a prevenir el colapso financiero y econ\u00f3mico cuando golpe\u00f3 la pandemia de COVID-19, y esta tarea fue m\u00e1s dif\u00edcil para los gobernadores en pa\u00edses que entraron en la crisis con fundamentos econ\u00f3micos debilitados y donde las respuestas a la crisis recayeron m\u00e1s en el banco central que en las autoridades fiscales.<\/p>\n<p>&nbsp;<\/p>\n<p>\u201cAlejandro D\u00edaz de Le\u00f3n mostr\u00f3 habilidades de liderazgo excepcionales durante el a\u00f1o pasado. El gobernador del Banco de M\u00e9xico (Banxico) tuvo que implementar una pol\u00edtica monetaria prudente relaj\u00e1ndose en un momento en que el peso estaba bajo presi\u00f3n y el Banco Central manejaba una carga desproporcionada y pesada en t\u00e9rminos de respuestas a la crisis econ\u00f3mica de COVID-19\u201d, coment\u00f3 Central Banking al justificar su decisi\u00f3n.<\/p>\n<p>&nbsp;<\/p>\n<p>A\u00f1adieron que D\u00edaz de Le\u00f3n supo manejar la presi\u00f3n relacionada a la reforma a la ley de Banxico en materia de divisas.<\/p>\n<p>&nbsp;<\/p>\n<p>\u201cAl mismo tiempo, tuvo que desactivar varios intentos de restringir la independencia del Banco de M\u00e9xico, ahora una de las instituciones m\u00e1s confiables en los mercados emergentes. Mientras tanto, D\u00edaz de Le\u00f3n continu\u00f3 mejorando la capacidad, la transparencia y el funcionamiento del Banco Central, por ejemplo, mediante el desarrollo de un nuevo sistema de pagos instant\u00e1neos, en beneficio de los mexicanos\u201d, a\u00f1adi\u00f3 la firma encargada de otorgar el galard\u00f3n.<\/p>\n<p>(Publicada el 15\/03\/2021)<\/p>\n","protected":false},"excerpt":{"rendered":"<p>ESTADOS UNIDOS. \u2014 El gobernador de Banco de M\u00e9xico (Banxico), Alejandro D\u00edaz de Le\u00f3n, fue&#8230;<\/p>\n","protected":false},"author":1,"featured_media":109256,"comment_status":"open","ping_status":"open","sticky":false,"template":"","format":"standard","meta":{"_monsterinsights_skip_tracking":false,"_monsterinsights_sitenote_active":false,"_monsterinsights_sitenote_note":"","_monsterinsights_sitenote_category":0,"footnotes":""},"categories":[3],"tags":[],"class_list":["post"],"yoast_head":" \n<title>Sonora en Equipo. Alejandro D\u00edaz de Le\u00f3n, gobernador de Banxico, es nombrado gobernador del a\u00f1o MUNDO<\/title>\n<meta name=\"description\" content=\"ESTADOS UNIDOS. \u2014 El gobernador de Banco de M\u00e9xico (Banxico), Alejandro D\u00edaz de Le\u00f3n, fue nombrado gobernador del a\u00f1o por el portal Central Banking debido En Sonora en Equipo publicamos toda la informaci\u00f3n de Sonora, M\u00e9xico y el Mundo de manera oportuna y busca que la libertad de expresi\u00f3n sea real. Visita nuestro medio informativo publicado desde Hermosillo, Sonora. %\" \/>\n<meta name=\"robots\" content=\"index, follow, max-snippet:-1, max-image-preview:large, max-video-preview:-1\" \/>\n<link rel=\"canonical\" href=\"https:\/\/www.sonoraenequipo.com.mx\/alejandro-diaz-de-leon-gobernador-de-banxico-es-nombrado-gobernador-del-ano\/\" \/>\n<meta property=\"og:locale\" content=\"es_ES\" \/>\n<meta property=\"og:type\" content=\"article\" \/>\n<meta property=\"og:title\" content=\"Sonora en Equipo. Alejandro D\u00edaz de Le\u00f3n, gobernador de Banxico, es nombrado gobernador del a\u00f1o MUNDO\" \/>\n<meta property=\"og:description\" content=\"ESTADOS UNIDOS. \u2014 El gobernador de Banco de M\u00e9xico (Banxico), Alejandro D\u00edaz de Le\u00f3n, fue nombrado gobernador del a\u00f1o por el portal Central Banking debido En Sonora en Equipo publicamos toda la informaci\u00f3n de Sonora, M\u00e9xico y el Mundo de manera oportuna y busca que la libertad de expresi\u00f3n sea real. Visita nuestro medio informativo publicado desde Hermosillo, Sonora. %\" \/>\n<meta property=\"og:url\" content=\"https:\/\/www.sonoraenequipo.com.mx\/alejandro-diaz-de-leon-gobernador-de-banxico-es-nombrado-gobernador-del-ano\/\" \/>\n<meta property=\"og:site_name\" content=\"Sonora en Equipo.\" \/>\n<meta property=\"article:publisher\" content=\"https:\/\/www.facebook.com\/SonoraEE\/\" \/>\n<meta property=\"article:author\" content=\"https:\/\/www.facebook.com\/SonoraEE\" \/>\n<meta property=\"article:published_time\" content=\"2021-03-16T04:36:27+00:00\" \/>\n<meta property=\"article:modified_time\" content=\"2021-03-16T15:54:51+00:00\" \/>\n<meta property=\"og:image\" content=\"https:\/\/www.sonoraenequipo.com.mx\/storage\/2021\/03\/alejandro-dxaz_opt.jpg\" \/>\n\t<meta property=\"og:image:width\" content=\"811\" \/>\n\t<meta property=\"og:image:height\" content=\"500\" \/>\n\t<meta property=\"og:image:type\" content=\"image\/jpeg\" \/>\n<meta name=\"author\" content=\"enequipo\" \/>\n<meta name=\"twitter:card\" content=\"summary_large_image\" \/>\n<meta name=\"twitter:creator\" content=\"@sonoraenequipo\" \/>\n<meta name=\"twitter:site\" content=\"@sonoraenequipo\" \/>\n<meta name=\"twitter:label1\" content=\"Escrito por\" \/>\n\t<meta name=\"twitter:data1\" content=\"enequipo\" \/>\n\t<meta name=\"twitter:label2\" content=\"Tiempo de lectura\" \/>\n\t<meta name=\"twitter:data2\" content=\"2 minutos\" \/>\n<script type=\"application\/ld+json\" class=\"yoast-schema-graph\">{\"@context\":\"https:\/\/schema.org\",\"@graph\":[{\"@type\":\"Article\",\"@id\":\"https:\/\/www.sonoraenequipo.com.mx\/alejandro-diaz-de-leon-gobernador-de-banxico-es-nombrado-gobernador-del-ano\/#article\",\"isPartOf\":{\"@id\":\"https:\/\/www.sonoraenequipo.com.mx\/alejandro-diaz-de-leon-gobernador-de-banxico-es-nombrado-gobernador-del-ano\/\"},\"author\":{\"name\":\"enequipo\",\"@id\":\"https:\/\/www.sonoraenequipo.com.mx\/#\/schema\/person\/50102df0fb23a8fa9e8effad8fa81386\"},\"headline\":\"Alejandro D\u00edaz de Le\u00f3n, gobernador de Banxico, es nombrado gobernador del a\u00f1o\",\"datePublished\":\"2021-03-16T04:36:27+00:00\",\"dateModified\":\"2021-03-16T15:54:51+00:00\",\"mainEntityOfPage\":{\"@id\":\"https:\/\/www.sonoraenequipo.com.mx\/alejandro-diaz-de-leon-gobernador-de-banxico-es-nombrado-gobernador-del-ano\/\"},\"wordCount\":330,\"commentCount\":0,\"publisher\":{\"@id\":\"https:\/\/www.sonoraenequipo.com.mx\/#organization\"},\"image\":{\"@id\":\"https:\/\/www.sonoraenequipo.com.mx\/alejandro-diaz-de-leon-gobernador-de-banxico-es-nombrado-gobernador-del-ano\/#primaryimage\"},\"thumbnailUrl\":\"https:\/\/www.sonoraenequipo.com.mx\/storage\/2021\/03\/alejandro-dxaz_opt.jpg\",\"articleSection\":[\"MUNDO\"],\"inLanguage\":\"es\",\"potentialAction\":[{\"@type\":\"CommentAction\",\"name\":\"Comment\",\"target\":[\"https:\/\/www.sonoraenequipo.com.mx\/alejandro-diaz-de-leon-gobernador-de-banxico-es-nombrado-gobernador-del-ano\/#respond\"]}]},{\"@type\":\"WebPage\",\"@id\":\"https:\/\/www.sonoraenequipo.com.mx\/alejandro-diaz-de-leon-gobernador-de-banxico-es-nombrado-gobernador-del-ano\/\",\"url\":\"https:\/\/www.sonoraenequipo.com.mx\/alejandro-diaz-de-leon-gobernador-de-banxico-es-nombrado-gobernador-del-ano\/\",\"name\":\"Sonora en Equipo. Alejandro D\u00edaz de Le\u00f3n, gobernador de Banxico, es nombrado gobernador del a\u00f1o MUNDO\",\"isPartOf\":{\"@id\":\"https:\/\/www.sonoraenequipo.com.mx\/#website\"},\"primaryImageOfPage\":{\"@id\":\"https:\/\/www.sonoraenequipo.com.mx\/alejandro-diaz-de-leon-gobernador-de-banxico-es-nombrado-gobernador-del-ano\/#primaryimage\"},\"image\":{\"@id\":\"https:\/\/www.sonoraenequipo.com.mx\/alejandro-diaz-de-leon-gobernador-de-banxico-es-nombrado-gobernador-del-ano\/#primaryimage\"},\"thumbnailUrl\":\"https:\/\/www.sonoraenequipo.com.mx\/storage\/2021\/03\/alejandro-dxaz_opt.jpg\",\"datePublished\":\"2021-03-16T04:36:27+00:00\",\"dateModified\":\"2021-03-16T15:54:51+00:00\",\"description\":\"ESTADOS UNIDOS. \u2014 El gobernador de Banco de M\u00e9xico (Banxico), Alejandro D\u00edaz de Le\u00f3n, fue nombrado gobernador del a\u00f1o por el portal Central Banking debido En Sonora en Equipo publicamos toda la informaci\u00f3n de Sonora, M\u00e9xico y el Mundo de manera oportuna y busca que la libertad de expresi\u00f3n sea real. Visita nuestro medio informativo publicado desde Hermosillo, Sonora. %\",\"breadcrumb\":{\"@id\":\"https:\/\/www.sonoraenequipo.com.mx\/alejandro-diaz-de-leon-gobernador-de-banxico-es-nombrado-gobernador-del-ano\/#breadcrumb\"},\"inLanguage\":\"es\",\"potentialAction\":[{\"@type\":\"ReadAction\",\"target\":[\"https:\/\/www.sonoraenequipo.com.mx\/alejandro-diaz-de-leon-gobernador-de-banxico-es-nombrado-gobernador-del-ano\/\"]}]},{\"@type\":\"ImageObject\",\"inLanguage\":\"es\",\"@id\":\"https:\/\/www.sonoraenequipo.com.mx\/alejandro-diaz-de-leon-gobernador-de-banxico-es-nombrado-gobernador-del-ano\/#primaryimage\",\"url\":\"https:\/\/www.sonoraenequipo.com.mx\/storage\/2021\/03\/alejandro-dxaz_opt.jpg\",\"contentUrl\":\"https:\/\/www.sonoraenequipo.com.mx\/storage\/2021\/03\/alejandro-dxaz_opt.jpg\",\"width\":811,\"height\":500},{\"@type\":\"BreadcrumbList\",\"@id\":\"https:\/\/www.sonoraenequipo.com.mx\/alejandro-diaz-de-leon-gobernador-de-banxico-es-nombrado-gobernador-del-ano\/#breadcrumb\",\"itemListElement\":[{\"@type\":\"ListItem\",\"position\":1,\"name\":\"Portada\",\"item\":\"https:\/\/www.sonoraenequipo.com.mx\/\"},{\"@type\":\"ListItem\",\"position\":2,\"name\":\"Alejandro D\u00edaz de Le\u00f3n, gobernador de Banxico, es nombrado gobernador del a\u00f1o\"}]},{\"@type\":\"WebSite\",\"@id\":\"https:\/\/www.sonoraenequipo.com.mx\/#website\",\"url\":\"https:\/\/www.sonoraenequipo.com.mx\/\",\"name\":\"Sonora en Equipo.\",\"description\":\"Diario en l\u00ednea con Noticias desde Hermosillo, Sonora\",\"publisher\":{\"@id\":\"https:\/\/www.sonoraenequipo.com.mx\/#organization\"},\"potentialAction\":[{\"@type\":\"SearchAction\",\"target\":{\"@type\":\"EntryPoint\",\"urlTemplate\":\"https:\/\/www.sonoraenequipo.com.mx\/?s={search_term_string}\"},\"query-input\":{\"@type\":\"PropertyValueSpecification\",\"valueRequired\":true,\"valueName\":\"search_term_string\"}}],\"inLanguage\":\"es\"},{\"@type\":\"Organization\",\"@id\":\"https:\/\/www.sonoraenequipo.com.mx\/#organization\",\"name\":\"Sonoraenequipo.com.mx\",\"url\":\"https:\/\/www.sonoraenequipo.com.mx\/\",\"logo\":{\"@type\":\"ImageObject\",\"inLanguage\":\"es\",\"@id\":\"https:\/\/www.sonoraenequipo.com.mx\/#\/schema\/logo\/image\/\",\"url\":\"https:\/\/www.sonoraenequipo.com.mx\/storage\/2019\/01\/sonoraenequipo_opt.png\",\"contentUrl\":\"https:\/\/www.sonoraenequipo.com.mx\/storage\/2019\/01\/sonoraenequipo_opt.png\",\"width\":375,\"height\":125,\"caption\":\"Sonoraenequipo.com.mx\"},\"image\":{\"@id\":\"https:\/\/www.sonoraenequipo.com.mx\/#\/schema\/logo\/image\/\"},\"sameAs\":[\"https:\/\/www.facebook.com\/SonoraEE\/\",\"https:\/\/x.com\/sonoraenequipo\",\"https:\/\/www.youtube.com\/channel\/UC338nW-lPEYmJQs4ZABQ1SQ\"]},{\"@type\":\"Person\",\"@id\":\"https:\/\/www.sonoraenequipo.com.mx\/#\/schema\/person\/50102df0fb23a8fa9e8effad8fa81386\",\"name\":\"enequipo\",\"image\":{\"@type\":\"ImageObject\",\"inLanguage\":\"es\",\"@id\":\"https:\/\/www.sonoraenequipo.com.mx\/#\/schema\/person\/image\/\",\"url\":\"https:\/\/secure.gravatar.com\/avatar\/049821681b589dabc0bc20695993ccebb09f5b5d4d790cd9251b97faac7c652b?s=96&d=blank&r=g\",\"contentUrl\":\"https:\/\/secure.gravatar.com\/avatar\/049821681b589dabc0bc20695993ccebb09f5b5d4d790cd9251b97faac7c652b?s=96&d=blank&r=g\",\"caption\":\"enequipo\"},\"sameAs\":[\"https:\/\/www.facebook.com\/SonoraEE\"]}]}<\/script>\n ","yoast_head_json":{"title":"Sonora en Equipo. Alejandro D\u00edaz de Le\u00f3n, gobernador de Banxico, es nombrado gobernador del a\u00f1o MUNDO","description":"ESTADOS UNIDOS. \u2014 El gobernador de Banco de M\u00e9xico (Banxico), Alejandro D\u00edaz de Le\u00f3n, fue nombrado gobernador del a\u00f1o por el portal Central Banking debido En Sonora en Equipo publicamos toda la informaci\u00f3n de Sonora, M\u00e9xico y el Mundo de manera oportuna y busca que la libertad de expresi\u00f3n sea real. Visita nuestro medio informativo publicado desde Hermosillo, Sonora. %","robots":{"index":"index","follow":"follow","max-snippet":"max-snippet:-1","max-image-preview":"max-image-preview:large","max-video-preview":"max-video-preview:-1"},"canonical":"https:\/\/www.sonoraenequipo.com.mx\/alejandro-diaz-de-leon-gobernador-de-banxico-es-nombrado-gobernador-del-ano\/","og_locale":"es_ES","og_type":"article","og_title":"Sonora en Equipo. Alejandro D\u00edaz de Le\u00f3n, gobernador de Banxico, es nombrado gobernador del a\u00f1o MUNDO","og_description":"ESTADOS UNIDOS. \u2014 El gobernador de Banco de M\u00e9xico (Banxico), Alejandro D\u00edaz de Le\u00f3n, fue nombrado gobernador del a\u00f1o por el portal Central Banking debido En Sonora en Equipo publicamos toda la informaci\u00f3n de Sonora, M\u00e9xico y el Mundo de manera oportuna y busca que la libertad de expresi\u00f3n sea real. Visita nuestro medio informativo publicado desde Hermosillo, Sonora. %","og_url":"https:\/\/www.sonoraenequipo.com.mx\/alejandro-diaz-de-leon-gobernador-de-banxico-es-nombrado-gobernador-del-ano\/","og_site_name":"Sonora en Equipo.","article_publisher":"https:\/\/www.facebook.com\/SonoraEE\/","article_author":"https:\/\/www.facebook.com\/SonoraEE","article_published_time":"2021-03-16T04:36:27+00:00","article_modified_time":"2021-03-16T15:54:51+00:00","og_image":[{"width":811,"height":500,"url":"https:\/\/www.sonoraenequipo.com.mx\/storage\/2021\/03\/alejandro-dxaz_opt.jpg","type":"image\/jpeg"}],"author":"enequipo","twitter_card":"summary_large_image","twitter_creator":"@sonoraenequipo","twitter_site":"@sonoraenequipo","twitter_misc":{"Escrito por":"enequipo","Tiempo de lectura":"2 minutos"},"schema":{"@context":"https:\/\/schema.org","@graph":[{"@type":"Article","@id":"https:\/\/www.sonoraenequipo.com.mx\/alejandro-diaz-de-leon-gobernador-de-banxico-es-nombrado-gobernador-del-ano\/#article","isPartOf":{"@id":"https:\/\/www.sonoraenequipo.com.mx\/alejandro-diaz-de-leon-gobernador-de-banxico-es-nombrado-gobernador-del-ano\/"},"author":{"name":"enequipo","@id":"https:\/\/www.sonoraenequipo.com.mx\/#\/schema\/person\/50102df0fb23a8fa9e8effad8fa81386"},"headline":"Alejandro D\u00edaz de Le\u00f3n, gobernador de Banxico, es nombrado gobernador del a\u00f1o","datePublished":"2021-03-16T04:36:27+00:00","dateModified":"2021-03-16T15:54:51+00:00","mainEntityOfPage":{"@id":"https:\/\/www.sonoraenequipo.com.mx\/alejandro-diaz-de-leon-gobernador-de-banxico-es-nombrado-gobernador-del-ano\/"},"wordCount":330,"commentCount":0,"publisher":{"@id":"https:\/\/www.sonoraenequipo.com.mx\/#organization"},"image":{"@id":"https:\/\/www.sonoraenequipo.com.mx\/alejandro-diaz-de-leon-gobernador-de-banxico-es-nombrado-gobernador-del-ano\/#primaryimage"},"thumbnailUrl":"https:\/\/www.sonoraenequipo.com.mx\/storage\/2021\/03\/alejandro-dxaz_opt.jpg","articleSection":["MUNDO"],"inLanguage":"es","potentialAction":[{"@type":"CommentAction","name":"Comment","target":["https:\/\/www.sonoraenequipo.com.mx\/alejandro-diaz-de-leon-gobernador-de-banxico-es-nombrado-gobernador-del-ano\/#respond"]}]},{"@type":"WebPage","@id":"https:\/\/www.sonoraenequipo.com.mx\/alejandro-diaz-de-leon-gobernador-de-banxico-es-nombrado-gobernador-del-ano\/","url":"https:\/\/www.sonoraenequipo.com.mx\/alejandro-diaz-de-leon-gobernador-de-banxico-es-nombrado-gobernador-del-ano\/","name":"Sonora en Equipo. Alejandro D\u00edaz de Le\u00f3n, gobernador de Banxico, es nombrado gobernador del a\u00f1o MUNDO","isPartOf":{"@id":"https:\/\/www.sonoraenequipo.com.mx\/#website"},"primaryImageOfPage":{"@id":"https:\/\/www.sonoraenequipo.com.mx\/alejandro-diaz-de-leon-gobernador-de-banxico-es-nombrado-gobernador-del-ano\/#primaryimage"},"image":{"@id":"https:\/\/www.sonoraenequipo.com.mx\/alejandro-diaz-de-leon-gobernador-de-banxico-es-nombrado-gobernador-del-ano\/#primaryimage"},"thumbnailUrl":"https:\/\/www.sonoraenequipo.com.mx\/storage\/2021\/03\/alejandro-dxaz_opt.jpg","datePublished":"2021-03-16T04:36:27+00:00","dateModified":"2021-03-16T15:54:51+00:00","description":"ESTADOS UNIDOS. \u2014 El gobernador de Banco de M\u00e9xico (Banxico), Alejandro D\u00edaz de Le\u00f3n, fue nombrado gobernador del a\u00f1o por el portal Central Banking debido En Sonora en Equipo publicamos toda la informaci\u00f3n de Sonora, M\u00e9xico y el Mundo de manera oportuna y busca que la libertad de expresi\u00f3n sea real. Visita nuestro medio informativo publicado desde Hermosillo, Sonora. %","breadcrumb":{"@id":"https:\/\/www.sonoraenequipo.com.mx\/alejandro-diaz-de-leon-gobernador-de-banxico-es-nombrado-gobernador-del-ano\/#breadcrumb"},"inLanguage":"es","potentialAction":[{"@type":"ReadAction","target":["https:\/\/www.sonoraenequipo.com.mx\/alejandro-diaz-de-leon-gobernador-de-banxico-es-nombrado-gobernador-del-ano\/"]}]},{"@type":"ImageObject","inLanguage":"es","@id":"https:\/\/www.sonoraenequipo.com.mx\/alejandro-diaz-de-leon-gobernador-de-banxico-es-nombrado-gobernador-del-ano\/#primaryimage","url":"https:\/\/www.sonoraenequipo.com.mx\/storage\/2021\/03\/alejandro-dxaz_opt.jpg","contentUrl":"https:\/\/www.sonoraenequipo.com.mx\/storage\/2021\/03\/alejandro-dxaz_opt.jpg","width":811,"height":500},{"@type":"BreadcrumbList","@id":"https:\/\/www.sonoraenequipo.com.mx\/alejandro-diaz-de-leon-gobernador-de-banxico-es-nombrado-gobernador-del-ano\/#breadcrumb","itemListElement":[{"@type":"ListItem","position":1,"name":"Portada","item":"https:\/\/www.sonoraenequipo.com.mx\/"},{"@type":"ListItem","position":2,"name":"Alejandro D\u00edaz de Le\u00f3n, gobernador de Banxico, es nombrado gobernador del a\u00f1o"}]},{"@type":"WebSite","@id":"https:\/\/www.sonoraenequipo.com.mx\/#website","url":"https:\/\/www.sonoraenequipo.com.mx\/","name":"Sonora en Equipo.","description":"Diario en l\u00ednea con Noticias desde Hermosillo, Sonora","publisher":{"@id":"https:\/\/www.sonoraenequipo.com.mx\/#organization"},"potentialAction":[{"@type":"SearchAction","target":{"@type":"EntryPoint","urlTemplate":"https:\/\/www.sonoraenequipo.com.mx\/?s={search_term_string}"},"query-input":{"@type":"PropertyValueSpecification","valueRequired":true,"valueName":"search_term_string"}}],"inLanguage":"es"},{"@type":"Organization","@id":"https:\/\/www.sonoraenequipo.com.mx\/#organization","name":"Sonoraenequipo.com.mx","url":"https:\/\/www.sonoraenequipo.com.mx\/","logo":{"@type":"ImageObject","inLanguage":"es","@id":"https:\/\/www.sonoraenequipo.com.mx\/#\/schema\/logo\/image\/","url":"https:\/\/www.sonoraenequipo.com.mx\/storage\/2019\/01\/sonoraenequipo_opt.png","contentUrl":"https:\/\/www.sonoraenequipo.com.mx\/storage\/2019\/01\/sonoraenequipo_opt.png","width":375,"height":125,"caption":"Sonoraenequipo.com.mx"},"image":{"@id":"https:\/\/www.sonoraenequipo.com.mx\/#\/schema\/logo\/image\/"},"sameAs":["https:\/\/www.facebook.com\/SonoraEE\/","https:\/\/x.com\/sonoraenequipo","https:\/\/www.youtube.com\/channel\/UC338nW-lPEYmJQs4ZABQ1SQ"]},{"@type":"Person","@id":"https:\/\/www.sonoraenequipo.com.mx\/#\/schema\/person\/50102df0fb23a8fa9e8effad8fa81386","name":"enequipo","image":{"@type":"ImageObject","inLanguage":"es","@id":"https:\/\/www.sonoraenequipo.com.mx\/#\/schema\/person\/image\/","url":"https:\/\/secure.gravatar.com\/avatar\/049821681b589dabc0bc20695993ccebb09f5b5d4d790cd9251b97faac7c652b?s=96&d=blank&r=g","contentUrl":"https:\/\/secure.gravatar.com\/avatar\/049821681b589dabc0bc20695993ccebb09f5b5d4d790cd9251b97faac7c652b?s=96&d=blank&r=g","caption":"enequipo"},"sameAs":["https:\/\/www.facebook.com\/SonoraEE"]}]}},"jetpack_featured_media_url":"https:\/\/www.sonoraenequipo.com.mx\/storage\/2021\/03\/alejandro-dxaz_opt.jpg","_links":{"self":[{"href":"https:\/\/www.sonoraenequipo.com.mx\/api\/wp\/v2\/posts\/109255","targetHints":{"allow":["GET"]}}],"collection":[{"href":"https:\/\/www.sonoraenequipo.com.mx\/api\/wp\/v2\/posts"}],"about":[{"href":"https:\/\/www.sonoraenequipo.com.mx\/api\/wp\/v2\/types\/post"}],"author":[{"embeddable":true,"href":"https:\/\/www.sonoraenequipo.com.mx\/api\/wp\/v2\/users\/1"}],"replies":[{"embeddable":true,"href":"https:\/\/www.sonoraenequipo.com.mx\/api\/wp\/v2\/comments?post=109255"}],"version-history":[{"count":1,"href":"https:\/\/www.sonoraenequipo.com.mx\/api\/wp\/v2\/posts\/109255\/revisions"}],"predecessor-version":[{"id":109257,"href":"https:\/\/www.sonoraenequipo.com.mx\/api\/wp\/v2\/posts\/109255\/revisions\/109257"}],"wp:featuredmedia":[{"embeddable":true,"href":"https:\/\/www.sonoraenequipo.com.mx\/api\/wp\/v2\/media\/109256"}],"wp:attachment":[{"href":"https:\/\/www.sonoraenequipo.com.mx\/api\/wp\/v2\/media?parent=109255"}],"wp:term":[{"taxonomy":"category","embeddable":true,"href":"https:\/\/www.sonoraenequipo.com.mx\/api\/wp\/v2\/categories?post=109255"},{"taxonomy":"post_tag","embeddable":true,"href":"https:\/\/www.sonoraenequipo.com.mx\/api\/wp\/v2\/tags?post=109255"}],"curies":[{"name":"wp","href":"https:\/\/api.w.org\/{rel}","templated":true}]}}