{"id":109265,"date":"2021-03-16T10:30:24","date_gmt":"2021-03-16T17:30:24","guid":{"rendered":"https:\/\/www.sonoraenequipo.com.mx\/?p=109265"},"modified":"2021-03-16T12:08:06","modified_gmt":"2021-03-16T19:08:06","slug":"denuncian-a-felipe-calderon-por-traicion-a-la-patria-y-financiamiento-al-terrorismo","status":"publish","type":"post","link":"https:\/\/www.sonoraenequipo.com.mx\/denuncian-a-felipe-calderon-por-traicion-a-la-patria-y-financiamiento-al-terrorismo\/","title":{"rendered":"Denuncian a Felipe Calder\u00f3n por &#8216;traici\u00f3n a la patria&#8217; y &#8216;financiamiento al terrorismo&#8217;"},"content":{"rendered":"<p>OAXACA, OAXACA. \u2014\u00a0 El expresidente de M\u00e9xico, Felipe Calder\u00f3n Hinojosa, fue denunciado este lunes ante la Fiscal\u00eda General de la Rep\u00fablica (FGR) por los delitos de traici\u00f3n a la patria, financiamiento al terrorismo y los que resulten de la investigaci\u00f3n.<\/p>\n<p>&nbsp;<\/p>\n<p> <\/p>\n<p>&nbsp;<\/p>\n<p>As\u00ed lo anunciaron los dirigentes de Comuna-Oaxaca, Flavio Sosa Villavicencio y C\u00e9sar Mateos Ben\u00edtez, quienes presentaron la denuncia ante la delegaci\u00f3n de la FGR en Oaxaca, por considerar que durante el tiempo de su mandato (2006-2012), Calder\u00f3n oper\u00f3 para beneficiar a empresas extranjeras, principalmente espa\u00f1olas como Iberdrola \u2014 de la que fue consejero \u2014 lo que caus\u00f3 un perjuicio a la naci\u00f3n mexicana.<\/p>\n<p><a class=\"twitter-timeline\" data-width=\"640\" data-height=\"960\" data-dnt=\"true\" href=\"https:\/\/twitter.com\/flaviososavilla?ref_src=twsrc%5Etfw\">Tweets by flaviososavilla<\/a><script async src=\"https:\/\/platform.twitter.com\/widgets.js\" charset=\"utf-8\"><\/script><\/p>\n<p>&nbsp;<\/p>\n<p>La denuncia tambi\u00e9n abarca la actuaci\u00f3n de Genaro Garc\u00eda Luna, exsecretario de Seguridad P\u00fablica y actualmente preso en Estados Unidos, por supuestos v\u00ednculos con grupos criminales que cometieron actos que podr\u00edan ser calificados como terroristas.<\/p>\n<p>&nbsp;<\/p>\n<p>El pasado viernes, el presidente Andr\u00e9s Manuel L\u00f3pez Obrador pidi\u00f3 que el Consejo de la Judicatura Federal revise la actuaci\u00f3n de los jueces que protegieron a las empresas extranjeras tras la aprobaci\u00f3n de la reforma energ\u00e9tica del sexenio del expresidente Enrique Pe\u00f1a Nieto.<\/p>\n<p>&nbsp;<\/p>\n<p>El 3 de marzo, el Ejecutivo anunci\u00f3 que su gobierno buscar\u00e1 renegociar los contratos realizados con Iberdrola y otras 10 empresas, que le han costado a la Comisi\u00f3n Federal de Electricidad (CFE) alrededor de 300 mil millones de pesos extras.<\/p>\n<p>&nbsp;<\/p>\n<p>Durante la conferencia matutina de Palacio Nacional, se\u00f1al\u00f3 que su gabinete ya empez\u00f3 a analizar y a revisar los acuerdos, entre los que se encuentran contratos por gas, compra y generaci\u00f3n de energ\u00eda.<\/p>\n<p>&nbsp;<\/p>\n<p>\u201cAhora con la reforma el\u00e9ctrica vamos a poder sentarnos con las empresas y, a ver, pong\u00e1monos de acuerdo, esto es lo justo \u00bfPor qu\u00e9 te voy a pagar m\u00e1s por la energ\u00eda el\u00e9ctrica de lo que se paga en otros pa\u00edses del mundo? \u00bfPor qu\u00e9 te voy a dar subsidio, si en el mundo no hay subsidio? Vamos a estandarizar \u00bfQu\u00e9?, \u00bfno queremos la globalidad, el libre mercado, la libre competencia? \u00bfPor qu\u00e9 aqu\u00ed vienes a aplicar mecanismos de negocios para todos?\u201d, sentenci\u00f3.<\/p>\n<p>&nbsp;<\/p>\n<p>Tambi\u00e9n se anunci\u00f3 la renegociaci\u00f3n del contrato de Etileno XXI para que la empresa pague el combustible a precios de mercado y el transporte, que con el acuerdo firmado en el sexenio de Felipe Calder\u00f3n y ratificado por el de Pe\u00f1a Nieto, corr\u00eda a cargo de Petr\u00f3leos Mexicanos.<\/p>\n<p>&nbsp;<\/p>\n<p>Inform\u00f3 que el acuerdo considera eliminar las sanciones consideradas como \u2018leoninas\u2019 y a partir de 2024 se elimina la obligaci\u00f3n de entregar el gas a este proyecto, aunque Pemex no tenga las reservas o la producci\u00f3n suficiente.<\/p>\n<p>&nbsp;<\/p>\n<p>El director de Petr\u00f3leos Mexicanos, Octavio Romero Oropeza, dijo que con este arreglo se logra un ahorro de 13 mil 749 millones de pesos para el gobierno. Agreg\u00f3 que solo en cinco a\u00f1os Pemex perdi\u00f3 297 millones de d\u00f3lares (13 mil 749 millones de pesos) entre el diferencial del precio del combustible y las sanciones.<\/p>\n<blockquote class=\"twitter-tweet\" data-width=\"550\" data-dnt=\"true\">\n<p lang=\"es\" dir=\"ltr\">Ya estamos en la <a href=\"https:\/\/twitter.com\/FGRMexico?ref_src=twsrc%5Etfw\">@FGRMexico<\/a> mi Compa <a href=\"https:\/\/twitter.com\/cesarmateos_oax?ref_src=twsrc%5Etfw\">@cesarmateos_oax<\/a> y su servilleta iniciando la presentaci\u00f3n de denuncia contra <a href=\"https:\/\/twitter.com\/FelipeCalderon?ref_src=twsrc%5Etfw\">@FelipeCalderon<\/a> por traici\u00f3n a la patria, financiamiento al terrorismo y los delitos que se lleguen a configurar. <a href=\"https:\/\/t.co\/9w4GrF7QDK\">pic.twitter.com\/9w4GrF7QDK<\/a><\/p>\n<p>&mdash; Flavio Sosa Villa.. (@flaviososavilla) <a href=\"https:\/\/twitter.com\/flaviososavilla\/status\/1371633954558775297?ref_src=twsrc%5Etfw\">March 16, 2021<\/a><\/p><\/blockquote>\n<p><script async src=\"https:\/\/platform.twitter.com\/widgets.js\" charset=\"utf-8\"><\/script><\/p>\n<p>&nbsp;<\/p>\n<p>&nbsp;<\/p>\n<p>(Publicada el 16\/03\/2021)<\/p>\n","protected":false},"excerpt":{"rendered":"<p>OAXACA, OAXACA. \u2014\u00a0 El expresidente de M\u00e9xico, Felipe Calder\u00f3n Hinojosa, fue denunciado este lunes ante&#8230;<\/p>\n","protected":false},"author":1,"featured_media":109266,"comment_status":"open","ping_status":"open","sticky":false,"template":"","format":"standard","meta":{"_monsterinsights_skip_tracking":false,"_monsterinsights_sitenote_active":false,"_monsterinsights_sitenote_note":"","_monsterinsights_sitenote_category":0,"footnotes":""},"categories":[5],"tags":[],"class_list":["post"],"yoast_head":" \n<title>Sonora en Equipo. Denuncian a Felipe Calder\u00f3n por &#039;traici\u00f3n a la patria&#039; y &#039;financiamiento al terrorismo&#039; Rep\u00fablica<\/title>\n<meta name=\"description\" content=\"OAXACA, OAXACA. \u2014\u00a0 El expresidente de M\u00e9xico, Felipe Calder\u00f3n Hinojosa, fue denunciado este lunes ante la Fiscal\u00eda General de la Rep\u00fablica (FGR) por los En Sonora en Equipo publicamos toda la informaci\u00f3n de Sonora, M\u00e9xico y el Mundo de manera oportuna y busca que la libertad de expresi\u00f3n sea real. Visita nuestro medio informativo publicado desde Hermosillo, Sonora. %\" \/>\n<meta name=\"robots\" content=\"index, follow, max-snippet:-1, max-image-preview:large, max-video-preview:-1\" \/>\n<link rel=\"canonical\" href=\"https:\/\/www.sonoraenequipo.com.mx\/denuncian-a-felipe-calderon-por-traicion-a-la-patria-y-financiamiento-al-terrorismo\/\" \/>\n<meta property=\"og:locale\" content=\"es_ES\" \/>\n<meta property=\"og:type\" content=\"article\" \/>\n<meta property=\"og:title\" content=\"Sonora en Equipo. Denuncian a Felipe Calder\u00f3n por &#039;traici\u00f3n a la patria&#039; y &#039;financiamiento al terrorismo&#039; Rep\u00fablica\" \/>\n<meta property=\"og:description\" content=\"OAXACA, OAXACA. \u2014\u00a0 El expresidente de M\u00e9xico, Felipe Calder\u00f3n Hinojosa, fue denunciado este lunes ante la Fiscal\u00eda General de la Rep\u00fablica (FGR) por los En Sonora en Equipo publicamos toda la informaci\u00f3n de Sonora, M\u00e9xico y el Mundo de manera oportuna y busca que la libertad de expresi\u00f3n sea real. Visita nuestro medio informativo publicado desde Hermosillo, Sonora. %\" \/>\n<meta property=\"og:url\" content=\"https:\/\/www.sonoraenequipo.com.mx\/denuncian-a-felipe-calderon-por-traicion-a-la-patria-y-financiamiento-al-terrorismo\/\" \/>\n<meta property=\"og:site_name\" content=\"Sonora en Equipo.\" \/>\n<meta property=\"article:publisher\" content=\"https:\/\/www.facebook.com\/SonoraEE\/\" \/>\n<meta property=\"article:author\" content=\"https:\/\/www.facebook.com\/SonoraEE\" \/>\n<meta property=\"article:published_time\" content=\"2021-03-16T17:30:24+00:00\" \/>\n<meta property=\"article:modified_time\" content=\"2021-03-16T19:08:06+00:00\" \/>\n<meta property=\"og:image\" content=\"https:\/\/www.sonoraenequipo.com.mx\/storage\/2021\/03\/Felipe-Calderon_opt.jpg\" \/>\n\t<meta property=\"og:image:width\" content=\"640\" \/>\n\t<meta property=\"og:image:height\" content=\"400\" \/>\n\t<meta property=\"og:image:type\" content=\"image\/jpeg\" \/>\n<meta name=\"author\" content=\"enequipo\" \/>\n<meta name=\"twitter:card\" content=\"summary_large_image\" \/>\n<meta name=\"twitter:creator\" content=\"@sonoraenequipo\" \/>\n<meta name=\"twitter:site\" content=\"@sonoraenequipo\" \/>\n<meta name=\"twitter:label1\" content=\"Escrito por\" \/>\n\t<meta name=\"twitter:data1\" content=\"enequipo\" \/>\n\t<meta name=\"twitter:label2\" content=\"Tiempo de lectura\" \/>\n\t<meta name=\"twitter:data2\" content=\"3 minutos\" \/>\n<script type=\"application\/ld+json\" class=\"yoast-schema-graph\">{\"@context\":\"https:\/\/schema.org\",\"@graph\":[{\"@type\":\"Article\",\"@id\":\"https:\/\/www.sonoraenequipo.com.mx\/denuncian-a-felipe-calderon-por-traicion-a-la-patria-y-financiamiento-al-terrorismo\/#article\",\"isPartOf\":{\"@id\":\"https:\/\/www.sonoraenequipo.com.mx\/denuncian-a-felipe-calderon-por-traicion-a-la-patria-y-financiamiento-al-terrorismo\/\"},\"author\":{\"name\":\"enequipo\",\"@id\":\"https:\/\/www.sonoraenequipo.com.mx\/#\/schema\/person\/50102df0fb23a8fa9e8effad8fa81386\"},\"headline\":\"Denuncian a Felipe Calder\u00f3n por &#8216;traici\u00f3n a la patria&#8217; y &#8216;financiamiento al terrorismo&#8217;\",\"datePublished\":\"2021-03-16T17:30:24+00:00\",\"dateModified\":\"2021-03-16T19:08:06+00:00\",\"mainEntityOfPage\":{\"@id\":\"https:\/\/www.sonoraenequipo.com.mx\/denuncian-a-felipe-calderon-por-traicion-a-la-patria-y-financiamiento-al-terrorismo\/\"},\"wordCount\":548,\"commentCount\":0,\"publisher\":{\"@id\":\"https:\/\/www.sonoraenequipo.com.mx\/#organization\"},\"image\":{\"@id\":\"https:\/\/www.sonoraenequipo.com.mx\/denuncian-a-felipe-calderon-por-traicion-a-la-patria-y-financiamiento-al-terrorismo\/#primaryimage\"},\"thumbnailUrl\":\"https:\/\/www.sonoraenequipo.com.mx\/storage\/2021\/03\/Felipe-Calderon_opt.jpg\",\"articleSection\":[\"Rep\u00fablica\"],\"inLanguage\":\"es\",\"potentialAction\":[{\"@type\":\"CommentAction\",\"name\":\"Comment\",\"target\":[\"https:\/\/www.sonoraenequipo.com.mx\/denuncian-a-felipe-calderon-por-traicion-a-la-patria-y-financiamiento-al-terrorismo\/#respond\"]}]},{\"@type\":\"WebPage\",\"@id\":\"https:\/\/www.sonoraenequipo.com.mx\/denuncian-a-felipe-calderon-por-traicion-a-la-patria-y-financiamiento-al-terrorismo\/\",\"url\":\"https:\/\/www.sonoraenequipo.com.mx\/denuncian-a-felipe-calderon-por-traicion-a-la-patria-y-financiamiento-al-terrorismo\/\",\"name\":\"Sonora en Equipo. Denuncian a Felipe Calder\u00f3n por 'traici\u00f3n a la patria' y 'financiamiento al terrorismo' Rep\u00fablica\",\"isPartOf\":{\"@id\":\"https:\/\/www.sonoraenequipo.com.mx\/#website\"},\"primaryImageOfPage\":{\"@id\":\"https:\/\/www.sonoraenequipo.com.mx\/denuncian-a-felipe-calderon-por-traicion-a-la-patria-y-financiamiento-al-terrorismo\/#primaryimage\"},\"image\":{\"@id\":\"https:\/\/www.sonoraenequipo.com.mx\/denuncian-a-felipe-calderon-por-traicion-a-la-patria-y-financiamiento-al-terrorismo\/#primaryimage\"},\"thumbnailUrl\":\"https:\/\/www.sonoraenequipo.com.mx\/storage\/2021\/03\/Felipe-Calderon_opt.jpg\",\"datePublished\":\"2021-03-16T17:30:24+00:00\",\"dateModified\":\"2021-03-16T19:08:06+00:00\",\"description\":\"OAXACA, OAXACA. \u2014\u00a0 El expresidente de M\u00e9xico, Felipe Calder\u00f3n Hinojosa, fue denunciado este lunes ante la Fiscal\u00eda General de la Rep\u00fablica (FGR) por los En Sonora en Equipo publicamos toda la informaci\u00f3n de Sonora, M\u00e9xico y el Mundo de manera oportuna y busca que la libertad de expresi\u00f3n sea real. Visita nuestro medio informativo publicado desde Hermosillo, Sonora. %\",\"breadcrumb\":{\"@id\":\"https:\/\/www.sonoraenequipo.com.mx\/denuncian-a-felipe-calderon-por-traicion-a-la-patria-y-financiamiento-al-terrorismo\/#breadcrumb\"},\"inLanguage\":\"es\",\"potentialAction\":[{\"@type\":\"ReadAction\",\"target\":[\"https:\/\/www.sonoraenequipo.com.mx\/denuncian-a-felipe-calderon-por-traicion-a-la-patria-y-financiamiento-al-terrorismo\/\"]}]},{\"@type\":\"ImageObject\",\"inLanguage\":\"es\",\"@id\":\"https:\/\/www.sonoraenequipo.com.mx\/denuncian-a-felipe-calderon-por-traicion-a-la-patria-y-financiamiento-al-terrorismo\/#primaryimage\",\"url\":\"https:\/\/www.sonoraenequipo.com.mx\/storage\/2021\/03\/Felipe-Calderon_opt.jpg\",\"contentUrl\":\"https:\/\/www.sonoraenequipo.com.mx\/storage\/2021\/03\/Felipe-Calderon_opt.jpg\",\"width\":640,\"height\":400},{\"@type\":\"BreadcrumbList\",\"@id\":\"https:\/\/www.sonoraenequipo.com.mx\/denuncian-a-felipe-calderon-por-traicion-a-la-patria-y-financiamiento-al-terrorismo\/#breadcrumb\",\"itemListElement\":[{\"@type\":\"ListItem\",\"position\":1,\"name\":\"Portada\",\"item\":\"https:\/\/www.sonoraenequipo.com.mx\/\"},{\"@type\":\"ListItem\",\"position\":2,\"name\":\"Denuncian a Felipe Calder\u00f3n por &#8216;traici\u00f3n a la patria&#8217; y &#8216;financiamiento al terrorismo&#8217;\"}]},{\"@type\":\"WebSite\",\"@id\":\"https:\/\/www.sonoraenequipo.com.mx\/#website\",\"url\":\"https:\/\/www.sonoraenequipo.com.mx\/\",\"name\":\"Sonora en Equipo.\",\"description\":\"Diario en l\u00ednea con Noticias desde Hermosillo, Sonora\",\"publisher\":{\"@id\":\"https:\/\/www.sonoraenequipo.com.mx\/#organization\"},\"potentialAction\":[{\"@type\":\"SearchAction\",\"target\":{\"@type\":\"EntryPoint\",\"urlTemplate\":\"https:\/\/www.sonoraenequipo.com.mx\/?s={search_term_string}\"},\"query-input\":{\"@type\":\"PropertyValueSpecification\",\"valueRequired\":true,\"valueName\":\"search_term_string\"}}],\"inLanguage\":\"es\"},{\"@type\":\"Organization\",\"@id\":\"https:\/\/www.sonoraenequipo.com.mx\/#organization\",\"name\":\"Sonoraenequipo.com.mx\",\"url\":\"https:\/\/www.sonoraenequipo.com.mx\/\",\"logo\":{\"@type\":\"ImageObject\",\"inLanguage\":\"es\",\"@id\":\"https:\/\/www.sonoraenequipo.com.mx\/#\/schema\/logo\/image\/\",\"url\":\"https:\/\/www.sonoraenequipo.com.mx\/storage\/2019\/01\/sonoraenequipo_opt.png\",\"contentUrl\":\"https:\/\/www.sonoraenequipo.com.mx\/storage\/2019\/01\/sonoraenequipo_opt.png\",\"width\":375,\"height\":125,\"caption\":\"Sonoraenequipo.com.mx\"},\"image\":{\"@id\":\"https:\/\/www.sonoraenequipo.com.mx\/#\/schema\/logo\/image\/\"},\"sameAs\":[\"https:\/\/www.facebook.com\/SonoraEE\/\",\"https:\/\/x.com\/sonoraenequipo\",\"https:\/\/www.youtube.com\/channel\/UC338nW-lPEYmJQs4ZABQ1SQ\"]},{\"@type\":\"Person\",\"@id\":\"https:\/\/www.sonoraenequipo.com.mx\/#\/schema\/person\/50102df0fb23a8fa9e8effad8fa81386\",\"name\":\"enequipo\",\"image\":{\"@type\":\"ImageObject\",\"inLanguage\":\"es\",\"@id\":\"https:\/\/www.sonoraenequipo.com.mx\/#\/schema\/person\/image\/\",\"url\":\"https:\/\/secure.gravatar.com\/avatar\/049821681b589dabc0bc20695993ccebb09f5b5d4d790cd9251b97faac7c652b?s=96&d=blank&r=g\",\"contentUrl\":\"https:\/\/secure.gravatar.com\/avatar\/049821681b589dabc0bc20695993ccebb09f5b5d4d790cd9251b97faac7c652b?s=96&d=blank&r=g\",\"caption\":\"enequipo\"},\"sameAs\":[\"https:\/\/www.facebook.com\/SonoraEE\"]}]}<\/script>\n ","yoast_head_json":{"title":"Sonora en Equipo. Denuncian a Felipe Calder\u00f3n por 'traici\u00f3n a la patria' y 'financiamiento al terrorismo' Rep\u00fablica","description":"OAXACA, OAXACA. \u2014\u00a0 El expresidente de M\u00e9xico, Felipe Calder\u00f3n Hinojosa, fue denunciado este lunes ante la Fiscal\u00eda General de la Rep\u00fablica (FGR) por los En Sonora en Equipo publicamos toda la informaci\u00f3n de Sonora, M\u00e9xico y el Mundo de manera oportuna y busca que la libertad de expresi\u00f3n sea real. Visita nuestro medio informativo publicado desde Hermosillo, Sonora. %","robots":{"index":"index","follow":"follow","max-snippet":"max-snippet:-1","max-image-preview":"max-image-preview:large","max-video-preview":"max-video-preview:-1"},"canonical":"https:\/\/www.sonoraenequipo.com.mx\/denuncian-a-felipe-calderon-por-traicion-a-la-patria-y-financiamiento-al-terrorismo\/","og_locale":"es_ES","og_type":"article","og_title":"Sonora en Equipo. Denuncian a Felipe Calder\u00f3n por 'traici\u00f3n a la patria' y 'financiamiento al terrorismo' Rep\u00fablica","og_description":"OAXACA, OAXACA. \u2014\u00a0 El expresidente de M\u00e9xico, Felipe Calder\u00f3n Hinojosa, fue denunciado este lunes ante la Fiscal\u00eda General de la Rep\u00fablica (FGR) por los En Sonora en Equipo publicamos toda la informaci\u00f3n de Sonora, M\u00e9xico y el Mundo de manera oportuna y busca que la libertad de expresi\u00f3n sea real. Visita nuestro medio informativo publicado desde Hermosillo, Sonora. %","og_url":"https:\/\/www.sonoraenequipo.com.mx\/denuncian-a-felipe-calderon-por-traicion-a-la-patria-y-financiamiento-al-terrorismo\/","og_site_name":"Sonora en Equipo.","article_publisher":"https:\/\/www.facebook.com\/SonoraEE\/","article_author":"https:\/\/www.facebook.com\/SonoraEE","article_published_time":"2021-03-16T17:30:24+00:00","article_modified_time":"2021-03-16T19:08:06+00:00","og_image":[{"width":640,"height":400,"url":"https:\/\/www.sonoraenequipo.com.mx\/storage\/2021\/03\/Felipe-Calderon_opt.jpg","type":"image\/jpeg"}],"author":"enequipo","twitter_card":"summary_large_image","twitter_creator":"@sonoraenequipo","twitter_site":"@sonoraenequipo","twitter_misc":{"Escrito por":"enequipo","Tiempo de lectura":"3 minutos"},"schema":{"@context":"https:\/\/schema.org","@graph":[{"@type":"Article","@id":"https:\/\/www.sonoraenequipo.com.mx\/denuncian-a-felipe-calderon-por-traicion-a-la-patria-y-financiamiento-al-terrorismo\/#article","isPartOf":{"@id":"https:\/\/www.sonoraenequipo.com.mx\/denuncian-a-felipe-calderon-por-traicion-a-la-patria-y-financiamiento-al-terrorismo\/"},"author":{"name":"enequipo","@id":"https:\/\/www.sonoraenequipo.com.mx\/#\/schema\/person\/50102df0fb23a8fa9e8effad8fa81386"},"headline":"Denuncian a Felipe Calder\u00f3n por &#8216;traici\u00f3n a la patria&#8217; y &#8216;financiamiento al terrorismo&#8217;","datePublished":"2021-03-16T17:30:24+00:00","dateModified":"2021-03-16T19:08:06+00:00","mainEntityOfPage":{"@id":"https:\/\/www.sonoraenequipo.com.mx\/denuncian-a-felipe-calderon-por-traicion-a-la-patria-y-financiamiento-al-terrorismo\/"},"wordCount":548,"commentCount":0,"publisher":{"@id":"https:\/\/www.sonoraenequipo.com.mx\/#organization"},"image":{"@id":"https:\/\/www.sonoraenequipo.com.mx\/denuncian-a-felipe-calderon-por-traicion-a-la-patria-y-financiamiento-al-terrorismo\/#primaryimage"},"thumbnailUrl":"https:\/\/www.sonoraenequipo.com.mx\/storage\/2021\/03\/Felipe-Calderon_opt.jpg","articleSection":["Rep\u00fablica"],"inLanguage":"es","potentialAction":[{"@type":"CommentAction","name":"Comment","target":["https:\/\/www.sonoraenequipo.com.mx\/denuncian-a-felipe-calderon-por-traicion-a-la-patria-y-financiamiento-al-terrorismo\/#respond"]}]},{"@type":"WebPage","@id":"https:\/\/www.sonoraenequipo.com.mx\/denuncian-a-felipe-calderon-por-traicion-a-la-patria-y-financiamiento-al-terrorismo\/","url":"https:\/\/www.sonoraenequipo.com.mx\/denuncian-a-felipe-calderon-por-traicion-a-la-patria-y-financiamiento-al-terrorismo\/","name":"Sonora en Equipo. Denuncian a Felipe Calder\u00f3n por 'traici\u00f3n a la patria' y 'financiamiento al terrorismo' Rep\u00fablica","isPartOf":{"@id":"https:\/\/www.sonoraenequipo.com.mx\/#website"},"primaryImageOfPage":{"@id":"https:\/\/www.sonoraenequipo.com.mx\/denuncian-a-felipe-calderon-por-traicion-a-la-patria-y-financiamiento-al-terrorismo\/#primaryimage"},"image":{"@id":"https:\/\/www.sonoraenequipo.com.mx\/denuncian-a-felipe-calderon-por-traicion-a-la-patria-y-financiamiento-al-terrorismo\/#primaryimage"},"thumbnailUrl":"https:\/\/www.sonoraenequipo.com.mx\/storage\/2021\/03\/Felipe-Calderon_opt.jpg","datePublished":"2021-03-16T17:30:24+00:00","dateModified":"2021-03-16T19:08:06+00:00","description":"OAXACA, OAXACA. \u2014\u00a0 El expresidente de M\u00e9xico, Felipe Calder\u00f3n Hinojosa, fue denunciado este lunes ante la Fiscal\u00eda General de la Rep\u00fablica (FGR) por los En Sonora en Equipo publicamos toda la informaci\u00f3n de Sonora, M\u00e9xico y el Mundo de manera oportuna y busca que la libertad de expresi\u00f3n sea real. Visita nuestro medio informativo publicado desde Hermosillo, Sonora. %","breadcrumb":{"@id":"https:\/\/www.sonoraenequipo.com.mx\/denuncian-a-felipe-calderon-por-traicion-a-la-patria-y-financiamiento-al-terrorismo\/#breadcrumb"},"inLanguage":"es","potentialAction":[{"@type":"ReadAction","target":["https:\/\/www.sonoraenequipo.com.mx\/denuncian-a-felipe-calderon-por-traicion-a-la-patria-y-financiamiento-al-terrorismo\/"]}]},{"@type":"ImageObject","inLanguage":"es","@id":"https:\/\/www.sonoraenequipo.com.mx\/denuncian-a-felipe-calderon-por-traicion-a-la-patria-y-financiamiento-al-terrorismo\/#primaryimage","url":"https:\/\/www.sonoraenequipo.com.mx\/storage\/2021\/03\/Felipe-Calderon_opt.jpg","contentUrl":"https:\/\/www.sonoraenequipo.com.mx\/storage\/2021\/03\/Felipe-Calderon_opt.jpg","width":640,"height":400},{"@type":"BreadcrumbList","@id":"https:\/\/www.sonoraenequipo.com.mx\/denuncian-a-felipe-calderon-por-traicion-a-la-patria-y-financiamiento-al-terrorismo\/#breadcrumb","itemListElement":[{"@type":"ListItem","position":1,"name":"Portada","item":"https:\/\/www.sonoraenequipo.com.mx\/"},{"@type":"ListItem","position":2,"name":"Denuncian a Felipe Calder\u00f3n por &#8216;traici\u00f3n a la patria&#8217; y &#8216;financiamiento al terrorismo&#8217;"}]},{"@type":"WebSite","@id":"https:\/\/www.sonoraenequipo.com.mx\/#website","url":"https:\/\/www.sonoraenequipo.com.mx\/","name":"Sonora en Equipo.","description":"Diario en l\u00ednea con Noticias desde Hermosillo, Sonora","publisher":{"@id":"https:\/\/www.sonoraenequipo.com.mx\/#organization"},"potentialAction":[{"@type":"SearchAction","target":{"@type":"EntryPoint","urlTemplate":"https:\/\/www.sonoraenequipo.com.mx\/?s={search_term_string}"},"query-input":{"@type":"PropertyValueSpecification","valueRequired":true,"valueName":"search_term_string"}}],"inLanguage":"es"},{"@type":"Organization","@id":"https:\/\/www.sonoraenequipo.com.mx\/#organization","name":"Sonoraenequipo.com.mx","url":"https:\/\/www.sonoraenequipo.com.mx\/","logo":{"@type":"ImageObject","inLanguage":"es","@id":"https:\/\/www.sonoraenequipo.com.mx\/#\/schema\/logo\/image\/","url":"https:\/\/www.sonoraenequipo.com.mx\/storage\/2019\/01\/sonoraenequipo_opt.png","contentUrl":"https:\/\/www.sonoraenequipo.com.mx\/storage\/2019\/01\/sonoraenequipo_opt.png","width":375,"height":125,"caption":"Sonoraenequipo.com.mx"},"image":{"@id":"https:\/\/www.sonoraenequipo.com.mx\/#\/schema\/logo\/image\/"},"sameAs":["https:\/\/www.facebook.com\/SonoraEE\/","https:\/\/x.com\/sonoraenequipo","https:\/\/www.youtube.com\/channel\/UC338nW-lPEYmJQs4ZABQ1SQ"]},{"@type":"Person","@id":"https:\/\/www.sonoraenequipo.com.mx\/#\/schema\/person\/50102df0fb23a8fa9e8effad8fa81386","name":"enequipo","image":{"@type":"ImageObject","inLanguage":"es","@id":"https:\/\/www.sonoraenequipo.com.mx\/#\/schema\/person\/image\/","url":"https:\/\/secure.gravatar.com\/avatar\/049821681b589dabc0bc20695993ccebb09f5b5d4d790cd9251b97faac7c652b?s=96&d=blank&r=g","contentUrl":"https:\/\/secure.gravatar.com\/avatar\/049821681b589dabc0bc20695993ccebb09f5b5d4d790cd9251b97faac7c652b?s=96&d=blank&r=g","caption":"enequipo"},"sameAs":["https:\/\/www.facebook.com\/SonoraEE"]}]}},"jetpack_featured_media_url":"https:\/\/www.sonoraenequipo.com.mx\/storage\/2021\/03\/Felipe-Calderon_opt.jpg","_links":{"self":[{"href":"https:\/\/www.sonoraenequipo.com.mx\/api\/wp\/v2\/posts\/109265","targetHints":{"allow":["GET"]}}],"collection":[{"href":"https:\/\/www.sonoraenequipo.com.mx\/api\/wp\/v2\/posts"}],"about":[{"href":"https:\/\/www.sonoraenequipo.com.mx\/api\/wp\/v2\/types\/post"}],"author":[{"embeddable":true,"href":"https:\/\/www.sonoraenequipo.com.mx\/api\/wp\/v2\/users\/1"}],"replies":[{"embeddable":true,"href":"https:\/\/www.sonoraenequipo.com.mx\/api\/wp\/v2\/comments?post=109265"}],"version-history":[{"count":1,"href":"https:\/\/www.sonoraenequipo.com.mx\/api\/wp\/v2\/posts\/109265\/revisions"}],"predecessor-version":[{"id":109267,"href":"https:\/\/www.sonoraenequipo.com.mx\/api\/wp\/v2\/posts\/109265\/revisions\/109267"}],"wp:featuredmedia":[{"embeddable":true,"href":"https:\/\/www.sonoraenequipo.com.mx\/api\/wp\/v2\/media\/109266"}],"wp:attachment":[{"href":"https:\/\/www.sonoraenequipo.com.mx\/api\/wp\/v2\/media?parent=109265"}],"wp:term":[{"taxonomy":"category","embeddable":true,"href":"https:\/\/www.sonoraenequipo.com.mx\/api\/wp\/v2\/categories?post=109265"},{"taxonomy":"post_tag","embeddable":true,"href":"https:\/\/www.sonoraenequipo.com.mx\/api\/wp\/v2\/tags?post=109265"}],"curies":[{"name":"wp","href":"https:\/\/api.w.org\/{rel}","templated":true}]}}