{"id":109269,"date":"2021-03-16T09:15:16","date_gmt":"2021-03-16T16:15:16","guid":{"rendered":"https:\/\/www.sonoraenequipo.com.mx\/?p=109269"},"modified":"2021-03-16T12:23:55","modified_gmt":"2021-03-16T19:23:55","slug":"carlos-romero-deschamps-renuncia-por-voluntad-propia-a-pemex-dice-amlo","status":"publish","type":"post","link":"https:\/\/www.sonoraenequipo.com.mx\/carlos-romero-deschamps-renuncia-por-voluntad-propia-a-pemex-dice-amlo\/","title":{"rendered":"Carlos Romero Deschamps renuncia \u00abpor voluntad propia\u00bb a Pemex, dice AMLO"},"content":{"rendered":"<p>CIUDAD DE M\u00c9XICO. MX. \u2014 El presidente Andr\u00e9s Manuel L\u00f3pez Obrador anunci\u00f3 que el ex l\u00edder sindical Carlos Romero Deschamps decidi\u00f3<em> \u00abpor voluntad propia\u00bb<\/em> presenta hoy su renuncia como trabajador activo de Petr\u00f3leos Mexicanos (Pemex), luego de que el gobierno federal le hizo un exhorto.<\/p>\n<p>&nbsp;<\/p>\n<p> <\/p>\n<p>&nbsp;<\/p>\n<p><em>\u00abQuiero informarle al pueblo de M\u00e9xico que a partir del d\u00eda de hoy, el se\u00f1or Romero Deschamps presenta su renuncia, es decir, deja de ser trabajador activo de Pemex\u00bb,<\/em> expres\u00f3 en la conferencia matutina.<\/p>\n<p>&nbsp;<\/p>\n<p><em>\u00abEso lo hace por voluntad propia y tambi\u00e9n por un exhorto que le hicimos\u00bb,<\/em> afirm\u00f3.<\/p>\n<p>&nbsp;<\/p>\n<p>El Presidente dijo desconocer que Romero Deschamps hab\u00eda pedido vacaciones hasta 2024, como lo revel\u00f3 una investigaci\u00f3n period\u00edstica, luego de que argumentara que durante el tiempo que fue dirigente no tom\u00f3 vacaciones y, de acuerdo con su contrato colectivo, ten\u00eda el derecho de utilizarlas y acumularlas.<\/p>\n<p>&nbsp;<\/p>\n<p>Record\u00f3 que ya se hizo una revisi\u00f3n del contrato colectivo de trabajo de Pemex, sin afectar los derechos de los sindicalizados, pues dijo, <em>\u00abdurante el periodo neoliberal se proteg\u00eda a los dirigentes y se desped\u00eda a los trabajadores de base, con planta o transitorios\u00bb.<\/em><\/p>\n<p>&nbsp;<\/p>\n<p>L\u00f3pez Obrador dijo que cuando se revis\u00f3 el contrato colectivo hab\u00eda muchos comisionados, trabajadores que hac\u00edan labores sindicales o que ten\u00edan una responsabilidad sindical.<\/p>\n<p>&nbsp;<\/p>\n<p><em>\u00abNo s\u00f3lo estaban comisionados sino que ten\u00edan derecho a vi\u00e1ticos y todo esto en el contrato colectivo. Por lo que se hizo un ajuste a lo m\u00ednimo de esas cantidades dirigidas al sindicato\u00bb,<\/em> afirm\u00f3.<\/p>\n<p>&nbsp;<\/p>\n<p>Adem\u00e1s, se planteaba que buscaban mantener a Romero Deschamps en activo porque terminando el periodo de gobierno de L\u00f3pez Obrador pretend\u00edan regresarlo a la direcci\u00f3n del sindicato.<\/p>\n<p>&nbsp;<\/p>\n<p><em>\u00abEse era el plan pol\u00edtico, pero yo no lo puedo afirmar, lo que s\u00ed se fue indagar sobre el asunto\u00bb,<\/em> manifest\u00f3.<\/p>\n<p>&nbsp;<\/p>\n<p>(Publicada el 16\/03\/2021)<\/p>\n","protected":false},"excerpt":{"rendered":"<p>CIUDAD DE M\u00c9XICO. MX. \u2014 El presidente Andr\u00e9s Manuel L\u00f3pez Obrador anunci\u00f3 que el ex&#8230;<\/p>\n","protected":false},"author":1,"featured_media":109270,"comment_status":"open","ping_status":"open","sticky":false,"template":"","format":"standard","meta":{"_monsterinsights_skip_tracking":false,"_monsterinsights_sitenote_active":false,"_monsterinsights_sitenote_note":"","_monsterinsights_sitenote_category":0,"footnotes":""},"categories":[5],"tags":[],"class_list":["post"],"yoast_head":" \n<title>Sonora en Equipo. Carlos Romero Deschamps renuncia &quot;por voluntad propia&quot; a Pemex, dice AMLO Rep\u00fablica<\/title>\n<meta name=\"description\" content=\"CIUDAD DE M\u00c9XICO. MX. \u2014 El presidente Andr\u00e9s Manuel L\u00f3pez Obrador anunci\u00f3 que el ex l\u00edder sindical Carlos Romero Deschamps decidi\u00f3 &quot;por voluntad propia&quot; En Sonora en Equipo publicamos toda la informaci\u00f3n de Sonora, M\u00e9xico y el Mundo de manera oportuna y busca que la libertad de expresi\u00f3n sea real. Visita nuestro medio informativo publicado desde Hermosillo, Sonora. %\" \/>\n<meta name=\"robots\" content=\"index, follow, max-snippet:-1, max-image-preview:large, max-video-preview:-1\" \/>\n<link rel=\"canonical\" href=\"https:\/\/www.sonoraenequipo.com.mx\/carlos-romero-deschamps-renuncia-por-voluntad-propia-a-pemex-dice-amlo\/\" \/>\n<meta property=\"og:locale\" content=\"es_ES\" \/>\n<meta property=\"og:type\" content=\"article\" \/>\n<meta property=\"og:title\" content=\"Sonora en Equipo. Carlos Romero Deschamps renuncia &quot;por voluntad propia&quot; a Pemex, dice AMLO Rep\u00fablica\" \/>\n<meta property=\"og:description\" content=\"CIUDAD DE M\u00c9XICO. MX. \u2014 El presidente Andr\u00e9s Manuel L\u00f3pez Obrador anunci\u00f3 que el ex l\u00edder sindical Carlos Romero Deschamps decidi\u00f3 &quot;por voluntad propia&quot; En Sonora en Equipo publicamos toda la informaci\u00f3n de Sonora, M\u00e9xico y el Mundo de manera oportuna y busca que la libertad de expresi\u00f3n sea real. Visita nuestro medio informativo publicado desde Hermosillo, Sonora. %\" \/>\n<meta property=\"og:url\" content=\"https:\/\/www.sonoraenequipo.com.mx\/carlos-romero-deschamps-renuncia-por-voluntad-propia-a-pemex-dice-amlo\/\" \/>\n<meta property=\"og:site_name\" content=\"Sonora en Equipo.\" \/>\n<meta property=\"article:publisher\" content=\"https:\/\/www.facebook.com\/SonoraEE\/\" \/>\n<meta property=\"article:author\" content=\"https:\/\/www.facebook.com\/SonoraEE\" \/>\n<meta property=\"article:published_time\" content=\"2021-03-16T16:15:16+00:00\" \/>\n<meta property=\"article:modified_time\" content=\"2021-03-16T19:23:55+00:00\" \/>\n<meta property=\"og:image\" content=\"https:\/\/www.sonoraenequipo.com.mx\/storage\/2021\/03\/dirigente-sindicato-petrolero_opt.jpg\" \/>\n\t<meta property=\"og:image:width\" content=\"643\" \/>\n\t<meta property=\"og:image:height\" content=\"400\" \/>\n\t<meta property=\"og:image:type\" content=\"image\/jpeg\" \/>\n<meta name=\"author\" content=\"enequipo\" \/>\n<meta name=\"twitter:card\" content=\"summary_large_image\" \/>\n<meta name=\"twitter:creator\" content=\"@sonoraenequipo\" \/>\n<meta name=\"twitter:site\" content=\"@sonoraenequipo\" \/>\n<meta name=\"twitter:label1\" content=\"Escrito por\" \/>\n\t<meta name=\"twitter:data1\" content=\"enequipo\" \/>\n\t<meta name=\"twitter:label2\" content=\"Tiempo de lectura\" \/>\n\t<meta name=\"twitter:data2\" content=\"2 minutos\" \/>\n<script type=\"application\/ld+json\" class=\"yoast-schema-graph\">{\"@context\":\"https:\/\/schema.org\",\"@graph\":[{\"@type\":\"Article\",\"@id\":\"https:\/\/www.sonoraenequipo.com.mx\/carlos-romero-deschamps-renuncia-por-voluntad-propia-a-pemex-dice-amlo\/#article\",\"isPartOf\":{\"@id\":\"https:\/\/www.sonoraenequipo.com.mx\/carlos-romero-deschamps-renuncia-por-voluntad-propia-a-pemex-dice-amlo\/\"},\"author\":{\"name\":\"enequipo\",\"@id\":\"https:\/\/www.sonoraenequipo.com.mx\/#\/schema\/person\/50102df0fb23a8fa9e8effad8fa81386\"},\"headline\":\"Carlos Romero Deschamps renuncia \u00abpor voluntad propia\u00bb a Pemex, dice AMLO\",\"datePublished\":\"2021-03-16T16:15:16+00:00\",\"dateModified\":\"2021-03-16T19:23:55+00:00\",\"mainEntityOfPage\":{\"@id\":\"https:\/\/www.sonoraenequipo.com.mx\/carlos-romero-deschamps-renuncia-por-voluntad-propia-a-pemex-dice-amlo\/\"},\"wordCount\":340,\"commentCount\":0,\"publisher\":{\"@id\":\"https:\/\/www.sonoraenequipo.com.mx\/#organization\"},\"image\":{\"@id\":\"https:\/\/www.sonoraenequipo.com.mx\/carlos-romero-deschamps-renuncia-por-voluntad-propia-a-pemex-dice-amlo\/#primaryimage\"},\"thumbnailUrl\":\"https:\/\/www.sonoraenequipo.com.mx\/storage\/2021\/03\/dirigente-sindicato-petrolero_opt.jpg\",\"articleSection\":[\"Rep\u00fablica\"],\"inLanguage\":\"es\",\"potentialAction\":[{\"@type\":\"CommentAction\",\"name\":\"Comment\",\"target\":[\"https:\/\/www.sonoraenequipo.com.mx\/carlos-romero-deschamps-renuncia-por-voluntad-propia-a-pemex-dice-amlo\/#respond\"]}]},{\"@type\":\"WebPage\",\"@id\":\"https:\/\/www.sonoraenequipo.com.mx\/carlos-romero-deschamps-renuncia-por-voluntad-propia-a-pemex-dice-amlo\/\",\"url\":\"https:\/\/www.sonoraenequipo.com.mx\/carlos-romero-deschamps-renuncia-por-voluntad-propia-a-pemex-dice-amlo\/\",\"name\":\"Sonora en Equipo. Carlos Romero Deschamps renuncia \\\"por voluntad propia\\\" a Pemex, dice AMLO Rep\u00fablica\",\"isPartOf\":{\"@id\":\"https:\/\/www.sonoraenequipo.com.mx\/#website\"},\"primaryImageOfPage\":{\"@id\":\"https:\/\/www.sonoraenequipo.com.mx\/carlos-romero-deschamps-renuncia-por-voluntad-propia-a-pemex-dice-amlo\/#primaryimage\"},\"image\":{\"@id\":\"https:\/\/www.sonoraenequipo.com.mx\/carlos-romero-deschamps-renuncia-por-voluntad-propia-a-pemex-dice-amlo\/#primaryimage\"},\"thumbnailUrl\":\"https:\/\/www.sonoraenequipo.com.mx\/storage\/2021\/03\/dirigente-sindicato-petrolero_opt.jpg\",\"datePublished\":\"2021-03-16T16:15:16+00:00\",\"dateModified\":\"2021-03-16T19:23:55+00:00\",\"description\":\"CIUDAD DE M\u00c9XICO. MX. \u2014 El presidente Andr\u00e9s Manuel L\u00f3pez Obrador anunci\u00f3 que el ex l\u00edder sindical Carlos Romero Deschamps decidi\u00f3 \\\"por voluntad propia\\\" En Sonora en Equipo publicamos toda la informaci\u00f3n de Sonora, M\u00e9xico y el Mundo de manera oportuna y busca que la libertad de expresi\u00f3n sea real. Visita nuestro medio informativo publicado desde Hermosillo, Sonora. %\",\"breadcrumb\":{\"@id\":\"https:\/\/www.sonoraenequipo.com.mx\/carlos-romero-deschamps-renuncia-por-voluntad-propia-a-pemex-dice-amlo\/#breadcrumb\"},\"inLanguage\":\"es\",\"potentialAction\":[{\"@type\":\"ReadAction\",\"target\":[\"https:\/\/www.sonoraenequipo.com.mx\/carlos-romero-deschamps-renuncia-por-voluntad-propia-a-pemex-dice-amlo\/\"]}]},{\"@type\":\"ImageObject\",\"inLanguage\":\"es\",\"@id\":\"https:\/\/www.sonoraenequipo.com.mx\/carlos-romero-deschamps-renuncia-por-voluntad-propia-a-pemex-dice-amlo\/#primaryimage\",\"url\":\"https:\/\/www.sonoraenequipo.com.mx\/storage\/2021\/03\/dirigente-sindicato-petrolero_opt.jpg\",\"contentUrl\":\"https:\/\/www.sonoraenequipo.com.mx\/storage\/2021\/03\/dirigente-sindicato-petrolero_opt.jpg\",\"width\":643,\"height\":400},{\"@type\":\"BreadcrumbList\",\"@id\":\"https:\/\/www.sonoraenequipo.com.mx\/carlos-romero-deschamps-renuncia-por-voluntad-propia-a-pemex-dice-amlo\/#breadcrumb\",\"itemListElement\":[{\"@type\":\"ListItem\",\"position\":1,\"name\":\"Portada\",\"item\":\"https:\/\/www.sonoraenequipo.com.mx\/\"},{\"@type\":\"ListItem\",\"position\":2,\"name\":\"Carlos Romero Deschamps renuncia \u00abpor voluntad propia\u00bb a Pemex, dice AMLO\"}]},{\"@type\":\"WebSite\",\"@id\":\"https:\/\/www.sonoraenequipo.com.mx\/#website\",\"url\":\"https:\/\/www.sonoraenequipo.com.mx\/\",\"name\":\"Sonora en Equipo.\",\"description\":\"Diario en l\u00ednea con Noticias desde Hermosillo, Sonora\",\"publisher\":{\"@id\":\"https:\/\/www.sonoraenequipo.com.mx\/#organization\"},\"potentialAction\":[{\"@type\":\"SearchAction\",\"target\":{\"@type\":\"EntryPoint\",\"urlTemplate\":\"https:\/\/www.sonoraenequipo.com.mx\/?s={search_term_string}\"},\"query-input\":{\"@type\":\"PropertyValueSpecification\",\"valueRequired\":true,\"valueName\":\"search_term_string\"}}],\"inLanguage\":\"es\"},{\"@type\":\"Organization\",\"@id\":\"https:\/\/www.sonoraenequipo.com.mx\/#organization\",\"name\":\"Sonoraenequipo.com.mx\",\"url\":\"https:\/\/www.sonoraenequipo.com.mx\/\",\"logo\":{\"@type\":\"ImageObject\",\"inLanguage\":\"es\",\"@id\":\"https:\/\/www.sonoraenequipo.com.mx\/#\/schema\/logo\/image\/\",\"url\":\"https:\/\/www.sonoraenequipo.com.mx\/storage\/2019\/01\/sonoraenequipo_opt.png\",\"contentUrl\":\"https:\/\/www.sonoraenequipo.com.mx\/storage\/2019\/01\/sonoraenequipo_opt.png\",\"width\":375,\"height\":125,\"caption\":\"Sonoraenequipo.com.mx\"},\"image\":{\"@id\":\"https:\/\/www.sonoraenequipo.com.mx\/#\/schema\/logo\/image\/\"},\"sameAs\":[\"https:\/\/www.facebook.com\/SonoraEE\/\",\"https:\/\/x.com\/sonoraenequipo\",\"https:\/\/www.youtube.com\/channel\/UC338nW-lPEYmJQs4ZABQ1SQ\"]},{\"@type\":\"Person\",\"@id\":\"https:\/\/www.sonoraenequipo.com.mx\/#\/schema\/person\/50102df0fb23a8fa9e8effad8fa81386\",\"name\":\"enequipo\",\"image\":{\"@type\":\"ImageObject\",\"inLanguage\":\"es\",\"@id\":\"https:\/\/www.sonoraenequipo.com.mx\/#\/schema\/person\/image\/\",\"url\":\"https:\/\/secure.gravatar.com\/avatar\/049821681b589dabc0bc20695993ccebb09f5b5d4d790cd9251b97faac7c652b?s=96&d=blank&r=g\",\"contentUrl\":\"https:\/\/secure.gravatar.com\/avatar\/049821681b589dabc0bc20695993ccebb09f5b5d4d790cd9251b97faac7c652b?s=96&d=blank&r=g\",\"caption\":\"enequipo\"},\"sameAs\":[\"https:\/\/www.facebook.com\/SonoraEE\"]}]}<\/script>\n ","yoast_head_json":{"title":"Sonora en Equipo. Carlos Romero Deschamps renuncia \"por voluntad propia\" a Pemex, dice AMLO Rep\u00fablica","description":"CIUDAD DE M\u00c9XICO. MX. \u2014 El presidente Andr\u00e9s Manuel L\u00f3pez Obrador anunci\u00f3 que el ex l\u00edder sindical Carlos Romero Deschamps decidi\u00f3 \"por voluntad propia\" En Sonora en Equipo publicamos toda la informaci\u00f3n de Sonora, M\u00e9xico y el Mundo de manera oportuna y busca que la libertad de expresi\u00f3n sea real. Visita nuestro medio informativo publicado desde Hermosillo, Sonora. %","robots":{"index":"index","follow":"follow","max-snippet":"max-snippet:-1","max-image-preview":"max-image-preview:large","max-video-preview":"max-video-preview:-1"},"canonical":"https:\/\/www.sonoraenequipo.com.mx\/carlos-romero-deschamps-renuncia-por-voluntad-propia-a-pemex-dice-amlo\/","og_locale":"es_ES","og_type":"article","og_title":"Sonora en Equipo. Carlos Romero Deschamps renuncia \"por voluntad propia\" a Pemex, dice AMLO Rep\u00fablica","og_description":"CIUDAD DE M\u00c9XICO. MX. \u2014 El presidente Andr\u00e9s Manuel L\u00f3pez Obrador anunci\u00f3 que el ex l\u00edder sindical Carlos Romero Deschamps decidi\u00f3 \"por voluntad propia\" En Sonora en Equipo publicamos toda la informaci\u00f3n de Sonora, M\u00e9xico y el Mundo de manera oportuna y busca que la libertad de expresi\u00f3n sea real. Visita nuestro medio informativo publicado desde Hermosillo, Sonora. %","og_url":"https:\/\/www.sonoraenequipo.com.mx\/carlos-romero-deschamps-renuncia-por-voluntad-propia-a-pemex-dice-amlo\/","og_site_name":"Sonora en Equipo.","article_publisher":"https:\/\/www.facebook.com\/SonoraEE\/","article_author":"https:\/\/www.facebook.com\/SonoraEE","article_published_time":"2021-03-16T16:15:16+00:00","article_modified_time":"2021-03-16T19:23:55+00:00","og_image":[{"width":643,"height":400,"url":"https:\/\/www.sonoraenequipo.com.mx\/storage\/2021\/03\/dirigente-sindicato-petrolero_opt.jpg","type":"image\/jpeg"}],"author":"enequipo","twitter_card":"summary_large_image","twitter_creator":"@sonoraenequipo","twitter_site":"@sonoraenequipo","twitter_misc":{"Escrito por":"enequipo","Tiempo de lectura":"2 minutos"},"schema":{"@context":"https:\/\/schema.org","@graph":[{"@type":"Article","@id":"https:\/\/www.sonoraenequipo.com.mx\/carlos-romero-deschamps-renuncia-por-voluntad-propia-a-pemex-dice-amlo\/#article","isPartOf":{"@id":"https:\/\/www.sonoraenequipo.com.mx\/carlos-romero-deschamps-renuncia-por-voluntad-propia-a-pemex-dice-amlo\/"},"author":{"name":"enequipo","@id":"https:\/\/www.sonoraenequipo.com.mx\/#\/schema\/person\/50102df0fb23a8fa9e8effad8fa81386"},"headline":"Carlos Romero Deschamps renuncia \u00abpor voluntad propia\u00bb a Pemex, dice AMLO","datePublished":"2021-03-16T16:15:16+00:00","dateModified":"2021-03-16T19:23:55+00:00","mainEntityOfPage":{"@id":"https:\/\/www.sonoraenequipo.com.mx\/carlos-romero-deschamps-renuncia-por-voluntad-propia-a-pemex-dice-amlo\/"},"wordCount":340,"commentCount":0,"publisher":{"@id":"https:\/\/www.sonoraenequipo.com.mx\/#organization"},"image":{"@id":"https:\/\/www.sonoraenequipo.com.mx\/carlos-romero-deschamps-renuncia-por-voluntad-propia-a-pemex-dice-amlo\/#primaryimage"},"thumbnailUrl":"https:\/\/www.sonoraenequipo.com.mx\/storage\/2021\/03\/dirigente-sindicato-petrolero_opt.jpg","articleSection":["Rep\u00fablica"],"inLanguage":"es","potentialAction":[{"@type":"CommentAction","name":"Comment","target":["https:\/\/www.sonoraenequipo.com.mx\/carlos-romero-deschamps-renuncia-por-voluntad-propia-a-pemex-dice-amlo\/#respond"]}]},{"@type":"WebPage","@id":"https:\/\/www.sonoraenequipo.com.mx\/carlos-romero-deschamps-renuncia-por-voluntad-propia-a-pemex-dice-amlo\/","url":"https:\/\/www.sonoraenequipo.com.mx\/carlos-romero-deschamps-renuncia-por-voluntad-propia-a-pemex-dice-amlo\/","name":"Sonora en Equipo. Carlos Romero Deschamps renuncia \"por voluntad propia\" a Pemex, dice AMLO Rep\u00fablica","isPartOf":{"@id":"https:\/\/www.sonoraenequipo.com.mx\/#website"},"primaryImageOfPage":{"@id":"https:\/\/www.sonoraenequipo.com.mx\/carlos-romero-deschamps-renuncia-por-voluntad-propia-a-pemex-dice-amlo\/#primaryimage"},"image":{"@id":"https:\/\/www.sonoraenequipo.com.mx\/carlos-romero-deschamps-renuncia-por-voluntad-propia-a-pemex-dice-amlo\/#primaryimage"},"thumbnailUrl":"https:\/\/www.sonoraenequipo.com.mx\/storage\/2021\/03\/dirigente-sindicato-petrolero_opt.jpg","datePublished":"2021-03-16T16:15:16+00:00","dateModified":"2021-03-16T19:23:55+00:00","description":"CIUDAD DE M\u00c9XICO. MX. \u2014 El presidente Andr\u00e9s Manuel L\u00f3pez Obrador anunci\u00f3 que el ex l\u00edder sindical Carlos Romero Deschamps decidi\u00f3 \"por voluntad propia\" En Sonora en Equipo publicamos toda la informaci\u00f3n de Sonora, M\u00e9xico y el Mundo de manera oportuna y busca que la libertad de expresi\u00f3n sea real. Visita nuestro medio informativo publicado desde Hermosillo, Sonora. %","breadcrumb":{"@id":"https:\/\/www.sonoraenequipo.com.mx\/carlos-romero-deschamps-renuncia-por-voluntad-propia-a-pemex-dice-amlo\/#breadcrumb"},"inLanguage":"es","potentialAction":[{"@type":"ReadAction","target":["https:\/\/www.sonoraenequipo.com.mx\/carlos-romero-deschamps-renuncia-por-voluntad-propia-a-pemex-dice-amlo\/"]}]},{"@type":"ImageObject","inLanguage":"es","@id":"https:\/\/www.sonoraenequipo.com.mx\/carlos-romero-deschamps-renuncia-por-voluntad-propia-a-pemex-dice-amlo\/#primaryimage","url":"https:\/\/www.sonoraenequipo.com.mx\/storage\/2021\/03\/dirigente-sindicato-petrolero_opt.jpg","contentUrl":"https:\/\/www.sonoraenequipo.com.mx\/storage\/2021\/03\/dirigente-sindicato-petrolero_opt.jpg","width":643,"height":400},{"@type":"BreadcrumbList","@id":"https:\/\/www.sonoraenequipo.com.mx\/carlos-romero-deschamps-renuncia-por-voluntad-propia-a-pemex-dice-amlo\/#breadcrumb","itemListElement":[{"@type":"ListItem","position":1,"name":"Portada","item":"https:\/\/www.sonoraenequipo.com.mx\/"},{"@type":"ListItem","position":2,"name":"Carlos Romero Deschamps renuncia \u00abpor voluntad propia\u00bb a Pemex, dice AMLO"}]},{"@type":"WebSite","@id":"https:\/\/www.sonoraenequipo.com.mx\/#website","url":"https:\/\/www.sonoraenequipo.com.mx\/","name":"Sonora en Equipo.","description":"Diario en l\u00ednea con Noticias desde Hermosillo, Sonora","publisher":{"@id":"https:\/\/www.sonoraenequipo.com.mx\/#organization"},"potentialAction":[{"@type":"SearchAction","target":{"@type":"EntryPoint","urlTemplate":"https:\/\/www.sonoraenequipo.com.mx\/?s={search_term_string}"},"query-input":{"@type":"PropertyValueSpecification","valueRequired":true,"valueName":"search_term_string"}}],"inLanguage":"es"},{"@type":"Organization","@id":"https:\/\/www.sonoraenequipo.com.mx\/#organization","name":"Sonoraenequipo.com.mx","url":"https:\/\/www.sonoraenequipo.com.mx\/","logo":{"@type":"ImageObject","inLanguage":"es","@id":"https:\/\/www.sonoraenequipo.com.mx\/#\/schema\/logo\/image\/","url":"https:\/\/www.sonoraenequipo.com.mx\/storage\/2019\/01\/sonoraenequipo_opt.png","contentUrl":"https:\/\/www.sonoraenequipo.com.mx\/storage\/2019\/01\/sonoraenequipo_opt.png","width":375,"height":125,"caption":"Sonoraenequipo.com.mx"},"image":{"@id":"https:\/\/www.sonoraenequipo.com.mx\/#\/schema\/logo\/image\/"},"sameAs":["https:\/\/www.facebook.com\/SonoraEE\/","https:\/\/x.com\/sonoraenequipo","https:\/\/www.youtube.com\/channel\/UC338nW-lPEYmJQs4ZABQ1SQ"]},{"@type":"Person","@id":"https:\/\/www.sonoraenequipo.com.mx\/#\/schema\/person\/50102df0fb23a8fa9e8effad8fa81386","name":"enequipo","image":{"@type":"ImageObject","inLanguage":"es","@id":"https:\/\/www.sonoraenequipo.com.mx\/#\/schema\/person\/image\/","url":"https:\/\/secure.gravatar.com\/avatar\/049821681b589dabc0bc20695993ccebb09f5b5d4d790cd9251b97faac7c652b?s=96&d=blank&r=g","contentUrl":"https:\/\/secure.gravatar.com\/avatar\/049821681b589dabc0bc20695993ccebb09f5b5d4d790cd9251b97faac7c652b?s=96&d=blank&r=g","caption":"enequipo"},"sameAs":["https:\/\/www.facebook.com\/SonoraEE"]}]}},"jetpack_featured_media_url":"https:\/\/www.sonoraenequipo.com.mx\/storage\/2021\/03\/dirigente-sindicato-petrolero_opt.jpg","_links":{"self":[{"href":"https:\/\/www.sonoraenequipo.com.mx\/api\/wp\/v2\/posts\/109269","targetHints":{"allow":["GET"]}}],"collection":[{"href":"https:\/\/www.sonoraenequipo.com.mx\/api\/wp\/v2\/posts"}],"about":[{"href":"https:\/\/www.sonoraenequipo.com.mx\/api\/wp\/v2\/types\/post"}],"author":[{"embeddable":true,"href":"https:\/\/www.sonoraenequipo.com.mx\/api\/wp\/v2\/users\/1"}],"replies":[{"embeddable":true,"href":"https:\/\/www.sonoraenequipo.com.mx\/api\/wp\/v2\/comments?post=109269"}],"version-history":[{"count":1,"href":"https:\/\/www.sonoraenequipo.com.mx\/api\/wp\/v2\/posts\/109269\/revisions"}],"predecessor-version":[{"id":109271,"href":"https:\/\/www.sonoraenequipo.com.mx\/api\/wp\/v2\/posts\/109269\/revisions\/109271"}],"wp:featuredmedia":[{"embeddable":true,"href":"https:\/\/www.sonoraenequipo.com.mx\/api\/wp\/v2\/media\/109270"}],"wp:attachment":[{"href":"https:\/\/www.sonoraenequipo.com.mx\/api\/wp\/v2\/media?parent=109269"}],"wp:term":[{"taxonomy":"category","embeddable":true,"href":"https:\/\/www.sonoraenequipo.com.mx\/api\/wp\/v2\/categories?post=109269"},{"taxonomy":"post_tag","embeddable":true,"href":"https:\/\/www.sonoraenequipo.com.mx\/api\/wp\/v2\/tags?post=109269"}],"curies":[{"name":"wp","href":"https:\/\/api.w.org\/{rel}","templated":true}]}}