{"id":109273,"date":"2021-03-16T13:45:46","date_gmt":"2021-03-16T20:45:46","guid":{"rendered":"https:\/\/www.sonoraenequipo.com.mx\/?p=109273"},"modified":"2021-03-16T16:43:09","modified_gmt":"2021-03-16T23:43:09","slug":"sep-y-salud-definiran-en-acuerdo-con-los-estados-apertura-de-escuelas-cuando-el-semaforo-epidemiologico-este-en-verde","status":"publish","type":"post","link":"https:\/\/www.sonoraenequipo.com.mx\/sep-y-salud-definiran-en-acuerdo-con-los-estados-apertura-de-escuelas-cuando-el-semaforo-epidemiologico-este-en-verde\/","title":{"rendered":"SEP Y Salud definir\u00e1n en acuerdo con los estados apertura de escuelas cuando el sem\u00e1foro epidemiol\u00f3gico est\u00e9 en verde"},"content":{"rendered":"<p>\u25baAutoridades de SSA y SEP sostendr\u00e1n una reuni\u00f3n el pr\u00f3ximo viernes 19 de marzo.<\/p>\n<p>Se cuenta con nueve intervenciones para la reapertura de planteles escolares.<\/p>\n<p>CIUDAD DE M\u00c9XICO.- Las Secretar\u00edas de Salud y de Educaci\u00f3n P\u00fablica reafirman su compromiso con la salud de todos los integrantes de las comunidades escolares, por lo que sostendr\u00e1n una reuni\u00f3n el pr\u00f3ximo viernes 19 de marzo, para definir el calendario de apertura de los planteles escolares, en aquellos estados en sem\u00e1foro epidemiol\u00f3gico verde.<\/p>\n<p>&nbsp;<\/p>\n<p>Como lo adelant\u00f3 la Secretar\u00eda de Salud, el encuentro, que contar\u00e1 con la presencia de la Titular de Educaci\u00f3n, Delfina G\u00f3mez \u00c1lvarez y su equipo de trabajo, servir\u00e1 para afinar los detalles de este prop\u00f3sito.<\/p>\n<p>&nbsp;<\/p>\n<p>La instrucci\u00f3n es trabajar de manera conjunta y en acuerdo con los estados, con miras a reactivar la educaci\u00f3n p\u00fablica, en una forma organizada, estructurada, adecuadamente planeada y bien fundamentada desde el punto de vista t\u00e9cnico del manejo epid\u00e9mico.<\/p>\n<p>&nbsp;<\/p>\n<p>En este sentido, el Presidente Andr\u00e9s Manuel L\u00f3pez Obrador, reiter\u00f3 la invitaci\u00f3n a las autoridades de Campeche, a maestros, madres y padres de familia, para que con el env\u00edo y aplicaci\u00f3n de vacunas se considere, de manera voluntaria, el reinicio de clases presenciales regresando de Semana Santa.<\/p>\n<p>&nbsp;<\/p>\n<p>Agreg\u00f3 tambi\u00e9n que ya se dieron las instrucciones para que se adelanten los apoyos destinados a las sociedades de padres de familia del Programa La Escuela es Nuestra, para que con ello se arreglen los planteles educativos antes de que regresen a clases.<\/p>\n<p>&nbsp;<\/p>\n<p>De esta forma se ir\u00e1 incorporando a otros estados, siempre que est\u00e9n todos los maestros y trabajadores de la educaci\u00f3n y adultos mayores vacunados, m\u00e1s protocolos y cuidados, todo con el prop\u00f3sito de ir regresando a la normalidad en lo educativo, que es muy importante.<\/p>\n<p>&nbsp;<\/p>\n<p>En este sentido, la SEP record\u00f3 que se cuenta con nueve intervenciones para un regreso seguro, la primera es la activaci\u00f3n de los Comit\u00e9s Participativos de Salud Escolar, la segunda el acceso a agua y jab\u00f3n en las escuelas.<\/p>\n<p>&nbsp;<\/p>\n<p>Como tercera, est\u00e1 el cuidado de maestras y maestros, particularmente los que est\u00e1n en grupos de riesgo; la cuarta intervenci\u00f3n ser\u00e1 el uso general y adecuado de cubrebocas, en todos los planteles; la quinta es la sana distancia en las entradas y salidas a los centros escolares y a los recreos, que deben ser escalonados, y la asistencia alternada a la escuela.<\/p>\n<p>&nbsp;<\/p>\n<p>La sexta intervenci\u00f3n considera maximizar el uso de los espacios abiertos; en la s\u00e9ptima intervenci\u00f3n se considera la suspensi\u00f3n de cualquier tipo de ceremonias que generen congregaciones en la escuela; como octava, se establece la detecci\u00f3n temprana, donde con un solo enfermo en la escuela, esta se cerrar\u00e1 por 15 d\u00edas; y la novena, apoyo socioemocional para docentes y estudiantes.<\/p>\n<p>&nbsp;<\/p>\n<p>Estas medidas incluyen la instalaci\u00f3n de filtros de corresponsabilidad escuela-madres y padres de familia, en los que manifiesten por escrito que sus hijos no presentan s\u00edntomas aparentes; un segundo filtro para que dicha manifestaci\u00f3n se entregue a las autoridades de los planteles escolares y otro m\u00e1s en el sal\u00f3n de clases.<\/p>\n<p>Fecha de publicaci\u00f3n\u00a0 martes 16 \/marzo\/2021<\/p>\n","protected":false},"excerpt":{"rendered":"<p>\u25baAutoridades de SSA y SEP sostendr\u00e1n una reuni\u00f3n el pr\u00f3ximo viernes 19 de marzo. Se&#8230;<\/p>\n","protected":false},"author":1,"featured_media":86722,"comment_status":"open","ping_status":"open","sticky":false,"template":"","format":"standard","meta":{"_monsterinsights_skip_tracking":false,"_monsterinsights_sitenote_active":false,"_monsterinsights_sitenote_note":"","_monsterinsights_sitenote_category":0,"footnotes":""},"categories":[5],"tags":[4249,53,5499],"class_list":["post"],"yoast_head":" \n<title>Sonora en Equipo. SEP Y Salud definir\u00e1n en acuerdo con los estados apertura de escuelas cuando el sem\u00e1foro epidemiol\u00f3gico est\u00e9 en verde Rep\u00fablica<\/title>\n<meta name=\"description\" content=\"\u25baAutoridades de SSA y SEP sostendr\u00e1n una reuni\u00f3n el pr\u00f3ximo viernes 19 de marzo. Se cuenta con nueve intervenciones para la reapertura de planteles En Sonora en Equipo publicamos toda la informaci\u00f3n de Sonora, M\u00e9xico y el Mundo de manera oportuna y busca que la libertad de expresi\u00f3n sea real. Visita nuestro medio informativo publicado desde Hermosillo, Sonora. %\" \/>\n<meta name=\"robots\" content=\"index, follow, max-snippet:-1, max-image-preview:large, max-video-preview:-1\" \/>\n<link rel=\"canonical\" href=\"https:\/\/www.sonoraenequipo.com.mx\/sep-y-salud-definiran-en-acuerdo-con-los-estados-apertura-de-escuelas-cuando-el-semaforo-epidemiologico-este-en-verde\/\" \/>\n<meta property=\"og:locale\" content=\"es_ES\" \/>\n<meta property=\"og:type\" content=\"article\" \/>\n<meta property=\"og:title\" content=\"Sonora en Equipo. SEP Y Salud definir\u00e1n en acuerdo con los estados apertura de escuelas cuando el sem\u00e1foro epidemiol\u00f3gico est\u00e9 en verde Rep\u00fablica\" \/>\n<meta property=\"og:description\" content=\"\u25baAutoridades de SSA y SEP sostendr\u00e1n una reuni\u00f3n el pr\u00f3ximo viernes 19 de marzo. Se cuenta con nueve intervenciones para la reapertura de planteles En Sonora en Equipo publicamos toda la informaci\u00f3n de Sonora, M\u00e9xico y el Mundo de manera oportuna y busca que la libertad de expresi\u00f3n sea real. Visita nuestro medio informativo publicado desde Hermosillo, Sonora. %\" \/>\n<meta property=\"og:url\" content=\"https:\/\/www.sonoraenequipo.com.mx\/sep-y-salud-definiran-en-acuerdo-con-los-estados-apertura-de-escuelas-cuando-el-semaforo-epidemiologico-este-en-verde\/\" \/>\n<meta property=\"og:site_name\" content=\"Sonora en Equipo.\" \/>\n<meta property=\"article:publisher\" content=\"https:\/\/www.facebook.com\/SonoraEE\/\" \/>\n<meta property=\"article:author\" content=\"https:\/\/www.facebook.com\/SonoraEE\" \/>\n<meta property=\"article:published_time\" content=\"2021-03-16T20:45:46+00:00\" \/>\n<meta property=\"article:modified_time\" content=\"2021-03-16T23:43:09+00:00\" \/>\n<meta property=\"og:image\" content=\"https:\/\/www.sonoraenequipo.com.mx\/storage\/2020\/06\/escuelas2_opt.jpg\" \/>\n\t<meta property=\"og:image:width\" content=\"550\" \/>\n\t<meta property=\"og:image:height\" content=\"366\" \/>\n\t<meta property=\"og:image:type\" content=\"image\/jpeg\" \/>\n<meta name=\"author\" content=\"enequipo\" \/>\n<meta name=\"twitter:card\" content=\"summary_large_image\" \/>\n<meta name=\"twitter:creator\" content=\"@sonoraenequipo\" \/>\n<meta name=\"twitter:site\" content=\"@sonoraenequipo\" \/>\n<meta name=\"twitter:label1\" content=\"Escrito por\" \/>\n\t<meta name=\"twitter:data1\" content=\"enequipo\" \/>\n\t<meta name=\"twitter:label2\" content=\"Tiempo de lectura\" \/>\n\t<meta name=\"twitter:data2\" content=\"3 minutos\" \/>\n<script type=\"application\/ld+json\" class=\"yoast-schema-graph\">{\"@context\":\"https:\/\/schema.org\",\"@graph\":[{\"@type\":\"Article\",\"@id\":\"https:\/\/www.sonoraenequipo.com.mx\/sep-y-salud-definiran-en-acuerdo-con-los-estados-apertura-de-escuelas-cuando-el-semaforo-epidemiologico-este-en-verde\/#article\",\"isPartOf\":{\"@id\":\"https:\/\/www.sonoraenequipo.com.mx\/sep-y-salud-definiran-en-acuerdo-con-los-estados-apertura-de-escuelas-cuando-el-semaforo-epidemiologico-este-en-verde\/\"},\"author\":{\"name\":\"enequipo\",\"@id\":\"https:\/\/www.sonoraenequipo.com.mx\/#\/schema\/person\/50102df0fb23a8fa9e8effad8fa81386\"},\"headline\":\"SEP Y Salud definir\u00e1n en acuerdo con los estados apertura de escuelas cuando el sem\u00e1foro epidemiol\u00f3gico est\u00e9 en verde\",\"datePublished\":\"2021-03-16T20:45:46+00:00\",\"dateModified\":\"2021-03-16T23:43:09+00:00\",\"mainEntityOfPage\":{\"@id\":\"https:\/\/www.sonoraenequipo.com.mx\/sep-y-salud-definiran-en-acuerdo-con-los-estados-apertura-de-escuelas-cuando-el-semaforo-epidemiologico-este-en-verde\/\"},\"wordCount\":582,\"commentCount\":0,\"publisher\":{\"@id\":\"https:\/\/www.sonoraenequipo.com.mx\/#organization\"},\"image\":{\"@id\":\"https:\/\/www.sonoraenequipo.com.mx\/sep-y-salud-definiran-en-acuerdo-con-los-estados-apertura-de-escuelas-cuando-el-semaforo-epidemiologico-este-en-verde\/#primaryimage\"},\"thumbnailUrl\":\"https:\/\/www.sonoraenequipo.com.mx\/storage\/2020\/06\/escuelas2_opt.jpg\",\"keywords\":[\"covid\",\"mexico\",\"REGRESOCLASES\"],\"articleSection\":[\"Rep\u00fablica\"],\"inLanguage\":\"es\",\"potentialAction\":[{\"@type\":\"CommentAction\",\"name\":\"Comment\",\"target\":[\"https:\/\/www.sonoraenequipo.com.mx\/sep-y-salud-definiran-en-acuerdo-con-los-estados-apertura-de-escuelas-cuando-el-semaforo-epidemiologico-este-en-verde\/#respond\"]}]},{\"@type\":\"WebPage\",\"@id\":\"https:\/\/www.sonoraenequipo.com.mx\/sep-y-salud-definiran-en-acuerdo-con-los-estados-apertura-de-escuelas-cuando-el-semaforo-epidemiologico-este-en-verde\/\",\"url\":\"https:\/\/www.sonoraenequipo.com.mx\/sep-y-salud-definiran-en-acuerdo-con-los-estados-apertura-de-escuelas-cuando-el-semaforo-epidemiologico-este-en-verde\/\",\"name\":\"Sonora en Equipo. SEP Y Salud definir\u00e1n en acuerdo con los estados apertura de escuelas cuando el sem\u00e1foro epidemiol\u00f3gico est\u00e9 en verde Rep\u00fablica\",\"isPartOf\":{\"@id\":\"https:\/\/www.sonoraenequipo.com.mx\/#website\"},\"primaryImageOfPage\":{\"@id\":\"https:\/\/www.sonoraenequipo.com.mx\/sep-y-salud-definiran-en-acuerdo-con-los-estados-apertura-de-escuelas-cuando-el-semaforo-epidemiologico-este-en-verde\/#primaryimage\"},\"image\":{\"@id\":\"https:\/\/www.sonoraenequipo.com.mx\/sep-y-salud-definiran-en-acuerdo-con-los-estados-apertura-de-escuelas-cuando-el-semaforo-epidemiologico-este-en-verde\/#primaryimage\"},\"thumbnailUrl\":\"https:\/\/www.sonoraenequipo.com.mx\/storage\/2020\/06\/escuelas2_opt.jpg\",\"datePublished\":\"2021-03-16T20:45:46+00:00\",\"dateModified\":\"2021-03-16T23:43:09+00:00\",\"description\":\"\u25baAutoridades de SSA y SEP sostendr\u00e1n una reuni\u00f3n el pr\u00f3ximo viernes 19 de marzo. Se cuenta con nueve intervenciones para la reapertura de planteles En Sonora en Equipo publicamos toda la informaci\u00f3n de Sonora, M\u00e9xico y el Mundo de manera oportuna y busca que la libertad de expresi\u00f3n sea real. Visita nuestro medio informativo publicado desde Hermosillo, Sonora. %\",\"breadcrumb\":{\"@id\":\"https:\/\/www.sonoraenequipo.com.mx\/sep-y-salud-definiran-en-acuerdo-con-los-estados-apertura-de-escuelas-cuando-el-semaforo-epidemiologico-este-en-verde\/#breadcrumb\"},\"inLanguage\":\"es\",\"potentialAction\":[{\"@type\":\"ReadAction\",\"target\":[\"https:\/\/www.sonoraenequipo.com.mx\/sep-y-salud-definiran-en-acuerdo-con-los-estados-apertura-de-escuelas-cuando-el-semaforo-epidemiologico-este-en-verde\/\"]}]},{\"@type\":\"ImageObject\",\"inLanguage\":\"es\",\"@id\":\"https:\/\/www.sonoraenequipo.com.mx\/sep-y-salud-definiran-en-acuerdo-con-los-estados-apertura-de-escuelas-cuando-el-semaforo-epidemiologico-este-en-verde\/#primaryimage\",\"url\":\"https:\/\/www.sonoraenequipo.com.mx\/storage\/2020\/06\/escuelas2_opt.jpg\",\"contentUrl\":\"https:\/\/www.sonoraenequipo.com.mx\/storage\/2020\/06\/escuelas2_opt.jpg\",\"width\":550,\"height\":366},{\"@type\":\"BreadcrumbList\",\"@id\":\"https:\/\/www.sonoraenequipo.com.mx\/sep-y-salud-definiran-en-acuerdo-con-los-estados-apertura-de-escuelas-cuando-el-semaforo-epidemiologico-este-en-verde\/#breadcrumb\",\"itemListElement\":[{\"@type\":\"ListItem\",\"position\":1,\"name\":\"Portada\",\"item\":\"https:\/\/www.sonoraenequipo.com.mx\/\"},{\"@type\":\"ListItem\",\"position\":2,\"name\":\"SEP Y Salud definir\u00e1n en acuerdo con los estados apertura de escuelas cuando el sem\u00e1foro epidemiol\u00f3gico est\u00e9 en verde\"}]},{\"@type\":\"WebSite\",\"@id\":\"https:\/\/www.sonoraenequipo.com.mx\/#website\",\"url\":\"https:\/\/www.sonoraenequipo.com.mx\/\",\"name\":\"Sonora en Equipo.\",\"description\":\"Diario en l\u00ednea con Noticias desde Hermosillo, Sonora\",\"publisher\":{\"@id\":\"https:\/\/www.sonoraenequipo.com.mx\/#organization\"},\"potentialAction\":[{\"@type\":\"SearchAction\",\"target\":{\"@type\":\"EntryPoint\",\"urlTemplate\":\"https:\/\/www.sonoraenequipo.com.mx\/?s={search_term_string}\"},\"query-input\":{\"@type\":\"PropertyValueSpecification\",\"valueRequired\":true,\"valueName\":\"search_term_string\"}}],\"inLanguage\":\"es\"},{\"@type\":\"Organization\",\"@id\":\"https:\/\/www.sonoraenequipo.com.mx\/#organization\",\"name\":\"Sonoraenequipo.com.mx\",\"url\":\"https:\/\/www.sonoraenequipo.com.mx\/\",\"logo\":{\"@type\":\"ImageObject\",\"inLanguage\":\"es\",\"@id\":\"https:\/\/www.sonoraenequipo.com.mx\/#\/schema\/logo\/image\/\",\"url\":\"https:\/\/www.sonoraenequipo.com.mx\/storage\/2019\/01\/sonoraenequipo_opt.png\",\"contentUrl\":\"https:\/\/www.sonoraenequipo.com.mx\/storage\/2019\/01\/sonoraenequipo_opt.png\",\"width\":375,\"height\":125,\"caption\":\"Sonoraenequipo.com.mx\"},\"image\":{\"@id\":\"https:\/\/www.sonoraenequipo.com.mx\/#\/schema\/logo\/image\/\"},\"sameAs\":[\"https:\/\/www.facebook.com\/SonoraEE\/\",\"https:\/\/x.com\/sonoraenequipo\",\"https:\/\/www.youtube.com\/channel\/UC338nW-lPEYmJQs4ZABQ1SQ\"]},{\"@type\":\"Person\",\"@id\":\"https:\/\/www.sonoraenequipo.com.mx\/#\/schema\/person\/50102df0fb23a8fa9e8effad8fa81386\",\"name\":\"enequipo\",\"image\":{\"@type\":\"ImageObject\",\"inLanguage\":\"es\",\"@id\":\"https:\/\/www.sonoraenequipo.com.mx\/#\/schema\/person\/image\/\",\"url\":\"https:\/\/secure.gravatar.com\/avatar\/049821681b589dabc0bc20695993ccebb09f5b5d4d790cd9251b97faac7c652b?s=96&d=blank&r=g\",\"contentUrl\":\"https:\/\/secure.gravatar.com\/avatar\/049821681b589dabc0bc20695993ccebb09f5b5d4d790cd9251b97faac7c652b?s=96&d=blank&r=g\",\"caption\":\"enequipo\"},\"sameAs\":[\"https:\/\/www.facebook.com\/SonoraEE\"]}]}<\/script>\n ","yoast_head_json":{"title":"Sonora en Equipo. SEP Y Salud definir\u00e1n en acuerdo con los estados apertura de escuelas cuando el sem\u00e1foro epidemiol\u00f3gico est\u00e9 en verde Rep\u00fablica","description":"\u25baAutoridades de SSA y SEP sostendr\u00e1n una reuni\u00f3n el pr\u00f3ximo viernes 19 de marzo. Se cuenta con nueve intervenciones para la reapertura de planteles En Sonora en Equipo publicamos toda la informaci\u00f3n de Sonora, M\u00e9xico y el Mundo de manera oportuna y busca que la libertad de expresi\u00f3n sea real. Visita nuestro medio informativo publicado desde Hermosillo, Sonora. %","robots":{"index":"index","follow":"follow","max-snippet":"max-snippet:-1","max-image-preview":"max-image-preview:large","max-video-preview":"max-video-preview:-1"},"canonical":"https:\/\/www.sonoraenequipo.com.mx\/sep-y-salud-definiran-en-acuerdo-con-los-estados-apertura-de-escuelas-cuando-el-semaforo-epidemiologico-este-en-verde\/","og_locale":"es_ES","og_type":"article","og_title":"Sonora en Equipo. SEP Y Salud definir\u00e1n en acuerdo con los estados apertura de escuelas cuando el sem\u00e1foro epidemiol\u00f3gico est\u00e9 en verde Rep\u00fablica","og_description":"\u25baAutoridades de SSA y SEP sostendr\u00e1n una reuni\u00f3n el pr\u00f3ximo viernes 19 de marzo. Se cuenta con nueve intervenciones para la reapertura de planteles En Sonora en Equipo publicamos toda la informaci\u00f3n de Sonora, M\u00e9xico y el Mundo de manera oportuna y busca que la libertad de expresi\u00f3n sea real. Visita nuestro medio informativo publicado desde Hermosillo, Sonora. %","og_url":"https:\/\/www.sonoraenequipo.com.mx\/sep-y-salud-definiran-en-acuerdo-con-los-estados-apertura-de-escuelas-cuando-el-semaforo-epidemiologico-este-en-verde\/","og_site_name":"Sonora en Equipo.","article_publisher":"https:\/\/www.facebook.com\/SonoraEE\/","article_author":"https:\/\/www.facebook.com\/SonoraEE","article_published_time":"2021-03-16T20:45:46+00:00","article_modified_time":"2021-03-16T23:43:09+00:00","og_image":[{"width":550,"height":366,"url":"https:\/\/www.sonoraenequipo.com.mx\/storage\/2020\/06\/escuelas2_opt.jpg","type":"image\/jpeg"}],"author":"enequipo","twitter_card":"summary_large_image","twitter_creator":"@sonoraenequipo","twitter_site":"@sonoraenequipo","twitter_misc":{"Escrito por":"enequipo","Tiempo de lectura":"3 minutos"},"schema":{"@context":"https:\/\/schema.org","@graph":[{"@type":"Article","@id":"https:\/\/www.sonoraenequipo.com.mx\/sep-y-salud-definiran-en-acuerdo-con-los-estados-apertura-de-escuelas-cuando-el-semaforo-epidemiologico-este-en-verde\/#article","isPartOf":{"@id":"https:\/\/www.sonoraenequipo.com.mx\/sep-y-salud-definiran-en-acuerdo-con-los-estados-apertura-de-escuelas-cuando-el-semaforo-epidemiologico-este-en-verde\/"},"author":{"name":"enequipo","@id":"https:\/\/www.sonoraenequipo.com.mx\/#\/schema\/person\/50102df0fb23a8fa9e8effad8fa81386"},"headline":"SEP Y Salud definir\u00e1n en acuerdo con los estados apertura de escuelas cuando el sem\u00e1foro epidemiol\u00f3gico est\u00e9 en verde","datePublished":"2021-03-16T20:45:46+00:00","dateModified":"2021-03-16T23:43:09+00:00","mainEntityOfPage":{"@id":"https:\/\/www.sonoraenequipo.com.mx\/sep-y-salud-definiran-en-acuerdo-con-los-estados-apertura-de-escuelas-cuando-el-semaforo-epidemiologico-este-en-verde\/"},"wordCount":582,"commentCount":0,"publisher":{"@id":"https:\/\/www.sonoraenequipo.com.mx\/#organization"},"image":{"@id":"https:\/\/www.sonoraenequipo.com.mx\/sep-y-salud-definiran-en-acuerdo-con-los-estados-apertura-de-escuelas-cuando-el-semaforo-epidemiologico-este-en-verde\/#primaryimage"},"thumbnailUrl":"https:\/\/www.sonoraenequipo.com.mx\/storage\/2020\/06\/escuelas2_opt.jpg","keywords":["covid","mexico","REGRESOCLASES"],"articleSection":["Rep\u00fablica"],"inLanguage":"es","potentialAction":[{"@type":"CommentAction","name":"Comment","target":["https:\/\/www.sonoraenequipo.com.mx\/sep-y-salud-definiran-en-acuerdo-con-los-estados-apertura-de-escuelas-cuando-el-semaforo-epidemiologico-este-en-verde\/#respond"]}]},{"@type":"WebPage","@id":"https:\/\/www.sonoraenequipo.com.mx\/sep-y-salud-definiran-en-acuerdo-con-los-estados-apertura-de-escuelas-cuando-el-semaforo-epidemiologico-este-en-verde\/","url":"https:\/\/www.sonoraenequipo.com.mx\/sep-y-salud-definiran-en-acuerdo-con-los-estados-apertura-de-escuelas-cuando-el-semaforo-epidemiologico-este-en-verde\/","name":"Sonora en Equipo. SEP Y Salud definir\u00e1n en acuerdo con los estados apertura de escuelas cuando el sem\u00e1foro epidemiol\u00f3gico est\u00e9 en verde Rep\u00fablica","isPartOf":{"@id":"https:\/\/www.sonoraenequipo.com.mx\/#website"},"primaryImageOfPage":{"@id":"https:\/\/www.sonoraenequipo.com.mx\/sep-y-salud-definiran-en-acuerdo-con-los-estados-apertura-de-escuelas-cuando-el-semaforo-epidemiologico-este-en-verde\/#primaryimage"},"image":{"@id":"https:\/\/www.sonoraenequipo.com.mx\/sep-y-salud-definiran-en-acuerdo-con-los-estados-apertura-de-escuelas-cuando-el-semaforo-epidemiologico-este-en-verde\/#primaryimage"},"thumbnailUrl":"https:\/\/www.sonoraenequipo.com.mx\/storage\/2020\/06\/escuelas2_opt.jpg","datePublished":"2021-03-16T20:45:46+00:00","dateModified":"2021-03-16T23:43:09+00:00","description":"\u25baAutoridades de SSA y SEP sostendr\u00e1n una reuni\u00f3n el pr\u00f3ximo viernes 19 de marzo. Se cuenta con nueve intervenciones para la reapertura de planteles En Sonora en Equipo publicamos toda la informaci\u00f3n de Sonora, M\u00e9xico y el Mundo de manera oportuna y busca que la libertad de expresi\u00f3n sea real. Visita nuestro medio informativo publicado desde Hermosillo, Sonora. %","breadcrumb":{"@id":"https:\/\/www.sonoraenequipo.com.mx\/sep-y-salud-definiran-en-acuerdo-con-los-estados-apertura-de-escuelas-cuando-el-semaforo-epidemiologico-este-en-verde\/#breadcrumb"},"inLanguage":"es","potentialAction":[{"@type":"ReadAction","target":["https:\/\/www.sonoraenequipo.com.mx\/sep-y-salud-definiran-en-acuerdo-con-los-estados-apertura-de-escuelas-cuando-el-semaforo-epidemiologico-este-en-verde\/"]}]},{"@type":"ImageObject","inLanguage":"es","@id":"https:\/\/www.sonoraenequipo.com.mx\/sep-y-salud-definiran-en-acuerdo-con-los-estados-apertura-de-escuelas-cuando-el-semaforo-epidemiologico-este-en-verde\/#primaryimage","url":"https:\/\/www.sonoraenequipo.com.mx\/storage\/2020\/06\/escuelas2_opt.jpg","contentUrl":"https:\/\/www.sonoraenequipo.com.mx\/storage\/2020\/06\/escuelas2_opt.jpg","width":550,"height":366},{"@type":"BreadcrumbList","@id":"https:\/\/www.sonoraenequipo.com.mx\/sep-y-salud-definiran-en-acuerdo-con-los-estados-apertura-de-escuelas-cuando-el-semaforo-epidemiologico-este-en-verde\/#breadcrumb","itemListElement":[{"@type":"ListItem","position":1,"name":"Portada","item":"https:\/\/www.sonoraenequipo.com.mx\/"},{"@type":"ListItem","position":2,"name":"SEP Y Salud definir\u00e1n en acuerdo con los estados apertura de escuelas cuando el sem\u00e1foro epidemiol\u00f3gico est\u00e9 en verde"}]},{"@type":"WebSite","@id":"https:\/\/www.sonoraenequipo.com.mx\/#website","url":"https:\/\/www.sonoraenequipo.com.mx\/","name":"Sonora en Equipo.","description":"Diario en l\u00ednea con Noticias desde Hermosillo, Sonora","publisher":{"@id":"https:\/\/www.sonoraenequipo.com.mx\/#organization"},"potentialAction":[{"@type":"SearchAction","target":{"@type":"EntryPoint","urlTemplate":"https:\/\/www.sonoraenequipo.com.mx\/?s={search_term_string}"},"query-input":{"@type":"PropertyValueSpecification","valueRequired":true,"valueName":"search_term_string"}}],"inLanguage":"es"},{"@type":"Organization","@id":"https:\/\/www.sonoraenequipo.com.mx\/#organization","name":"Sonoraenequipo.com.mx","url":"https:\/\/www.sonoraenequipo.com.mx\/","logo":{"@type":"ImageObject","inLanguage":"es","@id":"https:\/\/www.sonoraenequipo.com.mx\/#\/schema\/logo\/image\/","url":"https:\/\/www.sonoraenequipo.com.mx\/storage\/2019\/01\/sonoraenequipo_opt.png","contentUrl":"https:\/\/www.sonoraenequipo.com.mx\/storage\/2019\/01\/sonoraenequipo_opt.png","width":375,"height":125,"caption":"Sonoraenequipo.com.mx"},"image":{"@id":"https:\/\/www.sonoraenequipo.com.mx\/#\/schema\/logo\/image\/"},"sameAs":["https:\/\/www.facebook.com\/SonoraEE\/","https:\/\/x.com\/sonoraenequipo","https:\/\/www.youtube.com\/channel\/UC338nW-lPEYmJQs4ZABQ1SQ"]},{"@type":"Person","@id":"https:\/\/www.sonoraenequipo.com.mx\/#\/schema\/person\/50102df0fb23a8fa9e8effad8fa81386","name":"enequipo","image":{"@type":"ImageObject","inLanguage":"es","@id":"https:\/\/www.sonoraenequipo.com.mx\/#\/schema\/person\/image\/","url":"https:\/\/secure.gravatar.com\/avatar\/049821681b589dabc0bc20695993ccebb09f5b5d4d790cd9251b97faac7c652b?s=96&d=blank&r=g","contentUrl":"https:\/\/secure.gravatar.com\/avatar\/049821681b589dabc0bc20695993ccebb09f5b5d4d790cd9251b97faac7c652b?s=96&d=blank&r=g","caption":"enequipo"},"sameAs":["https:\/\/www.facebook.com\/SonoraEE"]}]}},"jetpack_featured_media_url":"https:\/\/www.sonoraenequipo.com.mx\/storage\/2020\/06\/escuelas2_opt.jpg","_links":{"self":[{"href":"https:\/\/www.sonoraenequipo.com.mx\/api\/wp\/v2\/posts\/109273","targetHints":{"allow":["GET"]}}],"collection":[{"href":"https:\/\/www.sonoraenequipo.com.mx\/api\/wp\/v2\/posts"}],"about":[{"href":"https:\/\/www.sonoraenequipo.com.mx\/api\/wp\/v2\/types\/post"}],"author":[{"embeddable":true,"href":"https:\/\/www.sonoraenequipo.com.mx\/api\/wp\/v2\/users\/1"}],"replies":[{"embeddable":true,"href":"https:\/\/www.sonoraenequipo.com.mx\/api\/wp\/v2\/comments?post=109273"}],"version-history":[{"count":1,"href":"https:\/\/www.sonoraenequipo.com.mx\/api\/wp\/v2\/posts\/109273\/revisions"}],"predecessor-version":[{"id":109274,"href":"https:\/\/www.sonoraenequipo.com.mx\/api\/wp\/v2\/posts\/109273\/revisions\/109274"}],"wp:featuredmedia":[{"embeddable":true,"href":"https:\/\/www.sonoraenequipo.com.mx\/api\/wp\/v2\/media\/86722"}],"wp:attachment":[{"href":"https:\/\/www.sonoraenequipo.com.mx\/api\/wp\/v2\/media?parent=109273"}],"wp:term":[{"taxonomy":"category","embeddable":true,"href":"https:\/\/www.sonoraenequipo.com.mx\/api\/wp\/v2\/categories?post=109273"},{"taxonomy":"post_tag","embeddable":true,"href":"https:\/\/www.sonoraenequipo.com.mx\/api\/wp\/v2\/tags?post=109273"}],"curies":[{"name":"wp","href":"https:\/\/api.w.org\/{rel}","templated":true}]}}