{"id":109280,"date":"2021-03-16T15:55:48","date_gmt":"2021-03-16T22:55:48","guid":{"rendered":"https:\/\/www.sonoraenequipo.com.mx\/?p=109280"},"modified":"2021-03-16T16:39:12","modified_gmt":"2021-03-16T23:39:12","slug":"reporta-fgje-deceso-del-ing-gilberto-gradias-coordinador-de-tics","status":"publish","type":"post","link":"https:\/\/www.sonoraenequipo.com.mx\/reporta-fgje-deceso-del-ing-gilberto-gradias-coordinador-de-tics\/","title":{"rendered":"\u00a0Reporta FGJE deceso del \u00a0Ing. Gilberto Grad\u00edas coordinador de Tics"},"content":{"rendered":"<p>Con profundo pesar compartimos el fallecimiento de nuestro Coordinador General de Tecnolog\u00edas de la Informaci\u00f3n (Tics )ING. GILBERTO GRADIAS ENR\u00cdQUEZ<\/p>\n<p>Quien deja a esta Fiscal\u00eda de Justicia un gran legado,\u00a0 en materia de creaci\u00f3n y desarrollo de nuevas tecnolog\u00edas aplicadas a la procuraci\u00f3n de justicia, aportaciones que llevaron a esta Fiscal\u00eda Sonorense, a ser referente nacional en creaci\u00f3n de bases de datos.<\/p>\n<p>Entre sus aportaciones destacamos:<\/p>\n<p>&nbsp;<\/p>\n<ul>\n<li>El dise\u00f1o, desarrollo y operaci\u00f3n del sistema (SIAMP), que consiste en el registro digital en tiempo real de las averiguaciones previas.<\/li>\n<\/ul>\n<p>&nbsp;<\/p>\n<ul>\n<li>Dise\u00f1o y Creaci\u00f3n del Banco Estatal de Casos de Violencia contra las Mujeres (BAESVIM) Sonora.<\/li>\n<\/ul>\n<p>&nbsp;<\/p>\n<p>A su talento y capacidad le debemos todos y cada uno de los sistemas m\u00e1s importantes en la instituci\u00f3n orientados al registro de datos y de contexto de delitos, aplicados a la investigaci\u00f3n criminal.<\/p>\n<p>&nbsp;<\/p>\n<p>Pero, sobre todo, deja entra\u00f1ables amigas y amigos.<\/p>\n<p>&nbsp;<\/p>\n<p>Abrazo fraterno a su familia.<\/p>\n<p>&nbsp;<\/p>\n<p>Gracias Ingeniero Grad\u00edas por incidir, por compartir, por legarnos tantas ense\u00f1anzas, y por so\u00f1ar siempre en fortalecer a la Procuraci\u00f3n de justicia.<\/p>\n<p>&nbsp;<\/p>\n<p>Honraremos en el d\u00eda a d\u00eda de trabajo, todas tus aportaciones.<\/p>\n<p>&nbsp;<\/p>\n<p>Fiscal general del estado de sonora.<\/p>\n<p>Claudia Indira Contreras C\u00f3rdova<\/p>\n<p>&nbsp;<\/p>\n<p>Fecha de publicaci\u00f3n\u00a0 martes 16 \/marzo\/2021<\/p>\n<p>&nbsp;<\/p>\n","protected":false},"excerpt":{"rendered":"<p>Con profundo pesar compartimos el fallecimiento de nuestro Coordinador General de Tecnolog\u00edas de la Informaci\u00f3n&#8230;<\/p>\n","protected":false},"author":1,"featured_media":109281,"comment_status":"open","ping_status":"open","sticky":false,"template":"","format":"standard","meta":{"_monsterinsights_skip_tracking":false,"_monsterinsights_sitenote_active":false,"_monsterinsights_sitenote_note":"","_monsterinsights_sitenote_category":0,"footnotes":""},"categories":[1],"tags":[5500],"class_list":["post"],"yoast_head":" \n<title>Sonora en Equipo. \u00a0Reporta FGJE deceso del \u00a0Ing. Gilberto Grad\u00edas coordinador de Tics<\/title>\n<meta name=\"description\" content=\"Con profundo pesar compartimos el fallecimiento de nuestro Coordinador General de Tecnolog\u00edas de la Informaci\u00f3n (Tics )ING. GILBERTO GRADIAS ENR\u00cdQUEZ En Sonora en Equipo publicamos toda la informaci\u00f3n de Sonora, M\u00e9xico y el Mundo de manera oportuna y busca que la libertad de expresi\u00f3n sea real. Visita nuestro medio informativo publicado desde Hermosillo, Sonora. %\" \/>\n<meta name=\"robots\" content=\"index, follow, max-snippet:-1, max-image-preview:large, max-video-preview:-1\" \/>\n<link rel=\"canonical\" href=\"https:\/\/www.sonoraenequipo.com.mx\/reporta-fgje-deceso-del-ing-gilberto-gradias-coordinador-de-tics\/\" \/>\n<meta property=\"og:locale\" content=\"es_ES\" \/>\n<meta property=\"og:type\" content=\"article\" \/>\n<meta property=\"og:title\" content=\"Sonora en Equipo. \u00a0Reporta FGJE deceso del \u00a0Ing. Gilberto Grad\u00edas coordinador de Tics\" \/>\n<meta property=\"og:description\" content=\"Con profundo pesar compartimos el fallecimiento de nuestro Coordinador General de Tecnolog\u00edas de la Informaci\u00f3n (Tics )ING. GILBERTO GRADIAS ENR\u00cdQUEZ En Sonora en Equipo publicamos toda la informaci\u00f3n de Sonora, M\u00e9xico y el Mundo de manera oportuna y busca que la libertad de expresi\u00f3n sea real. Visita nuestro medio informativo publicado desde Hermosillo, Sonora. %\" \/>\n<meta property=\"og:url\" content=\"https:\/\/www.sonoraenequipo.com.mx\/reporta-fgje-deceso-del-ing-gilberto-gradias-coordinador-de-tics\/\" \/>\n<meta property=\"og:site_name\" content=\"Sonora en Equipo.\" \/>\n<meta property=\"article:publisher\" content=\"https:\/\/www.facebook.com\/SonoraEE\/\" \/>\n<meta property=\"article:author\" content=\"https:\/\/www.facebook.com\/SonoraEE\" \/>\n<meta property=\"article:published_time\" content=\"2021-03-16T22:55:48+00:00\" \/>\n<meta property=\"article:modified_time\" content=\"2021-03-16T23:39:12+00:00\" \/>\n<meta property=\"og:image\" content=\"https:\/\/www.sonoraenequipo.com.mx\/storage\/2021\/03\/edificio-fgjsonora.jpg\" \/>\n\t<meta property=\"og:image:width\" content=\"500\" \/>\n\t<meta property=\"og:image:height\" content=\"300\" \/>\n\t<meta property=\"og:image:type\" content=\"image\/jpeg\" \/>\n<meta name=\"author\" content=\"enequipo\" \/>\n<meta name=\"twitter:card\" content=\"summary_large_image\" \/>\n<meta name=\"twitter:creator\" content=\"@sonoraenequipo\" \/>\n<meta name=\"twitter:site\" content=\"@sonoraenequipo\" \/>\n<meta name=\"twitter:label1\" content=\"Escrito por\" \/>\n\t<meta name=\"twitter:data1\" content=\"enequipo\" \/>\n\t<meta name=\"twitter:label2\" content=\"Tiempo de lectura\" \/>\n\t<meta name=\"twitter:data2\" content=\"1 minuto\" \/>\n<script type=\"application\/ld+json\" class=\"yoast-schema-graph\">{\"@context\":\"https:\/\/schema.org\",\"@graph\":[{\"@type\":\"Article\",\"@id\":\"https:\/\/www.sonoraenequipo.com.mx\/reporta-fgje-deceso-del-ing-gilberto-gradias-coordinador-de-tics\/#article\",\"isPartOf\":{\"@id\":\"https:\/\/www.sonoraenequipo.com.mx\/reporta-fgje-deceso-del-ing-gilberto-gradias-coordinador-de-tics\/\"},\"author\":{\"name\":\"enequipo\",\"@id\":\"https:\/\/www.sonoraenequipo.com.mx\/#\/schema\/person\/50102df0fb23a8fa9e8effad8fa81386\"},\"headline\":\"\u00a0Reporta FGJE deceso del \u00a0Ing. Gilberto Grad\u00edas coordinador de Tics\",\"datePublished\":\"2021-03-16T22:55:48+00:00\",\"dateModified\":\"2021-03-16T23:39:12+00:00\",\"mainEntityOfPage\":{\"@id\":\"https:\/\/www.sonoraenequipo.com.mx\/reporta-fgje-deceso-del-ing-gilberto-gradias-coordinador-de-tics\/\"},\"wordCount\":243,\"commentCount\":0,\"publisher\":{\"@id\":\"https:\/\/www.sonoraenequipo.com.mx\/#organization\"},\"image\":{\"@id\":\"https:\/\/www.sonoraenequipo.com.mx\/reporta-fgje-deceso-del-ing-gilberto-gradias-coordinador-de-tics\/#primaryimage\"},\"thumbnailUrl\":\"https:\/\/www.sonoraenequipo.com.mx\/storage\/2021\/03\/edificio-fgjsonora.jpg\",\"keywords\":[\"gilberto gradias\"],\"articleSection\":[\"Sin categorizar\"],\"inLanguage\":\"es\",\"potentialAction\":[{\"@type\":\"CommentAction\",\"name\":\"Comment\",\"target\":[\"https:\/\/www.sonoraenequipo.com.mx\/reporta-fgje-deceso-del-ing-gilberto-gradias-coordinador-de-tics\/#respond\"]}]},{\"@type\":\"WebPage\",\"@id\":\"https:\/\/www.sonoraenequipo.com.mx\/reporta-fgje-deceso-del-ing-gilberto-gradias-coordinador-de-tics\/\",\"url\":\"https:\/\/www.sonoraenequipo.com.mx\/reporta-fgje-deceso-del-ing-gilberto-gradias-coordinador-de-tics\/\",\"name\":\"Sonora en Equipo. \u00a0Reporta FGJE deceso del \u00a0Ing. Gilberto Grad\u00edas coordinador de Tics\",\"isPartOf\":{\"@id\":\"https:\/\/www.sonoraenequipo.com.mx\/#website\"},\"primaryImageOfPage\":{\"@id\":\"https:\/\/www.sonoraenequipo.com.mx\/reporta-fgje-deceso-del-ing-gilberto-gradias-coordinador-de-tics\/#primaryimage\"},\"image\":{\"@id\":\"https:\/\/www.sonoraenequipo.com.mx\/reporta-fgje-deceso-del-ing-gilberto-gradias-coordinador-de-tics\/#primaryimage\"},\"thumbnailUrl\":\"https:\/\/www.sonoraenequipo.com.mx\/storage\/2021\/03\/edificio-fgjsonora.jpg\",\"datePublished\":\"2021-03-16T22:55:48+00:00\",\"dateModified\":\"2021-03-16T23:39:12+00:00\",\"description\":\"Con profundo pesar compartimos el fallecimiento de nuestro Coordinador General de Tecnolog\u00edas de la Informaci\u00f3n (Tics )ING. GILBERTO GRADIAS ENR\u00cdQUEZ En Sonora en Equipo publicamos toda la informaci\u00f3n de Sonora, M\u00e9xico y el Mundo de manera oportuna y busca que la libertad de expresi\u00f3n sea real. Visita nuestro medio informativo publicado desde Hermosillo, Sonora. %\",\"breadcrumb\":{\"@id\":\"https:\/\/www.sonoraenequipo.com.mx\/reporta-fgje-deceso-del-ing-gilberto-gradias-coordinador-de-tics\/#breadcrumb\"},\"inLanguage\":\"es\",\"potentialAction\":[{\"@type\":\"ReadAction\",\"target\":[\"https:\/\/www.sonoraenequipo.com.mx\/reporta-fgje-deceso-del-ing-gilberto-gradias-coordinador-de-tics\/\"]}]},{\"@type\":\"ImageObject\",\"inLanguage\":\"es\",\"@id\":\"https:\/\/www.sonoraenequipo.com.mx\/reporta-fgje-deceso-del-ing-gilberto-gradias-coordinador-de-tics\/#primaryimage\",\"url\":\"https:\/\/www.sonoraenequipo.com.mx\/storage\/2021\/03\/edificio-fgjsonora.jpg\",\"contentUrl\":\"https:\/\/www.sonoraenequipo.com.mx\/storage\/2021\/03\/edificio-fgjsonora.jpg\",\"width\":500,\"height\":300,\"caption\":\"fachada del edificio de la fiscal\u00eda\"},{\"@type\":\"BreadcrumbList\",\"@id\":\"https:\/\/www.sonoraenequipo.com.mx\/reporta-fgje-deceso-del-ing-gilberto-gradias-coordinador-de-tics\/#breadcrumb\",\"itemListElement\":[{\"@type\":\"ListItem\",\"position\":1,\"name\":\"Portada\",\"item\":\"https:\/\/www.sonoraenequipo.com.mx\/\"},{\"@type\":\"ListItem\",\"position\":2,\"name\":\"\u00a0Reporta FGJE deceso del \u00a0Ing. Gilberto Grad\u00edas coordinador de Tics\"}]},{\"@type\":\"WebSite\",\"@id\":\"https:\/\/www.sonoraenequipo.com.mx\/#website\",\"url\":\"https:\/\/www.sonoraenequipo.com.mx\/\",\"name\":\"Sonora en Equipo.\",\"description\":\"Diario en l\u00ednea con Noticias desde Hermosillo, Sonora\",\"publisher\":{\"@id\":\"https:\/\/www.sonoraenequipo.com.mx\/#organization\"},\"potentialAction\":[{\"@type\":\"SearchAction\",\"target\":{\"@type\":\"EntryPoint\",\"urlTemplate\":\"https:\/\/www.sonoraenequipo.com.mx\/?s={search_term_string}\"},\"query-input\":{\"@type\":\"PropertyValueSpecification\",\"valueRequired\":true,\"valueName\":\"search_term_string\"}}],\"inLanguage\":\"es\"},{\"@type\":\"Organization\",\"@id\":\"https:\/\/www.sonoraenequipo.com.mx\/#organization\",\"name\":\"Sonoraenequipo.com.mx\",\"url\":\"https:\/\/www.sonoraenequipo.com.mx\/\",\"logo\":{\"@type\":\"ImageObject\",\"inLanguage\":\"es\",\"@id\":\"https:\/\/www.sonoraenequipo.com.mx\/#\/schema\/logo\/image\/\",\"url\":\"https:\/\/www.sonoraenequipo.com.mx\/storage\/2019\/01\/sonoraenequipo_opt.png\",\"contentUrl\":\"https:\/\/www.sonoraenequipo.com.mx\/storage\/2019\/01\/sonoraenequipo_opt.png\",\"width\":375,\"height\":125,\"caption\":\"Sonoraenequipo.com.mx\"},\"image\":{\"@id\":\"https:\/\/www.sonoraenequipo.com.mx\/#\/schema\/logo\/image\/\"},\"sameAs\":[\"https:\/\/www.facebook.com\/SonoraEE\/\",\"https:\/\/x.com\/sonoraenequipo\",\"https:\/\/www.youtube.com\/channel\/UC338nW-lPEYmJQs4ZABQ1SQ\"]},{\"@type\":\"Person\",\"@id\":\"https:\/\/www.sonoraenequipo.com.mx\/#\/schema\/person\/50102df0fb23a8fa9e8effad8fa81386\",\"name\":\"enequipo\",\"image\":{\"@type\":\"ImageObject\",\"inLanguage\":\"es\",\"@id\":\"https:\/\/www.sonoraenequipo.com.mx\/#\/schema\/person\/image\/\",\"url\":\"https:\/\/secure.gravatar.com\/avatar\/049821681b589dabc0bc20695993ccebb09f5b5d4d790cd9251b97faac7c652b?s=96&d=blank&r=g\",\"contentUrl\":\"https:\/\/secure.gravatar.com\/avatar\/049821681b589dabc0bc20695993ccebb09f5b5d4d790cd9251b97faac7c652b?s=96&d=blank&r=g\",\"caption\":\"enequipo\"},\"sameAs\":[\"https:\/\/www.facebook.com\/SonoraEE\"]}]}<\/script>\n ","yoast_head_json":{"title":"Sonora en Equipo. \u00a0Reporta FGJE deceso del \u00a0Ing. Gilberto Grad\u00edas coordinador de Tics","description":"Con profundo pesar compartimos el fallecimiento de nuestro Coordinador General de Tecnolog\u00edas de la Informaci\u00f3n (Tics )ING. GILBERTO GRADIAS ENR\u00cdQUEZ En Sonora en Equipo publicamos toda la informaci\u00f3n de Sonora, M\u00e9xico y el Mundo de manera oportuna y busca que la libertad de expresi\u00f3n sea real. Visita nuestro medio informativo publicado desde Hermosillo, Sonora. %","robots":{"index":"index","follow":"follow","max-snippet":"max-snippet:-1","max-image-preview":"max-image-preview:large","max-video-preview":"max-video-preview:-1"},"canonical":"https:\/\/www.sonoraenequipo.com.mx\/reporta-fgje-deceso-del-ing-gilberto-gradias-coordinador-de-tics\/","og_locale":"es_ES","og_type":"article","og_title":"Sonora en Equipo. \u00a0Reporta FGJE deceso del \u00a0Ing. Gilberto Grad\u00edas coordinador de Tics","og_description":"Con profundo pesar compartimos el fallecimiento de nuestro Coordinador General de Tecnolog\u00edas de la Informaci\u00f3n (Tics )ING. GILBERTO GRADIAS ENR\u00cdQUEZ En Sonora en Equipo publicamos toda la informaci\u00f3n de Sonora, M\u00e9xico y el Mundo de manera oportuna y busca que la libertad de expresi\u00f3n sea real. Visita nuestro medio informativo publicado desde Hermosillo, Sonora. %","og_url":"https:\/\/www.sonoraenequipo.com.mx\/reporta-fgje-deceso-del-ing-gilberto-gradias-coordinador-de-tics\/","og_site_name":"Sonora en Equipo.","article_publisher":"https:\/\/www.facebook.com\/SonoraEE\/","article_author":"https:\/\/www.facebook.com\/SonoraEE","article_published_time":"2021-03-16T22:55:48+00:00","article_modified_time":"2021-03-16T23:39:12+00:00","og_image":[{"width":500,"height":300,"url":"https:\/\/www.sonoraenequipo.com.mx\/storage\/2021\/03\/edificio-fgjsonora.jpg","type":"image\/jpeg"}],"author":"enequipo","twitter_card":"summary_large_image","twitter_creator":"@sonoraenequipo","twitter_site":"@sonoraenequipo","twitter_misc":{"Escrito por":"enequipo","Tiempo de lectura":"1 minuto"},"schema":{"@context":"https:\/\/schema.org","@graph":[{"@type":"Article","@id":"https:\/\/www.sonoraenequipo.com.mx\/reporta-fgje-deceso-del-ing-gilberto-gradias-coordinador-de-tics\/#article","isPartOf":{"@id":"https:\/\/www.sonoraenequipo.com.mx\/reporta-fgje-deceso-del-ing-gilberto-gradias-coordinador-de-tics\/"},"author":{"name":"enequipo","@id":"https:\/\/www.sonoraenequipo.com.mx\/#\/schema\/person\/50102df0fb23a8fa9e8effad8fa81386"},"headline":"\u00a0Reporta FGJE deceso del \u00a0Ing. Gilberto Grad\u00edas coordinador de Tics","datePublished":"2021-03-16T22:55:48+00:00","dateModified":"2021-03-16T23:39:12+00:00","mainEntityOfPage":{"@id":"https:\/\/www.sonoraenequipo.com.mx\/reporta-fgje-deceso-del-ing-gilberto-gradias-coordinador-de-tics\/"},"wordCount":243,"commentCount":0,"publisher":{"@id":"https:\/\/www.sonoraenequipo.com.mx\/#organization"},"image":{"@id":"https:\/\/www.sonoraenequipo.com.mx\/reporta-fgje-deceso-del-ing-gilberto-gradias-coordinador-de-tics\/#primaryimage"},"thumbnailUrl":"https:\/\/www.sonoraenequipo.com.mx\/storage\/2021\/03\/edificio-fgjsonora.jpg","keywords":["gilberto gradias"],"articleSection":["Sin categorizar"],"inLanguage":"es","potentialAction":[{"@type":"CommentAction","name":"Comment","target":["https:\/\/www.sonoraenequipo.com.mx\/reporta-fgje-deceso-del-ing-gilberto-gradias-coordinador-de-tics\/#respond"]}]},{"@type":"WebPage","@id":"https:\/\/www.sonoraenequipo.com.mx\/reporta-fgje-deceso-del-ing-gilberto-gradias-coordinador-de-tics\/","url":"https:\/\/www.sonoraenequipo.com.mx\/reporta-fgje-deceso-del-ing-gilberto-gradias-coordinador-de-tics\/","name":"Sonora en Equipo. \u00a0Reporta FGJE deceso del \u00a0Ing. Gilberto Grad\u00edas coordinador de Tics","isPartOf":{"@id":"https:\/\/www.sonoraenequipo.com.mx\/#website"},"primaryImageOfPage":{"@id":"https:\/\/www.sonoraenequipo.com.mx\/reporta-fgje-deceso-del-ing-gilberto-gradias-coordinador-de-tics\/#primaryimage"},"image":{"@id":"https:\/\/www.sonoraenequipo.com.mx\/reporta-fgje-deceso-del-ing-gilberto-gradias-coordinador-de-tics\/#primaryimage"},"thumbnailUrl":"https:\/\/www.sonoraenequipo.com.mx\/storage\/2021\/03\/edificio-fgjsonora.jpg","datePublished":"2021-03-16T22:55:48+00:00","dateModified":"2021-03-16T23:39:12+00:00","description":"Con profundo pesar compartimos el fallecimiento de nuestro Coordinador General de Tecnolog\u00edas de la Informaci\u00f3n (Tics )ING. GILBERTO GRADIAS ENR\u00cdQUEZ En Sonora en Equipo publicamos toda la informaci\u00f3n de Sonora, M\u00e9xico y el Mundo de manera oportuna y busca que la libertad de expresi\u00f3n sea real. Visita nuestro medio informativo publicado desde Hermosillo, Sonora. %","breadcrumb":{"@id":"https:\/\/www.sonoraenequipo.com.mx\/reporta-fgje-deceso-del-ing-gilberto-gradias-coordinador-de-tics\/#breadcrumb"},"inLanguage":"es","potentialAction":[{"@type":"ReadAction","target":["https:\/\/www.sonoraenequipo.com.mx\/reporta-fgje-deceso-del-ing-gilberto-gradias-coordinador-de-tics\/"]}]},{"@type":"ImageObject","inLanguage":"es","@id":"https:\/\/www.sonoraenequipo.com.mx\/reporta-fgje-deceso-del-ing-gilberto-gradias-coordinador-de-tics\/#primaryimage","url":"https:\/\/www.sonoraenequipo.com.mx\/storage\/2021\/03\/edificio-fgjsonora.jpg","contentUrl":"https:\/\/www.sonoraenequipo.com.mx\/storage\/2021\/03\/edificio-fgjsonora.jpg","width":500,"height":300,"caption":"fachada del edificio de la fiscal\u00eda"},{"@type":"BreadcrumbList","@id":"https:\/\/www.sonoraenequipo.com.mx\/reporta-fgje-deceso-del-ing-gilberto-gradias-coordinador-de-tics\/#breadcrumb","itemListElement":[{"@type":"ListItem","position":1,"name":"Portada","item":"https:\/\/www.sonoraenequipo.com.mx\/"},{"@type":"ListItem","position":2,"name":"\u00a0Reporta FGJE deceso del \u00a0Ing. Gilberto Grad\u00edas coordinador de Tics"}]},{"@type":"WebSite","@id":"https:\/\/www.sonoraenequipo.com.mx\/#website","url":"https:\/\/www.sonoraenequipo.com.mx\/","name":"Sonora en Equipo.","description":"Diario en l\u00ednea con Noticias desde Hermosillo, Sonora","publisher":{"@id":"https:\/\/www.sonoraenequipo.com.mx\/#organization"},"potentialAction":[{"@type":"SearchAction","target":{"@type":"EntryPoint","urlTemplate":"https:\/\/www.sonoraenequipo.com.mx\/?s={search_term_string}"},"query-input":{"@type":"PropertyValueSpecification","valueRequired":true,"valueName":"search_term_string"}}],"inLanguage":"es"},{"@type":"Organization","@id":"https:\/\/www.sonoraenequipo.com.mx\/#organization","name":"Sonoraenequipo.com.mx","url":"https:\/\/www.sonoraenequipo.com.mx\/","logo":{"@type":"ImageObject","inLanguage":"es","@id":"https:\/\/www.sonoraenequipo.com.mx\/#\/schema\/logo\/image\/","url":"https:\/\/www.sonoraenequipo.com.mx\/storage\/2019\/01\/sonoraenequipo_opt.png","contentUrl":"https:\/\/www.sonoraenequipo.com.mx\/storage\/2019\/01\/sonoraenequipo_opt.png","width":375,"height":125,"caption":"Sonoraenequipo.com.mx"},"image":{"@id":"https:\/\/www.sonoraenequipo.com.mx\/#\/schema\/logo\/image\/"},"sameAs":["https:\/\/www.facebook.com\/SonoraEE\/","https:\/\/x.com\/sonoraenequipo","https:\/\/www.youtube.com\/channel\/UC338nW-lPEYmJQs4ZABQ1SQ"]},{"@type":"Person","@id":"https:\/\/www.sonoraenequipo.com.mx\/#\/schema\/person\/50102df0fb23a8fa9e8effad8fa81386","name":"enequipo","image":{"@type":"ImageObject","inLanguage":"es","@id":"https:\/\/www.sonoraenequipo.com.mx\/#\/schema\/person\/image\/","url":"https:\/\/secure.gravatar.com\/avatar\/049821681b589dabc0bc20695993ccebb09f5b5d4d790cd9251b97faac7c652b?s=96&d=blank&r=g","contentUrl":"https:\/\/secure.gravatar.com\/avatar\/049821681b589dabc0bc20695993ccebb09f5b5d4d790cd9251b97faac7c652b?s=96&d=blank&r=g","caption":"enequipo"},"sameAs":["https:\/\/www.facebook.com\/SonoraEE"]}]}},"jetpack_featured_media_url":"https:\/\/www.sonoraenequipo.com.mx\/storage\/2021\/03\/edificio-fgjsonora.jpg","_links":{"self":[{"href":"https:\/\/www.sonoraenequipo.com.mx\/api\/wp\/v2\/posts\/109280","targetHints":{"allow":["GET"]}}],"collection":[{"href":"https:\/\/www.sonoraenequipo.com.mx\/api\/wp\/v2\/posts"}],"about":[{"href":"https:\/\/www.sonoraenequipo.com.mx\/api\/wp\/v2\/types\/post"}],"author":[{"embeddable":true,"href":"https:\/\/www.sonoraenequipo.com.mx\/api\/wp\/v2\/users\/1"}],"replies":[{"embeddable":true,"href":"https:\/\/www.sonoraenequipo.com.mx\/api\/wp\/v2\/comments?post=109280"}],"version-history":[{"count":3,"href":"https:\/\/www.sonoraenequipo.com.mx\/api\/wp\/v2\/posts\/109280\/revisions"}],"predecessor-version":[{"id":109285,"href":"https:\/\/www.sonoraenequipo.com.mx\/api\/wp\/v2\/posts\/109280\/revisions\/109285"}],"wp:featuredmedia":[{"embeddable":true,"href":"https:\/\/www.sonoraenequipo.com.mx\/api\/wp\/v2\/media\/109281"}],"wp:attachment":[{"href":"https:\/\/www.sonoraenequipo.com.mx\/api\/wp\/v2\/media?parent=109280"}],"wp:term":[{"taxonomy":"category","embeddable":true,"href":"https:\/\/www.sonoraenequipo.com.mx\/api\/wp\/v2\/categories?post=109280"},{"taxonomy":"post_tag","embeddable":true,"href":"https:\/\/www.sonoraenequipo.com.mx\/api\/wp\/v2\/tags?post=109280"}],"curies":[{"name":"wp","href":"https:\/\/api.w.org\/{rel}","templated":true}]}}