{"id":109295,"date":"2021-03-16T17:00:18","date_gmt":"2021-03-17T00:00:18","guid":{"rendered":"https:\/\/www.sonoraenequipo.com.mx\/?p=109295"},"modified":"2021-03-18T12:55:04","modified_gmt":"2021-03-18T19:55:04","slug":"piden-a-la-union-europea-no-reconocer-elecciones-en-nicaragua-si-no-hay-condiciones-democraticas","status":"publish","type":"post","link":"https:\/\/www.sonoraenequipo.com.mx\/piden-a-la-union-europea-no-reconocer-elecciones-en-nicaragua-si-no-hay-condiciones-democraticas\/","title":{"rendered":"Piden a la Uni\u00f3n Europea no reconocer elecciones en Nicaragua si no hay condiciones democr\u00e1ticas"},"content":{"rendered":"<p>MANAGUA, NICARAGUA. \u2014<em> \u00abDe no darse esas condiciones\u00bb en las elecciones generales de noviembre pr\u00f3ximo, \u00abinstamos desde ya a que no se reconozca la legitimidad de ning\u00fan Gobierno que no nazca de la voluntad popular\u00bb<\/em>, abog\u00f3 Maradiaga, de la opositora Unidad Azul y Blanco, al hablar ante miembros del Parlamento Europeo sobre la situaci\u00f3n pol\u00edtica y de derechos humanos en Nicaragua de cara a los pr\u00f3ximos comicios.<\/p>\n<p>&nbsp;<\/p>\n<p> <\/p>\n<p>&nbsp;<\/p>\n<p>A juicio de Maradiaga, un acad\u00e9mico que estuvo exiliado en el marco de la crisis sociopol\u00edtica y de derechos humanos que vive Nicaragua desde abril de 2018, <em>\u00abal d\u00eda de hoy no existen condiciones para elecciones libres\u00bb.<\/em><\/p>\n<p>&nbsp;<\/p>\n<p>Sostuvo que el Gobierno del presidente Daniel Ortega \u00ab<em>teme un proceso electoral libre, participativo, con garant\u00edas y plena observaci\u00f3n internacional\u00bb y \u00abno ha cesado la represi\u00f3n\u00bb<\/em> contra los opositores.<\/p>\n<p>&nbsp;<\/p>\n<h3>En Nicaragua hay 126 mujeres y hombres presos pol\u00edticos<\/h3>\n<p>&nbsp;<\/p>\n<p>Entre otros, mencion\u00f3 que<em> \u00abhay 126 presas y presos pol\u00edticos en condiciones inhumanas, sufriendo torturas f\u00edsicas y psicol\u00f3gicas\u00bb<\/em>, de quienes exigi\u00f3 <em>\u00absu liberaci\u00f3n inmediata como una condici\u00f3n para un proceso electoral\u00bb.<\/em><\/p>\n<p>&nbsp;<\/p>\n<p>Adem\u00e1s, dijo que <em>\u00abse violan los derechos de prensa libre y de asociaci\u00f3n\u00bb y que no existen garant\u00edas para el retorno seguro y voluntario de las decenas de miles de nicarag\u00fcenses que se marcharon al exilio tras estallar la crisis, \u00abya que aquellos que han decidido regresar sufren acoso policial\u00bb.<\/em><\/p>\n<p>&nbsp;<\/p>\n<p>Tambi\u00e9n que no han cesado<em> \u00ablos asesinatos extrajudiciales de campesinos en las monta\u00f1as del norte de Nicaragua y de ind\u00edgenas de la Costa Caribe\u00bb,<\/em> por lo que exigi\u00f3 el <em>\u00abdesarme y cese inmediato de las actividades paramilitares y parapoliciales, realizadas por militantes del Frente Sandinista\u00bb<\/em> de Liberaci\u00f3n Nacional (FSLN).+<\/p>\n<p>&nbsp;<\/p>\n<p><em>\u00abExigimos el cese de las detenciones ilegales, arresto arbitrario y la intimidaci\u00f3n policial a integrantes de la oposici\u00f3n, a quienes se nos impide movilizarnos libremente e incluso salir de nuestras casas regularmente\u00bb<\/em>, continu\u00f3 Maradiaga, que denunci\u00f3 que <em>\u00abexiste una campa\u00f1a medi\u00e1tica permanente de desprestigio y odio contra la oposici\u00f3n y periodistas independientes, organizaciones de sociedad civil y medios\u00bb.<\/em><\/p>\n<p>&nbsp;<\/p>\n<h3>Si no hay Justicia, no hay democracia<\/h3>\n<p>&nbsp;<\/p>\n<p>Asegur\u00f3 que la fragmentada oposici\u00f3n est\u00e1 trabajando por la unidad alrededor de un proyecto de naci\u00f3n <em>\u00abque tenga a la justicia como pilar de la transici\u00f3n democr\u00e1tica\u00bb<\/em> y para ello demandan \u00ab<em>el derecho a participar en elecciones verdaderamente libres y no circos electorales como los del pasado, donde el fraude masivo ha sido la norma<\/em>\u00ab.<\/p>\n<p>&nbsp;<\/p>\n<p><em>\u00abDesde la Unidad Nacional y desde la Coalici\u00f3n Nacional estamos prepar\u00e1ndonos para ir a elecciones, pero no a cualquier elecci\u00f3n. La ciudadan\u00eda necesita garant\u00edas que su voz ser\u00e1 respetada y que el hecho de ejercer su voto no implicar\u00e1 una amenaza para su vida e integridad f\u00edsica\u00bb, i<\/em>ndic\u00f3.<\/p>\n<p>&nbsp;<\/p>\n<p>Maradiaga apel\u00f3 a la \u00absolidaridad democr\u00e1tica\u00bb en la <em>\u00ablucha por construir esa naci\u00f3n que ha recuperado su derecho de so\u00f1ar en grande y que puede y merece m\u00e1s\u00bb<\/em>, y reconoci\u00f3 el papel de la UE en la b\u00fasqueda de una soluci\u00f3n pac\u00edfica a la crisis <em>\u00abprovocada por un r\u00e9gimen antidemocr\u00e1tico, que con tal de mantener el poder que usurp\u00f3 pervirtiendo la Constituci\u00f3n\u00bb.<\/em><\/p>\n<p>&nbsp;<\/p>\n<p>Por su lado, el l\u00edder del Movimiento Campesino de Nicaragua Medardo Mairena, que guardo prisi\u00f3n en el marco de la crisis, afirm\u00f3 que <em>\u00abno ha cesado la represi\u00f3n ni tampoco la matanza de manera selectiva a los campesinos y territorios ind\u00edgenas\u00bb,<\/em> a pocos meses de las pr\u00f3ximas elecciones.<\/p>\n<p>&nbsp;<\/p>\n<h3>Piden acompa\u00f1amiento de la Uni\u00f3n Europea<\/h3>\n<p>&nbsp;<\/p>\n<p><em>\u00abSomos m\u00e1s de 100 l\u00edderes que hemos surgido que no nos permiten que podamos salir, en mi caso, tener Managua por c\u00e1rcel, otros casa por c\u00e1rcel\u00bb,<\/em> denunci\u00f3. Dijo que despu\u00e9s que fueron liberados, siguen siendo objeto de<em> \u00abpersecuci\u00f3n, acoso y amenazas\u00bb,<\/em> con el fin de que no se puedan organizar de cara a los pr\u00f3ximos comicios.<\/p>\n<p>&nbsp;<\/p>\n<p><em>\u00abNo existen condiciones para que podamos ir a un proceso electoral competitivo, que sea justo y transparente, como el pueblo de Nicaragua demanda\u00bb,<\/em> anot\u00f3 Mairena, que pidi\u00f3 al Parlamento Europeo acompa\u00f1amiento <em>\u00abpara permitir la entrada de organismos defensores de derechos humanos internacionales, que pueda haber reformas electorales, que pueda haber observadores nacionales e internacionales, para que pueda hacerse esa transici\u00f3n democr\u00e1tica\u00bb.<\/em><\/p>\n<p>&nbsp;<\/p>\n<p>Nicaragua, que atraviesa una crisis sociopol\u00edtica y de derechos humanos desde abril de 2018, tiene previsto celebrar elecciones generales el 7 de noviembre pr\u00f3ximo.<\/p>\n<p>&nbsp;<\/p>\n<p>(Publicada el 16\/03\/2021)<\/p>\n","protected":false},"excerpt":{"rendered":"<p>MANAGUA, NICARAGUA. \u2014 \u00abDe no darse esas condiciones\u00bb en las elecciones generales de noviembre pr\u00f3ximo,&#8230;<\/p>\n","protected":false},"author":1,"featured_media":109250,"comment_status":"open","ping_status":"open","sticky":false,"template":"","format":"standard","meta":{"_monsterinsights_skip_tracking":false,"_monsterinsights_sitenote_active":false,"_monsterinsights_sitenote_note":"","_monsterinsights_sitenote_category":0,"footnotes":""},"categories":[3],"tags":[],"class_list":["post"],"yoast_head":" \n<title>Sonora en Equipo. Piden a la Uni\u00f3n Europea no reconocer elecciones en Nicaragua si no hay condiciones democr\u00e1ticas MUNDO<\/title>\n<meta name=\"description\" content=\"MANAGUA, NICARAGUA. \u2014 &quot;De no darse esas condiciones&quot; en las elecciones generales de noviembre pr\u00f3ximo, &quot;instamos desde ya a que no se reconozca la En Sonora en Equipo publicamos toda la informaci\u00f3n de Sonora, M\u00e9xico y el Mundo de manera oportuna y busca que la libertad de expresi\u00f3n sea real. Visita nuestro medio informativo publicado desde Hermosillo, Sonora. %\" \/>\n<meta name=\"robots\" content=\"index, follow, max-snippet:-1, max-image-preview:large, max-video-preview:-1\" \/>\n<link rel=\"canonical\" href=\"https:\/\/www.sonoraenequipo.com.mx\/piden-a-la-union-europea-no-reconocer-elecciones-en-nicaragua-si-no-hay-condiciones-democraticas\/\" \/>\n<meta property=\"og:locale\" content=\"es_ES\" \/>\n<meta property=\"og:type\" content=\"article\" \/>\n<meta property=\"og:title\" content=\"Sonora en Equipo. Piden a la Uni\u00f3n Europea no reconocer elecciones en Nicaragua si no hay condiciones democr\u00e1ticas MUNDO\" \/>\n<meta property=\"og:description\" content=\"MANAGUA, NICARAGUA. \u2014 &quot;De no darse esas condiciones&quot; en las elecciones generales de noviembre pr\u00f3ximo, &quot;instamos desde ya a que no se reconozca la En Sonora en Equipo publicamos toda la informaci\u00f3n de Sonora, M\u00e9xico y el Mundo de manera oportuna y busca que la libertad de expresi\u00f3n sea real. Visita nuestro medio informativo publicado desde Hermosillo, Sonora. %\" \/>\n<meta property=\"og:url\" content=\"https:\/\/www.sonoraenequipo.com.mx\/piden-a-la-union-europea-no-reconocer-elecciones-en-nicaragua-si-no-hay-condiciones-democraticas\/\" \/>\n<meta property=\"og:site_name\" content=\"Sonora en Equipo.\" \/>\n<meta property=\"article:publisher\" content=\"https:\/\/www.facebook.com\/SonoraEE\/\" \/>\n<meta property=\"article:author\" content=\"https:\/\/www.facebook.com\/SonoraEE\" \/>\n<meta property=\"article:published_time\" content=\"2021-03-17T00:00:18+00:00\" \/>\n<meta property=\"article:modified_time\" content=\"2021-03-18T19:55:04+00:00\" \/>\n<meta property=\"og:image\" content=\"https:\/\/www.sonoraenequipo.com.mx\/storage\/2021\/03\/alianza-nicaragua_opt.jpg\" \/>\n\t<meta property=\"og:image:width\" content=\"711\" \/>\n\t<meta property=\"og:image:height\" content=\"400\" \/>\n\t<meta property=\"og:image:type\" content=\"image\/jpeg\" \/>\n<meta name=\"author\" content=\"enequipo\" \/>\n<meta name=\"twitter:card\" content=\"summary_large_image\" \/>\n<meta name=\"twitter:creator\" content=\"@sonoraenequipo\" \/>\n<meta name=\"twitter:site\" content=\"@sonoraenequipo\" \/>\n<meta name=\"twitter:label1\" content=\"Escrito por\" \/>\n\t<meta name=\"twitter:data1\" content=\"enequipo\" \/>\n\t<meta name=\"twitter:label2\" content=\"Tiempo de lectura\" \/>\n\t<meta name=\"twitter:data2\" content=\"4 minutos\" \/>\n<script type=\"application\/ld+json\" class=\"yoast-schema-graph\">{\"@context\":\"https:\/\/schema.org\",\"@graph\":[{\"@type\":\"Article\",\"@id\":\"https:\/\/www.sonoraenequipo.com.mx\/piden-a-la-union-europea-no-reconocer-elecciones-en-nicaragua-si-no-hay-condiciones-democraticas\/#article\",\"isPartOf\":{\"@id\":\"https:\/\/www.sonoraenequipo.com.mx\/piden-a-la-union-europea-no-reconocer-elecciones-en-nicaragua-si-no-hay-condiciones-democraticas\/\"},\"author\":{\"name\":\"enequipo\",\"@id\":\"https:\/\/www.sonoraenequipo.com.mx\/#\/schema\/person\/50102df0fb23a8fa9e8effad8fa81386\"},\"headline\":\"Piden a la Uni\u00f3n Europea no reconocer elecciones en Nicaragua si no hay condiciones democr\u00e1ticas\",\"datePublished\":\"2021-03-17T00:00:18+00:00\",\"dateModified\":\"2021-03-18T19:55:04+00:00\",\"mainEntityOfPage\":{\"@id\":\"https:\/\/www.sonoraenequipo.com.mx\/piden-a-la-union-europea-no-reconocer-elecciones-en-nicaragua-si-no-hay-condiciones-democraticas\/\"},\"wordCount\":796,\"commentCount\":0,\"publisher\":{\"@id\":\"https:\/\/www.sonoraenequipo.com.mx\/#organization\"},\"image\":{\"@id\":\"https:\/\/www.sonoraenequipo.com.mx\/piden-a-la-union-europea-no-reconocer-elecciones-en-nicaragua-si-no-hay-condiciones-democraticas\/#primaryimage\"},\"thumbnailUrl\":\"https:\/\/www.sonoraenequipo.com.mx\/storage\/2021\/03\/alianza-nicaragua_opt.jpg\",\"articleSection\":[\"MUNDO\"],\"inLanguage\":\"es\",\"potentialAction\":[{\"@type\":\"CommentAction\",\"name\":\"Comment\",\"target\":[\"https:\/\/www.sonoraenequipo.com.mx\/piden-a-la-union-europea-no-reconocer-elecciones-en-nicaragua-si-no-hay-condiciones-democraticas\/#respond\"]}]},{\"@type\":\"WebPage\",\"@id\":\"https:\/\/www.sonoraenequipo.com.mx\/piden-a-la-union-europea-no-reconocer-elecciones-en-nicaragua-si-no-hay-condiciones-democraticas\/\",\"url\":\"https:\/\/www.sonoraenequipo.com.mx\/piden-a-la-union-europea-no-reconocer-elecciones-en-nicaragua-si-no-hay-condiciones-democraticas\/\",\"name\":\"Sonora en Equipo. Piden a la Uni\u00f3n Europea no reconocer elecciones en Nicaragua si no hay condiciones democr\u00e1ticas MUNDO\",\"isPartOf\":{\"@id\":\"https:\/\/www.sonoraenequipo.com.mx\/#website\"},\"primaryImageOfPage\":{\"@id\":\"https:\/\/www.sonoraenequipo.com.mx\/piden-a-la-union-europea-no-reconocer-elecciones-en-nicaragua-si-no-hay-condiciones-democraticas\/#primaryimage\"},\"image\":{\"@id\":\"https:\/\/www.sonoraenequipo.com.mx\/piden-a-la-union-europea-no-reconocer-elecciones-en-nicaragua-si-no-hay-condiciones-democraticas\/#primaryimage\"},\"thumbnailUrl\":\"https:\/\/www.sonoraenequipo.com.mx\/storage\/2021\/03\/alianza-nicaragua_opt.jpg\",\"datePublished\":\"2021-03-17T00:00:18+00:00\",\"dateModified\":\"2021-03-18T19:55:04+00:00\",\"description\":\"MANAGUA, NICARAGUA. \u2014 \\\"De no darse esas condiciones\\\" en las elecciones generales de noviembre pr\u00f3ximo, \\\"instamos desde ya a que no se reconozca la En Sonora en Equipo publicamos toda la informaci\u00f3n de Sonora, M\u00e9xico y el Mundo de manera oportuna y busca que la libertad de expresi\u00f3n sea real. Visita nuestro medio informativo publicado desde Hermosillo, Sonora. %\",\"breadcrumb\":{\"@id\":\"https:\/\/www.sonoraenequipo.com.mx\/piden-a-la-union-europea-no-reconocer-elecciones-en-nicaragua-si-no-hay-condiciones-democraticas\/#breadcrumb\"},\"inLanguage\":\"es\",\"potentialAction\":[{\"@type\":\"ReadAction\",\"target\":[\"https:\/\/www.sonoraenequipo.com.mx\/piden-a-la-union-europea-no-reconocer-elecciones-en-nicaragua-si-no-hay-condiciones-democraticas\/\"]}]},{\"@type\":\"ImageObject\",\"inLanguage\":\"es\",\"@id\":\"https:\/\/www.sonoraenequipo.com.mx\/piden-a-la-union-europea-no-reconocer-elecciones-en-nicaragua-si-no-hay-condiciones-democraticas\/#primaryimage\",\"url\":\"https:\/\/www.sonoraenequipo.com.mx\/storage\/2021\/03\/alianza-nicaragua_opt.jpg\",\"contentUrl\":\"https:\/\/www.sonoraenequipo.com.mx\/storage\/2021\/03\/alianza-nicaragua_opt.jpg\",\"width\":711,\"height\":400},{\"@type\":\"BreadcrumbList\",\"@id\":\"https:\/\/www.sonoraenequipo.com.mx\/piden-a-la-union-europea-no-reconocer-elecciones-en-nicaragua-si-no-hay-condiciones-democraticas\/#breadcrumb\",\"itemListElement\":[{\"@type\":\"ListItem\",\"position\":1,\"name\":\"Portada\",\"item\":\"https:\/\/www.sonoraenequipo.com.mx\/\"},{\"@type\":\"ListItem\",\"position\":2,\"name\":\"Piden a la Uni\u00f3n Europea no reconocer elecciones en Nicaragua si no hay condiciones democr\u00e1ticas\"}]},{\"@type\":\"WebSite\",\"@id\":\"https:\/\/www.sonoraenequipo.com.mx\/#website\",\"url\":\"https:\/\/www.sonoraenequipo.com.mx\/\",\"name\":\"Sonora en Equipo.\",\"description\":\"Diario en l\u00ednea con Noticias desde Hermosillo, Sonora\",\"publisher\":{\"@id\":\"https:\/\/www.sonoraenequipo.com.mx\/#organization\"},\"potentialAction\":[{\"@type\":\"SearchAction\",\"target\":{\"@type\":\"EntryPoint\",\"urlTemplate\":\"https:\/\/www.sonoraenequipo.com.mx\/?s={search_term_string}\"},\"query-input\":{\"@type\":\"PropertyValueSpecification\",\"valueRequired\":true,\"valueName\":\"search_term_string\"}}],\"inLanguage\":\"es\"},{\"@type\":\"Organization\",\"@id\":\"https:\/\/www.sonoraenequipo.com.mx\/#organization\",\"name\":\"Sonoraenequipo.com.mx\",\"url\":\"https:\/\/www.sonoraenequipo.com.mx\/\",\"logo\":{\"@type\":\"ImageObject\",\"inLanguage\":\"es\",\"@id\":\"https:\/\/www.sonoraenequipo.com.mx\/#\/schema\/logo\/image\/\",\"url\":\"https:\/\/www.sonoraenequipo.com.mx\/storage\/2019\/01\/sonoraenequipo_opt.png\",\"contentUrl\":\"https:\/\/www.sonoraenequipo.com.mx\/storage\/2019\/01\/sonoraenequipo_opt.png\",\"width\":375,\"height\":125,\"caption\":\"Sonoraenequipo.com.mx\"},\"image\":{\"@id\":\"https:\/\/www.sonoraenequipo.com.mx\/#\/schema\/logo\/image\/\"},\"sameAs\":[\"https:\/\/www.facebook.com\/SonoraEE\/\",\"https:\/\/x.com\/sonoraenequipo\",\"https:\/\/www.youtube.com\/channel\/UC338nW-lPEYmJQs4ZABQ1SQ\"]},{\"@type\":\"Person\",\"@id\":\"https:\/\/www.sonoraenequipo.com.mx\/#\/schema\/person\/50102df0fb23a8fa9e8effad8fa81386\",\"name\":\"enequipo\",\"image\":{\"@type\":\"ImageObject\",\"inLanguage\":\"es\",\"@id\":\"https:\/\/www.sonoraenequipo.com.mx\/#\/schema\/person\/image\/\",\"url\":\"https:\/\/secure.gravatar.com\/avatar\/049821681b589dabc0bc20695993ccebb09f5b5d4d790cd9251b97faac7c652b?s=96&d=blank&r=g\",\"contentUrl\":\"https:\/\/secure.gravatar.com\/avatar\/049821681b589dabc0bc20695993ccebb09f5b5d4d790cd9251b97faac7c652b?s=96&d=blank&r=g\",\"caption\":\"enequipo\"},\"sameAs\":[\"https:\/\/www.facebook.com\/SonoraEE\"]}]}<\/script>\n ","yoast_head_json":{"title":"Sonora en Equipo. Piden a la Uni\u00f3n Europea no reconocer elecciones en Nicaragua si no hay condiciones democr\u00e1ticas MUNDO","description":"MANAGUA, NICARAGUA. \u2014 \"De no darse esas condiciones\" en las elecciones generales de noviembre pr\u00f3ximo, \"instamos desde ya a que no se reconozca la En Sonora en Equipo publicamos toda la informaci\u00f3n de Sonora, M\u00e9xico y el Mundo de manera oportuna y busca que la libertad de expresi\u00f3n sea real. Visita nuestro medio informativo publicado desde Hermosillo, Sonora. %","robots":{"index":"index","follow":"follow","max-snippet":"max-snippet:-1","max-image-preview":"max-image-preview:large","max-video-preview":"max-video-preview:-1"},"canonical":"https:\/\/www.sonoraenequipo.com.mx\/piden-a-la-union-europea-no-reconocer-elecciones-en-nicaragua-si-no-hay-condiciones-democraticas\/","og_locale":"es_ES","og_type":"article","og_title":"Sonora en Equipo. Piden a la Uni\u00f3n Europea no reconocer elecciones en Nicaragua si no hay condiciones democr\u00e1ticas MUNDO","og_description":"MANAGUA, NICARAGUA. \u2014 \"De no darse esas condiciones\" en las elecciones generales de noviembre pr\u00f3ximo, \"instamos desde ya a que no se reconozca la En Sonora en Equipo publicamos toda la informaci\u00f3n de Sonora, M\u00e9xico y el Mundo de manera oportuna y busca que la libertad de expresi\u00f3n sea real. Visita nuestro medio informativo publicado desde Hermosillo, Sonora. %","og_url":"https:\/\/www.sonoraenequipo.com.mx\/piden-a-la-union-europea-no-reconocer-elecciones-en-nicaragua-si-no-hay-condiciones-democraticas\/","og_site_name":"Sonora en Equipo.","article_publisher":"https:\/\/www.facebook.com\/SonoraEE\/","article_author":"https:\/\/www.facebook.com\/SonoraEE","article_published_time":"2021-03-17T00:00:18+00:00","article_modified_time":"2021-03-18T19:55:04+00:00","og_image":[{"width":711,"height":400,"url":"https:\/\/www.sonoraenequipo.com.mx\/storage\/2021\/03\/alianza-nicaragua_opt.jpg","type":"image\/jpeg"}],"author":"enequipo","twitter_card":"summary_large_image","twitter_creator":"@sonoraenequipo","twitter_site":"@sonoraenequipo","twitter_misc":{"Escrito por":"enequipo","Tiempo de lectura":"4 minutos"},"schema":{"@context":"https:\/\/schema.org","@graph":[{"@type":"Article","@id":"https:\/\/www.sonoraenequipo.com.mx\/piden-a-la-union-europea-no-reconocer-elecciones-en-nicaragua-si-no-hay-condiciones-democraticas\/#article","isPartOf":{"@id":"https:\/\/www.sonoraenequipo.com.mx\/piden-a-la-union-europea-no-reconocer-elecciones-en-nicaragua-si-no-hay-condiciones-democraticas\/"},"author":{"name":"enequipo","@id":"https:\/\/www.sonoraenequipo.com.mx\/#\/schema\/person\/50102df0fb23a8fa9e8effad8fa81386"},"headline":"Piden a la Uni\u00f3n Europea no reconocer elecciones en Nicaragua si no hay condiciones democr\u00e1ticas","datePublished":"2021-03-17T00:00:18+00:00","dateModified":"2021-03-18T19:55:04+00:00","mainEntityOfPage":{"@id":"https:\/\/www.sonoraenequipo.com.mx\/piden-a-la-union-europea-no-reconocer-elecciones-en-nicaragua-si-no-hay-condiciones-democraticas\/"},"wordCount":796,"commentCount":0,"publisher":{"@id":"https:\/\/www.sonoraenequipo.com.mx\/#organization"},"image":{"@id":"https:\/\/www.sonoraenequipo.com.mx\/piden-a-la-union-europea-no-reconocer-elecciones-en-nicaragua-si-no-hay-condiciones-democraticas\/#primaryimage"},"thumbnailUrl":"https:\/\/www.sonoraenequipo.com.mx\/storage\/2021\/03\/alianza-nicaragua_opt.jpg","articleSection":["MUNDO"],"inLanguage":"es","potentialAction":[{"@type":"CommentAction","name":"Comment","target":["https:\/\/www.sonoraenequipo.com.mx\/piden-a-la-union-europea-no-reconocer-elecciones-en-nicaragua-si-no-hay-condiciones-democraticas\/#respond"]}]},{"@type":"WebPage","@id":"https:\/\/www.sonoraenequipo.com.mx\/piden-a-la-union-europea-no-reconocer-elecciones-en-nicaragua-si-no-hay-condiciones-democraticas\/","url":"https:\/\/www.sonoraenequipo.com.mx\/piden-a-la-union-europea-no-reconocer-elecciones-en-nicaragua-si-no-hay-condiciones-democraticas\/","name":"Sonora en Equipo. Piden a la Uni\u00f3n Europea no reconocer elecciones en Nicaragua si no hay condiciones democr\u00e1ticas MUNDO","isPartOf":{"@id":"https:\/\/www.sonoraenequipo.com.mx\/#website"},"primaryImageOfPage":{"@id":"https:\/\/www.sonoraenequipo.com.mx\/piden-a-la-union-europea-no-reconocer-elecciones-en-nicaragua-si-no-hay-condiciones-democraticas\/#primaryimage"},"image":{"@id":"https:\/\/www.sonoraenequipo.com.mx\/piden-a-la-union-europea-no-reconocer-elecciones-en-nicaragua-si-no-hay-condiciones-democraticas\/#primaryimage"},"thumbnailUrl":"https:\/\/www.sonoraenequipo.com.mx\/storage\/2021\/03\/alianza-nicaragua_opt.jpg","datePublished":"2021-03-17T00:00:18+00:00","dateModified":"2021-03-18T19:55:04+00:00","description":"MANAGUA, NICARAGUA. \u2014 \"De no darse esas condiciones\" en las elecciones generales de noviembre pr\u00f3ximo, \"instamos desde ya a que no se reconozca la En Sonora en Equipo publicamos toda la informaci\u00f3n de Sonora, M\u00e9xico y el Mundo de manera oportuna y busca que la libertad de expresi\u00f3n sea real. Visita nuestro medio informativo publicado desde Hermosillo, Sonora. %","breadcrumb":{"@id":"https:\/\/www.sonoraenequipo.com.mx\/piden-a-la-union-europea-no-reconocer-elecciones-en-nicaragua-si-no-hay-condiciones-democraticas\/#breadcrumb"},"inLanguage":"es","potentialAction":[{"@type":"ReadAction","target":["https:\/\/www.sonoraenequipo.com.mx\/piden-a-la-union-europea-no-reconocer-elecciones-en-nicaragua-si-no-hay-condiciones-democraticas\/"]}]},{"@type":"ImageObject","inLanguage":"es","@id":"https:\/\/www.sonoraenequipo.com.mx\/piden-a-la-union-europea-no-reconocer-elecciones-en-nicaragua-si-no-hay-condiciones-democraticas\/#primaryimage","url":"https:\/\/www.sonoraenequipo.com.mx\/storage\/2021\/03\/alianza-nicaragua_opt.jpg","contentUrl":"https:\/\/www.sonoraenequipo.com.mx\/storage\/2021\/03\/alianza-nicaragua_opt.jpg","width":711,"height":400},{"@type":"BreadcrumbList","@id":"https:\/\/www.sonoraenequipo.com.mx\/piden-a-la-union-europea-no-reconocer-elecciones-en-nicaragua-si-no-hay-condiciones-democraticas\/#breadcrumb","itemListElement":[{"@type":"ListItem","position":1,"name":"Portada","item":"https:\/\/www.sonoraenequipo.com.mx\/"},{"@type":"ListItem","position":2,"name":"Piden a la Uni\u00f3n Europea no reconocer elecciones en Nicaragua si no hay condiciones democr\u00e1ticas"}]},{"@type":"WebSite","@id":"https:\/\/www.sonoraenequipo.com.mx\/#website","url":"https:\/\/www.sonoraenequipo.com.mx\/","name":"Sonora en Equipo.","description":"Diario en l\u00ednea con Noticias desde Hermosillo, Sonora","publisher":{"@id":"https:\/\/www.sonoraenequipo.com.mx\/#organization"},"potentialAction":[{"@type":"SearchAction","target":{"@type":"EntryPoint","urlTemplate":"https:\/\/www.sonoraenequipo.com.mx\/?s={search_term_string}"},"query-input":{"@type":"PropertyValueSpecification","valueRequired":true,"valueName":"search_term_string"}}],"inLanguage":"es"},{"@type":"Organization","@id":"https:\/\/www.sonoraenequipo.com.mx\/#organization","name":"Sonoraenequipo.com.mx","url":"https:\/\/www.sonoraenequipo.com.mx\/","logo":{"@type":"ImageObject","inLanguage":"es","@id":"https:\/\/www.sonoraenequipo.com.mx\/#\/schema\/logo\/image\/","url":"https:\/\/www.sonoraenequipo.com.mx\/storage\/2019\/01\/sonoraenequipo_opt.png","contentUrl":"https:\/\/www.sonoraenequipo.com.mx\/storage\/2019\/01\/sonoraenequipo_opt.png","width":375,"height":125,"caption":"Sonoraenequipo.com.mx"},"image":{"@id":"https:\/\/www.sonoraenequipo.com.mx\/#\/schema\/logo\/image\/"},"sameAs":["https:\/\/www.facebook.com\/SonoraEE\/","https:\/\/x.com\/sonoraenequipo","https:\/\/www.youtube.com\/channel\/UC338nW-lPEYmJQs4ZABQ1SQ"]},{"@type":"Person","@id":"https:\/\/www.sonoraenequipo.com.mx\/#\/schema\/person\/50102df0fb23a8fa9e8effad8fa81386","name":"enequipo","image":{"@type":"ImageObject","inLanguage":"es","@id":"https:\/\/www.sonoraenequipo.com.mx\/#\/schema\/person\/image\/","url":"https:\/\/secure.gravatar.com\/avatar\/049821681b589dabc0bc20695993ccebb09f5b5d4d790cd9251b97faac7c652b?s=96&d=blank&r=g","contentUrl":"https:\/\/secure.gravatar.com\/avatar\/049821681b589dabc0bc20695993ccebb09f5b5d4d790cd9251b97faac7c652b?s=96&d=blank&r=g","caption":"enequipo"},"sameAs":["https:\/\/www.facebook.com\/SonoraEE"]}]}},"jetpack_featured_media_url":"https:\/\/www.sonoraenequipo.com.mx\/storage\/2021\/03\/alianza-nicaragua_opt.jpg","_links":{"self":[{"href":"https:\/\/www.sonoraenequipo.com.mx\/api\/wp\/v2\/posts\/109295","targetHints":{"allow":["GET"]}}],"collection":[{"href":"https:\/\/www.sonoraenequipo.com.mx\/api\/wp\/v2\/posts"}],"about":[{"href":"https:\/\/www.sonoraenequipo.com.mx\/api\/wp\/v2\/types\/post"}],"author":[{"embeddable":true,"href":"https:\/\/www.sonoraenequipo.com.mx\/api\/wp\/v2\/users\/1"}],"replies":[{"embeddable":true,"href":"https:\/\/www.sonoraenequipo.com.mx\/api\/wp\/v2\/comments?post=109295"}],"version-history":[{"count":1,"href":"https:\/\/www.sonoraenequipo.com.mx\/api\/wp\/v2\/posts\/109295\/revisions"}],"predecessor-version":[{"id":109296,"href":"https:\/\/www.sonoraenequipo.com.mx\/api\/wp\/v2\/posts\/109295\/revisions\/109296"}],"wp:featuredmedia":[{"embeddable":true,"href":"https:\/\/www.sonoraenequipo.com.mx\/api\/wp\/v2\/media\/109250"}],"wp:attachment":[{"href":"https:\/\/www.sonoraenequipo.com.mx\/api\/wp\/v2\/media?parent=109295"}],"wp:term":[{"taxonomy":"category","embeddable":true,"href":"https:\/\/www.sonoraenequipo.com.mx\/api\/wp\/v2\/categories?post=109295"},{"taxonomy":"post_tag","embeddable":true,"href":"https:\/\/www.sonoraenequipo.com.mx\/api\/wp\/v2\/tags?post=109295"}],"curies":[{"name":"wp","href":"https:\/\/api.w.org\/{rel}","templated":true}]}}