{"id":109299,"date":"2021-03-16T17:35:08","date_gmt":"2021-03-17T00:35:08","guid":{"rendered":"https:\/\/www.sonoraenequipo.com.mx\/?p=109299"},"modified":"2021-03-16T17:36:00","modified_gmt":"2021-03-17T00:36:00","slug":"sindicato-nacional-minero-interpondra-amparo-para-que-mineros-sean-vacunados-contra-el-covid-a-la-brevedad","status":"publish","type":"post","link":"https:\/\/www.sonoraenequipo.com.mx\/sindicato-nacional-minero-interpondra-amparo-para-que-mineros-sean-vacunados-contra-el-covid-a-la-brevedad\/","title":{"rendered":"Sindicato nacional minero interpondr\u00e1 amparo para que mineros sean vacunados contra el covid a la brevedad"},"content":{"rendered":"<p>CIUDAD DE M\u00c9XICO.\u2500\u00a0 El Sindicato Nacional Minero Metal\u00fargico FRENTE presentar\u00e1 este mi\u00e9rcoles 17 de marzo, a las 13 horas tiempo del centro, ante el Tribunal Superior de Justicia Administrativa, un amparo en contra de las autoridades Federales y locales, encargadas de la aplicaci\u00f3n de la vacuna contra el Covid-19. En este\u00a0 amparo, el primero de su tipo que presenta un sindicato, se busca que la aplicaci\u00f3n de la vacuna se realice\u00a0 lo m\u00e1s pronto posible en favor del sector minero del FRENTE. EL amparo lo presentar\u00e1 el Secretario General del FRENTE, y. Diputado Federal, Carlos Pav\u00f3n Campos<img loading=\"lazy\" decoding=\"async\" class=\"size-full  x-center\" src=\"https:\/\/www.sonoraenequipo.com.mx\/storage\/2021\/03\/carlos-pavon.jpg\" alt=\"\" width=\"450\" height=\"253\" \/><\/p>\n<p>Fecha de publicaci\u00f3n\u00a0 martes 16 \/marzo\/2021<\/p>\n","protected":false},"excerpt":{"rendered":"<p>CIUDAD DE M\u00c9XICO.\u2500\u00a0 El Sindicato Nacional Minero Metal\u00fargico FRENTE presentar\u00e1 este mi\u00e9rcoles 17 de marzo,&#8230;<\/p>\n","protected":false},"author":1,"featured_media":109300,"comment_status":"open","ping_status":"open","sticky":false,"template":"","format":"standard","meta":{"_monsterinsights_skip_tracking":false,"_monsterinsights_sitenote_active":false,"_monsterinsights_sitenote_note":"","_monsterinsights_sitenote_category":0,"footnotes":""},"categories":[5],"tags":[4249,5501],"class_list":["post"],"yoast_head":" \n<title>Sonora en Equipo. Sindicato nacional minero interpondr\u00e1 amparo para que mineros sean vacunados contra el covid a la brevedad Rep\u00fablica<\/title>\n<meta name=\"description\" content=\"CIUDAD DE M\u00c9XICO.\u2500\u00a0 El Sindicato Nacional Minero Metal\u00fargico FRENTE presentar\u00e1 este mi\u00e9rcoles 17 de marzo, a las 13 horas tiempo del centro, ante el En Sonora en Equipo publicamos toda la informaci\u00f3n de Sonora, M\u00e9xico y el Mundo de manera oportuna y busca que la libertad de expresi\u00f3n sea real. Visita nuestro medio informativo publicado desde Hermosillo, Sonora. %\" \/>\n<meta name=\"robots\" content=\"index, follow, max-snippet:-1, max-image-preview:large, max-video-preview:-1\" \/>\n<link rel=\"canonical\" href=\"https:\/\/www.sonoraenequipo.com.mx\/sindicato-nacional-minero-interpondra-amparo-para-que-mineros-sean-vacunados-contra-el-covid-a-la-brevedad\/\" \/>\n<meta property=\"og:locale\" content=\"es_ES\" \/>\n<meta property=\"og:type\" content=\"article\" \/>\n<meta property=\"og:title\" content=\"Sonora en Equipo. Sindicato nacional minero interpondr\u00e1 amparo para que mineros sean vacunados contra el covid a la brevedad Rep\u00fablica\" \/>\n<meta property=\"og:description\" content=\"CIUDAD DE M\u00c9XICO.\u2500\u00a0 El Sindicato Nacional Minero Metal\u00fargico FRENTE presentar\u00e1 este mi\u00e9rcoles 17 de marzo, a las 13 horas tiempo del centro, ante el En Sonora en Equipo publicamos toda la informaci\u00f3n de Sonora, M\u00e9xico y el Mundo de manera oportuna y busca que la libertad de expresi\u00f3n sea real. Visita nuestro medio informativo publicado desde Hermosillo, Sonora. %\" \/>\n<meta property=\"og:url\" content=\"https:\/\/www.sonoraenequipo.com.mx\/sindicato-nacional-minero-interpondra-amparo-para-que-mineros-sean-vacunados-contra-el-covid-a-la-brevedad\/\" \/>\n<meta property=\"og:site_name\" content=\"Sonora en Equipo.\" \/>\n<meta property=\"article:publisher\" content=\"https:\/\/www.facebook.com\/SonoraEE\/\" \/>\n<meta property=\"article:author\" content=\"https:\/\/www.facebook.com\/SonoraEE\" \/>\n<meta property=\"article:published_time\" content=\"2021-03-17T00:35:08+00:00\" \/>\n<meta property=\"article:modified_time\" content=\"2021-03-17T00:36:00+00:00\" \/>\n<meta property=\"og:image\" content=\"https:\/\/www.sonoraenequipo.com.mx\/storage\/2021\/03\/mineros.jpg\" \/>\n\t<meta property=\"og:image:width\" content=\"500\" \/>\n\t<meta property=\"og:image:height\" content=\"300\" \/>\n\t<meta property=\"og:image:type\" content=\"image\/jpeg\" \/>\n<meta name=\"author\" content=\"enequipo\" \/>\n<meta name=\"twitter:card\" content=\"summary_large_image\" \/>\n<meta name=\"twitter:creator\" content=\"@sonoraenequipo\" \/>\n<meta name=\"twitter:site\" content=\"@sonoraenequipo\" \/>\n<meta name=\"twitter:label1\" content=\"Escrito por\" \/>\n\t<meta name=\"twitter:data1\" content=\"enequipo\" \/>\n\t<meta name=\"twitter:label2\" content=\"Tiempo de lectura\" \/>\n\t<meta name=\"twitter:data2\" content=\"1 minuto\" \/>\n<script type=\"application\/ld+json\" class=\"yoast-schema-graph\">{\"@context\":\"https:\/\/schema.org\",\"@graph\":[{\"@type\":\"Article\",\"@id\":\"https:\/\/www.sonoraenequipo.com.mx\/sindicato-nacional-minero-interpondra-amparo-para-que-mineros-sean-vacunados-contra-el-covid-a-la-brevedad\/#article\",\"isPartOf\":{\"@id\":\"https:\/\/www.sonoraenequipo.com.mx\/sindicato-nacional-minero-interpondra-amparo-para-que-mineros-sean-vacunados-contra-el-covid-a-la-brevedad\/\"},\"author\":{\"name\":\"enequipo\",\"@id\":\"https:\/\/www.sonoraenequipo.com.mx\/#\/schema\/person\/50102df0fb23a8fa9e8effad8fa81386\"},\"headline\":\"Sindicato nacional minero interpondr\u00e1 amparo para que mineros sean vacunados contra el covid a la brevedad\",\"datePublished\":\"2021-03-17T00:35:08+00:00\",\"dateModified\":\"2021-03-17T00:36:00+00:00\",\"mainEntityOfPage\":{\"@id\":\"https:\/\/www.sonoraenequipo.com.mx\/sindicato-nacional-minero-interpondra-amparo-para-que-mineros-sean-vacunados-contra-el-covid-a-la-brevedad\/\"},\"wordCount\":124,\"commentCount\":0,\"publisher\":{\"@id\":\"https:\/\/www.sonoraenequipo.com.mx\/#organization\"},\"image\":{\"@id\":\"https:\/\/www.sonoraenequipo.com.mx\/sindicato-nacional-minero-interpondra-amparo-para-que-mineros-sean-vacunados-contra-el-covid-a-la-brevedad\/#primaryimage\"},\"thumbnailUrl\":\"https:\/\/www.sonoraenequipo.com.mx\/storage\/2021\/03\/mineros.jpg\",\"keywords\":[\"covid\",\"MINEROS\"],\"articleSection\":[\"Rep\u00fablica\"],\"inLanguage\":\"es\",\"potentialAction\":[{\"@type\":\"CommentAction\",\"name\":\"Comment\",\"target\":[\"https:\/\/www.sonoraenequipo.com.mx\/sindicato-nacional-minero-interpondra-amparo-para-que-mineros-sean-vacunados-contra-el-covid-a-la-brevedad\/#respond\"]}]},{\"@type\":\"WebPage\",\"@id\":\"https:\/\/www.sonoraenequipo.com.mx\/sindicato-nacional-minero-interpondra-amparo-para-que-mineros-sean-vacunados-contra-el-covid-a-la-brevedad\/\",\"url\":\"https:\/\/www.sonoraenequipo.com.mx\/sindicato-nacional-minero-interpondra-amparo-para-que-mineros-sean-vacunados-contra-el-covid-a-la-brevedad\/\",\"name\":\"Sonora en Equipo. Sindicato nacional minero interpondr\u00e1 amparo para que mineros sean vacunados contra el covid a la brevedad Rep\u00fablica\",\"isPartOf\":{\"@id\":\"https:\/\/www.sonoraenequipo.com.mx\/#website\"},\"primaryImageOfPage\":{\"@id\":\"https:\/\/www.sonoraenequipo.com.mx\/sindicato-nacional-minero-interpondra-amparo-para-que-mineros-sean-vacunados-contra-el-covid-a-la-brevedad\/#primaryimage\"},\"image\":{\"@id\":\"https:\/\/www.sonoraenequipo.com.mx\/sindicato-nacional-minero-interpondra-amparo-para-que-mineros-sean-vacunados-contra-el-covid-a-la-brevedad\/#primaryimage\"},\"thumbnailUrl\":\"https:\/\/www.sonoraenequipo.com.mx\/storage\/2021\/03\/mineros.jpg\",\"datePublished\":\"2021-03-17T00:35:08+00:00\",\"dateModified\":\"2021-03-17T00:36:00+00:00\",\"description\":\"CIUDAD DE M\u00c9XICO.\u2500\u00a0 El Sindicato Nacional Minero Metal\u00fargico FRENTE presentar\u00e1 este mi\u00e9rcoles 17 de marzo, a las 13 horas tiempo del centro, ante el En Sonora en Equipo publicamos toda la informaci\u00f3n de Sonora, M\u00e9xico y el Mundo de manera oportuna y busca que la libertad de expresi\u00f3n sea real. Visita nuestro medio informativo publicado desde Hermosillo, Sonora. %\",\"breadcrumb\":{\"@id\":\"https:\/\/www.sonoraenequipo.com.mx\/sindicato-nacional-minero-interpondra-amparo-para-que-mineros-sean-vacunados-contra-el-covid-a-la-brevedad\/#breadcrumb\"},\"inLanguage\":\"es\",\"potentialAction\":[{\"@type\":\"ReadAction\",\"target\":[\"https:\/\/www.sonoraenequipo.com.mx\/sindicato-nacional-minero-interpondra-amparo-para-que-mineros-sean-vacunados-contra-el-covid-a-la-brevedad\/\"]}]},{\"@type\":\"ImageObject\",\"inLanguage\":\"es\",\"@id\":\"https:\/\/www.sonoraenequipo.com.mx\/sindicato-nacional-minero-interpondra-amparo-para-que-mineros-sean-vacunados-contra-el-covid-a-la-brevedad\/#primaryimage\",\"url\":\"https:\/\/www.sonoraenequipo.com.mx\/storage\/2021\/03\/mineros.jpg\",\"contentUrl\":\"https:\/\/www.sonoraenequipo.com.mx\/storage\/2021\/03\/mineros.jpg\",\"width\":500,\"height\":300},{\"@type\":\"BreadcrumbList\",\"@id\":\"https:\/\/www.sonoraenequipo.com.mx\/sindicato-nacional-minero-interpondra-amparo-para-que-mineros-sean-vacunados-contra-el-covid-a-la-brevedad\/#breadcrumb\",\"itemListElement\":[{\"@type\":\"ListItem\",\"position\":1,\"name\":\"Portada\",\"item\":\"https:\/\/www.sonoraenequipo.com.mx\/\"},{\"@type\":\"ListItem\",\"position\":2,\"name\":\"Sindicato nacional minero interpondr\u00e1 amparo para que mineros sean vacunados contra el covid a la brevedad\"}]},{\"@type\":\"WebSite\",\"@id\":\"https:\/\/www.sonoraenequipo.com.mx\/#website\",\"url\":\"https:\/\/www.sonoraenequipo.com.mx\/\",\"name\":\"Sonora en Equipo.\",\"description\":\"Diario en l\u00ednea con Noticias desde Hermosillo, Sonora\",\"publisher\":{\"@id\":\"https:\/\/www.sonoraenequipo.com.mx\/#organization\"},\"potentialAction\":[{\"@type\":\"SearchAction\",\"target\":{\"@type\":\"EntryPoint\",\"urlTemplate\":\"https:\/\/www.sonoraenequipo.com.mx\/?s={search_term_string}\"},\"query-input\":{\"@type\":\"PropertyValueSpecification\",\"valueRequired\":true,\"valueName\":\"search_term_string\"}}],\"inLanguage\":\"es\"},{\"@type\":\"Organization\",\"@id\":\"https:\/\/www.sonoraenequipo.com.mx\/#organization\",\"name\":\"Sonoraenequipo.com.mx\",\"url\":\"https:\/\/www.sonoraenequipo.com.mx\/\",\"logo\":{\"@type\":\"ImageObject\",\"inLanguage\":\"es\",\"@id\":\"https:\/\/www.sonoraenequipo.com.mx\/#\/schema\/logo\/image\/\",\"url\":\"https:\/\/www.sonoraenequipo.com.mx\/storage\/2019\/01\/sonoraenequipo_opt.png\",\"contentUrl\":\"https:\/\/www.sonoraenequipo.com.mx\/storage\/2019\/01\/sonoraenequipo_opt.png\",\"width\":375,\"height\":125,\"caption\":\"Sonoraenequipo.com.mx\"},\"image\":{\"@id\":\"https:\/\/www.sonoraenequipo.com.mx\/#\/schema\/logo\/image\/\"},\"sameAs\":[\"https:\/\/www.facebook.com\/SonoraEE\/\",\"https:\/\/x.com\/sonoraenequipo\",\"https:\/\/www.youtube.com\/channel\/UC338nW-lPEYmJQs4ZABQ1SQ\"]},{\"@type\":\"Person\",\"@id\":\"https:\/\/www.sonoraenequipo.com.mx\/#\/schema\/person\/50102df0fb23a8fa9e8effad8fa81386\",\"name\":\"enequipo\",\"image\":{\"@type\":\"ImageObject\",\"inLanguage\":\"es\",\"@id\":\"https:\/\/www.sonoraenequipo.com.mx\/#\/schema\/person\/image\/\",\"url\":\"https:\/\/secure.gravatar.com\/avatar\/049821681b589dabc0bc20695993ccebb09f5b5d4d790cd9251b97faac7c652b?s=96&d=blank&r=g\",\"contentUrl\":\"https:\/\/secure.gravatar.com\/avatar\/049821681b589dabc0bc20695993ccebb09f5b5d4d790cd9251b97faac7c652b?s=96&d=blank&r=g\",\"caption\":\"enequipo\"},\"sameAs\":[\"https:\/\/www.facebook.com\/SonoraEE\"]}]}<\/script>\n ","yoast_head_json":{"title":"Sonora en Equipo. Sindicato nacional minero interpondr\u00e1 amparo para que mineros sean vacunados contra el covid a la brevedad Rep\u00fablica","description":"CIUDAD DE M\u00c9XICO.\u2500\u00a0 El Sindicato Nacional Minero Metal\u00fargico FRENTE presentar\u00e1 este mi\u00e9rcoles 17 de marzo, a las 13 horas tiempo del centro, ante el En Sonora en Equipo publicamos toda la informaci\u00f3n de Sonora, M\u00e9xico y el Mundo de manera oportuna y busca que la libertad de expresi\u00f3n sea real. Visita nuestro medio informativo publicado desde Hermosillo, Sonora. %","robots":{"index":"index","follow":"follow","max-snippet":"max-snippet:-1","max-image-preview":"max-image-preview:large","max-video-preview":"max-video-preview:-1"},"canonical":"https:\/\/www.sonoraenequipo.com.mx\/sindicato-nacional-minero-interpondra-amparo-para-que-mineros-sean-vacunados-contra-el-covid-a-la-brevedad\/","og_locale":"es_ES","og_type":"article","og_title":"Sonora en Equipo. Sindicato nacional minero interpondr\u00e1 amparo para que mineros sean vacunados contra el covid a la brevedad Rep\u00fablica","og_description":"CIUDAD DE M\u00c9XICO.\u2500\u00a0 El Sindicato Nacional Minero Metal\u00fargico FRENTE presentar\u00e1 este mi\u00e9rcoles 17 de marzo, a las 13 horas tiempo del centro, ante el En Sonora en Equipo publicamos toda la informaci\u00f3n de Sonora, M\u00e9xico y el Mundo de manera oportuna y busca que la libertad de expresi\u00f3n sea real. Visita nuestro medio informativo publicado desde Hermosillo, Sonora. %","og_url":"https:\/\/www.sonoraenequipo.com.mx\/sindicato-nacional-minero-interpondra-amparo-para-que-mineros-sean-vacunados-contra-el-covid-a-la-brevedad\/","og_site_name":"Sonora en Equipo.","article_publisher":"https:\/\/www.facebook.com\/SonoraEE\/","article_author":"https:\/\/www.facebook.com\/SonoraEE","article_published_time":"2021-03-17T00:35:08+00:00","article_modified_time":"2021-03-17T00:36:00+00:00","og_image":[{"width":500,"height":300,"url":"https:\/\/www.sonoraenequipo.com.mx\/storage\/2021\/03\/mineros.jpg","type":"image\/jpeg"}],"author":"enequipo","twitter_card":"summary_large_image","twitter_creator":"@sonoraenequipo","twitter_site":"@sonoraenequipo","twitter_misc":{"Escrito por":"enequipo","Tiempo de lectura":"1 minuto"},"schema":{"@context":"https:\/\/schema.org","@graph":[{"@type":"Article","@id":"https:\/\/www.sonoraenequipo.com.mx\/sindicato-nacional-minero-interpondra-amparo-para-que-mineros-sean-vacunados-contra-el-covid-a-la-brevedad\/#article","isPartOf":{"@id":"https:\/\/www.sonoraenequipo.com.mx\/sindicato-nacional-minero-interpondra-amparo-para-que-mineros-sean-vacunados-contra-el-covid-a-la-brevedad\/"},"author":{"name":"enequipo","@id":"https:\/\/www.sonoraenequipo.com.mx\/#\/schema\/person\/50102df0fb23a8fa9e8effad8fa81386"},"headline":"Sindicato nacional minero interpondr\u00e1 amparo para que mineros sean vacunados contra el covid a la brevedad","datePublished":"2021-03-17T00:35:08+00:00","dateModified":"2021-03-17T00:36:00+00:00","mainEntityOfPage":{"@id":"https:\/\/www.sonoraenequipo.com.mx\/sindicato-nacional-minero-interpondra-amparo-para-que-mineros-sean-vacunados-contra-el-covid-a-la-brevedad\/"},"wordCount":124,"commentCount":0,"publisher":{"@id":"https:\/\/www.sonoraenequipo.com.mx\/#organization"},"image":{"@id":"https:\/\/www.sonoraenequipo.com.mx\/sindicato-nacional-minero-interpondra-amparo-para-que-mineros-sean-vacunados-contra-el-covid-a-la-brevedad\/#primaryimage"},"thumbnailUrl":"https:\/\/www.sonoraenequipo.com.mx\/storage\/2021\/03\/mineros.jpg","keywords":["covid","MINEROS"],"articleSection":["Rep\u00fablica"],"inLanguage":"es","potentialAction":[{"@type":"CommentAction","name":"Comment","target":["https:\/\/www.sonoraenequipo.com.mx\/sindicato-nacional-minero-interpondra-amparo-para-que-mineros-sean-vacunados-contra-el-covid-a-la-brevedad\/#respond"]}]},{"@type":"WebPage","@id":"https:\/\/www.sonoraenequipo.com.mx\/sindicato-nacional-minero-interpondra-amparo-para-que-mineros-sean-vacunados-contra-el-covid-a-la-brevedad\/","url":"https:\/\/www.sonoraenequipo.com.mx\/sindicato-nacional-minero-interpondra-amparo-para-que-mineros-sean-vacunados-contra-el-covid-a-la-brevedad\/","name":"Sonora en Equipo. Sindicato nacional minero interpondr\u00e1 amparo para que mineros sean vacunados contra el covid a la brevedad Rep\u00fablica","isPartOf":{"@id":"https:\/\/www.sonoraenequipo.com.mx\/#website"},"primaryImageOfPage":{"@id":"https:\/\/www.sonoraenequipo.com.mx\/sindicato-nacional-minero-interpondra-amparo-para-que-mineros-sean-vacunados-contra-el-covid-a-la-brevedad\/#primaryimage"},"image":{"@id":"https:\/\/www.sonoraenequipo.com.mx\/sindicato-nacional-minero-interpondra-amparo-para-que-mineros-sean-vacunados-contra-el-covid-a-la-brevedad\/#primaryimage"},"thumbnailUrl":"https:\/\/www.sonoraenequipo.com.mx\/storage\/2021\/03\/mineros.jpg","datePublished":"2021-03-17T00:35:08+00:00","dateModified":"2021-03-17T00:36:00+00:00","description":"CIUDAD DE M\u00c9XICO.\u2500\u00a0 El Sindicato Nacional Minero Metal\u00fargico FRENTE presentar\u00e1 este mi\u00e9rcoles 17 de marzo, a las 13 horas tiempo del centro, ante el En Sonora en Equipo publicamos toda la informaci\u00f3n de Sonora, M\u00e9xico y el Mundo de manera oportuna y busca que la libertad de expresi\u00f3n sea real. Visita nuestro medio informativo publicado desde Hermosillo, Sonora. %","breadcrumb":{"@id":"https:\/\/www.sonoraenequipo.com.mx\/sindicato-nacional-minero-interpondra-amparo-para-que-mineros-sean-vacunados-contra-el-covid-a-la-brevedad\/#breadcrumb"},"inLanguage":"es","potentialAction":[{"@type":"ReadAction","target":["https:\/\/www.sonoraenequipo.com.mx\/sindicato-nacional-minero-interpondra-amparo-para-que-mineros-sean-vacunados-contra-el-covid-a-la-brevedad\/"]}]},{"@type":"ImageObject","inLanguage":"es","@id":"https:\/\/www.sonoraenequipo.com.mx\/sindicato-nacional-minero-interpondra-amparo-para-que-mineros-sean-vacunados-contra-el-covid-a-la-brevedad\/#primaryimage","url":"https:\/\/www.sonoraenequipo.com.mx\/storage\/2021\/03\/mineros.jpg","contentUrl":"https:\/\/www.sonoraenequipo.com.mx\/storage\/2021\/03\/mineros.jpg","width":500,"height":300},{"@type":"BreadcrumbList","@id":"https:\/\/www.sonoraenequipo.com.mx\/sindicato-nacional-minero-interpondra-amparo-para-que-mineros-sean-vacunados-contra-el-covid-a-la-brevedad\/#breadcrumb","itemListElement":[{"@type":"ListItem","position":1,"name":"Portada","item":"https:\/\/www.sonoraenequipo.com.mx\/"},{"@type":"ListItem","position":2,"name":"Sindicato nacional minero interpondr\u00e1 amparo para que mineros sean vacunados contra el covid a la brevedad"}]},{"@type":"WebSite","@id":"https:\/\/www.sonoraenequipo.com.mx\/#website","url":"https:\/\/www.sonoraenequipo.com.mx\/","name":"Sonora en Equipo.","description":"Diario en l\u00ednea con Noticias desde Hermosillo, Sonora","publisher":{"@id":"https:\/\/www.sonoraenequipo.com.mx\/#organization"},"potentialAction":[{"@type":"SearchAction","target":{"@type":"EntryPoint","urlTemplate":"https:\/\/www.sonoraenequipo.com.mx\/?s={search_term_string}"},"query-input":{"@type":"PropertyValueSpecification","valueRequired":true,"valueName":"search_term_string"}}],"inLanguage":"es"},{"@type":"Organization","@id":"https:\/\/www.sonoraenequipo.com.mx\/#organization","name":"Sonoraenequipo.com.mx","url":"https:\/\/www.sonoraenequipo.com.mx\/","logo":{"@type":"ImageObject","inLanguage":"es","@id":"https:\/\/www.sonoraenequipo.com.mx\/#\/schema\/logo\/image\/","url":"https:\/\/www.sonoraenequipo.com.mx\/storage\/2019\/01\/sonoraenequipo_opt.png","contentUrl":"https:\/\/www.sonoraenequipo.com.mx\/storage\/2019\/01\/sonoraenequipo_opt.png","width":375,"height":125,"caption":"Sonoraenequipo.com.mx"},"image":{"@id":"https:\/\/www.sonoraenequipo.com.mx\/#\/schema\/logo\/image\/"},"sameAs":["https:\/\/www.facebook.com\/SonoraEE\/","https:\/\/x.com\/sonoraenequipo","https:\/\/www.youtube.com\/channel\/UC338nW-lPEYmJQs4ZABQ1SQ"]},{"@type":"Person","@id":"https:\/\/www.sonoraenequipo.com.mx\/#\/schema\/person\/50102df0fb23a8fa9e8effad8fa81386","name":"enequipo","image":{"@type":"ImageObject","inLanguage":"es","@id":"https:\/\/www.sonoraenequipo.com.mx\/#\/schema\/person\/image\/","url":"https:\/\/secure.gravatar.com\/avatar\/049821681b589dabc0bc20695993ccebb09f5b5d4d790cd9251b97faac7c652b?s=96&d=blank&r=g","contentUrl":"https:\/\/secure.gravatar.com\/avatar\/049821681b589dabc0bc20695993ccebb09f5b5d4d790cd9251b97faac7c652b?s=96&d=blank&r=g","caption":"enequipo"},"sameAs":["https:\/\/www.facebook.com\/SonoraEE"]}]}},"jetpack_featured_media_url":"https:\/\/www.sonoraenequipo.com.mx\/storage\/2021\/03\/mineros.jpg","_links":{"self":[{"href":"https:\/\/www.sonoraenequipo.com.mx\/api\/wp\/v2\/posts\/109299","targetHints":{"allow":["GET"]}}],"collection":[{"href":"https:\/\/www.sonoraenequipo.com.mx\/api\/wp\/v2\/posts"}],"about":[{"href":"https:\/\/www.sonoraenequipo.com.mx\/api\/wp\/v2\/types\/post"}],"author":[{"embeddable":true,"href":"https:\/\/www.sonoraenequipo.com.mx\/api\/wp\/v2\/users\/1"}],"replies":[{"embeddable":true,"href":"https:\/\/www.sonoraenequipo.com.mx\/api\/wp\/v2\/comments?post=109299"}],"version-history":[{"count":2,"href":"https:\/\/www.sonoraenequipo.com.mx\/api\/wp\/v2\/posts\/109299\/revisions"}],"predecessor-version":[{"id":109303,"href":"https:\/\/www.sonoraenequipo.com.mx\/api\/wp\/v2\/posts\/109299\/revisions\/109303"}],"wp:featuredmedia":[{"embeddable":true,"href":"https:\/\/www.sonoraenequipo.com.mx\/api\/wp\/v2\/media\/109300"}],"wp:attachment":[{"href":"https:\/\/www.sonoraenequipo.com.mx\/api\/wp\/v2\/media?parent=109299"}],"wp:term":[{"taxonomy":"category","embeddable":true,"href":"https:\/\/www.sonoraenequipo.com.mx\/api\/wp\/v2\/categories?post=109299"},{"taxonomy":"post_tag","embeddable":true,"href":"https:\/\/www.sonoraenequipo.com.mx\/api\/wp\/v2\/tags?post=109299"}],"curies":[{"name":"wp","href":"https:\/\/api.w.org\/{rel}","templated":true}]}}