{"id":109304,"date":"2021-03-16T17:46:03","date_gmt":"2021-03-17T00:46:03","guid":{"rendered":"https:\/\/www.sonoraenequipo.com.mx\/?p=109304"},"modified":"2021-03-16T21:08:32","modified_gmt":"2021-03-17T04:08:32","slug":"propone-el-borrego-gandara-un-segundo-aguinaldo-para-empleadas-y-empleados-de-pequenas-empresas","status":"publish","type":"post","link":"https:\/\/www.sonoraenequipo.com.mx\/propone-el-borrego-gandara-un-segundo-aguinaldo-para-empleadas-y-empleados-de-pequenas-empresas\/","title":{"rendered":"Propone el \u201cBorrego\u201d G\u00e1ndara un segundo aguinaldo para empleadas y empleados de peque\u00f1as empresas"},"content":{"rendered":"<p>GUAYMAS, SONORA,MX. Las y los trabajadores de peque\u00f1as y medianas empresas de Sonora tendr\u00e1n un segundo aguinaldo con apoyo de mi Gobierno, advirti\u00f3 Ernesto el \u201cBorrego\u201d G\u00e1ndara, porque la reestructuraci\u00f3n econ\u00f3mica se construye desde abajo, con la poblaci\u00f3n m\u00e1s vulnerable.<\/p>\n<p>&nbsp;<\/p>\n<p> <\/p>\n<p>&nbsp;<\/p>\n<p>En su gira de trabajo por el municipio de Guaymas, el Candidato a Gobernador por la Alianza \u201cVa por Sonora\u201d, explic\u00f3 que se trata de una ambiciosa propuesta de campa\u00f1a que busca darle mejores oportunidades a quienes verdaderamente lo necesitan y que con su trabajo d\u00eda a d\u00eda aportan al crecimiento del estado.<\/p>\n<p>&nbsp;<\/p>\n<p>\u201cDurante el primer a\u00f1o por cada empleo que generen las peque\u00f1as y medianas empresas les daremos un segundo aguinaldo al trabajador al terminar el periodo de 12 meses. Es una forma de que los peque\u00f1os comercios puedan ofrecer mejores condiciones de trabajo a sus empleados\u201d, explic\u00f3 el \u201cBorrego\u201d G\u00e1ndara a trav\u00e9s de un v\u00eddeo publicado en sus redes sociales.<\/p>\n<p>&nbsp;<\/p>\n<p>El Candidato a Gobernador, explic\u00f3 que la estrategia de reactivaci\u00f3n estar\u00e1 impulsada en dos sentidos, la primera buscar la atracci\u00f3n de m\u00e1s inversi\u00f3n regional para generar m\u00e1s y mejores empleos, para esto el Gobierno estatal tendr\u00e1 la consigna de dar todas las facilidades.<\/p>\n<p>&nbsp;<\/p>\n<p>\u201cOtro que tiene que ver con la reactivaci\u00f3n es salvar, apoyar y detonar a las peque\u00f1as empresas y medianas, particularmente a las micro con financiamientos accesibles\u201d, destac\u00f3 el \u201cBorrego\u201d G\u00e1ndara.<\/p>\n<p>&nbsp;<\/p>\n<p>El Gobierno del Estado, dijo, deber\u00e1 ajustarse el cintur\u00f3n, pues resulta impensable detonar obras y acciones sin recortar gastos, es por eso que desde el arranque de la administraci\u00f3n el aparato gubernamental estar\u00e1 enfocado en mejorar la econom\u00eda.<\/p>\n<p>&nbsp;<\/p>\n<p>\u201cPrefiero dedicar los primeros meses a la reactivaci\u00f3n econ\u00f3mica, a apoyar el sector productivo y quitar no todas, desde luego las b\u00e1sicas no, no hacer obras de infraestructura hay que aumentar los fondos para la peque\u00f1a empresa, aumentar fondos para la peque\u00f1a empresa, dar m\u00e1s cr\u00e9ditos hay que cobrar menos impuestos\u201d, expres\u00f3 el Candidato al Gobierno de Sonora.<\/p>\n<p>&nbsp;<\/p>\n<p>En su gira de trabajo por el puerto, el \u201cBorrego\u201d realiz\u00f3 un recorrido por el Mercado Municipal, platicando con los comerciantes e integrando a sus propuestas de campa\u00f1a las necesidades del sector, como la falta de apoyos para la sostenibilidad de los negocios, y una mejora a la infraestructura del inmueble.<\/p>\n<p>&nbsp;<\/p>\n<p>De igual forma, sostuvo un di\u00e1logo con mujeres de la Sociedad Civil de Guaymas, ante quienes refrend\u00f3 su compromiso para, desde el Gobierno del Estado, garantizarles una vida plena de respeto a su integridad y a su pleno desarrollo personal y profesional.<\/p>\n<p>&nbsp;<\/p>\n<p>&nbsp;<\/p>\n<p>Fecha de publicaci\u00f3n\u00a0 martes 16 \/marzo\/2021<\/p>\n<p>&nbsp;<\/p>\n","protected":false},"excerpt":{"rendered":"<p>GUAYMAS, SONORA,MX. Las y los trabajadores de peque\u00f1as y medianas empresas de Sonora tendr\u00e1n un&#8230;<\/p>\n","protected":false},"author":1,"featured_media":109305,"comment_status":"open","ping_status":"open","sticky":false,"template":"","format":"standard","meta":{"_monsterinsights_skip_tracking":false,"_monsterinsights_sitenote_active":false,"_monsterinsights_sitenote_note":"","_monsterinsights_sitenote_category":0,"footnotes":""},"categories":[22],"tags":[],"class_list":["post"],"yoast_head":" \n<title>Sonora en Equipo. Propone el \u201cBorrego\u201d G\u00e1ndara un segundo aguinaldo para empleadas y empleados de peque\u00f1as empresas Sonora<\/title>\n<meta name=\"description\" content=\"GUAYMAS, SONORA,MX. Las y los trabajadores de peque\u00f1as y medianas empresas de Sonora tendr\u00e1n un segundo aguinaldo con apoyo de mi Gobierno, advirti\u00f3 En Sonora en Equipo publicamos toda la informaci\u00f3n de Sonora, M\u00e9xico y el Mundo de manera oportuna y busca que la libertad de expresi\u00f3n sea real. Visita nuestro medio informativo publicado desde Hermosillo, Sonora. %\" \/>\n<meta name=\"robots\" content=\"index, follow, max-snippet:-1, max-image-preview:large, max-video-preview:-1\" \/>\n<link rel=\"canonical\" href=\"https:\/\/www.sonoraenequipo.com.mx\/propone-el-borrego-gandara-un-segundo-aguinaldo-para-empleadas-y-empleados-de-pequenas-empresas\/\" \/>\n<meta property=\"og:locale\" content=\"es_ES\" \/>\n<meta property=\"og:type\" content=\"article\" \/>\n<meta property=\"og:title\" content=\"Sonora en Equipo. Propone el \u201cBorrego\u201d G\u00e1ndara un segundo aguinaldo para empleadas y empleados de peque\u00f1as empresas Sonora\" \/>\n<meta property=\"og:description\" content=\"GUAYMAS, SONORA,MX. Las y los trabajadores de peque\u00f1as y medianas empresas de Sonora tendr\u00e1n un segundo aguinaldo con apoyo de mi Gobierno, advirti\u00f3 En Sonora en Equipo publicamos toda la informaci\u00f3n de Sonora, M\u00e9xico y el Mundo de manera oportuna y busca que la libertad de expresi\u00f3n sea real. Visita nuestro medio informativo publicado desde Hermosillo, Sonora. %\" \/>\n<meta property=\"og:url\" content=\"https:\/\/www.sonoraenequipo.com.mx\/propone-el-borrego-gandara-un-segundo-aguinaldo-para-empleadas-y-empleados-de-pequenas-empresas\/\" \/>\n<meta property=\"og:site_name\" content=\"Sonora en Equipo.\" \/>\n<meta property=\"article:publisher\" content=\"https:\/\/www.facebook.com\/SonoraEE\/\" \/>\n<meta property=\"article:author\" content=\"https:\/\/www.facebook.com\/SonoraEE\" \/>\n<meta property=\"article:published_time\" content=\"2021-03-17T00:46:03+00:00\" \/>\n<meta property=\"article:modified_time\" content=\"2021-03-17T04:08:32+00:00\" \/>\n<meta property=\"og:image\" content=\"https:\/\/www.sonoraenequipo.com.mx\/storage\/2021\/03\/egc160321.jpg\" \/>\n\t<meta property=\"og:image:width\" content=\"500\" \/>\n\t<meta property=\"og:image:height\" content=\"333\" \/>\n\t<meta property=\"og:image:type\" content=\"image\/jpeg\" \/>\n<meta name=\"author\" content=\"enequipo\" \/>\n<meta name=\"twitter:card\" content=\"summary_large_image\" \/>\n<meta name=\"twitter:creator\" content=\"@sonoraenequipo\" \/>\n<meta name=\"twitter:site\" content=\"@sonoraenequipo\" \/>\n<meta name=\"twitter:label1\" content=\"Escrito por\" \/>\n\t<meta name=\"twitter:data1\" content=\"enequipo\" \/>\n\t<meta name=\"twitter:label2\" content=\"Tiempo de lectura\" \/>\n\t<meta name=\"twitter:data2\" content=\"2 minutos\" \/>\n<script type=\"application\/ld+json\" class=\"yoast-schema-graph\">{\"@context\":\"https:\/\/schema.org\",\"@graph\":[{\"@type\":\"Article\",\"@id\":\"https:\/\/www.sonoraenequipo.com.mx\/propone-el-borrego-gandara-un-segundo-aguinaldo-para-empleadas-y-empleados-de-pequenas-empresas\/#article\",\"isPartOf\":{\"@id\":\"https:\/\/www.sonoraenequipo.com.mx\/propone-el-borrego-gandara-un-segundo-aguinaldo-para-empleadas-y-empleados-de-pequenas-empresas\/\"},\"author\":{\"name\":\"enequipo\",\"@id\":\"https:\/\/www.sonoraenequipo.com.mx\/#\/schema\/person\/50102df0fb23a8fa9e8effad8fa81386\"},\"headline\":\"Propone el \u201cBorrego\u201d G\u00e1ndara un segundo aguinaldo para empleadas y empleados de peque\u00f1as empresas\",\"datePublished\":\"2021-03-17T00:46:03+00:00\",\"dateModified\":\"2021-03-17T04:08:32+00:00\",\"mainEntityOfPage\":{\"@id\":\"https:\/\/www.sonoraenequipo.com.mx\/propone-el-borrego-gandara-un-segundo-aguinaldo-para-empleadas-y-empleados-de-pequenas-empresas\/\"},\"wordCount\":484,\"commentCount\":0,\"publisher\":{\"@id\":\"https:\/\/www.sonoraenequipo.com.mx\/#organization\"},\"image\":{\"@id\":\"https:\/\/www.sonoraenequipo.com.mx\/propone-el-borrego-gandara-un-segundo-aguinaldo-para-empleadas-y-empleados-de-pequenas-empresas\/#primaryimage\"},\"thumbnailUrl\":\"https:\/\/www.sonoraenequipo.com.mx\/storage\/2021\/03\/egc160321.jpg\",\"articleSection\":[\"Sonora\"],\"inLanguage\":\"es\",\"potentialAction\":[{\"@type\":\"CommentAction\",\"name\":\"Comment\",\"target\":[\"https:\/\/www.sonoraenequipo.com.mx\/propone-el-borrego-gandara-un-segundo-aguinaldo-para-empleadas-y-empleados-de-pequenas-empresas\/#respond\"]}]},{\"@type\":\"WebPage\",\"@id\":\"https:\/\/www.sonoraenequipo.com.mx\/propone-el-borrego-gandara-un-segundo-aguinaldo-para-empleadas-y-empleados-de-pequenas-empresas\/\",\"url\":\"https:\/\/www.sonoraenequipo.com.mx\/propone-el-borrego-gandara-un-segundo-aguinaldo-para-empleadas-y-empleados-de-pequenas-empresas\/\",\"name\":\"Sonora en Equipo. Propone el \u201cBorrego\u201d G\u00e1ndara un segundo aguinaldo para empleadas y empleados de peque\u00f1as empresas Sonora\",\"isPartOf\":{\"@id\":\"https:\/\/www.sonoraenequipo.com.mx\/#website\"},\"primaryImageOfPage\":{\"@id\":\"https:\/\/www.sonoraenequipo.com.mx\/propone-el-borrego-gandara-un-segundo-aguinaldo-para-empleadas-y-empleados-de-pequenas-empresas\/#primaryimage\"},\"image\":{\"@id\":\"https:\/\/www.sonoraenequipo.com.mx\/propone-el-borrego-gandara-un-segundo-aguinaldo-para-empleadas-y-empleados-de-pequenas-empresas\/#primaryimage\"},\"thumbnailUrl\":\"https:\/\/www.sonoraenequipo.com.mx\/storage\/2021\/03\/egc160321.jpg\",\"datePublished\":\"2021-03-17T00:46:03+00:00\",\"dateModified\":\"2021-03-17T04:08:32+00:00\",\"description\":\"GUAYMAS, SONORA,MX. Las y los trabajadores de peque\u00f1as y medianas empresas de Sonora tendr\u00e1n un segundo aguinaldo con apoyo de mi Gobierno, advirti\u00f3 En Sonora en Equipo publicamos toda la informaci\u00f3n de Sonora, M\u00e9xico y el Mundo de manera oportuna y busca que la libertad de expresi\u00f3n sea real. Visita nuestro medio informativo publicado desde Hermosillo, Sonora. %\",\"breadcrumb\":{\"@id\":\"https:\/\/www.sonoraenequipo.com.mx\/propone-el-borrego-gandara-un-segundo-aguinaldo-para-empleadas-y-empleados-de-pequenas-empresas\/#breadcrumb\"},\"inLanguage\":\"es\",\"potentialAction\":[{\"@type\":\"ReadAction\",\"target\":[\"https:\/\/www.sonoraenequipo.com.mx\/propone-el-borrego-gandara-un-segundo-aguinaldo-para-empleadas-y-empleados-de-pequenas-empresas\/\"]}]},{\"@type\":\"ImageObject\",\"inLanguage\":\"es\",\"@id\":\"https:\/\/www.sonoraenequipo.com.mx\/propone-el-borrego-gandara-un-segundo-aguinaldo-para-empleadas-y-empleados-de-pequenas-empresas\/#primaryimage\",\"url\":\"https:\/\/www.sonoraenequipo.com.mx\/storage\/2021\/03\/egc160321.jpg\",\"contentUrl\":\"https:\/\/www.sonoraenequipo.com.mx\/storage\/2021\/03\/egc160321.jpg\",\"width\":500,\"height\":333},{\"@type\":\"BreadcrumbList\",\"@id\":\"https:\/\/www.sonoraenequipo.com.mx\/propone-el-borrego-gandara-un-segundo-aguinaldo-para-empleadas-y-empleados-de-pequenas-empresas\/#breadcrumb\",\"itemListElement\":[{\"@type\":\"ListItem\",\"position\":1,\"name\":\"Portada\",\"item\":\"https:\/\/www.sonoraenequipo.com.mx\/\"},{\"@type\":\"ListItem\",\"position\":2,\"name\":\"Propone el \u201cBorrego\u201d G\u00e1ndara un segundo aguinaldo para empleadas y empleados de peque\u00f1as empresas\"}]},{\"@type\":\"WebSite\",\"@id\":\"https:\/\/www.sonoraenequipo.com.mx\/#website\",\"url\":\"https:\/\/www.sonoraenequipo.com.mx\/\",\"name\":\"Sonora en Equipo.\",\"description\":\"Diario en l\u00ednea con Noticias desde Hermosillo, Sonora\",\"publisher\":{\"@id\":\"https:\/\/www.sonoraenequipo.com.mx\/#organization\"},\"potentialAction\":[{\"@type\":\"SearchAction\",\"target\":{\"@type\":\"EntryPoint\",\"urlTemplate\":\"https:\/\/www.sonoraenequipo.com.mx\/?s={search_term_string}\"},\"query-input\":{\"@type\":\"PropertyValueSpecification\",\"valueRequired\":true,\"valueName\":\"search_term_string\"}}],\"inLanguage\":\"es\"},{\"@type\":\"Organization\",\"@id\":\"https:\/\/www.sonoraenequipo.com.mx\/#organization\",\"name\":\"Sonoraenequipo.com.mx\",\"url\":\"https:\/\/www.sonoraenequipo.com.mx\/\",\"logo\":{\"@type\":\"ImageObject\",\"inLanguage\":\"es\",\"@id\":\"https:\/\/www.sonoraenequipo.com.mx\/#\/schema\/logo\/image\/\",\"url\":\"https:\/\/www.sonoraenequipo.com.mx\/storage\/2019\/01\/sonoraenequipo_opt.png\",\"contentUrl\":\"https:\/\/www.sonoraenequipo.com.mx\/storage\/2019\/01\/sonoraenequipo_opt.png\",\"width\":375,\"height\":125,\"caption\":\"Sonoraenequipo.com.mx\"},\"image\":{\"@id\":\"https:\/\/www.sonoraenequipo.com.mx\/#\/schema\/logo\/image\/\"},\"sameAs\":[\"https:\/\/www.facebook.com\/SonoraEE\/\",\"https:\/\/x.com\/sonoraenequipo\",\"https:\/\/www.youtube.com\/channel\/UC338nW-lPEYmJQs4ZABQ1SQ\"]},{\"@type\":\"Person\",\"@id\":\"https:\/\/www.sonoraenequipo.com.mx\/#\/schema\/person\/50102df0fb23a8fa9e8effad8fa81386\",\"name\":\"enequipo\",\"image\":{\"@type\":\"ImageObject\",\"inLanguage\":\"es\",\"@id\":\"https:\/\/www.sonoraenequipo.com.mx\/#\/schema\/person\/image\/\",\"url\":\"https:\/\/secure.gravatar.com\/avatar\/049821681b589dabc0bc20695993ccebb09f5b5d4d790cd9251b97faac7c652b?s=96&d=blank&r=g\",\"contentUrl\":\"https:\/\/secure.gravatar.com\/avatar\/049821681b589dabc0bc20695993ccebb09f5b5d4d790cd9251b97faac7c652b?s=96&d=blank&r=g\",\"caption\":\"enequipo\"},\"sameAs\":[\"https:\/\/www.facebook.com\/SonoraEE\"]}]}<\/script>\n ","yoast_head_json":{"title":"Sonora en Equipo. Propone el \u201cBorrego\u201d G\u00e1ndara un segundo aguinaldo para empleadas y empleados de peque\u00f1as empresas Sonora","description":"GUAYMAS, SONORA,MX. Las y los trabajadores de peque\u00f1as y medianas empresas de Sonora tendr\u00e1n un segundo aguinaldo con apoyo de mi Gobierno, advirti\u00f3 En Sonora en Equipo publicamos toda la informaci\u00f3n de Sonora, M\u00e9xico y el Mundo de manera oportuna y busca que la libertad de expresi\u00f3n sea real. Visita nuestro medio informativo publicado desde Hermosillo, Sonora. %","robots":{"index":"index","follow":"follow","max-snippet":"max-snippet:-1","max-image-preview":"max-image-preview:large","max-video-preview":"max-video-preview:-1"},"canonical":"https:\/\/www.sonoraenequipo.com.mx\/propone-el-borrego-gandara-un-segundo-aguinaldo-para-empleadas-y-empleados-de-pequenas-empresas\/","og_locale":"es_ES","og_type":"article","og_title":"Sonora en Equipo. Propone el \u201cBorrego\u201d G\u00e1ndara un segundo aguinaldo para empleadas y empleados de peque\u00f1as empresas Sonora","og_description":"GUAYMAS, SONORA,MX. Las y los trabajadores de peque\u00f1as y medianas empresas de Sonora tendr\u00e1n un segundo aguinaldo con apoyo de mi Gobierno, advirti\u00f3 En Sonora en Equipo publicamos toda la informaci\u00f3n de Sonora, M\u00e9xico y el Mundo de manera oportuna y busca que la libertad de expresi\u00f3n sea real. Visita nuestro medio informativo publicado desde Hermosillo, Sonora. %","og_url":"https:\/\/www.sonoraenequipo.com.mx\/propone-el-borrego-gandara-un-segundo-aguinaldo-para-empleadas-y-empleados-de-pequenas-empresas\/","og_site_name":"Sonora en Equipo.","article_publisher":"https:\/\/www.facebook.com\/SonoraEE\/","article_author":"https:\/\/www.facebook.com\/SonoraEE","article_published_time":"2021-03-17T00:46:03+00:00","article_modified_time":"2021-03-17T04:08:32+00:00","og_image":[{"width":500,"height":333,"url":"https:\/\/www.sonoraenequipo.com.mx\/storage\/2021\/03\/egc160321.jpg","type":"image\/jpeg"}],"author":"enequipo","twitter_card":"summary_large_image","twitter_creator":"@sonoraenequipo","twitter_site":"@sonoraenequipo","twitter_misc":{"Escrito por":"enequipo","Tiempo de lectura":"2 minutos"},"schema":{"@context":"https:\/\/schema.org","@graph":[{"@type":"Article","@id":"https:\/\/www.sonoraenequipo.com.mx\/propone-el-borrego-gandara-un-segundo-aguinaldo-para-empleadas-y-empleados-de-pequenas-empresas\/#article","isPartOf":{"@id":"https:\/\/www.sonoraenequipo.com.mx\/propone-el-borrego-gandara-un-segundo-aguinaldo-para-empleadas-y-empleados-de-pequenas-empresas\/"},"author":{"name":"enequipo","@id":"https:\/\/www.sonoraenequipo.com.mx\/#\/schema\/person\/50102df0fb23a8fa9e8effad8fa81386"},"headline":"Propone el \u201cBorrego\u201d G\u00e1ndara un segundo aguinaldo para empleadas y empleados de peque\u00f1as empresas","datePublished":"2021-03-17T00:46:03+00:00","dateModified":"2021-03-17T04:08:32+00:00","mainEntityOfPage":{"@id":"https:\/\/www.sonoraenequipo.com.mx\/propone-el-borrego-gandara-un-segundo-aguinaldo-para-empleadas-y-empleados-de-pequenas-empresas\/"},"wordCount":484,"commentCount":0,"publisher":{"@id":"https:\/\/www.sonoraenequipo.com.mx\/#organization"},"image":{"@id":"https:\/\/www.sonoraenequipo.com.mx\/propone-el-borrego-gandara-un-segundo-aguinaldo-para-empleadas-y-empleados-de-pequenas-empresas\/#primaryimage"},"thumbnailUrl":"https:\/\/www.sonoraenequipo.com.mx\/storage\/2021\/03\/egc160321.jpg","articleSection":["Sonora"],"inLanguage":"es","potentialAction":[{"@type":"CommentAction","name":"Comment","target":["https:\/\/www.sonoraenequipo.com.mx\/propone-el-borrego-gandara-un-segundo-aguinaldo-para-empleadas-y-empleados-de-pequenas-empresas\/#respond"]}]},{"@type":"WebPage","@id":"https:\/\/www.sonoraenequipo.com.mx\/propone-el-borrego-gandara-un-segundo-aguinaldo-para-empleadas-y-empleados-de-pequenas-empresas\/","url":"https:\/\/www.sonoraenequipo.com.mx\/propone-el-borrego-gandara-un-segundo-aguinaldo-para-empleadas-y-empleados-de-pequenas-empresas\/","name":"Sonora en Equipo. Propone el \u201cBorrego\u201d G\u00e1ndara un segundo aguinaldo para empleadas y empleados de peque\u00f1as empresas Sonora","isPartOf":{"@id":"https:\/\/www.sonoraenequipo.com.mx\/#website"},"primaryImageOfPage":{"@id":"https:\/\/www.sonoraenequipo.com.mx\/propone-el-borrego-gandara-un-segundo-aguinaldo-para-empleadas-y-empleados-de-pequenas-empresas\/#primaryimage"},"image":{"@id":"https:\/\/www.sonoraenequipo.com.mx\/propone-el-borrego-gandara-un-segundo-aguinaldo-para-empleadas-y-empleados-de-pequenas-empresas\/#primaryimage"},"thumbnailUrl":"https:\/\/www.sonoraenequipo.com.mx\/storage\/2021\/03\/egc160321.jpg","datePublished":"2021-03-17T00:46:03+00:00","dateModified":"2021-03-17T04:08:32+00:00","description":"GUAYMAS, SONORA,MX. Las y los trabajadores de peque\u00f1as y medianas empresas de Sonora tendr\u00e1n un segundo aguinaldo con apoyo de mi Gobierno, advirti\u00f3 En Sonora en Equipo publicamos toda la informaci\u00f3n de Sonora, M\u00e9xico y el Mundo de manera oportuna y busca que la libertad de expresi\u00f3n sea real. Visita nuestro medio informativo publicado desde Hermosillo, Sonora. %","breadcrumb":{"@id":"https:\/\/www.sonoraenequipo.com.mx\/propone-el-borrego-gandara-un-segundo-aguinaldo-para-empleadas-y-empleados-de-pequenas-empresas\/#breadcrumb"},"inLanguage":"es","potentialAction":[{"@type":"ReadAction","target":["https:\/\/www.sonoraenequipo.com.mx\/propone-el-borrego-gandara-un-segundo-aguinaldo-para-empleadas-y-empleados-de-pequenas-empresas\/"]}]},{"@type":"ImageObject","inLanguage":"es","@id":"https:\/\/www.sonoraenequipo.com.mx\/propone-el-borrego-gandara-un-segundo-aguinaldo-para-empleadas-y-empleados-de-pequenas-empresas\/#primaryimage","url":"https:\/\/www.sonoraenequipo.com.mx\/storage\/2021\/03\/egc160321.jpg","contentUrl":"https:\/\/www.sonoraenequipo.com.mx\/storage\/2021\/03\/egc160321.jpg","width":500,"height":333},{"@type":"BreadcrumbList","@id":"https:\/\/www.sonoraenequipo.com.mx\/propone-el-borrego-gandara-un-segundo-aguinaldo-para-empleadas-y-empleados-de-pequenas-empresas\/#breadcrumb","itemListElement":[{"@type":"ListItem","position":1,"name":"Portada","item":"https:\/\/www.sonoraenequipo.com.mx\/"},{"@type":"ListItem","position":2,"name":"Propone el \u201cBorrego\u201d G\u00e1ndara un segundo aguinaldo para empleadas y empleados de peque\u00f1as empresas"}]},{"@type":"WebSite","@id":"https:\/\/www.sonoraenequipo.com.mx\/#website","url":"https:\/\/www.sonoraenequipo.com.mx\/","name":"Sonora en Equipo.","description":"Diario en l\u00ednea con Noticias desde Hermosillo, Sonora","publisher":{"@id":"https:\/\/www.sonoraenequipo.com.mx\/#organization"},"potentialAction":[{"@type":"SearchAction","target":{"@type":"EntryPoint","urlTemplate":"https:\/\/www.sonoraenequipo.com.mx\/?s={search_term_string}"},"query-input":{"@type":"PropertyValueSpecification","valueRequired":true,"valueName":"search_term_string"}}],"inLanguage":"es"},{"@type":"Organization","@id":"https:\/\/www.sonoraenequipo.com.mx\/#organization","name":"Sonoraenequipo.com.mx","url":"https:\/\/www.sonoraenequipo.com.mx\/","logo":{"@type":"ImageObject","inLanguage":"es","@id":"https:\/\/www.sonoraenequipo.com.mx\/#\/schema\/logo\/image\/","url":"https:\/\/www.sonoraenequipo.com.mx\/storage\/2019\/01\/sonoraenequipo_opt.png","contentUrl":"https:\/\/www.sonoraenequipo.com.mx\/storage\/2019\/01\/sonoraenequipo_opt.png","width":375,"height":125,"caption":"Sonoraenequipo.com.mx"},"image":{"@id":"https:\/\/www.sonoraenequipo.com.mx\/#\/schema\/logo\/image\/"},"sameAs":["https:\/\/www.facebook.com\/SonoraEE\/","https:\/\/x.com\/sonoraenequipo","https:\/\/www.youtube.com\/channel\/UC338nW-lPEYmJQs4ZABQ1SQ"]},{"@type":"Person","@id":"https:\/\/www.sonoraenequipo.com.mx\/#\/schema\/person\/50102df0fb23a8fa9e8effad8fa81386","name":"enequipo","image":{"@type":"ImageObject","inLanguage":"es","@id":"https:\/\/www.sonoraenequipo.com.mx\/#\/schema\/person\/image\/","url":"https:\/\/secure.gravatar.com\/avatar\/049821681b589dabc0bc20695993ccebb09f5b5d4d790cd9251b97faac7c652b?s=96&d=blank&r=g","contentUrl":"https:\/\/secure.gravatar.com\/avatar\/049821681b589dabc0bc20695993ccebb09f5b5d4d790cd9251b97faac7c652b?s=96&d=blank&r=g","caption":"enequipo"},"sameAs":["https:\/\/www.facebook.com\/SonoraEE"]}]}},"jetpack_featured_media_url":"https:\/\/www.sonoraenequipo.com.mx\/storage\/2021\/03\/egc160321.jpg","_links":{"self":[{"href":"https:\/\/www.sonoraenequipo.com.mx\/api\/wp\/v2\/posts\/109304","targetHints":{"allow":["GET"]}}],"collection":[{"href":"https:\/\/www.sonoraenequipo.com.mx\/api\/wp\/v2\/posts"}],"about":[{"href":"https:\/\/www.sonoraenequipo.com.mx\/api\/wp\/v2\/types\/post"}],"author":[{"embeddable":true,"href":"https:\/\/www.sonoraenequipo.com.mx\/api\/wp\/v2\/users\/1"}],"replies":[{"embeddable":true,"href":"https:\/\/www.sonoraenequipo.com.mx\/api\/wp\/v2\/comments?post=109304"}],"version-history":[{"count":3,"href":"https:\/\/www.sonoraenequipo.com.mx\/api\/wp\/v2\/posts\/109304\/revisions"}],"predecessor-version":[{"id":109325,"href":"https:\/\/www.sonoraenequipo.com.mx\/api\/wp\/v2\/posts\/109304\/revisions\/109325"}],"wp:featuredmedia":[{"embeddable":true,"href":"https:\/\/www.sonoraenequipo.com.mx\/api\/wp\/v2\/media\/109305"}],"wp:attachment":[{"href":"https:\/\/www.sonoraenequipo.com.mx\/api\/wp\/v2\/media?parent=109304"}],"wp:term":[{"taxonomy":"category","embeddable":true,"href":"https:\/\/www.sonoraenequipo.com.mx\/api\/wp\/v2\/categories?post=109304"},{"taxonomy":"post_tag","embeddable":true,"href":"https:\/\/www.sonoraenequipo.com.mx\/api\/wp\/v2\/tags?post=109304"}],"curies":[{"name":"wp","href":"https:\/\/api.w.org\/{rel}","templated":true}]}}