{"id":109326,"date":"2021-03-16T19:15:38","date_gmt":"2021-03-17T02:15:38","guid":{"rendered":"https:\/\/www.sonoraenequipo.com.mx\/?p=109326"},"modified":"2021-03-16T21:28:05","modified_gmt":"2021-03-17T04:28:05","slug":"pide-cofetur-a-prestadores-de-servicios-turisticos-no-bajar-la-guardia-ante-el-color-verde-del-semaforo-epidemiologico","status":"publish","type":"post","link":"https:\/\/www.sonoraenequipo.com.mx\/pide-cofetur-a-prestadores-de-servicios-turisticos-no-bajar-la-guardia-ante-el-color-verde-del-semaforo-epidemiologico\/","title":{"rendered":"Pide Cofetur a prestadores de servicios tur\u00edsticos no bajar la guardia ante el color verde del sem\u00e1foro epidemiol\u00f3gico"},"content":{"rendered":"<p>HERMOSILLO, SONORA. MX. \u2014 Con la llegada de Sonora al color verde en el sem\u00e1foro epidemiol\u00f3gico implementado por el Gobierno Federal, los prestadores de servicios tur\u00edsticos y las empresas del sector no deben bajar la guardia y continuar los cuidados para evitar contagios por COVID-19, destac\u00f3 Luis N\u00fa\u00f1ez Noriega.<\/p>\n<p>&nbsp;<\/p>\n<p> <\/p>\n<p>&nbsp;<\/p>\n<p>El coordinador de la Comisi\u00f3n de Fomento al Turismo (Cofetur) expres\u00f3 que despu\u00e9s de que se diera a conocer por parte de autoridades de salud federal esta determinaci\u00f3n, los prestadores de servicios deben continuar trabajando y reforzar las medidas en los destinos y sus negocios.<\/p>\n<p>&nbsp;<\/p>\n<p><em>\u201cLos prestadores de servicios se han mantenido informados y en constantes capacitaciones para combatir al coronavirus, han hecho un gran esfuerzo para continuar trabajando, los llamo a redoblar esfuerzos para no regresar en el sem\u00e1foro y tener que cerrar o disminuir los aforos\u201d,<\/em> dijo.<\/p>\n<p>&nbsp;<\/p>\n<p>Explic\u00f3 que gracias al esfuerzo de la ciudadan\u00eda, de los empresarios y de los prestadores de servicios para disminuir los contagios y muertes por coronavirus, se logr\u00f3 avanzar en el sem\u00e1foro nacional y en el Mapa Sonora Anticipa presentado por la Secretar\u00eda de Salud.<\/p>\n<p>&nbsp;<\/p>\n<p><em>\u201cQuiero ser muy claro, estos avances no significan que el coronavirus se fue, esto nos muestra que estamos haciendo las cosas bien como ciudadanos, la salud debe de ser nuestra prioridad como personas y como prestadores de servicios\u201d<\/em>, consider\u00f3.<\/p>\n<p>&nbsp;<\/p>\n<p>N\u00fa\u00f1ez Noriega llam\u00f3 al sector tur\u00edstico de Sonora a continuar aplicando los lineamientos y protocolos emitidos por las autoridades, como: solicitar a sus clientes y trabajadores que utilicen cubrebocas, gel antibacterial, que guarden sana distancia y respeten los aforos.<\/p>\n<p>&nbsp;<\/p>\n<p><em>\u201cEs importante que tambi\u00e9n mantengan las medidas ya conocidas, como contar con barreras f\u00edsicas de acr\u00edlico o pl\u00e1stico al atender a sus clientes, utilizar tapetes sanitizantes, desinfectar las superficies, tomar la temperatura de sus clientes y de sus trabajadores, respetar los aforos, entre otros\u201d,<\/em> coment\u00f3.<\/p>\n<p>&nbsp;<\/p>\n<p>&nbsp;<\/p>\n<p>(Publicada el 16\/03\/2021)<\/p>\n","protected":false},"excerpt":{"rendered":"<p>HERMOSILLO, SONORA. MX. \u2014 Con la llegada de Sonora al color verde en el sem\u00e1foro&#8230;<\/p>\n","protected":false},"author":1,"featured_media":109327,"comment_status":"open","ping_status":"open","sticky":false,"template":"","format":"standard","meta":{"_monsterinsights_skip_tracking":false,"_monsterinsights_sitenote_active":false,"_monsterinsights_sitenote_note":"","_monsterinsights_sitenote_category":0,"footnotes":""},"categories":[22],"tags":[],"class_list":["post"],"yoast_head":" \n<title>Sonora en Equipo. Pide Cofetur a prestadores de servicios tur\u00edsticos no bajar la guardia ante el color verde del sem\u00e1foro epidemiol\u00f3gico Sonora<\/title>\n<meta name=\"description\" content=\"HERMOSILLO, SONORA. MX. \u2014 Con la llegada de Sonora al color verde en el sem\u00e1foro epidemiol\u00f3gico implementado por el Gobierno Federal, los prestadores de En Sonora en Equipo publicamos toda la informaci\u00f3n de Sonora, M\u00e9xico y el Mundo de manera oportuna y busca que la libertad de expresi\u00f3n sea real. Visita nuestro medio informativo publicado desde Hermosillo, Sonora. %\" \/>\n<meta name=\"robots\" content=\"index, follow, max-snippet:-1, max-image-preview:large, max-video-preview:-1\" \/>\n<link rel=\"canonical\" href=\"https:\/\/www.sonoraenequipo.com.mx\/pide-cofetur-a-prestadores-de-servicios-turisticos-no-bajar-la-guardia-ante-el-color-verde-del-semaforo-epidemiologico\/\" \/>\n<meta property=\"og:locale\" content=\"es_ES\" \/>\n<meta property=\"og:type\" content=\"article\" \/>\n<meta property=\"og:title\" content=\"Sonora en Equipo. Pide Cofetur a prestadores de servicios tur\u00edsticos no bajar la guardia ante el color verde del sem\u00e1foro epidemiol\u00f3gico Sonora\" \/>\n<meta property=\"og:description\" content=\"HERMOSILLO, SONORA. MX. \u2014 Con la llegada de Sonora al color verde en el sem\u00e1foro epidemiol\u00f3gico implementado por el Gobierno Federal, los prestadores de En Sonora en Equipo publicamos toda la informaci\u00f3n de Sonora, M\u00e9xico y el Mundo de manera oportuna y busca que la libertad de expresi\u00f3n sea real. Visita nuestro medio informativo publicado desde Hermosillo, Sonora. %\" \/>\n<meta property=\"og:url\" content=\"https:\/\/www.sonoraenequipo.com.mx\/pide-cofetur-a-prestadores-de-servicios-turisticos-no-bajar-la-guardia-ante-el-color-verde-del-semaforo-epidemiologico\/\" \/>\n<meta property=\"og:site_name\" content=\"Sonora en Equipo.\" \/>\n<meta property=\"article:publisher\" content=\"https:\/\/www.facebook.com\/SonoraEE\/\" \/>\n<meta property=\"article:author\" content=\"https:\/\/www.facebook.com\/SonoraEE\" \/>\n<meta property=\"article:published_time\" content=\"2021-03-17T02:15:38+00:00\" \/>\n<meta property=\"article:modified_time\" content=\"2021-03-17T04:28:05+00:00\" \/>\n<meta property=\"og:image\" content=\"https:\/\/www.sonoraenequipo.com.mx\/storage\/2021\/03\/cofetur_opt.jpg\" \/>\n\t<meta property=\"og:image:width\" content=\"724\" \/>\n\t<meta property=\"og:image:height\" content=\"400\" \/>\n\t<meta property=\"og:image:type\" content=\"image\/jpeg\" \/>\n<meta name=\"author\" content=\"enequipo\" \/>\n<meta name=\"twitter:card\" content=\"summary_large_image\" \/>\n<meta name=\"twitter:creator\" content=\"@sonoraenequipo\" \/>\n<meta name=\"twitter:site\" content=\"@sonoraenequipo\" \/>\n<meta name=\"twitter:label1\" content=\"Escrito por\" \/>\n\t<meta name=\"twitter:data1\" content=\"enequipo\" \/>\n\t<meta name=\"twitter:label2\" content=\"Tiempo de lectura\" \/>\n\t<meta name=\"twitter:data2\" content=\"2 minutos\" \/>\n<script type=\"application\/ld+json\" class=\"yoast-schema-graph\">{\"@context\":\"https:\/\/schema.org\",\"@graph\":[{\"@type\":\"Article\",\"@id\":\"https:\/\/www.sonoraenequipo.com.mx\/pide-cofetur-a-prestadores-de-servicios-turisticos-no-bajar-la-guardia-ante-el-color-verde-del-semaforo-epidemiologico\/#article\",\"isPartOf\":{\"@id\":\"https:\/\/www.sonoraenequipo.com.mx\/pide-cofetur-a-prestadores-de-servicios-turisticos-no-bajar-la-guardia-ante-el-color-verde-del-semaforo-epidemiologico\/\"},\"author\":{\"name\":\"enequipo\",\"@id\":\"https:\/\/www.sonoraenequipo.com.mx\/#\/schema\/person\/50102df0fb23a8fa9e8effad8fa81386\"},\"headline\":\"Pide Cofetur a prestadores de servicios tur\u00edsticos no bajar la guardia ante el color verde del sem\u00e1foro epidemiol\u00f3gico\",\"datePublished\":\"2021-03-17T02:15:38+00:00\",\"dateModified\":\"2021-03-17T04:28:05+00:00\",\"mainEntityOfPage\":{\"@id\":\"https:\/\/www.sonoraenequipo.com.mx\/pide-cofetur-a-prestadores-de-servicios-turisticos-no-bajar-la-guardia-ante-el-color-verde-del-semaforo-epidemiologico\/\"},\"wordCount\":353,\"commentCount\":0,\"publisher\":{\"@id\":\"https:\/\/www.sonoraenequipo.com.mx\/#organization\"},\"image\":{\"@id\":\"https:\/\/www.sonoraenequipo.com.mx\/pide-cofetur-a-prestadores-de-servicios-turisticos-no-bajar-la-guardia-ante-el-color-verde-del-semaforo-epidemiologico\/#primaryimage\"},\"thumbnailUrl\":\"https:\/\/www.sonoraenequipo.com.mx\/storage\/2021\/03\/cofetur_opt.jpg\",\"articleSection\":[\"Sonora\"],\"inLanguage\":\"es\",\"potentialAction\":[{\"@type\":\"CommentAction\",\"name\":\"Comment\",\"target\":[\"https:\/\/www.sonoraenequipo.com.mx\/pide-cofetur-a-prestadores-de-servicios-turisticos-no-bajar-la-guardia-ante-el-color-verde-del-semaforo-epidemiologico\/#respond\"]}]},{\"@type\":\"WebPage\",\"@id\":\"https:\/\/www.sonoraenequipo.com.mx\/pide-cofetur-a-prestadores-de-servicios-turisticos-no-bajar-la-guardia-ante-el-color-verde-del-semaforo-epidemiologico\/\",\"url\":\"https:\/\/www.sonoraenequipo.com.mx\/pide-cofetur-a-prestadores-de-servicios-turisticos-no-bajar-la-guardia-ante-el-color-verde-del-semaforo-epidemiologico\/\",\"name\":\"Sonora en Equipo. Pide Cofetur a prestadores de servicios tur\u00edsticos no bajar la guardia ante el color verde del sem\u00e1foro epidemiol\u00f3gico Sonora\",\"isPartOf\":{\"@id\":\"https:\/\/www.sonoraenequipo.com.mx\/#website\"},\"primaryImageOfPage\":{\"@id\":\"https:\/\/www.sonoraenequipo.com.mx\/pide-cofetur-a-prestadores-de-servicios-turisticos-no-bajar-la-guardia-ante-el-color-verde-del-semaforo-epidemiologico\/#primaryimage\"},\"image\":{\"@id\":\"https:\/\/www.sonoraenequipo.com.mx\/pide-cofetur-a-prestadores-de-servicios-turisticos-no-bajar-la-guardia-ante-el-color-verde-del-semaforo-epidemiologico\/#primaryimage\"},\"thumbnailUrl\":\"https:\/\/www.sonoraenequipo.com.mx\/storage\/2021\/03\/cofetur_opt.jpg\",\"datePublished\":\"2021-03-17T02:15:38+00:00\",\"dateModified\":\"2021-03-17T04:28:05+00:00\",\"description\":\"HERMOSILLO, SONORA. MX. \u2014 Con la llegada de Sonora al color verde en el sem\u00e1foro epidemiol\u00f3gico implementado por el Gobierno Federal, los prestadores de En Sonora en Equipo publicamos toda la informaci\u00f3n de Sonora, M\u00e9xico y el Mundo de manera oportuna y busca que la libertad de expresi\u00f3n sea real. Visita nuestro medio informativo publicado desde Hermosillo, Sonora. %\",\"breadcrumb\":{\"@id\":\"https:\/\/www.sonoraenequipo.com.mx\/pide-cofetur-a-prestadores-de-servicios-turisticos-no-bajar-la-guardia-ante-el-color-verde-del-semaforo-epidemiologico\/#breadcrumb\"},\"inLanguage\":\"es\",\"potentialAction\":[{\"@type\":\"ReadAction\",\"target\":[\"https:\/\/www.sonoraenequipo.com.mx\/pide-cofetur-a-prestadores-de-servicios-turisticos-no-bajar-la-guardia-ante-el-color-verde-del-semaforo-epidemiologico\/\"]}]},{\"@type\":\"ImageObject\",\"inLanguage\":\"es\",\"@id\":\"https:\/\/www.sonoraenequipo.com.mx\/pide-cofetur-a-prestadores-de-servicios-turisticos-no-bajar-la-guardia-ante-el-color-verde-del-semaforo-epidemiologico\/#primaryimage\",\"url\":\"https:\/\/www.sonoraenequipo.com.mx\/storage\/2021\/03\/cofetur_opt.jpg\",\"contentUrl\":\"https:\/\/www.sonoraenequipo.com.mx\/storage\/2021\/03\/cofetur_opt.jpg\",\"width\":724,\"height\":400},{\"@type\":\"BreadcrumbList\",\"@id\":\"https:\/\/www.sonoraenequipo.com.mx\/pide-cofetur-a-prestadores-de-servicios-turisticos-no-bajar-la-guardia-ante-el-color-verde-del-semaforo-epidemiologico\/#breadcrumb\",\"itemListElement\":[{\"@type\":\"ListItem\",\"position\":1,\"name\":\"Portada\",\"item\":\"https:\/\/www.sonoraenequipo.com.mx\/\"},{\"@type\":\"ListItem\",\"position\":2,\"name\":\"Pide Cofetur a prestadores de servicios tur\u00edsticos no bajar la guardia ante el color verde del sem\u00e1foro epidemiol\u00f3gico\"}]},{\"@type\":\"WebSite\",\"@id\":\"https:\/\/www.sonoraenequipo.com.mx\/#website\",\"url\":\"https:\/\/www.sonoraenequipo.com.mx\/\",\"name\":\"Sonora en Equipo.\",\"description\":\"Diario en l\u00ednea con Noticias desde Hermosillo, Sonora\",\"publisher\":{\"@id\":\"https:\/\/www.sonoraenequipo.com.mx\/#organization\"},\"potentialAction\":[{\"@type\":\"SearchAction\",\"target\":{\"@type\":\"EntryPoint\",\"urlTemplate\":\"https:\/\/www.sonoraenequipo.com.mx\/?s={search_term_string}\"},\"query-input\":{\"@type\":\"PropertyValueSpecification\",\"valueRequired\":true,\"valueName\":\"search_term_string\"}}],\"inLanguage\":\"es\"},{\"@type\":\"Organization\",\"@id\":\"https:\/\/www.sonoraenequipo.com.mx\/#organization\",\"name\":\"Sonoraenequipo.com.mx\",\"url\":\"https:\/\/www.sonoraenequipo.com.mx\/\",\"logo\":{\"@type\":\"ImageObject\",\"inLanguage\":\"es\",\"@id\":\"https:\/\/www.sonoraenequipo.com.mx\/#\/schema\/logo\/image\/\",\"url\":\"https:\/\/www.sonoraenequipo.com.mx\/storage\/2019\/01\/sonoraenequipo_opt.png\",\"contentUrl\":\"https:\/\/www.sonoraenequipo.com.mx\/storage\/2019\/01\/sonoraenequipo_opt.png\",\"width\":375,\"height\":125,\"caption\":\"Sonoraenequipo.com.mx\"},\"image\":{\"@id\":\"https:\/\/www.sonoraenequipo.com.mx\/#\/schema\/logo\/image\/\"},\"sameAs\":[\"https:\/\/www.facebook.com\/SonoraEE\/\",\"https:\/\/x.com\/sonoraenequipo\",\"https:\/\/www.youtube.com\/channel\/UC338nW-lPEYmJQs4ZABQ1SQ\"]},{\"@type\":\"Person\",\"@id\":\"https:\/\/www.sonoraenequipo.com.mx\/#\/schema\/person\/50102df0fb23a8fa9e8effad8fa81386\",\"name\":\"enequipo\",\"image\":{\"@type\":\"ImageObject\",\"inLanguage\":\"es\",\"@id\":\"https:\/\/www.sonoraenequipo.com.mx\/#\/schema\/person\/image\/\",\"url\":\"https:\/\/secure.gravatar.com\/avatar\/049821681b589dabc0bc20695993ccebb09f5b5d4d790cd9251b97faac7c652b?s=96&d=blank&r=g\",\"contentUrl\":\"https:\/\/secure.gravatar.com\/avatar\/049821681b589dabc0bc20695993ccebb09f5b5d4d790cd9251b97faac7c652b?s=96&d=blank&r=g\",\"caption\":\"enequipo\"},\"sameAs\":[\"https:\/\/www.facebook.com\/SonoraEE\"]}]}<\/script>\n ","yoast_head_json":{"title":"Sonora en Equipo. Pide Cofetur a prestadores de servicios tur\u00edsticos no bajar la guardia ante el color verde del sem\u00e1foro epidemiol\u00f3gico Sonora","description":"HERMOSILLO, SONORA. MX. \u2014 Con la llegada de Sonora al color verde en el sem\u00e1foro epidemiol\u00f3gico implementado por el Gobierno Federal, los prestadores de En Sonora en Equipo publicamos toda la informaci\u00f3n de Sonora, M\u00e9xico y el Mundo de manera oportuna y busca que la libertad de expresi\u00f3n sea real. Visita nuestro medio informativo publicado desde Hermosillo, Sonora. %","robots":{"index":"index","follow":"follow","max-snippet":"max-snippet:-1","max-image-preview":"max-image-preview:large","max-video-preview":"max-video-preview:-1"},"canonical":"https:\/\/www.sonoraenequipo.com.mx\/pide-cofetur-a-prestadores-de-servicios-turisticos-no-bajar-la-guardia-ante-el-color-verde-del-semaforo-epidemiologico\/","og_locale":"es_ES","og_type":"article","og_title":"Sonora en Equipo. Pide Cofetur a prestadores de servicios tur\u00edsticos no bajar la guardia ante el color verde del sem\u00e1foro epidemiol\u00f3gico Sonora","og_description":"HERMOSILLO, SONORA. MX. \u2014 Con la llegada de Sonora al color verde en el sem\u00e1foro epidemiol\u00f3gico implementado por el Gobierno Federal, los prestadores de En Sonora en Equipo publicamos toda la informaci\u00f3n de Sonora, M\u00e9xico y el Mundo de manera oportuna y busca que la libertad de expresi\u00f3n sea real. Visita nuestro medio informativo publicado desde Hermosillo, Sonora. %","og_url":"https:\/\/www.sonoraenequipo.com.mx\/pide-cofetur-a-prestadores-de-servicios-turisticos-no-bajar-la-guardia-ante-el-color-verde-del-semaforo-epidemiologico\/","og_site_name":"Sonora en Equipo.","article_publisher":"https:\/\/www.facebook.com\/SonoraEE\/","article_author":"https:\/\/www.facebook.com\/SonoraEE","article_published_time":"2021-03-17T02:15:38+00:00","article_modified_time":"2021-03-17T04:28:05+00:00","og_image":[{"width":724,"height":400,"url":"https:\/\/www.sonoraenequipo.com.mx\/storage\/2021\/03\/cofetur_opt.jpg","type":"image\/jpeg"}],"author":"enequipo","twitter_card":"summary_large_image","twitter_creator":"@sonoraenequipo","twitter_site":"@sonoraenequipo","twitter_misc":{"Escrito por":"enequipo","Tiempo de lectura":"2 minutos"},"schema":{"@context":"https:\/\/schema.org","@graph":[{"@type":"Article","@id":"https:\/\/www.sonoraenequipo.com.mx\/pide-cofetur-a-prestadores-de-servicios-turisticos-no-bajar-la-guardia-ante-el-color-verde-del-semaforo-epidemiologico\/#article","isPartOf":{"@id":"https:\/\/www.sonoraenequipo.com.mx\/pide-cofetur-a-prestadores-de-servicios-turisticos-no-bajar-la-guardia-ante-el-color-verde-del-semaforo-epidemiologico\/"},"author":{"name":"enequipo","@id":"https:\/\/www.sonoraenequipo.com.mx\/#\/schema\/person\/50102df0fb23a8fa9e8effad8fa81386"},"headline":"Pide Cofetur a prestadores de servicios tur\u00edsticos no bajar la guardia ante el color verde del sem\u00e1foro epidemiol\u00f3gico","datePublished":"2021-03-17T02:15:38+00:00","dateModified":"2021-03-17T04:28:05+00:00","mainEntityOfPage":{"@id":"https:\/\/www.sonoraenequipo.com.mx\/pide-cofetur-a-prestadores-de-servicios-turisticos-no-bajar-la-guardia-ante-el-color-verde-del-semaforo-epidemiologico\/"},"wordCount":353,"commentCount":0,"publisher":{"@id":"https:\/\/www.sonoraenequipo.com.mx\/#organization"},"image":{"@id":"https:\/\/www.sonoraenequipo.com.mx\/pide-cofetur-a-prestadores-de-servicios-turisticos-no-bajar-la-guardia-ante-el-color-verde-del-semaforo-epidemiologico\/#primaryimage"},"thumbnailUrl":"https:\/\/www.sonoraenequipo.com.mx\/storage\/2021\/03\/cofetur_opt.jpg","articleSection":["Sonora"],"inLanguage":"es","potentialAction":[{"@type":"CommentAction","name":"Comment","target":["https:\/\/www.sonoraenequipo.com.mx\/pide-cofetur-a-prestadores-de-servicios-turisticos-no-bajar-la-guardia-ante-el-color-verde-del-semaforo-epidemiologico\/#respond"]}]},{"@type":"WebPage","@id":"https:\/\/www.sonoraenequipo.com.mx\/pide-cofetur-a-prestadores-de-servicios-turisticos-no-bajar-la-guardia-ante-el-color-verde-del-semaforo-epidemiologico\/","url":"https:\/\/www.sonoraenequipo.com.mx\/pide-cofetur-a-prestadores-de-servicios-turisticos-no-bajar-la-guardia-ante-el-color-verde-del-semaforo-epidemiologico\/","name":"Sonora en Equipo. Pide Cofetur a prestadores de servicios tur\u00edsticos no bajar la guardia ante el color verde del sem\u00e1foro epidemiol\u00f3gico Sonora","isPartOf":{"@id":"https:\/\/www.sonoraenequipo.com.mx\/#website"},"primaryImageOfPage":{"@id":"https:\/\/www.sonoraenequipo.com.mx\/pide-cofetur-a-prestadores-de-servicios-turisticos-no-bajar-la-guardia-ante-el-color-verde-del-semaforo-epidemiologico\/#primaryimage"},"image":{"@id":"https:\/\/www.sonoraenequipo.com.mx\/pide-cofetur-a-prestadores-de-servicios-turisticos-no-bajar-la-guardia-ante-el-color-verde-del-semaforo-epidemiologico\/#primaryimage"},"thumbnailUrl":"https:\/\/www.sonoraenequipo.com.mx\/storage\/2021\/03\/cofetur_opt.jpg","datePublished":"2021-03-17T02:15:38+00:00","dateModified":"2021-03-17T04:28:05+00:00","description":"HERMOSILLO, SONORA. MX. \u2014 Con la llegada de Sonora al color verde en el sem\u00e1foro epidemiol\u00f3gico implementado por el Gobierno Federal, los prestadores de En Sonora en Equipo publicamos toda la informaci\u00f3n de Sonora, M\u00e9xico y el Mundo de manera oportuna y busca que la libertad de expresi\u00f3n sea real. Visita nuestro medio informativo publicado desde Hermosillo, Sonora. %","breadcrumb":{"@id":"https:\/\/www.sonoraenequipo.com.mx\/pide-cofetur-a-prestadores-de-servicios-turisticos-no-bajar-la-guardia-ante-el-color-verde-del-semaforo-epidemiologico\/#breadcrumb"},"inLanguage":"es","potentialAction":[{"@type":"ReadAction","target":["https:\/\/www.sonoraenequipo.com.mx\/pide-cofetur-a-prestadores-de-servicios-turisticos-no-bajar-la-guardia-ante-el-color-verde-del-semaforo-epidemiologico\/"]}]},{"@type":"ImageObject","inLanguage":"es","@id":"https:\/\/www.sonoraenequipo.com.mx\/pide-cofetur-a-prestadores-de-servicios-turisticos-no-bajar-la-guardia-ante-el-color-verde-del-semaforo-epidemiologico\/#primaryimage","url":"https:\/\/www.sonoraenequipo.com.mx\/storage\/2021\/03\/cofetur_opt.jpg","contentUrl":"https:\/\/www.sonoraenequipo.com.mx\/storage\/2021\/03\/cofetur_opt.jpg","width":724,"height":400},{"@type":"BreadcrumbList","@id":"https:\/\/www.sonoraenequipo.com.mx\/pide-cofetur-a-prestadores-de-servicios-turisticos-no-bajar-la-guardia-ante-el-color-verde-del-semaforo-epidemiologico\/#breadcrumb","itemListElement":[{"@type":"ListItem","position":1,"name":"Portada","item":"https:\/\/www.sonoraenequipo.com.mx\/"},{"@type":"ListItem","position":2,"name":"Pide Cofetur a prestadores de servicios tur\u00edsticos no bajar la guardia ante el color verde del sem\u00e1foro epidemiol\u00f3gico"}]},{"@type":"WebSite","@id":"https:\/\/www.sonoraenequipo.com.mx\/#website","url":"https:\/\/www.sonoraenequipo.com.mx\/","name":"Sonora en Equipo.","description":"Diario en l\u00ednea con Noticias desde Hermosillo, Sonora","publisher":{"@id":"https:\/\/www.sonoraenequipo.com.mx\/#organization"},"potentialAction":[{"@type":"SearchAction","target":{"@type":"EntryPoint","urlTemplate":"https:\/\/www.sonoraenequipo.com.mx\/?s={search_term_string}"},"query-input":{"@type":"PropertyValueSpecification","valueRequired":true,"valueName":"search_term_string"}}],"inLanguage":"es"},{"@type":"Organization","@id":"https:\/\/www.sonoraenequipo.com.mx\/#organization","name":"Sonoraenequipo.com.mx","url":"https:\/\/www.sonoraenequipo.com.mx\/","logo":{"@type":"ImageObject","inLanguage":"es","@id":"https:\/\/www.sonoraenequipo.com.mx\/#\/schema\/logo\/image\/","url":"https:\/\/www.sonoraenequipo.com.mx\/storage\/2019\/01\/sonoraenequipo_opt.png","contentUrl":"https:\/\/www.sonoraenequipo.com.mx\/storage\/2019\/01\/sonoraenequipo_opt.png","width":375,"height":125,"caption":"Sonoraenequipo.com.mx"},"image":{"@id":"https:\/\/www.sonoraenequipo.com.mx\/#\/schema\/logo\/image\/"},"sameAs":["https:\/\/www.facebook.com\/SonoraEE\/","https:\/\/x.com\/sonoraenequipo","https:\/\/www.youtube.com\/channel\/UC338nW-lPEYmJQs4ZABQ1SQ"]},{"@type":"Person","@id":"https:\/\/www.sonoraenequipo.com.mx\/#\/schema\/person\/50102df0fb23a8fa9e8effad8fa81386","name":"enequipo","image":{"@type":"ImageObject","inLanguage":"es","@id":"https:\/\/www.sonoraenequipo.com.mx\/#\/schema\/person\/image\/","url":"https:\/\/secure.gravatar.com\/avatar\/049821681b589dabc0bc20695993ccebb09f5b5d4d790cd9251b97faac7c652b?s=96&d=blank&r=g","contentUrl":"https:\/\/secure.gravatar.com\/avatar\/049821681b589dabc0bc20695993ccebb09f5b5d4d790cd9251b97faac7c652b?s=96&d=blank&r=g","caption":"enequipo"},"sameAs":["https:\/\/www.facebook.com\/SonoraEE"]}]}},"jetpack_featured_media_url":"https:\/\/www.sonoraenequipo.com.mx\/storage\/2021\/03\/cofetur_opt.jpg","_links":{"self":[{"href":"https:\/\/www.sonoraenequipo.com.mx\/api\/wp\/v2\/posts\/109326","targetHints":{"allow":["GET"]}}],"collection":[{"href":"https:\/\/www.sonoraenequipo.com.mx\/api\/wp\/v2\/posts"}],"about":[{"href":"https:\/\/www.sonoraenequipo.com.mx\/api\/wp\/v2\/types\/post"}],"author":[{"embeddable":true,"href":"https:\/\/www.sonoraenequipo.com.mx\/api\/wp\/v2\/users\/1"}],"replies":[{"embeddable":true,"href":"https:\/\/www.sonoraenequipo.com.mx\/api\/wp\/v2\/comments?post=109326"}],"version-history":[{"count":1,"href":"https:\/\/www.sonoraenequipo.com.mx\/api\/wp\/v2\/posts\/109326\/revisions"}],"predecessor-version":[{"id":109328,"href":"https:\/\/www.sonoraenequipo.com.mx\/api\/wp\/v2\/posts\/109326\/revisions\/109328"}],"wp:featuredmedia":[{"embeddable":true,"href":"https:\/\/www.sonoraenequipo.com.mx\/api\/wp\/v2\/media\/109327"}],"wp:attachment":[{"href":"https:\/\/www.sonoraenequipo.com.mx\/api\/wp\/v2\/media?parent=109326"}],"wp:term":[{"taxonomy":"category","embeddable":true,"href":"https:\/\/www.sonoraenequipo.com.mx\/api\/wp\/v2\/categories?post=109326"},{"taxonomy":"post_tag","embeddable":true,"href":"https:\/\/www.sonoraenequipo.com.mx\/api\/wp\/v2\/tags?post=109326"}],"curies":[{"name":"wp","href":"https:\/\/api.w.org\/{rel}","templated":true}]}}