{"id":109334,"date":"2021-03-16T23:55:28","date_gmt":"2021-03-17T06:55:28","guid":{"rendered":"https:\/\/www.sonoraenequipo.com.mx\/?p=109334"},"modified":"2021-03-17T07:56:22","modified_gmt":"2021-03-17T14:56:22","slug":"reconoce-gobernadora-pavlovich-a-personal-del-sector-salud-por-su-entrega-durante-la-pandemia","status":"publish","type":"post","link":"https:\/\/www.sonoraenequipo.com.mx\/reconoce-gobernadora-pavlovich-a-personal-del-sector-salud-por-su-entrega-durante-la-pandemia\/","title":{"rendered":"Reconoce Gobernadora Pavlovich a personal del sector salud por su entrega durante la pandemia"},"content":{"rendered":"<p>HERMOSILLO, SONORA. MX. \u2014 El personal que labora en el sector salud ha brindado una lecci\u00f3n de humanidad ya que con su entrega y sacrificio, a lo largo de un a\u00f1o, han atendido con gran profesionalismo y vocaci\u00f3n de servir a la poblaci\u00f3n que ha padecido COVID-19, destac\u00f3 la gobernadora Claudia Pavlovich Arellano al homenajear a quienes han estado al frente de la pandemia desde que se registr\u00f3 el primer caso.<\/p>\n<p>&nbsp;<\/p>\n<p> <\/p>\n<p>Al encabezar la conmemoraci\u00f3n \u201c<em>Sonora Camino al Ma\u00f1ana\u201d,<\/em> la mandataria estatal reconoci\u00f3 el esfuerzo de las trabajadoras y los trabajadores del sector salud por su entrega y sacrificio al atender a quienes han padecido COVID-19.<\/p>\n<p>&nbsp;<\/p>\n<p><em>\u201cUstedes, el personal de salud, p\u00fablico y privado, nos han dado una gran lecci\u00f3n a la humanidad, ustedes han sido generosos, han sido resilientes, han sido pacientes, han sido sumamente fuertes, yo les agradezco su tiempo y entrega, estamos aqu\u00ed para recordar a aquellos que ya no est\u00e1n con nosotros, pero tambi\u00e9n estamos aqu\u00ed para agradecerles todo el apoyo que nos siguen brindando todos los d\u00edas\u201d<\/em>, se\u00f1al\u00f3.<\/p>\n<p>&nbsp;<\/p>\n<p>Acompa\u00f1ada de Enrique Clausen Iberri, secretario de Salud en Sonora, la gobernadora Pavlovich inici\u00f3 la jornada conmemorativa de este primer a\u00f1o de la llegada del COVID-19 al estado, con una misa por la salud de los pacientes que luchan contra esta enfermedad, en memoria de las personas que han perdido la batalla y en honor de los h\u00e9roes y hero\u00ednas de bata blanca que han fallecido a causa de este virus y de los que lo siguen enfrentando salvando vidas; posteriormente, asisti\u00f3 a la charla virtual con el campe\u00f3n s\u00faper pluma del Consejo Mundial de Boxeo, \u00d3scar Valdez.<\/p>\n<p>&nbsp;<\/p>\n<p>La mandataria estatal tambi\u00e9n acudi\u00f3 al Hospital General del Estado de Sonora, donde en punto de las 14:30 horas, al un\u00edsono de las sirenas de ambulancias, torretas de patrullas, claxons de autom\u00f3viles y aplausos, se reconoci\u00f3 a todo el personal m\u00e9dico que ha dado la batalla durante esta pandemia.<\/p>\n<p>&nbsp;<\/p>\n<p><em>\u201cYo les pido que no bajen la guardia, sigamos luchando, sigamos trabajando, sobre todo por todos ellos que arriesgan la vida todos los d\u00edas por nosotros y por los enfermos, los que est\u00e1n aqu\u00ed, el personal de salud, de frente, valiente; por ellos debemos ser generosos, debemos de ser solidarios, y no, no nos podemos dar el lujo de bajar la guardia\u201d<\/em>, indic\u00f3.<\/p>\n<p>&nbsp;<\/p>\n<p>Marcos Jos\u00e9 Serrato F\u00e9lix, director del Hospital General del Estado de Sonora, record\u00f3 que hace un a\u00f1o se hac\u00edan simulacros para la recepci\u00f3n de pacientes COVID y revisi\u00f3n de todos los protocolos y minutos m\u00e1s tarde, se recibi\u00f3 al primer paciente positivo, \u201chemos aprendido el valor de la palabra resiliencia, hemos salido adelante, estamos preparados y, sin embargo, sabemos que la batalla a\u00fan no termina, lo m\u00e1s importante es que no aflojemos, el COVID no se ha ido, nos ha dado un respiro pero no se ha ido, tenemos que seguirnos cuidando\u201d<\/p>\n<p>&nbsp;<\/p>\n<p>Paloma Valdovinos Morales, coordinadora estatal de Gesti\u00f3n del Cuidado Enfermero en la Secretar\u00eda de Salud, expres\u00f3 lo dif\u00edcil que ha sido para el personal de salud el \u00faltimo a\u00f1o de trabajo, sin embargo, han sabido adaptarse para brindar la mejor atenci\u00f3n a las y los sonorenses.<\/p>\n<p>&nbsp;<\/p>\n<p><em>\u201cYa cumplimos un a\u00f1o de estar en los hospitales, en los centros de salud, viviendo una situaci\u00f3n que para nosotros es hist\u00f3rica, si bien tiene precedentes por otras pandemias que ha habido, en nuestra era no hab\u00eda sucedido algo tan fuerte o tan pesado como esto y sobre todo, tan repentino, tuvimos que realizar diferentes estrategias para podernos preparar, est\u00e1bamos acostumbrados a capacitarnos como personal de salud de manera continua, sin embargo tuvimos que cambiar la estrategia de capacitaci\u00f3n, as\u00ed que ten\u00edamos que ver c\u00f3mo capacitar a mucha gente de la misma manera pero a distancia\u201d,<\/em> dijo.<\/p>\n<p>&nbsp;<\/p>\n<p>\u00d3scar Valdez, campe\u00f3n del peso S\u00faper Pluma del Consejo Mundial de Boxeo, agradeci\u00f3 al personal del sector salud por todo el trabajo que ha hecho por la poblaci\u00f3n y llam\u00f3 a las y los sonorenses a que no bajen la guardia durante el periodo de Semana Santa.<\/p>\n<p>&nbsp;<\/p>\n<p><em>\u201cSe entiende que muchas personas puedan estar desesperadas, que quieran salir, m\u00e1s que ya viene Semana Santa, queremos estar con la familia, pero creo que es m\u00e1s importante la salud de la familia, mientras tanto que no salgan las vacunas para todos nuestros seres queridos, y adultos mayores y que todos estemos bien, ya ser\u00e1n momentos de disfrutar con la familia, de salir a donde tengamos que salir, pero escuchar esas palabras te hacen abrir los ojos, a m\u00ed no me gustar\u00eda de alguna manera enfermar a mis padres, a mis abuelos, o gente mayor que son los que m\u00e1s tienen problemas y m\u00e1s se nos pueden ir con esta pandemia\u201d,<\/em> mencion\u00f3.<\/p>\n<p>&nbsp;<\/p>\n<p>&nbsp;<\/p>\n<p>Presentes: Epifanio Salido Pavlovich, jefe de la oficina del Ejecutivo Estatal; David Anaya Cooley, secretario de Seguridad P\u00fablica; y Gabriel Tapia Montiel, director de la Comisi\u00f3n del Deporte del Estado de Sonora.<\/p>\n<p>&nbsp;<\/p>\n<p>(Publicada el 16\/03\/2021)<\/p>\n","protected":false},"excerpt":{"rendered":"<p>HERMOSILLO, SONORA. MX. \u2014 El personal que labora en el sector salud ha brindado una&#8230;<\/p>\n","protected":false},"author":1,"featured_media":109336,"comment_status":"open","ping_status":"open","sticky":false,"template":"","format":"standard","meta":{"_monsterinsights_skip_tracking":false,"_monsterinsights_sitenote_active":false,"_monsterinsights_sitenote_note":"","_monsterinsights_sitenote_category":0,"footnotes":""},"categories":[22],"tags":[],"class_list":["post"],"yoast_head":" \n<title>Sonora en Equipo. Reconoce Gobernadora Pavlovich a personal del sector salud por su entrega durante la pandemia Sonora<\/title>\n<meta name=\"description\" content=\"HERMOSILLO, SONORA. MX. \u2014 El personal que labora en el sector salud ha brindado una lecci\u00f3n de humanidad ya que con su entrega y sacrificio, a lo largo de En Sonora en Equipo publicamos toda la informaci\u00f3n de Sonora, M\u00e9xico y el Mundo de manera oportuna y busca que la libertad de expresi\u00f3n sea real. Visita nuestro medio informativo publicado desde Hermosillo, Sonora. %\" \/>\n<meta name=\"robots\" content=\"index, follow, max-snippet:-1, max-image-preview:large, max-video-preview:-1\" \/>\n<link rel=\"canonical\" href=\"https:\/\/www.sonoraenequipo.com.mx\/reconoce-gobernadora-pavlovich-a-personal-del-sector-salud-por-su-entrega-durante-la-pandemia\/\" \/>\n<meta property=\"og:locale\" content=\"es_ES\" \/>\n<meta property=\"og:type\" content=\"article\" \/>\n<meta property=\"og:title\" content=\"Sonora en Equipo. Reconoce Gobernadora Pavlovich a personal del sector salud por su entrega durante la pandemia Sonora\" \/>\n<meta property=\"og:description\" content=\"HERMOSILLO, SONORA. MX. \u2014 El personal que labora en el sector salud ha brindado una lecci\u00f3n de humanidad ya que con su entrega y sacrificio, a lo largo de En Sonora en Equipo publicamos toda la informaci\u00f3n de Sonora, M\u00e9xico y el Mundo de manera oportuna y busca que la libertad de expresi\u00f3n sea real. Visita nuestro medio informativo publicado desde Hermosillo, Sonora. %\" \/>\n<meta property=\"og:url\" content=\"https:\/\/www.sonoraenequipo.com.mx\/reconoce-gobernadora-pavlovich-a-personal-del-sector-salud-por-su-entrega-durante-la-pandemia\/\" \/>\n<meta property=\"og:site_name\" content=\"Sonora en Equipo.\" \/>\n<meta property=\"article:publisher\" content=\"https:\/\/www.facebook.com\/SonoraEE\/\" \/>\n<meta property=\"article:author\" content=\"https:\/\/www.facebook.com\/SonoraEE\" \/>\n<meta property=\"article:published_time\" content=\"2021-03-17T06:55:28+00:00\" \/>\n<meta property=\"article:modified_time\" content=\"2021-03-17T14:56:22+00:00\" \/>\n<meta property=\"og:image\" content=\"https:\/\/www.sonoraenequipo.com.mx\/storage\/2021\/03\/CPA-Reconoce-sector-salud-4_opt.jpg\" \/>\n\t<meta property=\"og:image:width\" content=\"750\" \/>\n\t<meta property=\"og:image:height\" content=\"500\" \/>\n\t<meta property=\"og:image:type\" content=\"image\/jpeg\" \/>\n<meta name=\"author\" content=\"enequipo\" \/>\n<meta name=\"twitter:card\" content=\"summary_large_image\" \/>\n<meta name=\"twitter:creator\" content=\"@sonoraenequipo\" \/>\n<meta name=\"twitter:site\" content=\"@sonoraenequipo\" \/>\n<meta name=\"twitter:label1\" content=\"Escrito por\" \/>\n\t<meta name=\"twitter:data1\" content=\"enequipo\" \/>\n\t<meta name=\"twitter:label2\" content=\"Tiempo de lectura\" \/>\n\t<meta name=\"twitter:data2\" content=\"4 minutos\" \/>\n<script type=\"application\/ld+json\" class=\"yoast-schema-graph\">{\"@context\":\"https:\/\/schema.org\",\"@graph\":[{\"@type\":\"Article\",\"@id\":\"https:\/\/www.sonoraenequipo.com.mx\/reconoce-gobernadora-pavlovich-a-personal-del-sector-salud-por-su-entrega-durante-la-pandemia\/#article\",\"isPartOf\":{\"@id\":\"https:\/\/www.sonoraenequipo.com.mx\/reconoce-gobernadora-pavlovich-a-personal-del-sector-salud-por-su-entrega-durante-la-pandemia\/\"},\"author\":{\"name\":\"enequipo\",\"@id\":\"https:\/\/www.sonoraenequipo.com.mx\/#\/schema\/person\/50102df0fb23a8fa9e8effad8fa81386\"},\"headline\":\"Reconoce Gobernadora Pavlovich a personal del sector salud por su entrega durante la pandemia\",\"datePublished\":\"2021-03-17T06:55:28+00:00\",\"dateModified\":\"2021-03-17T14:56:22+00:00\",\"mainEntityOfPage\":{\"@id\":\"https:\/\/www.sonoraenequipo.com.mx\/reconoce-gobernadora-pavlovich-a-personal-del-sector-salud-por-su-entrega-durante-la-pandemia\/\"},\"wordCount\":892,\"commentCount\":0,\"publisher\":{\"@id\":\"https:\/\/www.sonoraenequipo.com.mx\/#organization\"},\"image\":{\"@id\":\"https:\/\/www.sonoraenequipo.com.mx\/reconoce-gobernadora-pavlovich-a-personal-del-sector-salud-por-su-entrega-durante-la-pandemia\/#primaryimage\"},\"thumbnailUrl\":\"https:\/\/www.sonoraenequipo.com.mx\/storage\/2021\/03\/CPA-Reconoce-sector-salud-4_opt.jpg\",\"articleSection\":[\"Sonora\"],\"inLanguage\":\"es\",\"potentialAction\":[{\"@type\":\"CommentAction\",\"name\":\"Comment\",\"target\":[\"https:\/\/www.sonoraenequipo.com.mx\/reconoce-gobernadora-pavlovich-a-personal-del-sector-salud-por-su-entrega-durante-la-pandemia\/#respond\"]}]},{\"@type\":\"WebPage\",\"@id\":\"https:\/\/www.sonoraenequipo.com.mx\/reconoce-gobernadora-pavlovich-a-personal-del-sector-salud-por-su-entrega-durante-la-pandemia\/\",\"url\":\"https:\/\/www.sonoraenequipo.com.mx\/reconoce-gobernadora-pavlovich-a-personal-del-sector-salud-por-su-entrega-durante-la-pandemia\/\",\"name\":\"Sonora en Equipo. Reconoce Gobernadora Pavlovich a personal del sector salud por su entrega durante la pandemia Sonora\",\"isPartOf\":{\"@id\":\"https:\/\/www.sonoraenequipo.com.mx\/#website\"},\"primaryImageOfPage\":{\"@id\":\"https:\/\/www.sonoraenequipo.com.mx\/reconoce-gobernadora-pavlovich-a-personal-del-sector-salud-por-su-entrega-durante-la-pandemia\/#primaryimage\"},\"image\":{\"@id\":\"https:\/\/www.sonoraenequipo.com.mx\/reconoce-gobernadora-pavlovich-a-personal-del-sector-salud-por-su-entrega-durante-la-pandemia\/#primaryimage\"},\"thumbnailUrl\":\"https:\/\/www.sonoraenequipo.com.mx\/storage\/2021\/03\/CPA-Reconoce-sector-salud-4_opt.jpg\",\"datePublished\":\"2021-03-17T06:55:28+00:00\",\"dateModified\":\"2021-03-17T14:56:22+00:00\",\"description\":\"HERMOSILLO, SONORA. MX. \u2014 El personal que labora en el sector salud ha brindado una lecci\u00f3n de humanidad ya que con su entrega y sacrificio, a lo largo de En Sonora en Equipo publicamos toda la informaci\u00f3n de Sonora, M\u00e9xico y el Mundo de manera oportuna y busca que la libertad de expresi\u00f3n sea real. Visita nuestro medio informativo publicado desde Hermosillo, Sonora. %\",\"breadcrumb\":{\"@id\":\"https:\/\/www.sonoraenequipo.com.mx\/reconoce-gobernadora-pavlovich-a-personal-del-sector-salud-por-su-entrega-durante-la-pandemia\/#breadcrumb\"},\"inLanguage\":\"es\",\"potentialAction\":[{\"@type\":\"ReadAction\",\"target\":[\"https:\/\/www.sonoraenequipo.com.mx\/reconoce-gobernadora-pavlovich-a-personal-del-sector-salud-por-su-entrega-durante-la-pandemia\/\"]}]},{\"@type\":\"ImageObject\",\"inLanguage\":\"es\",\"@id\":\"https:\/\/www.sonoraenequipo.com.mx\/reconoce-gobernadora-pavlovich-a-personal-del-sector-salud-por-su-entrega-durante-la-pandemia\/#primaryimage\",\"url\":\"https:\/\/www.sonoraenequipo.com.mx\/storage\/2021\/03\/CPA-Reconoce-sector-salud-4_opt.jpg\",\"contentUrl\":\"https:\/\/www.sonoraenequipo.com.mx\/storage\/2021\/03\/CPA-Reconoce-sector-salud-4_opt.jpg\",\"width\":750,\"height\":500},{\"@type\":\"BreadcrumbList\",\"@id\":\"https:\/\/www.sonoraenequipo.com.mx\/reconoce-gobernadora-pavlovich-a-personal-del-sector-salud-por-su-entrega-durante-la-pandemia\/#breadcrumb\",\"itemListElement\":[{\"@type\":\"ListItem\",\"position\":1,\"name\":\"Portada\",\"item\":\"https:\/\/www.sonoraenequipo.com.mx\/\"},{\"@type\":\"ListItem\",\"position\":2,\"name\":\"Reconoce Gobernadora Pavlovich a personal del sector salud por su entrega durante la pandemia\"}]},{\"@type\":\"WebSite\",\"@id\":\"https:\/\/www.sonoraenequipo.com.mx\/#website\",\"url\":\"https:\/\/www.sonoraenequipo.com.mx\/\",\"name\":\"Sonora en Equipo.\",\"description\":\"Diario en l\u00ednea con Noticias desde Hermosillo, Sonora\",\"publisher\":{\"@id\":\"https:\/\/www.sonoraenequipo.com.mx\/#organization\"},\"potentialAction\":[{\"@type\":\"SearchAction\",\"target\":{\"@type\":\"EntryPoint\",\"urlTemplate\":\"https:\/\/www.sonoraenequipo.com.mx\/?s={search_term_string}\"},\"query-input\":{\"@type\":\"PropertyValueSpecification\",\"valueRequired\":true,\"valueName\":\"search_term_string\"}}],\"inLanguage\":\"es\"},{\"@type\":\"Organization\",\"@id\":\"https:\/\/www.sonoraenequipo.com.mx\/#organization\",\"name\":\"Sonoraenequipo.com.mx\",\"url\":\"https:\/\/www.sonoraenequipo.com.mx\/\",\"logo\":{\"@type\":\"ImageObject\",\"inLanguage\":\"es\",\"@id\":\"https:\/\/www.sonoraenequipo.com.mx\/#\/schema\/logo\/image\/\",\"url\":\"https:\/\/www.sonoraenequipo.com.mx\/storage\/2019\/01\/sonoraenequipo_opt.png\",\"contentUrl\":\"https:\/\/www.sonoraenequipo.com.mx\/storage\/2019\/01\/sonoraenequipo_opt.png\",\"width\":375,\"height\":125,\"caption\":\"Sonoraenequipo.com.mx\"},\"image\":{\"@id\":\"https:\/\/www.sonoraenequipo.com.mx\/#\/schema\/logo\/image\/\"},\"sameAs\":[\"https:\/\/www.facebook.com\/SonoraEE\/\",\"https:\/\/x.com\/sonoraenequipo\",\"https:\/\/www.youtube.com\/channel\/UC338nW-lPEYmJQs4ZABQ1SQ\"]},{\"@type\":\"Person\",\"@id\":\"https:\/\/www.sonoraenequipo.com.mx\/#\/schema\/person\/50102df0fb23a8fa9e8effad8fa81386\",\"name\":\"enequipo\",\"image\":{\"@type\":\"ImageObject\",\"inLanguage\":\"es\",\"@id\":\"https:\/\/www.sonoraenequipo.com.mx\/#\/schema\/person\/image\/\",\"url\":\"https:\/\/secure.gravatar.com\/avatar\/049821681b589dabc0bc20695993ccebb09f5b5d4d790cd9251b97faac7c652b?s=96&d=blank&r=g\",\"contentUrl\":\"https:\/\/secure.gravatar.com\/avatar\/049821681b589dabc0bc20695993ccebb09f5b5d4d790cd9251b97faac7c652b?s=96&d=blank&r=g\",\"caption\":\"enequipo\"},\"sameAs\":[\"https:\/\/www.facebook.com\/SonoraEE\"]}]}<\/script>\n ","yoast_head_json":{"title":"Sonora en Equipo. Reconoce Gobernadora Pavlovich a personal del sector salud por su entrega durante la pandemia Sonora","description":"HERMOSILLO, SONORA. MX. \u2014 El personal que labora en el sector salud ha brindado una lecci\u00f3n de humanidad ya que con su entrega y sacrificio, a lo largo de En Sonora en Equipo publicamos toda la informaci\u00f3n de Sonora, M\u00e9xico y el Mundo de manera oportuna y busca que la libertad de expresi\u00f3n sea real. Visita nuestro medio informativo publicado desde Hermosillo, Sonora. %","robots":{"index":"index","follow":"follow","max-snippet":"max-snippet:-1","max-image-preview":"max-image-preview:large","max-video-preview":"max-video-preview:-1"},"canonical":"https:\/\/www.sonoraenequipo.com.mx\/reconoce-gobernadora-pavlovich-a-personal-del-sector-salud-por-su-entrega-durante-la-pandemia\/","og_locale":"es_ES","og_type":"article","og_title":"Sonora en Equipo. Reconoce Gobernadora Pavlovich a personal del sector salud por su entrega durante la pandemia Sonora","og_description":"HERMOSILLO, SONORA. MX. \u2014 El personal que labora en el sector salud ha brindado una lecci\u00f3n de humanidad ya que con su entrega y sacrificio, a lo largo de En Sonora en Equipo publicamos toda la informaci\u00f3n de Sonora, M\u00e9xico y el Mundo de manera oportuna y busca que la libertad de expresi\u00f3n sea real. Visita nuestro medio informativo publicado desde Hermosillo, Sonora. %","og_url":"https:\/\/www.sonoraenequipo.com.mx\/reconoce-gobernadora-pavlovich-a-personal-del-sector-salud-por-su-entrega-durante-la-pandemia\/","og_site_name":"Sonora en Equipo.","article_publisher":"https:\/\/www.facebook.com\/SonoraEE\/","article_author":"https:\/\/www.facebook.com\/SonoraEE","article_published_time":"2021-03-17T06:55:28+00:00","article_modified_time":"2021-03-17T14:56:22+00:00","og_image":[{"width":750,"height":500,"url":"https:\/\/www.sonoraenequipo.com.mx\/storage\/2021\/03\/CPA-Reconoce-sector-salud-4_opt.jpg","type":"image\/jpeg"}],"author":"enequipo","twitter_card":"summary_large_image","twitter_creator":"@sonoraenequipo","twitter_site":"@sonoraenequipo","twitter_misc":{"Escrito por":"enequipo","Tiempo de lectura":"4 minutos"},"schema":{"@context":"https:\/\/schema.org","@graph":[{"@type":"Article","@id":"https:\/\/www.sonoraenequipo.com.mx\/reconoce-gobernadora-pavlovich-a-personal-del-sector-salud-por-su-entrega-durante-la-pandemia\/#article","isPartOf":{"@id":"https:\/\/www.sonoraenequipo.com.mx\/reconoce-gobernadora-pavlovich-a-personal-del-sector-salud-por-su-entrega-durante-la-pandemia\/"},"author":{"name":"enequipo","@id":"https:\/\/www.sonoraenequipo.com.mx\/#\/schema\/person\/50102df0fb23a8fa9e8effad8fa81386"},"headline":"Reconoce Gobernadora Pavlovich a personal del sector salud por su entrega durante la pandemia","datePublished":"2021-03-17T06:55:28+00:00","dateModified":"2021-03-17T14:56:22+00:00","mainEntityOfPage":{"@id":"https:\/\/www.sonoraenequipo.com.mx\/reconoce-gobernadora-pavlovich-a-personal-del-sector-salud-por-su-entrega-durante-la-pandemia\/"},"wordCount":892,"commentCount":0,"publisher":{"@id":"https:\/\/www.sonoraenequipo.com.mx\/#organization"},"image":{"@id":"https:\/\/www.sonoraenequipo.com.mx\/reconoce-gobernadora-pavlovich-a-personal-del-sector-salud-por-su-entrega-durante-la-pandemia\/#primaryimage"},"thumbnailUrl":"https:\/\/www.sonoraenequipo.com.mx\/storage\/2021\/03\/CPA-Reconoce-sector-salud-4_opt.jpg","articleSection":["Sonora"],"inLanguage":"es","potentialAction":[{"@type":"CommentAction","name":"Comment","target":["https:\/\/www.sonoraenequipo.com.mx\/reconoce-gobernadora-pavlovich-a-personal-del-sector-salud-por-su-entrega-durante-la-pandemia\/#respond"]}]},{"@type":"WebPage","@id":"https:\/\/www.sonoraenequipo.com.mx\/reconoce-gobernadora-pavlovich-a-personal-del-sector-salud-por-su-entrega-durante-la-pandemia\/","url":"https:\/\/www.sonoraenequipo.com.mx\/reconoce-gobernadora-pavlovich-a-personal-del-sector-salud-por-su-entrega-durante-la-pandemia\/","name":"Sonora en Equipo. Reconoce Gobernadora Pavlovich a personal del sector salud por su entrega durante la pandemia Sonora","isPartOf":{"@id":"https:\/\/www.sonoraenequipo.com.mx\/#website"},"primaryImageOfPage":{"@id":"https:\/\/www.sonoraenequipo.com.mx\/reconoce-gobernadora-pavlovich-a-personal-del-sector-salud-por-su-entrega-durante-la-pandemia\/#primaryimage"},"image":{"@id":"https:\/\/www.sonoraenequipo.com.mx\/reconoce-gobernadora-pavlovich-a-personal-del-sector-salud-por-su-entrega-durante-la-pandemia\/#primaryimage"},"thumbnailUrl":"https:\/\/www.sonoraenequipo.com.mx\/storage\/2021\/03\/CPA-Reconoce-sector-salud-4_opt.jpg","datePublished":"2021-03-17T06:55:28+00:00","dateModified":"2021-03-17T14:56:22+00:00","description":"HERMOSILLO, SONORA. MX. \u2014 El personal que labora en el sector salud ha brindado una lecci\u00f3n de humanidad ya que con su entrega y sacrificio, a lo largo de En Sonora en Equipo publicamos toda la informaci\u00f3n de Sonora, M\u00e9xico y el Mundo de manera oportuna y busca que la libertad de expresi\u00f3n sea real. Visita nuestro medio informativo publicado desde Hermosillo, Sonora. %","breadcrumb":{"@id":"https:\/\/www.sonoraenequipo.com.mx\/reconoce-gobernadora-pavlovich-a-personal-del-sector-salud-por-su-entrega-durante-la-pandemia\/#breadcrumb"},"inLanguage":"es","potentialAction":[{"@type":"ReadAction","target":["https:\/\/www.sonoraenequipo.com.mx\/reconoce-gobernadora-pavlovich-a-personal-del-sector-salud-por-su-entrega-durante-la-pandemia\/"]}]},{"@type":"ImageObject","inLanguage":"es","@id":"https:\/\/www.sonoraenequipo.com.mx\/reconoce-gobernadora-pavlovich-a-personal-del-sector-salud-por-su-entrega-durante-la-pandemia\/#primaryimage","url":"https:\/\/www.sonoraenequipo.com.mx\/storage\/2021\/03\/CPA-Reconoce-sector-salud-4_opt.jpg","contentUrl":"https:\/\/www.sonoraenequipo.com.mx\/storage\/2021\/03\/CPA-Reconoce-sector-salud-4_opt.jpg","width":750,"height":500},{"@type":"BreadcrumbList","@id":"https:\/\/www.sonoraenequipo.com.mx\/reconoce-gobernadora-pavlovich-a-personal-del-sector-salud-por-su-entrega-durante-la-pandemia\/#breadcrumb","itemListElement":[{"@type":"ListItem","position":1,"name":"Portada","item":"https:\/\/www.sonoraenequipo.com.mx\/"},{"@type":"ListItem","position":2,"name":"Reconoce Gobernadora Pavlovich a personal del sector salud por su entrega durante la pandemia"}]},{"@type":"WebSite","@id":"https:\/\/www.sonoraenequipo.com.mx\/#website","url":"https:\/\/www.sonoraenequipo.com.mx\/","name":"Sonora en Equipo.","description":"Diario en l\u00ednea con Noticias desde Hermosillo, Sonora","publisher":{"@id":"https:\/\/www.sonoraenequipo.com.mx\/#organization"},"potentialAction":[{"@type":"SearchAction","target":{"@type":"EntryPoint","urlTemplate":"https:\/\/www.sonoraenequipo.com.mx\/?s={search_term_string}"},"query-input":{"@type":"PropertyValueSpecification","valueRequired":true,"valueName":"search_term_string"}}],"inLanguage":"es"},{"@type":"Organization","@id":"https:\/\/www.sonoraenequipo.com.mx\/#organization","name":"Sonoraenequipo.com.mx","url":"https:\/\/www.sonoraenequipo.com.mx\/","logo":{"@type":"ImageObject","inLanguage":"es","@id":"https:\/\/www.sonoraenequipo.com.mx\/#\/schema\/logo\/image\/","url":"https:\/\/www.sonoraenequipo.com.mx\/storage\/2019\/01\/sonoraenequipo_opt.png","contentUrl":"https:\/\/www.sonoraenequipo.com.mx\/storage\/2019\/01\/sonoraenequipo_opt.png","width":375,"height":125,"caption":"Sonoraenequipo.com.mx"},"image":{"@id":"https:\/\/www.sonoraenequipo.com.mx\/#\/schema\/logo\/image\/"},"sameAs":["https:\/\/www.facebook.com\/SonoraEE\/","https:\/\/x.com\/sonoraenequipo","https:\/\/www.youtube.com\/channel\/UC338nW-lPEYmJQs4ZABQ1SQ"]},{"@type":"Person","@id":"https:\/\/www.sonoraenequipo.com.mx\/#\/schema\/person\/50102df0fb23a8fa9e8effad8fa81386","name":"enequipo","image":{"@type":"ImageObject","inLanguage":"es","@id":"https:\/\/www.sonoraenequipo.com.mx\/#\/schema\/person\/image\/","url":"https:\/\/secure.gravatar.com\/avatar\/049821681b589dabc0bc20695993ccebb09f5b5d4d790cd9251b97faac7c652b?s=96&d=blank&r=g","contentUrl":"https:\/\/secure.gravatar.com\/avatar\/049821681b589dabc0bc20695993ccebb09f5b5d4d790cd9251b97faac7c652b?s=96&d=blank&r=g","caption":"enequipo"},"sameAs":["https:\/\/www.facebook.com\/SonoraEE"]}]}},"jetpack_featured_media_url":"https:\/\/www.sonoraenequipo.com.mx\/storage\/2021\/03\/CPA-Reconoce-sector-salud-4_opt.jpg","_links":{"self":[{"href":"https:\/\/www.sonoraenequipo.com.mx\/api\/wp\/v2\/posts\/109334","targetHints":{"allow":["GET"]}}],"collection":[{"href":"https:\/\/www.sonoraenequipo.com.mx\/api\/wp\/v2\/posts"}],"about":[{"href":"https:\/\/www.sonoraenequipo.com.mx\/api\/wp\/v2\/types\/post"}],"author":[{"embeddable":true,"href":"https:\/\/www.sonoraenequipo.com.mx\/api\/wp\/v2\/users\/1"}],"replies":[{"embeddable":true,"href":"https:\/\/www.sonoraenequipo.com.mx\/api\/wp\/v2\/comments?post=109334"}],"version-history":[{"count":1,"href":"https:\/\/www.sonoraenequipo.com.mx\/api\/wp\/v2\/posts\/109334\/revisions"}],"predecessor-version":[{"id":109338,"href":"https:\/\/www.sonoraenequipo.com.mx\/api\/wp\/v2\/posts\/109334\/revisions\/109338"}],"wp:featuredmedia":[{"embeddable":true,"href":"https:\/\/www.sonoraenequipo.com.mx\/api\/wp\/v2\/media\/109336"}],"wp:attachment":[{"href":"https:\/\/www.sonoraenequipo.com.mx\/api\/wp\/v2\/media?parent=109334"}],"wp:term":[{"taxonomy":"category","embeddable":true,"href":"https:\/\/www.sonoraenequipo.com.mx\/api\/wp\/v2\/categories?post=109334"},{"taxonomy":"post_tag","embeddable":true,"href":"https:\/\/www.sonoraenequipo.com.mx\/api\/wp\/v2\/tags?post=109334"}],"curies":[{"name":"wp","href":"https:\/\/api.w.org\/{rel}","templated":true}]}}