{"id":109344,"date":"2021-03-16T21:36:47","date_gmt":"2021-03-17T04:36:47","guid":{"rendered":"https:\/\/www.sonoraenequipo.com.mx\/?p=109344"},"modified":"2021-03-17T08:22:12","modified_gmt":"2021-03-17T15:22:12","slug":"ha-sido-un-ano-que-dejo-marcada-a-la-humanidad-para-siempre-enrique-clausen-iberri","status":"publish","type":"post","link":"https:\/\/www.sonoraenequipo.com.mx\/ha-sido-un-ano-que-dejo-marcada-a-la-humanidad-para-siempre-enrique-clausen-iberri\/","title":{"rendered":"Ha sido un a\u00f1o que dej\u00f3 marcada a la humanidad para siempre: Enrique Clausen Iberri"},"content":{"rendered":"<p>HERMOSILLO, SONORA. MX. \u2014 A un a\u00f1o de que lleg\u00f3 el COVID a Sonora, se ha librado una batalla sin cuartel ante un enemigo invisible, cruel y despiadado, el cual sigue en enlutando a las familias sonorenses y ha dejado marcada a la humanidad para siempre, resalt\u00f3 Enrique Clausen Iberri.<\/p>\n<p>&nbsp;<\/p>\n<p> <\/p>\n<p>&nbsp;<\/p>\n<p>Tras confirmarse 23 nuevos casos y 1 defunci\u00f3n m\u00e1s por COVID-19 en Sonora, el secretario de Salud en el estado record\u00f3 que durante un a\u00f1o se ha vivido dolor, desesperaci\u00f3n y angustia, pero tambi\u00e9n muestras de solidaridad y reconocimiento hacia el sector m\u00e9dico, quienes han entregado su vida por la de las y los sonorenses.<\/p>\n<p>&nbsp;<\/p>\n<p><em>\u201cHa sido un a\u00f1o que ha dejado huellas de todo tipo, tanto individuales como colectivas, huellas de dolor, de desesperaci\u00f3n, de angustia, y \u00bfpor qu\u00e9 no? Decir tambi\u00e9n de ego\u00edsmo y de irresponsabilidad, ha sido un a\u00f1o que nunca imaginamos, un a\u00f1o que dej\u00f3 a la humanidad marcada para siempre, pero yo me quedo con las muestras de solidaridad, con el sacrificio de dejar de ver a los seres queridos y la disposici\u00f3n a entregar la vida por salvar una vida ajena\u201d,<\/em> indic\u00f3.<\/p>\n<p>&nbsp;<\/p>\n<p>Clausen Iberri a\u00f1adi\u00f3 que la \u00fanica manera de honrar a quienes el virus se ha llevado es siguiendo adelante con las medidas sanitarias, ya que la pandemia no ha terminado y el personal de salud sigue en pie de lucha.<\/p>\n<p>&nbsp;<\/p>\n<p><em>\u201cMe quedo con la incondicional vocaci\u00f3n de servicio de todo, de absolutamente todo el personal de salud, y con el enorme y generoso coraz\u00f3n de las y los sonorenses que se han quedado en caso y respetado al cien todos los protocolos sanitarios, me quedo con la satisfacci\u00f3n de haber aportado mi granito de arena a esta gran lucha que hemos dado miles de sonorenses, me quedo con las lecciones que todo esto nos deja, lecciones duras que solo ser\u00e1n \u00fatiles si el aprendizaje que nos dejan es para mejorar\u201d,<\/em> se\u00f1al\u00f3.<\/p>\n<p>&nbsp;<\/p>\n<p><img loading=\"lazy\" decoding=\"async\" class=\"x-left  size-large\" src=\"https:\/\/www.sonoraenequipo.com.mx\/storage\/2021\/03\/COVID19-1703-3_opt-840x472.jpg\" alt=\"\" width=\"640\" height=\"360\" \/>Hoy se sumaron 23 nuevos casos por COVID, en 13 hombres y 10 mujeres, con lo que se acumulan 68 mil 339 casos en total desde el inicio de la pandemia. Los nuevos pacientes son residentes de: Nogales 6; Hermosillo 5; Guaymas 4; Cajeme 3; Pitiquito, Magdalena, Benito Ju\u00e1rez, Etchojoa y Caborca 1 cada uno.<\/p>\n<p>&nbsp;<\/p>\n<p>Se confirm\u00f3 1 deceso por Covid-19, en una mujer residente de Hermosillo y con esta muerte se acumulan 5 mil 887 defunciones en total desde que el COVID lleg\u00f3 a Sonora.<\/p>\n<p>&nbsp;<\/p>\n<p>Hoy no se confirmaron casos pedi\u00e1tricos ni casos en mujeres embarazadas. A la fecha, se han recuperado 61 mil 615 personas de COVID-19 en Sonora.<\/p>\n<p>&nbsp;<\/p>\n<h3>Casos COVID-19 en Sonora 68,339 casos confirmados y 5,887 defunciones<\/h3>\n<p>&nbsp;<\/p>\n<p>Defunciones registradas el 16 marzo de 2021: 1<br \/>\nHermosillo: 1<\/p>\n<p>Mujeres: 1<\/p>\n<p>Instituci\u00f3n M\u00e9dica<br \/>\nIMSS: 1<\/p>\n<p>Casos confirmados el 16 de marzo de 2021: 23<br \/>\nNogales: 6<br \/>\nHermosillo: 5<br \/>\nGuaymas: 4<br \/>\nCajeme: 3<br \/>\nPitiquito: 1<br \/>\nMagdalena: 1<br \/>\nBenito Ju\u00e1rez: 1<br \/>\nEtchojoa: 1<br \/>\nCaborca: 1<\/p>\n<p>Mujeres: 10\/ Hombres: 13<\/p>\n<p>Instituci\u00f3n M\u00e9dica<br \/>\nSecretar\u00eda de Salud: 17<br \/>\nIMSS: 6<\/p>\n<p>Acumulados<br \/>\nDefunciones: 5,887<br \/>\nHermosillo: 1,955<br \/>\nCajeme: 1,012<br \/>\nNogales: 482<br \/>\nSan Luis R\u00edo Colorado: 479<br \/>\nGuaymas: 343<br \/>\nNavojoa: 261<br \/>\nAgua Prieta: 201<br \/>\nCaborca: 157<br \/>\nHuatabampo: 134<br \/>\nCananea: 117<br \/>\nEmpalme: 104<br \/>\nEtchojoa: 84<br \/>\nPuerto Pe\u00f1asco: 74<br \/>\nMagdalena: 68<br \/>\nNacozari de Garc\u00eda: 49<br \/>\nBenito Ju\u00e1rez: 41<br \/>\nSanta Ana: 41<br \/>\nB\u00e1cum: 40<br \/>\nSan Ignacio R\u00edo Muerto: 22<br \/>\n\u00cdmuris: 22<br \/>\nGral. Plutarco El\u00edas Calles: 21<br \/>\nFronteras: 16<br \/>\nPitiquito: 14<br \/>\n\u00c1lamos: 13<br \/>\nCumpas: 13<br \/>\nUres: 9<br \/>\nNaco: 9<br \/>\nMoctezuma: 9<br \/>\nSahuaripa: 8<br \/>\nRosario: 8<br \/>\nVilla Hidalgo: 7<br \/>\nBavi\u00e1cora: 7<br \/>\nBenjam\u00edn Hill: 6<br \/>\nAltar: 6<br \/>\nBacoachi: 6<br \/>\nSan Miguel de Horcasitas: 5<br \/>\nAconchi: 4<br \/>\nS\u00e1ric: 4<br \/>\nRay\u00f3n: 3<br \/>\nCarb\u00f3: 3<br \/>\nQuiriego: 3<br \/>\nBacerac: 3<br \/>\nArizpe: 3<br \/>\nBan\u00e1michi: 3<br \/>\nBavispe: 2<br \/>\nN\u00e1cori Chico: 2<br \/>\nSan Pedro de la Cueva: 2<br \/>\nArivechi: 2<br \/>\nCucurpe: 2<br \/>\nOpodepe: 1<br \/>\nSan Felipe de Jes\u00fas: 1<br \/>\nGranados: 1<br \/>\nHu\u00e9pac: 1<br \/>\nOquitoa: 1<br \/>\nTepache: 1<br \/>\nSanta Cruz: 1<br \/>\nMazat\u00e1n: 1<\/p>\n<p>Mujeres: 2,521\/Hombres: 3,366<\/p>\n<p>Instituci\u00f3n M\u00e9dica<br \/>\nIMSS: 3,684<br \/>\nSecretar\u00eda de Salud: 1,672<br \/>\nIsssteson: 409<br \/>\nIssste: 113<br \/>\nSedena: 5<br \/>\nSemar: 4<\/p>\n<p>Total de casos confirmados: 68,339<br \/>\nHermosillo: 32,148 municipio con mayor incidencia con un 47% del total.<br \/>\nCajeme: 9,401 que representan el 14% del total.<br \/>\nNogales: 4,383 que representan el 6% del total<br \/>\nGuaymas: 3,148 que representan el 5% del total<br \/>\nSan Luis R\u00edo Colorado: 3,022<br \/>\nNavojoa: 2,899<br \/>\nCaborca: 2,793<br \/>\nCananea: 1,865<br \/>\nHuatabampo: 1,301<br \/>\nEmpalme: 1,186<br \/>\nAgua Prieta: 1,153<br \/>\nEtchojoa: 674<br \/>\nMagdalena: 578<br \/>\nPuerto Pe\u00f1asco: 483<br \/>\nSanta Ana: 364<br \/>\nNacozari de Garc\u00eda: 324<br \/>\nB\u00e1cum: 270<br \/>\nPitiquito: 236<br \/>\n\u00c1lamos: 226<br \/>\nGral. Plutarco El\u00edas Calles: 199<br \/>\nBenito Ju\u00e1rez: 179<br \/>\nSan Ignacio R\u00edo Muerto: 160<br \/>\nSahuaripa: 153<br \/>\nBavi\u00e1cora: 132<br \/>\n\u00cdmuris: 94<br \/>\nUres: 91<br \/>\nAltar: 74<br \/>\nCumpas: 70<br \/>\nMoctezuma: 66<br \/>\nRosario: 63<br \/>\nBacoachi: 51<br \/>\nY\u00e9cora: 45<br \/>\nFronteras: 44<br \/>\nBenjam\u00edn Hill: 38<br \/>\nNaco: 33<br \/>\nArizpe: 32<br \/>\nAconchi: 30<br \/>\nN\u00e1cori Chico: 28<br \/>\nS\u00e1ric: 26<br \/>\nCarb\u00f3: 24<br \/>\nArivechi: 22<br \/>\nSan Miguel de Horcasitas: 18<br \/>\nVilla Hidalgo: 16<br \/>\nGranados: 15<br \/>\nTrincheras: 14<br \/>\nBan\u00e1michi: 14<br \/>\nQuiriego: 14<br \/>\nSan Pedro de la Cueva: 13<br \/>\nCucurpe: 12<br \/>\nRay\u00f3n: 10<br \/>\nTepache: 10<br \/>\nBacerac: 8<br \/>\nHu\u00e1sabas: 8<br \/>\nHuachinera: 7<br \/>\nBavispe: 7<br \/>\n\u00d3navas: 6<br \/>\nVilla Pesqueira: 6<br \/>\nSan Javier: 6<br \/>\nTubutama: 6<br \/>\nDivisaderos: 5<br \/>\nBacad\u00e9huachi: 5<br \/>\nSan Felipe de Jes\u00fas: 5<br \/>\nBacanora: 4<br \/>\nSanta Cruz: 4<br \/>\nHu\u00e9pac: 4<br \/>\nMazat\u00e1n: 4<br \/>\nOpodepe: 3<br \/>\nOquitoa: 3<br \/>\nLa Colorada: 2<br \/>\nSuaqui Grande: 1<br \/>\nSoyopa: 1<\/p>\n<p>Mujeres: 36,709\/Hombres: 31,630<\/p>\n<p>Instituci\u00f3n M\u00e9dica<br \/>\nSecretar\u00eda de Salud: 48,069<br \/>\nIMSS: 13,815<br \/>\nIsssteson: 5,126<br \/>\nIssste: 1,090<br \/>\nSedena: 224<br \/>\nSemar: 15<\/p>\n<p>Casos estudiados: 120,117<br \/>\nConfirmados: 68,339<br \/>\nDescartados: 51,778<br \/>\nCuadro leve: 5,212<br \/>\nPacientes activos: 747<br \/>\nPacientes en seguimiento terminado: 4,465<br \/>\nCurados: 57,150<br \/>\nHospitalizados: 90<br \/>\nEstables: 33<br \/>\nGraves: 56<\/p>\n<p>Pacientes graves con ventilaci\u00f3n mec\u00e1nica invasiva:1<\/p>\n<p>&nbsp;<\/p>\n<p>(Publicada el 16\/03\/2021)<\/p>\n","protected":false},"excerpt":{"rendered":"<p>HERMOSILLO, SONORA. MX. \u2014 A un a\u00f1o de que lleg\u00f3 el COVID a Sonora, se&#8230;<\/p>\n","protected":false},"author":1,"featured_media":109346,"comment_status":"open","ping_status":"open","sticky":false,"template":"","format":"standard","meta":{"_monsterinsights_skip_tracking":false,"_monsterinsights_sitenote_active":false,"_monsterinsights_sitenote_note":"","_monsterinsights_sitenote_category":0,"footnotes":""},"categories":[22],"tags":[],"class_list":["post"],"yoast_head":" \n<title>Sonora en Equipo. Ha sido un a\u00f1o que dej\u00f3 marcada a la humanidad para siempre: Enrique Clausen Iberri Sonora<\/title>\n<meta name=\"description\" content=\"HERMOSILLO, SONORA. MX. \u2014 A un a\u00f1o de que lleg\u00f3 el COVID a Sonora, se ha librado una batalla sin cuartel ante un enemigo invisible, cruel y despiadado, el En Sonora en Equipo publicamos toda la informaci\u00f3n de Sonora, M\u00e9xico y el Mundo de manera oportuna y busca que la libertad de expresi\u00f3n sea real. Visita nuestro medio informativo publicado desde Hermosillo, Sonora. %\" \/>\n<meta name=\"robots\" content=\"index, follow, max-snippet:-1, max-image-preview:large, max-video-preview:-1\" \/>\n<link rel=\"canonical\" href=\"https:\/\/www.sonoraenequipo.com.mx\/ha-sido-un-ano-que-dejo-marcada-a-la-humanidad-para-siempre-enrique-clausen-iberri\/\" \/>\n<meta property=\"og:locale\" content=\"es_ES\" \/>\n<meta property=\"og:type\" content=\"article\" \/>\n<meta property=\"og:title\" content=\"Sonora en Equipo. Ha sido un a\u00f1o que dej\u00f3 marcada a la humanidad para siempre: Enrique Clausen Iberri Sonora\" \/>\n<meta property=\"og:description\" content=\"HERMOSILLO, SONORA. MX. \u2014 A un a\u00f1o de que lleg\u00f3 el COVID a Sonora, se ha librado una batalla sin cuartel ante un enemigo invisible, cruel y despiadado, el En Sonora en Equipo publicamos toda la informaci\u00f3n de Sonora, M\u00e9xico y el Mundo de manera oportuna y busca que la libertad de expresi\u00f3n sea real. Visita nuestro medio informativo publicado desde Hermosillo, Sonora. %\" \/>\n<meta property=\"og:url\" content=\"https:\/\/www.sonoraenequipo.com.mx\/ha-sido-un-ano-que-dejo-marcada-a-la-humanidad-para-siempre-enrique-clausen-iberri\/\" \/>\n<meta property=\"og:site_name\" content=\"Sonora en Equipo.\" \/>\n<meta property=\"article:publisher\" content=\"https:\/\/www.facebook.com\/SonoraEE\/\" \/>\n<meta property=\"article:author\" content=\"https:\/\/www.facebook.com\/SonoraEE\" \/>\n<meta property=\"article:published_time\" content=\"2021-03-17T04:36:47+00:00\" \/>\n<meta property=\"article:modified_time\" content=\"2021-03-17T15:22:12+00:00\" \/>\n<meta property=\"og:image\" content=\"https:\/\/www.sonoraenequipo.com.mx\/storage\/2021\/03\/COVID19-1703-2_opt.jpg\" \/>\n\t<meta property=\"og:image:width\" content=\"880\" \/>\n\t<meta property=\"og:image:height\" content=\"500\" \/>\n\t<meta property=\"og:image:type\" content=\"image\/jpeg\" \/>\n<meta name=\"author\" content=\"enequipo\" \/>\n<meta name=\"twitter:card\" content=\"summary_large_image\" \/>\n<meta name=\"twitter:creator\" content=\"@sonoraenequipo\" \/>\n<meta name=\"twitter:site\" content=\"@sonoraenequipo\" \/>\n<meta name=\"twitter:label1\" content=\"Escrito por\" \/>\n\t<meta name=\"twitter:data1\" content=\"enequipo\" \/>\n\t<meta name=\"twitter:label2\" content=\"Tiempo de lectura\" \/>\n\t<meta name=\"twitter:data2\" content=\"5 minutos\" \/>\n<script type=\"application\/ld+json\" class=\"yoast-schema-graph\">{\"@context\":\"https:\/\/schema.org\",\"@graph\":[{\"@type\":\"Article\",\"@id\":\"https:\/\/www.sonoraenequipo.com.mx\/ha-sido-un-ano-que-dejo-marcada-a-la-humanidad-para-siempre-enrique-clausen-iberri\/#article\",\"isPartOf\":{\"@id\":\"https:\/\/www.sonoraenequipo.com.mx\/ha-sido-un-ano-que-dejo-marcada-a-la-humanidad-para-siempre-enrique-clausen-iberri\/\"},\"author\":{\"name\":\"enequipo\",\"@id\":\"https:\/\/www.sonoraenequipo.com.mx\/#\/schema\/person\/50102df0fb23a8fa9e8effad8fa81386\"},\"headline\":\"Ha sido un a\u00f1o que dej\u00f3 marcada a la humanidad para siempre: Enrique Clausen Iberri\",\"datePublished\":\"2021-03-17T04:36:47+00:00\",\"dateModified\":\"2021-03-17T15:22:12+00:00\",\"mainEntityOfPage\":{\"@id\":\"https:\/\/www.sonoraenequipo.com.mx\/ha-sido-un-ano-que-dejo-marcada-a-la-humanidad-para-siempre-enrique-clausen-iberri\/\"},\"wordCount\":819,\"commentCount\":0,\"publisher\":{\"@id\":\"https:\/\/www.sonoraenequipo.com.mx\/#organization\"},\"image\":{\"@id\":\"https:\/\/www.sonoraenequipo.com.mx\/ha-sido-un-ano-que-dejo-marcada-a-la-humanidad-para-siempre-enrique-clausen-iberri\/#primaryimage\"},\"thumbnailUrl\":\"https:\/\/www.sonoraenequipo.com.mx\/storage\/2021\/03\/COVID19-1703-2_opt.jpg\",\"articleSection\":[\"Sonora\"],\"inLanguage\":\"es\",\"potentialAction\":[{\"@type\":\"CommentAction\",\"name\":\"Comment\",\"target\":[\"https:\/\/www.sonoraenequipo.com.mx\/ha-sido-un-ano-que-dejo-marcada-a-la-humanidad-para-siempre-enrique-clausen-iberri\/#respond\"]}]},{\"@type\":\"WebPage\",\"@id\":\"https:\/\/www.sonoraenequipo.com.mx\/ha-sido-un-ano-que-dejo-marcada-a-la-humanidad-para-siempre-enrique-clausen-iberri\/\",\"url\":\"https:\/\/www.sonoraenequipo.com.mx\/ha-sido-un-ano-que-dejo-marcada-a-la-humanidad-para-siempre-enrique-clausen-iberri\/\",\"name\":\"Sonora en Equipo. Ha sido un a\u00f1o que dej\u00f3 marcada a la humanidad para siempre: Enrique Clausen Iberri Sonora\",\"isPartOf\":{\"@id\":\"https:\/\/www.sonoraenequipo.com.mx\/#website\"},\"primaryImageOfPage\":{\"@id\":\"https:\/\/www.sonoraenequipo.com.mx\/ha-sido-un-ano-que-dejo-marcada-a-la-humanidad-para-siempre-enrique-clausen-iberri\/#primaryimage\"},\"image\":{\"@id\":\"https:\/\/www.sonoraenequipo.com.mx\/ha-sido-un-ano-que-dejo-marcada-a-la-humanidad-para-siempre-enrique-clausen-iberri\/#primaryimage\"},\"thumbnailUrl\":\"https:\/\/www.sonoraenequipo.com.mx\/storage\/2021\/03\/COVID19-1703-2_opt.jpg\",\"datePublished\":\"2021-03-17T04:36:47+00:00\",\"dateModified\":\"2021-03-17T15:22:12+00:00\",\"description\":\"HERMOSILLO, SONORA. MX. \u2014 A un a\u00f1o de que lleg\u00f3 el COVID a Sonora, se ha librado una batalla sin cuartel ante un enemigo invisible, cruel y despiadado, el En Sonora en Equipo publicamos toda la informaci\u00f3n de Sonora, M\u00e9xico y el Mundo de manera oportuna y busca que la libertad de expresi\u00f3n sea real. Visita nuestro medio informativo publicado desde Hermosillo, Sonora. %\",\"breadcrumb\":{\"@id\":\"https:\/\/www.sonoraenequipo.com.mx\/ha-sido-un-ano-que-dejo-marcada-a-la-humanidad-para-siempre-enrique-clausen-iberri\/#breadcrumb\"},\"inLanguage\":\"es\",\"potentialAction\":[{\"@type\":\"ReadAction\",\"target\":[\"https:\/\/www.sonoraenequipo.com.mx\/ha-sido-un-ano-que-dejo-marcada-a-la-humanidad-para-siempre-enrique-clausen-iberri\/\"]}]},{\"@type\":\"ImageObject\",\"inLanguage\":\"es\",\"@id\":\"https:\/\/www.sonoraenequipo.com.mx\/ha-sido-un-ano-que-dejo-marcada-a-la-humanidad-para-siempre-enrique-clausen-iberri\/#primaryimage\",\"url\":\"https:\/\/www.sonoraenequipo.com.mx\/storage\/2021\/03\/COVID19-1703-2_opt.jpg\",\"contentUrl\":\"https:\/\/www.sonoraenequipo.com.mx\/storage\/2021\/03\/COVID19-1703-2_opt.jpg\",\"width\":880,\"height\":500},{\"@type\":\"BreadcrumbList\",\"@id\":\"https:\/\/www.sonoraenequipo.com.mx\/ha-sido-un-ano-que-dejo-marcada-a-la-humanidad-para-siempre-enrique-clausen-iberri\/#breadcrumb\",\"itemListElement\":[{\"@type\":\"ListItem\",\"position\":1,\"name\":\"Portada\",\"item\":\"https:\/\/www.sonoraenequipo.com.mx\/\"},{\"@type\":\"ListItem\",\"position\":2,\"name\":\"Ha sido un a\u00f1o que dej\u00f3 marcada a la humanidad para siempre: Enrique Clausen Iberri\"}]},{\"@type\":\"WebSite\",\"@id\":\"https:\/\/www.sonoraenequipo.com.mx\/#website\",\"url\":\"https:\/\/www.sonoraenequipo.com.mx\/\",\"name\":\"Sonora en Equipo.\",\"description\":\"Diario en l\u00ednea con Noticias desde Hermosillo, Sonora\",\"publisher\":{\"@id\":\"https:\/\/www.sonoraenequipo.com.mx\/#organization\"},\"potentialAction\":[{\"@type\":\"SearchAction\",\"target\":{\"@type\":\"EntryPoint\",\"urlTemplate\":\"https:\/\/www.sonoraenequipo.com.mx\/?s={search_term_string}\"},\"query-input\":{\"@type\":\"PropertyValueSpecification\",\"valueRequired\":true,\"valueName\":\"search_term_string\"}}],\"inLanguage\":\"es\"},{\"@type\":\"Organization\",\"@id\":\"https:\/\/www.sonoraenequipo.com.mx\/#organization\",\"name\":\"Sonoraenequipo.com.mx\",\"url\":\"https:\/\/www.sonoraenequipo.com.mx\/\",\"logo\":{\"@type\":\"ImageObject\",\"inLanguage\":\"es\",\"@id\":\"https:\/\/www.sonoraenequipo.com.mx\/#\/schema\/logo\/image\/\",\"url\":\"https:\/\/www.sonoraenequipo.com.mx\/storage\/2019\/01\/sonoraenequipo_opt.png\",\"contentUrl\":\"https:\/\/www.sonoraenequipo.com.mx\/storage\/2019\/01\/sonoraenequipo_opt.png\",\"width\":375,\"height\":125,\"caption\":\"Sonoraenequipo.com.mx\"},\"image\":{\"@id\":\"https:\/\/www.sonoraenequipo.com.mx\/#\/schema\/logo\/image\/\"},\"sameAs\":[\"https:\/\/www.facebook.com\/SonoraEE\/\",\"https:\/\/x.com\/sonoraenequipo\",\"https:\/\/www.youtube.com\/channel\/UC338nW-lPEYmJQs4ZABQ1SQ\"]},{\"@type\":\"Person\",\"@id\":\"https:\/\/www.sonoraenequipo.com.mx\/#\/schema\/person\/50102df0fb23a8fa9e8effad8fa81386\",\"name\":\"enequipo\",\"image\":{\"@type\":\"ImageObject\",\"inLanguage\":\"es\",\"@id\":\"https:\/\/www.sonoraenequipo.com.mx\/#\/schema\/person\/image\/\",\"url\":\"https:\/\/secure.gravatar.com\/avatar\/049821681b589dabc0bc20695993ccebb09f5b5d4d790cd9251b97faac7c652b?s=96&d=blank&r=g\",\"contentUrl\":\"https:\/\/secure.gravatar.com\/avatar\/049821681b589dabc0bc20695993ccebb09f5b5d4d790cd9251b97faac7c652b?s=96&d=blank&r=g\",\"caption\":\"enequipo\"},\"sameAs\":[\"https:\/\/www.facebook.com\/SonoraEE\"]}]}<\/script>\n ","yoast_head_json":{"title":"Sonora en Equipo. Ha sido un a\u00f1o que dej\u00f3 marcada a la humanidad para siempre: Enrique Clausen Iberri Sonora","description":"HERMOSILLO, SONORA. MX. \u2014 A un a\u00f1o de que lleg\u00f3 el COVID a Sonora, se ha librado una batalla sin cuartel ante un enemigo invisible, cruel y despiadado, el En Sonora en Equipo publicamos toda la informaci\u00f3n de Sonora, M\u00e9xico y el Mundo de manera oportuna y busca que la libertad de expresi\u00f3n sea real. Visita nuestro medio informativo publicado desde Hermosillo, Sonora. %","robots":{"index":"index","follow":"follow","max-snippet":"max-snippet:-1","max-image-preview":"max-image-preview:large","max-video-preview":"max-video-preview:-1"},"canonical":"https:\/\/www.sonoraenequipo.com.mx\/ha-sido-un-ano-que-dejo-marcada-a-la-humanidad-para-siempre-enrique-clausen-iberri\/","og_locale":"es_ES","og_type":"article","og_title":"Sonora en Equipo. Ha sido un a\u00f1o que dej\u00f3 marcada a la humanidad para siempre: Enrique Clausen Iberri Sonora","og_description":"HERMOSILLO, SONORA. MX. \u2014 A un a\u00f1o de que lleg\u00f3 el COVID a Sonora, se ha librado una batalla sin cuartel ante un enemigo invisible, cruel y despiadado, el En Sonora en Equipo publicamos toda la informaci\u00f3n de Sonora, M\u00e9xico y el Mundo de manera oportuna y busca que la libertad de expresi\u00f3n sea real. Visita nuestro medio informativo publicado desde Hermosillo, Sonora. %","og_url":"https:\/\/www.sonoraenequipo.com.mx\/ha-sido-un-ano-que-dejo-marcada-a-la-humanidad-para-siempre-enrique-clausen-iberri\/","og_site_name":"Sonora en Equipo.","article_publisher":"https:\/\/www.facebook.com\/SonoraEE\/","article_author":"https:\/\/www.facebook.com\/SonoraEE","article_published_time":"2021-03-17T04:36:47+00:00","article_modified_time":"2021-03-17T15:22:12+00:00","og_image":[{"width":880,"height":500,"url":"https:\/\/www.sonoraenequipo.com.mx\/storage\/2021\/03\/COVID19-1703-2_opt.jpg","type":"image\/jpeg"}],"author":"enequipo","twitter_card":"summary_large_image","twitter_creator":"@sonoraenequipo","twitter_site":"@sonoraenequipo","twitter_misc":{"Escrito por":"enequipo","Tiempo de lectura":"5 minutos"},"schema":{"@context":"https:\/\/schema.org","@graph":[{"@type":"Article","@id":"https:\/\/www.sonoraenequipo.com.mx\/ha-sido-un-ano-que-dejo-marcada-a-la-humanidad-para-siempre-enrique-clausen-iberri\/#article","isPartOf":{"@id":"https:\/\/www.sonoraenequipo.com.mx\/ha-sido-un-ano-que-dejo-marcada-a-la-humanidad-para-siempre-enrique-clausen-iberri\/"},"author":{"name":"enequipo","@id":"https:\/\/www.sonoraenequipo.com.mx\/#\/schema\/person\/50102df0fb23a8fa9e8effad8fa81386"},"headline":"Ha sido un a\u00f1o que dej\u00f3 marcada a la humanidad para siempre: Enrique Clausen Iberri","datePublished":"2021-03-17T04:36:47+00:00","dateModified":"2021-03-17T15:22:12+00:00","mainEntityOfPage":{"@id":"https:\/\/www.sonoraenequipo.com.mx\/ha-sido-un-ano-que-dejo-marcada-a-la-humanidad-para-siempre-enrique-clausen-iberri\/"},"wordCount":819,"commentCount":0,"publisher":{"@id":"https:\/\/www.sonoraenequipo.com.mx\/#organization"},"image":{"@id":"https:\/\/www.sonoraenequipo.com.mx\/ha-sido-un-ano-que-dejo-marcada-a-la-humanidad-para-siempre-enrique-clausen-iberri\/#primaryimage"},"thumbnailUrl":"https:\/\/www.sonoraenequipo.com.mx\/storage\/2021\/03\/COVID19-1703-2_opt.jpg","articleSection":["Sonora"],"inLanguage":"es","potentialAction":[{"@type":"CommentAction","name":"Comment","target":["https:\/\/www.sonoraenequipo.com.mx\/ha-sido-un-ano-que-dejo-marcada-a-la-humanidad-para-siempre-enrique-clausen-iberri\/#respond"]}]},{"@type":"WebPage","@id":"https:\/\/www.sonoraenequipo.com.mx\/ha-sido-un-ano-que-dejo-marcada-a-la-humanidad-para-siempre-enrique-clausen-iberri\/","url":"https:\/\/www.sonoraenequipo.com.mx\/ha-sido-un-ano-que-dejo-marcada-a-la-humanidad-para-siempre-enrique-clausen-iberri\/","name":"Sonora en Equipo. Ha sido un a\u00f1o que dej\u00f3 marcada a la humanidad para siempre: Enrique Clausen Iberri Sonora","isPartOf":{"@id":"https:\/\/www.sonoraenequipo.com.mx\/#website"},"primaryImageOfPage":{"@id":"https:\/\/www.sonoraenequipo.com.mx\/ha-sido-un-ano-que-dejo-marcada-a-la-humanidad-para-siempre-enrique-clausen-iberri\/#primaryimage"},"image":{"@id":"https:\/\/www.sonoraenequipo.com.mx\/ha-sido-un-ano-que-dejo-marcada-a-la-humanidad-para-siempre-enrique-clausen-iberri\/#primaryimage"},"thumbnailUrl":"https:\/\/www.sonoraenequipo.com.mx\/storage\/2021\/03\/COVID19-1703-2_opt.jpg","datePublished":"2021-03-17T04:36:47+00:00","dateModified":"2021-03-17T15:22:12+00:00","description":"HERMOSILLO, SONORA. MX. \u2014 A un a\u00f1o de que lleg\u00f3 el COVID a Sonora, se ha librado una batalla sin cuartel ante un enemigo invisible, cruel y despiadado, el En Sonora en Equipo publicamos toda la informaci\u00f3n de Sonora, M\u00e9xico y el Mundo de manera oportuna y busca que la libertad de expresi\u00f3n sea real. Visita nuestro medio informativo publicado desde Hermosillo, Sonora. %","breadcrumb":{"@id":"https:\/\/www.sonoraenequipo.com.mx\/ha-sido-un-ano-que-dejo-marcada-a-la-humanidad-para-siempre-enrique-clausen-iberri\/#breadcrumb"},"inLanguage":"es","potentialAction":[{"@type":"ReadAction","target":["https:\/\/www.sonoraenequipo.com.mx\/ha-sido-un-ano-que-dejo-marcada-a-la-humanidad-para-siempre-enrique-clausen-iberri\/"]}]},{"@type":"ImageObject","inLanguage":"es","@id":"https:\/\/www.sonoraenequipo.com.mx\/ha-sido-un-ano-que-dejo-marcada-a-la-humanidad-para-siempre-enrique-clausen-iberri\/#primaryimage","url":"https:\/\/www.sonoraenequipo.com.mx\/storage\/2021\/03\/COVID19-1703-2_opt.jpg","contentUrl":"https:\/\/www.sonoraenequipo.com.mx\/storage\/2021\/03\/COVID19-1703-2_opt.jpg","width":880,"height":500},{"@type":"BreadcrumbList","@id":"https:\/\/www.sonoraenequipo.com.mx\/ha-sido-un-ano-que-dejo-marcada-a-la-humanidad-para-siempre-enrique-clausen-iberri\/#breadcrumb","itemListElement":[{"@type":"ListItem","position":1,"name":"Portada","item":"https:\/\/www.sonoraenequipo.com.mx\/"},{"@type":"ListItem","position":2,"name":"Ha sido un a\u00f1o que dej\u00f3 marcada a la humanidad para siempre: Enrique Clausen Iberri"}]},{"@type":"WebSite","@id":"https:\/\/www.sonoraenequipo.com.mx\/#website","url":"https:\/\/www.sonoraenequipo.com.mx\/","name":"Sonora en Equipo.","description":"Diario en l\u00ednea con Noticias desde Hermosillo, Sonora","publisher":{"@id":"https:\/\/www.sonoraenequipo.com.mx\/#organization"},"potentialAction":[{"@type":"SearchAction","target":{"@type":"EntryPoint","urlTemplate":"https:\/\/www.sonoraenequipo.com.mx\/?s={search_term_string}"},"query-input":{"@type":"PropertyValueSpecification","valueRequired":true,"valueName":"search_term_string"}}],"inLanguage":"es"},{"@type":"Organization","@id":"https:\/\/www.sonoraenequipo.com.mx\/#organization","name":"Sonoraenequipo.com.mx","url":"https:\/\/www.sonoraenequipo.com.mx\/","logo":{"@type":"ImageObject","inLanguage":"es","@id":"https:\/\/www.sonoraenequipo.com.mx\/#\/schema\/logo\/image\/","url":"https:\/\/www.sonoraenequipo.com.mx\/storage\/2019\/01\/sonoraenequipo_opt.png","contentUrl":"https:\/\/www.sonoraenequipo.com.mx\/storage\/2019\/01\/sonoraenequipo_opt.png","width":375,"height":125,"caption":"Sonoraenequipo.com.mx"},"image":{"@id":"https:\/\/www.sonoraenequipo.com.mx\/#\/schema\/logo\/image\/"},"sameAs":["https:\/\/www.facebook.com\/SonoraEE\/","https:\/\/x.com\/sonoraenequipo","https:\/\/www.youtube.com\/channel\/UC338nW-lPEYmJQs4ZABQ1SQ"]},{"@type":"Person","@id":"https:\/\/www.sonoraenequipo.com.mx\/#\/schema\/person\/50102df0fb23a8fa9e8effad8fa81386","name":"enequipo","image":{"@type":"ImageObject","inLanguage":"es","@id":"https:\/\/www.sonoraenequipo.com.mx\/#\/schema\/person\/image\/","url":"https:\/\/secure.gravatar.com\/avatar\/049821681b589dabc0bc20695993ccebb09f5b5d4d790cd9251b97faac7c652b?s=96&d=blank&r=g","contentUrl":"https:\/\/secure.gravatar.com\/avatar\/049821681b589dabc0bc20695993ccebb09f5b5d4d790cd9251b97faac7c652b?s=96&d=blank&r=g","caption":"enequipo"},"sameAs":["https:\/\/www.facebook.com\/SonoraEE"]}]}},"jetpack_featured_media_url":"https:\/\/www.sonoraenequipo.com.mx\/storage\/2021\/03\/COVID19-1703-2_opt.jpg","_links":{"self":[{"href":"https:\/\/www.sonoraenequipo.com.mx\/api\/wp\/v2\/posts\/109344","targetHints":{"allow":["GET"]}}],"collection":[{"href":"https:\/\/www.sonoraenequipo.com.mx\/api\/wp\/v2\/posts"}],"about":[{"href":"https:\/\/www.sonoraenequipo.com.mx\/api\/wp\/v2\/types\/post"}],"author":[{"embeddable":true,"href":"https:\/\/www.sonoraenequipo.com.mx\/api\/wp\/v2\/users\/1"}],"replies":[{"embeddable":true,"href":"https:\/\/www.sonoraenequipo.com.mx\/api\/wp\/v2\/comments?post=109344"}],"version-history":[{"count":1,"href":"https:\/\/www.sonoraenequipo.com.mx\/api\/wp\/v2\/posts\/109344\/revisions"}],"predecessor-version":[{"id":109347,"href":"https:\/\/www.sonoraenequipo.com.mx\/api\/wp\/v2\/posts\/109344\/revisions\/109347"}],"wp:featuredmedia":[{"embeddable":true,"href":"https:\/\/www.sonoraenequipo.com.mx\/api\/wp\/v2\/media\/109346"}],"wp:attachment":[{"href":"https:\/\/www.sonoraenequipo.com.mx\/api\/wp\/v2\/media?parent=109344"}],"wp:term":[{"taxonomy":"category","embeddable":true,"href":"https:\/\/www.sonoraenequipo.com.mx\/api\/wp\/v2\/categories?post=109344"},{"taxonomy":"post_tag","embeddable":true,"href":"https:\/\/www.sonoraenequipo.com.mx\/api\/wp\/v2\/tags?post=109344"}],"curies":[{"name":"wp","href":"https:\/\/api.w.org\/{rel}","templated":true}]}}