{"id":109348,"date":"2021-03-16T23:15:19","date_gmt":"2021-03-17T06:15:19","guid":{"rendered":"https:\/\/www.sonoraenequipo.com.mx\/?p=109348"},"modified":"2021-03-17T08:43:32","modified_gmt":"2021-03-17T15:43:32","slug":"resuelve-congreso-del-estado-emitir-exhortos-a-autoridades-de-los-tres-niveles-de-gobierno","status":"publish","type":"post","link":"https:\/\/www.sonoraenequipo.com.mx\/resuelve-congreso-del-estado-emitir-exhortos-a-autoridades-de-los-tres-niveles-de-gobierno\/","title":{"rendered":"Resuelve Congreso del Estado emitir exhortos a autoridades de los tres niveles de gobierno"},"content":{"rendered":"<p>HERMOSILLO, SONORA. MX. \u2014 El Congreso del Estado resolvi\u00f3 emitir exhortos a autoridades federales, estatales y locales, con el objeto de dar soluci\u00f3n a diversas situaciones en beneficio de los ciudadanos sonorenses, en materia de comunicaciones y transportes, pago del Impuesto Predial, acciones de salud mental en la entidad y el regreso a clases presencial.<\/p>\n<p>&nbsp;<\/p>\n<p> <\/p>\n<p>&nbsp;<\/p>\n<p>Como primer punto del orden del d\u00eda, la presidenta de la mesa directiva, Alejandra L\u00f3pez Noriega, tom\u00f3 la protesta al cargo de diputados locales de esta Sexag\u00e9sima Segunda Legislatura, a los ciudadanos Jos\u00e9 Salvador Urz\u00faa Sol\u00eds, Hiram Lomel\u00ed Duarte y Mar\u00eda Teresa Peralta Quijano.<\/p>\n<p>&nbsp;<\/p>\n<p>En esta sesi\u00f3n ordinaria, la asamblea tambi\u00e9n aprob\u00f3 dos dict\u00e1menes con proyectos de Decreto, el primero autoriza al Ayuntamiento del municipio de Benito Ju\u00e1rez, Sonora, a contratar un financiamiento por un monto de diez millones de pesos, cuya finalidad ser\u00e1 la construcci\u00f3n, mejoramiento, rehabilitaci\u00f3n y\/o reposici\u00f3n de bienes de dominio p\u00fablico, seg\u00fan dictamin\u00f3 la Segunda Comisi\u00f3n de Hacienda.<\/p>\n<p>&nbsp;<\/p>\n<p>El segundo Decreto, presentado por la Comisi\u00f3n de Presupuestos y Asuntos Municipales, reforma, adiciona y deroga diversas disposiciones de la Ley 191, de Ingresos y Presupuesto de Ingresos del referido Ayuntamiento.<\/p>\n<p>&nbsp;<\/p>\n<p>En lo relativo a los acuerdos con exhortos, el primero est\u00e1 dirigido al titular de la Secretar\u00eda de Comunicaciones y Transportes para que, en el \u00e1mbito de sus atribuciones, inspeccione y vigile que los veh\u00edculos que transitan en el Estado de Sonora por r\u00faas federales, cumplan con las especificaciones de dimensiones y peso dispuestas en la Ley de Caminos, Puentes y Autotransporte Federal, y en el Reglamento de Tr\u00e1nsito en Carreteras y Puentes de Jurisdicci\u00f3n Federal.<\/p>\n<p>&nbsp;<\/p>\n<p>El diputado Carlos Navarrete Aguirre present\u00f3 la propuesta en la que solicit\u00f3 se sancione a quienes no cuenten con los permisos necesarios e incumplan con la normatividad aplicable, por considerar que en el tramo carretero de \u00cdmuris a Cananea, de la carretera MEX-002 \u00cdmuris-Agua Prieta, no existe centro fijo de verificaci\u00f3n ni tampoco ha visualizado a servidores p\u00fablicos que verifiquen que se cumpla con la normatividad aplicable.<\/p>\n<p>&nbsp;<\/p>\n<p>Agreg\u00f3 que todos los d\u00edas transitan veh\u00edculos con exceso de dimensiones y de peso, los cuales ocasionan que el resto de veh\u00edculos que transitan tengan que detener su marcha y esto a veces ha provocado accidentes, adem\u00e1s del da\u00f1o en las carreteras por el exceso de peso de las unidades, da\u00f1o que no se repara, a pesar de que en su mayor\u00eda son transportes de empresas mineras establecidas en el municipio de Cananea, Sonora.<\/p>\n<p>&nbsp;<\/p>\n<p>Enseguida correspondi\u00f3 al diputado Luis Armando Alcal\u00e1 Alcaraz darle lectura a su iniciativa con punto de Acuerdo, a efecto de exhortar al Ayuntamiento del municipio de Benito Ju\u00e1rez, Sonora, para que con apego a la normatividad reconsidere los montos determinados para el pago del Impuesto Predial, en los casos en los que la diferencia de pago entre el ejercicio fiscal 2020 y 2021 rebase los \u00edndices inflacionarios y dem\u00e1s indicadores de aumento en el cobro de las contribuciones municipales.<\/p>\n<p>&nbsp;<\/p>\n<p>Como ejemplo mencion\u00f3 que de 2020 a 2021, el monto a pagar por concepto de Impuesto Predial por un predio en dicho Municipio pas\u00f3 de 4 mil 910 pesos a 234 mil 623 pesos, un aumento de 229 mil 713 pesos, lo que calific\u00f3 como una desproporcionada intenci\u00f3n recaudatoria, misma situaci\u00f3n en la que se encuentran, para efectos de la generalidad del impuesto, todos los contribuyentes que comparten esas caracter\u00edsticas de predio o terreno, dijo.<\/p>\n<p>&nbsp;<\/p>\n<p><em>\u201cLo anterior causa perjuicio a los contribuyentes toda vez que la erogaci\u00f3n resulta con una diferencia abismal entre los montos pagados en el ejercicio fiscal pasado y lo que se pretende cobrar en el actual de 2021\u201d,<\/em> expres\u00f3 el diputado Alcal\u00e1 Alcaraz.<\/p>\n<p>&nbsp;<\/p>\n<p>En el siguiente punto del orden del d\u00eda, el diputado Luis Mario Rivera Aguilar propuso exhortar a la titular del Poder Ejecutivo estatal para que justifique el estado inoperante del Instituto Estatal de Salud Mental y Adicciones, previsto en la Ley de Salud Mental del Estado de Sonora, y al Secretario de Salud P\u00fablica en la entidad, para que rinda un informe a esta Soberan\u00eda sobre las acciones, pol\u00edticas p\u00fablicas y programas que tienen por objetivo la reducci\u00f3n de la reincidencia y prevalencia de trastornos mentales en ni\u00f1os y adultos.<\/p>\n<p>&nbsp;<\/p>\n<p>Expuso que a pesar del reconocimiento expreso del derecho a la salud mental de los mexicanos y de la existencia de grupos vulnerables que manifiestan predisposici\u00f3n al desarrollo de trastornos mentales, no se han establecido pol\u00edticas p\u00fablicas para asegurar los derechos de estos grupos.<\/p>\n<p>&nbsp;<\/p>\n<p><em>\u201cEl Instituto Estatal de Salud Mental, creado desde 2013, tiene por objetivo el dise\u00f1o, implementaci\u00f3n y evaluaci\u00f3n de la pol\u00edtica de salud mental en el Estado. No existe duda cient\u00edfica de la relevancia de las pol\u00edticas de salud en esta materia, aun as\u00ed, hasta la fecha, el instituto no ha sido puesto en marcha, por lo que no existen acciones coordinadas que atiendan la Red Estatal de Salud Mental\u201d,<\/em> asever\u00f3.<\/p>\n<p>&nbsp;<\/p>\n<p>El cuarto Acuerdo con exhorto aprobado est\u00e1 dirigido a los titulares del Poder Ejecutivo Federal, a la Secretar\u00eda de Salud del Gobierno Federal y al Consejo de Salubridad General, para que en la estrategia nacional de vacunaci\u00f3n contra el COVID-19, se contemple una atenci\u00f3n especializada a las necesidades y requerimientos del segmento poblacional de adultos mayores, en cuanto a instalaciones, cantidad de personal responsable de aplicaci\u00f3n de las vacunas y reducci\u00f3n de tiempo de espera.<\/p>\n<p>&nbsp;<\/p>\n<p>Y adicionalmente, para efectos de que se otorgue prioridad en tiempo a la vacunaci\u00f3n de todos los docentes del Estado de Sonora, con el objeto de establecer condiciones para un regreso a clases presenciales en el menor tiempo posible, propuso la diputada Nitzia Corina Grad\u00edas Ahumada.<\/p>\n<p>&nbsp;<\/p>\n<p>Sostuvo que el personal docente del sector p\u00fablico debe ser considerado como un grupo prioritario para la vacunaci\u00f3n contra el COVID-19, al igual que lo son los trabajadores de la salud, ya que de otra manera ser\u00e1 pr\u00e1cticamente imposible que las autoridades educativas puedan garantizar las condiciones sanitarias necesarias para el regreso a las actividades escolares.<\/p>\n<p>&nbsp;<\/p>\n<p><em>\u201cLa UNICEF pide que se d\u00e9 prioridad a los maestros en la vacunaci\u00f3n contra la COVID-19, una vez que se haya vacunado al personal de salud de primera l\u00ednea y a las poblaciones de alto riesgo, afirmando que esto contribuir\u00e1 a proteger a los maestros contra el virus, les permitir\u00e1 ense\u00f1ar en persona y, en \u00faltima instancia, servir\u00e1 para mantener las escuelas abiertas\u201d<\/em>, extern\u00f3 la legisladora.<\/p>\n<p>&nbsp;<\/p>\n<p>Antes de clausurar la sesi\u00f3n y citar para la pr\u00f3xima este jueves 18 de marzo, a las 12:00 horas, misma que se desarrollar\u00e1 de manera virtual, la diputada Marcia Lorena Camarena Moncada present\u00f3 un posicionamiento denominado: \u201cmarzo, mes de las mujeres y ni\u00f1as\u201d.<\/p>\n<p>&nbsp;<\/p>\n<p>Indic\u00f3 que es importante seguir trabajando para garantizar una vida libre de violencia a las mujeres y ni\u00f1as sonorenses, sobre todo las que viven en comunidades ind\u00edgenas, jornaleras y migrantes, ya que diariamente enfrentan muchas dificultades.<\/p>\n<p>&nbsp;<\/p>\n<p>(Publicada el 16\/03\/2021)<\/p>\n","protected":false},"excerpt":{"rendered":"<p>HERMOSILLO, SONORA. MX. \u2014 El Congreso del Estado resolvi\u00f3 emitir exhortos a autoridades federales, estatales&#8230;<\/p>\n","protected":false},"author":1,"featured_media":109349,"comment_status":"open","ping_status":"open","sticky":false,"template":"","format":"standard","meta":{"_monsterinsights_skip_tracking":false,"_monsterinsights_sitenote_active":false,"_monsterinsights_sitenote_note":"","_monsterinsights_sitenote_category":0,"footnotes":""},"categories":[3281],"tags":[],"class_list":["post"],"yoast_head":" \n<title>Sonora en Equipo. Resuelve Congreso del Estado emitir exhortos a autoridades de los tres niveles de gobierno Congreso<\/title>\n<meta name=\"description\" content=\"HERMOSILLO, SONORA. MX. \u2014 El Congreso del Estado resolvi\u00f3 emitir exhortos a autoridades federales, estatales y locales, con el objeto de dar soluci\u00f3n a En Sonora en Equipo publicamos toda la informaci\u00f3n de Sonora, M\u00e9xico y el Mundo de manera oportuna y busca que la libertad de expresi\u00f3n sea real. Visita nuestro medio informativo publicado desde Hermosillo, Sonora. %\" \/>\n<meta name=\"robots\" content=\"index, follow, max-snippet:-1, max-image-preview:large, max-video-preview:-1\" \/>\n<link rel=\"canonical\" href=\"https:\/\/www.sonoraenequipo.com.mx\/resuelve-congreso-del-estado-emitir-exhortos-a-autoridades-de-los-tres-niveles-de-gobierno\/\" \/>\n<meta property=\"og:locale\" content=\"es_ES\" \/>\n<meta property=\"og:type\" content=\"article\" \/>\n<meta property=\"og:title\" content=\"Sonora en Equipo. Resuelve Congreso del Estado emitir exhortos a autoridades de los tres niveles de gobierno Congreso\" \/>\n<meta property=\"og:description\" content=\"HERMOSILLO, SONORA. MX. \u2014 El Congreso del Estado resolvi\u00f3 emitir exhortos a autoridades federales, estatales y locales, con el objeto de dar soluci\u00f3n a En Sonora en Equipo publicamos toda la informaci\u00f3n de Sonora, M\u00e9xico y el Mundo de manera oportuna y busca que la libertad de expresi\u00f3n sea real. Visita nuestro medio informativo publicado desde Hermosillo, Sonora. %\" \/>\n<meta property=\"og:url\" content=\"https:\/\/www.sonoraenequipo.com.mx\/resuelve-congreso-del-estado-emitir-exhortos-a-autoridades-de-los-tres-niveles-de-gobierno\/\" \/>\n<meta property=\"og:site_name\" content=\"Sonora en Equipo.\" \/>\n<meta property=\"article:publisher\" content=\"https:\/\/www.facebook.com\/SonoraEE\/\" \/>\n<meta property=\"article:author\" content=\"https:\/\/www.facebook.com\/SonoraEE\" \/>\n<meta property=\"article:published_time\" content=\"2021-03-17T06:15:19+00:00\" \/>\n<meta property=\"article:modified_time\" content=\"2021-03-17T15:43:32+00:00\" \/>\n<meta property=\"og:image\" content=\"https:\/\/www.sonoraenequipo.com.mx\/storage\/2021\/03\/congreso-del-estado1703_opt.jpg\" \/>\n\t<meta property=\"og:image:width\" content=\"800\" \/>\n\t<meta property=\"og:image:height\" content=\"500\" \/>\n\t<meta property=\"og:image:type\" content=\"image\/jpeg\" \/>\n<meta name=\"author\" content=\"enequipo\" \/>\n<meta name=\"twitter:card\" content=\"summary_large_image\" \/>\n<meta name=\"twitter:creator\" content=\"@sonoraenequipo\" \/>\n<meta name=\"twitter:site\" content=\"@sonoraenequipo\" \/>\n<meta name=\"twitter:label1\" content=\"Escrito por\" \/>\n\t<meta name=\"twitter:data1\" content=\"enequipo\" \/>\n\t<meta name=\"twitter:label2\" content=\"Tiempo de lectura\" \/>\n\t<meta name=\"twitter:data2\" content=\"5 minutos\" \/>\n<script type=\"application\/ld+json\" class=\"yoast-schema-graph\">{\"@context\":\"https:\/\/schema.org\",\"@graph\":[{\"@type\":\"Article\",\"@id\":\"https:\/\/www.sonoraenequipo.com.mx\/resuelve-congreso-del-estado-emitir-exhortos-a-autoridades-de-los-tres-niveles-de-gobierno\/#article\",\"isPartOf\":{\"@id\":\"https:\/\/www.sonoraenequipo.com.mx\/resuelve-congreso-del-estado-emitir-exhortos-a-autoridades-de-los-tres-niveles-de-gobierno\/\"},\"author\":{\"name\":\"enequipo\",\"@id\":\"https:\/\/www.sonoraenequipo.com.mx\/#\/schema\/person\/50102df0fb23a8fa9e8effad8fa81386\"},\"headline\":\"Resuelve Congreso del Estado emitir exhortos a autoridades de los tres niveles de gobierno\",\"datePublished\":\"2021-03-17T06:15:19+00:00\",\"dateModified\":\"2021-03-17T15:43:32+00:00\",\"mainEntityOfPage\":{\"@id\":\"https:\/\/www.sonoraenequipo.com.mx\/resuelve-congreso-del-estado-emitir-exhortos-a-autoridades-de-los-tres-niveles-de-gobierno\/\"},\"wordCount\":1220,\"commentCount\":0,\"publisher\":{\"@id\":\"https:\/\/www.sonoraenequipo.com.mx\/#organization\"},\"image\":{\"@id\":\"https:\/\/www.sonoraenequipo.com.mx\/resuelve-congreso-del-estado-emitir-exhortos-a-autoridades-de-los-tres-niveles-de-gobierno\/#primaryimage\"},\"thumbnailUrl\":\"https:\/\/www.sonoraenequipo.com.mx\/storage\/2021\/03\/congreso-del-estado1703_opt.jpg\",\"articleSection\":[\"Congreso\"],\"inLanguage\":\"es\",\"potentialAction\":[{\"@type\":\"CommentAction\",\"name\":\"Comment\",\"target\":[\"https:\/\/www.sonoraenequipo.com.mx\/resuelve-congreso-del-estado-emitir-exhortos-a-autoridades-de-los-tres-niveles-de-gobierno\/#respond\"]}]},{\"@type\":\"WebPage\",\"@id\":\"https:\/\/www.sonoraenequipo.com.mx\/resuelve-congreso-del-estado-emitir-exhortos-a-autoridades-de-los-tres-niveles-de-gobierno\/\",\"url\":\"https:\/\/www.sonoraenequipo.com.mx\/resuelve-congreso-del-estado-emitir-exhortos-a-autoridades-de-los-tres-niveles-de-gobierno\/\",\"name\":\"Sonora en Equipo. Resuelve Congreso del Estado emitir exhortos a autoridades de los tres niveles de gobierno Congreso\",\"isPartOf\":{\"@id\":\"https:\/\/www.sonoraenequipo.com.mx\/#website\"},\"primaryImageOfPage\":{\"@id\":\"https:\/\/www.sonoraenequipo.com.mx\/resuelve-congreso-del-estado-emitir-exhortos-a-autoridades-de-los-tres-niveles-de-gobierno\/#primaryimage\"},\"image\":{\"@id\":\"https:\/\/www.sonoraenequipo.com.mx\/resuelve-congreso-del-estado-emitir-exhortos-a-autoridades-de-los-tres-niveles-de-gobierno\/#primaryimage\"},\"thumbnailUrl\":\"https:\/\/www.sonoraenequipo.com.mx\/storage\/2021\/03\/congreso-del-estado1703_opt.jpg\",\"datePublished\":\"2021-03-17T06:15:19+00:00\",\"dateModified\":\"2021-03-17T15:43:32+00:00\",\"description\":\"HERMOSILLO, SONORA. MX. \u2014 El Congreso del Estado resolvi\u00f3 emitir exhortos a autoridades federales, estatales y locales, con el objeto de dar soluci\u00f3n a En Sonora en Equipo publicamos toda la informaci\u00f3n de Sonora, M\u00e9xico y el Mundo de manera oportuna y busca que la libertad de expresi\u00f3n sea real. Visita nuestro medio informativo publicado desde Hermosillo, Sonora. %\",\"breadcrumb\":{\"@id\":\"https:\/\/www.sonoraenequipo.com.mx\/resuelve-congreso-del-estado-emitir-exhortos-a-autoridades-de-los-tres-niveles-de-gobierno\/#breadcrumb\"},\"inLanguage\":\"es\",\"potentialAction\":[{\"@type\":\"ReadAction\",\"target\":[\"https:\/\/www.sonoraenequipo.com.mx\/resuelve-congreso-del-estado-emitir-exhortos-a-autoridades-de-los-tres-niveles-de-gobierno\/\"]}]},{\"@type\":\"ImageObject\",\"inLanguage\":\"es\",\"@id\":\"https:\/\/www.sonoraenequipo.com.mx\/resuelve-congreso-del-estado-emitir-exhortos-a-autoridades-de-los-tres-niveles-de-gobierno\/#primaryimage\",\"url\":\"https:\/\/www.sonoraenequipo.com.mx\/storage\/2021\/03\/congreso-del-estado1703_opt.jpg\",\"contentUrl\":\"https:\/\/www.sonoraenequipo.com.mx\/storage\/2021\/03\/congreso-del-estado1703_opt.jpg\",\"width\":800,\"height\":500},{\"@type\":\"BreadcrumbList\",\"@id\":\"https:\/\/www.sonoraenequipo.com.mx\/resuelve-congreso-del-estado-emitir-exhortos-a-autoridades-de-los-tres-niveles-de-gobierno\/#breadcrumb\",\"itemListElement\":[{\"@type\":\"ListItem\",\"position\":1,\"name\":\"Portada\",\"item\":\"https:\/\/www.sonoraenequipo.com.mx\/\"},{\"@type\":\"ListItem\",\"position\":2,\"name\":\"Resuelve Congreso del Estado emitir exhortos a autoridades de los tres niveles de gobierno\"}]},{\"@type\":\"WebSite\",\"@id\":\"https:\/\/www.sonoraenequipo.com.mx\/#website\",\"url\":\"https:\/\/www.sonoraenequipo.com.mx\/\",\"name\":\"Sonora en Equipo.\",\"description\":\"Diario en l\u00ednea con Noticias desde Hermosillo, Sonora\",\"publisher\":{\"@id\":\"https:\/\/www.sonoraenequipo.com.mx\/#organization\"},\"potentialAction\":[{\"@type\":\"SearchAction\",\"target\":{\"@type\":\"EntryPoint\",\"urlTemplate\":\"https:\/\/www.sonoraenequipo.com.mx\/?s={search_term_string}\"},\"query-input\":{\"@type\":\"PropertyValueSpecification\",\"valueRequired\":true,\"valueName\":\"search_term_string\"}}],\"inLanguage\":\"es\"},{\"@type\":\"Organization\",\"@id\":\"https:\/\/www.sonoraenequipo.com.mx\/#organization\",\"name\":\"Sonoraenequipo.com.mx\",\"url\":\"https:\/\/www.sonoraenequipo.com.mx\/\",\"logo\":{\"@type\":\"ImageObject\",\"inLanguage\":\"es\",\"@id\":\"https:\/\/www.sonoraenequipo.com.mx\/#\/schema\/logo\/image\/\",\"url\":\"https:\/\/www.sonoraenequipo.com.mx\/storage\/2019\/01\/sonoraenequipo_opt.png\",\"contentUrl\":\"https:\/\/www.sonoraenequipo.com.mx\/storage\/2019\/01\/sonoraenequipo_opt.png\",\"width\":375,\"height\":125,\"caption\":\"Sonoraenequipo.com.mx\"},\"image\":{\"@id\":\"https:\/\/www.sonoraenequipo.com.mx\/#\/schema\/logo\/image\/\"},\"sameAs\":[\"https:\/\/www.facebook.com\/SonoraEE\/\",\"https:\/\/x.com\/sonoraenequipo\",\"https:\/\/www.youtube.com\/channel\/UC338nW-lPEYmJQs4ZABQ1SQ\"]},{\"@type\":\"Person\",\"@id\":\"https:\/\/www.sonoraenequipo.com.mx\/#\/schema\/person\/50102df0fb23a8fa9e8effad8fa81386\",\"name\":\"enequipo\",\"image\":{\"@type\":\"ImageObject\",\"inLanguage\":\"es\",\"@id\":\"https:\/\/www.sonoraenequipo.com.mx\/#\/schema\/person\/image\/\",\"url\":\"https:\/\/secure.gravatar.com\/avatar\/049821681b589dabc0bc20695993ccebb09f5b5d4d790cd9251b97faac7c652b?s=96&d=blank&r=g\",\"contentUrl\":\"https:\/\/secure.gravatar.com\/avatar\/049821681b589dabc0bc20695993ccebb09f5b5d4d790cd9251b97faac7c652b?s=96&d=blank&r=g\",\"caption\":\"enequipo\"},\"sameAs\":[\"https:\/\/www.facebook.com\/SonoraEE\"]}]}<\/script>\n ","yoast_head_json":{"title":"Sonora en Equipo. Resuelve Congreso del Estado emitir exhortos a autoridades de los tres niveles de gobierno Congreso","description":"HERMOSILLO, SONORA. MX. \u2014 El Congreso del Estado resolvi\u00f3 emitir exhortos a autoridades federales, estatales y locales, con el objeto de dar soluci\u00f3n a En Sonora en Equipo publicamos toda la informaci\u00f3n de Sonora, M\u00e9xico y el Mundo de manera oportuna y busca que la libertad de expresi\u00f3n sea real. Visita nuestro medio informativo publicado desde Hermosillo, Sonora. %","robots":{"index":"index","follow":"follow","max-snippet":"max-snippet:-1","max-image-preview":"max-image-preview:large","max-video-preview":"max-video-preview:-1"},"canonical":"https:\/\/www.sonoraenequipo.com.mx\/resuelve-congreso-del-estado-emitir-exhortos-a-autoridades-de-los-tres-niveles-de-gobierno\/","og_locale":"es_ES","og_type":"article","og_title":"Sonora en Equipo. Resuelve Congreso del Estado emitir exhortos a autoridades de los tres niveles de gobierno Congreso","og_description":"HERMOSILLO, SONORA. MX. \u2014 El Congreso del Estado resolvi\u00f3 emitir exhortos a autoridades federales, estatales y locales, con el objeto de dar soluci\u00f3n a En Sonora en Equipo publicamos toda la informaci\u00f3n de Sonora, M\u00e9xico y el Mundo de manera oportuna y busca que la libertad de expresi\u00f3n sea real. Visita nuestro medio informativo publicado desde Hermosillo, Sonora. %","og_url":"https:\/\/www.sonoraenequipo.com.mx\/resuelve-congreso-del-estado-emitir-exhortos-a-autoridades-de-los-tres-niveles-de-gobierno\/","og_site_name":"Sonora en Equipo.","article_publisher":"https:\/\/www.facebook.com\/SonoraEE\/","article_author":"https:\/\/www.facebook.com\/SonoraEE","article_published_time":"2021-03-17T06:15:19+00:00","article_modified_time":"2021-03-17T15:43:32+00:00","og_image":[{"width":800,"height":500,"url":"https:\/\/www.sonoraenequipo.com.mx\/storage\/2021\/03\/congreso-del-estado1703_opt.jpg","type":"image\/jpeg"}],"author":"enequipo","twitter_card":"summary_large_image","twitter_creator":"@sonoraenequipo","twitter_site":"@sonoraenequipo","twitter_misc":{"Escrito por":"enequipo","Tiempo de lectura":"5 minutos"},"schema":{"@context":"https:\/\/schema.org","@graph":[{"@type":"Article","@id":"https:\/\/www.sonoraenequipo.com.mx\/resuelve-congreso-del-estado-emitir-exhortos-a-autoridades-de-los-tres-niveles-de-gobierno\/#article","isPartOf":{"@id":"https:\/\/www.sonoraenequipo.com.mx\/resuelve-congreso-del-estado-emitir-exhortos-a-autoridades-de-los-tres-niveles-de-gobierno\/"},"author":{"name":"enequipo","@id":"https:\/\/www.sonoraenequipo.com.mx\/#\/schema\/person\/50102df0fb23a8fa9e8effad8fa81386"},"headline":"Resuelve Congreso del Estado emitir exhortos a autoridades de los tres niveles de gobierno","datePublished":"2021-03-17T06:15:19+00:00","dateModified":"2021-03-17T15:43:32+00:00","mainEntityOfPage":{"@id":"https:\/\/www.sonoraenequipo.com.mx\/resuelve-congreso-del-estado-emitir-exhortos-a-autoridades-de-los-tres-niveles-de-gobierno\/"},"wordCount":1220,"commentCount":0,"publisher":{"@id":"https:\/\/www.sonoraenequipo.com.mx\/#organization"},"image":{"@id":"https:\/\/www.sonoraenequipo.com.mx\/resuelve-congreso-del-estado-emitir-exhortos-a-autoridades-de-los-tres-niveles-de-gobierno\/#primaryimage"},"thumbnailUrl":"https:\/\/www.sonoraenequipo.com.mx\/storage\/2021\/03\/congreso-del-estado1703_opt.jpg","articleSection":["Congreso"],"inLanguage":"es","potentialAction":[{"@type":"CommentAction","name":"Comment","target":["https:\/\/www.sonoraenequipo.com.mx\/resuelve-congreso-del-estado-emitir-exhortos-a-autoridades-de-los-tres-niveles-de-gobierno\/#respond"]}]},{"@type":"WebPage","@id":"https:\/\/www.sonoraenequipo.com.mx\/resuelve-congreso-del-estado-emitir-exhortos-a-autoridades-de-los-tres-niveles-de-gobierno\/","url":"https:\/\/www.sonoraenequipo.com.mx\/resuelve-congreso-del-estado-emitir-exhortos-a-autoridades-de-los-tres-niveles-de-gobierno\/","name":"Sonora en Equipo. Resuelve Congreso del Estado emitir exhortos a autoridades de los tres niveles de gobierno Congreso","isPartOf":{"@id":"https:\/\/www.sonoraenequipo.com.mx\/#website"},"primaryImageOfPage":{"@id":"https:\/\/www.sonoraenequipo.com.mx\/resuelve-congreso-del-estado-emitir-exhortos-a-autoridades-de-los-tres-niveles-de-gobierno\/#primaryimage"},"image":{"@id":"https:\/\/www.sonoraenequipo.com.mx\/resuelve-congreso-del-estado-emitir-exhortos-a-autoridades-de-los-tres-niveles-de-gobierno\/#primaryimage"},"thumbnailUrl":"https:\/\/www.sonoraenequipo.com.mx\/storage\/2021\/03\/congreso-del-estado1703_opt.jpg","datePublished":"2021-03-17T06:15:19+00:00","dateModified":"2021-03-17T15:43:32+00:00","description":"HERMOSILLO, SONORA. MX. \u2014 El Congreso del Estado resolvi\u00f3 emitir exhortos a autoridades federales, estatales y locales, con el objeto de dar soluci\u00f3n a En Sonora en Equipo publicamos toda la informaci\u00f3n de Sonora, M\u00e9xico y el Mundo de manera oportuna y busca que la libertad de expresi\u00f3n sea real. Visita nuestro medio informativo publicado desde Hermosillo, Sonora. %","breadcrumb":{"@id":"https:\/\/www.sonoraenequipo.com.mx\/resuelve-congreso-del-estado-emitir-exhortos-a-autoridades-de-los-tres-niveles-de-gobierno\/#breadcrumb"},"inLanguage":"es","potentialAction":[{"@type":"ReadAction","target":["https:\/\/www.sonoraenequipo.com.mx\/resuelve-congreso-del-estado-emitir-exhortos-a-autoridades-de-los-tres-niveles-de-gobierno\/"]}]},{"@type":"ImageObject","inLanguage":"es","@id":"https:\/\/www.sonoraenequipo.com.mx\/resuelve-congreso-del-estado-emitir-exhortos-a-autoridades-de-los-tres-niveles-de-gobierno\/#primaryimage","url":"https:\/\/www.sonoraenequipo.com.mx\/storage\/2021\/03\/congreso-del-estado1703_opt.jpg","contentUrl":"https:\/\/www.sonoraenequipo.com.mx\/storage\/2021\/03\/congreso-del-estado1703_opt.jpg","width":800,"height":500},{"@type":"BreadcrumbList","@id":"https:\/\/www.sonoraenequipo.com.mx\/resuelve-congreso-del-estado-emitir-exhortos-a-autoridades-de-los-tres-niveles-de-gobierno\/#breadcrumb","itemListElement":[{"@type":"ListItem","position":1,"name":"Portada","item":"https:\/\/www.sonoraenequipo.com.mx\/"},{"@type":"ListItem","position":2,"name":"Resuelve Congreso del Estado emitir exhortos a autoridades de los tres niveles de gobierno"}]},{"@type":"WebSite","@id":"https:\/\/www.sonoraenequipo.com.mx\/#website","url":"https:\/\/www.sonoraenequipo.com.mx\/","name":"Sonora en Equipo.","description":"Diario en l\u00ednea con Noticias desde Hermosillo, Sonora","publisher":{"@id":"https:\/\/www.sonoraenequipo.com.mx\/#organization"},"potentialAction":[{"@type":"SearchAction","target":{"@type":"EntryPoint","urlTemplate":"https:\/\/www.sonoraenequipo.com.mx\/?s={search_term_string}"},"query-input":{"@type":"PropertyValueSpecification","valueRequired":true,"valueName":"search_term_string"}}],"inLanguage":"es"},{"@type":"Organization","@id":"https:\/\/www.sonoraenequipo.com.mx\/#organization","name":"Sonoraenequipo.com.mx","url":"https:\/\/www.sonoraenequipo.com.mx\/","logo":{"@type":"ImageObject","inLanguage":"es","@id":"https:\/\/www.sonoraenequipo.com.mx\/#\/schema\/logo\/image\/","url":"https:\/\/www.sonoraenequipo.com.mx\/storage\/2019\/01\/sonoraenequipo_opt.png","contentUrl":"https:\/\/www.sonoraenequipo.com.mx\/storage\/2019\/01\/sonoraenequipo_opt.png","width":375,"height":125,"caption":"Sonoraenequipo.com.mx"},"image":{"@id":"https:\/\/www.sonoraenequipo.com.mx\/#\/schema\/logo\/image\/"},"sameAs":["https:\/\/www.facebook.com\/SonoraEE\/","https:\/\/x.com\/sonoraenequipo","https:\/\/www.youtube.com\/channel\/UC338nW-lPEYmJQs4ZABQ1SQ"]},{"@type":"Person","@id":"https:\/\/www.sonoraenequipo.com.mx\/#\/schema\/person\/50102df0fb23a8fa9e8effad8fa81386","name":"enequipo","image":{"@type":"ImageObject","inLanguage":"es","@id":"https:\/\/www.sonoraenequipo.com.mx\/#\/schema\/person\/image\/","url":"https:\/\/secure.gravatar.com\/avatar\/049821681b589dabc0bc20695993ccebb09f5b5d4d790cd9251b97faac7c652b?s=96&d=blank&r=g","contentUrl":"https:\/\/secure.gravatar.com\/avatar\/049821681b589dabc0bc20695993ccebb09f5b5d4d790cd9251b97faac7c652b?s=96&d=blank&r=g","caption":"enequipo"},"sameAs":["https:\/\/www.facebook.com\/SonoraEE"]}]}},"jetpack_featured_media_url":"https:\/\/www.sonoraenequipo.com.mx\/storage\/2021\/03\/congreso-del-estado1703_opt.jpg","_links":{"self":[{"href":"https:\/\/www.sonoraenequipo.com.mx\/api\/wp\/v2\/posts\/109348","targetHints":{"allow":["GET"]}}],"collection":[{"href":"https:\/\/www.sonoraenequipo.com.mx\/api\/wp\/v2\/posts"}],"about":[{"href":"https:\/\/www.sonoraenequipo.com.mx\/api\/wp\/v2\/types\/post"}],"author":[{"embeddable":true,"href":"https:\/\/www.sonoraenequipo.com.mx\/api\/wp\/v2\/users\/1"}],"replies":[{"embeddable":true,"href":"https:\/\/www.sonoraenequipo.com.mx\/api\/wp\/v2\/comments?post=109348"}],"version-history":[{"count":1,"href":"https:\/\/www.sonoraenequipo.com.mx\/api\/wp\/v2\/posts\/109348\/revisions"}],"predecessor-version":[{"id":109350,"href":"https:\/\/www.sonoraenequipo.com.mx\/api\/wp\/v2\/posts\/109348\/revisions\/109350"}],"wp:featuredmedia":[{"embeddable":true,"href":"https:\/\/www.sonoraenequipo.com.mx\/api\/wp\/v2\/media\/109349"}],"wp:attachment":[{"href":"https:\/\/www.sonoraenequipo.com.mx\/api\/wp\/v2\/media?parent=109348"}],"wp:term":[{"taxonomy":"category","embeddable":true,"href":"https:\/\/www.sonoraenequipo.com.mx\/api\/wp\/v2\/categories?post=109348"},{"taxonomy":"post_tag","embeddable":true,"href":"https:\/\/www.sonoraenequipo.com.mx\/api\/wp\/v2\/tags?post=109348"}],"curies":[{"name":"wp","href":"https:\/\/api.w.org\/{rel}","templated":true}]}}