{"id":109354,"date":"2021-03-17T09:41:51","date_gmt":"2021-03-17T16:41:51","guid":{"rendered":"https:\/\/www.sonoraenequipo.com.mx\/?p=109354"},"modified":"2021-03-17T09:41:51","modified_gmt":"2021-03-17T16:41:51","slug":"anuncia-amlo-reforma-a-la-constitucion","status":"publish","type":"post","link":"https:\/\/www.sonoraenequipo.com.mx\/anuncia-amlo-reforma-a-la-constitucion\/","title":{"rendered":"Anuncia AMLO reforma a la Constituci\u00f3n"},"content":{"rendered":"<p>CIUDAD DE M\u00c9XICO. MX.\u2014 Este mi\u00e9rcoles (17.03.2021) el presidente mexicano Andr\u00e9s Manuel L\u00f3pez Obrador encabez\u00f3 su conferencia matutina con medios de comunicaci\u00f3n, desde Palacio Nacional.<\/p>\n<p>&nbsp;<\/p>\n<p> <\/p>\n<p>&nbsp;<\/p>\n<p>Al inicio del acto, el mandatario aprovech\u00f3 para \u00abdesmentir\u00bb una nota sobre el sargazo publicada en el diario Reforma, rechazando su presencia en playas de Quintana Roo, pues <em>\u00abest\u00e1n limpias y es un para\u00edso del Caribe\u00bb.<\/em><\/p>\n<p>&nbsp;<\/p>\n<p>Tras esto, se present\u00f3 un informe sobre el avance en la reconstrucci\u00f3n en Ciudad de M\u00e9xico, Oaxaca y Puebla tras los sismos del 2017.<\/p>\n<p>&nbsp;<\/p>\n<p>De acuerdo con Alejandra Fraustro, secretaria de Cultura, la restauraci\u00f3n de inmuebles hist\u00f3ricos afectados por los sismos, lleva un avance de 50.4% y para 2023 se prev\u00e9 llegar al 99%.<\/p>\n<p>&nbsp;<\/p>\n<p>En otro tema, L\u00f3pez Obrador llam\u00f3 a <em>\u00abtransparentar todo\u00bb<\/em>, luego de que otro juez federal se sum\u00f3 al freno de su reforma el\u00e9ctrica.<\/p>\n<p>&nbsp;<\/p>\n<p>Reiter\u00f3 que ya no hay <em>\u00abintocables\u00bb,<\/em> destacando que el presidente no tiene fuero y debe ser as\u00ed con otros servidores p\u00fablicos.<\/p>\n<p>&nbsp;<\/p>\n<p>En ese sentido, anunci\u00f3 una iniciativa de reforma para que<em> \u00abno se guarden los expedientes\u00bb<\/em> cuando se trata de servidores p\u00fablicos que cometen actos de corrupci\u00f3n.<\/p>\n<p>&nbsp;<\/p>\n<p>\u00ab<em>Yo estoy seguro que es constitucional la reforma el\u00e9ctrica, pero si los jueces y ministros determinan que es inconstitucional y no puede proceder, enviar\u00eda yo una iniciativa de reforma a la Constituci\u00f3n\u00bb,<\/em> asegur\u00f3 el mandatario en su conferencia de prensa matutina en Palacio Nacional.<\/p>\n<p>&nbsp;<\/p>\n<p>L\u00f3pez Obrador est\u00e1 inmerso en una batalla judicial luego de que al menos dos jueces hayan suspendido provisionalmente la aplicaci\u00f3n de su reforma, que beneficia a la el\u00e9ctrica p\u00fablica Comisi\u00f3n Federal de Electricidad (CFE) en detrimento de las empresas privadas.<\/p>\n<p>&nbsp;<\/p>\n<p>El presidente se mostr\u00f3 convencido de que en caso de impulsar una reforma constitucional tendr\u00e1 el apoyo de las \u00abdos terceras partes\u00bb del Congreso necesarias para tirarla adelante despu\u00e9s de las elecciones intermedias del 6 de junio.<\/p>\n<p>&nbsp;<\/p>\n<p><em>\u00abNo puedo ser c\u00f3mplice del robo, del atraco. No puedo aceptar que los particulares da\u00f1en la hacienda p\u00fablica y afecten a la econom\u00eda de los pobres\u00bb,<\/em> dijo el mandatario, quien critic\u00f3 que las grandes corporaciones pagan ahora menos por la electricidad que un negocio humilde.<\/p>\n<p>&nbsp;<\/p>\n<p>L\u00f3pez Obrador dijo estar <em>\u00aben la mejor disposici\u00f3n de que haya acuerdos\u00bb con las empresas privadas de energ\u00eda, pero puso como condici\u00f3n que \u00abtiene que haber descuentos\u00bb<\/em> en el precio de la energ\u00eda.<\/p>\n<p>&nbsp;<\/p>\n<p>Varias compa\u00f1\u00edas energ\u00e9ticas afectadas por la reforma han presentado amparos ante los juzgados logrando suspensiones provisionales de la nueva pol\u00edtica el\u00e9ctrica de M\u00e9xico.<\/p>\n<p>&nbsp;<\/p>\n<p>Ante esta situaci\u00f3n, L\u00f3pez Obrador envi\u00f3 una carta al presidente de la Suprema Corte de Justicia de la Naci\u00f3n, Arturo Zald\u00edvar, exigiendo que se investigue a Juan Pablo G\u00f3mez Fierro, primer juez en detener la reforma.<\/p>\n<p>&nbsp;<\/p>\n<p><em>\u00abSer\u00eda lamentable que despu\u00e9s de todo el da\u00f1o que la oligarqu\u00eda ha causado al pa\u00eds, sigamos permitiendo el abuso y la prepotencia bajo la excusa del Estado de Derecho\u00bb<\/em>, dijo el mandatario en su pol\u00e9mica carta.<\/p>\n<p>&nbsp;<\/p>\n<p>A pesar de esta exigencia, el presidente asegur\u00f3 este mi\u00e9rcoles que a diferencia de lo que ocurr\u00eda durante los Gobiernos anteriores<em> \u00abahora hay autonom\u00eda e independencia de poderes\u00bb.<\/em><\/p>\n<p>&nbsp;<\/p>\n<p><em>\u00abLuchamos por una democracia, no aspiramos a una dictadura. Queremos una aut\u00e9ntica divisi\u00f3n de poderes que no hab\u00eda, porque antes el poder de los poderes era el presidente\u00bb,<\/em> dijo.<\/p>\n<p>&nbsp;<\/p>\n<p>La reforma el\u00e9ctrica ha sido criticada por los empresarios por vulnerar contratos y acuerdos internacionales, y da\u00f1ar al medioambiente, pues relega a las energ\u00edas limpias.<\/p>\n<p>&nbsp;<\/p>\n<p>(Publicada el 17\/03\/2021)<\/p>\n","protected":false},"excerpt":{"rendered":"<p>CIUDAD DE M\u00c9XICO. MX.\u2014 Este mi\u00e9rcoles (17.03.2021) el presidente mexicano Andr\u00e9s Manuel L\u00f3pez Obrador encabez\u00f3&#8230;<\/p>\n","protected":false},"author":1,"featured_media":109355,"comment_status":"open","ping_status":"open","sticky":false,"template":"","format":"standard","meta":{"_monsterinsights_skip_tracking":false,"_monsterinsights_sitenote_active":false,"_monsterinsights_sitenote_note":"","_monsterinsights_sitenote_category":0,"footnotes":""},"categories":[5],"tags":[],"class_list":["post"],"yoast_head":" \n<title>Sonora en Equipo. Anuncia AMLO reforma a la Constituci\u00f3n Rep\u00fablica<\/title>\n<meta name=\"description\" content=\"CIUDAD DE M\u00c9XICO. MX.\u2014 Este mi\u00e9rcoles (17.03.2021) el presidente mexicano Andr\u00e9s Manuel L\u00f3pez Obrador encabez\u00f3 su conferencia matutina con medios de En Sonora en Equipo publicamos toda la informaci\u00f3n de Sonora, M\u00e9xico y el Mundo de manera oportuna y busca que la libertad de expresi\u00f3n sea real. Visita nuestro medio informativo publicado desde Hermosillo, Sonora. %\" \/>\n<meta name=\"robots\" content=\"index, follow, max-snippet:-1, max-image-preview:large, max-video-preview:-1\" \/>\n<link rel=\"canonical\" href=\"https:\/\/www.sonoraenequipo.com.mx\/anuncia-amlo-reforma-a-la-constitucion\/\" \/>\n<meta property=\"og:locale\" content=\"es_ES\" \/>\n<meta property=\"og:type\" content=\"article\" \/>\n<meta property=\"og:title\" content=\"Sonora en Equipo. Anuncia AMLO reforma a la Constituci\u00f3n Rep\u00fablica\" \/>\n<meta property=\"og:description\" content=\"CIUDAD DE M\u00c9XICO. MX.\u2014 Este mi\u00e9rcoles (17.03.2021) el presidente mexicano Andr\u00e9s Manuel L\u00f3pez Obrador encabez\u00f3 su conferencia matutina con medios de En Sonora en Equipo publicamos toda la informaci\u00f3n de Sonora, M\u00e9xico y el Mundo de manera oportuna y busca que la libertad de expresi\u00f3n sea real. Visita nuestro medio informativo publicado desde Hermosillo, Sonora. %\" \/>\n<meta property=\"og:url\" content=\"https:\/\/www.sonoraenequipo.com.mx\/anuncia-amlo-reforma-a-la-constitucion\/\" \/>\n<meta property=\"og:site_name\" content=\"Sonora en Equipo.\" \/>\n<meta property=\"article:publisher\" content=\"https:\/\/www.facebook.com\/SonoraEE\/\" \/>\n<meta property=\"article:author\" content=\"https:\/\/www.facebook.com\/SonoraEE\" \/>\n<meta property=\"article:published_time\" content=\"2021-03-17T16:41:51+00:00\" \/>\n<meta property=\"og:image\" content=\"https:\/\/www.sonoraenequipo.com.mx\/storage\/2021\/03\/conferencia_matutina_opt.jpg\" \/>\n\t<meta property=\"og:image:width\" content=\"800\" \/>\n\t<meta property=\"og:image:height\" content=\"500\" \/>\n\t<meta property=\"og:image:type\" content=\"image\/jpeg\" \/>\n<meta name=\"author\" content=\"enequipo\" \/>\n<meta name=\"twitter:card\" content=\"summary_large_image\" \/>\n<meta name=\"twitter:creator\" content=\"@sonoraenequipo\" \/>\n<meta name=\"twitter:site\" content=\"@sonoraenequipo\" \/>\n<meta name=\"twitter:label1\" content=\"Escrito por\" \/>\n\t<meta name=\"twitter:data1\" content=\"enequipo\" \/>\n\t<meta name=\"twitter:label2\" content=\"Tiempo de lectura\" \/>\n\t<meta name=\"twitter:data2\" content=\"3 minutos\" \/>\n<script type=\"application\/ld+json\" class=\"yoast-schema-graph\">{\"@context\":\"https:\/\/schema.org\",\"@graph\":[{\"@type\":\"Article\",\"@id\":\"https:\/\/www.sonoraenequipo.com.mx\/anuncia-amlo-reforma-a-la-constitucion\/#article\",\"isPartOf\":{\"@id\":\"https:\/\/www.sonoraenequipo.com.mx\/anuncia-amlo-reforma-a-la-constitucion\/\"},\"author\":{\"name\":\"enequipo\",\"@id\":\"https:\/\/www.sonoraenequipo.com.mx\/#\/schema\/person\/50102df0fb23a8fa9e8effad8fa81386\"},\"headline\":\"Anuncia AMLO reforma a la Constituci\u00f3n\",\"datePublished\":\"2021-03-17T16:41:51+00:00\",\"mainEntityOfPage\":{\"@id\":\"https:\/\/www.sonoraenequipo.com.mx\/anuncia-amlo-reforma-a-la-constitucion\/\"},\"wordCount\":642,\"commentCount\":0,\"publisher\":{\"@id\":\"https:\/\/www.sonoraenequipo.com.mx\/#organization\"},\"image\":{\"@id\":\"https:\/\/www.sonoraenequipo.com.mx\/anuncia-amlo-reforma-a-la-constitucion\/#primaryimage\"},\"thumbnailUrl\":\"https:\/\/www.sonoraenequipo.com.mx\/storage\/2021\/03\/conferencia_matutina_opt.jpg\",\"articleSection\":[\"Rep\u00fablica\"],\"inLanguage\":\"es\",\"potentialAction\":[{\"@type\":\"CommentAction\",\"name\":\"Comment\",\"target\":[\"https:\/\/www.sonoraenequipo.com.mx\/anuncia-amlo-reforma-a-la-constitucion\/#respond\"]}]},{\"@type\":\"WebPage\",\"@id\":\"https:\/\/www.sonoraenequipo.com.mx\/anuncia-amlo-reforma-a-la-constitucion\/\",\"url\":\"https:\/\/www.sonoraenequipo.com.mx\/anuncia-amlo-reforma-a-la-constitucion\/\",\"name\":\"Sonora en Equipo. Anuncia AMLO reforma a la Constituci\u00f3n Rep\u00fablica\",\"isPartOf\":{\"@id\":\"https:\/\/www.sonoraenequipo.com.mx\/#website\"},\"primaryImageOfPage\":{\"@id\":\"https:\/\/www.sonoraenequipo.com.mx\/anuncia-amlo-reforma-a-la-constitucion\/#primaryimage\"},\"image\":{\"@id\":\"https:\/\/www.sonoraenequipo.com.mx\/anuncia-amlo-reforma-a-la-constitucion\/#primaryimage\"},\"thumbnailUrl\":\"https:\/\/www.sonoraenequipo.com.mx\/storage\/2021\/03\/conferencia_matutina_opt.jpg\",\"datePublished\":\"2021-03-17T16:41:51+00:00\",\"description\":\"CIUDAD DE M\u00c9XICO. MX.\u2014 Este mi\u00e9rcoles (17.03.2021) el presidente mexicano Andr\u00e9s Manuel L\u00f3pez Obrador encabez\u00f3 su conferencia matutina con medios de En Sonora en Equipo publicamos toda la informaci\u00f3n de Sonora, M\u00e9xico y el Mundo de manera oportuna y busca que la libertad de expresi\u00f3n sea real. Visita nuestro medio informativo publicado desde Hermosillo, Sonora. %\",\"breadcrumb\":{\"@id\":\"https:\/\/www.sonoraenequipo.com.mx\/anuncia-amlo-reforma-a-la-constitucion\/#breadcrumb\"},\"inLanguage\":\"es\",\"potentialAction\":[{\"@type\":\"ReadAction\",\"target\":[\"https:\/\/www.sonoraenequipo.com.mx\/anuncia-amlo-reforma-a-la-constitucion\/\"]}]},{\"@type\":\"ImageObject\",\"inLanguage\":\"es\",\"@id\":\"https:\/\/www.sonoraenequipo.com.mx\/anuncia-amlo-reforma-a-la-constitucion\/#primaryimage\",\"url\":\"https:\/\/www.sonoraenequipo.com.mx\/storage\/2021\/03\/conferencia_matutina_opt.jpg\",\"contentUrl\":\"https:\/\/www.sonoraenequipo.com.mx\/storage\/2021\/03\/conferencia_matutina_opt.jpg\",\"width\":800,\"height\":500},{\"@type\":\"BreadcrumbList\",\"@id\":\"https:\/\/www.sonoraenequipo.com.mx\/anuncia-amlo-reforma-a-la-constitucion\/#breadcrumb\",\"itemListElement\":[{\"@type\":\"ListItem\",\"position\":1,\"name\":\"Portada\",\"item\":\"https:\/\/www.sonoraenequipo.com.mx\/\"},{\"@type\":\"ListItem\",\"position\":2,\"name\":\"Anuncia AMLO reforma a la Constituci\u00f3n\"}]},{\"@type\":\"WebSite\",\"@id\":\"https:\/\/www.sonoraenequipo.com.mx\/#website\",\"url\":\"https:\/\/www.sonoraenequipo.com.mx\/\",\"name\":\"Sonora en Equipo.\",\"description\":\"Diario en l\u00ednea con Noticias desde Hermosillo, Sonora\",\"publisher\":{\"@id\":\"https:\/\/www.sonoraenequipo.com.mx\/#organization\"},\"potentialAction\":[{\"@type\":\"SearchAction\",\"target\":{\"@type\":\"EntryPoint\",\"urlTemplate\":\"https:\/\/www.sonoraenequipo.com.mx\/?s={search_term_string}\"},\"query-input\":{\"@type\":\"PropertyValueSpecification\",\"valueRequired\":true,\"valueName\":\"search_term_string\"}}],\"inLanguage\":\"es\"},{\"@type\":\"Organization\",\"@id\":\"https:\/\/www.sonoraenequipo.com.mx\/#organization\",\"name\":\"Sonoraenequipo.com.mx\",\"url\":\"https:\/\/www.sonoraenequipo.com.mx\/\",\"logo\":{\"@type\":\"ImageObject\",\"inLanguage\":\"es\",\"@id\":\"https:\/\/www.sonoraenequipo.com.mx\/#\/schema\/logo\/image\/\",\"url\":\"https:\/\/www.sonoraenequipo.com.mx\/storage\/2019\/01\/sonoraenequipo_opt.png\",\"contentUrl\":\"https:\/\/www.sonoraenequipo.com.mx\/storage\/2019\/01\/sonoraenequipo_opt.png\",\"width\":375,\"height\":125,\"caption\":\"Sonoraenequipo.com.mx\"},\"image\":{\"@id\":\"https:\/\/www.sonoraenequipo.com.mx\/#\/schema\/logo\/image\/\"},\"sameAs\":[\"https:\/\/www.facebook.com\/SonoraEE\/\",\"https:\/\/x.com\/sonoraenequipo\",\"https:\/\/www.youtube.com\/channel\/UC338nW-lPEYmJQs4ZABQ1SQ\"]},{\"@type\":\"Person\",\"@id\":\"https:\/\/www.sonoraenequipo.com.mx\/#\/schema\/person\/50102df0fb23a8fa9e8effad8fa81386\",\"name\":\"enequipo\",\"image\":{\"@type\":\"ImageObject\",\"inLanguage\":\"es\",\"@id\":\"https:\/\/www.sonoraenequipo.com.mx\/#\/schema\/person\/image\/\",\"url\":\"https:\/\/secure.gravatar.com\/avatar\/049821681b589dabc0bc20695993ccebb09f5b5d4d790cd9251b97faac7c652b?s=96&d=blank&r=g\",\"contentUrl\":\"https:\/\/secure.gravatar.com\/avatar\/049821681b589dabc0bc20695993ccebb09f5b5d4d790cd9251b97faac7c652b?s=96&d=blank&r=g\",\"caption\":\"enequipo\"},\"sameAs\":[\"https:\/\/www.facebook.com\/SonoraEE\"]}]}<\/script>\n ","yoast_head_json":{"title":"Sonora en Equipo. Anuncia AMLO reforma a la Constituci\u00f3n Rep\u00fablica","description":"CIUDAD DE M\u00c9XICO. MX.\u2014 Este mi\u00e9rcoles (17.03.2021) el presidente mexicano Andr\u00e9s Manuel L\u00f3pez Obrador encabez\u00f3 su conferencia matutina con medios de En Sonora en Equipo publicamos toda la informaci\u00f3n de Sonora, M\u00e9xico y el Mundo de manera oportuna y busca que la libertad de expresi\u00f3n sea real. Visita nuestro medio informativo publicado desde Hermosillo, Sonora. %","robots":{"index":"index","follow":"follow","max-snippet":"max-snippet:-1","max-image-preview":"max-image-preview:large","max-video-preview":"max-video-preview:-1"},"canonical":"https:\/\/www.sonoraenequipo.com.mx\/anuncia-amlo-reforma-a-la-constitucion\/","og_locale":"es_ES","og_type":"article","og_title":"Sonora en Equipo. Anuncia AMLO reforma a la Constituci\u00f3n Rep\u00fablica","og_description":"CIUDAD DE M\u00c9XICO. MX.\u2014 Este mi\u00e9rcoles (17.03.2021) el presidente mexicano Andr\u00e9s Manuel L\u00f3pez Obrador encabez\u00f3 su conferencia matutina con medios de En Sonora en Equipo publicamos toda la informaci\u00f3n de Sonora, M\u00e9xico y el Mundo de manera oportuna y busca que la libertad de expresi\u00f3n sea real. Visita nuestro medio informativo publicado desde Hermosillo, Sonora. %","og_url":"https:\/\/www.sonoraenequipo.com.mx\/anuncia-amlo-reforma-a-la-constitucion\/","og_site_name":"Sonora en Equipo.","article_publisher":"https:\/\/www.facebook.com\/SonoraEE\/","article_author":"https:\/\/www.facebook.com\/SonoraEE","article_published_time":"2021-03-17T16:41:51+00:00","og_image":[{"width":800,"height":500,"url":"https:\/\/www.sonoraenequipo.com.mx\/storage\/2021\/03\/conferencia_matutina_opt.jpg","type":"image\/jpeg"}],"author":"enequipo","twitter_card":"summary_large_image","twitter_creator":"@sonoraenequipo","twitter_site":"@sonoraenequipo","twitter_misc":{"Escrito por":"enequipo","Tiempo de lectura":"3 minutos"},"schema":{"@context":"https:\/\/schema.org","@graph":[{"@type":"Article","@id":"https:\/\/www.sonoraenequipo.com.mx\/anuncia-amlo-reforma-a-la-constitucion\/#article","isPartOf":{"@id":"https:\/\/www.sonoraenequipo.com.mx\/anuncia-amlo-reforma-a-la-constitucion\/"},"author":{"name":"enequipo","@id":"https:\/\/www.sonoraenequipo.com.mx\/#\/schema\/person\/50102df0fb23a8fa9e8effad8fa81386"},"headline":"Anuncia AMLO reforma a la Constituci\u00f3n","datePublished":"2021-03-17T16:41:51+00:00","mainEntityOfPage":{"@id":"https:\/\/www.sonoraenequipo.com.mx\/anuncia-amlo-reforma-a-la-constitucion\/"},"wordCount":642,"commentCount":0,"publisher":{"@id":"https:\/\/www.sonoraenequipo.com.mx\/#organization"},"image":{"@id":"https:\/\/www.sonoraenequipo.com.mx\/anuncia-amlo-reforma-a-la-constitucion\/#primaryimage"},"thumbnailUrl":"https:\/\/www.sonoraenequipo.com.mx\/storage\/2021\/03\/conferencia_matutina_opt.jpg","articleSection":["Rep\u00fablica"],"inLanguage":"es","potentialAction":[{"@type":"CommentAction","name":"Comment","target":["https:\/\/www.sonoraenequipo.com.mx\/anuncia-amlo-reforma-a-la-constitucion\/#respond"]}]},{"@type":"WebPage","@id":"https:\/\/www.sonoraenequipo.com.mx\/anuncia-amlo-reforma-a-la-constitucion\/","url":"https:\/\/www.sonoraenequipo.com.mx\/anuncia-amlo-reforma-a-la-constitucion\/","name":"Sonora en Equipo. Anuncia AMLO reforma a la Constituci\u00f3n Rep\u00fablica","isPartOf":{"@id":"https:\/\/www.sonoraenequipo.com.mx\/#website"},"primaryImageOfPage":{"@id":"https:\/\/www.sonoraenequipo.com.mx\/anuncia-amlo-reforma-a-la-constitucion\/#primaryimage"},"image":{"@id":"https:\/\/www.sonoraenequipo.com.mx\/anuncia-amlo-reforma-a-la-constitucion\/#primaryimage"},"thumbnailUrl":"https:\/\/www.sonoraenequipo.com.mx\/storage\/2021\/03\/conferencia_matutina_opt.jpg","datePublished":"2021-03-17T16:41:51+00:00","description":"CIUDAD DE M\u00c9XICO. MX.\u2014 Este mi\u00e9rcoles (17.03.2021) el presidente mexicano Andr\u00e9s Manuel L\u00f3pez Obrador encabez\u00f3 su conferencia matutina con medios de En Sonora en Equipo publicamos toda la informaci\u00f3n de Sonora, M\u00e9xico y el Mundo de manera oportuna y busca que la libertad de expresi\u00f3n sea real. Visita nuestro medio informativo publicado desde Hermosillo, Sonora. %","breadcrumb":{"@id":"https:\/\/www.sonoraenequipo.com.mx\/anuncia-amlo-reforma-a-la-constitucion\/#breadcrumb"},"inLanguage":"es","potentialAction":[{"@type":"ReadAction","target":["https:\/\/www.sonoraenequipo.com.mx\/anuncia-amlo-reforma-a-la-constitucion\/"]}]},{"@type":"ImageObject","inLanguage":"es","@id":"https:\/\/www.sonoraenequipo.com.mx\/anuncia-amlo-reforma-a-la-constitucion\/#primaryimage","url":"https:\/\/www.sonoraenequipo.com.mx\/storage\/2021\/03\/conferencia_matutina_opt.jpg","contentUrl":"https:\/\/www.sonoraenequipo.com.mx\/storage\/2021\/03\/conferencia_matutina_opt.jpg","width":800,"height":500},{"@type":"BreadcrumbList","@id":"https:\/\/www.sonoraenequipo.com.mx\/anuncia-amlo-reforma-a-la-constitucion\/#breadcrumb","itemListElement":[{"@type":"ListItem","position":1,"name":"Portada","item":"https:\/\/www.sonoraenequipo.com.mx\/"},{"@type":"ListItem","position":2,"name":"Anuncia AMLO reforma a la Constituci\u00f3n"}]},{"@type":"WebSite","@id":"https:\/\/www.sonoraenequipo.com.mx\/#website","url":"https:\/\/www.sonoraenequipo.com.mx\/","name":"Sonora en Equipo.","description":"Diario en l\u00ednea con Noticias desde Hermosillo, Sonora","publisher":{"@id":"https:\/\/www.sonoraenequipo.com.mx\/#organization"},"potentialAction":[{"@type":"SearchAction","target":{"@type":"EntryPoint","urlTemplate":"https:\/\/www.sonoraenequipo.com.mx\/?s={search_term_string}"},"query-input":{"@type":"PropertyValueSpecification","valueRequired":true,"valueName":"search_term_string"}}],"inLanguage":"es"},{"@type":"Organization","@id":"https:\/\/www.sonoraenequipo.com.mx\/#organization","name":"Sonoraenequipo.com.mx","url":"https:\/\/www.sonoraenequipo.com.mx\/","logo":{"@type":"ImageObject","inLanguage":"es","@id":"https:\/\/www.sonoraenequipo.com.mx\/#\/schema\/logo\/image\/","url":"https:\/\/www.sonoraenequipo.com.mx\/storage\/2019\/01\/sonoraenequipo_opt.png","contentUrl":"https:\/\/www.sonoraenequipo.com.mx\/storage\/2019\/01\/sonoraenequipo_opt.png","width":375,"height":125,"caption":"Sonoraenequipo.com.mx"},"image":{"@id":"https:\/\/www.sonoraenequipo.com.mx\/#\/schema\/logo\/image\/"},"sameAs":["https:\/\/www.facebook.com\/SonoraEE\/","https:\/\/x.com\/sonoraenequipo","https:\/\/www.youtube.com\/channel\/UC338nW-lPEYmJQs4ZABQ1SQ"]},{"@type":"Person","@id":"https:\/\/www.sonoraenequipo.com.mx\/#\/schema\/person\/50102df0fb23a8fa9e8effad8fa81386","name":"enequipo","image":{"@type":"ImageObject","inLanguage":"es","@id":"https:\/\/www.sonoraenequipo.com.mx\/#\/schema\/person\/image\/","url":"https:\/\/secure.gravatar.com\/avatar\/049821681b589dabc0bc20695993ccebb09f5b5d4d790cd9251b97faac7c652b?s=96&d=blank&r=g","contentUrl":"https:\/\/secure.gravatar.com\/avatar\/049821681b589dabc0bc20695993ccebb09f5b5d4d790cd9251b97faac7c652b?s=96&d=blank&r=g","caption":"enequipo"},"sameAs":["https:\/\/www.facebook.com\/SonoraEE"]}]}},"jetpack_featured_media_url":"https:\/\/www.sonoraenequipo.com.mx\/storage\/2021\/03\/conferencia_matutina_opt.jpg","_links":{"self":[{"href":"https:\/\/www.sonoraenequipo.com.mx\/api\/wp\/v2\/posts\/109354","targetHints":{"allow":["GET"]}}],"collection":[{"href":"https:\/\/www.sonoraenequipo.com.mx\/api\/wp\/v2\/posts"}],"about":[{"href":"https:\/\/www.sonoraenequipo.com.mx\/api\/wp\/v2\/types\/post"}],"author":[{"embeddable":true,"href":"https:\/\/www.sonoraenequipo.com.mx\/api\/wp\/v2\/users\/1"}],"replies":[{"embeddable":true,"href":"https:\/\/www.sonoraenequipo.com.mx\/api\/wp\/v2\/comments?post=109354"}],"version-history":[{"count":1,"href":"https:\/\/www.sonoraenequipo.com.mx\/api\/wp\/v2\/posts\/109354\/revisions"}],"predecessor-version":[{"id":109356,"href":"https:\/\/www.sonoraenequipo.com.mx\/api\/wp\/v2\/posts\/109354\/revisions\/109356"}],"wp:featuredmedia":[{"embeddable":true,"href":"https:\/\/www.sonoraenequipo.com.mx\/api\/wp\/v2\/media\/109355"}],"wp:attachment":[{"href":"https:\/\/www.sonoraenequipo.com.mx\/api\/wp\/v2\/media?parent=109354"}],"wp:term":[{"taxonomy":"category","embeddable":true,"href":"https:\/\/www.sonoraenequipo.com.mx\/api\/wp\/v2\/categories?post=109354"},{"taxonomy":"post_tag","embeddable":true,"href":"https:\/\/www.sonoraenequipo.com.mx\/api\/wp\/v2\/tags?post=109354"}],"curies":[{"name":"wp","href":"https:\/\/api.w.org\/{rel}","templated":true}]}}