{"id":109361,"date":"2021-03-17T08:28:37","date_gmt":"2021-03-17T15:28:37","guid":{"rendered":"https:\/\/www.sonoraenequipo.com.mx\/?p=109361"},"modified":"2021-03-17T11:46:15","modified_gmt":"2021-03-17T18:46:15","slug":"hermenegildo-lugo-nuevo-subsecretario-de-inteligencia-de-la-ssc","status":"publish","type":"post","link":"https:\/\/www.sonoraenequipo.com.mx\/hermenegildo-lugo-nuevo-subsecretario-de-inteligencia-de-la-ssc\/","title":{"rendered":"Hermenegildo Lugo, nuevo subsecretario de inteligencia de la SSC"},"content":{"rendered":"<p>CIUDAD DE M\u00c9XICO. MX. \u2014 Omar Garc\u00eda Harfuch, secretario de Seguridad Ciudadana (SSC) capitalino design\u00f3 como nuevo subsecretario de de inteligencia e investigaci\u00f3n a Hermenegildo Lugo Lara, quien cuenta con m\u00e1s de 30 a\u00f1os en la polic\u00eda capitalina.<\/p>\n<p>&nbsp;<\/p>\n<p> <\/p>\n<p>&nbsp;<\/p>\n<p>Entre los golpes m\u00e1s importantes que asest\u00f3 en los \u00faltimos ocho meses, est\u00e1 el l\u00edder de \u201cLos Rodolfos\u201d, el jefe de sicarios de esa agrupaci\u00f3n \u201cEl Yayo\u201d, as\u00ed como delincuentes la captura de \u201cEl Alor\u201d, \u201cEl Ahu\u00e1tl\u201d y \u201cEl Bandido\u201d, integrantes de La Uni\u00f3n Tepito.<\/p>\n<p>&nbsp;<\/p>\n<p>La agrupaci\u00f3n \u201cDragones\u201d a cargo de Lugo Lara se ha distinguido por combatir el delito de robo a casa habitaci\u00f3n, que, de acuerdo con estad\u00edsticas de la SSC, en 10 meses se han detenido a 167 presuntos delincuentes dedicados a dicho il\u00edcito, todos ellos, originarios de Venezuela y Colombia.<\/p>\n<p>&nbsp;<\/p>\n<p>Para el gobierno de la Ciudad de M\u00e9xico hay ocho objetivos criminales que tendr\u00e1n prioridad este 2021 entre los que figuran cabecillas de La Uni\u00f3n, del C\u00e1rtel de Tl\u00e1huac y los involucrados en el asesinato de Norberto Ronquillo y el feminicidio de Abril P\u00e9rez.<\/p>\n<p>&nbsp;<\/p>\n<p>&nbsp;<\/p>\n<p>(Publicada el 17\/03\/2021)<\/p>\n","protected":false},"excerpt":{"rendered":"<p>CIUDAD DE M\u00c9XICO. MX. \u2014 Omar Garc\u00eda Harfuch, secretario de Seguridad Ciudadana (SSC) capitalino design\u00f3&#8230;<\/p>\n","protected":false},"author":1,"featured_media":109362,"comment_status":"open","ping_status":"open","sticky":false,"template":"","format":"standard","meta":{"_monsterinsights_skip_tracking":false,"_monsterinsights_sitenote_active":false,"_monsterinsights_sitenote_note":"","_monsterinsights_sitenote_category":0,"footnotes":""},"categories":[5],"tags":[],"class_list":["post"],"yoast_head":" \n<title>Sonora en Equipo. Hermenegildo Lugo, nuevo subsecretario de inteligencia de la SSC Rep\u00fablica<\/title>\n<meta name=\"description\" content=\"CIUDAD DE M\u00c9XICO. MX. \u2014 Omar Garc\u00eda Harfuch, secretario de Seguridad Ciudadana (SSC) capitalino design\u00f3 como nuevo subsecretario de de inteligencia e En Sonora en Equipo publicamos toda la informaci\u00f3n de Sonora, M\u00e9xico y el Mundo de manera oportuna y busca que la libertad de expresi\u00f3n sea real. Visita nuestro medio informativo publicado desde Hermosillo, Sonora. %\" \/>\n<meta name=\"robots\" content=\"index, follow, max-snippet:-1, max-image-preview:large, max-video-preview:-1\" \/>\n<link rel=\"canonical\" href=\"https:\/\/www.sonoraenequipo.com.mx\/hermenegildo-lugo-nuevo-subsecretario-de-inteligencia-de-la-ssc\/\" \/>\n<meta property=\"og:locale\" content=\"es_ES\" \/>\n<meta property=\"og:type\" content=\"article\" \/>\n<meta property=\"og:title\" content=\"Sonora en Equipo. Hermenegildo Lugo, nuevo subsecretario de inteligencia de la SSC Rep\u00fablica\" \/>\n<meta property=\"og:description\" content=\"CIUDAD DE M\u00c9XICO. MX. \u2014 Omar Garc\u00eda Harfuch, secretario de Seguridad Ciudadana (SSC) capitalino design\u00f3 como nuevo subsecretario de de inteligencia e En Sonora en Equipo publicamos toda la informaci\u00f3n de Sonora, M\u00e9xico y el Mundo de manera oportuna y busca que la libertad de expresi\u00f3n sea real. Visita nuestro medio informativo publicado desde Hermosillo, Sonora. %\" \/>\n<meta property=\"og:url\" content=\"https:\/\/www.sonoraenequipo.com.mx\/hermenegildo-lugo-nuevo-subsecretario-de-inteligencia-de-la-ssc\/\" \/>\n<meta property=\"og:site_name\" content=\"Sonora en Equipo.\" \/>\n<meta property=\"article:publisher\" content=\"https:\/\/www.facebook.com\/SonoraEE\/\" \/>\n<meta property=\"article:author\" content=\"https:\/\/www.facebook.com\/SonoraEE\" \/>\n<meta property=\"article:published_time\" content=\"2021-03-17T15:28:37+00:00\" \/>\n<meta property=\"article:modified_time\" content=\"2021-03-17T18:46:15+00:00\" \/>\n<meta property=\"og:image\" content=\"https:\/\/www.sonoraenequipo.com.mx\/storage\/2021\/03\/hermenegildo-lugo_opt.jpg\" \/>\n\t<meta property=\"og:image:width\" content=\"711\" \/>\n\t<meta property=\"og:image:height\" content=\"400\" \/>\n\t<meta property=\"og:image:type\" content=\"image\/jpeg\" \/>\n<meta name=\"author\" content=\"enequipo\" \/>\n<meta name=\"twitter:card\" content=\"summary_large_image\" \/>\n<meta name=\"twitter:creator\" content=\"@sonoraenequipo\" \/>\n<meta name=\"twitter:site\" content=\"@sonoraenequipo\" \/>\n<meta name=\"twitter:label1\" content=\"Escrito por\" \/>\n\t<meta name=\"twitter:data1\" content=\"enequipo\" \/>\n\t<meta name=\"twitter:label2\" content=\"Tiempo de lectura\" \/>\n\t<meta name=\"twitter:data2\" content=\"1 minuto\" \/>\n<script type=\"application\/ld+json\" class=\"yoast-schema-graph\">{\"@context\":\"https:\/\/schema.org\",\"@graph\":[{\"@type\":\"Article\",\"@id\":\"https:\/\/www.sonoraenequipo.com.mx\/hermenegildo-lugo-nuevo-subsecretario-de-inteligencia-de-la-ssc\/#article\",\"isPartOf\":{\"@id\":\"https:\/\/www.sonoraenequipo.com.mx\/hermenegildo-lugo-nuevo-subsecretario-de-inteligencia-de-la-ssc\/\"},\"author\":{\"name\":\"enequipo\",\"@id\":\"https:\/\/www.sonoraenequipo.com.mx\/#\/schema\/person\/50102df0fb23a8fa9e8effad8fa81386\"},\"headline\":\"Hermenegildo Lugo, nuevo subsecretario de inteligencia de la SSC\",\"datePublished\":\"2021-03-17T15:28:37+00:00\",\"dateModified\":\"2021-03-17T18:46:15+00:00\",\"mainEntityOfPage\":{\"@id\":\"https:\/\/www.sonoraenequipo.com.mx\/hermenegildo-lugo-nuevo-subsecretario-de-inteligencia-de-la-ssc\/\"},\"wordCount\":209,\"commentCount\":0,\"publisher\":{\"@id\":\"https:\/\/www.sonoraenequipo.com.mx\/#organization\"},\"image\":{\"@id\":\"https:\/\/www.sonoraenequipo.com.mx\/hermenegildo-lugo-nuevo-subsecretario-de-inteligencia-de-la-ssc\/#primaryimage\"},\"thumbnailUrl\":\"https:\/\/www.sonoraenequipo.com.mx\/storage\/2021\/03\/hermenegildo-lugo_opt.jpg\",\"articleSection\":[\"Rep\u00fablica\"],\"inLanguage\":\"es\",\"potentialAction\":[{\"@type\":\"CommentAction\",\"name\":\"Comment\",\"target\":[\"https:\/\/www.sonoraenequipo.com.mx\/hermenegildo-lugo-nuevo-subsecretario-de-inteligencia-de-la-ssc\/#respond\"]}]},{\"@type\":\"WebPage\",\"@id\":\"https:\/\/www.sonoraenequipo.com.mx\/hermenegildo-lugo-nuevo-subsecretario-de-inteligencia-de-la-ssc\/\",\"url\":\"https:\/\/www.sonoraenequipo.com.mx\/hermenegildo-lugo-nuevo-subsecretario-de-inteligencia-de-la-ssc\/\",\"name\":\"Sonora en Equipo. Hermenegildo Lugo, nuevo subsecretario de inteligencia de la SSC Rep\u00fablica\",\"isPartOf\":{\"@id\":\"https:\/\/www.sonoraenequipo.com.mx\/#website\"},\"primaryImageOfPage\":{\"@id\":\"https:\/\/www.sonoraenequipo.com.mx\/hermenegildo-lugo-nuevo-subsecretario-de-inteligencia-de-la-ssc\/#primaryimage\"},\"image\":{\"@id\":\"https:\/\/www.sonoraenequipo.com.mx\/hermenegildo-lugo-nuevo-subsecretario-de-inteligencia-de-la-ssc\/#primaryimage\"},\"thumbnailUrl\":\"https:\/\/www.sonoraenequipo.com.mx\/storage\/2021\/03\/hermenegildo-lugo_opt.jpg\",\"datePublished\":\"2021-03-17T15:28:37+00:00\",\"dateModified\":\"2021-03-17T18:46:15+00:00\",\"description\":\"CIUDAD DE M\u00c9XICO. MX. \u2014 Omar Garc\u00eda Harfuch, secretario de Seguridad Ciudadana (SSC) capitalino design\u00f3 como nuevo subsecretario de de inteligencia e En Sonora en Equipo publicamos toda la informaci\u00f3n de Sonora, M\u00e9xico y el Mundo de manera oportuna y busca que la libertad de expresi\u00f3n sea real. Visita nuestro medio informativo publicado desde Hermosillo, Sonora. %\",\"breadcrumb\":{\"@id\":\"https:\/\/www.sonoraenequipo.com.mx\/hermenegildo-lugo-nuevo-subsecretario-de-inteligencia-de-la-ssc\/#breadcrumb\"},\"inLanguage\":\"es\",\"potentialAction\":[{\"@type\":\"ReadAction\",\"target\":[\"https:\/\/www.sonoraenequipo.com.mx\/hermenegildo-lugo-nuevo-subsecretario-de-inteligencia-de-la-ssc\/\"]}]},{\"@type\":\"ImageObject\",\"inLanguage\":\"es\",\"@id\":\"https:\/\/www.sonoraenequipo.com.mx\/hermenegildo-lugo-nuevo-subsecretario-de-inteligencia-de-la-ssc\/#primaryimage\",\"url\":\"https:\/\/www.sonoraenequipo.com.mx\/storage\/2021\/03\/hermenegildo-lugo_opt.jpg\",\"contentUrl\":\"https:\/\/www.sonoraenequipo.com.mx\/storage\/2021\/03\/hermenegildo-lugo_opt.jpg\",\"width\":711,\"height\":400},{\"@type\":\"BreadcrumbList\",\"@id\":\"https:\/\/www.sonoraenequipo.com.mx\/hermenegildo-lugo-nuevo-subsecretario-de-inteligencia-de-la-ssc\/#breadcrumb\",\"itemListElement\":[{\"@type\":\"ListItem\",\"position\":1,\"name\":\"Portada\",\"item\":\"https:\/\/www.sonoraenequipo.com.mx\/\"},{\"@type\":\"ListItem\",\"position\":2,\"name\":\"Hermenegildo Lugo, nuevo subsecretario de inteligencia de la SSC\"}]},{\"@type\":\"WebSite\",\"@id\":\"https:\/\/www.sonoraenequipo.com.mx\/#website\",\"url\":\"https:\/\/www.sonoraenequipo.com.mx\/\",\"name\":\"Sonora en Equipo.\",\"description\":\"Diario en l\u00ednea con Noticias desde Hermosillo, Sonora\",\"publisher\":{\"@id\":\"https:\/\/www.sonoraenequipo.com.mx\/#organization\"},\"potentialAction\":[{\"@type\":\"SearchAction\",\"target\":{\"@type\":\"EntryPoint\",\"urlTemplate\":\"https:\/\/www.sonoraenequipo.com.mx\/?s={search_term_string}\"},\"query-input\":{\"@type\":\"PropertyValueSpecification\",\"valueRequired\":true,\"valueName\":\"search_term_string\"}}],\"inLanguage\":\"es\"},{\"@type\":\"Organization\",\"@id\":\"https:\/\/www.sonoraenequipo.com.mx\/#organization\",\"name\":\"Sonoraenequipo.com.mx\",\"url\":\"https:\/\/www.sonoraenequipo.com.mx\/\",\"logo\":{\"@type\":\"ImageObject\",\"inLanguage\":\"es\",\"@id\":\"https:\/\/www.sonoraenequipo.com.mx\/#\/schema\/logo\/image\/\",\"url\":\"https:\/\/www.sonoraenequipo.com.mx\/storage\/2019\/01\/sonoraenequipo_opt.png\",\"contentUrl\":\"https:\/\/www.sonoraenequipo.com.mx\/storage\/2019\/01\/sonoraenequipo_opt.png\",\"width\":375,\"height\":125,\"caption\":\"Sonoraenequipo.com.mx\"},\"image\":{\"@id\":\"https:\/\/www.sonoraenequipo.com.mx\/#\/schema\/logo\/image\/\"},\"sameAs\":[\"https:\/\/www.facebook.com\/SonoraEE\/\",\"https:\/\/x.com\/sonoraenequipo\",\"https:\/\/www.youtube.com\/channel\/UC338nW-lPEYmJQs4ZABQ1SQ\"]},{\"@type\":\"Person\",\"@id\":\"https:\/\/www.sonoraenequipo.com.mx\/#\/schema\/person\/50102df0fb23a8fa9e8effad8fa81386\",\"name\":\"enequipo\",\"image\":{\"@type\":\"ImageObject\",\"inLanguage\":\"es\",\"@id\":\"https:\/\/www.sonoraenequipo.com.mx\/#\/schema\/person\/image\/\",\"url\":\"https:\/\/secure.gravatar.com\/avatar\/049821681b589dabc0bc20695993ccebb09f5b5d4d790cd9251b97faac7c652b?s=96&d=blank&r=g\",\"contentUrl\":\"https:\/\/secure.gravatar.com\/avatar\/049821681b589dabc0bc20695993ccebb09f5b5d4d790cd9251b97faac7c652b?s=96&d=blank&r=g\",\"caption\":\"enequipo\"},\"sameAs\":[\"https:\/\/www.facebook.com\/SonoraEE\"]}]}<\/script>\n ","yoast_head_json":{"title":"Sonora en Equipo. Hermenegildo Lugo, nuevo subsecretario de inteligencia de la SSC Rep\u00fablica","description":"CIUDAD DE M\u00c9XICO. MX. \u2014 Omar Garc\u00eda Harfuch, secretario de Seguridad Ciudadana (SSC) capitalino design\u00f3 como nuevo subsecretario de de inteligencia e En Sonora en Equipo publicamos toda la informaci\u00f3n de Sonora, M\u00e9xico y el Mundo de manera oportuna y busca que la libertad de expresi\u00f3n sea real. Visita nuestro medio informativo publicado desde Hermosillo, Sonora. %","robots":{"index":"index","follow":"follow","max-snippet":"max-snippet:-1","max-image-preview":"max-image-preview:large","max-video-preview":"max-video-preview:-1"},"canonical":"https:\/\/www.sonoraenequipo.com.mx\/hermenegildo-lugo-nuevo-subsecretario-de-inteligencia-de-la-ssc\/","og_locale":"es_ES","og_type":"article","og_title":"Sonora en Equipo. Hermenegildo Lugo, nuevo subsecretario de inteligencia de la SSC Rep\u00fablica","og_description":"CIUDAD DE M\u00c9XICO. MX. \u2014 Omar Garc\u00eda Harfuch, secretario de Seguridad Ciudadana (SSC) capitalino design\u00f3 como nuevo subsecretario de de inteligencia e En Sonora en Equipo publicamos toda la informaci\u00f3n de Sonora, M\u00e9xico y el Mundo de manera oportuna y busca que la libertad de expresi\u00f3n sea real. Visita nuestro medio informativo publicado desde Hermosillo, Sonora. %","og_url":"https:\/\/www.sonoraenequipo.com.mx\/hermenegildo-lugo-nuevo-subsecretario-de-inteligencia-de-la-ssc\/","og_site_name":"Sonora en Equipo.","article_publisher":"https:\/\/www.facebook.com\/SonoraEE\/","article_author":"https:\/\/www.facebook.com\/SonoraEE","article_published_time":"2021-03-17T15:28:37+00:00","article_modified_time":"2021-03-17T18:46:15+00:00","og_image":[{"width":711,"height":400,"url":"https:\/\/www.sonoraenequipo.com.mx\/storage\/2021\/03\/hermenegildo-lugo_opt.jpg","type":"image\/jpeg"}],"author":"enequipo","twitter_card":"summary_large_image","twitter_creator":"@sonoraenequipo","twitter_site":"@sonoraenequipo","twitter_misc":{"Escrito por":"enequipo","Tiempo de lectura":"1 minuto"},"schema":{"@context":"https:\/\/schema.org","@graph":[{"@type":"Article","@id":"https:\/\/www.sonoraenequipo.com.mx\/hermenegildo-lugo-nuevo-subsecretario-de-inteligencia-de-la-ssc\/#article","isPartOf":{"@id":"https:\/\/www.sonoraenequipo.com.mx\/hermenegildo-lugo-nuevo-subsecretario-de-inteligencia-de-la-ssc\/"},"author":{"name":"enequipo","@id":"https:\/\/www.sonoraenequipo.com.mx\/#\/schema\/person\/50102df0fb23a8fa9e8effad8fa81386"},"headline":"Hermenegildo Lugo, nuevo subsecretario de inteligencia de la SSC","datePublished":"2021-03-17T15:28:37+00:00","dateModified":"2021-03-17T18:46:15+00:00","mainEntityOfPage":{"@id":"https:\/\/www.sonoraenequipo.com.mx\/hermenegildo-lugo-nuevo-subsecretario-de-inteligencia-de-la-ssc\/"},"wordCount":209,"commentCount":0,"publisher":{"@id":"https:\/\/www.sonoraenequipo.com.mx\/#organization"},"image":{"@id":"https:\/\/www.sonoraenequipo.com.mx\/hermenegildo-lugo-nuevo-subsecretario-de-inteligencia-de-la-ssc\/#primaryimage"},"thumbnailUrl":"https:\/\/www.sonoraenequipo.com.mx\/storage\/2021\/03\/hermenegildo-lugo_opt.jpg","articleSection":["Rep\u00fablica"],"inLanguage":"es","potentialAction":[{"@type":"CommentAction","name":"Comment","target":["https:\/\/www.sonoraenequipo.com.mx\/hermenegildo-lugo-nuevo-subsecretario-de-inteligencia-de-la-ssc\/#respond"]}]},{"@type":"WebPage","@id":"https:\/\/www.sonoraenequipo.com.mx\/hermenegildo-lugo-nuevo-subsecretario-de-inteligencia-de-la-ssc\/","url":"https:\/\/www.sonoraenequipo.com.mx\/hermenegildo-lugo-nuevo-subsecretario-de-inteligencia-de-la-ssc\/","name":"Sonora en Equipo. Hermenegildo Lugo, nuevo subsecretario de inteligencia de la SSC Rep\u00fablica","isPartOf":{"@id":"https:\/\/www.sonoraenequipo.com.mx\/#website"},"primaryImageOfPage":{"@id":"https:\/\/www.sonoraenequipo.com.mx\/hermenegildo-lugo-nuevo-subsecretario-de-inteligencia-de-la-ssc\/#primaryimage"},"image":{"@id":"https:\/\/www.sonoraenequipo.com.mx\/hermenegildo-lugo-nuevo-subsecretario-de-inteligencia-de-la-ssc\/#primaryimage"},"thumbnailUrl":"https:\/\/www.sonoraenequipo.com.mx\/storage\/2021\/03\/hermenegildo-lugo_opt.jpg","datePublished":"2021-03-17T15:28:37+00:00","dateModified":"2021-03-17T18:46:15+00:00","description":"CIUDAD DE M\u00c9XICO. MX. \u2014 Omar Garc\u00eda Harfuch, secretario de Seguridad Ciudadana (SSC) capitalino design\u00f3 como nuevo subsecretario de de inteligencia e En Sonora en Equipo publicamos toda la informaci\u00f3n de Sonora, M\u00e9xico y el Mundo de manera oportuna y busca que la libertad de expresi\u00f3n sea real. Visita nuestro medio informativo publicado desde Hermosillo, Sonora. %","breadcrumb":{"@id":"https:\/\/www.sonoraenequipo.com.mx\/hermenegildo-lugo-nuevo-subsecretario-de-inteligencia-de-la-ssc\/#breadcrumb"},"inLanguage":"es","potentialAction":[{"@type":"ReadAction","target":["https:\/\/www.sonoraenequipo.com.mx\/hermenegildo-lugo-nuevo-subsecretario-de-inteligencia-de-la-ssc\/"]}]},{"@type":"ImageObject","inLanguage":"es","@id":"https:\/\/www.sonoraenequipo.com.mx\/hermenegildo-lugo-nuevo-subsecretario-de-inteligencia-de-la-ssc\/#primaryimage","url":"https:\/\/www.sonoraenequipo.com.mx\/storage\/2021\/03\/hermenegildo-lugo_opt.jpg","contentUrl":"https:\/\/www.sonoraenequipo.com.mx\/storage\/2021\/03\/hermenegildo-lugo_opt.jpg","width":711,"height":400},{"@type":"BreadcrumbList","@id":"https:\/\/www.sonoraenequipo.com.mx\/hermenegildo-lugo-nuevo-subsecretario-de-inteligencia-de-la-ssc\/#breadcrumb","itemListElement":[{"@type":"ListItem","position":1,"name":"Portada","item":"https:\/\/www.sonoraenequipo.com.mx\/"},{"@type":"ListItem","position":2,"name":"Hermenegildo Lugo, nuevo subsecretario de inteligencia de la SSC"}]},{"@type":"WebSite","@id":"https:\/\/www.sonoraenequipo.com.mx\/#website","url":"https:\/\/www.sonoraenequipo.com.mx\/","name":"Sonora en Equipo.","description":"Diario en l\u00ednea con Noticias desde Hermosillo, Sonora","publisher":{"@id":"https:\/\/www.sonoraenequipo.com.mx\/#organization"},"potentialAction":[{"@type":"SearchAction","target":{"@type":"EntryPoint","urlTemplate":"https:\/\/www.sonoraenequipo.com.mx\/?s={search_term_string}"},"query-input":{"@type":"PropertyValueSpecification","valueRequired":true,"valueName":"search_term_string"}}],"inLanguage":"es"},{"@type":"Organization","@id":"https:\/\/www.sonoraenequipo.com.mx\/#organization","name":"Sonoraenequipo.com.mx","url":"https:\/\/www.sonoraenequipo.com.mx\/","logo":{"@type":"ImageObject","inLanguage":"es","@id":"https:\/\/www.sonoraenequipo.com.mx\/#\/schema\/logo\/image\/","url":"https:\/\/www.sonoraenequipo.com.mx\/storage\/2019\/01\/sonoraenequipo_opt.png","contentUrl":"https:\/\/www.sonoraenequipo.com.mx\/storage\/2019\/01\/sonoraenequipo_opt.png","width":375,"height":125,"caption":"Sonoraenequipo.com.mx"},"image":{"@id":"https:\/\/www.sonoraenequipo.com.mx\/#\/schema\/logo\/image\/"},"sameAs":["https:\/\/www.facebook.com\/SonoraEE\/","https:\/\/x.com\/sonoraenequipo","https:\/\/www.youtube.com\/channel\/UC338nW-lPEYmJQs4ZABQ1SQ"]},{"@type":"Person","@id":"https:\/\/www.sonoraenequipo.com.mx\/#\/schema\/person\/50102df0fb23a8fa9e8effad8fa81386","name":"enequipo","image":{"@type":"ImageObject","inLanguage":"es","@id":"https:\/\/www.sonoraenequipo.com.mx\/#\/schema\/person\/image\/","url":"https:\/\/secure.gravatar.com\/avatar\/049821681b589dabc0bc20695993ccebb09f5b5d4d790cd9251b97faac7c652b?s=96&d=blank&r=g","contentUrl":"https:\/\/secure.gravatar.com\/avatar\/049821681b589dabc0bc20695993ccebb09f5b5d4d790cd9251b97faac7c652b?s=96&d=blank&r=g","caption":"enequipo"},"sameAs":["https:\/\/www.facebook.com\/SonoraEE"]}]}},"jetpack_featured_media_url":"https:\/\/www.sonoraenequipo.com.mx\/storage\/2021\/03\/hermenegildo-lugo_opt.jpg","_links":{"self":[{"href":"https:\/\/www.sonoraenequipo.com.mx\/api\/wp\/v2\/posts\/109361","targetHints":{"allow":["GET"]}}],"collection":[{"href":"https:\/\/www.sonoraenequipo.com.mx\/api\/wp\/v2\/posts"}],"about":[{"href":"https:\/\/www.sonoraenequipo.com.mx\/api\/wp\/v2\/types\/post"}],"author":[{"embeddable":true,"href":"https:\/\/www.sonoraenequipo.com.mx\/api\/wp\/v2\/users\/1"}],"replies":[{"embeddable":true,"href":"https:\/\/www.sonoraenequipo.com.mx\/api\/wp\/v2\/comments?post=109361"}],"version-history":[{"count":1,"href":"https:\/\/www.sonoraenequipo.com.mx\/api\/wp\/v2\/posts\/109361\/revisions"}],"predecessor-version":[{"id":109363,"href":"https:\/\/www.sonoraenequipo.com.mx\/api\/wp\/v2\/posts\/109361\/revisions\/109363"}],"wp:featuredmedia":[{"embeddable":true,"href":"https:\/\/www.sonoraenequipo.com.mx\/api\/wp\/v2\/media\/109362"}],"wp:attachment":[{"href":"https:\/\/www.sonoraenequipo.com.mx\/api\/wp\/v2\/media?parent=109361"}],"wp:term":[{"taxonomy":"category","embeddable":true,"href":"https:\/\/www.sonoraenequipo.com.mx\/api\/wp\/v2\/categories?post=109361"},{"taxonomy":"post_tag","embeddable":true,"href":"https:\/\/www.sonoraenequipo.com.mx\/api\/wp\/v2\/tags?post=109361"}],"curies":[{"name":"wp","href":"https:\/\/api.w.org\/{rel}","templated":true}]}}