{"id":109364,"date":"2021-03-17T10:30:45","date_gmt":"2021-03-17T17:30:45","guid":{"rendered":"https:\/\/www.sonoraenequipo.com.mx\/?p=109364"},"modified":"2021-03-17T12:08:28","modified_gmt":"2021-03-17T19:08:28","slug":"tribunal-suspende-sanciones-de-funcion-publica-a-la-revista-nexos","status":"publish","type":"post","link":"https:\/\/www.sonoraenequipo.com.mx\/tribunal-suspende-sanciones-de-funcion-publica-a-la-revista-nexos\/","title":{"rendered":"Tribunal suspende sanciones de Funci\u00f3n P\u00fablica a la revista Nexos"},"content":{"rendered":"<p>CIUDAD DE M\u00c9XICO. MX.\u2014 La revista Nexos dio a conocer que el Tribunal Federal de Justicia Administrativa le concedi\u00f3 la suspensi\u00f3n definitiva de las sanciones impuestas a la publicaci\u00f3n por parte de la Secretar\u00eda de la Funci\u00f3n P\u00fablica por haber presentado informaci\u00f3n falsa en una adjudicaci\u00f3n directa con el Instituto Mexicano del Seguro Social (IMSS) en 2018.<\/p>\n<p>&nbsp;<\/p>\n<p> <\/p>\n<p>La notificaci\u00f3n fue publicada el pasado 3 de marzo en beneficio de la editorial Nexos Sociedad Ciencia y Literatura S. A. de C. V., editora de la revista<em>. \u201cDe tal manera que, en lo que se resuelve el fondo del asunto, puede volver a celebrar contratos con dependencias federales, paraestatales y estatales; debe ser removida del padr\u00f3n de Proveedores y Contratistas Sancionados de la SFP y; por \u00faltimo, queda suspendido el pago de la multa de 999 mil 440 pesos\u201c<\/em>, anunci\u00f3 Nexos en un comunicado.<\/p>\n<p><em>\u201cEn estas condiciones legales, Nexos continuar\u00e1 con su defensa en las instancias judiciales correspondientes\u201c,<\/em> puntualiz\u00f3.<\/p>\n<p>En noviembre de 2020, la Secretar\u00eda de la Funci\u00f3n P\u00fablica (SFP), asegur\u00f3, luego de que la Sala D\u00e9cimo Tercera del Tribunal Federal de Justicia Administrativa, concediera la suspensi\u00f3n provisional, que continuar\u00eda con las acciones de defensa de su resoluci\u00f3n.<\/p>\n<p>Se\u00f1al\u00f3 que se debe cumplir con la jurisprudencia que establece que debe negarse la suspensi\u00f3n a la inhabilitaci\u00f3n temporal para participar en procedimientos de licitaci\u00f3n o para celebrar contratos p\u00fablicos, en concordancia con lo dispuesto por el Art\u00edculo 134 de la Constituci\u00f3n.<\/p>\n<p>En agosto del a\u00f1o pasado, el \u00d3rgano Interno de Control (OIC) del IMSS resolvi\u00f3 sancionar a la empresa Nexos, Sociedad, Ciencia y Literatura, S.A. de C.V., con inhabilitaci\u00f3n por 2 a\u00f1os y multa por 999 mil 440 pesos, al acreditarse que present\u00f3 informaci\u00f3n falsa para obtener un contrato p\u00fablico, lo que violent\u00f3 la Ley de Adquisiciones, Arrendamientos y Servicios del Sector P\u00fablico.<\/p>\n<p>Como es su responsabilidad, la SFP -a cargo de Irma Er\u00e9ndira Sandoval- se\u00f1al\u00f3 su compromiso de terminar con las pr\u00e1cticas que en contrataciones p\u00fablicas antepon\u00edan los intereses privados sobre el inter\u00e9s general. Desde septiembre de 2019, apunt\u00f3 que ha recibido y atendido m\u00e1s de 27 mil denuncias por posibles actos de corrupci\u00f3n, y en las \u00faltimas semanas aplic\u00f3 multas por m\u00e1s de 21 millones de pesos a proveedores que incurrieron en falsear informaci\u00f3n, en incumplimientos y en defraudaciones..<\/p>\n<p>El presidente Andr\u00e9s Manuel L\u00f3pez Obrador dijo el 4 de septiembre del a\u00f1o pasado que no hay censura a la revista Nexos, sino que la Secretar\u00eda de la Funci\u00f3n P\u00fablica aplic\u00f3 una sanci\u00f3n por una indagatoria a un contrato por 70 mil pesos, lo que es una bicoca por los grandes montos que recib\u00edan en el pasado.<\/p>\n<p>D\u00edas despu\u00e9s, Jes\u00fas Ram\u00edrez, vocero de Presidencia, afirm\u00f3 que durante 12 a\u00f1os (de 2006 a 2018) la revista Nexos tuvo ingresos por 87 millones de pesos en concepto de publicidad, adem\u00e1s de contratos por 7 mil suscripciones mensuales, capacitaciones a servidores p\u00fablicos y otros conceptos, lo que signific\u00f3 ingresos por 140 millones de pesos.<\/p>\n<p>&nbsp;<\/p>\n<p>(Publicada el 17\/03\/2021)<\/p>\n","protected":false},"excerpt":{"rendered":"<p>CIUDAD DE M\u00c9XICO. MX.\u2014 La revista Nexos dio a conocer que el Tribunal Federal de&#8230;<\/p>\n","protected":false},"author":1,"featured_media":109366,"comment_status":"open","ping_status":"open","sticky":false,"template":"","format":"standard","meta":{"_monsterinsights_skip_tracking":false,"_monsterinsights_sitenote_active":false,"_monsterinsights_sitenote_note":"","_monsterinsights_sitenote_category":0,"footnotes":""},"categories":[5],"tags":[],"class_list":["post"],"yoast_head":" \n<title>Sonora en Equipo. Tribunal suspende sanciones de Funci\u00f3n P\u00fablica a la revista Nexos Rep\u00fablica<\/title>\n<meta name=\"description\" content=\"CIUDAD DE M\u00c9XICO. MX.\u2014 La revista Nexos dio a conocer que el Tribunal Federal de Justicia Administrativa le concedi\u00f3 la suspensi\u00f3n definitiva de las En Sonora en Equipo publicamos toda la informaci\u00f3n de Sonora, M\u00e9xico y el Mundo de manera oportuna y busca que la libertad de expresi\u00f3n sea real. Visita nuestro medio informativo publicado desde Hermosillo, Sonora. %\" \/>\n<meta name=\"robots\" content=\"index, follow, max-snippet:-1, max-image-preview:large, max-video-preview:-1\" \/>\n<link rel=\"canonical\" href=\"https:\/\/www.sonoraenequipo.com.mx\/tribunal-suspende-sanciones-de-funcion-publica-a-la-revista-nexos\/\" \/>\n<meta property=\"og:locale\" content=\"es_ES\" \/>\n<meta property=\"og:type\" content=\"article\" \/>\n<meta property=\"og:title\" content=\"Sonora en Equipo. Tribunal suspende sanciones de Funci\u00f3n P\u00fablica a la revista Nexos Rep\u00fablica\" \/>\n<meta property=\"og:description\" content=\"CIUDAD DE M\u00c9XICO. MX.\u2014 La revista Nexos dio a conocer que el Tribunal Federal de Justicia Administrativa le concedi\u00f3 la suspensi\u00f3n definitiva de las En Sonora en Equipo publicamos toda la informaci\u00f3n de Sonora, M\u00e9xico y el Mundo de manera oportuna y busca que la libertad de expresi\u00f3n sea real. Visita nuestro medio informativo publicado desde Hermosillo, Sonora. %\" \/>\n<meta property=\"og:url\" content=\"https:\/\/www.sonoraenequipo.com.mx\/tribunal-suspende-sanciones-de-funcion-publica-a-la-revista-nexos\/\" \/>\n<meta property=\"og:site_name\" content=\"Sonora en Equipo.\" \/>\n<meta property=\"article:publisher\" content=\"https:\/\/www.facebook.com\/SonoraEE\/\" \/>\n<meta property=\"article:author\" content=\"https:\/\/www.facebook.com\/SonoraEE\" \/>\n<meta property=\"article:published_time\" content=\"2021-03-17T17:30:45+00:00\" \/>\n<meta property=\"article:modified_time\" content=\"2021-03-17T19:08:28+00:00\" \/>\n<meta property=\"og:image\" content=\"https:\/\/www.sonoraenequipo.com.mx\/storage\/2021\/03\/funcion_publica_opt.jpg\" \/>\n\t<meta property=\"og:image:width\" content=\"751\" \/>\n\t<meta property=\"og:image:height\" content=\"500\" \/>\n\t<meta property=\"og:image:type\" content=\"image\/jpeg\" \/>\n<meta name=\"author\" content=\"enequipo\" \/>\n<meta name=\"twitter:card\" content=\"summary_large_image\" \/>\n<meta name=\"twitter:creator\" content=\"@sonoraenequipo\" \/>\n<meta name=\"twitter:site\" content=\"@sonoraenequipo\" \/>\n<meta name=\"twitter:label1\" content=\"Escrito por\" \/>\n\t<meta name=\"twitter:data1\" content=\"enequipo\" \/>\n\t<meta name=\"twitter:label2\" content=\"Tiempo de lectura\" \/>\n\t<meta name=\"twitter:data2\" content=\"3 minutos\" \/>\n<script type=\"application\/ld+json\" class=\"yoast-schema-graph\">{\"@context\":\"https:\/\/schema.org\",\"@graph\":[{\"@type\":\"Article\",\"@id\":\"https:\/\/www.sonoraenequipo.com.mx\/tribunal-suspende-sanciones-de-funcion-publica-a-la-revista-nexos\/#article\",\"isPartOf\":{\"@id\":\"https:\/\/www.sonoraenequipo.com.mx\/tribunal-suspende-sanciones-de-funcion-publica-a-la-revista-nexos\/\"},\"author\":{\"name\":\"enequipo\",\"@id\":\"https:\/\/www.sonoraenequipo.com.mx\/#\/schema\/person\/50102df0fb23a8fa9e8effad8fa81386\"},\"headline\":\"Tribunal suspende sanciones de Funci\u00f3n P\u00fablica a la revista Nexos\",\"datePublished\":\"2021-03-17T17:30:45+00:00\",\"dateModified\":\"2021-03-17T19:08:28+00:00\",\"mainEntityOfPage\":{\"@id\":\"https:\/\/www.sonoraenequipo.com.mx\/tribunal-suspende-sanciones-de-funcion-publica-a-la-revista-nexos\/\"},\"wordCount\":542,\"commentCount\":0,\"publisher\":{\"@id\":\"https:\/\/www.sonoraenequipo.com.mx\/#organization\"},\"image\":{\"@id\":\"https:\/\/www.sonoraenequipo.com.mx\/tribunal-suspende-sanciones-de-funcion-publica-a-la-revista-nexos\/#primaryimage\"},\"thumbnailUrl\":\"https:\/\/www.sonoraenequipo.com.mx\/storage\/2021\/03\/funcion_publica_opt.jpg\",\"articleSection\":[\"Rep\u00fablica\"],\"inLanguage\":\"es\",\"potentialAction\":[{\"@type\":\"CommentAction\",\"name\":\"Comment\",\"target\":[\"https:\/\/www.sonoraenequipo.com.mx\/tribunal-suspende-sanciones-de-funcion-publica-a-la-revista-nexos\/#respond\"]}]},{\"@type\":\"WebPage\",\"@id\":\"https:\/\/www.sonoraenequipo.com.mx\/tribunal-suspende-sanciones-de-funcion-publica-a-la-revista-nexos\/\",\"url\":\"https:\/\/www.sonoraenequipo.com.mx\/tribunal-suspende-sanciones-de-funcion-publica-a-la-revista-nexos\/\",\"name\":\"Sonora en Equipo. Tribunal suspende sanciones de Funci\u00f3n P\u00fablica a la revista Nexos Rep\u00fablica\",\"isPartOf\":{\"@id\":\"https:\/\/www.sonoraenequipo.com.mx\/#website\"},\"primaryImageOfPage\":{\"@id\":\"https:\/\/www.sonoraenequipo.com.mx\/tribunal-suspende-sanciones-de-funcion-publica-a-la-revista-nexos\/#primaryimage\"},\"image\":{\"@id\":\"https:\/\/www.sonoraenequipo.com.mx\/tribunal-suspende-sanciones-de-funcion-publica-a-la-revista-nexos\/#primaryimage\"},\"thumbnailUrl\":\"https:\/\/www.sonoraenequipo.com.mx\/storage\/2021\/03\/funcion_publica_opt.jpg\",\"datePublished\":\"2021-03-17T17:30:45+00:00\",\"dateModified\":\"2021-03-17T19:08:28+00:00\",\"description\":\"CIUDAD DE M\u00c9XICO. MX.\u2014 La revista Nexos dio a conocer que el Tribunal Federal de Justicia Administrativa le concedi\u00f3 la suspensi\u00f3n definitiva de las En Sonora en Equipo publicamos toda la informaci\u00f3n de Sonora, M\u00e9xico y el Mundo de manera oportuna y busca que la libertad de expresi\u00f3n sea real. Visita nuestro medio informativo publicado desde Hermosillo, Sonora. %\",\"breadcrumb\":{\"@id\":\"https:\/\/www.sonoraenequipo.com.mx\/tribunal-suspende-sanciones-de-funcion-publica-a-la-revista-nexos\/#breadcrumb\"},\"inLanguage\":\"es\",\"potentialAction\":[{\"@type\":\"ReadAction\",\"target\":[\"https:\/\/www.sonoraenequipo.com.mx\/tribunal-suspende-sanciones-de-funcion-publica-a-la-revista-nexos\/\"]}]},{\"@type\":\"ImageObject\",\"inLanguage\":\"es\",\"@id\":\"https:\/\/www.sonoraenequipo.com.mx\/tribunal-suspende-sanciones-de-funcion-publica-a-la-revista-nexos\/#primaryimage\",\"url\":\"https:\/\/www.sonoraenequipo.com.mx\/storage\/2021\/03\/funcion_publica_opt.jpg\",\"contentUrl\":\"https:\/\/www.sonoraenequipo.com.mx\/storage\/2021\/03\/funcion_publica_opt.jpg\",\"width\":751,\"height\":500},{\"@type\":\"BreadcrumbList\",\"@id\":\"https:\/\/www.sonoraenequipo.com.mx\/tribunal-suspende-sanciones-de-funcion-publica-a-la-revista-nexos\/#breadcrumb\",\"itemListElement\":[{\"@type\":\"ListItem\",\"position\":1,\"name\":\"Portada\",\"item\":\"https:\/\/www.sonoraenequipo.com.mx\/\"},{\"@type\":\"ListItem\",\"position\":2,\"name\":\"Tribunal suspende sanciones de Funci\u00f3n P\u00fablica a la revista Nexos\"}]},{\"@type\":\"WebSite\",\"@id\":\"https:\/\/www.sonoraenequipo.com.mx\/#website\",\"url\":\"https:\/\/www.sonoraenequipo.com.mx\/\",\"name\":\"Sonora en Equipo.\",\"description\":\"Diario en l\u00ednea con Noticias desde Hermosillo, Sonora\",\"publisher\":{\"@id\":\"https:\/\/www.sonoraenequipo.com.mx\/#organization\"},\"potentialAction\":[{\"@type\":\"SearchAction\",\"target\":{\"@type\":\"EntryPoint\",\"urlTemplate\":\"https:\/\/www.sonoraenequipo.com.mx\/?s={search_term_string}\"},\"query-input\":{\"@type\":\"PropertyValueSpecification\",\"valueRequired\":true,\"valueName\":\"search_term_string\"}}],\"inLanguage\":\"es\"},{\"@type\":\"Organization\",\"@id\":\"https:\/\/www.sonoraenequipo.com.mx\/#organization\",\"name\":\"Sonoraenequipo.com.mx\",\"url\":\"https:\/\/www.sonoraenequipo.com.mx\/\",\"logo\":{\"@type\":\"ImageObject\",\"inLanguage\":\"es\",\"@id\":\"https:\/\/www.sonoraenequipo.com.mx\/#\/schema\/logo\/image\/\",\"url\":\"https:\/\/www.sonoraenequipo.com.mx\/storage\/2019\/01\/sonoraenequipo_opt.png\",\"contentUrl\":\"https:\/\/www.sonoraenequipo.com.mx\/storage\/2019\/01\/sonoraenequipo_opt.png\",\"width\":375,\"height\":125,\"caption\":\"Sonoraenequipo.com.mx\"},\"image\":{\"@id\":\"https:\/\/www.sonoraenequipo.com.mx\/#\/schema\/logo\/image\/\"},\"sameAs\":[\"https:\/\/www.facebook.com\/SonoraEE\/\",\"https:\/\/x.com\/sonoraenequipo\",\"https:\/\/www.youtube.com\/channel\/UC338nW-lPEYmJQs4ZABQ1SQ\"]},{\"@type\":\"Person\",\"@id\":\"https:\/\/www.sonoraenequipo.com.mx\/#\/schema\/person\/50102df0fb23a8fa9e8effad8fa81386\",\"name\":\"enequipo\",\"image\":{\"@type\":\"ImageObject\",\"inLanguage\":\"es\",\"@id\":\"https:\/\/www.sonoraenequipo.com.mx\/#\/schema\/person\/image\/\",\"url\":\"https:\/\/secure.gravatar.com\/avatar\/049821681b589dabc0bc20695993ccebb09f5b5d4d790cd9251b97faac7c652b?s=96&d=blank&r=g\",\"contentUrl\":\"https:\/\/secure.gravatar.com\/avatar\/049821681b589dabc0bc20695993ccebb09f5b5d4d790cd9251b97faac7c652b?s=96&d=blank&r=g\",\"caption\":\"enequipo\"},\"sameAs\":[\"https:\/\/www.facebook.com\/SonoraEE\"]}]}<\/script>\n ","yoast_head_json":{"title":"Sonora en Equipo. Tribunal suspende sanciones de Funci\u00f3n P\u00fablica a la revista Nexos Rep\u00fablica","description":"CIUDAD DE M\u00c9XICO. MX.\u2014 La revista Nexos dio a conocer que el Tribunal Federal de Justicia Administrativa le concedi\u00f3 la suspensi\u00f3n definitiva de las En Sonora en Equipo publicamos toda la informaci\u00f3n de Sonora, M\u00e9xico y el Mundo de manera oportuna y busca que la libertad de expresi\u00f3n sea real. Visita nuestro medio informativo publicado desde Hermosillo, Sonora. %","robots":{"index":"index","follow":"follow","max-snippet":"max-snippet:-1","max-image-preview":"max-image-preview:large","max-video-preview":"max-video-preview:-1"},"canonical":"https:\/\/www.sonoraenequipo.com.mx\/tribunal-suspende-sanciones-de-funcion-publica-a-la-revista-nexos\/","og_locale":"es_ES","og_type":"article","og_title":"Sonora en Equipo. Tribunal suspende sanciones de Funci\u00f3n P\u00fablica a la revista Nexos Rep\u00fablica","og_description":"CIUDAD DE M\u00c9XICO. MX.\u2014 La revista Nexos dio a conocer que el Tribunal Federal de Justicia Administrativa le concedi\u00f3 la suspensi\u00f3n definitiva de las En Sonora en Equipo publicamos toda la informaci\u00f3n de Sonora, M\u00e9xico y el Mundo de manera oportuna y busca que la libertad de expresi\u00f3n sea real. Visita nuestro medio informativo publicado desde Hermosillo, Sonora. %","og_url":"https:\/\/www.sonoraenequipo.com.mx\/tribunal-suspende-sanciones-de-funcion-publica-a-la-revista-nexos\/","og_site_name":"Sonora en Equipo.","article_publisher":"https:\/\/www.facebook.com\/SonoraEE\/","article_author":"https:\/\/www.facebook.com\/SonoraEE","article_published_time":"2021-03-17T17:30:45+00:00","article_modified_time":"2021-03-17T19:08:28+00:00","og_image":[{"width":751,"height":500,"url":"https:\/\/www.sonoraenequipo.com.mx\/storage\/2021\/03\/funcion_publica_opt.jpg","type":"image\/jpeg"}],"author":"enequipo","twitter_card":"summary_large_image","twitter_creator":"@sonoraenequipo","twitter_site":"@sonoraenequipo","twitter_misc":{"Escrito por":"enequipo","Tiempo de lectura":"3 minutos"},"schema":{"@context":"https:\/\/schema.org","@graph":[{"@type":"Article","@id":"https:\/\/www.sonoraenequipo.com.mx\/tribunal-suspende-sanciones-de-funcion-publica-a-la-revista-nexos\/#article","isPartOf":{"@id":"https:\/\/www.sonoraenequipo.com.mx\/tribunal-suspende-sanciones-de-funcion-publica-a-la-revista-nexos\/"},"author":{"name":"enequipo","@id":"https:\/\/www.sonoraenequipo.com.mx\/#\/schema\/person\/50102df0fb23a8fa9e8effad8fa81386"},"headline":"Tribunal suspende sanciones de Funci\u00f3n P\u00fablica a la revista Nexos","datePublished":"2021-03-17T17:30:45+00:00","dateModified":"2021-03-17T19:08:28+00:00","mainEntityOfPage":{"@id":"https:\/\/www.sonoraenequipo.com.mx\/tribunal-suspende-sanciones-de-funcion-publica-a-la-revista-nexos\/"},"wordCount":542,"commentCount":0,"publisher":{"@id":"https:\/\/www.sonoraenequipo.com.mx\/#organization"},"image":{"@id":"https:\/\/www.sonoraenequipo.com.mx\/tribunal-suspende-sanciones-de-funcion-publica-a-la-revista-nexos\/#primaryimage"},"thumbnailUrl":"https:\/\/www.sonoraenequipo.com.mx\/storage\/2021\/03\/funcion_publica_opt.jpg","articleSection":["Rep\u00fablica"],"inLanguage":"es","potentialAction":[{"@type":"CommentAction","name":"Comment","target":["https:\/\/www.sonoraenequipo.com.mx\/tribunal-suspende-sanciones-de-funcion-publica-a-la-revista-nexos\/#respond"]}]},{"@type":"WebPage","@id":"https:\/\/www.sonoraenequipo.com.mx\/tribunal-suspende-sanciones-de-funcion-publica-a-la-revista-nexos\/","url":"https:\/\/www.sonoraenequipo.com.mx\/tribunal-suspende-sanciones-de-funcion-publica-a-la-revista-nexos\/","name":"Sonora en Equipo. Tribunal suspende sanciones de Funci\u00f3n P\u00fablica a la revista Nexos Rep\u00fablica","isPartOf":{"@id":"https:\/\/www.sonoraenequipo.com.mx\/#website"},"primaryImageOfPage":{"@id":"https:\/\/www.sonoraenequipo.com.mx\/tribunal-suspende-sanciones-de-funcion-publica-a-la-revista-nexos\/#primaryimage"},"image":{"@id":"https:\/\/www.sonoraenequipo.com.mx\/tribunal-suspende-sanciones-de-funcion-publica-a-la-revista-nexos\/#primaryimage"},"thumbnailUrl":"https:\/\/www.sonoraenequipo.com.mx\/storage\/2021\/03\/funcion_publica_opt.jpg","datePublished":"2021-03-17T17:30:45+00:00","dateModified":"2021-03-17T19:08:28+00:00","description":"CIUDAD DE M\u00c9XICO. MX.\u2014 La revista Nexos dio a conocer que el Tribunal Federal de Justicia Administrativa le concedi\u00f3 la suspensi\u00f3n definitiva de las En Sonora en Equipo publicamos toda la informaci\u00f3n de Sonora, M\u00e9xico y el Mundo de manera oportuna y busca que la libertad de expresi\u00f3n sea real. Visita nuestro medio informativo publicado desde Hermosillo, Sonora. %","breadcrumb":{"@id":"https:\/\/www.sonoraenequipo.com.mx\/tribunal-suspende-sanciones-de-funcion-publica-a-la-revista-nexos\/#breadcrumb"},"inLanguage":"es","potentialAction":[{"@type":"ReadAction","target":["https:\/\/www.sonoraenequipo.com.mx\/tribunal-suspende-sanciones-de-funcion-publica-a-la-revista-nexos\/"]}]},{"@type":"ImageObject","inLanguage":"es","@id":"https:\/\/www.sonoraenequipo.com.mx\/tribunal-suspende-sanciones-de-funcion-publica-a-la-revista-nexos\/#primaryimage","url":"https:\/\/www.sonoraenequipo.com.mx\/storage\/2021\/03\/funcion_publica_opt.jpg","contentUrl":"https:\/\/www.sonoraenequipo.com.mx\/storage\/2021\/03\/funcion_publica_opt.jpg","width":751,"height":500},{"@type":"BreadcrumbList","@id":"https:\/\/www.sonoraenequipo.com.mx\/tribunal-suspende-sanciones-de-funcion-publica-a-la-revista-nexos\/#breadcrumb","itemListElement":[{"@type":"ListItem","position":1,"name":"Portada","item":"https:\/\/www.sonoraenequipo.com.mx\/"},{"@type":"ListItem","position":2,"name":"Tribunal suspende sanciones de Funci\u00f3n P\u00fablica a la revista Nexos"}]},{"@type":"WebSite","@id":"https:\/\/www.sonoraenequipo.com.mx\/#website","url":"https:\/\/www.sonoraenequipo.com.mx\/","name":"Sonora en Equipo.","description":"Diario en l\u00ednea con Noticias desde Hermosillo, Sonora","publisher":{"@id":"https:\/\/www.sonoraenequipo.com.mx\/#organization"},"potentialAction":[{"@type":"SearchAction","target":{"@type":"EntryPoint","urlTemplate":"https:\/\/www.sonoraenequipo.com.mx\/?s={search_term_string}"},"query-input":{"@type":"PropertyValueSpecification","valueRequired":true,"valueName":"search_term_string"}}],"inLanguage":"es"},{"@type":"Organization","@id":"https:\/\/www.sonoraenequipo.com.mx\/#organization","name":"Sonoraenequipo.com.mx","url":"https:\/\/www.sonoraenequipo.com.mx\/","logo":{"@type":"ImageObject","inLanguage":"es","@id":"https:\/\/www.sonoraenequipo.com.mx\/#\/schema\/logo\/image\/","url":"https:\/\/www.sonoraenequipo.com.mx\/storage\/2019\/01\/sonoraenequipo_opt.png","contentUrl":"https:\/\/www.sonoraenequipo.com.mx\/storage\/2019\/01\/sonoraenequipo_opt.png","width":375,"height":125,"caption":"Sonoraenequipo.com.mx"},"image":{"@id":"https:\/\/www.sonoraenequipo.com.mx\/#\/schema\/logo\/image\/"},"sameAs":["https:\/\/www.facebook.com\/SonoraEE\/","https:\/\/x.com\/sonoraenequipo","https:\/\/www.youtube.com\/channel\/UC338nW-lPEYmJQs4ZABQ1SQ"]},{"@type":"Person","@id":"https:\/\/www.sonoraenequipo.com.mx\/#\/schema\/person\/50102df0fb23a8fa9e8effad8fa81386","name":"enequipo","image":{"@type":"ImageObject","inLanguage":"es","@id":"https:\/\/www.sonoraenequipo.com.mx\/#\/schema\/person\/image\/","url":"https:\/\/secure.gravatar.com\/avatar\/049821681b589dabc0bc20695993ccebb09f5b5d4d790cd9251b97faac7c652b?s=96&d=blank&r=g","contentUrl":"https:\/\/secure.gravatar.com\/avatar\/049821681b589dabc0bc20695993ccebb09f5b5d4d790cd9251b97faac7c652b?s=96&d=blank&r=g","caption":"enequipo"},"sameAs":["https:\/\/www.facebook.com\/SonoraEE"]}]}},"jetpack_featured_media_url":"https:\/\/www.sonoraenequipo.com.mx\/storage\/2021\/03\/funcion_publica_opt.jpg","_links":{"self":[{"href":"https:\/\/www.sonoraenequipo.com.mx\/api\/wp\/v2\/posts\/109364","targetHints":{"allow":["GET"]}}],"collection":[{"href":"https:\/\/www.sonoraenequipo.com.mx\/api\/wp\/v2\/posts"}],"about":[{"href":"https:\/\/www.sonoraenequipo.com.mx\/api\/wp\/v2\/types\/post"}],"author":[{"embeddable":true,"href":"https:\/\/www.sonoraenequipo.com.mx\/api\/wp\/v2\/users\/1"}],"replies":[{"embeddable":true,"href":"https:\/\/www.sonoraenequipo.com.mx\/api\/wp\/v2\/comments?post=109364"}],"version-history":[{"count":1,"href":"https:\/\/www.sonoraenequipo.com.mx\/api\/wp\/v2\/posts\/109364\/revisions"}],"predecessor-version":[{"id":109368,"href":"https:\/\/www.sonoraenequipo.com.mx\/api\/wp\/v2\/posts\/109364\/revisions\/109368"}],"wp:featuredmedia":[{"embeddable":true,"href":"https:\/\/www.sonoraenequipo.com.mx\/api\/wp\/v2\/media\/109366"}],"wp:attachment":[{"href":"https:\/\/www.sonoraenequipo.com.mx\/api\/wp\/v2\/media?parent=109364"}],"wp:term":[{"taxonomy":"category","embeddable":true,"href":"https:\/\/www.sonoraenequipo.com.mx\/api\/wp\/v2\/categories?post=109364"},{"taxonomy":"post_tag","embeddable":true,"href":"https:\/\/www.sonoraenequipo.com.mx\/api\/wp\/v2\/tags?post=109364"}],"curies":[{"name":"wp","href":"https:\/\/api.w.org\/{rel}","templated":true}]}}