{"id":109379,"date":"2021-03-17T14:27:12","date_gmt":"2021-03-17T21:27:12","guid":{"rendered":"https:\/\/www.sonoraenequipo.com.mx\/?p=109379"},"modified":"2021-03-17T14:27:12","modified_gmt":"2021-03-17T21:27:12","slug":"suspenden-a-sacerdote-por-agredir-a-obispo","status":"publish","type":"post","link":"https:\/\/www.sonoraenequipo.com.mx\/suspenden-a-sacerdote-por-agredir-a-obispo\/","title":{"rendered":"Suspenden a sacerdote por agredir a Obispo"},"content":{"rendered":"<p>&nbsp;<\/p>\n<p>AJMER INDIA.\u2500 El sacerdote cat\u00f3lico Varghese Palappallil de la Di\u00f3cesis de Ajmer, del norte de la India, fue suspendido luego de presuntamente agredir f\u00edsicamente a su obispo.<\/p>\n<p>&nbsp;<\/p>\n<p>El Obispo de Ajme, Mons. Pius Thomas D&#8217;Souza, afirma haber sido atacado la semana pasada por el sacerdote, quien actualmente enfrenta un caso de abuso sexual que est\u00e1 pendiente en Roma.<\/p>\n<p>Seg\u00fan el medio Matters India, el obispo cont\u00f3 que el 7 de marzo estaba terminando el almuerzo en su residencia cuando el P. Palappallil se sent\u00f3 a su lado e inmediatamente comenz\u00f3 a discutir sobre el caso de abuso, que involucra acusaciones de una mujer casada.<\/p>\n<p>&nbsp;<\/p>\n<p>\u201cLe expliqu\u00e9 que no tengo nada que ver con el caso, ya que est\u00e1 pendiente en Roma, se est\u00e1 tramitando de acuerdo con el procedimiento del Derecho Can\u00f3nico y no estoy en su contra\u201d, dijo Mons. D&#8217;Souza, seg\u00fan Matters India.<\/p>\n<p>&nbsp;<\/p>\n<p>&nbsp;<\/p>\n<p>El Obispo dice que el sacerdote luego lo atac\u00f3 f\u00edsicamente, le golpe\u00f3 la cara y el cuello, y le lanz\u00f3 las gafas al suelo, antes de golpearle el pecho y levantar una silla para seguir golpe\u00e1ndolo. Tambi\u00e9n dijo que otro sacerdote intervino para salvarlo del ataque.<\/p>\n<p>&nbsp;<\/p>\n<p>Seg\u00fan Matters India, el P. Palappallil ha negado las acusaciones y afirma que son un intento de desacreditarlo por interrogar al obispo.<\/p>\n<p>&nbsp;<\/p>\n<p>\u201cMi prop\u00f3sito de la visita era apelar [al] obispo para que me nombrara en cualquier puesto oficial de la di\u00f3cesis, ya que no me dieron ning\u00fan puesto desde 2015, despu\u00e9s de que me acusaron de tener relaciones sexuales con una mujer\u201d, dijo el sacerdote.<\/p>\n<p>&nbsp;<\/p>\n<p>El presb\u00edtero tambi\u00e9n asegura que el obispo se enoj\u00f3 durante la conversaci\u00f3n y que este \u00faltimo amenaz\u00f3 con un cuchillo. Seg\u00fan \u00e9l, por ese motivo empuj\u00f3 al obispo, provocando el derribo de vasos.<\/p>\n<p>&nbsp;<\/p>\n<p>&nbsp;<\/p>\n<p>\u201cDespu\u00e9s de eso continuamos nuestra discusi\u00f3n hasta las 3:30 p.m. y partimos felices con el obispo prometiendo considerar mi caso\u201d, dijo el sacerdote.<\/p>\n<p>&nbsp;<\/p>\n<p>Calific\u00f3 las acusaciones de agresi\u00f3n f\u00edsica como \u201cimpactantes&#8230; infundadas y falsas\u201d.<\/p>\n<p>&nbsp;<\/p>\n<p>En una carta del 10 de marzo, Mons. D&#8217;Souza dijo que al P. A Palappallil se le prohibi\u00f3 \u201ccelebrar Misa, sacramentos, sacramentales y recibir sacramentos en la Iglesia desde el mismo momento de la agresi\u00f3n f\u00edsica\u201d.<\/p>\n<p>&nbsp;<\/p>\n<p>Fecha de publicaci\u00f3n\u00a0 mi\u00e9rcoles 17 \/marzo\/2021\/ACI Prensa<\/p>\n<p>&nbsp;<\/p>\n","protected":false},"excerpt":{"rendered":"<p>&nbsp; AJMER INDIA.\u2500 El sacerdote cat\u00f3lico Varghese Palappallil de la Di\u00f3cesis de Ajmer, del norte&#8230;<\/p>\n","protected":false},"author":1,"featured_media":109380,"comment_status":"open","ping_status":"open","sticky":false,"template":"","format":"standard","meta":{"_monsterinsights_skip_tracking":false,"_monsterinsights_sitenote_active":false,"_monsterinsights_sitenote_note":"","_monsterinsights_sitenote_category":0,"footnotes":""},"categories":[3],"tags":[3229,2897,5504,575,5503,369],"class_list":["post"],"yoast_head":" \n<title>Sonora en Equipo. Suspenden a sacerdote por agredir a Obispo MUNDO<\/title>\n<meta name=\"description\" content=\"&nbsp; AJMER INDIA.\u2500 El sacerdote cat\u00f3lico Varghese Palappallil de la Di\u00f3cesis de Ajmer, del norte de la India, fue suspendido luego de presuntamente En Sonora en Equipo publicamos toda la informaci\u00f3n de Sonora, M\u00e9xico y el Mundo de manera oportuna y busca que la libertad de expresi\u00f3n sea real. Visita nuestro medio informativo publicado desde Hermosillo, Sonora. %\" \/>\n<meta name=\"robots\" content=\"index, follow, max-snippet:-1, max-image-preview:large, max-video-preview:-1\" \/>\n<link rel=\"canonical\" href=\"https:\/\/www.sonoraenequipo.com.mx\/suspenden-a-sacerdote-por-agredir-a-obispo\/\" \/>\n<meta property=\"og:locale\" content=\"es_ES\" \/>\n<meta property=\"og:type\" content=\"article\" \/>\n<meta property=\"og:title\" content=\"Sonora en Equipo. Suspenden a sacerdote por agredir a Obispo MUNDO\" \/>\n<meta property=\"og:description\" content=\"&nbsp; AJMER INDIA.\u2500 El sacerdote cat\u00f3lico Varghese Palappallil de la Di\u00f3cesis de Ajmer, del norte de la India, fue suspendido luego de presuntamente En Sonora en Equipo publicamos toda la informaci\u00f3n de Sonora, M\u00e9xico y el Mundo de manera oportuna y busca que la libertad de expresi\u00f3n sea real. Visita nuestro medio informativo publicado desde Hermosillo, Sonora. %\" \/>\n<meta property=\"og:url\" content=\"https:\/\/www.sonoraenequipo.com.mx\/suspenden-a-sacerdote-por-agredir-a-obispo\/\" \/>\n<meta property=\"og:site_name\" content=\"Sonora en Equipo.\" \/>\n<meta property=\"article:publisher\" content=\"https:\/\/www.facebook.com\/SonoraEE\/\" \/>\n<meta property=\"article:author\" content=\"https:\/\/www.facebook.com\/SonoraEE\" \/>\n<meta property=\"article:published_time\" content=\"2021-03-17T21:27:12+00:00\" \/>\n<meta property=\"og:image\" content=\"https:\/\/www.sonoraenequipo.com.mx\/storage\/2021\/03\/p-india.jpg\" \/>\n\t<meta property=\"og:image:width\" content=\"500\" \/>\n\t<meta property=\"og:image:height\" content=\"300\" \/>\n\t<meta property=\"og:image:type\" content=\"image\/jpeg\" \/>\n<meta name=\"author\" content=\"enequipo\" \/>\n<meta name=\"twitter:card\" content=\"summary_large_image\" \/>\n<meta name=\"twitter:creator\" content=\"@sonoraenequipo\" \/>\n<meta name=\"twitter:site\" content=\"@sonoraenequipo\" \/>\n<meta name=\"twitter:label1\" content=\"Escrito por\" \/>\n\t<meta name=\"twitter:data1\" content=\"enequipo\" \/>\n\t<meta name=\"twitter:label2\" content=\"Tiempo de lectura\" \/>\n\t<meta name=\"twitter:data2\" content=\"2 minutos\" \/>\n<script type=\"application\/ld+json\" class=\"yoast-schema-graph\">{\"@context\":\"https:\/\/schema.org\",\"@graph\":[{\"@type\":\"Article\",\"@id\":\"https:\/\/www.sonoraenequipo.com.mx\/suspenden-a-sacerdote-por-agredir-a-obispo\/#article\",\"isPartOf\":{\"@id\":\"https:\/\/www.sonoraenequipo.com.mx\/suspenden-a-sacerdote-por-agredir-a-obispo\/\"},\"author\":{\"name\":\"enequipo\",\"@id\":\"https:\/\/www.sonoraenequipo.com.mx\/#\/schema\/person\/50102df0fb23a8fa9e8effad8fa81386\"},\"headline\":\"Suspenden a sacerdote por agredir a Obispo\",\"datePublished\":\"2021-03-17T21:27:12+00:00\",\"mainEntityOfPage\":{\"@id\":\"https:\/\/www.sonoraenequipo.com.mx\/suspenden-a-sacerdote-por-agredir-a-obispo\/\"},\"wordCount\":413,\"commentCount\":0,\"publisher\":{\"@id\":\"https:\/\/www.sonoraenequipo.com.mx\/#organization\"},\"image\":{\"@id\":\"https:\/\/www.sonoraenequipo.com.mx\/suspenden-a-sacerdote-por-agredir-a-obispo\/#primaryimage\"},\"thumbnailUrl\":\"https:\/\/www.sonoraenequipo.com.mx\/storage\/2021\/03\/p-india.jpg\",\"keywords\":[\"abuso\",\"Ataque\",\"Iglesia en India\",\"INDIA\",\"sacerdote\",\"violencia\"],\"articleSection\":[\"MUNDO\"],\"inLanguage\":\"es\",\"potentialAction\":[{\"@type\":\"CommentAction\",\"name\":\"Comment\",\"target\":[\"https:\/\/www.sonoraenequipo.com.mx\/suspenden-a-sacerdote-por-agredir-a-obispo\/#respond\"]}]},{\"@type\":\"WebPage\",\"@id\":\"https:\/\/www.sonoraenequipo.com.mx\/suspenden-a-sacerdote-por-agredir-a-obispo\/\",\"url\":\"https:\/\/www.sonoraenequipo.com.mx\/suspenden-a-sacerdote-por-agredir-a-obispo\/\",\"name\":\"Sonora en Equipo. Suspenden a sacerdote por agredir a Obispo MUNDO\",\"isPartOf\":{\"@id\":\"https:\/\/www.sonoraenequipo.com.mx\/#website\"},\"primaryImageOfPage\":{\"@id\":\"https:\/\/www.sonoraenequipo.com.mx\/suspenden-a-sacerdote-por-agredir-a-obispo\/#primaryimage\"},\"image\":{\"@id\":\"https:\/\/www.sonoraenequipo.com.mx\/suspenden-a-sacerdote-por-agredir-a-obispo\/#primaryimage\"},\"thumbnailUrl\":\"https:\/\/www.sonoraenequipo.com.mx\/storage\/2021\/03\/p-india.jpg\",\"datePublished\":\"2021-03-17T21:27:12+00:00\",\"description\":\"&nbsp; AJMER INDIA.\u2500 El sacerdote cat\u00f3lico Varghese Palappallil de la Di\u00f3cesis de Ajmer, del norte de la India, fue suspendido luego de presuntamente En Sonora en Equipo publicamos toda la informaci\u00f3n de Sonora, M\u00e9xico y el Mundo de manera oportuna y busca que la libertad de expresi\u00f3n sea real. Visita nuestro medio informativo publicado desde Hermosillo, Sonora. %\",\"breadcrumb\":{\"@id\":\"https:\/\/www.sonoraenequipo.com.mx\/suspenden-a-sacerdote-por-agredir-a-obispo\/#breadcrumb\"},\"inLanguage\":\"es\",\"potentialAction\":[{\"@type\":\"ReadAction\",\"target\":[\"https:\/\/www.sonoraenequipo.com.mx\/suspenden-a-sacerdote-por-agredir-a-obispo\/\"]}]},{\"@type\":\"ImageObject\",\"inLanguage\":\"es\",\"@id\":\"https:\/\/www.sonoraenequipo.com.mx\/suspenden-a-sacerdote-por-agredir-a-obispo\/#primaryimage\",\"url\":\"https:\/\/www.sonoraenequipo.com.mx\/storage\/2021\/03\/p-india.jpg\",\"contentUrl\":\"https:\/\/www.sonoraenequipo.com.mx\/storage\/2021\/03\/p-india.jpg\",\"width\":500,\"height\":300},{\"@type\":\"BreadcrumbList\",\"@id\":\"https:\/\/www.sonoraenequipo.com.mx\/suspenden-a-sacerdote-por-agredir-a-obispo\/#breadcrumb\",\"itemListElement\":[{\"@type\":\"ListItem\",\"position\":1,\"name\":\"Portada\",\"item\":\"https:\/\/www.sonoraenequipo.com.mx\/\"},{\"@type\":\"ListItem\",\"position\":2,\"name\":\"Suspenden a sacerdote por agredir a Obispo\"}]},{\"@type\":\"WebSite\",\"@id\":\"https:\/\/www.sonoraenequipo.com.mx\/#website\",\"url\":\"https:\/\/www.sonoraenequipo.com.mx\/\",\"name\":\"Sonora en Equipo.\",\"description\":\"Diario en l\u00ednea con Noticias desde Hermosillo, Sonora\",\"publisher\":{\"@id\":\"https:\/\/www.sonoraenequipo.com.mx\/#organization\"},\"potentialAction\":[{\"@type\":\"SearchAction\",\"target\":{\"@type\":\"EntryPoint\",\"urlTemplate\":\"https:\/\/www.sonoraenequipo.com.mx\/?s={search_term_string}\"},\"query-input\":{\"@type\":\"PropertyValueSpecification\",\"valueRequired\":true,\"valueName\":\"search_term_string\"}}],\"inLanguage\":\"es\"},{\"@type\":\"Organization\",\"@id\":\"https:\/\/www.sonoraenequipo.com.mx\/#organization\",\"name\":\"Sonoraenequipo.com.mx\",\"url\":\"https:\/\/www.sonoraenequipo.com.mx\/\",\"logo\":{\"@type\":\"ImageObject\",\"inLanguage\":\"es\",\"@id\":\"https:\/\/www.sonoraenequipo.com.mx\/#\/schema\/logo\/image\/\",\"url\":\"https:\/\/www.sonoraenequipo.com.mx\/storage\/2019\/01\/sonoraenequipo_opt.png\",\"contentUrl\":\"https:\/\/www.sonoraenequipo.com.mx\/storage\/2019\/01\/sonoraenequipo_opt.png\",\"width\":375,\"height\":125,\"caption\":\"Sonoraenequipo.com.mx\"},\"image\":{\"@id\":\"https:\/\/www.sonoraenequipo.com.mx\/#\/schema\/logo\/image\/\"},\"sameAs\":[\"https:\/\/www.facebook.com\/SonoraEE\/\",\"https:\/\/x.com\/sonoraenequipo\",\"https:\/\/www.youtube.com\/channel\/UC338nW-lPEYmJQs4ZABQ1SQ\"]},{\"@type\":\"Person\",\"@id\":\"https:\/\/www.sonoraenequipo.com.mx\/#\/schema\/person\/50102df0fb23a8fa9e8effad8fa81386\",\"name\":\"enequipo\",\"image\":{\"@type\":\"ImageObject\",\"inLanguage\":\"es\",\"@id\":\"https:\/\/www.sonoraenequipo.com.mx\/#\/schema\/person\/image\/\",\"url\":\"https:\/\/secure.gravatar.com\/avatar\/049821681b589dabc0bc20695993ccebb09f5b5d4d790cd9251b97faac7c652b?s=96&d=blank&r=g\",\"contentUrl\":\"https:\/\/secure.gravatar.com\/avatar\/049821681b589dabc0bc20695993ccebb09f5b5d4d790cd9251b97faac7c652b?s=96&d=blank&r=g\",\"caption\":\"enequipo\"},\"sameAs\":[\"https:\/\/www.facebook.com\/SonoraEE\"]}]}<\/script>\n ","yoast_head_json":{"title":"Sonora en Equipo. Suspenden a sacerdote por agredir a Obispo MUNDO","description":"&nbsp; AJMER INDIA.\u2500 El sacerdote cat\u00f3lico Varghese Palappallil de la Di\u00f3cesis de Ajmer, del norte de la India, fue suspendido luego de presuntamente En Sonora en Equipo publicamos toda la informaci\u00f3n de Sonora, M\u00e9xico y el Mundo de manera oportuna y busca que la libertad de expresi\u00f3n sea real. Visita nuestro medio informativo publicado desde Hermosillo, Sonora. %","robots":{"index":"index","follow":"follow","max-snippet":"max-snippet:-1","max-image-preview":"max-image-preview:large","max-video-preview":"max-video-preview:-1"},"canonical":"https:\/\/www.sonoraenequipo.com.mx\/suspenden-a-sacerdote-por-agredir-a-obispo\/","og_locale":"es_ES","og_type":"article","og_title":"Sonora en Equipo. Suspenden a sacerdote por agredir a Obispo MUNDO","og_description":"&nbsp; AJMER INDIA.\u2500 El sacerdote cat\u00f3lico Varghese Palappallil de la Di\u00f3cesis de Ajmer, del norte de la India, fue suspendido luego de presuntamente En Sonora en Equipo publicamos toda la informaci\u00f3n de Sonora, M\u00e9xico y el Mundo de manera oportuna y busca que la libertad de expresi\u00f3n sea real. Visita nuestro medio informativo publicado desde Hermosillo, Sonora. %","og_url":"https:\/\/www.sonoraenequipo.com.mx\/suspenden-a-sacerdote-por-agredir-a-obispo\/","og_site_name":"Sonora en Equipo.","article_publisher":"https:\/\/www.facebook.com\/SonoraEE\/","article_author":"https:\/\/www.facebook.com\/SonoraEE","article_published_time":"2021-03-17T21:27:12+00:00","og_image":[{"width":500,"height":300,"url":"https:\/\/www.sonoraenequipo.com.mx\/storage\/2021\/03\/p-india.jpg","type":"image\/jpeg"}],"author":"enequipo","twitter_card":"summary_large_image","twitter_creator":"@sonoraenequipo","twitter_site":"@sonoraenequipo","twitter_misc":{"Escrito por":"enequipo","Tiempo de lectura":"2 minutos"},"schema":{"@context":"https:\/\/schema.org","@graph":[{"@type":"Article","@id":"https:\/\/www.sonoraenequipo.com.mx\/suspenden-a-sacerdote-por-agredir-a-obispo\/#article","isPartOf":{"@id":"https:\/\/www.sonoraenequipo.com.mx\/suspenden-a-sacerdote-por-agredir-a-obispo\/"},"author":{"name":"enequipo","@id":"https:\/\/www.sonoraenequipo.com.mx\/#\/schema\/person\/50102df0fb23a8fa9e8effad8fa81386"},"headline":"Suspenden a sacerdote por agredir a Obispo","datePublished":"2021-03-17T21:27:12+00:00","mainEntityOfPage":{"@id":"https:\/\/www.sonoraenequipo.com.mx\/suspenden-a-sacerdote-por-agredir-a-obispo\/"},"wordCount":413,"commentCount":0,"publisher":{"@id":"https:\/\/www.sonoraenequipo.com.mx\/#organization"},"image":{"@id":"https:\/\/www.sonoraenequipo.com.mx\/suspenden-a-sacerdote-por-agredir-a-obispo\/#primaryimage"},"thumbnailUrl":"https:\/\/www.sonoraenequipo.com.mx\/storage\/2021\/03\/p-india.jpg","keywords":["abuso","Ataque","Iglesia en India","INDIA","sacerdote","violencia"],"articleSection":["MUNDO"],"inLanguage":"es","potentialAction":[{"@type":"CommentAction","name":"Comment","target":["https:\/\/www.sonoraenequipo.com.mx\/suspenden-a-sacerdote-por-agredir-a-obispo\/#respond"]}]},{"@type":"WebPage","@id":"https:\/\/www.sonoraenequipo.com.mx\/suspenden-a-sacerdote-por-agredir-a-obispo\/","url":"https:\/\/www.sonoraenequipo.com.mx\/suspenden-a-sacerdote-por-agredir-a-obispo\/","name":"Sonora en Equipo. Suspenden a sacerdote por agredir a Obispo MUNDO","isPartOf":{"@id":"https:\/\/www.sonoraenequipo.com.mx\/#website"},"primaryImageOfPage":{"@id":"https:\/\/www.sonoraenequipo.com.mx\/suspenden-a-sacerdote-por-agredir-a-obispo\/#primaryimage"},"image":{"@id":"https:\/\/www.sonoraenequipo.com.mx\/suspenden-a-sacerdote-por-agredir-a-obispo\/#primaryimage"},"thumbnailUrl":"https:\/\/www.sonoraenequipo.com.mx\/storage\/2021\/03\/p-india.jpg","datePublished":"2021-03-17T21:27:12+00:00","description":"&nbsp; AJMER INDIA.\u2500 El sacerdote cat\u00f3lico Varghese Palappallil de la Di\u00f3cesis de Ajmer, del norte de la India, fue suspendido luego de presuntamente En Sonora en Equipo publicamos toda la informaci\u00f3n de Sonora, M\u00e9xico y el Mundo de manera oportuna y busca que la libertad de expresi\u00f3n sea real. Visita nuestro medio informativo publicado desde Hermosillo, Sonora. %","breadcrumb":{"@id":"https:\/\/www.sonoraenequipo.com.mx\/suspenden-a-sacerdote-por-agredir-a-obispo\/#breadcrumb"},"inLanguage":"es","potentialAction":[{"@type":"ReadAction","target":["https:\/\/www.sonoraenequipo.com.mx\/suspenden-a-sacerdote-por-agredir-a-obispo\/"]}]},{"@type":"ImageObject","inLanguage":"es","@id":"https:\/\/www.sonoraenequipo.com.mx\/suspenden-a-sacerdote-por-agredir-a-obispo\/#primaryimage","url":"https:\/\/www.sonoraenequipo.com.mx\/storage\/2021\/03\/p-india.jpg","contentUrl":"https:\/\/www.sonoraenequipo.com.mx\/storage\/2021\/03\/p-india.jpg","width":500,"height":300},{"@type":"BreadcrumbList","@id":"https:\/\/www.sonoraenequipo.com.mx\/suspenden-a-sacerdote-por-agredir-a-obispo\/#breadcrumb","itemListElement":[{"@type":"ListItem","position":1,"name":"Portada","item":"https:\/\/www.sonoraenequipo.com.mx\/"},{"@type":"ListItem","position":2,"name":"Suspenden a sacerdote por agredir a Obispo"}]},{"@type":"WebSite","@id":"https:\/\/www.sonoraenequipo.com.mx\/#website","url":"https:\/\/www.sonoraenequipo.com.mx\/","name":"Sonora en Equipo.","description":"Diario en l\u00ednea con Noticias desde Hermosillo, Sonora","publisher":{"@id":"https:\/\/www.sonoraenequipo.com.mx\/#organization"},"potentialAction":[{"@type":"SearchAction","target":{"@type":"EntryPoint","urlTemplate":"https:\/\/www.sonoraenequipo.com.mx\/?s={search_term_string}"},"query-input":{"@type":"PropertyValueSpecification","valueRequired":true,"valueName":"search_term_string"}}],"inLanguage":"es"},{"@type":"Organization","@id":"https:\/\/www.sonoraenequipo.com.mx\/#organization","name":"Sonoraenequipo.com.mx","url":"https:\/\/www.sonoraenequipo.com.mx\/","logo":{"@type":"ImageObject","inLanguage":"es","@id":"https:\/\/www.sonoraenequipo.com.mx\/#\/schema\/logo\/image\/","url":"https:\/\/www.sonoraenequipo.com.mx\/storage\/2019\/01\/sonoraenequipo_opt.png","contentUrl":"https:\/\/www.sonoraenequipo.com.mx\/storage\/2019\/01\/sonoraenequipo_opt.png","width":375,"height":125,"caption":"Sonoraenequipo.com.mx"},"image":{"@id":"https:\/\/www.sonoraenequipo.com.mx\/#\/schema\/logo\/image\/"},"sameAs":["https:\/\/www.facebook.com\/SonoraEE\/","https:\/\/x.com\/sonoraenequipo","https:\/\/www.youtube.com\/channel\/UC338nW-lPEYmJQs4ZABQ1SQ"]},{"@type":"Person","@id":"https:\/\/www.sonoraenequipo.com.mx\/#\/schema\/person\/50102df0fb23a8fa9e8effad8fa81386","name":"enequipo","image":{"@type":"ImageObject","inLanguage":"es","@id":"https:\/\/www.sonoraenequipo.com.mx\/#\/schema\/person\/image\/","url":"https:\/\/secure.gravatar.com\/avatar\/049821681b589dabc0bc20695993ccebb09f5b5d4d790cd9251b97faac7c652b?s=96&d=blank&r=g","contentUrl":"https:\/\/secure.gravatar.com\/avatar\/049821681b589dabc0bc20695993ccebb09f5b5d4d790cd9251b97faac7c652b?s=96&d=blank&r=g","caption":"enequipo"},"sameAs":["https:\/\/www.facebook.com\/SonoraEE"]}]}},"jetpack_featured_media_url":"https:\/\/www.sonoraenequipo.com.mx\/storage\/2021\/03\/p-india.jpg","_links":{"self":[{"href":"https:\/\/www.sonoraenequipo.com.mx\/api\/wp\/v2\/posts\/109379","targetHints":{"allow":["GET"]}}],"collection":[{"href":"https:\/\/www.sonoraenequipo.com.mx\/api\/wp\/v2\/posts"}],"about":[{"href":"https:\/\/www.sonoraenequipo.com.mx\/api\/wp\/v2\/types\/post"}],"author":[{"embeddable":true,"href":"https:\/\/www.sonoraenequipo.com.mx\/api\/wp\/v2\/users\/1"}],"replies":[{"embeddable":true,"href":"https:\/\/www.sonoraenequipo.com.mx\/api\/wp\/v2\/comments?post=109379"}],"version-history":[{"count":1,"href":"https:\/\/www.sonoraenequipo.com.mx\/api\/wp\/v2\/posts\/109379\/revisions"}],"predecessor-version":[{"id":109381,"href":"https:\/\/www.sonoraenequipo.com.mx\/api\/wp\/v2\/posts\/109379\/revisions\/109381"}],"wp:featuredmedia":[{"embeddable":true,"href":"https:\/\/www.sonoraenequipo.com.mx\/api\/wp\/v2\/media\/109380"}],"wp:attachment":[{"href":"https:\/\/www.sonoraenequipo.com.mx\/api\/wp\/v2\/media?parent=109379"}],"wp:term":[{"taxonomy":"category","embeddable":true,"href":"https:\/\/www.sonoraenequipo.com.mx\/api\/wp\/v2\/categories?post=109379"},{"taxonomy":"post_tag","embeddable":true,"href":"https:\/\/www.sonoraenequipo.com.mx\/api\/wp\/v2\/tags?post=109379"}],"curies":[{"name":"wp","href":"https:\/\/api.w.org\/{rel}","templated":true}]}}