{"id":109391,"date":"2021-03-17T14:32:53","date_gmt":"2021-03-17T21:32:53","guid":{"rendered":"https:\/\/www.sonoraenequipo.com.mx\/?p=109391"},"modified":"2021-03-17T18:02:40","modified_gmt":"2021-03-18T01:02:40","slug":"el-talento-mas-alla-del-genero-la-apuesta-necesaria-en-las-organizaciones","status":"publish","type":"post","link":"https:\/\/www.sonoraenequipo.com.mx\/el-talento-mas-alla-del-genero-la-apuesta-necesaria-en-las-organizaciones\/","title":{"rendered":"El talento m\u00e1s all\u00e1 del g\u00e9nero, la apuesta necesaria en las organizaciones."},"content":{"rendered":"<p>CIUDAD DE M\u00c9XICO.\u2500 \u00a0La aceleraci\u00f3n de la transformaci\u00f3n digital derivada de la pandemia ha evidenciado la necesidad de cambiar paradigmas, de implementar modelos disruptivos en las organizaciones que contribuyan no s\u00f3lo a incrementar la productividad de manera acelerada, sino tambi\u00e9n a potenciar el talento de los colaboradores, m\u00e1s all\u00e1 del g\u00e9nero y edad, y especialmente en el sector de las Tecnolog\u00edas de la Informaci\u00f3n, destacaron los participantes del foro \u201cEl talento m\u00e1s all\u00e1 del g\u00e9nero: la tecnolog\u00eda como elemento transformador\u201d.<\/p>\n<p>&nbsp;<\/p>\n<p>El evento cont\u00f3 con la participaci\u00f3n de M\u00f3nica Flores, presidenta para Latinoam\u00e9rica de ManpowerGroup, Emilio Cadena, CEO de Prodensa; Lupina Loperena, Directora de Filantrop\u00eda de Microsoft M\u00e9xico; Graciela Rojas, Fundadora y presidenta de Movimiento STEAM y con la moderaci\u00f3n de Fernanda Zenizo, Directora General de INTELAB.<\/p>\n<p>&nbsp;<\/p>\n<p>Al inicio de la moderaci\u00f3n, Fernanda Zenizo comparti\u00f3 que \u201csin duda una organizaci\u00f3n que enfoca su modelo de negocio en la equidad y la inclusi\u00f3n optimiza recursos, basa su toma de decisiones desde un enfoque m\u00e1s diverso e incrementa la calidad de su talento humano(1). Sin embargo, para el buen funcionamiento de su modelo de negocio, no \u00fanicamente hay que poner atenci\u00f3n en la igualdad laboral por g\u00e9nero, es muy importante considerar las competencias laborales de las y los candidatos a desempe\u00f1ar cierta labor dentro de la empresa, es decir, el talento\u201d.<\/p>\n<p>En su participaci\u00f3n M\u00f3nica Flores de Manpower comparti\u00f3 que \u201cla pandemia resete\u00f3 al mundo. De un d\u00eda para otro, 93% de las personas cambiaron dr\u00e1sticamente la forma en que trabajaban, consum\u00edan, conviv\u00edan y aprend\u00edan. La digitalizaci\u00f3n dej\u00f3 de ser opcional y est\u00e1 ocurriendo a un ritmo sin precedentes. Por ello, necesitamos cada vez m\u00e1s habilidades humanas y diversidad en nuestros equipos. La inclusi\u00f3n no es un programa social; es cuesti\u00f3n de negocio. Debemos dejar de hablar de edad y g\u00e9nero, porque lo importante es el Talento.\u201d<\/p>\n<p>Por su parte, Lupina Loperena, Directora de Filantrop\u00eda de Microsoft M\u00e9xico, coment\u00f3 sobre la importancia de la capacitaci\u00f3n como un aliado para atravesar la transformaci\u00f3n digital y preparar a los individuos y organizaciones para el mundo laboral del futuro: \u201cLa tecnolog\u00eda es un ecualizador social y, en este contexto post pandemia, generar\u00e1 una gran cantidad de empleos t\u00e9cnicos y tecnol\u00f3gicos. Desde Microsoft, estamos creando una econom\u00eda digital inclusiva donde las diferencias entre los individuos sean aprovechadas para construir organizaciones diversas y con un bien com\u00fan\u201d.<\/p>\n<p>Graciela Rojas, Presidenta y Fundadora de Movimiento STEAM mencion\u00f3: \u201cSe requieren por ejemplo estrategias de reclutamiento que aseguren que el talento no tiene g\u00e9nero, generar o desarrollar redes de mujeres, as\u00ed como talleres de sensibilizaci\u00f3n sobre los sesgos inconscientes, un plan de visibilidad y reconocimiento con acciones que permitan fomentar la conciliaci\u00f3n laboral y familiar. Nosotros hemos venido apoyando a las empresas l\u00edderes de nuestro pa\u00eds para ir logrando avances en este sentido. Generamos un diagn\u00f3stico basado en los 7 principios de empoderamiento femenino que propone ONU Mujeres y a partir de ah\u00ed desarrollamos acciones tangibles e intencionadas para demostrar que el talento no tiene g\u00e9nero\u201d.<\/p>\n<p>&nbsp;<\/p>\n<p>Emilio Cadena mencion\u00f3 que esta pandemia nos puso de frente a que la tecnolog\u00eda y la transformaci\u00f3n digital ya no son una opci\u00f3n, sino nuestro modelo de continuidad. \u201cSi una empresa no ten\u00eda sus datos en la nube, es posible que ya no exista hoy.\u201d El sentido de urgencia de la transformaci\u00f3n digital no es de competitividad, es de justicia social; pues esta pandemia ha hecho evidente que la desigualdad tecnol\u00f3gica es el factor de riesgo m\u00e1s importante que enfrenta el mundo. Adem\u00e1s, coment\u00f3 que la combinaci\u00f3n pandemia con tecnolog\u00eda ha derribado los paradigmas para las mujeres permiti\u00e9ndoles desarrollarse en cualquier puesto y desmasculinizar el modelo de trabajo y de \u00e9xito que se hab\u00eda manejado hasta ahora. \u201cM\u00e1s nos vale no regresar al modelo de antes\u201d recalc\u00f3 Emilio Cadena.<\/p>\n<p>&nbsp;<\/p>\n<p>Cerr\u00f3 su intervenci\u00f3n dej\u00e1ndonos este mensaje: \u201cHay muchos esfuerzos para cambiar las cosas, las cosas cambian con ejecuci\u00f3n; escuchemos otros puntos de vista, asegur\u00e9monos de hablar con personas que piensan diferente e incluirlos para llegar a acuerdos y avanzar hacia a un bienestar colectivo.\u201d<\/p>\n<p>&nbsp;<\/p>\n<p>Al cierre de la sesi\u00f3n, Fernanda Zenizo agreg\u00f3 que \u201ces tiempo de romper paradigmas, es la era de las organizaciones humanas, en las que la persona debe estar en el centro. La organizaci\u00f3n debe transformarse en un detonador del talento de las personas, m\u00e1s all\u00e1 del g\u00e9nero. Esto no solo se traduce en equidad de g\u00e9nero o diversidad, sino en transitar para convertirse en organizaciones resilientes cuyo prop\u00f3sito est\u00e9 alineado con el de sus colaboradores, organizaciones que apuestan por el talento. \u201c.<\/p>\n<p>Fecha de publicaci\u00f3n\u00a0 mi\u00e9rcoles 17 \/marzo\/2021<\/p>\n","protected":false},"excerpt":{"rendered":"<p>CIUDAD DE M\u00c9XICO.\u2500 \u00a0La aceleraci\u00f3n de la transformaci\u00f3n digital derivada de la pandemia ha evidenciado&#8230;<\/p>\n","protected":false},"author":1,"featured_media":109392,"comment_status":"open","ping_status":"open","sticky":false,"template":"","format":"standard","meta":{"_monsterinsights_skip_tracking":false,"_monsterinsights_sitenote_active":false,"_monsterinsights_sitenote_note":"","_monsterinsights_sitenote_category":0,"footnotes":""},"categories":[5],"tags":[5508],"class_list":["post"],"yoast_head":" \n<title>Sonora en Equipo. El talento m\u00e1s all\u00e1 del g\u00e9nero, la apuesta necesaria en las organizaciones. Rep\u00fablica<\/title>\n<meta name=\"description\" content=\"CIUDAD DE M\u00c9XICO.\u2500 \u00a0La aceleraci\u00f3n de la transformaci\u00f3n digital derivada de la pandemia ha evidenciado la necesidad de cambiar paradigmas, de implementar En Sonora en Equipo publicamos toda la informaci\u00f3n de Sonora, M\u00e9xico y el Mundo de manera oportuna y busca que la libertad de expresi\u00f3n sea real. Visita nuestro medio informativo publicado desde Hermosillo, Sonora. %\" \/>\n<meta name=\"robots\" content=\"index, follow, max-snippet:-1, max-image-preview:large, max-video-preview:-1\" \/>\n<link rel=\"canonical\" href=\"https:\/\/www.sonoraenequipo.com.mx\/el-talento-mas-alla-del-genero-la-apuesta-necesaria-en-las-organizaciones\/\" \/>\n<meta property=\"og:locale\" content=\"es_ES\" \/>\n<meta property=\"og:type\" content=\"article\" \/>\n<meta property=\"og:title\" content=\"Sonora en Equipo. El talento m\u00e1s all\u00e1 del g\u00e9nero, la apuesta necesaria en las organizaciones. Rep\u00fablica\" \/>\n<meta property=\"og:description\" content=\"CIUDAD DE M\u00c9XICO.\u2500 \u00a0La aceleraci\u00f3n de la transformaci\u00f3n digital derivada de la pandemia ha evidenciado la necesidad de cambiar paradigmas, de implementar En Sonora en Equipo publicamos toda la informaci\u00f3n de Sonora, M\u00e9xico y el Mundo de manera oportuna y busca que la libertad de expresi\u00f3n sea real. Visita nuestro medio informativo publicado desde Hermosillo, Sonora. %\" \/>\n<meta property=\"og:url\" content=\"https:\/\/www.sonoraenequipo.com.mx\/el-talento-mas-alla-del-genero-la-apuesta-necesaria-en-las-organizaciones\/\" \/>\n<meta property=\"og:site_name\" content=\"Sonora en Equipo.\" \/>\n<meta property=\"article:publisher\" content=\"https:\/\/www.facebook.com\/SonoraEE\/\" \/>\n<meta property=\"article:author\" content=\"https:\/\/www.facebook.com\/SonoraEE\" \/>\n<meta property=\"article:published_time\" content=\"2021-03-17T21:32:53+00:00\" \/>\n<meta property=\"article:modified_time\" content=\"2021-03-18T01:02:40+00:00\" \/>\n<meta property=\"og:image\" content=\"https:\/\/www.sonoraenequipo.com.mx\/storage\/2021\/03\/genero.jpg\" \/>\n\t<meta property=\"og:image:width\" content=\"500\" \/>\n\t<meta property=\"og:image:height\" content=\"300\" \/>\n\t<meta property=\"og:image:type\" content=\"image\/jpeg\" \/>\n<meta name=\"author\" content=\"enequipo\" \/>\n<meta name=\"twitter:card\" content=\"summary_large_image\" \/>\n<meta name=\"twitter:creator\" content=\"@sonoraenequipo\" \/>\n<meta name=\"twitter:site\" content=\"@sonoraenequipo\" \/>\n<meta name=\"twitter:label1\" content=\"Escrito por\" \/>\n\t<meta name=\"twitter:data1\" content=\"enequipo\" \/>\n\t<meta name=\"twitter:label2\" content=\"Tiempo de lectura\" \/>\n\t<meta name=\"twitter:data2\" content=\"4 minutos\" \/>\n<script type=\"application\/ld+json\" class=\"yoast-schema-graph\">{\"@context\":\"https:\/\/schema.org\",\"@graph\":[{\"@type\":\"Article\",\"@id\":\"https:\/\/www.sonoraenequipo.com.mx\/el-talento-mas-alla-del-genero-la-apuesta-necesaria-en-las-organizaciones\/#article\",\"isPartOf\":{\"@id\":\"https:\/\/www.sonoraenequipo.com.mx\/el-talento-mas-alla-del-genero-la-apuesta-necesaria-en-las-organizaciones\/\"},\"author\":{\"name\":\"enequipo\",\"@id\":\"https:\/\/www.sonoraenequipo.com.mx\/#\/schema\/person\/50102df0fb23a8fa9e8effad8fa81386\"},\"headline\":\"El talento m\u00e1s all\u00e1 del g\u00e9nero, la apuesta necesaria en las organizaciones.\",\"datePublished\":\"2021-03-17T21:32:53+00:00\",\"dateModified\":\"2021-03-18T01:02:40+00:00\",\"mainEntityOfPage\":{\"@id\":\"https:\/\/www.sonoraenequipo.com.mx\/el-talento-mas-alla-del-genero-la-apuesta-necesaria-en-las-organizaciones\/\"},\"wordCount\":849,\"commentCount\":0,\"publisher\":{\"@id\":\"https:\/\/www.sonoraenequipo.com.mx\/#organization\"},\"image\":{\"@id\":\"https:\/\/www.sonoraenequipo.com.mx\/el-talento-mas-alla-del-genero-la-apuesta-necesaria-en-las-organizaciones\/#primaryimage\"},\"thumbnailUrl\":\"https:\/\/www.sonoraenequipo.com.mx\/storage\/2021\/03\/genero.jpg\",\"keywords\":[\"genero igualdad\"],\"articleSection\":[\"Rep\u00fablica\"],\"inLanguage\":\"es\",\"potentialAction\":[{\"@type\":\"CommentAction\",\"name\":\"Comment\",\"target\":[\"https:\/\/www.sonoraenequipo.com.mx\/el-talento-mas-alla-del-genero-la-apuesta-necesaria-en-las-organizaciones\/#respond\"]}]},{\"@type\":\"WebPage\",\"@id\":\"https:\/\/www.sonoraenequipo.com.mx\/el-talento-mas-alla-del-genero-la-apuesta-necesaria-en-las-organizaciones\/\",\"url\":\"https:\/\/www.sonoraenequipo.com.mx\/el-talento-mas-alla-del-genero-la-apuesta-necesaria-en-las-organizaciones\/\",\"name\":\"Sonora en Equipo. El talento m\u00e1s all\u00e1 del g\u00e9nero, la apuesta necesaria en las organizaciones. Rep\u00fablica\",\"isPartOf\":{\"@id\":\"https:\/\/www.sonoraenequipo.com.mx\/#website\"},\"primaryImageOfPage\":{\"@id\":\"https:\/\/www.sonoraenequipo.com.mx\/el-talento-mas-alla-del-genero-la-apuesta-necesaria-en-las-organizaciones\/#primaryimage\"},\"image\":{\"@id\":\"https:\/\/www.sonoraenequipo.com.mx\/el-talento-mas-alla-del-genero-la-apuesta-necesaria-en-las-organizaciones\/#primaryimage\"},\"thumbnailUrl\":\"https:\/\/www.sonoraenequipo.com.mx\/storage\/2021\/03\/genero.jpg\",\"datePublished\":\"2021-03-17T21:32:53+00:00\",\"dateModified\":\"2021-03-18T01:02:40+00:00\",\"description\":\"CIUDAD DE M\u00c9XICO.\u2500 \u00a0La aceleraci\u00f3n de la transformaci\u00f3n digital derivada de la pandemia ha evidenciado la necesidad de cambiar paradigmas, de implementar En Sonora en Equipo publicamos toda la informaci\u00f3n de Sonora, M\u00e9xico y el Mundo de manera oportuna y busca que la libertad de expresi\u00f3n sea real. Visita nuestro medio informativo publicado desde Hermosillo, Sonora. %\",\"breadcrumb\":{\"@id\":\"https:\/\/www.sonoraenequipo.com.mx\/el-talento-mas-alla-del-genero-la-apuesta-necesaria-en-las-organizaciones\/#breadcrumb\"},\"inLanguage\":\"es\",\"potentialAction\":[{\"@type\":\"ReadAction\",\"target\":[\"https:\/\/www.sonoraenequipo.com.mx\/el-talento-mas-alla-del-genero-la-apuesta-necesaria-en-las-organizaciones\/\"]}]},{\"@type\":\"ImageObject\",\"inLanguage\":\"es\",\"@id\":\"https:\/\/www.sonoraenequipo.com.mx\/el-talento-mas-alla-del-genero-la-apuesta-necesaria-en-las-organizaciones\/#primaryimage\",\"url\":\"https:\/\/www.sonoraenequipo.com.mx\/storage\/2021\/03\/genero.jpg\",\"contentUrl\":\"https:\/\/www.sonoraenequipo.com.mx\/storage\/2021\/03\/genero.jpg\",\"width\":500,\"height\":300},{\"@type\":\"BreadcrumbList\",\"@id\":\"https:\/\/www.sonoraenequipo.com.mx\/el-talento-mas-alla-del-genero-la-apuesta-necesaria-en-las-organizaciones\/#breadcrumb\",\"itemListElement\":[{\"@type\":\"ListItem\",\"position\":1,\"name\":\"Portada\",\"item\":\"https:\/\/www.sonoraenequipo.com.mx\/\"},{\"@type\":\"ListItem\",\"position\":2,\"name\":\"El talento m\u00e1s all\u00e1 del g\u00e9nero, la apuesta necesaria en las organizaciones.\"}]},{\"@type\":\"WebSite\",\"@id\":\"https:\/\/www.sonoraenequipo.com.mx\/#website\",\"url\":\"https:\/\/www.sonoraenequipo.com.mx\/\",\"name\":\"Sonora en Equipo.\",\"description\":\"Diario en l\u00ednea con Noticias desde Hermosillo, Sonora\",\"publisher\":{\"@id\":\"https:\/\/www.sonoraenequipo.com.mx\/#organization\"},\"potentialAction\":[{\"@type\":\"SearchAction\",\"target\":{\"@type\":\"EntryPoint\",\"urlTemplate\":\"https:\/\/www.sonoraenequipo.com.mx\/?s={search_term_string}\"},\"query-input\":{\"@type\":\"PropertyValueSpecification\",\"valueRequired\":true,\"valueName\":\"search_term_string\"}}],\"inLanguage\":\"es\"},{\"@type\":\"Organization\",\"@id\":\"https:\/\/www.sonoraenequipo.com.mx\/#organization\",\"name\":\"Sonoraenequipo.com.mx\",\"url\":\"https:\/\/www.sonoraenequipo.com.mx\/\",\"logo\":{\"@type\":\"ImageObject\",\"inLanguage\":\"es\",\"@id\":\"https:\/\/www.sonoraenequipo.com.mx\/#\/schema\/logo\/image\/\",\"url\":\"https:\/\/www.sonoraenequipo.com.mx\/storage\/2019\/01\/sonoraenequipo_opt.png\",\"contentUrl\":\"https:\/\/www.sonoraenequipo.com.mx\/storage\/2019\/01\/sonoraenequipo_opt.png\",\"width\":375,\"height\":125,\"caption\":\"Sonoraenequipo.com.mx\"},\"image\":{\"@id\":\"https:\/\/www.sonoraenequipo.com.mx\/#\/schema\/logo\/image\/\"},\"sameAs\":[\"https:\/\/www.facebook.com\/SonoraEE\/\",\"https:\/\/x.com\/sonoraenequipo\",\"https:\/\/www.youtube.com\/channel\/UC338nW-lPEYmJQs4ZABQ1SQ\"]},{\"@type\":\"Person\",\"@id\":\"https:\/\/www.sonoraenequipo.com.mx\/#\/schema\/person\/50102df0fb23a8fa9e8effad8fa81386\",\"name\":\"enequipo\",\"image\":{\"@type\":\"ImageObject\",\"inLanguage\":\"es\",\"@id\":\"https:\/\/www.sonoraenequipo.com.mx\/#\/schema\/person\/image\/\",\"url\":\"https:\/\/secure.gravatar.com\/avatar\/049821681b589dabc0bc20695993ccebb09f5b5d4d790cd9251b97faac7c652b?s=96&d=blank&r=g\",\"contentUrl\":\"https:\/\/secure.gravatar.com\/avatar\/049821681b589dabc0bc20695993ccebb09f5b5d4d790cd9251b97faac7c652b?s=96&d=blank&r=g\",\"caption\":\"enequipo\"},\"sameAs\":[\"https:\/\/www.facebook.com\/SonoraEE\"]}]}<\/script>\n ","yoast_head_json":{"title":"Sonora en Equipo. El talento m\u00e1s all\u00e1 del g\u00e9nero, la apuesta necesaria en las organizaciones. Rep\u00fablica","description":"CIUDAD DE M\u00c9XICO.\u2500 \u00a0La aceleraci\u00f3n de la transformaci\u00f3n digital derivada de la pandemia ha evidenciado la necesidad de cambiar paradigmas, de implementar En Sonora en Equipo publicamos toda la informaci\u00f3n de Sonora, M\u00e9xico y el Mundo de manera oportuna y busca que la libertad de expresi\u00f3n sea real. Visita nuestro medio informativo publicado desde Hermosillo, Sonora. %","robots":{"index":"index","follow":"follow","max-snippet":"max-snippet:-1","max-image-preview":"max-image-preview:large","max-video-preview":"max-video-preview:-1"},"canonical":"https:\/\/www.sonoraenequipo.com.mx\/el-talento-mas-alla-del-genero-la-apuesta-necesaria-en-las-organizaciones\/","og_locale":"es_ES","og_type":"article","og_title":"Sonora en Equipo. El talento m\u00e1s all\u00e1 del g\u00e9nero, la apuesta necesaria en las organizaciones. Rep\u00fablica","og_description":"CIUDAD DE M\u00c9XICO.\u2500 \u00a0La aceleraci\u00f3n de la transformaci\u00f3n digital derivada de la pandemia ha evidenciado la necesidad de cambiar paradigmas, de implementar En Sonora en Equipo publicamos toda la informaci\u00f3n de Sonora, M\u00e9xico y el Mundo de manera oportuna y busca que la libertad de expresi\u00f3n sea real. Visita nuestro medio informativo publicado desde Hermosillo, Sonora. %","og_url":"https:\/\/www.sonoraenequipo.com.mx\/el-talento-mas-alla-del-genero-la-apuesta-necesaria-en-las-organizaciones\/","og_site_name":"Sonora en Equipo.","article_publisher":"https:\/\/www.facebook.com\/SonoraEE\/","article_author":"https:\/\/www.facebook.com\/SonoraEE","article_published_time":"2021-03-17T21:32:53+00:00","article_modified_time":"2021-03-18T01:02:40+00:00","og_image":[{"width":500,"height":300,"url":"https:\/\/www.sonoraenequipo.com.mx\/storage\/2021\/03\/genero.jpg","type":"image\/jpeg"}],"author":"enequipo","twitter_card":"summary_large_image","twitter_creator":"@sonoraenequipo","twitter_site":"@sonoraenequipo","twitter_misc":{"Escrito por":"enequipo","Tiempo de lectura":"4 minutos"},"schema":{"@context":"https:\/\/schema.org","@graph":[{"@type":"Article","@id":"https:\/\/www.sonoraenequipo.com.mx\/el-talento-mas-alla-del-genero-la-apuesta-necesaria-en-las-organizaciones\/#article","isPartOf":{"@id":"https:\/\/www.sonoraenequipo.com.mx\/el-talento-mas-alla-del-genero-la-apuesta-necesaria-en-las-organizaciones\/"},"author":{"name":"enequipo","@id":"https:\/\/www.sonoraenequipo.com.mx\/#\/schema\/person\/50102df0fb23a8fa9e8effad8fa81386"},"headline":"El talento m\u00e1s all\u00e1 del g\u00e9nero, la apuesta necesaria en las organizaciones.","datePublished":"2021-03-17T21:32:53+00:00","dateModified":"2021-03-18T01:02:40+00:00","mainEntityOfPage":{"@id":"https:\/\/www.sonoraenequipo.com.mx\/el-talento-mas-alla-del-genero-la-apuesta-necesaria-en-las-organizaciones\/"},"wordCount":849,"commentCount":0,"publisher":{"@id":"https:\/\/www.sonoraenequipo.com.mx\/#organization"},"image":{"@id":"https:\/\/www.sonoraenequipo.com.mx\/el-talento-mas-alla-del-genero-la-apuesta-necesaria-en-las-organizaciones\/#primaryimage"},"thumbnailUrl":"https:\/\/www.sonoraenequipo.com.mx\/storage\/2021\/03\/genero.jpg","keywords":["genero igualdad"],"articleSection":["Rep\u00fablica"],"inLanguage":"es","potentialAction":[{"@type":"CommentAction","name":"Comment","target":["https:\/\/www.sonoraenequipo.com.mx\/el-talento-mas-alla-del-genero-la-apuesta-necesaria-en-las-organizaciones\/#respond"]}]},{"@type":"WebPage","@id":"https:\/\/www.sonoraenequipo.com.mx\/el-talento-mas-alla-del-genero-la-apuesta-necesaria-en-las-organizaciones\/","url":"https:\/\/www.sonoraenequipo.com.mx\/el-talento-mas-alla-del-genero-la-apuesta-necesaria-en-las-organizaciones\/","name":"Sonora en Equipo. El talento m\u00e1s all\u00e1 del g\u00e9nero, la apuesta necesaria en las organizaciones. Rep\u00fablica","isPartOf":{"@id":"https:\/\/www.sonoraenequipo.com.mx\/#website"},"primaryImageOfPage":{"@id":"https:\/\/www.sonoraenequipo.com.mx\/el-talento-mas-alla-del-genero-la-apuesta-necesaria-en-las-organizaciones\/#primaryimage"},"image":{"@id":"https:\/\/www.sonoraenequipo.com.mx\/el-talento-mas-alla-del-genero-la-apuesta-necesaria-en-las-organizaciones\/#primaryimage"},"thumbnailUrl":"https:\/\/www.sonoraenequipo.com.mx\/storage\/2021\/03\/genero.jpg","datePublished":"2021-03-17T21:32:53+00:00","dateModified":"2021-03-18T01:02:40+00:00","description":"CIUDAD DE M\u00c9XICO.\u2500 \u00a0La aceleraci\u00f3n de la transformaci\u00f3n digital derivada de la pandemia ha evidenciado la necesidad de cambiar paradigmas, de implementar En Sonora en Equipo publicamos toda la informaci\u00f3n de Sonora, M\u00e9xico y el Mundo de manera oportuna y busca que la libertad de expresi\u00f3n sea real. Visita nuestro medio informativo publicado desde Hermosillo, Sonora. %","breadcrumb":{"@id":"https:\/\/www.sonoraenequipo.com.mx\/el-talento-mas-alla-del-genero-la-apuesta-necesaria-en-las-organizaciones\/#breadcrumb"},"inLanguage":"es","potentialAction":[{"@type":"ReadAction","target":["https:\/\/www.sonoraenequipo.com.mx\/el-talento-mas-alla-del-genero-la-apuesta-necesaria-en-las-organizaciones\/"]}]},{"@type":"ImageObject","inLanguage":"es","@id":"https:\/\/www.sonoraenequipo.com.mx\/el-talento-mas-alla-del-genero-la-apuesta-necesaria-en-las-organizaciones\/#primaryimage","url":"https:\/\/www.sonoraenequipo.com.mx\/storage\/2021\/03\/genero.jpg","contentUrl":"https:\/\/www.sonoraenequipo.com.mx\/storage\/2021\/03\/genero.jpg","width":500,"height":300},{"@type":"BreadcrumbList","@id":"https:\/\/www.sonoraenequipo.com.mx\/el-talento-mas-alla-del-genero-la-apuesta-necesaria-en-las-organizaciones\/#breadcrumb","itemListElement":[{"@type":"ListItem","position":1,"name":"Portada","item":"https:\/\/www.sonoraenequipo.com.mx\/"},{"@type":"ListItem","position":2,"name":"El talento m\u00e1s all\u00e1 del g\u00e9nero, la apuesta necesaria en las organizaciones."}]},{"@type":"WebSite","@id":"https:\/\/www.sonoraenequipo.com.mx\/#website","url":"https:\/\/www.sonoraenequipo.com.mx\/","name":"Sonora en Equipo.","description":"Diario en l\u00ednea con Noticias desde Hermosillo, Sonora","publisher":{"@id":"https:\/\/www.sonoraenequipo.com.mx\/#organization"},"potentialAction":[{"@type":"SearchAction","target":{"@type":"EntryPoint","urlTemplate":"https:\/\/www.sonoraenequipo.com.mx\/?s={search_term_string}"},"query-input":{"@type":"PropertyValueSpecification","valueRequired":true,"valueName":"search_term_string"}}],"inLanguage":"es"},{"@type":"Organization","@id":"https:\/\/www.sonoraenequipo.com.mx\/#organization","name":"Sonoraenequipo.com.mx","url":"https:\/\/www.sonoraenequipo.com.mx\/","logo":{"@type":"ImageObject","inLanguage":"es","@id":"https:\/\/www.sonoraenequipo.com.mx\/#\/schema\/logo\/image\/","url":"https:\/\/www.sonoraenequipo.com.mx\/storage\/2019\/01\/sonoraenequipo_opt.png","contentUrl":"https:\/\/www.sonoraenequipo.com.mx\/storage\/2019\/01\/sonoraenequipo_opt.png","width":375,"height":125,"caption":"Sonoraenequipo.com.mx"},"image":{"@id":"https:\/\/www.sonoraenequipo.com.mx\/#\/schema\/logo\/image\/"},"sameAs":["https:\/\/www.facebook.com\/SonoraEE\/","https:\/\/x.com\/sonoraenequipo","https:\/\/www.youtube.com\/channel\/UC338nW-lPEYmJQs4ZABQ1SQ"]},{"@type":"Person","@id":"https:\/\/www.sonoraenequipo.com.mx\/#\/schema\/person\/50102df0fb23a8fa9e8effad8fa81386","name":"enequipo","image":{"@type":"ImageObject","inLanguage":"es","@id":"https:\/\/www.sonoraenequipo.com.mx\/#\/schema\/person\/image\/","url":"https:\/\/secure.gravatar.com\/avatar\/049821681b589dabc0bc20695993ccebb09f5b5d4d790cd9251b97faac7c652b?s=96&d=blank&r=g","contentUrl":"https:\/\/secure.gravatar.com\/avatar\/049821681b589dabc0bc20695993ccebb09f5b5d4d790cd9251b97faac7c652b?s=96&d=blank&r=g","caption":"enequipo"},"sameAs":["https:\/\/www.facebook.com\/SonoraEE"]}]}},"jetpack_featured_media_url":"https:\/\/www.sonoraenequipo.com.mx\/storage\/2021\/03\/genero.jpg","_links":{"self":[{"href":"https:\/\/www.sonoraenequipo.com.mx\/api\/wp\/v2\/posts\/109391","targetHints":{"allow":["GET"]}}],"collection":[{"href":"https:\/\/www.sonoraenequipo.com.mx\/api\/wp\/v2\/posts"}],"about":[{"href":"https:\/\/www.sonoraenequipo.com.mx\/api\/wp\/v2\/types\/post"}],"author":[{"embeddable":true,"href":"https:\/\/www.sonoraenequipo.com.mx\/api\/wp\/v2\/users\/1"}],"replies":[{"embeddable":true,"href":"https:\/\/www.sonoraenequipo.com.mx\/api\/wp\/v2\/comments?post=109391"}],"version-history":[{"count":1,"href":"https:\/\/www.sonoraenequipo.com.mx\/api\/wp\/v2\/posts\/109391\/revisions"}],"predecessor-version":[{"id":109393,"href":"https:\/\/www.sonoraenequipo.com.mx\/api\/wp\/v2\/posts\/109391\/revisions\/109393"}],"wp:featuredmedia":[{"embeddable":true,"href":"https:\/\/www.sonoraenequipo.com.mx\/api\/wp\/v2\/media\/109392"}],"wp:attachment":[{"href":"https:\/\/www.sonoraenequipo.com.mx\/api\/wp\/v2\/media?parent=109391"}],"wp:term":[{"taxonomy":"category","embeddable":true,"href":"https:\/\/www.sonoraenequipo.com.mx\/api\/wp\/v2\/categories?post=109391"},{"taxonomy":"post_tag","embeddable":true,"href":"https:\/\/www.sonoraenequipo.com.mx\/api\/wp\/v2\/tags?post=109391"}],"curies":[{"name":"wp","href":"https:\/\/api.w.org\/{rel}","templated":true}]}}