{"id":109517,"date":"2021-03-18T17:35:09","date_gmt":"2021-03-19T00:35:09","guid":{"rendered":"https:\/\/www.sonoraenequipo.com.mx\/?p=109517"},"modified":"2021-03-18T17:35:09","modified_gmt":"2021-03-19T00:35:09","slug":"six-flags-magic-mountain-sera-el-primer-parque-tematico-en-reabrir-este-1-de-abril-en-sur-de-california","status":"publish","type":"post","link":"https:\/\/www.sonoraenequipo.com.mx\/six-flags-magic-mountain-sera-el-primer-parque-tematico-en-reabrir-este-1-de-abril-en-sur-de-california\/","title":{"rendered":"Six Flags Magic Mountain ser\u00e1 el primer parque tem\u00e1tico en reabrir este 1 de Abril en Sur de California"},"content":{"rendered":"<p>ESTADOS UNIDOS. Six Flags Magic Mountain no perder\u00e1 tiempo cuando vuelva a abrir el primer d\u00eda que los parques tem\u00e1ticos de California puedan reanudar sus operaciones completas despu\u00e9s de m\u00e1s de un a\u00f1o de cierres a causa del coronavirus.<\/p>\n<p>&nbsp;<\/p>\n<p> <\/p>\n<p>&nbsp;<\/p>\n<p>Magic Mountain reabrir\u00e1 para los titulares de pases de temporada y los miembros el 1 y 2 de abril antes de abrir las puertas al p\u00fablico en general el 3 de abril, seg\u00fan los funcionarios del parque.<\/p>\n<p>&nbsp;<\/p>\n<p><em>\u201cSix Flags Magic Mountain es la capital mundial de la emoci\u00f3n indiscutible y estamos emocionados de que nuestro parque abra y nuestra colecci\u00f3n de monta\u00f1as rusas de clase mundial vuelva a funcionar\u201d,<\/em> dijo el presidente de Magic Mountain, Don McCoy, en un comunicado.<\/p>\n<p>&nbsp;<\/p>\n<p><em>\u201cNuestro equipo est\u00e1 ansioso por regresar al trabajo y entretener a nuestros invitados en un ambiente seguro, brindando la diversi\u00f3n y el escape que tanto necesitamos todos los que nos hemos perdido el a\u00f1o pasado\u201d,<\/em> agreg\u00f3.<\/p>\n<p>&nbsp;<\/p>\n<p>El parque hermano de Six Flags Discovery Kingdom en Vallejo seguir\u00e1 un libro de jugadas similar: reabrir\u00e1 para los miembros el 1 de abril, los titulares de pases de temporada y los miembros el 2 de abril y el p\u00fablico en general el 3 de abril.<\/p>\n<p>&nbsp;<\/p>\n<p>Los parques tem\u00e1ticos de California han estado cerrados desde marzo de 2020 bajo las pautas de reapertura de salud y seguridad COVID-19 emitidas por el estado.<\/p>\n<p>&nbsp;<\/p>\n<p>Los parques tem\u00e1ticos de California pueden reabrir el 1 de abril siempre que los condados en los que residen alcancen el estado de riesgo rojo \/ sustancial de nivel 2 del Plan actualizado para una econom\u00eda m\u00e1s segura del gobernador Gavin Newsom.<\/p>\n<p>&nbsp;<\/p>\n<p>Los condados de Los \u00c1ngeles y Solano, hogar de Magic Mountain y Discovery Kingdom, respectivamente, han alcanzado el nivel rojo.<\/p>\n<p>&nbsp;<\/p>\n<p>A partir del 1 de abril, los parques tem\u00e1ticos de California pueden reabrir con un 15% de capacidad de asistencia en el nivel 2 rojo \/ sustancial, un 25% de capacidad en el nivel 3 naranja \/ moderado y un 35% de capacidad en el nivel 4 amarillo \/ m\u00ednimo menos restrictivo.<\/p>\n<h3>\nM\u00e1s r\u00e1pido que otros<\/h3>\n<p>&nbsp;<\/p>\n<p>Magic Mountain y Discovery Kingdom aprovecharon la oportunidad de reabrir lo antes posible seg\u00fan las pautas estatales revisadas. Los rivales de Six Flags se han movido a un ritmo mucho m\u00e1s lento.<\/p>\n<p>&nbsp;<\/p>\n<p>Disneyland y Disney California Adventure en Anaheim reabrir\u00e1n el 30 de abril, un mes despu\u00e9s de que se levanten las restricciones.<\/p>\n<p>&nbsp;<\/p>\n<p>Knott\u2019s Berry Farm en Buena Park esperar\u00e1 a\u00fan m\u00e1s, anunciando planes para regresar a operaciones completas en mayo sin especificar una fecha. Universal Studios Hollywood, Legoland California y SeaWorld San Diego a\u00fan no han anunciado una fecha ni un plazo de reapertura.<\/p>\n<p>&nbsp;<\/p>\n<p>El rival de Discovery Kingdom en el \u00c1rea de la Bah\u00eda, California\u2019s Great America, fue el primer parque en el estado en establecer una fecha de reapertura, pero eso no ser\u00e1 hasta el 22 de mayo.<\/p>\n<p>&nbsp;<\/p>\n<p>El parque Six Flags en Vallejo ha sido reabierto parcialmente desde julio sin monta\u00f1as rusas ni atracciones emocionantes debajo. las pautas de salud y seguridad COVID-19 para zool\u00f3gicos y acuarios del estado.<\/p>\n<p>&nbsp;<\/p>\n<p>Muchos parques tem\u00e1ticos de California celebraron festivales gastron\u00f3micos y eventos especiales sin atracciones o espect\u00e1culos durante los cierres de la pandemia, lo que provoc\u00f3 algunas de las demoras en la reapertura.<\/p>\n<p>&nbsp;<\/p>\n<p>Magic Mountain llev\u00f3 a cabo una serie de eventos drive-thru mientras Discovery Kingdom organiz\u00f3 una feria Renaissance.<\/p>\n<p>&nbsp;<\/p>\n<p>Magic Mountain no se ver\u00e1 afectado por la limitaci\u00f3n de capacidad de viaje en sus atracciones del 15% exigida por el estado que se coloca en las atracciones interiores. Pr\u00e1cticamente todas las atracciones del parque son al aire libre.<\/p>\n<p>&nbsp;<\/p>\n<p>(Publicada el 18\/03\/2021)<\/p>\n","protected":false},"excerpt":{"rendered":"<p>ESTADOS UNIDOS. Six Flags Magic Mountain no perder\u00e1 tiempo cuando vuelva a abrir el primer&#8230;<\/p>\n","protected":false},"author":1,"featured_media":109511,"comment_status":"open","ping_status":"open","sticky":false,"template":"","format":"standard","meta":{"_monsterinsights_skip_tracking":false,"_monsterinsights_sitenote_active":false,"_monsterinsights_sitenote_note":"","_monsterinsights_sitenote_category":0,"footnotes":""},"categories":[3],"tags":[],"class_list":["post"],"yoast_head":" \n<title>Sonora en Equipo. Six Flags Magic Mountain ser\u00e1 el primer parque tem\u00e1tico en reabrir este 1 de Abril en Sur de California MUNDO<\/title>\n<meta name=\"description\" content=\"ESTADOS UNIDOS. Six Flags Magic Mountain no perder\u00e1 tiempo cuando vuelva a abrir el primer d\u00eda que los parques tem\u00e1ticos de California puedan reanudar sus En Sonora en Equipo publicamos toda la informaci\u00f3n de Sonora, M\u00e9xico y el Mundo de manera oportuna y busca que la libertad de expresi\u00f3n sea real. Visita nuestro medio informativo publicado desde Hermosillo, Sonora. %\" \/>\n<meta name=\"robots\" content=\"index, follow, max-snippet:-1, max-image-preview:large, max-video-preview:-1\" \/>\n<link rel=\"canonical\" href=\"https:\/\/www.sonoraenequipo.com.mx\/six-flags-magic-mountain-sera-el-primer-parque-tematico-en-reabrir-este-1-de-abril-en-sur-de-california\/\" \/>\n<meta property=\"og:locale\" content=\"es_ES\" \/>\n<meta property=\"og:type\" content=\"article\" \/>\n<meta property=\"og:title\" content=\"Sonora en Equipo. Six Flags Magic Mountain ser\u00e1 el primer parque tem\u00e1tico en reabrir este 1 de Abril en Sur de California MUNDO\" \/>\n<meta property=\"og:description\" content=\"ESTADOS UNIDOS. Six Flags Magic Mountain no perder\u00e1 tiempo cuando vuelva a abrir el primer d\u00eda que los parques tem\u00e1ticos de California puedan reanudar sus En Sonora en Equipo publicamos toda la informaci\u00f3n de Sonora, M\u00e9xico y el Mundo de manera oportuna y busca que la libertad de expresi\u00f3n sea real. Visita nuestro medio informativo publicado desde Hermosillo, Sonora. %\" \/>\n<meta property=\"og:url\" content=\"https:\/\/www.sonoraenequipo.com.mx\/six-flags-magic-mountain-sera-el-primer-parque-tematico-en-reabrir-este-1-de-abril-en-sur-de-california\/\" \/>\n<meta property=\"og:site_name\" content=\"Sonora en Equipo.\" \/>\n<meta property=\"article:publisher\" content=\"https:\/\/www.facebook.com\/SonoraEE\/\" \/>\n<meta property=\"article:author\" content=\"https:\/\/www.facebook.com\/SonoraEE\" \/>\n<meta property=\"article:published_time\" content=\"2021-03-19T00:35:09+00:00\" \/>\n<meta property=\"og:image\" content=\"https:\/\/www.sonoraenequipo.com.mx\/storage\/2021\/03\/sixFlasMagicMountain_opt.jpg\" \/>\n\t<meta property=\"og:image:width\" content=\"889\" \/>\n\t<meta property=\"og:image:height\" content=\"500\" \/>\n\t<meta property=\"og:image:type\" content=\"image\/jpeg\" \/>\n<meta name=\"author\" content=\"enequipo\" \/>\n<meta name=\"twitter:card\" content=\"summary_large_image\" \/>\n<meta name=\"twitter:creator\" content=\"@sonoraenequipo\" \/>\n<meta name=\"twitter:site\" content=\"@sonoraenequipo\" \/>\n<meta name=\"twitter:label1\" content=\"Escrito por\" \/>\n\t<meta name=\"twitter:data1\" content=\"enequipo\" \/>\n\t<meta name=\"twitter:label2\" content=\"Tiempo de lectura\" \/>\n\t<meta name=\"twitter:data2\" content=\"3 minutos\" \/>\n<script type=\"application\/ld+json\" class=\"yoast-schema-graph\">{\"@context\":\"https:\/\/schema.org\",\"@graph\":[{\"@type\":\"Article\",\"@id\":\"https:\/\/www.sonoraenequipo.com.mx\/six-flags-magic-mountain-sera-el-primer-parque-tematico-en-reabrir-este-1-de-abril-en-sur-de-california\/#article\",\"isPartOf\":{\"@id\":\"https:\/\/www.sonoraenequipo.com.mx\/six-flags-magic-mountain-sera-el-primer-parque-tematico-en-reabrir-este-1-de-abril-en-sur-de-california\/\"},\"author\":{\"name\":\"enequipo\",\"@id\":\"https:\/\/www.sonoraenequipo.com.mx\/#\/schema\/person\/50102df0fb23a8fa9e8effad8fa81386\"},\"headline\":\"Six Flags Magic Mountain ser\u00e1 el primer parque tem\u00e1tico en reabrir este 1 de Abril en Sur de California\",\"datePublished\":\"2021-03-19T00:35:09+00:00\",\"mainEntityOfPage\":{\"@id\":\"https:\/\/www.sonoraenequipo.com.mx\/six-flags-magic-mountain-sera-el-primer-parque-tematico-en-reabrir-este-1-de-abril-en-sur-de-california\/\"},\"wordCount\":649,\"commentCount\":0,\"publisher\":{\"@id\":\"https:\/\/www.sonoraenequipo.com.mx\/#organization\"},\"image\":{\"@id\":\"https:\/\/www.sonoraenequipo.com.mx\/six-flags-magic-mountain-sera-el-primer-parque-tematico-en-reabrir-este-1-de-abril-en-sur-de-california\/#primaryimage\"},\"thumbnailUrl\":\"https:\/\/www.sonoraenequipo.com.mx\/storage\/2021\/03\/sixFlasMagicMountain_opt.jpg\",\"articleSection\":[\"MUNDO\"],\"inLanguage\":\"es\",\"potentialAction\":[{\"@type\":\"CommentAction\",\"name\":\"Comment\",\"target\":[\"https:\/\/www.sonoraenequipo.com.mx\/six-flags-magic-mountain-sera-el-primer-parque-tematico-en-reabrir-este-1-de-abril-en-sur-de-california\/#respond\"]}]},{\"@type\":\"WebPage\",\"@id\":\"https:\/\/www.sonoraenequipo.com.mx\/six-flags-magic-mountain-sera-el-primer-parque-tematico-en-reabrir-este-1-de-abril-en-sur-de-california\/\",\"url\":\"https:\/\/www.sonoraenequipo.com.mx\/six-flags-magic-mountain-sera-el-primer-parque-tematico-en-reabrir-este-1-de-abril-en-sur-de-california\/\",\"name\":\"Sonora en Equipo. Six Flags Magic Mountain ser\u00e1 el primer parque tem\u00e1tico en reabrir este 1 de Abril en Sur de California MUNDO\",\"isPartOf\":{\"@id\":\"https:\/\/www.sonoraenequipo.com.mx\/#website\"},\"primaryImageOfPage\":{\"@id\":\"https:\/\/www.sonoraenequipo.com.mx\/six-flags-magic-mountain-sera-el-primer-parque-tematico-en-reabrir-este-1-de-abril-en-sur-de-california\/#primaryimage\"},\"image\":{\"@id\":\"https:\/\/www.sonoraenequipo.com.mx\/six-flags-magic-mountain-sera-el-primer-parque-tematico-en-reabrir-este-1-de-abril-en-sur-de-california\/#primaryimage\"},\"thumbnailUrl\":\"https:\/\/www.sonoraenequipo.com.mx\/storage\/2021\/03\/sixFlasMagicMountain_opt.jpg\",\"datePublished\":\"2021-03-19T00:35:09+00:00\",\"description\":\"ESTADOS UNIDOS. Six Flags Magic Mountain no perder\u00e1 tiempo cuando vuelva a abrir el primer d\u00eda que los parques tem\u00e1ticos de California puedan reanudar sus En Sonora en Equipo publicamos toda la informaci\u00f3n de Sonora, M\u00e9xico y el Mundo de manera oportuna y busca que la libertad de expresi\u00f3n sea real. Visita nuestro medio informativo publicado desde Hermosillo, Sonora. %\",\"breadcrumb\":{\"@id\":\"https:\/\/www.sonoraenequipo.com.mx\/six-flags-magic-mountain-sera-el-primer-parque-tematico-en-reabrir-este-1-de-abril-en-sur-de-california\/#breadcrumb\"},\"inLanguage\":\"es\",\"potentialAction\":[{\"@type\":\"ReadAction\",\"target\":[\"https:\/\/www.sonoraenequipo.com.mx\/six-flags-magic-mountain-sera-el-primer-parque-tematico-en-reabrir-este-1-de-abril-en-sur-de-california\/\"]}]},{\"@type\":\"ImageObject\",\"inLanguage\":\"es\",\"@id\":\"https:\/\/www.sonoraenequipo.com.mx\/six-flags-magic-mountain-sera-el-primer-parque-tematico-en-reabrir-este-1-de-abril-en-sur-de-california\/#primaryimage\",\"url\":\"https:\/\/www.sonoraenequipo.com.mx\/storage\/2021\/03\/sixFlasMagicMountain_opt.jpg\",\"contentUrl\":\"https:\/\/www.sonoraenequipo.com.mx\/storage\/2021\/03\/sixFlasMagicMountain_opt.jpg\",\"width\":889,\"height\":500},{\"@type\":\"BreadcrumbList\",\"@id\":\"https:\/\/www.sonoraenequipo.com.mx\/six-flags-magic-mountain-sera-el-primer-parque-tematico-en-reabrir-este-1-de-abril-en-sur-de-california\/#breadcrumb\",\"itemListElement\":[{\"@type\":\"ListItem\",\"position\":1,\"name\":\"Portada\",\"item\":\"https:\/\/www.sonoraenequipo.com.mx\/\"},{\"@type\":\"ListItem\",\"position\":2,\"name\":\"Six Flags Magic Mountain ser\u00e1 el primer parque tem\u00e1tico en reabrir este 1 de Abril en Sur de California\"}]},{\"@type\":\"WebSite\",\"@id\":\"https:\/\/www.sonoraenequipo.com.mx\/#website\",\"url\":\"https:\/\/www.sonoraenequipo.com.mx\/\",\"name\":\"Sonora en Equipo.\",\"description\":\"Diario en l\u00ednea con Noticias desde Hermosillo, Sonora\",\"publisher\":{\"@id\":\"https:\/\/www.sonoraenequipo.com.mx\/#organization\"},\"potentialAction\":[{\"@type\":\"SearchAction\",\"target\":{\"@type\":\"EntryPoint\",\"urlTemplate\":\"https:\/\/www.sonoraenequipo.com.mx\/?s={search_term_string}\"},\"query-input\":{\"@type\":\"PropertyValueSpecification\",\"valueRequired\":true,\"valueName\":\"search_term_string\"}}],\"inLanguage\":\"es\"},{\"@type\":\"Organization\",\"@id\":\"https:\/\/www.sonoraenequipo.com.mx\/#organization\",\"name\":\"Sonoraenequipo.com.mx\",\"url\":\"https:\/\/www.sonoraenequipo.com.mx\/\",\"logo\":{\"@type\":\"ImageObject\",\"inLanguage\":\"es\",\"@id\":\"https:\/\/www.sonoraenequipo.com.mx\/#\/schema\/logo\/image\/\",\"url\":\"https:\/\/www.sonoraenequipo.com.mx\/storage\/2019\/01\/sonoraenequipo_opt.png\",\"contentUrl\":\"https:\/\/www.sonoraenequipo.com.mx\/storage\/2019\/01\/sonoraenequipo_opt.png\",\"width\":375,\"height\":125,\"caption\":\"Sonoraenequipo.com.mx\"},\"image\":{\"@id\":\"https:\/\/www.sonoraenequipo.com.mx\/#\/schema\/logo\/image\/\"},\"sameAs\":[\"https:\/\/www.facebook.com\/SonoraEE\/\",\"https:\/\/x.com\/sonoraenequipo\",\"https:\/\/www.youtube.com\/channel\/UC338nW-lPEYmJQs4ZABQ1SQ\"]},{\"@type\":\"Person\",\"@id\":\"https:\/\/www.sonoraenequipo.com.mx\/#\/schema\/person\/50102df0fb23a8fa9e8effad8fa81386\",\"name\":\"enequipo\",\"image\":{\"@type\":\"ImageObject\",\"inLanguage\":\"es\",\"@id\":\"https:\/\/www.sonoraenequipo.com.mx\/#\/schema\/person\/image\/\",\"url\":\"https:\/\/secure.gravatar.com\/avatar\/049821681b589dabc0bc20695993ccebb09f5b5d4d790cd9251b97faac7c652b?s=96&d=blank&r=g\",\"contentUrl\":\"https:\/\/secure.gravatar.com\/avatar\/049821681b589dabc0bc20695993ccebb09f5b5d4d790cd9251b97faac7c652b?s=96&d=blank&r=g\",\"caption\":\"enequipo\"},\"sameAs\":[\"https:\/\/www.facebook.com\/SonoraEE\"]}]}<\/script>\n ","yoast_head_json":{"title":"Sonora en Equipo. Six Flags Magic Mountain ser\u00e1 el primer parque tem\u00e1tico en reabrir este 1 de Abril en Sur de California MUNDO","description":"ESTADOS UNIDOS. Six Flags Magic Mountain no perder\u00e1 tiempo cuando vuelva a abrir el primer d\u00eda que los parques tem\u00e1ticos de California puedan reanudar sus En Sonora en Equipo publicamos toda la informaci\u00f3n de Sonora, M\u00e9xico y el Mundo de manera oportuna y busca que la libertad de expresi\u00f3n sea real. Visita nuestro medio informativo publicado desde Hermosillo, Sonora. %","robots":{"index":"index","follow":"follow","max-snippet":"max-snippet:-1","max-image-preview":"max-image-preview:large","max-video-preview":"max-video-preview:-1"},"canonical":"https:\/\/www.sonoraenequipo.com.mx\/six-flags-magic-mountain-sera-el-primer-parque-tematico-en-reabrir-este-1-de-abril-en-sur-de-california\/","og_locale":"es_ES","og_type":"article","og_title":"Sonora en Equipo. Six Flags Magic Mountain ser\u00e1 el primer parque tem\u00e1tico en reabrir este 1 de Abril en Sur de California MUNDO","og_description":"ESTADOS UNIDOS. Six Flags Magic Mountain no perder\u00e1 tiempo cuando vuelva a abrir el primer d\u00eda que los parques tem\u00e1ticos de California puedan reanudar sus En Sonora en Equipo publicamos toda la informaci\u00f3n de Sonora, M\u00e9xico y el Mundo de manera oportuna y busca que la libertad de expresi\u00f3n sea real. Visita nuestro medio informativo publicado desde Hermosillo, Sonora. %","og_url":"https:\/\/www.sonoraenequipo.com.mx\/six-flags-magic-mountain-sera-el-primer-parque-tematico-en-reabrir-este-1-de-abril-en-sur-de-california\/","og_site_name":"Sonora en Equipo.","article_publisher":"https:\/\/www.facebook.com\/SonoraEE\/","article_author":"https:\/\/www.facebook.com\/SonoraEE","article_published_time":"2021-03-19T00:35:09+00:00","og_image":[{"width":889,"height":500,"url":"https:\/\/www.sonoraenequipo.com.mx\/storage\/2021\/03\/sixFlasMagicMountain_opt.jpg","type":"image\/jpeg"}],"author":"enequipo","twitter_card":"summary_large_image","twitter_creator":"@sonoraenequipo","twitter_site":"@sonoraenequipo","twitter_misc":{"Escrito por":"enequipo","Tiempo de lectura":"3 minutos"},"schema":{"@context":"https:\/\/schema.org","@graph":[{"@type":"Article","@id":"https:\/\/www.sonoraenequipo.com.mx\/six-flags-magic-mountain-sera-el-primer-parque-tematico-en-reabrir-este-1-de-abril-en-sur-de-california\/#article","isPartOf":{"@id":"https:\/\/www.sonoraenequipo.com.mx\/six-flags-magic-mountain-sera-el-primer-parque-tematico-en-reabrir-este-1-de-abril-en-sur-de-california\/"},"author":{"name":"enequipo","@id":"https:\/\/www.sonoraenequipo.com.mx\/#\/schema\/person\/50102df0fb23a8fa9e8effad8fa81386"},"headline":"Six Flags Magic Mountain ser\u00e1 el primer parque tem\u00e1tico en reabrir este 1 de Abril en Sur de California","datePublished":"2021-03-19T00:35:09+00:00","mainEntityOfPage":{"@id":"https:\/\/www.sonoraenequipo.com.mx\/six-flags-magic-mountain-sera-el-primer-parque-tematico-en-reabrir-este-1-de-abril-en-sur-de-california\/"},"wordCount":649,"commentCount":0,"publisher":{"@id":"https:\/\/www.sonoraenequipo.com.mx\/#organization"},"image":{"@id":"https:\/\/www.sonoraenequipo.com.mx\/six-flags-magic-mountain-sera-el-primer-parque-tematico-en-reabrir-este-1-de-abril-en-sur-de-california\/#primaryimage"},"thumbnailUrl":"https:\/\/www.sonoraenequipo.com.mx\/storage\/2021\/03\/sixFlasMagicMountain_opt.jpg","articleSection":["MUNDO"],"inLanguage":"es","potentialAction":[{"@type":"CommentAction","name":"Comment","target":["https:\/\/www.sonoraenequipo.com.mx\/six-flags-magic-mountain-sera-el-primer-parque-tematico-en-reabrir-este-1-de-abril-en-sur-de-california\/#respond"]}]},{"@type":"WebPage","@id":"https:\/\/www.sonoraenequipo.com.mx\/six-flags-magic-mountain-sera-el-primer-parque-tematico-en-reabrir-este-1-de-abril-en-sur-de-california\/","url":"https:\/\/www.sonoraenequipo.com.mx\/six-flags-magic-mountain-sera-el-primer-parque-tematico-en-reabrir-este-1-de-abril-en-sur-de-california\/","name":"Sonora en Equipo. Six Flags Magic Mountain ser\u00e1 el primer parque tem\u00e1tico en reabrir este 1 de Abril en Sur de California MUNDO","isPartOf":{"@id":"https:\/\/www.sonoraenequipo.com.mx\/#website"},"primaryImageOfPage":{"@id":"https:\/\/www.sonoraenequipo.com.mx\/six-flags-magic-mountain-sera-el-primer-parque-tematico-en-reabrir-este-1-de-abril-en-sur-de-california\/#primaryimage"},"image":{"@id":"https:\/\/www.sonoraenequipo.com.mx\/six-flags-magic-mountain-sera-el-primer-parque-tematico-en-reabrir-este-1-de-abril-en-sur-de-california\/#primaryimage"},"thumbnailUrl":"https:\/\/www.sonoraenequipo.com.mx\/storage\/2021\/03\/sixFlasMagicMountain_opt.jpg","datePublished":"2021-03-19T00:35:09+00:00","description":"ESTADOS UNIDOS. Six Flags Magic Mountain no perder\u00e1 tiempo cuando vuelva a abrir el primer d\u00eda que los parques tem\u00e1ticos de California puedan reanudar sus En Sonora en Equipo publicamos toda la informaci\u00f3n de Sonora, M\u00e9xico y el Mundo de manera oportuna y busca que la libertad de expresi\u00f3n sea real. Visita nuestro medio informativo publicado desde Hermosillo, Sonora. %","breadcrumb":{"@id":"https:\/\/www.sonoraenequipo.com.mx\/six-flags-magic-mountain-sera-el-primer-parque-tematico-en-reabrir-este-1-de-abril-en-sur-de-california\/#breadcrumb"},"inLanguage":"es","potentialAction":[{"@type":"ReadAction","target":["https:\/\/www.sonoraenequipo.com.mx\/six-flags-magic-mountain-sera-el-primer-parque-tematico-en-reabrir-este-1-de-abril-en-sur-de-california\/"]}]},{"@type":"ImageObject","inLanguage":"es","@id":"https:\/\/www.sonoraenequipo.com.mx\/six-flags-magic-mountain-sera-el-primer-parque-tematico-en-reabrir-este-1-de-abril-en-sur-de-california\/#primaryimage","url":"https:\/\/www.sonoraenequipo.com.mx\/storage\/2021\/03\/sixFlasMagicMountain_opt.jpg","contentUrl":"https:\/\/www.sonoraenequipo.com.mx\/storage\/2021\/03\/sixFlasMagicMountain_opt.jpg","width":889,"height":500},{"@type":"BreadcrumbList","@id":"https:\/\/www.sonoraenequipo.com.mx\/six-flags-magic-mountain-sera-el-primer-parque-tematico-en-reabrir-este-1-de-abril-en-sur-de-california\/#breadcrumb","itemListElement":[{"@type":"ListItem","position":1,"name":"Portada","item":"https:\/\/www.sonoraenequipo.com.mx\/"},{"@type":"ListItem","position":2,"name":"Six Flags Magic Mountain ser\u00e1 el primer parque tem\u00e1tico en reabrir este 1 de Abril en Sur de California"}]},{"@type":"WebSite","@id":"https:\/\/www.sonoraenequipo.com.mx\/#website","url":"https:\/\/www.sonoraenequipo.com.mx\/","name":"Sonora en Equipo.","description":"Diario en l\u00ednea con Noticias desde Hermosillo, Sonora","publisher":{"@id":"https:\/\/www.sonoraenequipo.com.mx\/#organization"},"potentialAction":[{"@type":"SearchAction","target":{"@type":"EntryPoint","urlTemplate":"https:\/\/www.sonoraenequipo.com.mx\/?s={search_term_string}"},"query-input":{"@type":"PropertyValueSpecification","valueRequired":true,"valueName":"search_term_string"}}],"inLanguage":"es"},{"@type":"Organization","@id":"https:\/\/www.sonoraenequipo.com.mx\/#organization","name":"Sonoraenequipo.com.mx","url":"https:\/\/www.sonoraenequipo.com.mx\/","logo":{"@type":"ImageObject","inLanguage":"es","@id":"https:\/\/www.sonoraenequipo.com.mx\/#\/schema\/logo\/image\/","url":"https:\/\/www.sonoraenequipo.com.mx\/storage\/2019\/01\/sonoraenequipo_opt.png","contentUrl":"https:\/\/www.sonoraenequipo.com.mx\/storage\/2019\/01\/sonoraenequipo_opt.png","width":375,"height":125,"caption":"Sonoraenequipo.com.mx"},"image":{"@id":"https:\/\/www.sonoraenequipo.com.mx\/#\/schema\/logo\/image\/"},"sameAs":["https:\/\/www.facebook.com\/SonoraEE\/","https:\/\/x.com\/sonoraenequipo","https:\/\/www.youtube.com\/channel\/UC338nW-lPEYmJQs4ZABQ1SQ"]},{"@type":"Person","@id":"https:\/\/www.sonoraenequipo.com.mx\/#\/schema\/person\/50102df0fb23a8fa9e8effad8fa81386","name":"enequipo","image":{"@type":"ImageObject","inLanguage":"es","@id":"https:\/\/www.sonoraenequipo.com.mx\/#\/schema\/person\/image\/","url":"https:\/\/secure.gravatar.com\/avatar\/049821681b589dabc0bc20695993ccebb09f5b5d4d790cd9251b97faac7c652b?s=96&d=blank&r=g","contentUrl":"https:\/\/secure.gravatar.com\/avatar\/049821681b589dabc0bc20695993ccebb09f5b5d4d790cd9251b97faac7c652b?s=96&d=blank&r=g","caption":"enequipo"},"sameAs":["https:\/\/www.facebook.com\/SonoraEE"]}]}},"jetpack_featured_media_url":"https:\/\/www.sonoraenequipo.com.mx\/storage\/2021\/03\/sixFlasMagicMountain_opt.jpg","_links":{"self":[{"href":"https:\/\/www.sonoraenequipo.com.mx\/api\/wp\/v2\/posts\/109517","targetHints":{"allow":["GET"]}}],"collection":[{"href":"https:\/\/www.sonoraenequipo.com.mx\/api\/wp\/v2\/posts"}],"about":[{"href":"https:\/\/www.sonoraenequipo.com.mx\/api\/wp\/v2\/types\/post"}],"author":[{"embeddable":true,"href":"https:\/\/www.sonoraenequipo.com.mx\/api\/wp\/v2\/users\/1"}],"replies":[{"embeddable":true,"href":"https:\/\/www.sonoraenequipo.com.mx\/api\/wp\/v2\/comments?post=109517"}],"version-history":[{"count":1,"href":"https:\/\/www.sonoraenequipo.com.mx\/api\/wp\/v2\/posts\/109517\/revisions"}],"predecessor-version":[{"id":109518,"href":"https:\/\/www.sonoraenequipo.com.mx\/api\/wp\/v2\/posts\/109517\/revisions\/109518"}],"wp:featuredmedia":[{"embeddable":true,"href":"https:\/\/www.sonoraenequipo.com.mx\/api\/wp\/v2\/media\/109511"}],"wp:attachment":[{"href":"https:\/\/www.sonoraenequipo.com.mx\/api\/wp\/v2\/media?parent=109517"}],"wp:term":[{"taxonomy":"category","embeddable":true,"href":"https:\/\/www.sonoraenequipo.com.mx\/api\/wp\/v2\/categories?post=109517"},{"taxonomy":"post_tag","embeddable":true,"href":"https:\/\/www.sonoraenequipo.com.mx\/api\/wp\/v2\/tags?post=109517"}],"curies":[{"name":"wp","href":"https:\/\/api.w.org\/{rel}","templated":true}]}}