{"id":109519,"date":"2021-03-18T16:22:33","date_gmt":"2021-03-18T23:22:33","guid":{"rendered":"https:\/\/www.sonoraenequipo.com.mx\/?p=109519"},"modified":"2021-03-18T17:48:53","modified_gmt":"2021-03-19T00:48:53","slug":"estados-unidos-extiende-restricciones-a-los-viajes-no-esenciales-en-la-frontera-hasta-el-21-de-abril","status":"publish","type":"post","link":"https:\/\/www.sonoraenequipo.com.mx\/estados-unidos-extiende-restricciones-a-los-viajes-no-esenciales-en-la-frontera-hasta-el-21-de-abril\/","title":{"rendered":"Estados Unidos extiende restricciones a los viajes no esenciales en la frontera hasta el 21 de abril"},"content":{"rendered":"<p>SAN DIEGO, CALIFORNIA. ESTADOS UNIDOS. \u2014 Las restricciones de viajes no esenciales en la frontera terrestre entre Estados Unidos y M\u00e9xico se mantendr\u00e1n por lo menos hasta el 21 de abril, inform\u00f3 hoy el Departamento de Seguridad Nacional (DHS).<\/p>\n<p>&nbsp;<\/p>\n<p> <\/p>\n<p><em>\u201cPara prevenir una mayor propagaci\u00f3n del COVID-19, y en coordinaci\u00f3n con nuestros aliados en Canad\u00e1 y M\u00e9xico, Estados Unidos est\u00e1 extendiendo las restricciones a viajes no esenciales en nuestras fronteras terrestres hasta el 21 de abril, mientras que se aseguran los flujos continuos de comercio y viajes esenciales\u201d,<\/em> tuite\u00f3 esta ma\u00f1ana la agencia federal.<\/p>\n<p>&nbsp;<\/p>\n<p>El pr\u00f3ximo domingo se cumplir\u00e1 un a\u00f1o desde que se implement\u00f3 por primera vez esta medida, misma que se ha extendido continuamente mes a mes.<\/p>\n<p><em>\u201cInformados por la ciencia y las recomendaciones de salud p\u00fablica, trabajaremos con nuestras contrapartes para identificar un enfoque para aliviar las restricciones cuando las condiciones lo permitan y con la protecci\u00f3n a nuestros ciudadanos en nuestras mentes\u201d,<\/em> agreg\u00f3 la dependencia estadounidense.<\/p>\n<p>&nbsp;<\/p>\n<p>Edgar Ram\u00edrez, agregado de DHS en la Embajada de Estados Unidos en M\u00e9xico, agreg\u00f3 que <em>\u201caunque las campa\u00f1as de vacunaci\u00f3n nos dan esperanzas que la epidemia del COVID-19 podr\u00eda empezar a ser controlada, no podemos bajar la guardia todav\u00eda\u201d.<\/em><\/p>\n<p>&nbsp;<\/p>\n<p>El gobierno mexicano a trav\u00e9s de la Secretar\u00eda de Relaciones Exteriores confirm\u00f3 tambi\u00e9n a trav\u00e9s de su cuenta de Twitter lo dicho por sus hom\u00f3logos estadounidenses. A su vez, se inform\u00f3 que a partir del 19 de marzo se impondr\u00e1n restricciones al tr\u00e1nsito terrestre para actividades no esenciales en la frontera norte y sur.<\/p>\n<p>&nbsp;<\/p>\n<p><em>\u201cEl gobierno de M\u00e9xico desplegar\u00e1 medidas de control sanitario en el norte y sur del pa\u00eds\u201d,<\/em> se\u00f1alaron autoridades. Hasta el momento, se desconocen cu\u00e1les ser\u00edan dichas medidas.<\/p>\n<p><a class=\"twitter-timeline\" data-width=\"640\" data-height=\"960\" data-dnt=\"true\" href=\"https:\/\/twitter.com\/SRE_mx?ref_src=twsrc%5Etfw\">Tweets by SRE_mx<\/a><script async src=\"https:\/\/platform.twitter.com\/widgets.js\" charset=\"utf-8\"><\/script><\/p>\n<p>&nbsp;<\/p>\n<p>Esta semana el canciller Marcelo Ebrard se\u00f1al\u00f3 que se podr\u00eda plantear una reapertura cuando los estados fronterizos se encuentren en el sem\u00e1foro epidemiol\u00f3gico verde.<\/p>\n<p>En una visita reciente a San Diego, el encargado del despacho para Am\u00e9rica del Norte de la Secretar\u00eda de Relaciones Exteriores (SRE) de M\u00e9xico, Roberto Velasco, dijo que M\u00e9xico y Estados Unidos trabajan en un plan para una reapertura \u201ccuidadosa y gradual\u201d de la frontera com\u00fan.<br \/>\nRoberto Velasco, encargado de despacho para Am\u00e9rica del Norte con la Secretar\u00eda de Relaciones Exteriores de M\u00e9xico en entrevista el 25 de febrero de 2021 en el Consulado General de M\u00e9xico en San Diego<\/p>\n<p><a class=\"twitter-timeline\" data-width=\"640\" data-height=\"960\" data-dnt=\"true\" href=\"https:\/\/twitter.com\/DHSgov?ref_src=twsrc%5Etfw\">Tweets by DHSgov<\/a><script async src=\"https:\/\/platform.twitter.com\/widgets.js\" charset=\"utf-8\"><\/script><\/p>\n<p>&nbsp;<\/p>\n<p>(Publicada el 18\/03\/2021)<\/p>\n","protected":false},"excerpt":{"rendered":"<p>SAN DIEGO, CALIFORNIA. ESTADOS UNIDOS. \u2014 Las restricciones de viajes no esenciales en la frontera&#8230;<\/p>\n","protected":false},"author":1,"featured_media":109524,"comment_status":"open","ping_status":"open","sticky":false,"template":"","format":"standard","meta":{"_monsterinsights_skip_tracking":false,"_monsterinsights_sitenote_active":false,"_monsterinsights_sitenote_note":"","_monsterinsights_sitenote_category":0,"footnotes":""},"categories":[3],"tags":[],"class_list":["post"],"yoast_head":" \n<title>Sonora en Equipo. Estados Unidos extiende restricciones a los viajes no esenciales en la frontera hasta el 21 de abril MUNDO<\/title>\n<meta name=\"description\" content=\"SAN DIEGO, CALIFORNIA. ESTADOS UNIDOS. \u2014 Las restricciones de viajes no esenciales en la frontera terrestre entre Estados Unidos y M\u00e9xico se mantendr\u00e1n En Sonora en Equipo publicamos toda la informaci\u00f3n de Sonora, M\u00e9xico y el Mundo de manera oportuna y busca que la libertad de expresi\u00f3n sea real. Visita nuestro medio informativo publicado desde Hermosillo, Sonora. %\" \/>\n<meta name=\"robots\" content=\"index, follow, max-snippet:-1, max-image-preview:large, max-video-preview:-1\" \/>\n<link rel=\"canonical\" href=\"https:\/\/www.sonoraenequipo.com.mx\/estados-unidos-extiende-restricciones-a-los-viajes-no-esenciales-en-la-frontera-hasta-el-21-de-abril\/\" \/>\n<meta property=\"og:locale\" content=\"es_ES\" \/>\n<meta property=\"og:type\" content=\"article\" \/>\n<meta property=\"og:title\" content=\"Sonora en Equipo. Estados Unidos extiende restricciones a los viajes no esenciales en la frontera hasta el 21 de abril MUNDO\" \/>\n<meta property=\"og:description\" content=\"SAN DIEGO, CALIFORNIA. ESTADOS UNIDOS. \u2014 Las restricciones de viajes no esenciales en la frontera terrestre entre Estados Unidos y M\u00e9xico se mantendr\u00e1n En Sonora en Equipo publicamos toda la informaci\u00f3n de Sonora, M\u00e9xico y el Mundo de manera oportuna y busca que la libertad de expresi\u00f3n sea real. Visita nuestro medio informativo publicado desde Hermosillo, Sonora. %\" \/>\n<meta property=\"og:url\" content=\"https:\/\/www.sonoraenequipo.com.mx\/estados-unidos-extiende-restricciones-a-los-viajes-no-esenciales-en-la-frontera-hasta-el-21-de-abril\/\" \/>\n<meta property=\"og:site_name\" content=\"Sonora en Equipo.\" \/>\n<meta property=\"article:publisher\" content=\"https:\/\/www.facebook.com\/SonoraEE\/\" \/>\n<meta property=\"article:author\" content=\"https:\/\/www.facebook.com\/SonoraEE\" \/>\n<meta property=\"article:published_time\" content=\"2021-03-18T23:22:33+00:00\" \/>\n<meta property=\"article:modified_time\" content=\"2021-03-19T00:48:53+00:00\" \/>\n<meta property=\"og:image\" content=\"https:\/\/www.sonoraenequipo.com.mx\/storage\/2021\/03\/restringen-viajes-no-esenciales_opt6.jpg\" \/>\n\t<meta property=\"og:image:width\" content=\"600\" \/>\n\t<meta property=\"og:image:height\" content=\"400\" \/>\n\t<meta property=\"og:image:type\" content=\"image\/jpeg\" \/>\n<meta name=\"author\" content=\"enequipo\" \/>\n<meta name=\"twitter:card\" content=\"summary_large_image\" \/>\n<meta name=\"twitter:creator\" content=\"@sonoraenequipo\" \/>\n<meta name=\"twitter:site\" content=\"@sonoraenequipo\" \/>\n<meta name=\"twitter:label1\" content=\"Escrito por\" \/>\n\t<meta name=\"twitter:data1\" content=\"enequipo\" \/>\n\t<meta name=\"twitter:label2\" content=\"Tiempo de lectura\" \/>\n\t<meta name=\"twitter:data2\" content=\"2 minutos\" \/>\n<script type=\"application\/ld+json\" class=\"yoast-schema-graph\">{\"@context\":\"https:\/\/schema.org\",\"@graph\":[{\"@type\":\"Article\",\"@id\":\"https:\/\/www.sonoraenequipo.com.mx\/estados-unidos-extiende-restricciones-a-los-viajes-no-esenciales-en-la-frontera-hasta-el-21-de-abril\/#article\",\"isPartOf\":{\"@id\":\"https:\/\/www.sonoraenequipo.com.mx\/estados-unidos-extiende-restricciones-a-los-viajes-no-esenciales-en-la-frontera-hasta-el-21-de-abril\/\"},\"author\":{\"name\":\"enequipo\",\"@id\":\"https:\/\/www.sonoraenequipo.com.mx\/#\/schema\/person\/50102df0fb23a8fa9e8effad8fa81386\"},\"headline\":\"Estados Unidos extiende restricciones a los viajes no esenciales en la frontera hasta el 21 de abril\",\"datePublished\":\"2021-03-18T23:22:33+00:00\",\"dateModified\":\"2021-03-19T00:48:53+00:00\",\"mainEntityOfPage\":{\"@id\":\"https:\/\/www.sonoraenequipo.com.mx\/estados-unidos-extiende-restricciones-a-los-viajes-no-esenciales-en-la-frontera-hasta-el-21-de-abril\/\"},\"wordCount\":452,\"commentCount\":0,\"publisher\":{\"@id\":\"https:\/\/www.sonoraenequipo.com.mx\/#organization\"},\"image\":{\"@id\":\"https:\/\/www.sonoraenequipo.com.mx\/estados-unidos-extiende-restricciones-a-los-viajes-no-esenciales-en-la-frontera-hasta-el-21-de-abril\/#primaryimage\"},\"thumbnailUrl\":\"https:\/\/www.sonoraenequipo.com.mx\/storage\/2021\/03\/restringen-viajes-no-esenciales_opt6.jpg\",\"articleSection\":[\"MUNDO\"],\"inLanguage\":\"es\",\"potentialAction\":[{\"@type\":\"CommentAction\",\"name\":\"Comment\",\"target\":[\"https:\/\/www.sonoraenequipo.com.mx\/estados-unidos-extiende-restricciones-a-los-viajes-no-esenciales-en-la-frontera-hasta-el-21-de-abril\/#respond\"]}]},{\"@type\":\"WebPage\",\"@id\":\"https:\/\/www.sonoraenequipo.com.mx\/estados-unidos-extiende-restricciones-a-los-viajes-no-esenciales-en-la-frontera-hasta-el-21-de-abril\/\",\"url\":\"https:\/\/www.sonoraenequipo.com.mx\/estados-unidos-extiende-restricciones-a-los-viajes-no-esenciales-en-la-frontera-hasta-el-21-de-abril\/\",\"name\":\"Sonora en Equipo. Estados Unidos extiende restricciones a los viajes no esenciales en la frontera hasta el 21 de abril MUNDO\",\"isPartOf\":{\"@id\":\"https:\/\/www.sonoraenequipo.com.mx\/#website\"},\"primaryImageOfPage\":{\"@id\":\"https:\/\/www.sonoraenequipo.com.mx\/estados-unidos-extiende-restricciones-a-los-viajes-no-esenciales-en-la-frontera-hasta-el-21-de-abril\/#primaryimage\"},\"image\":{\"@id\":\"https:\/\/www.sonoraenequipo.com.mx\/estados-unidos-extiende-restricciones-a-los-viajes-no-esenciales-en-la-frontera-hasta-el-21-de-abril\/#primaryimage\"},\"thumbnailUrl\":\"https:\/\/www.sonoraenequipo.com.mx\/storage\/2021\/03\/restringen-viajes-no-esenciales_opt6.jpg\",\"datePublished\":\"2021-03-18T23:22:33+00:00\",\"dateModified\":\"2021-03-19T00:48:53+00:00\",\"description\":\"SAN DIEGO, CALIFORNIA. ESTADOS UNIDOS. \u2014 Las restricciones de viajes no esenciales en la frontera terrestre entre Estados Unidos y M\u00e9xico se mantendr\u00e1n En Sonora en Equipo publicamos toda la informaci\u00f3n de Sonora, M\u00e9xico y el Mundo de manera oportuna y busca que la libertad de expresi\u00f3n sea real. Visita nuestro medio informativo publicado desde Hermosillo, Sonora. %\",\"breadcrumb\":{\"@id\":\"https:\/\/www.sonoraenequipo.com.mx\/estados-unidos-extiende-restricciones-a-los-viajes-no-esenciales-en-la-frontera-hasta-el-21-de-abril\/#breadcrumb\"},\"inLanguage\":\"es\",\"potentialAction\":[{\"@type\":\"ReadAction\",\"target\":[\"https:\/\/www.sonoraenequipo.com.mx\/estados-unidos-extiende-restricciones-a-los-viajes-no-esenciales-en-la-frontera-hasta-el-21-de-abril\/\"]}]},{\"@type\":\"ImageObject\",\"inLanguage\":\"es\",\"@id\":\"https:\/\/www.sonoraenequipo.com.mx\/estados-unidos-extiende-restricciones-a-los-viajes-no-esenciales-en-la-frontera-hasta-el-21-de-abril\/#primaryimage\",\"url\":\"https:\/\/www.sonoraenequipo.com.mx\/storage\/2021\/03\/restringen-viajes-no-esenciales_opt6.jpg\",\"contentUrl\":\"https:\/\/www.sonoraenequipo.com.mx\/storage\/2021\/03\/restringen-viajes-no-esenciales_opt6.jpg\",\"width\":600,\"height\":400},{\"@type\":\"BreadcrumbList\",\"@id\":\"https:\/\/www.sonoraenequipo.com.mx\/estados-unidos-extiende-restricciones-a-los-viajes-no-esenciales-en-la-frontera-hasta-el-21-de-abril\/#breadcrumb\",\"itemListElement\":[{\"@type\":\"ListItem\",\"position\":1,\"name\":\"Portada\",\"item\":\"https:\/\/www.sonoraenequipo.com.mx\/\"},{\"@type\":\"ListItem\",\"position\":2,\"name\":\"Estados Unidos extiende restricciones a los viajes no esenciales en la frontera hasta el 21 de abril\"}]},{\"@type\":\"WebSite\",\"@id\":\"https:\/\/www.sonoraenequipo.com.mx\/#website\",\"url\":\"https:\/\/www.sonoraenequipo.com.mx\/\",\"name\":\"Sonora en Equipo.\",\"description\":\"Diario en l\u00ednea con Noticias desde Hermosillo, Sonora\",\"publisher\":{\"@id\":\"https:\/\/www.sonoraenequipo.com.mx\/#organization\"},\"potentialAction\":[{\"@type\":\"SearchAction\",\"target\":{\"@type\":\"EntryPoint\",\"urlTemplate\":\"https:\/\/www.sonoraenequipo.com.mx\/?s={search_term_string}\"},\"query-input\":{\"@type\":\"PropertyValueSpecification\",\"valueRequired\":true,\"valueName\":\"search_term_string\"}}],\"inLanguage\":\"es\"},{\"@type\":\"Organization\",\"@id\":\"https:\/\/www.sonoraenequipo.com.mx\/#organization\",\"name\":\"Sonoraenequipo.com.mx\",\"url\":\"https:\/\/www.sonoraenequipo.com.mx\/\",\"logo\":{\"@type\":\"ImageObject\",\"inLanguage\":\"es\",\"@id\":\"https:\/\/www.sonoraenequipo.com.mx\/#\/schema\/logo\/image\/\",\"url\":\"https:\/\/www.sonoraenequipo.com.mx\/storage\/2019\/01\/sonoraenequipo_opt.png\",\"contentUrl\":\"https:\/\/www.sonoraenequipo.com.mx\/storage\/2019\/01\/sonoraenequipo_opt.png\",\"width\":375,\"height\":125,\"caption\":\"Sonoraenequipo.com.mx\"},\"image\":{\"@id\":\"https:\/\/www.sonoraenequipo.com.mx\/#\/schema\/logo\/image\/\"},\"sameAs\":[\"https:\/\/www.facebook.com\/SonoraEE\/\",\"https:\/\/x.com\/sonoraenequipo\",\"https:\/\/www.youtube.com\/channel\/UC338nW-lPEYmJQs4ZABQ1SQ\"]},{\"@type\":\"Person\",\"@id\":\"https:\/\/www.sonoraenequipo.com.mx\/#\/schema\/person\/50102df0fb23a8fa9e8effad8fa81386\",\"name\":\"enequipo\",\"image\":{\"@type\":\"ImageObject\",\"inLanguage\":\"es\",\"@id\":\"https:\/\/www.sonoraenequipo.com.mx\/#\/schema\/person\/image\/\",\"url\":\"https:\/\/secure.gravatar.com\/avatar\/049821681b589dabc0bc20695993ccebb09f5b5d4d790cd9251b97faac7c652b?s=96&d=blank&r=g\",\"contentUrl\":\"https:\/\/secure.gravatar.com\/avatar\/049821681b589dabc0bc20695993ccebb09f5b5d4d790cd9251b97faac7c652b?s=96&d=blank&r=g\",\"caption\":\"enequipo\"},\"sameAs\":[\"https:\/\/www.facebook.com\/SonoraEE\"]}]}<\/script>\n ","yoast_head_json":{"title":"Sonora en Equipo. Estados Unidos extiende restricciones a los viajes no esenciales en la frontera hasta el 21 de abril MUNDO","description":"SAN DIEGO, CALIFORNIA. ESTADOS UNIDOS. \u2014 Las restricciones de viajes no esenciales en la frontera terrestre entre Estados Unidos y M\u00e9xico se mantendr\u00e1n En Sonora en Equipo publicamos toda la informaci\u00f3n de Sonora, M\u00e9xico y el Mundo de manera oportuna y busca que la libertad de expresi\u00f3n sea real. Visita nuestro medio informativo publicado desde Hermosillo, Sonora. %","robots":{"index":"index","follow":"follow","max-snippet":"max-snippet:-1","max-image-preview":"max-image-preview:large","max-video-preview":"max-video-preview:-1"},"canonical":"https:\/\/www.sonoraenequipo.com.mx\/estados-unidos-extiende-restricciones-a-los-viajes-no-esenciales-en-la-frontera-hasta-el-21-de-abril\/","og_locale":"es_ES","og_type":"article","og_title":"Sonora en Equipo. Estados Unidos extiende restricciones a los viajes no esenciales en la frontera hasta el 21 de abril MUNDO","og_description":"SAN DIEGO, CALIFORNIA. ESTADOS UNIDOS. \u2014 Las restricciones de viajes no esenciales en la frontera terrestre entre Estados Unidos y M\u00e9xico se mantendr\u00e1n En Sonora en Equipo publicamos toda la informaci\u00f3n de Sonora, M\u00e9xico y el Mundo de manera oportuna y busca que la libertad de expresi\u00f3n sea real. Visita nuestro medio informativo publicado desde Hermosillo, Sonora. %","og_url":"https:\/\/www.sonoraenequipo.com.mx\/estados-unidos-extiende-restricciones-a-los-viajes-no-esenciales-en-la-frontera-hasta-el-21-de-abril\/","og_site_name":"Sonora en Equipo.","article_publisher":"https:\/\/www.facebook.com\/SonoraEE\/","article_author":"https:\/\/www.facebook.com\/SonoraEE","article_published_time":"2021-03-18T23:22:33+00:00","article_modified_time":"2021-03-19T00:48:53+00:00","og_image":[{"width":600,"height":400,"url":"https:\/\/www.sonoraenequipo.com.mx\/storage\/2021\/03\/restringen-viajes-no-esenciales_opt6.jpg","type":"image\/jpeg"}],"author":"enequipo","twitter_card":"summary_large_image","twitter_creator":"@sonoraenequipo","twitter_site":"@sonoraenequipo","twitter_misc":{"Escrito por":"enequipo","Tiempo de lectura":"2 minutos"},"schema":{"@context":"https:\/\/schema.org","@graph":[{"@type":"Article","@id":"https:\/\/www.sonoraenequipo.com.mx\/estados-unidos-extiende-restricciones-a-los-viajes-no-esenciales-en-la-frontera-hasta-el-21-de-abril\/#article","isPartOf":{"@id":"https:\/\/www.sonoraenequipo.com.mx\/estados-unidos-extiende-restricciones-a-los-viajes-no-esenciales-en-la-frontera-hasta-el-21-de-abril\/"},"author":{"name":"enequipo","@id":"https:\/\/www.sonoraenequipo.com.mx\/#\/schema\/person\/50102df0fb23a8fa9e8effad8fa81386"},"headline":"Estados Unidos extiende restricciones a los viajes no esenciales en la frontera hasta el 21 de abril","datePublished":"2021-03-18T23:22:33+00:00","dateModified":"2021-03-19T00:48:53+00:00","mainEntityOfPage":{"@id":"https:\/\/www.sonoraenequipo.com.mx\/estados-unidos-extiende-restricciones-a-los-viajes-no-esenciales-en-la-frontera-hasta-el-21-de-abril\/"},"wordCount":452,"commentCount":0,"publisher":{"@id":"https:\/\/www.sonoraenequipo.com.mx\/#organization"},"image":{"@id":"https:\/\/www.sonoraenequipo.com.mx\/estados-unidos-extiende-restricciones-a-los-viajes-no-esenciales-en-la-frontera-hasta-el-21-de-abril\/#primaryimage"},"thumbnailUrl":"https:\/\/www.sonoraenequipo.com.mx\/storage\/2021\/03\/restringen-viajes-no-esenciales_opt6.jpg","articleSection":["MUNDO"],"inLanguage":"es","potentialAction":[{"@type":"CommentAction","name":"Comment","target":["https:\/\/www.sonoraenequipo.com.mx\/estados-unidos-extiende-restricciones-a-los-viajes-no-esenciales-en-la-frontera-hasta-el-21-de-abril\/#respond"]}]},{"@type":"WebPage","@id":"https:\/\/www.sonoraenequipo.com.mx\/estados-unidos-extiende-restricciones-a-los-viajes-no-esenciales-en-la-frontera-hasta-el-21-de-abril\/","url":"https:\/\/www.sonoraenequipo.com.mx\/estados-unidos-extiende-restricciones-a-los-viajes-no-esenciales-en-la-frontera-hasta-el-21-de-abril\/","name":"Sonora en Equipo. Estados Unidos extiende restricciones a los viajes no esenciales en la frontera hasta el 21 de abril MUNDO","isPartOf":{"@id":"https:\/\/www.sonoraenequipo.com.mx\/#website"},"primaryImageOfPage":{"@id":"https:\/\/www.sonoraenequipo.com.mx\/estados-unidos-extiende-restricciones-a-los-viajes-no-esenciales-en-la-frontera-hasta-el-21-de-abril\/#primaryimage"},"image":{"@id":"https:\/\/www.sonoraenequipo.com.mx\/estados-unidos-extiende-restricciones-a-los-viajes-no-esenciales-en-la-frontera-hasta-el-21-de-abril\/#primaryimage"},"thumbnailUrl":"https:\/\/www.sonoraenequipo.com.mx\/storage\/2021\/03\/restringen-viajes-no-esenciales_opt6.jpg","datePublished":"2021-03-18T23:22:33+00:00","dateModified":"2021-03-19T00:48:53+00:00","description":"SAN DIEGO, CALIFORNIA. ESTADOS UNIDOS. \u2014 Las restricciones de viajes no esenciales en la frontera terrestre entre Estados Unidos y M\u00e9xico se mantendr\u00e1n En Sonora en Equipo publicamos toda la informaci\u00f3n de Sonora, M\u00e9xico y el Mundo de manera oportuna y busca que la libertad de expresi\u00f3n sea real. Visita nuestro medio informativo publicado desde Hermosillo, Sonora. %","breadcrumb":{"@id":"https:\/\/www.sonoraenequipo.com.mx\/estados-unidos-extiende-restricciones-a-los-viajes-no-esenciales-en-la-frontera-hasta-el-21-de-abril\/#breadcrumb"},"inLanguage":"es","potentialAction":[{"@type":"ReadAction","target":["https:\/\/www.sonoraenequipo.com.mx\/estados-unidos-extiende-restricciones-a-los-viajes-no-esenciales-en-la-frontera-hasta-el-21-de-abril\/"]}]},{"@type":"ImageObject","inLanguage":"es","@id":"https:\/\/www.sonoraenequipo.com.mx\/estados-unidos-extiende-restricciones-a-los-viajes-no-esenciales-en-la-frontera-hasta-el-21-de-abril\/#primaryimage","url":"https:\/\/www.sonoraenequipo.com.mx\/storage\/2021\/03\/restringen-viajes-no-esenciales_opt6.jpg","contentUrl":"https:\/\/www.sonoraenequipo.com.mx\/storage\/2021\/03\/restringen-viajes-no-esenciales_opt6.jpg","width":600,"height":400},{"@type":"BreadcrumbList","@id":"https:\/\/www.sonoraenequipo.com.mx\/estados-unidos-extiende-restricciones-a-los-viajes-no-esenciales-en-la-frontera-hasta-el-21-de-abril\/#breadcrumb","itemListElement":[{"@type":"ListItem","position":1,"name":"Portada","item":"https:\/\/www.sonoraenequipo.com.mx\/"},{"@type":"ListItem","position":2,"name":"Estados Unidos extiende restricciones a los viajes no esenciales en la frontera hasta el 21 de abril"}]},{"@type":"WebSite","@id":"https:\/\/www.sonoraenequipo.com.mx\/#website","url":"https:\/\/www.sonoraenequipo.com.mx\/","name":"Sonora en Equipo.","description":"Diario en l\u00ednea con Noticias desde Hermosillo, Sonora","publisher":{"@id":"https:\/\/www.sonoraenequipo.com.mx\/#organization"},"potentialAction":[{"@type":"SearchAction","target":{"@type":"EntryPoint","urlTemplate":"https:\/\/www.sonoraenequipo.com.mx\/?s={search_term_string}"},"query-input":{"@type":"PropertyValueSpecification","valueRequired":true,"valueName":"search_term_string"}}],"inLanguage":"es"},{"@type":"Organization","@id":"https:\/\/www.sonoraenequipo.com.mx\/#organization","name":"Sonoraenequipo.com.mx","url":"https:\/\/www.sonoraenequipo.com.mx\/","logo":{"@type":"ImageObject","inLanguage":"es","@id":"https:\/\/www.sonoraenequipo.com.mx\/#\/schema\/logo\/image\/","url":"https:\/\/www.sonoraenequipo.com.mx\/storage\/2019\/01\/sonoraenequipo_opt.png","contentUrl":"https:\/\/www.sonoraenequipo.com.mx\/storage\/2019\/01\/sonoraenequipo_opt.png","width":375,"height":125,"caption":"Sonoraenequipo.com.mx"},"image":{"@id":"https:\/\/www.sonoraenequipo.com.mx\/#\/schema\/logo\/image\/"},"sameAs":["https:\/\/www.facebook.com\/SonoraEE\/","https:\/\/x.com\/sonoraenequipo","https:\/\/www.youtube.com\/channel\/UC338nW-lPEYmJQs4ZABQ1SQ"]},{"@type":"Person","@id":"https:\/\/www.sonoraenequipo.com.mx\/#\/schema\/person\/50102df0fb23a8fa9e8effad8fa81386","name":"enequipo","image":{"@type":"ImageObject","inLanguage":"es","@id":"https:\/\/www.sonoraenequipo.com.mx\/#\/schema\/person\/image\/","url":"https:\/\/secure.gravatar.com\/avatar\/049821681b589dabc0bc20695993ccebb09f5b5d4d790cd9251b97faac7c652b?s=96&d=blank&r=g","contentUrl":"https:\/\/secure.gravatar.com\/avatar\/049821681b589dabc0bc20695993ccebb09f5b5d4d790cd9251b97faac7c652b?s=96&d=blank&r=g","caption":"enequipo"},"sameAs":["https:\/\/www.facebook.com\/SonoraEE"]}]}},"jetpack_featured_media_url":"https:\/\/www.sonoraenequipo.com.mx\/storage\/2021\/03\/restringen-viajes-no-esenciales_opt6.jpg","_links":{"self":[{"href":"https:\/\/www.sonoraenequipo.com.mx\/api\/wp\/v2\/posts\/109519","targetHints":{"allow":["GET"]}}],"collection":[{"href":"https:\/\/www.sonoraenequipo.com.mx\/api\/wp\/v2\/posts"}],"about":[{"href":"https:\/\/www.sonoraenequipo.com.mx\/api\/wp\/v2\/types\/post"}],"author":[{"embeddable":true,"href":"https:\/\/www.sonoraenequipo.com.mx\/api\/wp\/v2\/users\/1"}],"replies":[{"embeddable":true,"href":"https:\/\/www.sonoraenequipo.com.mx\/api\/wp\/v2\/comments?post=109519"}],"version-history":[{"count":1,"href":"https:\/\/www.sonoraenequipo.com.mx\/api\/wp\/v2\/posts\/109519\/revisions"}],"predecessor-version":[{"id":109525,"href":"https:\/\/www.sonoraenequipo.com.mx\/api\/wp\/v2\/posts\/109519\/revisions\/109525"}],"wp:featuredmedia":[{"embeddable":true,"href":"https:\/\/www.sonoraenequipo.com.mx\/api\/wp\/v2\/media\/109524"}],"wp:attachment":[{"href":"https:\/\/www.sonoraenequipo.com.mx\/api\/wp\/v2\/media?parent=109519"}],"wp:term":[{"taxonomy":"category","embeddable":true,"href":"https:\/\/www.sonoraenequipo.com.mx\/api\/wp\/v2\/categories?post=109519"},{"taxonomy":"post_tag","embeddable":true,"href":"https:\/\/www.sonoraenequipo.com.mx\/api\/wp\/v2\/tags?post=109519"}],"curies":[{"name":"wp","href":"https:\/\/api.w.org\/{rel}","templated":true}]}}