{"id":109520,"date":"2021-03-18T17:40:39","date_gmt":"2021-03-19T00:40:39","guid":{"rendered":"https:\/\/www.sonoraenequipo.com.mx\/?p=109520"},"modified":"2021-03-18T17:40:39","modified_gmt":"2021-03-19T00:40:39","slug":"personas-con-alguna-discapacidad-podran-contender-por-ocho-diputaciones-en-elecciones-del-6-de-junio","status":"publish","type":"post","link":"https:\/\/www.sonoraenequipo.com.mx\/personas-con-alguna-discapacidad-podran-contender-por-ocho-diputaciones-en-elecciones-del-6-de-junio\/","title":{"rendered":"Personas con alguna discapacidad podr\u00e1n contender por ocho diputaciones en elecciones del \u00a06 de junio"},"content":{"rendered":"<p>Personas con alguna discapacidad podr\u00e1n contender por ocho diputaciones en elecciones del \u00a06 de junio<\/p>\n<p>&nbsp;<\/p>\n<p>\u25baNos encaminamos a la elecci\u00f3n m\u00e1s grande y compleja de la historia, pero tambi\u00e9n la m\u00e1s incluyente: Lorenzo C\u00f3rdova<\/p>\n<p>Seis de las f\u00f3rmulas ser\u00e1n de candidaturas de Mayor\u00eda Relativa y dos de Representaci\u00f3n Proporcional: Consejera Adriana Favela<\/p>\n<p>En M\u00e9xico cerca de 21 millones de personas tienen alg\u00fan tipo de discapacidad, por lo que el Instituto Nacional Electoral (INE) garantizar\u00e1 que puedan participar como funcionarias y funcionarios de casilla, que los partidos pol\u00edticos postulen a ocho f\u00f3rmulas de candidaturas a las diputaciones y que puedan emitir su voto en las pr\u00f3ximas elecciones del 6 de junio.<\/p>\n<p>&nbsp;<\/p>\n<p>En la inauguraci\u00f3n del Conversatorio \u201cDe las acciones afirmativas a la acci\u00f3n: la inclusi\u00f3n de personas con discapacidad en el Proceso Electoral 2020-2021\u201d, el Consejero Presidente del INE, Lorenzo C\u00f3rdova, afirm\u00f3 que \u201cnos encaminamos a la elecci\u00f3n m\u00e1s grande y compleja de la historia, pero tambi\u00e9n la m\u00e1s incluyente\u201d.<\/p>\n<p>&nbsp;<\/p>\n<p>A 17 d\u00edas de que empiecen las campa\u00f1as electorales y a 79 de la Jornada Electoral record\u00f3 que cerca de 21 millones de personas en M\u00e9xico, el 16.5 por ciento de la poblaci\u00f3n del pa\u00eds enfrenta alguna discapacidad para realizar sus actividades cotidianas.<\/p>\n<p>&nbsp;<\/p>\n<p>\u201cEs una oportunidad para recordar a todas las fuerzas pol\u00edticas que nuestro pa\u00eds necesita de pol\u00edticas p\u00fablicas para que las personas que enfrentan alguna discapacidad puedan incorporarse con facilidad, sin discriminaci\u00f3n, a la vida productiva, laboral y tambi\u00e9n pol\u00edtica\u201d, se\u00f1al\u00f3 el Consejero Presidente.<\/p>\n<p>&nbsp;<\/p>\n<p>Para las autoridades electorales, dijo, el tema de la inclusi\u00f3n en general, que est\u00e1 \u00edntimamente vinculado con el de la igualdad para el ejercicio de los derechos pol\u00edticos, es un tema de una gran importancia para el desarrollo de la vida democr\u00e1tica.<\/p>\n<p>&nbsp;<\/p>\n<p>Lorenzo C\u00f3rdova subray\u00f3 que, desde finales de los a\u00f1os 90, el Instituto ha tomado una serie de decisiones que fortalecen el car\u00e1cter incluyente de la democracia mexicana y ha asumido el compromiso de combatir los problemas de la inclusi\u00f3n y la discriminaci\u00f3n en todos aquellos \u00e1mbitos de su competencia.<\/p>\n<p>&nbsp;<\/p>\n<p>Estas medidas van desde el uso de plantillas braille y mamparas especiales, ubicaci\u00f3n de casillas en lugares espec\u00edficos, casillas especiales, hasta la participaci\u00f3n como funcionarios de casilla y acciones afirmativas para candidaturas de personas con alg\u00fan tipo de discapacidad.<\/p>\n<p>&nbsp;<\/p>\n<p>Todos tienen derecho a tener representaci\u00f3n<\/p>\n<p>&nbsp;<\/p>\n<p>Ante representantes de organizaciones, fundaciones y activistas que luchan por los derechos de las personas con discapacidad, la presidenta de la Comisi\u00f3n de Igualdad de G\u00e9nero y No Discriminaci\u00f3n, Carla Humphrey sostuvo que \u201ctodos los grupos sociales, especialmente los discriminados, tienen el derecho de tener representaci\u00f3n en los congresos para que su voz sea escuchada\u201d.<\/p>\n<p>&nbsp;<\/p>\n<p>Explic\u00f3 que las acciones a favor de las personas con discapacidad emprendidas en el INE, \u201ctienen dos vertientes: garantizar las condiciones para la emisi\u00f3n del sufragio, as\u00ed como su participaci\u00f3n como funcionarias y funcionarios en mesas directivas de casilla y el establecimiento de acciones afirmativas como medidas de protecci\u00f3n del derecho a ser votado en condiciones de igualdad\u201d.<\/p>\n<p>&nbsp;<\/p>\n<p>Ocho f\u00f3rmulas de diputaciones para personas con discapacidad<\/p>\n<p>&nbsp;<\/p>\n<p>Al moderar el panel \u201cRetos y avances de la participaci\u00f3n pol\u00edtica de las personas con discapacidad en el Proceso Electoral 2020-2021\u201d, la presidenta de la Comisi\u00f3n Temporal de Vinculaci\u00f3n con Mexicanos Residentes en el Extranjero y An\u00e1lisis de las Modalidades de su Voto, Consejera Norma De la Cruz Maga\u00f1a, expres\u00f3 que el impulso de los derechos pol\u00edticos de las personas con discapacidad \u201ces una tarea imprescindible e impostergable para la calidad de la democracia\u201d.<\/p>\n<p>&nbsp;<\/p>\n<p>Las acciones afirmativas fueron explicadas por la Consejera Adriana Favela Herrera quien subray\u00f3 que un total de ocho f\u00f3rmulas est\u00e1n destinadas para las personas con discapacidad por cada partido pol\u00edtico o coalici\u00f3n.<\/p>\n<p>&nbsp;<\/p>\n<p>\u201cSeis de estas f\u00f3rmulas ser\u00edan de candidaturas de Mayor\u00eda Relativa y \u00e9stas se van a poder estar registrando en cualquiera de los 300 distritos electorales federales que tenemos en el pa\u00eds y dos f\u00f3rmulas de candidaturas de Representaci\u00f3n Proporcional en cualquiera de las cinco listas que tenemos en el pa\u00eds, tambi\u00e9n con la exigencia de que se le registre en los primeros 10 lugares de esas listas\u201d, indic\u00f3.<\/p>\n<p>&nbsp;<\/p>\n<p>Agreg\u00f3 que \u00e9ste es el primer ejercicio que realiza el INE, \u201cexigir el registro de por lo menos ocho f\u00f3rmulas de candidaturas integradas por personas con discapacidad y ese ser\u00eda el piso m\u00ednimo, dado que los partidos pol\u00edticos pueden estar registrando un n\u00famero mayor de f\u00f3rmulas de personas con discapacidad y tambi\u00e9n con la exigencia de que estas f\u00f3rmulas est\u00e9n integradas, tanto su propietario, como suplente, por personas con discapacidad\u201d.<\/p>\n<p>&nbsp;<\/p>\n<p>Ernesto Rosas Barrientos, titular de la Direcci\u00f3n de Vinculaci\u00f3n Interinstitucional de la Confederaci\u00f3n Mexicana de Organizaciones en favor de la Persona con Discapacidad Intelectual A.C.,\u00a0 estableci\u00f3 que \u201c\u00e9ste es un primer paso, pero para garantizar que haya certeza es necesario que en la Ley General de Partidos Pol\u00edticos esto se encuentre normado y no sea s\u00f3lo una acci\u00f3n afirmativa\u201d.<\/p>\n<p>&nbsp;<\/p>\n<p>La presidenta del Patronato de Discapacitados Visuales A.C., Camerina Ahide\u00e9 Robles Cu\u00e9llar dej\u00f3 en claro que \u201csin inclusi\u00f3n no hay democracia\u201d, por lo que las personas con discapacidad poseen los mismos derechos que los dem\u00e1s y por ello se debe facilitar su participaci\u00f3n efectiva y en igualdad de condiciones para ejercer sus derechos pol\u00edtico-electorales, pues ante las urnas \u201ctodas y todos somos ciudadanos con los mismos derechos\u201d.<\/p>\n<p>&nbsp;<\/p>\n<p>Fecha de publicaci\u00f3n\u00a0 jueves 18 \u00a0\/marzo\/2021<\/p>\n<p>&nbsp;<\/p>\n","protected":false},"excerpt":{"rendered":"<p>Personas con alguna discapacidad podr\u00e1n contender por ocho diputaciones en elecciones del \u00a06 de junio&#8230;<\/p>\n","protected":false},"author":1,"featured_media":109521,"comment_status":"open","ping_status":"open","sticky":false,"template":"","format":"standard","meta":{"_monsterinsights_skip_tracking":false,"_monsterinsights_sitenote_active":false,"_monsterinsights_sitenote_note":"","_monsterinsights_sitenote_category":0,"footnotes":""},"categories":[8],"tags":[4256,4694,1247],"class_list":["post"],"yoast_head":" \n<title>Sonora en Equipo. Personas con alguna discapacidad podr\u00e1n contender por ocho diputaciones en elecciones del \u00a06 de junio LA ELECCION 2024<\/title>\n<meta name=\"description\" content=\"Personas con alguna discapacidad podr\u00e1n contender por ocho diputaciones en elecciones del \u00a06 de junio &nbsp; \u25baNos encaminamos a la elecci\u00f3n m\u00e1s grande y En Sonora en Equipo publicamos toda la informaci\u00f3n de Sonora, M\u00e9xico y el Mundo de manera oportuna y busca que la libertad de expresi\u00f3n sea real. Visita nuestro medio informativo publicado desde Hermosillo, Sonora. %\" \/>\n<meta name=\"robots\" content=\"index, follow, max-snippet:-1, max-image-preview:large, max-video-preview:-1\" \/>\n<link rel=\"canonical\" href=\"https:\/\/www.sonoraenequipo.com.mx\/personas-con-alguna-discapacidad-podran-contender-por-ocho-diputaciones-en-elecciones-del-6-de-junio\/\" \/>\n<meta property=\"og:locale\" content=\"es_ES\" \/>\n<meta property=\"og:type\" content=\"article\" \/>\n<meta property=\"og:title\" content=\"Sonora en Equipo. Personas con alguna discapacidad podr\u00e1n contender por ocho diputaciones en elecciones del \u00a06 de junio LA ELECCION 2024\" \/>\n<meta property=\"og:description\" content=\"Personas con alguna discapacidad podr\u00e1n contender por ocho diputaciones en elecciones del \u00a06 de junio &nbsp; \u25baNos encaminamos a la elecci\u00f3n m\u00e1s grande y En Sonora en Equipo publicamos toda la informaci\u00f3n de Sonora, M\u00e9xico y el Mundo de manera oportuna y busca que la libertad de expresi\u00f3n sea real. Visita nuestro medio informativo publicado desde Hermosillo, Sonora. %\" \/>\n<meta property=\"og:url\" content=\"https:\/\/www.sonoraenequipo.com.mx\/personas-con-alguna-discapacidad-podran-contender-por-ocho-diputaciones-en-elecciones-del-6-de-junio\/\" \/>\n<meta property=\"og:site_name\" content=\"Sonora en Equipo.\" \/>\n<meta property=\"article:publisher\" content=\"https:\/\/www.facebook.com\/SonoraEE\/\" \/>\n<meta property=\"article:author\" content=\"https:\/\/www.facebook.com\/SonoraEE\" \/>\n<meta property=\"article:published_time\" content=\"2021-03-19T00:40:39+00:00\" \/>\n<meta property=\"og:image\" content=\"https:\/\/www.sonoraenequipo.com.mx\/storage\/2021\/03\/discapacidad-copy.jpg\" \/>\n\t<meta property=\"og:image:width\" content=\"500\" \/>\n\t<meta property=\"og:image:height\" content=\"300\" \/>\n\t<meta property=\"og:image:type\" content=\"image\/jpeg\" \/>\n<meta name=\"author\" content=\"enequipo\" \/>\n<meta name=\"twitter:card\" content=\"summary_large_image\" \/>\n<meta name=\"twitter:creator\" content=\"@sonoraenequipo\" \/>\n<meta name=\"twitter:site\" content=\"@sonoraenequipo\" \/>\n<meta name=\"twitter:label1\" content=\"Escrito por\" \/>\n\t<meta name=\"twitter:data1\" content=\"enequipo\" \/>\n\t<meta name=\"twitter:label2\" content=\"Tiempo de lectura\" \/>\n\t<meta name=\"twitter:data2\" content=\"4 minutos\" \/>\n<script type=\"application\/ld+json\" class=\"yoast-schema-graph\">{\"@context\":\"https:\/\/schema.org\",\"@graph\":[{\"@type\":\"Article\",\"@id\":\"https:\/\/www.sonoraenequipo.com.mx\/personas-con-alguna-discapacidad-podran-contender-por-ocho-diputaciones-en-elecciones-del-6-de-junio\/#article\",\"isPartOf\":{\"@id\":\"https:\/\/www.sonoraenequipo.com.mx\/personas-con-alguna-discapacidad-podran-contender-por-ocho-diputaciones-en-elecciones-del-6-de-junio\/\"},\"author\":{\"name\":\"enequipo\",\"@id\":\"https:\/\/www.sonoraenequipo.com.mx\/#\/schema\/person\/50102df0fb23a8fa9e8effad8fa81386\"},\"headline\":\"Personas con alguna discapacidad podr\u00e1n contender por ocho diputaciones en elecciones del \u00a06 de junio\",\"datePublished\":\"2021-03-19T00:40:39+00:00\",\"mainEntityOfPage\":{\"@id\":\"https:\/\/www.sonoraenequipo.com.mx\/personas-con-alguna-discapacidad-podran-contender-por-ocho-diputaciones-en-elecciones-del-6-de-junio\/\"},\"wordCount\":1000,\"commentCount\":0,\"publisher\":{\"@id\":\"https:\/\/www.sonoraenequipo.com.mx\/#organization\"},\"image\":{\"@id\":\"https:\/\/www.sonoraenequipo.com.mx\/personas-con-alguna-discapacidad-podran-contender-por-ocho-diputaciones-en-elecciones-del-6-de-junio\/#primaryimage\"},\"thumbnailUrl\":\"https:\/\/www.sonoraenequipo.com.mx\/storage\/2021\/03\/discapacidad-copy.jpg\",\"keywords\":[\"discapacidad\",\"ELECCIONES2021\",\"INE\"],\"articleSection\":[\"LA ELECCION 2024\"],\"inLanguage\":\"es\",\"potentialAction\":[{\"@type\":\"CommentAction\",\"name\":\"Comment\",\"target\":[\"https:\/\/www.sonoraenequipo.com.mx\/personas-con-alguna-discapacidad-podran-contender-por-ocho-diputaciones-en-elecciones-del-6-de-junio\/#respond\"]}]},{\"@type\":\"WebPage\",\"@id\":\"https:\/\/www.sonoraenequipo.com.mx\/personas-con-alguna-discapacidad-podran-contender-por-ocho-diputaciones-en-elecciones-del-6-de-junio\/\",\"url\":\"https:\/\/www.sonoraenequipo.com.mx\/personas-con-alguna-discapacidad-podran-contender-por-ocho-diputaciones-en-elecciones-del-6-de-junio\/\",\"name\":\"Sonora en Equipo. Personas con alguna discapacidad podr\u00e1n contender por ocho diputaciones en elecciones del \u00a06 de junio LA ELECCION 2024\",\"isPartOf\":{\"@id\":\"https:\/\/www.sonoraenequipo.com.mx\/#website\"},\"primaryImageOfPage\":{\"@id\":\"https:\/\/www.sonoraenequipo.com.mx\/personas-con-alguna-discapacidad-podran-contender-por-ocho-diputaciones-en-elecciones-del-6-de-junio\/#primaryimage\"},\"image\":{\"@id\":\"https:\/\/www.sonoraenequipo.com.mx\/personas-con-alguna-discapacidad-podran-contender-por-ocho-diputaciones-en-elecciones-del-6-de-junio\/#primaryimage\"},\"thumbnailUrl\":\"https:\/\/www.sonoraenequipo.com.mx\/storage\/2021\/03\/discapacidad-copy.jpg\",\"datePublished\":\"2021-03-19T00:40:39+00:00\",\"description\":\"Personas con alguna discapacidad podr\u00e1n contender por ocho diputaciones en elecciones del \u00a06 de junio &nbsp; \u25baNos encaminamos a la elecci\u00f3n m\u00e1s grande y En Sonora en Equipo publicamos toda la informaci\u00f3n de Sonora, M\u00e9xico y el Mundo de manera oportuna y busca que la libertad de expresi\u00f3n sea real. Visita nuestro medio informativo publicado desde Hermosillo, Sonora. %\",\"breadcrumb\":{\"@id\":\"https:\/\/www.sonoraenequipo.com.mx\/personas-con-alguna-discapacidad-podran-contender-por-ocho-diputaciones-en-elecciones-del-6-de-junio\/#breadcrumb\"},\"inLanguage\":\"es\",\"potentialAction\":[{\"@type\":\"ReadAction\",\"target\":[\"https:\/\/www.sonoraenequipo.com.mx\/personas-con-alguna-discapacidad-podran-contender-por-ocho-diputaciones-en-elecciones-del-6-de-junio\/\"]}]},{\"@type\":\"ImageObject\",\"inLanguage\":\"es\",\"@id\":\"https:\/\/www.sonoraenequipo.com.mx\/personas-con-alguna-discapacidad-podran-contender-por-ocho-diputaciones-en-elecciones-del-6-de-junio\/#primaryimage\",\"url\":\"https:\/\/www.sonoraenequipo.com.mx\/storage\/2021\/03\/discapacidad-copy.jpg\",\"contentUrl\":\"https:\/\/www.sonoraenequipo.com.mx\/storage\/2021\/03\/discapacidad-copy.jpg\",\"width\":500,\"height\":300},{\"@type\":\"BreadcrumbList\",\"@id\":\"https:\/\/www.sonoraenequipo.com.mx\/personas-con-alguna-discapacidad-podran-contender-por-ocho-diputaciones-en-elecciones-del-6-de-junio\/#breadcrumb\",\"itemListElement\":[{\"@type\":\"ListItem\",\"position\":1,\"name\":\"Portada\",\"item\":\"https:\/\/www.sonoraenequipo.com.mx\/\"},{\"@type\":\"ListItem\",\"position\":2,\"name\":\"Personas con alguna discapacidad podr\u00e1n contender por ocho diputaciones en elecciones del \u00a06 de junio\"}]},{\"@type\":\"WebSite\",\"@id\":\"https:\/\/www.sonoraenequipo.com.mx\/#website\",\"url\":\"https:\/\/www.sonoraenequipo.com.mx\/\",\"name\":\"Sonora en Equipo.\",\"description\":\"Diario en l\u00ednea con Noticias desde Hermosillo, Sonora\",\"publisher\":{\"@id\":\"https:\/\/www.sonoraenequipo.com.mx\/#organization\"},\"potentialAction\":[{\"@type\":\"SearchAction\",\"target\":{\"@type\":\"EntryPoint\",\"urlTemplate\":\"https:\/\/www.sonoraenequipo.com.mx\/?s={search_term_string}\"},\"query-input\":{\"@type\":\"PropertyValueSpecification\",\"valueRequired\":true,\"valueName\":\"search_term_string\"}}],\"inLanguage\":\"es\"},{\"@type\":\"Organization\",\"@id\":\"https:\/\/www.sonoraenequipo.com.mx\/#organization\",\"name\":\"Sonoraenequipo.com.mx\",\"url\":\"https:\/\/www.sonoraenequipo.com.mx\/\",\"logo\":{\"@type\":\"ImageObject\",\"inLanguage\":\"es\",\"@id\":\"https:\/\/www.sonoraenequipo.com.mx\/#\/schema\/logo\/image\/\",\"url\":\"https:\/\/www.sonoraenequipo.com.mx\/storage\/2019\/01\/sonoraenequipo_opt.png\",\"contentUrl\":\"https:\/\/www.sonoraenequipo.com.mx\/storage\/2019\/01\/sonoraenequipo_opt.png\",\"width\":375,\"height\":125,\"caption\":\"Sonoraenequipo.com.mx\"},\"image\":{\"@id\":\"https:\/\/www.sonoraenequipo.com.mx\/#\/schema\/logo\/image\/\"},\"sameAs\":[\"https:\/\/www.facebook.com\/SonoraEE\/\",\"https:\/\/x.com\/sonoraenequipo\",\"https:\/\/www.youtube.com\/channel\/UC338nW-lPEYmJQs4ZABQ1SQ\"]},{\"@type\":\"Person\",\"@id\":\"https:\/\/www.sonoraenequipo.com.mx\/#\/schema\/person\/50102df0fb23a8fa9e8effad8fa81386\",\"name\":\"enequipo\",\"image\":{\"@type\":\"ImageObject\",\"inLanguage\":\"es\",\"@id\":\"https:\/\/www.sonoraenequipo.com.mx\/#\/schema\/person\/image\/\",\"url\":\"https:\/\/secure.gravatar.com\/avatar\/049821681b589dabc0bc20695993ccebb09f5b5d4d790cd9251b97faac7c652b?s=96&d=blank&r=g\",\"contentUrl\":\"https:\/\/secure.gravatar.com\/avatar\/049821681b589dabc0bc20695993ccebb09f5b5d4d790cd9251b97faac7c652b?s=96&d=blank&r=g\",\"caption\":\"enequipo\"},\"sameAs\":[\"https:\/\/www.facebook.com\/SonoraEE\"]}]}<\/script>\n ","yoast_head_json":{"title":"Sonora en Equipo. Personas con alguna discapacidad podr\u00e1n contender por ocho diputaciones en elecciones del \u00a06 de junio LA ELECCION 2024","description":"Personas con alguna discapacidad podr\u00e1n contender por ocho diputaciones en elecciones del \u00a06 de junio &nbsp; \u25baNos encaminamos a la elecci\u00f3n m\u00e1s grande y En Sonora en Equipo publicamos toda la informaci\u00f3n de Sonora, M\u00e9xico y el Mundo de manera oportuna y busca que la libertad de expresi\u00f3n sea real. Visita nuestro medio informativo publicado desde Hermosillo, Sonora. %","robots":{"index":"index","follow":"follow","max-snippet":"max-snippet:-1","max-image-preview":"max-image-preview:large","max-video-preview":"max-video-preview:-1"},"canonical":"https:\/\/www.sonoraenequipo.com.mx\/personas-con-alguna-discapacidad-podran-contender-por-ocho-diputaciones-en-elecciones-del-6-de-junio\/","og_locale":"es_ES","og_type":"article","og_title":"Sonora en Equipo. Personas con alguna discapacidad podr\u00e1n contender por ocho diputaciones en elecciones del \u00a06 de junio LA ELECCION 2024","og_description":"Personas con alguna discapacidad podr\u00e1n contender por ocho diputaciones en elecciones del \u00a06 de junio &nbsp; \u25baNos encaminamos a la elecci\u00f3n m\u00e1s grande y En Sonora en Equipo publicamos toda la informaci\u00f3n de Sonora, M\u00e9xico y el Mundo de manera oportuna y busca que la libertad de expresi\u00f3n sea real. Visita nuestro medio informativo publicado desde Hermosillo, Sonora. %","og_url":"https:\/\/www.sonoraenequipo.com.mx\/personas-con-alguna-discapacidad-podran-contender-por-ocho-diputaciones-en-elecciones-del-6-de-junio\/","og_site_name":"Sonora en Equipo.","article_publisher":"https:\/\/www.facebook.com\/SonoraEE\/","article_author":"https:\/\/www.facebook.com\/SonoraEE","article_published_time":"2021-03-19T00:40:39+00:00","og_image":[{"width":500,"height":300,"url":"https:\/\/www.sonoraenequipo.com.mx\/storage\/2021\/03\/discapacidad-copy.jpg","type":"image\/jpeg"}],"author":"enequipo","twitter_card":"summary_large_image","twitter_creator":"@sonoraenequipo","twitter_site":"@sonoraenequipo","twitter_misc":{"Escrito por":"enequipo","Tiempo de lectura":"4 minutos"},"schema":{"@context":"https:\/\/schema.org","@graph":[{"@type":"Article","@id":"https:\/\/www.sonoraenequipo.com.mx\/personas-con-alguna-discapacidad-podran-contender-por-ocho-diputaciones-en-elecciones-del-6-de-junio\/#article","isPartOf":{"@id":"https:\/\/www.sonoraenequipo.com.mx\/personas-con-alguna-discapacidad-podran-contender-por-ocho-diputaciones-en-elecciones-del-6-de-junio\/"},"author":{"name":"enequipo","@id":"https:\/\/www.sonoraenequipo.com.mx\/#\/schema\/person\/50102df0fb23a8fa9e8effad8fa81386"},"headline":"Personas con alguna discapacidad podr\u00e1n contender por ocho diputaciones en elecciones del \u00a06 de junio","datePublished":"2021-03-19T00:40:39+00:00","mainEntityOfPage":{"@id":"https:\/\/www.sonoraenequipo.com.mx\/personas-con-alguna-discapacidad-podran-contender-por-ocho-diputaciones-en-elecciones-del-6-de-junio\/"},"wordCount":1000,"commentCount":0,"publisher":{"@id":"https:\/\/www.sonoraenequipo.com.mx\/#organization"},"image":{"@id":"https:\/\/www.sonoraenequipo.com.mx\/personas-con-alguna-discapacidad-podran-contender-por-ocho-diputaciones-en-elecciones-del-6-de-junio\/#primaryimage"},"thumbnailUrl":"https:\/\/www.sonoraenequipo.com.mx\/storage\/2021\/03\/discapacidad-copy.jpg","keywords":["discapacidad","ELECCIONES2021","INE"],"articleSection":["LA ELECCION 2024"],"inLanguage":"es","potentialAction":[{"@type":"CommentAction","name":"Comment","target":["https:\/\/www.sonoraenequipo.com.mx\/personas-con-alguna-discapacidad-podran-contender-por-ocho-diputaciones-en-elecciones-del-6-de-junio\/#respond"]}]},{"@type":"WebPage","@id":"https:\/\/www.sonoraenequipo.com.mx\/personas-con-alguna-discapacidad-podran-contender-por-ocho-diputaciones-en-elecciones-del-6-de-junio\/","url":"https:\/\/www.sonoraenequipo.com.mx\/personas-con-alguna-discapacidad-podran-contender-por-ocho-diputaciones-en-elecciones-del-6-de-junio\/","name":"Sonora en Equipo. Personas con alguna discapacidad podr\u00e1n contender por ocho diputaciones en elecciones del \u00a06 de junio LA ELECCION 2024","isPartOf":{"@id":"https:\/\/www.sonoraenequipo.com.mx\/#website"},"primaryImageOfPage":{"@id":"https:\/\/www.sonoraenequipo.com.mx\/personas-con-alguna-discapacidad-podran-contender-por-ocho-diputaciones-en-elecciones-del-6-de-junio\/#primaryimage"},"image":{"@id":"https:\/\/www.sonoraenequipo.com.mx\/personas-con-alguna-discapacidad-podran-contender-por-ocho-diputaciones-en-elecciones-del-6-de-junio\/#primaryimage"},"thumbnailUrl":"https:\/\/www.sonoraenequipo.com.mx\/storage\/2021\/03\/discapacidad-copy.jpg","datePublished":"2021-03-19T00:40:39+00:00","description":"Personas con alguna discapacidad podr\u00e1n contender por ocho diputaciones en elecciones del \u00a06 de junio &nbsp; \u25baNos encaminamos a la elecci\u00f3n m\u00e1s grande y En Sonora en Equipo publicamos toda la informaci\u00f3n de Sonora, M\u00e9xico y el Mundo de manera oportuna y busca que la libertad de expresi\u00f3n sea real. Visita nuestro medio informativo publicado desde Hermosillo, Sonora. %","breadcrumb":{"@id":"https:\/\/www.sonoraenequipo.com.mx\/personas-con-alguna-discapacidad-podran-contender-por-ocho-diputaciones-en-elecciones-del-6-de-junio\/#breadcrumb"},"inLanguage":"es","potentialAction":[{"@type":"ReadAction","target":["https:\/\/www.sonoraenequipo.com.mx\/personas-con-alguna-discapacidad-podran-contender-por-ocho-diputaciones-en-elecciones-del-6-de-junio\/"]}]},{"@type":"ImageObject","inLanguage":"es","@id":"https:\/\/www.sonoraenequipo.com.mx\/personas-con-alguna-discapacidad-podran-contender-por-ocho-diputaciones-en-elecciones-del-6-de-junio\/#primaryimage","url":"https:\/\/www.sonoraenequipo.com.mx\/storage\/2021\/03\/discapacidad-copy.jpg","contentUrl":"https:\/\/www.sonoraenequipo.com.mx\/storage\/2021\/03\/discapacidad-copy.jpg","width":500,"height":300},{"@type":"BreadcrumbList","@id":"https:\/\/www.sonoraenequipo.com.mx\/personas-con-alguna-discapacidad-podran-contender-por-ocho-diputaciones-en-elecciones-del-6-de-junio\/#breadcrumb","itemListElement":[{"@type":"ListItem","position":1,"name":"Portada","item":"https:\/\/www.sonoraenequipo.com.mx\/"},{"@type":"ListItem","position":2,"name":"Personas con alguna discapacidad podr\u00e1n contender por ocho diputaciones en elecciones del \u00a06 de junio"}]},{"@type":"WebSite","@id":"https:\/\/www.sonoraenequipo.com.mx\/#website","url":"https:\/\/www.sonoraenequipo.com.mx\/","name":"Sonora en Equipo.","description":"Diario en l\u00ednea con Noticias desde Hermosillo, Sonora","publisher":{"@id":"https:\/\/www.sonoraenequipo.com.mx\/#organization"},"potentialAction":[{"@type":"SearchAction","target":{"@type":"EntryPoint","urlTemplate":"https:\/\/www.sonoraenequipo.com.mx\/?s={search_term_string}"},"query-input":{"@type":"PropertyValueSpecification","valueRequired":true,"valueName":"search_term_string"}}],"inLanguage":"es"},{"@type":"Organization","@id":"https:\/\/www.sonoraenequipo.com.mx\/#organization","name":"Sonoraenequipo.com.mx","url":"https:\/\/www.sonoraenequipo.com.mx\/","logo":{"@type":"ImageObject","inLanguage":"es","@id":"https:\/\/www.sonoraenequipo.com.mx\/#\/schema\/logo\/image\/","url":"https:\/\/www.sonoraenequipo.com.mx\/storage\/2019\/01\/sonoraenequipo_opt.png","contentUrl":"https:\/\/www.sonoraenequipo.com.mx\/storage\/2019\/01\/sonoraenequipo_opt.png","width":375,"height":125,"caption":"Sonoraenequipo.com.mx"},"image":{"@id":"https:\/\/www.sonoraenequipo.com.mx\/#\/schema\/logo\/image\/"},"sameAs":["https:\/\/www.facebook.com\/SonoraEE\/","https:\/\/x.com\/sonoraenequipo","https:\/\/www.youtube.com\/channel\/UC338nW-lPEYmJQs4ZABQ1SQ"]},{"@type":"Person","@id":"https:\/\/www.sonoraenequipo.com.mx\/#\/schema\/person\/50102df0fb23a8fa9e8effad8fa81386","name":"enequipo","image":{"@type":"ImageObject","inLanguage":"es","@id":"https:\/\/www.sonoraenequipo.com.mx\/#\/schema\/person\/image\/","url":"https:\/\/secure.gravatar.com\/avatar\/049821681b589dabc0bc20695993ccebb09f5b5d4d790cd9251b97faac7c652b?s=96&d=blank&r=g","contentUrl":"https:\/\/secure.gravatar.com\/avatar\/049821681b589dabc0bc20695993ccebb09f5b5d4d790cd9251b97faac7c652b?s=96&d=blank&r=g","caption":"enequipo"},"sameAs":["https:\/\/www.facebook.com\/SonoraEE"]}]}},"jetpack_featured_media_url":"https:\/\/www.sonoraenequipo.com.mx\/storage\/2021\/03\/discapacidad-copy.jpg","_links":{"self":[{"href":"https:\/\/www.sonoraenequipo.com.mx\/api\/wp\/v2\/posts\/109520","targetHints":{"allow":["GET"]}}],"collection":[{"href":"https:\/\/www.sonoraenequipo.com.mx\/api\/wp\/v2\/posts"}],"about":[{"href":"https:\/\/www.sonoraenequipo.com.mx\/api\/wp\/v2\/types\/post"}],"author":[{"embeddable":true,"href":"https:\/\/www.sonoraenequipo.com.mx\/api\/wp\/v2\/users\/1"}],"replies":[{"embeddable":true,"href":"https:\/\/www.sonoraenequipo.com.mx\/api\/wp\/v2\/comments?post=109520"}],"version-history":[{"count":1,"href":"https:\/\/www.sonoraenequipo.com.mx\/api\/wp\/v2\/posts\/109520\/revisions"}],"predecessor-version":[{"id":109522,"href":"https:\/\/www.sonoraenequipo.com.mx\/api\/wp\/v2\/posts\/109520\/revisions\/109522"}],"wp:featuredmedia":[{"embeddable":true,"href":"https:\/\/www.sonoraenequipo.com.mx\/api\/wp\/v2\/media\/109521"}],"wp:attachment":[{"href":"https:\/\/www.sonoraenequipo.com.mx\/api\/wp\/v2\/media?parent=109520"}],"wp:term":[{"taxonomy":"category","embeddable":true,"href":"https:\/\/www.sonoraenequipo.com.mx\/api\/wp\/v2\/categories?post=109520"},{"taxonomy":"post_tag","embeddable":true,"href":"https:\/\/www.sonoraenequipo.com.mx\/api\/wp\/v2\/tags?post=109520"}],"curies":[{"name":"wp","href":"https:\/\/api.w.org\/{rel}","templated":true}]}}