{"id":109540,"date":"2021-03-18T17:00:37","date_gmt":"2021-03-19T00:00:37","guid":{"rendered":"https:\/\/www.sonoraenequipo.com.mx\/?p=109540"},"modified":"2021-03-18T21:17:18","modified_gmt":"2021-03-19T04:17:18","slug":"democratas-de-eua-promueven-ley-de-autodeterminacion-de-puerto-rico","status":"publish","type":"post","link":"https:\/\/www.sonoraenequipo.com.mx\/democratas-de-eua-promueven-ley-de-autodeterminacion-de-puerto-rico\/","title":{"rendered":"Dem\u00f3cratas de EUA promueven &#8216;ley de autodeterminaci\u00f3n de Puerto Rico&#8217;"},"content":{"rendered":"<p>ESTADOS UNIDOS. \u2014 Un grupo de legisladores dem\u00f3cratas present\u00f3 hoy en el Senado y la C\u00e1mara de Representantes de Estados Unidos un proyecto de ley de \u00abautodeterminaci\u00f3n de Puerto Rico\u00bb que llevar\u00eda a una convenci\u00f3n, elegida por los puertorrique\u00f1os, que determine el estatus futuro de la isla.<\/p>\n<p>&nbsp;<\/p>\n<p> <\/p>\n<p>&nbsp;<\/p>\n<p><em>\u00abHace m\u00e1s de un siglo, Estados Unidos invadi\u00f3 Puerto Rico. Desde entonces, Puerto Rico ha estado bajo Gobierno colonial\u00bb<\/em>, afirm\u00f3 la representante Nydia Vel\u00e1zquez, de origen puertorrique\u00f1o, en una conferencia de prensa para presentar la iniciativa legal.<\/p>\n<p>&nbsp;<\/p>\n<p>&nbsp;<\/p>\n<p><em>\u00abEl Congreso debe asumir su responsabilidad e iniciar un di\u00e1logo serio con el pueblo de Puerto Rico para avanzar\u00bb,<\/em> a\u00f1adi\u00f3 Vel\u00e1zquez, que estuvo acompa\u00f1ada por la representante Alexandria Ocasio-Cortez y el senador Bob Men\u00e9ndez.<\/p>\n<p>&nbsp;<\/p>\n<p><em>\u00abLa legislaci\u00f3n reconoce el derecho inherente del pueblo de Puerto Rico a determinar su propio futuro pol\u00edtico\u00bb,<\/em> explic\u00f3 Vel\u00e1zquez, al tiempo que asegur\u00f3 que esta legislaci\u00f3n tiene como fin crear \u00abuna convenci\u00f3n, elegida por el pueblo de Puerto Rico, que decidir\u00e1 ese futuro\u00bb.<\/p>\n<p>&nbsp;<\/p>\n<p>El proyecto de ley estipula que dicha convenci\u00f3n estar\u00e1 integrada por el n\u00famero de delegados que determine la legislatura puertorrique\u00f1a y que la decisi\u00f3n sobre el futuro de la isla la tomar\u00e1 ese \u00f3rgano, \u00abno<em> el Congreso\u00bb<\/em> de Estados Unidos.<\/p>\n<p>&nbsp;<\/p>\n<p>Los promotores de la iniciativa han dicho que la convenci\u00f3n podr\u00eda considerar todas las opciones, desde la estadidad a la independencia, o el mantenimiento de la actual condici\u00f3n de estado libre asociado de EUA.<\/p>\n<p>&nbsp;<\/p>\n<p><em>\u00abPor d\u00e9cadas hemos visto las carencias y desigualdades resultantes del actual arreglo con Estados Unidos\u00bb,<\/em> dijo Men\u00e9ndez, dem\u00f3crata por Nueva Jersey.<\/p>\n<p>&nbsp;<\/p>\n<p><em>\u00abA m\u00e1s de tres millones de residentes de Puerto rico, que son ciudadanos estadounidenses, se les ha negado el derecho de gobernarse a s\u00ed mismos\u00bb<\/em>, agreg\u00f3.<\/p>\n<p>&nbsp;<\/p>\n<p><em>\u00abLa premisa de esta legislaci\u00f3n es simple: el futuro de Puerto Rico deber\u00eda estar en manos del pueblo de Puerto Rico\u00bb<\/em>, agreg\u00f3 el senador dem\u00f3crata, que indic\u00f3 que <em>\u00abel problema es que jam\u00e1s ha habido un proceso democr\u00e1tico, viable e inclusivo para que el pueblo de Puerto Rico elija su propio futuro\u00bb.<\/em><\/p>\n<p>&nbsp;<\/p>\n<p>Puerto Rico es un estado libre asociado a EUA desde 1952, con Constituci\u00f3n y Asamblea Legislativa propia, pero sometido a los poderes plenipotenciarios del Congreso estadounidense.<\/p>\n<p>&nbsp;<\/p>\n<p>(Publicada el 18\/03\/2021)<\/p>\n","protected":false},"excerpt":{"rendered":"<p>ESTADOS UNIDOS. \u2014 Un grupo de legisladores dem\u00f3cratas present\u00f3 hoy en el Senado y la&#8230;<\/p>\n","protected":false},"author":1,"featured_media":109541,"comment_status":"open","ping_status":"open","sticky":false,"template":"","format":"standard","meta":{"_monsterinsights_skip_tracking":false,"_monsterinsights_sitenote_active":false,"_monsterinsights_sitenote_note":"","_monsterinsights_sitenote_category":0,"footnotes":""},"categories":[3],"tags":[],"class_list":["post"],"yoast_head":" \n<title>Sonora en Equipo. Dem\u00f3cratas de EUA promueven &#039;ley de autodeterminaci\u00f3n de Puerto Rico&#039; MUNDO<\/title>\n<meta name=\"description\" content=\"ESTADOS UNIDOS. \u2014 Un grupo de legisladores dem\u00f3cratas present\u00f3 hoy en el Senado y la C\u00e1mara de Representantes de Estados Unidos un proyecto de ley de En Sonora en Equipo publicamos toda la informaci\u00f3n de Sonora, M\u00e9xico y el Mundo de manera oportuna y busca que la libertad de expresi\u00f3n sea real. Visita nuestro medio informativo publicado desde Hermosillo, Sonora. %\" \/>\n<meta name=\"robots\" content=\"index, follow, max-snippet:-1, max-image-preview:large, max-video-preview:-1\" \/>\n<link rel=\"canonical\" href=\"https:\/\/www.sonoraenequipo.com.mx\/democratas-de-eua-promueven-ley-de-autodeterminacion-de-puerto-rico\/\" \/>\n<meta property=\"og:locale\" content=\"es_ES\" \/>\n<meta property=\"og:type\" content=\"article\" \/>\n<meta property=\"og:title\" content=\"Sonora en Equipo. Dem\u00f3cratas de EUA promueven &#039;ley de autodeterminaci\u00f3n de Puerto Rico&#039; MUNDO\" \/>\n<meta property=\"og:description\" content=\"ESTADOS UNIDOS. \u2014 Un grupo de legisladores dem\u00f3cratas present\u00f3 hoy en el Senado y la C\u00e1mara de Representantes de Estados Unidos un proyecto de ley de En Sonora en Equipo publicamos toda la informaci\u00f3n de Sonora, M\u00e9xico y el Mundo de manera oportuna y busca que la libertad de expresi\u00f3n sea real. Visita nuestro medio informativo publicado desde Hermosillo, Sonora. %\" \/>\n<meta property=\"og:url\" content=\"https:\/\/www.sonoraenequipo.com.mx\/democratas-de-eua-promueven-ley-de-autodeterminacion-de-puerto-rico\/\" \/>\n<meta property=\"og:site_name\" content=\"Sonora en Equipo.\" \/>\n<meta property=\"article:publisher\" content=\"https:\/\/www.facebook.com\/SonoraEE\/\" \/>\n<meta property=\"article:author\" content=\"https:\/\/www.facebook.com\/SonoraEE\" \/>\n<meta property=\"article:published_time\" content=\"2021-03-19T00:00:37+00:00\" \/>\n<meta property=\"article:modified_time\" content=\"2021-03-19T04:17:18+00:00\" \/>\n<meta property=\"og:image\" content=\"https:\/\/www.sonoraenequipo.com.mx\/storage\/2021\/03\/puerto-rico_opt2.jpg\" \/>\n\t<meta property=\"og:image:width\" content=\"600\" \/>\n\t<meta property=\"og:image:height\" content=\"400\" \/>\n\t<meta property=\"og:image:type\" content=\"image\/jpeg\" \/>\n<meta name=\"author\" content=\"enequipo\" \/>\n<meta name=\"twitter:card\" content=\"summary_large_image\" \/>\n<meta name=\"twitter:creator\" content=\"@sonoraenequipo\" \/>\n<meta name=\"twitter:site\" content=\"@sonoraenequipo\" \/>\n<meta name=\"twitter:label1\" content=\"Escrito por\" \/>\n\t<meta name=\"twitter:data1\" content=\"enequipo\" \/>\n\t<meta name=\"twitter:label2\" content=\"Tiempo de lectura\" \/>\n\t<meta name=\"twitter:data2\" content=\"2 minutos\" \/>\n<script type=\"application\/ld+json\" class=\"yoast-schema-graph\">{\"@context\":\"https:\/\/schema.org\",\"@graph\":[{\"@type\":\"Article\",\"@id\":\"https:\/\/www.sonoraenequipo.com.mx\/democratas-de-eua-promueven-ley-de-autodeterminacion-de-puerto-rico\/#article\",\"isPartOf\":{\"@id\":\"https:\/\/www.sonoraenequipo.com.mx\/democratas-de-eua-promueven-ley-de-autodeterminacion-de-puerto-rico\/\"},\"author\":{\"name\":\"enequipo\",\"@id\":\"https:\/\/www.sonoraenequipo.com.mx\/#\/schema\/person\/50102df0fb23a8fa9e8effad8fa81386\"},\"headline\":\"Dem\u00f3cratas de EUA promueven &#8216;ley de autodeterminaci\u00f3n de Puerto Rico&#8217;\",\"datePublished\":\"2021-03-19T00:00:37+00:00\",\"dateModified\":\"2021-03-19T04:17:18+00:00\",\"mainEntityOfPage\":{\"@id\":\"https:\/\/www.sonoraenequipo.com.mx\/democratas-de-eua-promueven-ley-de-autodeterminacion-de-puerto-rico\/\"},\"wordCount\":420,\"commentCount\":0,\"publisher\":{\"@id\":\"https:\/\/www.sonoraenequipo.com.mx\/#organization\"},\"image\":{\"@id\":\"https:\/\/www.sonoraenequipo.com.mx\/democratas-de-eua-promueven-ley-de-autodeterminacion-de-puerto-rico\/#primaryimage\"},\"thumbnailUrl\":\"https:\/\/www.sonoraenequipo.com.mx\/storage\/2021\/03\/puerto-rico_opt2.jpg\",\"articleSection\":[\"MUNDO\"],\"inLanguage\":\"es\",\"potentialAction\":[{\"@type\":\"CommentAction\",\"name\":\"Comment\",\"target\":[\"https:\/\/www.sonoraenequipo.com.mx\/democratas-de-eua-promueven-ley-de-autodeterminacion-de-puerto-rico\/#respond\"]}]},{\"@type\":\"WebPage\",\"@id\":\"https:\/\/www.sonoraenequipo.com.mx\/democratas-de-eua-promueven-ley-de-autodeterminacion-de-puerto-rico\/\",\"url\":\"https:\/\/www.sonoraenequipo.com.mx\/democratas-de-eua-promueven-ley-de-autodeterminacion-de-puerto-rico\/\",\"name\":\"Sonora en Equipo. Dem\u00f3cratas de EUA promueven 'ley de autodeterminaci\u00f3n de Puerto Rico' MUNDO\",\"isPartOf\":{\"@id\":\"https:\/\/www.sonoraenequipo.com.mx\/#website\"},\"primaryImageOfPage\":{\"@id\":\"https:\/\/www.sonoraenequipo.com.mx\/democratas-de-eua-promueven-ley-de-autodeterminacion-de-puerto-rico\/#primaryimage\"},\"image\":{\"@id\":\"https:\/\/www.sonoraenequipo.com.mx\/democratas-de-eua-promueven-ley-de-autodeterminacion-de-puerto-rico\/#primaryimage\"},\"thumbnailUrl\":\"https:\/\/www.sonoraenequipo.com.mx\/storage\/2021\/03\/puerto-rico_opt2.jpg\",\"datePublished\":\"2021-03-19T00:00:37+00:00\",\"dateModified\":\"2021-03-19T04:17:18+00:00\",\"description\":\"ESTADOS UNIDOS. \u2014 Un grupo de legisladores dem\u00f3cratas present\u00f3 hoy en el Senado y la C\u00e1mara de Representantes de Estados Unidos un proyecto de ley de En Sonora en Equipo publicamos toda la informaci\u00f3n de Sonora, M\u00e9xico y el Mundo de manera oportuna y busca que la libertad de expresi\u00f3n sea real. Visita nuestro medio informativo publicado desde Hermosillo, Sonora. %\",\"breadcrumb\":{\"@id\":\"https:\/\/www.sonoraenequipo.com.mx\/democratas-de-eua-promueven-ley-de-autodeterminacion-de-puerto-rico\/#breadcrumb\"},\"inLanguage\":\"es\",\"potentialAction\":[{\"@type\":\"ReadAction\",\"target\":[\"https:\/\/www.sonoraenequipo.com.mx\/democratas-de-eua-promueven-ley-de-autodeterminacion-de-puerto-rico\/\"]}]},{\"@type\":\"ImageObject\",\"inLanguage\":\"es\",\"@id\":\"https:\/\/www.sonoraenequipo.com.mx\/democratas-de-eua-promueven-ley-de-autodeterminacion-de-puerto-rico\/#primaryimage\",\"url\":\"https:\/\/www.sonoraenequipo.com.mx\/storage\/2021\/03\/puerto-rico_opt2.jpg\",\"contentUrl\":\"https:\/\/www.sonoraenequipo.com.mx\/storage\/2021\/03\/puerto-rico_opt2.jpg\",\"width\":600,\"height\":400},{\"@type\":\"BreadcrumbList\",\"@id\":\"https:\/\/www.sonoraenequipo.com.mx\/democratas-de-eua-promueven-ley-de-autodeterminacion-de-puerto-rico\/#breadcrumb\",\"itemListElement\":[{\"@type\":\"ListItem\",\"position\":1,\"name\":\"Portada\",\"item\":\"https:\/\/www.sonoraenequipo.com.mx\/\"},{\"@type\":\"ListItem\",\"position\":2,\"name\":\"Dem\u00f3cratas de EUA promueven &#8216;ley de autodeterminaci\u00f3n de Puerto Rico&#8217;\"}]},{\"@type\":\"WebSite\",\"@id\":\"https:\/\/www.sonoraenequipo.com.mx\/#website\",\"url\":\"https:\/\/www.sonoraenequipo.com.mx\/\",\"name\":\"Sonora en Equipo.\",\"description\":\"Diario en l\u00ednea con Noticias desde Hermosillo, Sonora\",\"publisher\":{\"@id\":\"https:\/\/www.sonoraenequipo.com.mx\/#organization\"},\"potentialAction\":[{\"@type\":\"SearchAction\",\"target\":{\"@type\":\"EntryPoint\",\"urlTemplate\":\"https:\/\/www.sonoraenequipo.com.mx\/?s={search_term_string}\"},\"query-input\":{\"@type\":\"PropertyValueSpecification\",\"valueRequired\":true,\"valueName\":\"search_term_string\"}}],\"inLanguage\":\"es\"},{\"@type\":\"Organization\",\"@id\":\"https:\/\/www.sonoraenequipo.com.mx\/#organization\",\"name\":\"Sonoraenequipo.com.mx\",\"url\":\"https:\/\/www.sonoraenequipo.com.mx\/\",\"logo\":{\"@type\":\"ImageObject\",\"inLanguage\":\"es\",\"@id\":\"https:\/\/www.sonoraenequipo.com.mx\/#\/schema\/logo\/image\/\",\"url\":\"https:\/\/www.sonoraenequipo.com.mx\/storage\/2019\/01\/sonoraenequipo_opt.png\",\"contentUrl\":\"https:\/\/www.sonoraenequipo.com.mx\/storage\/2019\/01\/sonoraenequipo_opt.png\",\"width\":375,\"height\":125,\"caption\":\"Sonoraenequipo.com.mx\"},\"image\":{\"@id\":\"https:\/\/www.sonoraenequipo.com.mx\/#\/schema\/logo\/image\/\"},\"sameAs\":[\"https:\/\/www.facebook.com\/SonoraEE\/\",\"https:\/\/x.com\/sonoraenequipo\",\"https:\/\/www.youtube.com\/channel\/UC338nW-lPEYmJQs4ZABQ1SQ\"]},{\"@type\":\"Person\",\"@id\":\"https:\/\/www.sonoraenequipo.com.mx\/#\/schema\/person\/50102df0fb23a8fa9e8effad8fa81386\",\"name\":\"enequipo\",\"image\":{\"@type\":\"ImageObject\",\"inLanguage\":\"es\",\"@id\":\"https:\/\/www.sonoraenequipo.com.mx\/#\/schema\/person\/image\/\",\"url\":\"https:\/\/secure.gravatar.com\/avatar\/049821681b589dabc0bc20695993ccebb09f5b5d4d790cd9251b97faac7c652b?s=96&d=blank&r=g\",\"contentUrl\":\"https:\/\/secure.gravatar.com\/avatar\/049821681b589dabc0bc20695993ccebb09f5b5d4d790cd9251b97faac7c652b?s=96&d=blank&r=g\",\"caption\":\"enequipo\"},\"sameAs\":[\"https:\/\/www.facebook.com\/SonoraEE\"]}]}<\/script>\n ","yoast_head_json":{"title":"Sonora en Equipo. Dem\u00f3cratas de EUA promueven 'ley de autodeterminaci\u00f3n de Puerto Rico' MUNDO","description":"ESTADOS UNIDOS. \u2014 Un grupo de legisladores dem\u00f3cratas present\u00f3 hoy en el Senado y la C\u00e1mara de Representantes de Estados Unidos un proyecto de ley de En Sonora en Equipo publicamos toda la informaci\u00f3n de Sonora, M\u00e9xico y el Mundo de manera oportuna y busca que la libertad de expresi\u00f3n sea real. Visita nuestro medio informativo publicado desde Hermosillo, Sonora. %","robots":{"index":"index","follow":"follow","max-snippet":"max-snippet:-1","max-image-preview":"max-image-preview:large","max-video-preview":"max-video-preview:-1"},"canonical":"https:\/\/www.sonoraenequipo.com.mx\/democratas-de-eua-promueven-ley-de-autodeterminacion-de-puerto-rico\/","og_locale":"es_ES","og_type":"article","og_title":"Sonora en Equipo. Dem\u00f3cratas de EUA promueven 'ley de autodeterminaci\u00f3n de Puerto Rico' MUNDO","og_description":"ESTADOS UNIDOS. \u2014 Un grupo de legisladores dem\u00f3cratas present\u00f3 hoy en el Senado y la C\u00e1mara de Representantes de Estados Unidos un proyecto de ley de En Sonora en Equipo publicamos toda la informaci\u00f3n de Sonora, M\u00e9xico y el Mundo de manera oportuna y busca que la libertad de expresi\u00f3n sea real. Visita nuestro medio informativo publicado desde Hermosillo, Sonora. %","og_url":"https:\/\/www.sonoraenequipo.com.mx\/democratas-de-eua-promueven-ley-de-autodeterminacion-de-puerto-rico\/","og_site_name":"Sonora en Equipo.","article_publisher":"https:\/\/www.facebook.com\/SonoraEE\/","article_author":"https:\/\/www.facebook.com\/SonoraEE","article_published_time":"2021-03-19T00:00:37+00:00","article_modified_time":"2021-03-19T04:17:18+00:00","og_image":[{"width":600,"height":400,"url":"https:\/\/www.sonoraenequipo.com.mx\/storage\/2021\/03\/puerto-rico_opt2.jpg","type":"image\/jpeg"}],"author":"enequipo","twitter_card":"summary_large_image","twitter_creator":"@sonoraenequipo","twitter_site":"@sonoraenequipo","twitter_misc":{"Escrito por":"enequipo","Tiempo de lectura":"2 minutos"},"schema":{"@context":"https:\/\/schema.org","@graph":[{"@type":"Article","@id":"https:\/\/www.sonoraenequipo.com.mx\/democratas-de-eua-promueven-ley-de-autodeterminacion-de-puerto-rico\/#article","isPartOf":{"@id":"https:\/\/www.sonoraenequipo.com.mx\/democratas-de-eua-promueven-ley-de-autodeterminacion-de-puerto-rico\/"},"author":{"name":"enequipo","@id":"https:\/\/www.sonoraenequipo.com.mx\/#\/schema\/person\/50102df0fb23a8fa9e8effad8fa81386"},"headline":"Dem\u00f3cratas de EUA promueven &#8216;ley de autodeterminaci\u00f3n de Puerto Rico&#8217;","datePublished":"2021-03-19T00:00:37+00:00","dateModified":"2021-03-19T04:17:18+00:00","mainEntityOfPage":{"@id":"https:\/\/www.sonoraenequipo.com.mx\/democratas-de-eua-promueven-ley-de-autodeterminacion-de-puerto-rico\/"},"wordCount":420,"commentCount":0,"publisher":{"@id":"https:\/\/www.sonoraenequipo.com.mx\/#organization"},"image":{"@id":"https:\/\/www.sonoraenequipo.com.mx\/democratas-de-eua-promueven-ley-de-autodeterminacion-de-puerto-rico\/#primaryimage"},"thumbnailUrl":"https:\/\/www.sonoraenequipo.com.mx\/storage\/2021\/03\/puerto-rico_opt2.jpg","articleSection":["MUNDO"],"inLanguage":"es","potentialAction":[{"@type":"CommentAction","name":"Comment","target":["https:\/\/www.sonoraenequipo.com.mx\/democratas-de-eua-promueven-ley-de-autodeterminacion-de-puerto-rico\/#respond"]}]},{"@type":"WebPage","@id":"https:\/\/www.sonoraenequipo.com.mx\/democratas-de-eua-promueven-ley-de-autodeterminacion-de-puerto-rico\/","url":"https:\/\/www.sonoraenequipo.com.mx\/democratas-de-eua-promueven-ley-de-autodeterminacion-de-puerto-rico\/","name":"Sonora en Equipo. Dem\u00f3cratas de EUA promueven 'ley de autodeterminaci\u00f3n de Puerto Rico' MUNDO","isPartOf":{"@id":"https:\/\/www.sonoraenequipo.com.mx\/#website"},"primaryImageOfPage":{"@id":"https:\/\/www.sonoraenequipo.com.mx\/democratas-de-eua-promueven-ley-de-autodeterminacion-de-puerto-rico\/#primaryimage"},"image":{"@id":"https:\/\/www.sonoraenequipo.com.mx\/democratas-de-eua-promueven-ley-de-autodeterminacion-de-puerto-rico\/#primaryimage"},"thumbnailUrl":"https:\/\/www.sonoraenequipo.com.mx\/storage\/2021\/03\/puerto-rico_opt2.jpg","datePublished":"2021-03-19T00:00:37+00:00","dateModified":"2021-03-19T04:17:18+00:00","description":"ESTADOS UNIDOS. \u2014 Un grupo de legisladores dem\u00f3cratas present\u00f3 hoy en el Senado y la C\u00e1mara de Representantes de Estados Unidos un proyecto de ley de En Sonora en Equipo publicamos toda la informaci\u00f3n de Sonora, M\u00e9xico y el Mundo de manera oportuna y busca que la libertad de expresi\u00f3n sea real. Visita nuestro medio informativo publicado desde Hermosillo, Sonora. %","breadcrumb":{"@id":"https:\/\/www.sonoraenequipo.com.mx\/democratas-de-eua-promueven-ley-de-autodeterminacion-de-puerto-rico\/#breadcrumb"},"inLanguage":"es","potentialAction":[{"@type":"ReadAction","target":["https:\/\/www.sonoraenequipo.com.mx\/democratas-de-eua-promueven-ley-de-autodeterminacion-de-puerto-rico\/"]}]},{"@type":"ImageObject","inLanguage":"es","@id":"https:\/\/www.sonoraenequipo.com.mx\/democratas-de-eua-promueven-ley-de-autodeterminacion-de-puerto-rico\/#primaryimage","url":"https:\/\/www.sonoraenequipo.com.mx\/storage\/2021\/03\/puerto-rico_opt2.jpg","contentUrl":"https:\/\/www.sonoraenequipo.com.mx\/storage\/2021\/03\/puerto-rico_opt2.jpg","width":600,"height":400},{"@type":"BreadcrumbList","@id":"https:\/\/www.sonoraenequipo.com.mx\/democratas-de-eua-promueven-ley-de-autodeterminacion-de-puerto-rico\/#breadcrumb","itemListElement":[{"@type":"ListItem","position":1,"name":"Portada","item":"https:\/\/www.sonoraenequipo.com.mx\/"},{"@type":"ListItem","position":2,"name":"Dem\u00f3cratas de EUA promueven &#8216;ley de autodeterminaci\u00f3n de Puerto Rico&#8217;"}]},{"@type":"WebSite","@id":"https:\/\/www.sonoraenequipo.com.mx\/#website","url":"https:\/\/www.sonoraenequipo.com.mx\/","name":"Sonora en Equipo.","description":"Diario en l\u00ednea con Noticias desde Hermosillo, Sonora","publisher":{"@id":"https:\/\/www.sonoraenequipo.com.mx\/#organization"},"potentialAction":[{"@type":"SearchAction","target":{"@type":"EntryPoint","urlTemplate":"https:\/\/www.sonoraenequipo.com.mx\/?s={search_term_string}"},"query-input":{"@type":"PropertyValueSpecification","valueRequired":true,"valueName":"search_term_string"}}],"inLanguage":"es"},{"@type":"Organization","@id":"https:\/\/www.sonoraenequipo.com.mx\/#organization","name":"Sonoraenequipo.com.mx","url":"https:\/\/www.sonoraenequipo.com.mx\/","logo":{"@type":"ImageObject","inLanguage":"es","@id":"https:\/\/www.sonoraenequipo.com.mx\/#\/schema\/logo\/image\/","url":"https:\/\/www.sonoraenequipo.com.mx\/storage\/2019\/01\/sonoraenequipo_opt.png","contentUrl":"https:\/\/www.sonoraenequipo.com.mx\/storage\/2019\/01\/sonoraenequipo_opt.png","width":375,"height":125,"caption":"Sonoraenequipo.com.mx"},"image":{"@id":"https:\/\/www.sonoraenequipo.com.mx\/#\/schema\/logo\/image\/"},"sameAs":["https:\/\/www.facebook.com\/SonoraEE\/","https:\/\/x.com\/sonoraenequipo","https:\/\/www.youtube.com\/channel\/UC338nW-lPEYmJQs4ZABQ1SQ"]},{"@type":"Person","@id":"https:\/\/www.sonoraenequipo.com.mx\/#\/schema\/person\/50102df0fb23a8fa9e8effad8fa81386","name":"enequipo","image":{"@type":"ImageObject","inLanguage":"es","@id":"https:\/\/www.sonoraenequipo.com.mx\/#\/schema\/person\/image\/","url":"https:\/\/secure.gravatar.com\/avatar\/049821681b589dabc0bc20695993ccebb09f5b5d4d790cd9251b97faac7c652b?s=96&d=blank&r=g","contentUrl":"https:\/\/secure.gravatar.com\/avatar\/049821681b589dabc0bc20695993ccebb09f5b5d4d790cd9251b97faac7c652b?s=96&d=blank&r=g","caption":"enequipo"},"sameAs":["https:\/\/www.facebook.com\/SonoraEE"]}]}},"jetpack_featured_media_url":"https:\/\/www.sonoraenequipo.com.mx\/storage\/2021\/03\/puerto-rico_opt2.jpg","_links":{"self":[{"href":"https:\/\/www.sonoraenequipo.com.mx\/api\/wp\/v2\/posts\/109540","targetHints":{"allow":["GET"]}}],"collection":[{"href":"https:\/\/www.sonoraenequipo.com.mx\/api\/wp\/v2\/posts"}],"about":[{"href":"https:\/\/www.sonoraenequipo.com.mx\/api\/wp\/v2\/types\/post"}],"author":[{"embeddable":true,"href":"https:\/\/www.sonoraenequipo.com.mx\/api\/wp\/v2\/users\/1"}],"replies":[{"embeddable":true,"href":"https:\/\/www.sonoraenequipo.com.mx\/api\/wp\/v2\/comments?post=109540"}],"version-history":[{"count":1,"href":"https:\/\/www.sonoraenequipo.com.mx\/api\/wp\/v2\/posts\/109540\/revisions"}],"predecessor-version":[{"id":109543,"href":"https:\/\/www.sonoraenequipo.com.mx\/api\/wp\/v2\/posts\/109540\/revisions\/109543"}],"wp:featuredmedia":[{"embeddable":true,"href":"https:\/\/www.sonoraenequipo.com.mx\/api\/wp\/v2\/media\/109541"}],"wp:attachment":[{"href":"https:\/\/www.sonoraenequipo.com.mx\/api\/wp\/v2\/media?parent=109540"}],"wp:term":[{"taxonomy":"category","embeddable":true,"href":"https:\/\/www.sonoraenequipo.com.mx\/api\/wp\/v2\/categories?post=109540"},{"taxonomy":"post_tag","embeddable":true,"href":"https:\/\/www.sonoraenequipo.com.mx\/api\/wp\/v2\/tags?post=109540"}],"curies":[{"name":"wp","href":"https:\/\/api.w.org\/{rel}","templated":true}]}}