{"id":109820,"date":"2021-03-22T09:10:29","date_gmt":"2021-03-22T16:10:29","guid":{"rendered":"https:\/\/www.sonoraenequipo.com.mx\/?p=109820"},"modified":"2021-03-22T09:14:30","modified_gmt":"2021-03-22T16:14:30","slug":"profeco-exhibe-a-gasolineras-de-sonora-de-nuevo-las-mas-caras","status":"publish","type":"post","link":"https:\/\/www.sonoraenequipo.com.mx\/profeco-exhibe-a-gasolineras-de-sonora-de-nuevo-las-mas-caras\/","title":{"rendered":"PROFECO exhibe a gasolineras de Sonora. \u00a1De nuevo las m\u00e1s caras!!"},"content":{"rendered":"<p>CIUDAD DE M\u00c9XICO. MX. \u2014 La encargada de PROFECO, Surit Berenice Romero Dom\u00ednguez, inform\u00f3 durante la conferencia matutina del d\u00eda lunes (22.03.2021) que la gasolina regular m\u00e1s cara se vende en la gasolinera ARCO de Magdalena, Sonora y en CHEVRON de Santa Ana a 22.19 en ambas localidades.<\/p>\n<p>&nbsp;<\/p>\n<p> <\/p>\n<p>Asimismo, la gasolina m\u00e1s barata se vende en una gasolinera Pemex de Veracruz a 18.56.<\/p>\n<p>&nbsp;<\/p>\n<p>Tambi\u00e9n anunci\u00f3 que las gasolineras que no se dejen verificar \u2014como ocurri\u00f3 en Sonora\u2014 ser\u00e1n sancionadas y ser\u00e1n verificadas en una segunda visita con la Guardia Nacional.<\/p>\n<p><iframe loading=\"lazy\" title=\"Reducci\u00f3n de delitos es resultado del trabajo coordinado. Conferencia presidente AMLO\" width=\"640\" height=\"360\" src=\"https:\/\/www.youtube.com\/embed\/TidX4TvXq6o?feature=oembed\" frameborder=\"0\" allow=\"accelerometer; autoplay; clipboard-write; encrypted-media; gyroscope; picture-in-picture; web-share\" referrerpolicy=\"strict-origin-when-cross-origin\" allowfullscreen><\/iframe><\/p>\n<p>(Publicada el 22\/03\/2021)<\/p>\n","protected":false},"excerpt":{"rendered":"<p>CIUDAD DE M\u00c9XICO. MX. \u2014 La encargada de PROFECO, Surit Berenice Romero Dom\u00ednguez, inform\u00f3 durante&#8230;<\/p>\n","protected":false},"author":1,"featured_media":109822,"comment_status":"open","ping_status":"open","sticky":false,"template":"","format":"standard","meta":{"_monsterinsights_skip_tracking":false,"_monsterinsights_sitenote_active":false,"_monsterinsights_sitenote_note":"","_monsterinsights_sitenote_category":0,"footnotes":""},"categories":[5],"tags":[],"class_list":["post"],"yoast_head":" \n<title>Sonora en Equipo. PROFECO exhibe a gasolineras de Sonora. \u00a1De nuevo las m\u00e1s caras!! Rep\u00fablica<\/title>\n<meta name=\"description\" content=\"CIUDAD DE M\u00c9XICO. MX. \u2014 La encargada de PROFECO, Surit Berenice Romero Dom\u00ednguez, inform\u00f3 durante la conferencia matutina del d\u00eda lunes (22.03.2021) que En Sonora en Equipo publicamos toda la informaci\u00f3n de Sonora, M\u00e9xico y el Mundo de manera oportuna y busca que la libertad de expresi\u00f3n sea real. Visita nuestro medio informativo publicado desde Hermosillo, Sonora. %\" \/>\n<meta name=\"robots\" content=\"index, follow, max-snippet:-1, max-image-preview:large, max-video-preview:-1\" \/>\n<link rel=\"canonical\" href=\"https:\/\/www.sonoraenequipo.com.mx\/profeco-exhibe-a-gasolineras-de-sonora-de-nuevo-las-mas-caras\/\" \/>\n<meta property=\"og:locale\" content=\"es_ES\" \/>\n<meta property=\"og:type\" content=\"article\" \/>\n<meta property=\"og:title\" content=\"Sonora en Equipo. PROFECO exhibe a gasolineras de Sonora. \u00a1De nuevo las m\u00e1s caras!! Rep\u00fablica\" \/>\n<meta property=\"og:description\" content=\"CIUDAD DE M\u00c9XICO. MX. \u2014 La encargada de PROFECO, Surit Berenice Romero Dom\u00ednguez, inform\u00f3 durante la conferencia matutina del d\u00eda lunes (22.03.2021) que En Sonora en Equipo publicamos toda la informaci\u00f3n de Sonora, M\u00e9xico y el Mundo de manera oportuna y busca que la libertad de expresi\u00f3n sea real. Visita nuestro medio informativo publicado desde Hermosillo, Sonora. %\" \/>\n<meta property=\"og:url\" content=\"https:\/\/www.sonoraenequipo.com.mx\/profeco-exhibe-a-gasolineras-de-sonora-de-nuevo-las-mas-caras\/\" \/>\n<meta property=\"og:site_name\" content=\"Sonora en Equipo.\" \/>\n<meta property=\"article:publisher\" content=\"https:\/\/www.facebook.com\/SonoraEE\/\" \/>\n<meta property=\"article:author\" content=\"https:\/\/www.facebook.com\/SonoraEE\" \/>\n<meta property=\"article:published_time\" content=\"2021-03-22T16:10:29+00:00\" \/>\n<meta property=\"article:modified_time\" content=\"2021-03-22T16:14:30+00:00\" \/>\n<meta property=\"og:image\" content=\"https:\/\/www.sonoraenequipo.com.mx\/storage\/2021\/03\/surit-berenice-romero-dominguez_opt.jpg\" \/>\n\t<meta property=\"og:image:width\" content=\"893\" \/>\n\t<meta property=\"og:image:height\" content=\"471\" \/>\n\t<meta property=\"og:image:type\" content=\"image\/jpeg\" \/>\n<meta name=\"author\" content=\"enequipo\" \/>\n<meta name=\"twitter:card\" content=\"summary_large_image\" \/>\n<meta name=\"twitter:creator\" content=\"@sonoraenequipo\" \/>\n<meta name=\"twitter:site\" content=\"@sonoraenequipo\" \/>\n<meta name=\"twitter:label1\" content=\"Escrito por\" \/>\n\t<meta name=\"twitter:data1\" content=\"enequipo\" \/>\n\t<meta name=\"twitter:label2\" content=\"Tiempo de lectura\" \/>\n\t<meta name=\"twitter:data2\" content=\"1 minuto\" \/>\n<script type=\"application\/ld+json\" class=\"yoast-schema-graph\">{\"@context\":\"https:\/\/schema.org\",\"@graph\":[{\"@type\":\"Article\",\"@id\":\"https:\/\/www.sonoraenequipo.com.mx\/profeco-exhibe-a-gasolineras-de-sonora-de-nuevo-las-mas-caras\/#article\",\"isPartOf\":{\"@id\":\"https:\/\/www.sonoraenequipo.com.mx\/profeco-exhibe-a-gasolineras-de-sonora-de-nuevo-las-mas-caras\/\"},\"author\":{\"name\":\"enequipo\",\"@id\":\"https:\/\/www.sonoraenequipo.com.mx\/#\/schema\/person\/50102df0fb23a8fa9e8effad8fa81386\"},\"headline\":\"PROFECO exhibe a gasolineras de Sonora. \u00a1De nuevo las m\u00e1s caras!!\",\"datePublished\":\"2021-03-22T16:10:29+00:00\",\"dateModified\":\"2021-03-22T16:14:30+00:00\",\"mainEntityOfPage\":{\"@id\":\"https:\/\/www.sonoraenequipo.com.mx\/profeco-exhibe-a-gasolineras-de-sonora-de-nuevo-las-mas-caras\/\"},\"wordCount\":119,\"commentCount\":0,\"publisher\":{\"@id\":\"https:\/\/www.sonoraenequipo.com.mx\/#organization\"},\"image\":{\"@id\":\"https:\/\/www.sonoraenequipo.com.mx\/profeco-exhibe-a-gasolineras-de-sonora-de-nuevo-las-mas-caras\/#primaryimage\"},\"thumbnailUrl\":\"https:\/\/www.sonoraenequipo.com.mx\/storage\/2021\/03\/surit-berenice-romero-dominguez_opt.jpg\",\"articleSection\":[\"Rep\u00fablica\"],\"inLanguage\":\"es\",\"potentialAction\":[{\"@type\":\"CommentAction\",\"name\":\"Comment\",\"target\":[\"https:\/\/www.sonoraenequipo.com.mx\/profeco-exhibe-a-gasolineras-de-sonora-de-nuevo-las-mas-caras\/#respond\"]}]},{\"@type\":\"WebPage\",\"@id\":\"https:\/\/www.sonoraenequipo.com.mx\/profeco-exhibe-a-gasolineras-de-sonora-de-nuevo-las-mas-caras\/\",\"url\":\"https:\/\/www.sonoraenequipo.com.mx\/profeco-exhibe-a-gasolineras-de-sonora-de-nuevo-las-mas-caras\/\",\"name\":\"Sonora en Equipo. PROFECO exhibe a gasolineras de Sonora. \u00a1De nuevo las m\u00e1s caras!! Rep\u00fablica\",\"isPartOf\":{\"@id\":\"https:\/\/www.sonoraenequipo.com.mx\/#website\"},\"primaryImageOfPage\":{\"@id\":\"https:\/\/www.sonoraenequipo.com.mx\/profeco-exhibe-a-gasolineras-de-sonora-de-nuevo-las-mas-caras\/#primaryimage\"},\"image\":{\"@id\":\"https:\/\/www.sonoraenequipo.com.mx\/profeco-exhibe-a-gasolineras-de-sonora-de-nuevo-las-mas-caras\/#primaryimage\"},\"thumbnailUrl\":\"https:\/\/www.sonoraenequipo.com.mx\/storage\/2021\/03\/surit-berenice-romero-dominguez_opt.jpg\",\"datePublished\":\"2021-03-22T16:10:29+00:00\",\"dateModified\":\"2021-03-22T16:14:30+00:00\",\"description\":\"CIUDAD DE M\u00c9XICO. MX. \u2014 La encargada de PROFECO, Surit Berenice Romero Dom\u00ednguez, inform\u00f3 durante la conferencia matutina del d\u00eda lunes (22.03.2021) que En Sonora en Equipo publicamos toda la informaci\u00f3n de Sonora, M\u00e9xico y el Mundo de manera oportuna y busca que la libertad de expresi\u00f3n sea real. Visita nuestro medio informativo publicado desde Hermosillo, Sonora. %\",\"breadcrumb\":{\"@id\":\"https:\/\/www.sonoraenequipo.com.mx\/profeco-exhibe-a-gasolineras-de-sonora-de-nuevo-las-mas-caras\/#breadcrumb\"},\"inLanguage\":\"es\",\"potentialAction\":[{\"@type\":\"ReadAction\",\"target\":[\"https:\/\/www.sonoraenequipo.com.mx\/profeco-exhibe-a-gasolineras-de-sonora-de-nuevo-las-mas-caras\/\"]}]},{\"@type\":\"ImageObject\",\"inLanguage\":\"es\",\"@id\":\"https:\/\/www.sonoraenequipo.com.mx\/profeco-exhibe-a-gasolineras-de-sonora-de-nuevo-las-mas-caras\/#primaryimage\",\"url\":\"https:\/\/www.sonoraenequipo.com.mx\/storage\/2021\/03\/surit-berenice-romero-dominguez_opt.jpg\",\"contentUrl\":\"https:\/\/www.sonoraenequipo.com.mx\/storage\/2021\/03\/surit-berenice-romero-dominguez_opt.jpg\",\"width\":893,\"height\":471},{\"@type\":\"BreadcrumbList\",\"@id\":\"https:\/\/www.sonoraenequipo.com.mx\/profeco-exhibe-a-gasolineras-de-sonora-de-nuevo-las-mas-caras\/#breadcrumb\",\"itemListElement\":[{\"@type\":\"ListItem\",\"position\":1,\"name\":\"Portada\",\"item\":\"https:\/\/www.sonoraenequipo.com.mx\/\"},{\"@type\":\"ListItem\",\"position\":2,\"name\":\"PROFECO exhibe a gasolineras de Sonora. \u00a1De nuevo las m\u00e1s caras!!\"}]},{\"@type\":\"WebSite\",\"@id\":\"https:\/\/www.sonoraenequipo.com.mx\/#website\",\"url\":\"https:\/\/www.sonoraenequipo.com.mx\/\",\"name\":\"Sonora en Equipo.\",\"description\":\"Diario en l\u00ednea con Noticias desde Hermosillo, Sonora\",\"publisher\":{\"@id\":\"https:\/\/www.sonoraenequipo.com.mx\/#organization\"},\"potentialAction\":[{\"@type\":\"SearchAction\",\"target\":{\"@type\":\"EntryPoint\",\"urlTemplate\":\"https:\/\/www.sonoraenequipo.com.mx\/?s={search_term_string}\"},\"query-input\":{\"@type\":\"PropertyValueSpecification\",\"valueRequired\":true,\"valueName\":\"search_term_string\"}}],\"inLanguage\":\"es\"},{\"@type\":\"Organization\",\"@id\":\"https:\/\/www.sonoraenequipo.com.mx\/#organization\",\"name\":\"Sonoraenequipo.com.mx\",\"url\":\"https:\/\/www.sonoraenequipo.com.mx\/\",\"logo\":{\"@type\":\"ImageObject\",\"inLanguage\":\"es\",\"@id\":\"https:\/\/www.sonoraenequipo.com.mx\/#\/schema\/logo\/image\/\",\"url\":\"https:\/\/www.sonoraenequipo.com.mx\/storage\/2019\/01\/sonoraenequipo_opt.png\",\"contentUrl\":\"https:\/\/www.sonoraenequipo.com.mx\/storage\/2019\/01\/sonoraenequipo_opt.png\",\"width\":375,\"height\":125,\"caption\":\"Sonoraenequipo.com.mx\"},\"image\":{\"@id\":\"https:\/\/www.sonoraenequipo.com.mx\/#\/schema\/logo\/image\/\"},\"sameAs\":[\"https:\/\/www.facebook.com\/SonoraEE\/\",\"https:\/\/x.com\/sonoraenequipo\",\"https:\/\/www.youtube.com\/channel\/UC338nW-lPEYmJQs4ZABQ1SQ\"]},{\"@type\":\"Person\",\"@id\":\"https:\/\/www.sonoraenequipo.com.mx\/#\/schema\/person\/50102df0fb23a8fa9e8effad8fa81386\",\"name\":\"enequipo\",\"image\":{\"@type\":\"ImageObject\",\"inLanguage\":\"es\",\"@id\":\"https:\/\/www.sonoraenequipo.com.mx\/#\/schema\/person\/image\/\",\"url\":\"https:\/\/secure.gravatar.com\/avatar\/049821681b589dabc0bc20695993ccebb09f5b5d4d790cd9251b97faac7c652b?s=96&d=blank&r=g\",\"contentUrl\":\"https:\/\/secure.gravatar.com\/avatar\/049821681b589dabc0bc20695993ccebb09f5b5d4d790cd9251b97faac7c652b?s=96&d=blank&r=g\",\"caption\":\"enequipo\"},\"sameAs\":[\"https:\/\/www.facebook.com\/SonoraEE\"]}]}<\/script>\n ","yoast_head_json":{"title":"Sonora en Equipo. PROFECO exhibe a gasolineras de Sonora. \u00a1De nuevo las m\u00e1s caras!! Rep\u00fablica","description":"CIUDAD DE M\u00c9XICO. MX. \u2014 La encargada de PROFECO, Surit Berenice Romero Dom\u00ednguez, inform\u00f3 durante la conferencia matutina del d\u00eda lunes (22.03.2021) que En Sonora en Equipo publicamos toda la informaci\u00f3n de Sonora, M\u00e9xico y el Mundo de manera oportuna y busca que la libertad de expresi\u00f3n sea real. Visita nuestro medio informativo publicado desde Hermosillo, Sonora. %","robots":{"index":"index","follow":"follow","max-snippet":"max-snippet:-1","max-image-preview":"max-image-preview:large","max-video-preview":"max-video-preview:-1"},"canonical":"https:\/\/www.sonoraenequipo.com.mx\/profeco-exhibe-a-gasolineras-de-sonora-de-nuevo-las-mas-caras\/","og_locale":"es_ES","og_type":"article","og_title":"Sonora en Equipo. PROFECO exhibe a gasolineras de Sonora. \u00a1De nuevo las m\u00e1s caras!! Rep\u00fablica","og_description":"CIUDAD DE M\u00c9XICO. MX. \u2014 La encargada de PROFECO, Surit Berenice Romero Dom\u00ednguez, inform\u00f3 durante la conferencia matutina del d\u00eda lunes (22.03.2021) que En Sonora en Equipo publicamos toda la informaci\u00f3n de Sonora, M\u00e9xico y el Mundo de manera oportuna y busca que la libertad de expresi\u00f3n sea real. Visita nuestro medio informativo publicado desde Hermosillo, Sonora. %","og_url":"https:\/\/www.sonoraenequipo.com.mx\/profeco-exhibe-a-gasolineras-de-sonora-de-nuevo-las-mas-caras\/","og_site_name":"Sonora en Equipo.","article_publisher":"https:\/\/www.facebook.com\/SonoraEE\/","article_author":"https:\/\/www.facebook.com\/SonoraEE","article_published_time":"2021-03-22T16:10:29+00:00","article_modified_time":"2021-03-22T16:14:30+00:00","og_image":[{"width":893,"height":471,"url":"https:\/\/www.sonoraenequipo.com.mx\/storage\/2021\/03\/surit-berenice-romero-dominguez_opt.jpg","type":"image\/jpeg"}],"author":"enequipo","twitter_card":"summary_large_image","twitter_creator":"@sonoraenequipo","twitter_site":"@sonoraenequipo","twitter_misc":{"Escrito por":"enequipo","Tiempo de lectura":"1 minuto"},"schema":{"@context":"https:\/\/schema.org","@graph":[{"@type":"Article","@id":"https:\/\/www.sonoraenequipo.com.mx\/profeco-exhibe-a-gasolineras-de-sonora-de-nuevo-las-mas-caras\/#article","isPartOf":{"@id":"https:\/\/www.sonoraenequipo.com.mx\/profeco-exhibe-a-gasolineras-de-sonora-de-nuevo-las-mas-caras\/"},"author":{"name":"enequipo","@id":"https:\/\/www.sonoraenequipo.com.mx\/#\/schema\/person\/50102df0fb23a8fa9e8effad8fa81386"},"headline":"PROFECO exhibe a gasolineras de Sonora. \u00a1De nuevo las m\u00e1s caras!!","datePublished":"2021-03-22T16:10:29+00:00","dateModified":"2021-03-22T16:14:30+00:00","mainEntityOfPage":{"@id":"https:\/\/www.sonoraenequipo.com.mx\/profeco-exhibe-a-gasolineras-de-sonora-de-nuevo-las-mas-caras\/"},"wordCount":119,"commentCount":0,"publisher":{"@id":"https:\/\/www.sonoraenequipo.com.mx\/#organization"},"image":{"@id":"https:\/\/www.sonoraenequipo.com.mx\/profeco-exhibe-a-gasolineras-de-sonora-de-nuevo-las-mas-caras\/#primaryimage"},"thumbnailUrl":"https:\/\/www.sonoraenequipo.com.mx\/storage\/2021\/03\/surit-berenice-romero-dominguez_opt.jpg","articleSection":["Rep\u00fablica"],"inLanguage":"es","potentialAction":[{"@type":"CommentAction","name":"Comment","target":["https:\/\/www.sonoraenequipo.com.mx\/profeco-exhibe-a-gasolineras-de-sonora-de-nuevo-las-mas-caras\/#respond"]}]},{"@type":"WebPage","@id":"https:\/\/www.sonoraenequipo.com.mx\/profeco-exhibe-a-gasolineras-de-sonora-de-nuevo-las-mas-caras\/","url":"https:\/\/www.sonoraenequipo.com.mx\/profeco-exhibe-a-gasolineras-de-sonora-de-nuevo-las-mas-caras\/","name":"Sonora en Equipo. PROFECO exhibe a gasolineras de Sonora. \u00a1De nuevo las m\u00e1s caras!! Rep\u00fablica","isPartOf":{"@id":"https:\/\/www.sonoraenequipo.com.mx\/#website"},"primaryImageOfPage":{"@id":"https:\/\/www.sonoraenequipo.com.mx\/profeco-exhibe-a-gasolineras-de-sonora-de-nuevo-las-mas-caras\/#primaryimage"},"image":{"@id":"https:\/\/www.sonoraenequipo.com.mx\/profeco-exhibe-a-gasolineras-de-sonora-de-nuevo-las-mas-caras\/#primaryimage"},"thumbnailUrl":"https:\/\/www.sonoraenequipo.com.mx\/storage\/2021\/03\/surit-berenice-romero-dominguez_opt.jpg","datePublished":"2021-03-22T16:10:29+00:00","dateModified":"2021-03-22T16:14:30+00:00","description":"CIUDAD DE M\u00c9XICO. MX. \u2014 La encargada de PROFECO, Surit Berenice Romero Dom\u00ednguez, inform\u00f3 durante la conferencia matutina del d\u00eda lunes (22.03.2021) que En Sonora en Equipo publicamos toda la informaci\u00f3n de Sonora, M\u00e9xico y el Mundo de manera oportuna y busca que la libertad de expresi\u00f3n sea real. Visita nuestro medio informativo publicado desde Hermosillo, Sonora. %","breadcrumb":{"@id":"https:\/\/www.sonoraenequipo.com.mx\/profeco-exhibe-a-gasolineras-de-sonora-de-nuevo-las-mas-caras\/#breadcrumb"},"inLanguage":"es","potentialAction":[{"@type":"ReadAction","target":["https:\/\/www.sonoraenequipo.com.mx\/profeco-exhibe-a-gasolineras-de-sonora-de-nuevo-las-mas-caras\/"]}]},{"@type":"ImageObject","inLanguage":"es","@id":"https:\/\/www.sonoraenequipo.com.mx\/profeco-exhibe-a-gasolineras-de-sonora-de-nuevo-las-mas-caras\/#primaryimage","url":"https:\/\/www.sonoraenequipo.com.mx\/storage\/2021\/03\/surit-berenice-romero-dominguez_opt.jpg","contentUrl":"https:\/\/www.sonoraenequipo.com.mx\/storage\/2021\/03\/surit-berenice-romero-dominguez_opt.jpg","width":893,"height":471},{"@type":"BreadcrumbList","@id":"https:\/\/www.sonoraenequipo.com.mx\/profeco-exhibe-a-gasolineras-de-sonora-de-nuevo-las-mas-caras\/#breadcrumb","itemListElement":[{"@type":"ListItem","position":1,"name":"Portada","item":"https:\/\/www.sonoraenequipo.com.mx\/"},{"@type":"ListItem","position":2,"name":"PROFECO exhibe a gasolineras de Sonora. \u00a1De nuevo las m\u00e1s caras!!"}]},{"@type":"WebSite","@id":"https:\/\/www.sonoraenequipo.com.mx\/#website","url":"https:\/\/www.sonoraenequipo.com.mx\/","name":"Sonora en Equipo.","description":"Diario en l\u00ednea con Noticias desde Hermosillo, Sonora","publisher":{"@id":"https:\/\/www.sonoraenequipo.com.mx\/#organization"},"potentialAction":[{"@type":"SearchAction","target":{"@type":"EntryPoint","urlTemplate":"https:\/\/www.sonoraenequipo.com.mx\/?s={search_term_string}"},"query-input":{"@type":"PropertyValueSpecification","valueRequired":true,"valueName":"search_term_string"}}],"inLanguage":"es"},{"@type":"Organization","@id":"https:\/\/www.sonoraenequipo.com.mx\/#organization","name":"Sonoraenequipo.com.mx","url":"https:\/\/www.sonoraenequipo.com.mx\/","logo":{"@type":"ImageObject","inLanguage":"es","@id":"https:\/\/www.sonoraenequipo.com.mx\/#\/schema\/logo\/image\/","url":"https:\/\/www.sonoraenequipo.com.mx\/storage\/2019\/01\/sonoraenequipo_opt.png","contentUrl":"https:\/\/www.sonoraenequipo.com.mx\/storage\/2019\/01\/sonoraenequipo_opt.png","width":375,"height":125,"caption":"Sonoraenequipo.com.mx"},"image":{"@id":"https:\/\/www.sonoraenequipo.com.mx\/#\/schema\/logo\/image\/"},"sameAs":["https:\/\/www.facebook.com\/SonoraEE\/","https:\/\/x.com\/sonoraenequipo","https:\/\/www.youtube.com\/channel\/UC338nW-lPEYmJQs4ZABQ1SQ"]},{"@type":"Person","@id":"https:\/\/www.sonoraenequipo.com.mx\/#\/schema\/person\/50102df0fb23a8fa9e8effad8fa81386","name":"enequipo","image":{"@type":"ImageObject","inLanguage":"es","@id":"https:\/\/www.sonoraenequipo.com.mx\/#\/schema\/person\/image\/","url":"https:\/\/secure.gravatar.com\/avatar\/049821681b589dabc0bc20695993ccebb09f5b5d4d790cd9251b97faac7c652b?s=96&d=blank&r=g","contentUrl":"https:\/\/secure.gravatar.com\/avatar\/049821681b589dabc0bc20695993ccebb09f5b5d4d790cd9251b97faac7c652b?s=96&d=blank&r=g","caption":"enequipo"},"sameAs":["https:\/\/www.facebook.com\/SonoraEE"]}]}},"jetpack_featured_media_url":"https:\/\/www.sonoraenequipo.com.mx\/storage\/2021\/03\/surit-berenice-romero-dominguez_opt.jpg","_links":{"self":[{"href":"https:\/\/www.sonoraenequipo.com.mx\/api\/wp\/v2\/posts\/109820","targetHints":{"allow":["GET"]}}],"collection":[{"href":"https:\/\/www.sonoraenequipo.com.mx\/api\/wp\/v2\/posts"}],"about":[{"href":"https:\/\/www.sonoraenequipo.com.mx\/api\/wp\/v2\/types\/post"}],"author":[{"embeddable":true,"href":"https:\/\/www.sonoraenequipo.com.mx\/api\/wp\/v2\/users\/1"}],"replies":[{"embeddable":true,"href":"https:\/\/www.sonoraenequipo.com.mx\/api\/wp\/v2\/comments?post=109820"}],"version-history":[{"count":1,"href":"https:\/\/www.sonoraenequipo.com.mx\/api\/wp\/v2\/posts\/109820\/revisions"}],"predecessor-version":[{"id":109821,"href":"https:\/\/www.sonoraenequipo.com.mx\/api\/wp\/v2\/posts\/109820\/revisions\/109821"}],"wp:featuredmedia":[{"embeddable":true,"href":"https:\/\/www.sonoraenequipo.com.mx\/api\/wp\/v2\/media\/109822"}],"wp:attachment":[{"href":"https:\/\/www.sonoraenequipo.com.mx\/api\/wp\/v2\/media?parent=109820"}],"wp:term":[{"taxonomy":"category","embeddable":true,"href":"https:\/\/www.sonoraenequipo.com.mx\/api\/wp\/v2\/categories?post=109820"},{"taxonomy":"post_tag","embeddable":true,"href":"https:\/\/www.sonoraenequipo.com.mx\/api\/wp\/v2\/tags?post=109820"}],"curies":[{"name":"wp","href":"https:\/\/api.w.org\/{rel}","templated":true}]}}