{"id":109825,"date":"2021-03-22T09:20:04","date_gmt":"2021-03-22T16:20:04","guid":{"rendered":"https:\/\/www.sonoraenequipo.com.mx\/?p=109825"},"modified":"2021-03-22T09:52:38","modified_gmt":"2021-03-22T16:52:38","slug":"conferencia-matutina-presidencial-amlo-dara-informe-el-30-de-marzo-tratara-la-pandemia-y-economia","status":"publish","type":"post","link":"https:\/\/www.sonoraenequipo.com.mx\/conferencia-matutina-presidencial-amlo-dara-informe-el-30-de-marzo-tratara-la-pandemia-y-economia\/","title":{"rendered":"Conferencia matutina presidencial. AMLO dar\u00e1 informe el 30 de marzo; tratar\u00e1 la pandemia y econom\u00eda"},"content":{"rendered":"<p>CIUDAD DE M\u00c9XICO. MX. \u2014 El presidente Andr\u00e9s Manuel L\u00f3pez Obrador ofreci\u00f3 su tradicional\u00a0 conferencia desde Palacio Nacional y trato los temas que para el son importantes.<\/p>\n<p>&nbsp;<\/p>\n<h3> <br \/>\n\u00bfQui\u00e9n es qui\u00e9n en la gasolina?<\/h3>\n<p>&nbsp;<\/p>\n<p>La Procuradur\u00eda Federal del Consumidor (Profeco) present\u00f3 el informe sobre los precios de la gasolina, di\u00e9sel y gas en todo el pa\u00eds. Berenice Romero, quien se encuentra en sustituci\u00f3n de Ricardo Sheffield dio a conocer que la estaci\u00f3n que da la gasolina m\u00e1s barata es de Pemex, en Veracruz, Veracruz, a 18.56 pesos por litro y las m\u00e1s caras se encuentran en el estado de Sonora.<\/p>\n<h3>Hidalgo, el estado con mayor mercado de \u2018huachicol\u2019<\/h3>\n<p>Este mes, Hidalgo se posicion\u00f3 como la entidad con mayor mercado il\u00edcito de combustibles en el \u00faltimo mes, seg\u00fan inform\u00f3 el titular de la Secretar\u00eda de la Defensa Nacional. Se detectaron 177 obras clandestina en los estados de Guanajuato, Michoac\u00e1n, Tamaulipas y el Estado de M\u00e9xico. En total se detuvieron a nueve personas.<\/p>\n<p>&nbsp;<\/p>\n<p>Se decomisaron 974 mil litros de combustible, y las Fuerzas Armadas ayudaron al transporte terrestre de 132 millones de litros en 15 rutas de abastecimiento, asimismo, se implement\u00f3 el resguardo de nueve ductos.<\/p>\n<p>&nbsp;<\/p>\n<h3>Se han asegurado 16 mil 240 kilogramos de mariguana<\/h3>\n<p>El titular de la Secretar\u00eda de la Defensa Nacional (Sedena), Luis Cresencio Sandoval, dio a conocer que se han decomisado 16 mil 240 kilogramos de mariguana y 3 mil 599 de coca\u00edna. Adem\u00e1s, se han erradicado 221 hect\u00e1reas de amapola en Sinaloa, Guerrero, Chihuahua, Durango y Michoac\u00e1n<\/p>\n<p>Asimismo, se han destruido dos laboratorios de metanfetaminas, y se decomisaron 12 mil 858 kilogramos de esta droga, al igual que y 351 de fentanilo, principalmente en Sinaloa.<\/p>\n<p>&nbsp;<\/p>\n<h3>Febrero de 2021, mes con menos homicidios dolosos<\/h3>\n<p>&nbsp;<\/p>\n<p>La secretaria de Seguridad y Protecci\u00f3n Ciudadana (SSPC), Rosa Icela Rodr\u00edguez, anunci\u00f3 que febrero de este a\u00f1o fue el mes con menos v\u00edctimas de homicidio doloso de toda la administraci\u00f3n actual. Este delito disminuy\u00f3 5.3 por ciento respecto al mismo mes del a\u00f1o anterior y se concentr\u00f3 en estados como Baja California, Estado de M\u00e9xico, Michoac\u00e1n y Chihuahua.<\/p>\n<h3>Feminicidio y robo tambi\u00e9n disminuyeron<\/h3>\n<p>Los delitos de alto impacto contra las mujeres tambi\u00e9n se han contenido, seg\u00fan la titular de la SSPC, en el caso de feminicidio hubo una reducci\u00f3n de 14.9 por ciento. En cuanto al robo, al inicio de la administraci\u00f3n se comet\u00edan hasta 64 mil 839 en sus diversas modalidades, ahora, hasta el corte de este mes se registraron 30.1 por ciento menos.<\/p>\n<p>En este delito destaca el robo a veh\u00edculos, con una disminuci\u00f3n 42.9 por ciento, 24.1 por ciento en el transporte colectivo. 25.3 en casa habitaci\u00f3n y 21.1 a negocios.<\/p>\n<h3>\nAMLO pide \u201cacuerdo para la paz\u201d a comunidades triquis<\/h3>\n<p>L\u00f3pez Obrador hizo un llamado a los l\u00edderes de las comunidades triquis, en Oaxaca, ayudar a alcanzar un \u201cacuerdo para la paz\u201d para evitar enfrentamientos en la zona. Reiter\u00f3 que ya se encuentran en conversaciones con el subsecretario de Derechos Humanos, Alejandro Encinas, y el gobernador Alejandro Murat.<\/p>\n<p><em>\u201cEstamos en la mejor disposici\u00f3n para que se d\u00e9 la reconciliaci\u00f3n y se siga ayudando a las comunidades, con programas de bienestar, podemos llegar a un acuerdo para la paz con justicia\u201d,<\/em> sostuvo.<\/p>\n<p>&nbsp;<\/p>\n<h3>Ahorros por no permitir \u2018huachicol\u2019 superan lo que se destina a pensiones<\/h3>\n<p>El jefe del Ejecutivo, apunt\u00f3 que gracias a las acciones para evitar el robo de hidrocarburos ha generado ahorros de hasta 136 mil millones de pesos, cantidad superior a lo que el gobierno destina anualmente al pago de pensiones para adultos mayores.<\/p>\n<p>\u201cPor no permitir el huachicol nos hemos ahorrado136 mil millones de pesos, \u00bfcu\u00e1nto es esto? Es m\u00e1s de lo que designamos a la pensi\u00f3n de los adultos mayores en un a\u00f1o, que por cierto hicimos el compromiso de que se van a aumentar\u201d, dijo.<\/p>\n<h3>\nAMLO dar\u00e1 informe el 30 de marzo; tratar\u00e1 la pandemia y econom\u00eda<\/h3>\n<p>&nbsp;<\/p>\n<p>El pr\u00f3ximo martes 30 de marzo, el Presidente dar\u00e1 un informe trimestral de los avances de su gobierno en materia de salud, combate a la pandemia de covid-19, la vacunaci\u00f3n, econom\u00eda, pol\u00edtica exterior, y la seguridad. El evento se llevar\u00e1 a cabo a las 17:00 horas en Palacio Nacional.<\/p>\n<p>&nbsp;<\/p>\n<p><em>\u201cAprovecho para dar a conocer que, como lo hemos realizado desde el principio del gobierno, estoy dando tres informes al a\u00f1o, el informe de este primer trimestre va a ser el d\u00eda 30 a las cinco de la tarde, aqu\u00ed en Palacio\u201d,<\/em> anunci\u00f3.<\/p>\n<h3>\nAMLO llama a Oxxo, Walmart y Bimbo a tener di\u00e1logo<\/h3>\n<p>El Presidente descart\u00f3 que haya conflicto entre su gobierno y empresas como Oxxo y Bimbo, pero plante\u00f3 que se lleve a cabo un di\u00e1logo abierto, junto con los medios de comunicaci\u00f3n, para que se discuta y se arregle el <em>\u201casunto\u201d<\/em> sobre los subsidios de luz que reciben. Para ello, pidi\u00f3 un informe de la Comisi\u00f3n Federal de Electricidad (CFE) sobre los pagos que realizan.<\/p>\n<p>&nbsp;<\/p>\n<p><em>\u201cVamos a pedir en esta semana que los t\u00e9cnicos informen y, si lo consideran los beneficiarios, que nombren una comisi\u00f3n y se pueda llevar a cabo un di\u00e1logo abierto, con los medios, para ah\u00ed aclarar y que la gente est\u00e9 enterada, no boletines\u201d<\/em>, propuso.<\/p>\n<p><iframe loading=\"lazy\" title=\"Reducci\u00f3n de delitos es resultado del trabajo coordinado. Conferencia presidente AMLO\" width=\"640\" height=\"360\" src=\"https:\/\/www.youtube.com\/embed\/TidX4TvXq6o?feature=oembed\" frameborder=\"0\" allow=\"accelerometer; autoplay; clipboard-write; encrypted-media; gyroscope; picture-in-picture; web-share\" referrerpolicy=\"strict-origin-when-cross-origin\" allowfullscreen><\/iframe><\/p>\n<p>&nbsp;<\/p>\n<p>(Publicada el 22\/03\/2021 \/ Con informaci\u00f3n de Presidencia de la Rep\u00fablica y MILENIO DIARIO)<\/p>\n","protected":false},"excerpt":{"rendered":"<p>CIUDAD DE M\u00c9XICO. MX. \u2014 El presidente Andr\u00e9s Manuel L\u00f3pez Obrador ofreci\u00f3 su tradicional\u00a0 conferencia&#8230;<\/p>\n","protected":false},"author":1,"featured_media":109826,"comment_status":"open","ping_status":"open","sticky":false,"template":"","format":"standard","meta":{"_monsterinsights_skip_tracking":false,"_monsterinsights_sitenote_active":false,"_monsterinsights_sitenote_note":"","_monsterinsights_sitenote_category":0,"footnotes":""},"categories":[5],"tags":[],"class_list":["post"],"yoast_head":" \n<title>Sonora en Equipo. Conferencia matutina presidencial. AMLO dar\u00e1 informe el 30 de marzo; tratar\u00e1 la pandemia y econom\u00eda Rep\u00fablica<\/title>\n<meta name=\"description\" content=\"CIUDAD DE M\u00c9XICO. MX. \u2014 El presidente Andr\u00e9s Manuel L\u00f3pez Obrador ofreci\u00f3 su tradicional\u00a0 conferencia desde Palacio Nacional y trato los temas que para el En Sonora en Equipo publicamos toda la informaci\u00f3n de Sonora, M\u00e9xico y el Mundo de manera oportuna y busca que la libertad de expresi\u00f3n sea real. Visita nuestro medio informativo publicado desde Hermosillo, Sonora. %\" \/>\n<meta name=\"robots\" content=\"index, follow, max-snippet:-1, max-image-preview:large, max-video-preview:-1\" \/>\n<link rel=\"canonical\" href=\"https:\/\/www.sonoraenequipo.com.mx\/conferencia-matutina-presidencial-amlo-dara-informe-el-30-de-marzo-tratara-la-pandemia-y-economia\/\" \/>\n<meta property=\"og:locale\" content=\"es_ES\" \/>\n<meta property=\"og:type\" content=\"article\" \/>\n<meta property=\"og:title\" content=\"Sonora en Equipo. Conferencia matutina presidencial. AMLO dar\u00e1 informe el 30 de marzo; tratar\u00e1 la pandemia y econom\u00eda Rep\u00fablica\" \/>\n<meta property=\"og:description\" content=\"CIUDAD DE M\u00c9XICO. MX. \u2014 El presidente Andr\u00e9s Manuel L\u00f3pez Obrador ofreci\u00f3 su tradicional\u00a0 conferencia desde Palacio Nacional y trato los temas que para el En Sonora en Equipo publicamos toda la informaci\u00f3n de Sonora, M\u00e9xico y el Mundo de manera oportuna y busca que la libertad de expresi\u00f3n sea real. Visita nuestro medio informativo publicado desde Hermosillo, Sonora. %\" \/>\n<meta property=\"og:url\" content=\"https:\/\/www.sonoraenequipo.com.mx\/conferencia-matutina-presidencial-amlo-dara-informe-el-30-de-marzo-tratara-la-pandemia-y-economia\/\" \/>\n<meta property=\"og:site_name\" content=\"Sonora en Equipo.\" \/>\n<meta property=\"article:publisher\" content=\"https:\/\/www.facebook.com\/SonoraEE\/\" \/>\n<meta property=\"article:author\" content=\"https:\/\/www.facebook.com\/SonoraEE\" \/>\n<meta property=\"article:published_time\" content=\"2021-03-22T16:20:04+00:00\" \/>\n<meta property=\"article:modified_time\" content=\"2021-03-22T16:52:38+00:00\" \/>\n<meta property=\"og:image\" content=\"https:\/\/www.sonoraenequipo.com.mx\/storage\/2021\/03\/Lopez-Obrador-2203-1_opt1.jpg\" \/>\n\t<meta property=\"og:image:width\" content=\"694\" \/>\n\t<meta property=\"og:image:height\" content=\"356\" \/>\n\t<meta property=\"og:image:type\" content=\"image\/jpeg\" \/>\n<meta name=\"author\" content=\"enequipo\" \/>\n<meta name=\"twitter:card\" content=\"summary_large_image\" \/>\n<meta name=\"twitter:creator\" content=\"@sonoraenequipo\" \/>\n<meta name=\"twitter:site\" content=\"@sonoraenequipo\" \/>\n<meta name=\"twitter:label1\" content=\"Escrito por\" \/>\n\t<meta name=\"twitter:data1\" content=\"enequipo\" \/>\n\t<meta name=\"twitter:label2\" content=\"Tiempo de lectura\" \/>\n\t<meta name=\"twitter:data2\" content=\"4 minutos\" \/>\n<script type=\"application\/ld+json\" class=\"yoast-schema-graph\">{\"@context\":\"https:\/\/schema.org\",\"@graph\":[{\"@type\":\"Article\",\"@id\":\"https:\/\/www.sonoraenequipo.com.mx\/conferencia-matutina-presidencial-amlo-dara-informe-el-30-de-marzo-tratara-la-pandemia-y-economia\/#article\",\"isPartOf\":{\"@id\":\"https:\/\/www.sonoraenequipo.com.mx\/conferencia-matutina-presidencial-amlo-dara-informe-el-30-de-marzo-tratara-la-pandemia-y-economia\/\"},\"author\":{\"name\":\"enequipo\",\"@id\":\"https:\/\/www.sonoraenequipo.com.mx\/#\/schema\/person\/50102df0fb23a8fa9e8effad8fa81386\"},\"headline\":\"Conferencia matutina presidencial. AMLO dar\u00e1 informe el 30 de marzo; tratar\u00e1 la pandemia y econom\u00eda\",\"datePublished\":\"2021-03-22T16:20:04+00:00\",\"dateModified\":\"2021-03-22T16:52:38+00:00\",\"mainEntityOfPage\":{\"@id\":\"https:\/\/www.sonoraenequipo.com.mx\/conferencia-matutina-presidencial-amlo-dara-informe-el-30-de-marzo-tratara-la-pandemia-y-economia\/\"},\"wordCount\":928,\"commentCount\":0,\"publisher\":{\"@id\":\"https:\/\/www.sonoraenequipo.com.mx\/#organization\"},\"image\":{\"@id\":\"https:\/\/www.sonoraenequipo.com.mx\/conferencia-matutina-presidencial-amlo-dara-informe-el-30-de-marzo-tratara-la-pandemia-y-economia\/#primaryimage\"},\"thumbnailUrl\":\"https:\/\/www.sonoraenequipo.com.mx\/storage\/2021\/03\/Lopez-Obrador-2203-1_opt1.jpg\",\"articleSection\":[\"Rep\u00fablica\"],\"inLanguage\":\"es\",\"potentialAction\":[{\"@type\":\"CommentAction\",\"name\":\"Comment\",\"target\":[\"https:\/\/www.sonoraenequipo.com.mx\/conferencia-matutina-presidencial-amlo-dara-informe-el-30-de-marzo-tratara-la-pandemia-y-economia\/#respond\"]}]},{\"@type\":\"WebPage\",\"@id\":\"https:\/\/www.sonoraenequipo.com.mx\/conferencia-matutina-presidencial-amlo-dara-informe-el-30-de-marzo-tratara-la-pandemia-y-economia\/\",\"url\":\"https:\/\/www.sonoraenequipo.com.mx\/conferencia-matutina-presidencial-amlo-dara-informe-el-30-de-marzo-tratara-la-pandemia-y-economia\/\",\"name\":\"Sonora en Equipo. Conferencia matutina presidencial. AMLO dar\u00e1 informe el 30 de marzo; tratar\u00e1 la pandemia y econom\u00eda Rep\u00fablica\",\"isPartOf\":{\"@id\":\"https:\/\/www.sonoraenequipo.com.mx\/#website\"},\"primaryImageOfPage\":{\"@id\":\"https:\/\/www.sonoraenequipo.com.mx\/conferencia-matutina-presidencial-amlo-dara-informe-el-30-de-marzo-tratara-la-pandemia-y-economia\/#primaryimage\"},\"image\":{\"@id\":\"https:\/\/www.sonoraenequipo.com.mx\/conferencia-matutina-presidencial-amlo-dara-informe-el-30-de-marzo-tratara-la-pandemia-y-economia\/#primaryimage\"},\"thumbnailUrl\":\"https:\/\/www.sonoraenequipo.com.mx\/storage\/2021\/03\/Lopez-Obrador-2203-1_opt1.jpg\",\"datePublished\":\"2021-03-22T16:20:04+00:00\",\"dateModified\":\"2021-03-22T16:52:38+00:00\",\"description\":\"CIUDAD DE M\u00c9XICO. MX. \u2014 El presidente Andr\u00e9s Manuel L\u00f3pez Obrador ofreci\u00f3 su tradicional\u00a0 conferencia desde Palacio Nacional y trato los temas que para el En Sonora en Equipo publicamos toda la informaci\u00f3n de Sonora, M\u00e9xico y el Mundo de manera oportuna y busca que la libertad de expresi\u00f3n sea real. Visita nuestro medio informativo publicado desde Hermosillo, Sonora. %\",\"breadcrumb\":{\"@id\":\"https:\/\/www.sonoraenequipo.com.mx\/conferencia-matutina-presidencial-amlo-dara-informe-el-30-de-marzo-tratara-la-pandemia-y-economia\/#breadcrumb\"},\"inLanguage\":\"es\",\"potentialAction\":[{\"@type\":\"ReadAction\",\"target\":[\"https:\/\/www.sonoraenequipo.com.mx\/conferencia-matutina-presidencial-amlo-dara-informe-el-30-de-marzo-tratara-la-pandemia-y-economia\/\"]}]},{\"@type\":\"ImageObject\",\"inLanguage\":\"es\",\"@id\":\"https:\/\/www.sonoraenequipo.com.mx\/conferencia-matutina-presidencial-amlo-dara-informe-el-30-de-marzo-tratara-la-pandemia-y-economia\/#primaryimage\",\"url\":\"https:\/\/www.sonoraenequipo.com.mx\/storage\/2021\/03\/Lopez-Obrador-2203-1_opt1.jpg\",\"contentUrl\":\"https:\/\/www.sonoraenequipo.com.mx\/storage\/2021\/03\/Lopez-Obrador-2203-1_opt1.jpg\",\"width\":694,\"height\":356},{\"@type\":\"BreadcrumbList\",\"@id\":\"https:\/\/www.sonoraenequipo.com.mx\/conferencia-matutina-presidencial-amlo-dara-informe-el-30-de-marzo-tratara-la-pandemia-y-economia\/#breadcrumb\",\"itemListElement\":[{\"@type\":\"ListItem\",\"position\":1,\"name\":\"Portada\",\"item\":\"https:\/\/www.sonoraenequipo.com.mx\/\"},{\"@type\":\"ListItem\",\"position\":2,\"name\":\"Conferencia matutina presidencial. AMLO dar\u00e1 informe el 30 de marzo; tratar\u00e1 la pandemia y econom\u00eda\"}]},{\"@type\":\"WebSite\",\"@id\":\"https:\/\/www.sonoraenequipo.com.mx\/#website\",\"url\":\"https:\/\/www.sonoraenequipo.com.mx\/\",\"name\":\"Sonora en Equipo.\",\"description\":\"Diario en l\u00ednea con Noticias desde Hermosillo, Sonora\",\"publisher\":{\"@id\":\"https:\/\/www.sonoraenequipo.com.mx\/#organization\"},\"potentialAction\":[{\"@type\":\"SearchAction\",\"target\":{\"@type\":\"EntryPoint\",\"urlTemplate\":\"https:\/\/www.sonoraenequipo.com.mx\/?s={search_term_string}\"},\"query-input\":{\"@type\":\"PropertyValueSpecification\",\"valueRequired\":true,\"valueName\":\"search_term_string\"}}],\"inLanguage\":\"es\"},{\"@type\":\"Organization\",\"@id\":\"https:\/\/www.sonoraenequipo.com.mx\/#organization\",\"name\":\"Sonoraenequipo.com.mx\",\"url\":\"https:\/\/www.sonoraenequipo.com.mx\/\",\"logo\":{\"@type\":\"ImageObject\",\"inLanguage\":\"es\",\"@id\":\"https:\/\/www.sonoraenequipo.com.mx\/#\/schema\/logo\/image\/\",\"url\":\"https:\/\/www.sonoraenequipo.com.mx\/storage\/2019\/01\/sonoraenequipo_opt.png\",\"contentUrl\":\"https:\/\/www.sonoraenequipo.com.mx\/storage\/2019\/01\/sonoraenequipo_opt.png\",\"width\":375,\"height\":125,\"caption\":\"Sonoraenequipo.com.mx\"},\"image\":{\"@id\":\"https:\/\/www.sonoraenequipo.com.mx\/#\/schema\/logo\/image\/\"},\"sameAs\":[\"https:\/\/www.facebook.com\/SonoraEE\/\",\"https:\/\/x.com\/sonoraenequipo\",\"https:\/\/www.youtube.com\/channel\/UC338nW-lPEYmJQs4ZABQ1SQ\"]},{\"@type\":\"Person\",\"@id\":\"https:\/\/www.sonoraenequipo.com.mx\/#\/schema\/person\/50102df0fb23a8fa9e8effad8fa81386\",\"name\":\"enequipo\",\"image\":{\"@type\":\"ImageObject\",\"inLanguage\":\"es\",\"@id\":\"https:\/\/www.sonoraenequipo.com.mx\/#\/schema\/person\/image\/\",\"url\":\"https:\/\/secure.gravatar.com\/avatar\/049821681b589dabc0bc20695993ccebb09f5b5d4d790cd9251b97faac7c652b?s=96&d=blank&r=g\",\"contentUrl\":\"https:\/\/secure.gravatar.com\/avatar\/049821681b589dabc0bc20695993ccebb09f5b5d4d790cd9251b97faac7c652b?s=96&d=blank&r=g\",\"caption\":\"enequipo\"},\"sameAs\":[\"https:\/\/www.facebook.com\/SonoraEE\"]}]}<\/script>\n ","yoast_head_json":{"title":"Sonora en Equipo. Conferencia matutina presidencial. AMLO dar\u00e1 informe el 30 de marzo; tratar\u00e1 la pandemia y econom\u00eda Rep\u00fablica","description":"CIUDAD DE M\u00c9XICO. MX. \u2014 El presidente Andr\u00e9s Manuel L\u00f3pez Obrador ofreci\u00f3 su tradicional\u00a0 conferencia desde Palacio Nacional y trato los temas que para el En Sonora en Equipo publicamos toda la informaci\u00f3n de Sonora, M\u00e9xico y el Mundo de manera oportuna y busca que la libertad de expresi\u00f3n sea real. Visita nuestro medio informativo publicado desde Hermosillo, Sonora. %","robots":{"index":"index","follow":"follow","max-snippet":"max-snippet:-1","max-image-preview":"max-image-preview:large","max-video-preview":"max-video-preview:-1"},"canonical":"https:\/\/www.sonoraenequipo.com.mx\/conferencia-matutina-presidencial-amlo-dara-informe-el-30-de-marzo-tratara-la-pandemia-y-economia\/","og_locale":"es_ES","og_type":"article","og_title":"Sonora en Equipo. Conferencia matutina presidencial. AMLO dar\u00e1 informe el 30 de marzo; tratar\u00e1 la pandemia y econom\u00eda Rep\u00fablica","og_description":"CIUDAD DE M\u00c9XICO. MX. \u2014 El presidente Andr\u00e9s Manuel L\u00f3pez Obrador ofreci\u00f3 su tradicional\u00a0 conferencia desde Palacio Nacional y trato los temas que para el En Sonora en Equipo publicamos toda la informaci\u00f3n de Sonora, M\u00e9xico y el Mundo de manera oportuna y busca que la libertad de expresi\u00f3n sea real. Visita nuestro medio informativo publicado desde Hermosillo, Sonora. %","og_url":"https:\/\/www.sonoraenequipo.com.mx\/conferencia-matutina-presidencial-amlo-dara-informe-el-30-de-marzo-tratara-la-pandemia-y-economia\/","og_site_name":"Sonora en Equipo.","article_publisher":"https:\/\/www.facebook.com\/SonoraEE\/","article_author":"https:\/\/www.facebook.com\/SonoraEE","article_published_time":"2021-03-22T16:20:04+00:00","article_modified_time":"2021-03-22T16:52:38+00:00","og_image":[{"width":694,"height":356,"url":"https:\/\/www.sonoraenequipo.com.mx\/storage\/2021\/03\/Lopez-Obrador-2203-1_opt1.jpg","type":"image\/jpeg"}],"author":"enequipo","twitter_card":"summary_large_image","twitter_creator":"@sonoraenequipo","twitter_site":"@sonoraenequipo","twitter_misc":{"Escrito por":"enequipo","Tiempo de lectura":"4 minutos"},"schema":{"@context":"https:\/\/schema.org","@graph":[{"@type":"Article","@id":"https:\/\/www.sonoraenequipo.com.mx\/conferencia-matutina-presidencial-amlo-dara-informe-el-30-de-marzo-tratara-la-pandemia-y-economia\/#article","isPartOf":{"@id":"https:\/\/www.sonoraenequipo.com.mx\/conferencia-matutina-presidencial-amlo-dara-informe-el-30-de-marzo-tratara-la-pandemia-y-economia\/"},"author":{"name":"enequipo","@id":"https:\/\/www.sonoraenequipo.com.mx\/#\/schema\/person\/50102df0fb23a8fa9e8effad8fa81386"},"headline":"Conferencia matutina presidencial. AMLO dar\u00e1 informe el 30 de marzo; tratar\u00e1 la pandemia y econom\u00eda","datePublished":"2021-03-22T16:20:04+00:00","dateModified":"2021-03-22T16:52:38+00:00","mainEntityOfPage":{"@id":"https:\/\/www.sonoraenequipo.com.mx\/conferencia-matutina-presidencial-amlo-dara-informe-el-30-de-marzo-tratara-la-pandemia-y-economia\/"},"wordCount":928,"commentCount":0,"publisher":{"@id":"https:\/\/www.sonoraenequipo.com.mx\/#organization"},"image":{"@id":"https:\/\/www.sonoraenequipo.com.mx\/conferencia-matutina-presidencial-amlo-dara-informe-el-30-de-marzo-tratara-la-pandemia-y-economia\/#primaryimage"},"thumbnailUrl":"https:\/\/www.sonoraenequipo.com.mx\/storage\/2021\/03\/Lopez-Obrador-2203-1_opt1.jpg","articleSection":["Rep\u00fablica"],"inLanguage":"es","potentialAction":[{"@type":"CommentAction","name":"Comment","target":["https:\/\/www.sonoraenequipo.com.mx\/conferencia-matutina-presidencial-amlo-dara-informe-el-30-de-marzo-tratara-la-pandemia-y-economia\/#respond"]}]},{"@type":"WebPage","@id":"https:\/\/www.sonoraenequipo.com.mx\/conferencia-matutina-presidencial-amlo-dara-informe-el-30-de-marzo-tratara-la-pandemia-y-economia\/","url":"https:\/\/www.sonoraenequipo.com.mx\/conferencia-matutina-presidencial-amlo-dara-informe-el-30-de-marzo-tratara-la-pandemia-y-economia\/","name":"Sonora en Equipo. Conferencia matutina presidencial. AMLO dar\u00e1 informe el 30 de marzo; tratar\u00e1 la pandemia y econom\u00eda Rep\u00fablica","isPartOf":{"@id":"https:\/\/www.sonoraenequipo.com.mx\/#website"},"primaryImageOfPage":{"@id":"https:\/\/www.sonoraenequipo.com.mx\/conferencia-matutina-presidencial-amlo-dara-informe-el-30-de-marzo-tratara-la-pandemia-y-economia\/#primaryimage"},"image":{"@id":"https:\/\/www.sonoraenequipo.com.mx\/conferencia-matutina-presidencial-amlo-dara-informe-el-30-de-marzo-tratara-la-pandemia-y-economia\/#primaryimage"},"thumbnailUrl":"https:\/\/www.sonoraenequipo.com.mx\/storage\/2021\/03\/Lopez-Obrador-2203-1_opt1.jpg","datePublished":"2021-03-22T16:20:04+00:00","dateModified":"2021-03-22T16:52:38+00:00","description":"CIUDAD DE M\u00c9XICO. MX. \u2014 El presidente Andr\u00e9s Manuel L\u00f3pez Obrador ofreci\u00f3 su tradicional\u00a0 conferencia desde Palacio Nacional y trato los temas que para el En Sonora en Equipo publicamos toda la informaci\u00f3n de Sonora, M\u00e9xico y el Mundo de manera oportuna y busca que la libertad de expresi\u00f3n sea real. Visita nuestro medio informativo publicado desde Hermosillo, Sonora. %","breadcrumb":{"@id":"https:\/\/www.sonoraenequipo.com.mx\/conferencia-matutina-presidencial-amlo-dara-informe-el-30-de-marzo-tratara-la-pandemia-y-economia\/#breadcrumb"},"inLanguage":"es","potentialAction":[{"@type":"ReadAction","target":["https:\/\/www.sonoraenequipo.com.mx\/conferencia-matutina-presidencial-amlo-dara-informe-el-30-de-marzo-tratara-la-pandemia-y-economia\/"]}]},{"@type":"ImageObject","inLanguage":"es","@id":"https:\/\/www.sonoraenequipo.com.mx\/conferencia-matutina-presidencial-amlo-dara-informe-el-30-de-marzo-tratara-la-pandemia-y-economia\/#primaryimage","url":"https:\/\/www.sonoraenequipo.com.mx\/storage\/2021\/03\/Lopez-Obrador-2203-1_opt1.jpg","contentUrl":"https:\/\/www.sonoraenequipo.com.mx\/storage\/2021\/03\/Lopez-Obrador-2203-1_opt1.jpg","width":694,"height":356},{"@type":"BreadcrumbList","@id":"https:\/\/www.sonoraenequipo.com.mx\/conferencia-matutina-presidencial-amlo-dara-informe-el-30-de-marzo-tratara-la-pandemia-y-economia\/#breadcrumb","itemListElement":[{"@type":"ListItem","position":1,"name":"Portada","item":"https:\/\/www.sonoraenequipo.com.mx\/"},{"@type":"ListItem","position":2,"name":"Conferencia matutina presidencial. AMLO dar\u00e1 informe el 30 de marzo; tratar\u00e1 la pandemia y econom\u00eda"}]},{"@type":"WebSite","@id":"https:\/\/www.sonoraenequipo.com.mx\/#website","url":"https:\/\/www.sonoraenequipo.com.mx\/","name":"Sonora en Equipo.","description":"Diario en l\u00ednea con Noticias desde Hermosillo, Sonora","publisher":{"@id":"https:\/\/www.sonoraenequipo.com.mx\/#organization"},"potentialAction":[{"@type":"SearchAction","target":{"@type":"EntryPoint","urlTemplate":"https:\/\/www.sonoraenequipo.com.mx\/?s={search_term_string}"},"query-input":{"@type":"PropertyValueSpecification","valueRequired":true,"valueName":"search_term_string"}}],"inLanguage":"es"},{"@type":"Organization","@id":"https:\/\/www.sonoraenequipo.com.mx\/#organization","name":"Sonoraenequipo.com.mx","url":"https:\/\/www.sonoraenequipo.com.mx\/","logo":{"@type":"ImageObject","inLanguage":"es","@id":"https:\/\/www.sonoraenequipo.com.mx\/#\/schema\/logo\/image\/","url":"https:\/\/www.sonoraenequipo.com.mx\/storage\/2019\/01\/sonoraenequipo_opt.png","contentUrl":"https:\/\/www.sonoraenequipo.com.mx\/storage\/2019\/01\/sonoraenequipo_opt.png","width":375,"height":125,"caption":"Sonoraenequipo.com.mx"},"image":{"@id":"https:\/\/www.sonoraenequipo.com.mx\/#\/schema\/logo\/image\/"},"sameAs":["https:\/\/www.facebook.com\/SonoraEE\/","https:\/\/x.com\/sonoraenequipo","https:\/\/www.youtube.com\/channel\/UC338nW-lPEYmJQs4ZABQ1SQ"]},{"@type":"Person","@id":"https:\/\/www.sonoraenequipo.com.mx\/#\/schema\/person\/50102df0fb23a8fa9e8effad8fa81386","name":"enequipo","image":{"@type":"ImageObject","inLanguage":"es","@id":"https:\/\/www.sonoraenequipo.com.mx\/#\/schema\/person\/image\/","url":"https:\/\/secure.gravatar.com\/avatar\/049821681b589dabc0bc20695993ccebb09f5b5d4d790cd9251b97faac7c652b?s=96&d=blank&r=g","contentUrl":"https:\/\/secure.gravatar.com\/avatar\/049821681b589dabc0bc20695993ccebb09f5b5d4d790cd9251b97faac7c652b?s=96&d=blank&r=g","caption":"enequipo"},"sameAs":["https:\/\/www.facebook.com\/SonoraEE"]}]}},"jetpack_featured_media_url":"https:\/\/www.sonoraenequipo.com.mx\/storage\/2021\/03\/Lopez-Obrador-2203-1_opt1.jpg","_links":{"self":[{"href":"https:\/\/www.sonoraenequipo.com.mx\/api\/wp\/v2\/posts\/109825","targetHints":{"allow":["GET"]}}],"collection":[{"href":"https:\/\/www.sonoraenequipo.com.mx\/api\/wp\/v2\/posts"}],"about":[{"href":"https:\/\/www.sonoraenequipo.com.mx\/api\/wp\/v2\/types\/post"}],"author":[{"embeddable":true,"href":"https:\/\/www.sonoraenequipo.com.mx\/api\/wp\/v2\/users\/1"}],"replies":[{"embeddable":true,"href":"https:\/\/www.sonoraenequipo.com.mx\/api\/wp\/v2\/comments?post=109825"}],"version-history":[{"count":1,"href":"https:\/\/www.sonoraenequipo.com.mx\/api\/wp\/v2\/posts\/109825\/revisions"}],"predecessor-version":[{"id":109829,"href":"https:\/\/www.sonoraenequipo.com.mx\/api\/wp\/v2\/posts\/109825\/revisions\/109829"}],"wp:featuredmedia":[{"embeddable":true,"href":"https:\/\/www.sonoraenequipo.com.mx\/api\/wp\/v2\/media\/109826"}],"wp:attachment":[{"href":"https:\/\/www.sonoraenequipo.com.mx\/api\/wp\/v2\/media?parent=109825"}],"wp:term":[{"taxonomy":"category","embeddable":true,"href":"https:\/\/www.sonoraenequipo.com.mx\/api\/wp\/v2\/categories?post=109825"},{"taxonomy":"post_tag","embeddable":true,"href":"https:\/\/www.sonoraenequipo.com.mx\/api\/wp\/v2\/tags?post=109825"}],"curies":[{"name":"wp","href":"https:\/\/api.w.org\/{rel}","templated":true}]}}