{"id":109911,"date":"2021-03-22T11:20:15","date_gmt":"2021-03-22T18:20:15","guid":{"rendered":"https:\/\/www.sonoraenequipo.com.mx\/?p=109911"},"modified":"2021-03-22T21:40:02","modified_gmt":"2021-03-23T04:40:02","slug":"destaca-rubi-carrillo-como-hablar-de-sexualidad-a-los-hijos-con-sindrome-de-down","status":"publish","type":"post","link":"https:\/\/www.sonoraenequipo.com.mx\/destaca-rubi-carrillo-como-hablar-de-sexualidad-a-los-hijos-con-sindrome-de-down\/","title":{"rendered":"Destaca Rub\u00ed Carrillo c\u00f3mo hablar de sexualidad a los hijos con s\u00edndrome de Down"},"content":{"rendered":"<p>HERMOSILLO, SONORA. MX. \u2014 La sexualidad es una parte fundamental de la persona con discapacidad, pero \u00e9sta tiene que estar acorde a su edad cronol\u00f3gica y mental, adem\u00e1s del contexto social que le rodee, afirm\u00f3 Mar\u00eda Rub\u00ed Carrillo Durazo en su intervenci\u00f3n virtual dentro del XI Festival de la Primavera, organizado por la Direcci\u00f3n de Vinculaci\u00f3n y Difusi\u00f3n de la Universidad de Sonora.<\/p>\n<p>&nbsp;<\/p>\n<p> <\/p>\n<p>Al abordar el tema \u00bfC\u00f3mo hablar de sexualidad con mi hijo que es persona con s\u00edndrome de Down?, estableci\u00f3 que necesariamente en la orientaci\u00f3n se debe conocer cu\u00e1les son las capacidades en su ni\u00f1ez y adolescencia y c\u00f3mo pueden ser potenciarlas.<\/p>\n<p>Con licenciatura en Psicolog\u00eda Industrial, la invitada hizo referencia que, de acuerdo a la Convenci\u00f3n de los Derechos de las Personas con Discapacidad, se afirma que \u201ctenemos derecho a recibir la adecuada informaci\u00f3n sexual o reproductiva, incluso a experimentar en el intervalo de nuestra vida sexual y afectiva, pero siempre protegiendo la integridad como seres humanos\u201d.<\/p>\n<p>Reconoci\u00f3 que, en las tem\u00e1ticas de la sexualidad en la discapacidad, hoy en pleno siglo XXI existe una gran desinformaci\u00f3n, aunque por fortuna cada vez m\u00e1s los padres de familia se interesan en documentarse en esa \u00e1rea para orientar a sus hijos y puedan tener una vida sana y plena. Inclusive, las mismas personas con alguna discapacidad se muestran con inter\u00e9s de educarse en ese tema y as\u00ed tener una vida sexual sana, dejando de esa forma ciertos tab\u00fas del todo negativos en la sociedad.<\/p>\n<p>Carrillo Durazo, quien hoy estudia una segunda licenciatura en Psicolog\u00eda con enfoque cl\u00ednico, se\u00f1al\u00f3 la importancia de c\u00f3mo hablar de sexualidad con los hijos, la forma de abordar ese aspecto e, incluso, pregunt\u00e1ndose a partir de qu\u00e9 edad dirigirse a ellos y con qu\u00e9 se empieza, siempre tratando de encontrar en esa relaci\u00f3n la apertura y confianza. \u201cCierto es que la sexualidad puede hacernos ver si est\u00e1 en crisis en la vida diaria; c\u00f3mo actuamos, c\u00f3mo nos relacionamos dentro de nuestro propio cuerpo; la seguridad y salud\u201d, indic\u00f3.<\/p>\n<p>&nbsp;<\/p>\n<h3>Ver las cosas de manera natural<\/h3>\n<p>Destac\u00f3 la importancia de la ense\u00f1anza \u201cde las primeras tablas a la ni\u00f1ez\u201d, etapa en la que se debe empezar a relacionarse con su cuerpo y c\u00f3mo se llaman de manera correcta y natural a las partes de su anatom\u00eda humana. \u201cEs importante que veamos qu\u00e9 tanto conocen nuestros hijos de sus partes genitales y el cuerpo en general, insisti\u00e9ndoles en que las vean de manera natural\u201d, afirm\u00f3.<\/p>\n<p>Indic\u00f3 que se debe tomar en cuenta que hay cosas consensuadas y otras que no, en el entendimiento de que se tiene que decir a los hijos cu\u00e1nto se espera de un noviazgo y la amistad con sus amigos o amigas, inclusive explicando la diferencia entre un noviazgo y una amistad.<\/p>\n<p>\u201cNosotros, como adultos, tenemos que hablarles acorde a sus edades: por ejemplo, a sus 15 a\u00f1os ya puede tener novia y la forma en que debe llevar esa relaci\u00f3n, o bien hacerle ver lo que significa una relaci\u00f3n sexual, con las consecuencias que se pueden tener\u201d, expres\u00f3.<\/p>\n<h3>\nOrientaci\u00f3n por edades<\/h3>\n<p>Mar\u00eda Rub\u00ed Carrillo subray\u00f3 que, dependiendo de la edad del ni\u00f1o o adolescente, ser\u00e1 como puede hablarse con ellos, especialmente en este caso de quienes tienen s\u00edndrome de Down, y mencion\u00f3, por ejemplo, que de los dos a los nueve a\u00f1os hay que hacerles ver la diferencia entre ni\u00f1o y ni\u00f1a, qu\u00e9 es la masturbaci\u00f3n, c\u00f3mo nacen los ni\u00f1os, la orientaci\u00f3n sexual, y que dependiendo de la edad cronol\u00f3gica y mental es como se le puede hablar para que entienda mejor. \u201cEs importante que lo dejes preguntar para responderle y dejarlo sin ninguna duda, y tampoco darle m\u00e1s de lo que est\u00e1 cuestionando\u201d, destac\u00f3.<\/p>\n<p>En el caso de la etapa de los diez a los 15 a\u00f1os de edad, dijo que se le debe informar y orientar, en el caso de la mujer sobre los derrames nocturnas (emisiones) y la menstruaci\u00f3n, los sentimientos y emociones de atracci\u00f3n hacia otras personas, y en cuanto a la orientaci\u00f3n sexual.<\/p>\n<p>\u201cA los 16 a\u00f1os abordaremos las diferencias entre el amor y el sexo; es necesario ense\u00f1ar la diferencia entre el amor y el placer\u201d, sostuvo. Tambi\u00e9n cit\u00f3 la responsabilidad en las relaciones sexuales y m\u00e9todos anticonceptivos, con asistencia a especialistas, porque ellos especificar\u00e1n los mejores m\u00e9todos. Se puede tener una sexualidad muy rica placentera sin el riesgo de un embrazo, a\u00f1adi\u00f3.<\/p>\n<p>\u201cIncluso, deben saber lo que pasa cuando se les toca de manera inadecuada y c\u00f3mo, en su calidad de v\u00edctimas, pueden denunciar; tambi\u00e9n saber si es o no una conducta inadecuada\u201d. Por ello, agreg\u00f3, se debe orientar muy bien en ese aspecto para que no se presente esa situaci\u00f3n de malos entendidos y, al mismo tiempo, que sepan tener el derecho a que les gusta o no. \u201cEsto es tarea de padres y educadores, quienes debemos prepararlos lo mejor posible y formarlos en esas \u00e1reas\u201d.<\/p>\n<p>Desde los 16 a\u00f1os de edad, abund\u00f3, hay que explicarles todo lo que implica una maternidad o paternidad para que cuando lleguen a la edad adulta y sexualmente activa, sepan distinguir si pueden afrontarlas. \u201cAsimismo, no hay que s\u00f3lo hablarles de sexualidad, sino tambi\u00e9n de emociones, sentimientos, pensamientos y expresiones. Hay que concientizar de que no hay que quitarles el derecho a ser ni\u00f1os ante el hecho de tener padres con incapacidad intelectual muy severa y ellos tienen que andar cuid\u00e1ndolos\u201d, dijo.<\/p>\n<p>Finalmente, calific\u00f3 de necesario examinar los niveles intelectuales para explicarles a quienes tienen el s\u00edndrome de Down el tema de la sexualidad para que le queden claras las cosas, sea con el apoyo de im\u00e1genes, videos y esfuerzos colaborativos de especialistas y padres de familia, entre otros recursos.<\/p>\n<p>&nbsp;<\/p>\n<p>(Publicada el 22\/03\/2021)<\/p>\n","protected":false},"excerpt":{"rendered":"<p>HERMOSILLO, SONORA. MX. \u2014 La sexualidad es una parte fundamental de la persona con discapacidad,&#8230;<\/p>\n","protected":false},"author":1,"featured_media":109912,"comment_status":"open","ping_status":"open","sticky":false,"template":"","format":"standard","meta":{"_monsterinsights_skip_tracking":false,"_monsterinsights_sitenote_active":false,"_monsterinsights_sitenote_note":"","_monsterinsights_sitenote_category":0,"footnotes":""},"categories":[22],"tags":[],"class_list":["post"],"yoast_head":" \n<title>Sonora en Equipo. Destaca Rub\u00ed Carrillo c\u00f3mo hablar de sexualidad a los hijos con s\u00edndrome de Down Sonora<\/title>\n<meta name=\"description\" content=\"HERMOSILLO, SONORA. MX. \u2014 La sexualidad es una parte fundamental de la persona con discapacidad, pero \u00e9sta tiene que estar acorde a su edad cronol\u00f3gica y En Sonora en Equipo publicamos toda la informaci\u00f3n de Sonora, M\u00e9xico y el Mundo de manera oportuna y busca que la libertad de expresi\u00f3n sea real. Visita nuestro medio informativo publicado desde Hermosillo, Sonora. %\" \/>\n<meta name=\"robots\" content=\"index, follow, max-snippet:-1, max-image-preview:large, max-video-preview:-1\" \/>\n<link rel=\"canonical\" href=\"https:\/\/www.sonoraenequipo.com.mx\/destaca-rubi-carrillo-como-hablar-de-sexualidad-a-los-hijos-con-sindrome-de-down\/\" \/>\n<meta property=\"og:locale\" content=\"es_ES\" \/>\n<meta property=\"og:type\" content=\"article\" \/>\n<meta property=\"og:title\" content=\"Sonora en Equipo. Destaca Rub\u00ed Carrillo c\u00f3mo hablar de sexualidad a los hijos con s\u00edndrome de Down Sonora\" \/>\n<meta property=\"og:description\" content=\"HERMOSILLO, SONORA. MX. \u2014 La sexualidad es una parte fundamental de la persona con discapacidad, pero \u00e9sta tiene que estar acorde a su edad cronol\u00f3gica y En Sonora en Equipo publicamos toda la informaci\u00f3n de Sonora, M\u00e9xico y el Mundo de manera oportuna y busca que la libertad de expresi\u00f3n sea real. Visita nuestro medio informativo publicado desde Hermosillo, Sonora. %\" \/>\n<meta property=\"og:url\" content=\"https:\/\/www.sonoraenequipo.com.mx\/destaca-rubi-carrillo-como-hablar-de-sexualidad-a-los-hijos-con-sindrome-de-down\/\" \/>\n<meta property=\"og:site_name\" content=\"Sonora en Equipo.\" \/>\n<meta property=\"article:publisher\" content=\"https:\/\/www.facebook.com\/SonoraEE\/\" \/>\n<meta property=\"article:author\" content=\"https:\/\/www.facebook.com\/SonoraEE\" \/>\n<meta property=\"article:published_time\" content=\"2021-03-22T18:20:15+00:00\" \/>\n<meta property=\"article:modified_time\" content=\"2021-03-23T04:40:02+00:00\" \/>\n<meta property=\"og:image\" content=\"https:\/\/www.sonoraenequipo.com.mx\/storage\/2021\/03\/Lic_opt.jpg\" \/>\n\t<meta property=\"og:image:width\" content=\"500\" \/>\n\t<meta property=\"og:image:height\" content=\"667\" \/>\n\t<meta property=\"og:image:type\" content=\"image\/jpeg\" \/>\n<meta name=\"author\" content=\"enequipo\" \/>\n<meta name=\"twitter:card\" content=\"summary_large_image\" \/>\n<meta name=\"twitter:creator\" content=\"@sonoraenequipo\" \/>\n<meta name=\"twitter:site\" content=\"@sonoraenequipo\" \/>\n<meta name=\"twitter:label1\" content=\"Escrito por\" \/>\n\t<meta name=\"twitter:data1\" content=\"enequipo\" \/>\n\t<meta name=\"twitter:label2\" content=\"Tiempo de lectura\" \/>\n\t<meta name=\"twitter:data2\" content=\"5 minutos\" \/>\n<script type=\"application\/ld+json\" class=\"yoast-schema-graph\">{\"@context\":\"https:\/\/schema.org\",\"@graph\":[{\"@type\":\"Article\",\"@id\":\"https:\/\/www.sonoraenequipo.com.mx\/destaca-rubi-carrillo-como-hablar-de-sexualidad-a-los-hijos-con-sindrome-de-down\/#article\",\"isPartOf\":{\"@id\":\"https:\/\/www.sonoraenequipo.com.mx\/destaca-rubi-carrillo-como-hablar-de-sexualidad-a-los-hijos-con-sindrome-de-down\/\"},\"author\":{\"name\":\"enequipo\",\"@id\":\"https:\/\/www.sonoraenequipo.com.mx\/#\/schema\/person\/50102df0fb23a8fa9e8effad8fa81386\"},\"headline\":\"Destaca Rub\u00ed Carrillo c\u00f3mo hablar de sexualidad a los hijos con s\u00edndrome de Down\",\"datePublished\":\"2021-03-22T18:20:15+00:00\",\"dateModified\":\"2021-03-23T04:40:02+00:00\",\"mainEntityOfPage\":{\"@id\":\"https:\/\/www.sonoraenequipo.com.mx\/destaca-rubi-carrillo-como-hablar-de-sexualidad-a-los-hijos-con-sindrome-de-down\/\"},\"wordCount\":1030,\"commentCount\":0,\"publisher\":{\"@id\":\"https:\/\/www.sonoraenequipo.com.mx\/#organization\"},\"image\":{\"@id\":\"https:\/\/www.sonoraenequipo.com.mx\/destaca-rubi-carrillo-como-hablar-de-sexualidad-a-los-hijos-con-sindrome-de-down\/#primaryimage\"},\"thumbnailUrl\":\"https:\/\/www.sonoraenequipo.com.mx\/storage\/2021\/03\/Lic_opt.jpg\",\"articleSection\":[\"Sonora\"],\"inLanguage\":\"es\",\"potentialAction\":[{\"@type\":\"CommentAction\",\"name\":\"Comment\",\"target\":[\"https:\/\/www.sonoraenequipo.com.mx\/destaca-rubi-carrillo-como-hablar-de-sexualidad-a-los-hijos-con-sindrome-de-down\/#respond\"]}]},{\"@type\":\"WebPage\",\"@id\":\"https:\/\/www.sonoraenequipo.com.mx\/destaca-rubi-carrillo-como-hablar-de-sexualidad-a-los-hijos-con-sindrome-de-down\/\",\"url\":\"https:\/\/www.sonoraenequipo.com.mx\/destaca-rubi-carrillo-como-hablar-de-sexualidad-a-los-hijos-con-sindrome-de-down\/\",\"name\":\"Sonora en Equipo. Destaca Rub\u00ed Carrillo c\u00f3mo hablar de sexualidad a los hijos con s\u00edndrome de Down Sonora\",\"isPartOf\":{\"@id\":\"https:\/\/www.sonoraenequipo.com.mx\/#website\"},\"primaryImageOfPage\":{\"@id\":\"https:\/\/www.sonoraenequipo.com.mx\/destaca-rubi-carrillo-como-hablar-de-sexualidad-a-los-hijos-con-sindrome-de-down\/#primaryimage\"},\"image\":{\"@id\":\"https:\/\/www.sonoraenequipo.com.mx\/destaca-rubi-carrillo-como-hablar-de-sexualidad-a-los-hijos-con-sindrome-de-down\/#primaryimage\"},\"thumbnailUrl\":\"https:\/\/www.sonoraenequipo.com.mx\/storage\/2021\/03\/Lic_opt.jpg\",\"datePublished\":\"2021-03-22T18:20:15+00:00\",\"dateModified\":\"2021-03-23T04:40:02+00:00\",\"description\":\"HERMOSILLO, SONORA. MX. \u2014 La sexualidad es una parte fundamental de la persona con discapacidad, pero \u00e9sta tiene que estar acorde a su edad cronol\u00f3gica y En Sonora en Equipo publicamos toda la informaci\u00f3n de Sonora, M\u00e9xico y el Mundo de manera oportuna y busca que la libertad de expresi\u00f3n sea real. Visita nuestro medio informativo publicado desde Hermosillo, Sonora. %\",\"breadcrumb\":{\"@id\":\"https:\/\/www.sonoraenequipo.com.mx\/destaca-rubi-carrillo-como-hablar-de-sexualidad-a-los-hijos-con-sindrome-de-down\/#breadcrumb\"},\"inLanguage\":\"es\",\"potentialAction\":[{\"@type\":\"ReadAction\",\"target\":[\"https:\/\/www.sonoraenequipo.com.mx\/destaca-rubi-carrillo-como-hablar-de-sexualidad-a-los-hijos-con-sindrome-de-down\/\"]}]},{\"@type\":\"ImageObject\",\"inLanguage\":\"es\",\"@id\":\"https:\/\/www.sonoraenequipo.com.mx\/destaca-rubi-carrillo-como-hablar-de-sexualidad-a-los-hijos-con-sindrome-de-down\/#primaryimage\",\"url\":\"https:\/\/www.sonoraenequipo.com.mx\/storage\/2021\/03\/Lic_opt.jpg\",\"contentUrl\":\"https:\/\/www.sonoraenequipo.com.mx\/storage\/2021\/03\/Lic_opt.jpg\",\"width\":500,\"height\":667},{\"@type\":\"BreadcrumbList\",\"@id\":\"https:\/\/www.sonoraenequipo.com.mx\/destaca-rubi-carrillo-como-hablar-de-sexualidad-a-los-hijos-con-sindrome-de-down\/#breadcrumb\",\"itemListElement\":[{\"@type\":\"ListItem\",\"position\":1,\"name\":\"Portada\",\"item\":\"https:\/\/www.sonoraenequipo.com.mx\/\"},{\"@type\":\"ListItem\",\"position\":2,\"name\":\"Destaca Rub\u00ed Carrillo c\u00f3mo hablar de sexualidad a los hijos con s\u00edndrome de Down\"}]},{\"@type\":\"WebSite\",\"@id\":\"https:\/\/www.sonoraenequipo.com.mx\/#website\",\"url\":\"https:\/\/www.sonoraenequipo.com.mx\/\",\"name\":\"Sonora en Equipo.\",\"description\":\"Diario en l\u00ednea con Noticias desde Hermosillo, Sonora\",\"publisher\":{\"@id\":\"https:\/\/www.sonoraenequipo.com.mx\/#organization\"},\"potentialAction\":[{\"@type\":\"SearchAction\",\"target\":{\"@type\":\"EntryPoint\",\"urlTemplate\":\"https:\/\/www.sonoraenequipo.com.mx\/?s={search_term_string}\"},\"query-input\":{\"@type\":\"PropertyValueSpecification\",\"valueRequired\":true,\"valueName\":\"search_term_string\"}}],\"inLanguage\":\"es\"},{\"@type\":\"Organization\",\"@id\":\"https:\/\/www.sonoraenequipo.com.mx\/#organization\",\"name\":\"Sonoraenequipo.com.mx\",\"url\":\"https:\/\/www.sonoraenequipo.com.mx\/\",\"logo\":{\"@type\":\"ImageObject\",\"inLanguage\":\"es\",\"@id\":\"https:\/\/www.sonoraenequipo.com.mx\/#\/schema\/logo\/image\/\",\"url\":\"https:\/\/www.sonoraenequipo.com.mx\/storage\/2019\/01\/sonoraenequipo_opt.png\",\"contentUrl\":\"https:\/\/www.sonoraenequipo.com.mx\/storage\/2019\/01\/sonoraenequipo_opt.png\",\"width\":375,\"height\":125,\"caption\":\"Sonoraenequipo.com.mx\"},\"image\":{\"@id\":\"https:\/\/www.sonoraenequipo.com.mx\/#\/schema\/logo\/image\/\"},\"sameAs\":[\"https:\/\/www.facebook.com\/SonoraEE\/\",\"https:\/\/x.com\/sonoraenequipo\",\"https:\/\/www.youtube.com\/channel\/UC338nW-lPEYmJQs4ZABQ1SQ\"]},{\"@type\":\"Person\",\"@id\":\"https:\/\/www.sonoraenequipo.com.mx\/#\/schema\/person\/50102df0fb23a8fa9e8effad8fa81386\",\"name\":\"enequipo\",\"image\":{\"@type\":\"ImageObject\",\"inLanguage\":\"es\",\"@id\":\"https:\/\/www.sonoraenequipo.com.mx\/#\/schema\/person\/image\/\",\"url\":\"https:\/\/secure.gravatar.com\/avatar\/049821681b589dabc0bc20695993ccebb09f5b5d4d790cd9251b97faac7c652b?s=96&d=blank&r=g\",\"contentUrl\":\"https:\/\/secure.gravatar.com\/avatar\/049821681b589dabc0bc20695993ccebb09f5b5d4d790cd9251b97faac7c652b?s=96&d=blank&r=g\",\"caption\":\"enequipo\"},\"sameAs\":[\"https:\/\/www.facebook.com\/SonoraEE\"]}]}<\/script>\n ","yoast_head_json":{"title":"Sonora en Equipo. Destaca Rub\u00ed Carrillo c\u00f3mo hablar de sexualidad a los hijos con s\u00edndrome de Down Sonora","description":"HERMOSILLO, SONORA. MX. \u2014 La sexualidad es una parte fundamental de la persona con discapacidad, pero \u00e9sta tiene que estar acorde a su edad cronol\u00f3gica y En Sonora en Equipo publicamos toda la informaci\u00f3n de Sonora, M\u00e9xico y el Mundo de manera oportuna y busca que la libertad de expresi\u00f3n sea real. Visita nuestro medio informativo publicado desde Hermosillo, Sonora. %","robots":{"index":"index","follow":"follow","max-snippet":"max-snippet:-1","max-image-preview":"max-image-preview:large","max-video-preview":"max-video-preview:-1"},"canonical":"https:\/\/www.sonoraenequipo.com.mx\/destaca-rubi-carrillo-como-hablar-de-sexualidad-a-los-hijos-con-sindrome-de-down\/","og_locale":"es_ES","og_type":"article","og_title":"Sonora en Equipo. Destaca Rub\u00ed Carrillo c\u00f3mo hablar de sexualidad a los hijos con s\u00edndrome de Down Sonora","og_description":"HERMOSILLO, SONORA. MX. \u2014 La sexualidad es una parte fundamental de la persona con discapacidad, pero \u00e9sta tiene que estar acorde a su edad cronol\u00f3gica y En Sonora en Equipo publicamos toda la informaci\u00f3n de Sonora, M\u00e9xico y el Mundo de manera oportuna y busca que la libertad de expresi\u00f3n sea real. Visita nuestro medio informativo publicado desde Hermosillo, Sonora. %","og_url":"https:\/\/www.sonoraenequipo.com.mx\/destaca-rubi-carrillo-como-hablar-de-sexualidad-a-los-hijos-con-sindrome-de-down\/","og_site_name":"Sonora en Equipo.","article_publisher":"https:\/\/www.facebook.com\/SonoraEE\/","article_author":"https:\/\/www.facebook.com\/SonoraEE","article_published_time":"2021-03-22T18:20:15+00:00","article_modified_time":"2021-03-23T04:40:02+00:00","og_image":[{"width":500,"height":667,"url":"https:\/\/www.sonoraenequipo.com.mx\/storage\/2021\/03\/Lic_opt.jpg","type":"image\/jpeg"}],"author":"enequipo","twitter_card":"summary_large_image","twitter_creator":"@sonoraenequipo","twitter_site":"@sonoraenequipo","twitter_misc":{"Escrito por":"enequipo","Tiempo de lectura":"5 minutos"},"schema":{"@context":"https:\/\/schema.org","@graph":[{"@type":"Article","@id":"https:\/\/www.sonoraenequipo.com.mx\/destaca-rubi-carrillo-como-hablar-de-sexualidad-a-los-hijos-con-sindrome-de-down\/#article","isPartOf":{"@id":"https:\/\/www.sonoraenequipo.com.mx\/destaca-rubi-carrillo-como-hablar-de-sexualidad-a-los-hijos-con-sindrome-de-down\/"},"author":{"name":"enequipo","@id":"https:\/\/www.sonoraenequipo.com.mx\/#\/schema\/person\/50102df0fb23a8fa9e8effad8fa81386"},"headline":"Destaca Rub\u00ed Carrillo c\u00f3mo hablar de sexualidad a los hijos con s\u00edndrome de Down","datePublished":"2021-03-22T18:20:15+00:00","dateModified":"2021-03-23T04:40:02+00:00","mainEntityOfPage":{"@id":"https:\/\/www.sonoraenequipo.com.mx\/destaca-rubi-carrillo-como-hablar-de-sexualidad-a-los-hijos-con-sindrome-de-down\/"},"wordCount":1030,"commentCount":0,"publisher":{"@id":"https:\/\/www.sonoraenequipo.com.mx\/#organization"},"image":{"@id":"https:\/\/www.sonoraenequipo.com.mx\/destaca-rubi-carrillo-como-hablar-de-sexualidad-a-los-hijos-con-sindrome-de-down\/#primaryimage"},"thumbnailUrl":"https:\/\/www.sonoraenequipo.com.mx\/storage\/2021\/03\/Lic_opt.jpg","articleSection":["Sonora"],"inLanguage":"es","potentialAction":[{"@type":"CommentAction","name":"Comment","target":["https:\/\/www.sonoraenequipo.com.mx\/destaca-rubi-carrillo-como-hablar-de-sexualidad-a-los-hijos-con-sindrome-de-down\/#respond"]}]},{"@type":"WebPage","@id":"https:\/\/www.sonoraenequipo.com.mx\/destaca-rubi-carrillo-como-hablar-de-sexualidad-a-los-hijos-con-sindrome-de-down\/","url":"https:\/\/www.sonoraenequipo.com.mx\/destaca-rubi-carrillo-como-hablar-de-sexualidad-a-los-hijos-con-sindrome-de-down\/","name":"Sonora en Equipo. Destaca Rub\u00ed Carrillo c\u00f3mo hablar de sexualidad a los hijos con s\u00edndrome de Down Sonora","isPartOf":{"@id":"https:\/\/www.sonoraenequipo.com.mx\/#website"},"primaryImageOfPage":{"@id":"https:\/\/www.sonoraenequipo.com.mx\/destaca-rubi-carrillo-como-hablar-de-sexualidad-a-los-hijos-con-sindrome-de-down\/#primaryimage"},"image":{"@id":"https:\/\/www.sonoraenequipo.com.mx\/destaca-rubi-carrillo-como-hablar-de-sexualidad-a-los-hijos-con-sindrome-de-down\/#primaryimage"},"thumbnailUrl":"https:\/\/www.sonoraenequipo.com.mx\/storage\/2021\/03\/Lic_opt.jpg","datePublished":"2021-03-22T18:20:15+00:00","dateModified":"2021-03-23T04:40:02+00:00","description":"HERMOSILLO, SONORA. MX. \u2014 La sexualidad es una parte fundamental de la persona con discapacidad, pero \u00e9sta tiene que estar acorde a su edad cronol\u00f3gica y En Sonora en Equipo publicamos toda la informaci\u00f3n de Sonora, M\u00e9xico y el Mundo de manera oportuna y busca que la libertad de expresi\u00f3n sea real. Visita nuestro medio informativo publicado desde Hermosillo, Sonora. %","breadcrumb":{"@id":"https:\/\/www.sonoraenequipo.com.mx\/destaca-rubi-carrillo-como-hablar-de-sexualidad-a-los-hijos-con-sindrome-de-down\/#breadcrumb"},"inLanguage":"es","potentialAction":[{"@type":"ReadAction","target":["https:\/\/www.sonoraenequipo.com.mx\/destaca-rubi-carrillo-como-hablar-de-sexualidad-a-los-hijos-con-sindrome-de-down\/"]}]},{"@type":"ImageObject","inLanguage":"es","@id":"https:\/\/www.sonoraenequipo.com.mx\/destaca-rubi-carrillo-como-hablar-de-sexualidad-a-los-hijos-con-sindrome-de-down\/#primaryimage","url":"https:\/\/www.sonoraenequipo.com.mx\/storage\/2021\/03\/Lic_opt.jpg","contentUrl":"https:\/\/www.sonoraenequipo.com.mx\/storage\/2021\/03\/Lic_opt.jpg","width":500,"height":667},{"@type":"BreadcrumbList","@id":"https:\/\/www.sonoraenequipo.com.mx\/destaca-rubi-carrillo-como-hablar-de-sexualidad-a-los-hijos-con-sindrome-de-down\/#breadcrumb","itemListElement":[{"@type":"ListItem","position":1,"name":"Portada","item":"https:\/\/www.sonoraenequipo.com.mx\/"},{"@type":"ListItem","position":2,"name":"Destaca Rub\u00ed Carrillo c\u00f3mo hablar de sexualidad a los hijos con s\u00edndrome de Down"}]},{"@type":"WebSite","@id":"https:\/\/www.sonoraenequipo.com.mx\/#website","url":"https:\/\/www.sonoraenequipo.com.mx\/","name":"Sonora en Equipo.","description":"Diario en l\u00ednea con Noticias desde Hermosillo, Sonora","publisher":{"@id":"https:\/\/www.sonoraenequipo.com.mx\/#organization"},"potentialAction":[{"@type":"SearchAction","target":{"@type":"EntryPoint","urlTemplate":"https:\/\/www.sonoraenequipo.com.mx\/?s={search_term_string}"},"query-input":{"@type":"PropertyValueSpecification","valueRequired":true,"valueName":"search_term_string"}}],"inLanguage":"es"},{"@type":"Organization","@id":"https:\/\/www.sonoraenequipo.com.mx\/#organization","name":"Sonoraenequipo.com.mx","url":"https:\/\/www.sonoraenequipo.com.mx\/","logo":{"@type":"ImageObject","inLanguage":"es","@id":"https:\/\/www.sonoraenequipo.com.mx\/#\/schema\/logo\/image\/","url":"https:\/\/www.sonoraenequipo.com.mx\/storage\/2019\/01\/sonoraenequipo_opt.png","contentUrl":"https:\/\/www.sonoraenequipo.com.mx\/storage\/2019\/01\/sonoraenequipo_opt.png","width":375,"height":125,"caption":"Sonoraenequipo.com.mx"},"image":{"@id":"https:\/\/www.sonoraenequipo.com.mx\/#\/schema\/logo\/image\/"},"sameAs":["https:\/\/www.facebook.com\/SonoraEE\/","https:\/\/x.com\/sonoraenequipo","https:\/\/www.youtube.com\/channel\/UC338nW-lPEYmJQs4ZABQ1SQ"]},{"@type":"Person","@id":"https:\/\/www.sonoraenequipo.com.mx\/#\/schema\/person\/50102df0fb23a8fa9e8effad8fa81386","name":"enequipo","image":{"@type":"ImageObject","inLanguage":"es","@id":"https:\/\/www.sonoraenequipo.com.mx\/#\/schema\/person\/image\/","url":"https:\/\/secure.gravatar.com\/avatar\/049821681b589dabc0bc20695993ccebb09f5b5d4d790cd9251b97faac7c652b?s=96&d=blank&r=g","contentUrl":"https:\/\/secure.gravatar.com\/avatar\/049821681b589dabc0bc20695993ccebb09f5b5d4d790cd9251b97faac7c652b?s=96&d=blank&r=g","caption":"enequipo"},"sameAs":["https:\/\/www.facebook.com\/SonoraEE"]}]}},"jetpack_featured_media_url":"https:\/\/www.sonoraenequipo.com.mx\/storage\/2021\/03\/Lic_opt.jpg","_links":{"self":[{"href":"https:\/\/www.sonoraenequipo.com.mx\/api\/wp\/v2\/posts\/109911","targetHints":{"allow":["GET"]}}],"collection":[{"href":"https:\/\/www.sonoraenequipo.com.mx\/api\/wp\/v2\/posts"}],"about":[{"href":"https:\/\/www.sonoraenequipo.com.mx\/api\/wp\/v2\/types\/post"}],"author":[{"embeddable":true,"href":"https:\/\/www.sonoraenequipo.com.mx\/api\/wp\/v2\/users\/1"}],"replies":[{"embeddable":true,"href":"https:\/\/www.sonoraenequipo.com.mx\/api\/wp\/v2\/comments?post=109911"}],"version-history":[{"count":1,"href":"https:\/\/www.sonoraenequipo.com.mx\/api\/wp\/v2\/posts\/109911\/revisions"}],"predecessor-version":[{"id":109913,"href":"https:\/\/www.sonoraenequipo.com.mx\/api\/wp\/v2\/posts\/109911\/revisions\/109913"}],"wp:featuredmedia":[{"embeddable":true,"href":"https:\/\/www.sonoraenequipo.com.mx\/api\/wp\/v2\/media\/109912"}],"wp:attachment":[{"href":"https:\/\/www.sonoraenequipo.com.mx\/api\/wp\/v2\/media?parent=109911"}],"wp:term":[{"taxonomy":"category","embeddable":true,"href":"https:\/\/www.sonoraenequipo.com.mx\/api\/wp\/v2\/categories?post=109911"},{"taxonomy":"post_tag","embeddable":true,"href":"https:\/\/www.sonoraenequipo.com.mx\/api\/wp\/v2\/tags?post=109911"}],"curies":[{"name":"wp","href":"https:\/\/api.w.org\/{rel}","templated":true}]}}