{"id":110012,"date":"2021-03-23T23:14:41","date_gmt":"2021-03-24T06:14:41","guid":{"rendered":"https:\/\/www.sonoraenequipo.com.mx\/?p=110012"},"modified":"2021-03-23T22:31:00","modified_gmt":"2021-03-24T05:31:00","slug":"la-democracia-requiere-equilibrios-e-instituciones-fuertes-donde-todas-las-opiniones-cuenten-gobernadora","status":"publish","type":"post","link":"https:\/\/www.sonoraenequipo.com.mx\/la-democracia-requiere-equilibrios-e-instituciones-fuertes-donde-todas-las-opiniones-cuenten-gobernadora\/","title":{"rendered":"La democracia requiere equilibrios e instituciones fuertes donde todas las opiniones cuenten: Gobernadora"},"content":{"rendered":"<p>HERMOSILLO, SONORA. MX. \u2014 La democracia requiere fortalecerse y perfeccionarse y para ello es indispensable reforzar la institucionalidad del pa\u00eds y comprometerse con la legalidad irrestricta en el pr\u00f3ximo proceso electoral, <em>\u201cporque no hay democracia si no hay instituciones fuertes, no hay democracia si no hay equilibrios, no hay democracia si no cuentan todas las opiniones y no hay democracia si no hay el imperio de la ley\u201d,<\/em> enfatiz\u00f3 la gobernadora Claudia Pavlovich Arellano, al firmar el Acuerdo Nacional por la Democracia, convocado por el presidente de M\u00e9xico, Andr\u00e9s Manuel L\u00f3pez Obrador.<\/p>\n<p>&nbsp;<\/p>\n<p> <\/p>\n<p>&nbsp;<\/p>\n<p>La ceremonia, encabezada por el presidente L\u00f3pez Obrador, tiene como fin un compromiso horizontal y respetuoso a favor de la democracia y a actuar con absoluta rectitud y en defensa de la soberan\u00eda popular.<\/p>\n<p>&nbsp;<\/p>\n<p>Ah\u00ed, la mandataria estatal, como presidenta de la Conferencia Nacional de Gobernadores (Conago), ratific\u00f3 el compromiso de la jefa de gobierno y gobernadores, integrantes del organismo, con el respeto absoluto a la institucionalidad y con el apego escrupuloso al marco normativo que rige al pa\u00eds y a las entidades federativas.<\/p>\n<p>&nbsp;<\/p>\n<p><em>\u201cLa Conago est\u00e1 comprometida con la participaci\u00f3n ciudadana y con el irrestricto respeto a todas las voces, a las consonantes y a las disonantes, porque todas, absolutamente todas, enriquecen el di\u00e1logo nacional; la Conago est\u00e1 comprometida con la coordinaci\u00f3n con el Gobierno Federal para sacar adelante las tareas de nuestro pa\u00eds, porque ese es el esp\u00edritu de la democracia, que una vez que los ciudadanos deciden quien ha de gobernar, entonces todos construimos los consensos necesarios para que ese gobierno al que aspiran los ciudadanos sea posible\u201d<\/em>, afirm\u00f3.<\/p>\n<p>&nbsp;<\/p>\n<p>El compromiso es con el equilibrio de poderes, indic\u00f3 la gobernadora Pavlovich, donde la sociedad mandata al estado a trav\u00e9s del poder Legislativo, el Ejecutivo obedece y act\u00faa conforme a la ley y el judicial imparte justicia y garantiza los derechos fundamentales del ciudadano.<\/p>\n<p>&nbsp;<\/p>\n<p><em>\u201cLa Conago est\u00e1 comprometida con la legalidad irrestricta en los pr\u00f3ximos comicios electorales, para que la democracia se perfeccione cada vez m\u00e1s y no s\u00f3lo se garantice que los votos se cuenten en un marco de confianza y credibilidad, sino que se garantice que los votos sean depositados con absoluta libertad, sin ninguna coacci\u00f3n, sin ninguna otra motivaci\u00f3n que la convicci\u00f3n propia del elector\u201d,<\/em> resalt\u00f3.<\/p>\n<p>&nbsp;<\/p>\n<p>Cada uno de los integrantes de la Conago est\u00e1 convencido con la formaci\u00f3n de una ciudadan\u00eda plena, dijo la mandataria estatal, con ciudadanos conocedores de sus obligaciones y sus derechos, que los ejerzan a plenitud y a conciencia; una ciudadan\u00eda plena, exigente, empoderada y participativa.<\/p>\n<p>&nbsp;<\/p>\n<p><em>\u201cAs\u00ed, con ese compromiso, con esa convicci\u00f3n y con esa voluntad acude la Conago a este llamado del presidente, porque sabemos que la democracia debe cuidarse, fortalecerse, abrazarse porque no hay una mejor forma de Gobierno que aquella donde todas las expresiones son respetadas y consideradas, no hay desarrollo econ\u00f3mico posible si no hay apertura y disposici\u00f3n al di\u00e1logo\u201d<\/em>, recalc\u00f3.<\/p>\n<p>&nbsp;<\/p>\n<p>En el evento, participaron la secretaria de Gobernaci\u00f3n, Olga S\u00e1nchez Cordero; Alejandro Gertz Manero, fiscal general de la Rep\u00fablica, as\u00ed como los 31 gobernadores y la jefa de gobierno de la Ciudad de M\u00e9xico.<\/p>\n<p>&nbsp;<\/p>\n<p>(Publicada el 23\/03\/2021)<\/p>\n","protected":false},"excerpt":{"rendered":"<p>HERMOSILLO, SONORA. MX. \u2014 La democracia requiere fortalecerse y perfeccionarse y para ello es indispensable&#8230;<\/p>\n","protected":false},"author":1,"featured_media":110019,"comment_status":"open","ping_status":"open","sticky":false,"template":"","format":"standard","meta":{"_monsterinsights_skip_tracking":false,"_monsterinsights_sitenote_active":false,"_monsterinsights_sitenote_note":"","_monsterinsights_sitenote_category":0,"footnotes":""},"categories":[22],"tags":[],"class_list":["post"],"yoast_head":" \n<title>Sonora en Equipo. La democracia requiere equilibrios e instituciones fuertes donde todas las opiniones cuenten: Gobernadora Sonora<\/title>\n<meta name=\"description\" content=\"HERMOSILLO, SONORA. MX. \u2014 La democracia requiere fortalecerse y perfeccionarse y para ello es indispensable reforzar la institucionalidad del pa\u00eds y En Sonora en Equipo publicamos toda la informaci\u00f3n de Sonora, M\u00e9xico y el Mundo de manera oportuna y busca que la libertad de expresi\u00f3n sea real. Visita nuestro medio informativo publicado desde Hermosillo, Sonora. %\" \/>\n<meta name=\"robots\" content=\"index, follow, max-snippet:-1, max-image-preview:large, max-video-preview:-1\" \/>\n<link rel=\"canonical\" href=\"https:\/\/www.sonoraenequipo.com.mx\/la-democracia-requiere-equilibrios-e-instituciones-fuertes-donde-todas-las-opiniones-cuenten-gobernadora\/\" \/>\n<meta property=\"og:locale\" content=\"es_ES\" \/>\n<meta property=\"og:type\" content=\"article\" \/>\n<meta property=\"og:title\" content=\"Sonora en Equipo. La democracia requiere equilibrios e instituciones fuertes donde todas las opiniones cuenten: Gobernadora Sonora\" \/>\n<meta property=\"og:description\" content=\"HERMOSILLO, SONORA. MX. \u2014 La democracia requiere fortalecerse y perfeccionarse y para ello es indispensable reforzar la institucionalidad del pa\u00eds y En Sonora en Equipo publicamos toda la informaci\u00f3n de Sonora, M\u00e9xico y el Mundo de manera oportuna y busca que la libertad de expresi\u00f3n sea real. Visita nuestro medio informativo publicado desde Hermosillo, Sonora. %\" \/>\n<meta property=\"og:url\" content=\"https:\/\/www.sonoraenequipo.com.mx\/la-democracia-requiere-equilibrios-e-instituciones-fuertes-donde-todas-las-opiniones-cuenten-gobernadora\/\" \/>\n<meta property=\"og:site_name\" content=\"Sonora en Equipo.\" \/>\n<meta property=\"article:publisher\" content=\"https:\/\/www.facebook.com\/SonoraEE\/\" \/>\n<meta property=\"article:author\" content=\"https:\/\/www.facebook.com\/SonoraEE\" \/>\n<meta property=\"article:published_time\" content=\"2021-03-24T06:14:41+00:00\" \/>\n<meta property=\"og:image\" content=\"https:\/\/www.sonoraenequipo.com.mx\/storage\/2021\/03\/claudia-pavlovich-2_opt.jpg\" \/>\n\t<meta property=\"og:image:width\" content=\"750\" \/>\n\t<meta property=\"og:image:height\" content=\"500\" \/>\n\t<meta property=\"og:image:type\" content=\"image\/jpeg\" \/>\n<meta name=\"author\" content=\"enequipo\" \/>\n<meta name=\"twitter:card\" content=\"summary_large_image\" \/>\n<meta name=\"twitter:creator\" content=\"@sonoraenequipo\" \/>\n<meta name=\"twitter:site\" content=\"@sonoraenequipo\" \/>\n<meta name=\"twitter:label1\" content=\"Escrito por\" \/>\n\t<meta name=\"twitter:data1\" content=\"enequipo\" \/>\n\t<meta name=\"twitter:label2\" content=\"Tiempo de lectura\" \/>\n\t<meta name=\"twitter:data2\" content=\"3 minutos\" \/>\n<script type=\"application\/ld+json\" class=\"yoast-schema-graph\">{\"@context\":\"https:\/\/schema.org\",\"@graph\":[{\"@type\":\"Article\",\"@id\":\"https:\/\/www.sonoraenequipo.com.mx\/la-democracia-requiere-equilibrios-e-instituciones-fuertes-donde-todas-las-opiniones-cuenten-gobernadora\/#article\",\"isPartOf\":{\"@id\":\"https:\/\/www.sonoraenequipo.com.mx\/la-democracia-requiere-equilibrios-e-instituciones-fuertes-donde-todas-las-opiniones-cuenten-gobernadora\/\"},\"author\":{\"name\":\"enequipo\",\"@id\":\"https:\/\/www.sonoraenequipo.com.mx\/#\/schema\/person\/50102df0fb23a8fa9e8effad8fa81386\"},\"headline\":\"La democracia requiere equilibrios e instituciones fuertes donde todas las opiniones cuenten: Gobernadora\",\"datePublished\":\"2021-03-24T06:14:41+00:00\",\"mainEntityOfPage\":{\"@id\":\"https:\/\/www.sonoraenequipo.com.mx\/la-democracia-requiere-equilibrios-e-instituciones-fuertes-donde-todas-las-opiniones-cuenten-gobernadora\/\"},\"wordCount\":567,\"commentCount\":0,\"publisher\":{\"@id\":\"https:\/\/www.sonoraenequipo.com.mx\/#organization\"},\"image\":{\"@id\":\"https:\/\/www.sonoraenequipo.com.mx\/la-democracia-requiere-equilibrios-e-instituciones-fuertes-donde-todas-las-opiniones-cuenten-gobernadora\/#primaryimage\"},\"thumbnailUrl\":\"https:\/\/www.sonoraenequipo.com.mx\/storage\/2021\/03\/claudia-pavlovich-2_opt.jpg\",\"articleSection\":[\"Sonora\"],\"inLanguage\":\"es\",\"potentialAction\":[{\"@type\":\"CommentAction\",\"name\":\"Comment\",\"target\":[\"https:\/\/www.sonoraenequipo.com.mx\/la-democracia-requiere-equilibrios-e-instituciones-fuertes-donde-todas-las-opiniones-cuenten-gobernadora\/#respond\"]}]},{\"@type\":\"WebPage\",\"@id\":\"https:\/\/www.sonoraenequipo.com.mx\/la-democracia-requiere-equilibrios-e-instituciones-fuertes-donde-todas-las-opiniones-cuenten-gobernadora\/\",\"url\":\"https:\/\/www.sonoraenequipo.com.mx\/la-democracia-requiere-equilibrios-e-instituciones-fuertes-donde-todas-las-opiniones-cuenten-gobernadora\/\",\"name\":\"Sonora en Equipo. La democracia requiere equilibrios e instituciones fuertes donde todas las opiniones cuenten: Gobernadora Sonora\",\"isPartOf\":{\"@id\":\"https:\/\/www.sonoraenequipo.com.mx\/#website\"},\"primaryImageOfPage\":{\"@id\":\"https:\/\/www.sonoraenequipo.com.mx\/la-democracia-requiere-equilibrios-e-instituciones-fuertes-donde-todas-las-opiniones-cuenten-gobernadora\/#primaryimage\"},\"image\":{\"@id\":\"https:\/\/www.sonoraenequipo.com.mx\/la-democracia-requiere-equilibrios-e-instituciones-fuertes-donde-todas-las-opiniones-cuenten-gobernadora\/#primaryimage\"},\"thumbnailUrl\":\"https:\/\/www.sonoraenequipo.com.mx\/storage\/2021\/03\/claudia-pavlovich-2_opt.jpg\",\"datePublished\":\"2021-03-24T06:14:41+00:00\",\"description\":\"HERMOSILLO, SONORA. MX. \u2014 La democracia requiere fortalecerse y perfeccionarse y para ello es indispensable reforzar la institucionalidad del pa\u00eds y En Sonora en Equipo publicamos toda la informaci\u00f3n de Sonora, M\u00e9xico y el Mundo de manera oportuna y busca que la libertad de expresi\u00f3n sea real. Visita nuestro medio informativo publicado desde Hermosillo, Sonora. %\",\"breadcrumb\":{\"@id\":\"https:\/\/www.sonoraenequipo.com.mx\/la-democracia-requiere-equilibrios-e-instituciones-fuertes-donde-todas-las-opiniones-cuenten-gobernadora\/#breadcrumb\"},\"inLanguage\":\"es\",\"potentialAction\":[{\"@type\":\"ReadAction\",\"target\":[\"https:\/\/www.sonoraenequipo.com.mx\/la-democracia-requiere-equilibrios-e-instituciones-fuertes-donde-todas-las-opiniones-cuenten-gobernadora\/\"]}]},{\"@type\":\"ImageObject\",\"inLanguage\":\"es\",\"@id\":\"https:\/\/www.sonoraenequipo.com.mx\/la-democracia-requiere-equilibrios-e-instituciones-fuertes-donde-todas-las-opiniones-cuenten-gobernadora\/#primaryimage\",\"url\":\"https:\/\/www.sonoraenequipo.com.mx\/storage\/2021\/03\/claudia-pavlovich-2_opt.jpg\",\"contentUrl\":\"https:\/\/www.sonoraenequipo.com.mx\/storage\/2021\/03\/claudia-pavlovich-2_opt.jpg\",\"width\":750,\"height\":500},{\"@type\":\"BreadcrumbList\",\"@id\":\"https:\/\/www.sonoraenequipo.com.mx\/la-democracia-requiere-equilibrios-e-instituciones-fuertes-donde-todas-las-opiniones-cuenten-gobernadora\/#breadcrumb\",\"itemListElement\":[{\"@type\":\"ListItem\",\"position\":1,\"name\":\"Portada\",\"item\":\"https:\/\/www.sonoraenequipo.com.mx\/\"},{\"@type\":\"ListItem\",\"position\":2,\"name\":\"La democracia requiere equilibrios e instituciones fuertes donde todas las opiniones cuenten: Gobernadora\"}]},{\"@type\":\"WebSite\",\"@id\":\"https:\/\/www.sonoraenequipo.com.mx\/#website\",\"url\":\"https:\/\/www.sonoraenequipo.com.mx\/\",\"name\":\"Sonora en Equipo.\",\"description\":\"Diario en l\u00ednea con Noticias desde Hermosillo, Sonora\",\"publisher\":{\"@id\":\"https:\/\/www.sonoraenequipo.com.mx\/#organization\"},\"potentialAction\":[{\"@type\":\"SearchAction\",\"target\":{\"@type\":\"EntryPoint\",\"urlTemplate\":\"https:\/\/www.sonoraenequipo.com.mx\/?s={search_term_string}\"},\"query-input\":{\"@type\":\"PropertyValueSpecification\",\"valueRequired\":true,\"valueName\":\"search_term_string\"}}],\"inLanguage\":\"es\"},{\"@type\":\"Organization\",\"@id\":\"https:\/\/www.sonoraenequipo.com.mx\/#organization\",\"name\":\"Sonoraenequipo.com.mx\",\"url\":\"https:\/\/www.sonoraenequipo.com.mx\/\",\"logo\":{\"@type\":\"ImageObject\",\"inLanguage\":\"es\",\"@id\":\"https:\/\/www.sonoraenequipo.com.mx\/#\/schema\/logo\/image\/\",\"url\":\"https:\/\/www.sonoraenequipo.com.mx\/storage\/2019\/01\/sonoraenequipo_opt.png\",\"contentUrl\":\"https:\/\/www.sonoraenequipo.com.mx\/storage\/2019\/01\/sonoraenequipo_opt.png\",\"width\":375,\"height\":125,\"caption\":\"Sonoraenequipo.com.mx\"},\"image\":{\"@id\":\"https:\/\/www.sonoraenequipo.com.mx\/#\/schema\/logo\/image\/\"},\"sameAs\":[\"https:\/\/www.facebook.com\/SonoraEE\/\",\"https:\/\/x.com\/sonoraenequipo\",\"https:\/\/www.youtube.com\/channel\/UC338nW-lPEYmJQs4ZABQ1SQ\"]},{\"@type\":\"Person\",\"@id\":\"https:\/\/www.sonoraenequipo.com.mx\/#\/schema\/person\/50102df0fb23a8fa9e8effad8fa81386\",\"name\":\"enequipo\",\"image\":{\"@type\":\"ImageObject\",\"inLanguage\":\"es\",\"@id\":\"https:\/\/www.sonoraenequipo.com.mx\/#\/schema\/person\/image\/\",\"url\":\"https:\/\/secure.gravatar.com\/avatar\/049821681b589dabc0bc20695993ccebb09f5b5d4d790cd9251b97faac7c652b?s=96&d=blank&r=g\",\"contentUrl\":\"https:\/\/secure.gravatar.com\/avatar\/049821681b589dabc0bc20695993ccebb09f5b5d4d790cd9251b97faac7c652b?s=96&d=blank&r=g\",\"caption\":\"enequipo\"},\"sameAs\":[\"https:\/\/www.facebook.com\/SonoraEE\"]}]}<\/script>\n ","yoast_head_json":{"title":"Sonora en Equipo. La democracia requiere equilibrios e instituciones fuertes donde todas las opiniones cuenten: Gobernadora Sonora","description":"HERMOSILLO, SONORA. MX. \u2014 La democracia requiere fortalecerse y perfeccionarse y para ello es indispensable reforzar la institucionalidad del pa\u00eds y En Sonora en Equipo publicamos toda la informaci\u00f3n de Sonora, M\u00e9xico y el Mundo de manera oportuna y busca que la libertad de expresi\u00f3n sea real. Visita nuestro medio informativo publicado desde Hermosillo, Sonora. %","robots":{"index":"index","follow":"follow","max-snippet":"max-snippet:-1","max-image-preview":"max-image-preview:large","max-video-preview":"max-video-preview:-1"},"canonical":"https:\/\/www.sonoraenequipo.com.mx\/la-democracia-requiere-equilibrios-e-instituciones-fuertes-donde-todas-las-opiniones-cuenten-gobernadora\/","og_locale":"es_ES","og_type":"article","og_title":"Sonora en Equipo. La democracia requiere equilibrios e instituciones fuertes donde todas las opiniones cuenten: Gobernadora Sonora","og_description":"HERMOSILLO, SONORA. MX. \u2014 La democracia requiere fortalecerse y perfeccionarse y para ello es indispensable reforzar la institucionalidad del pa\u00eds y En Sonora en Equipo publicamos toda la informaci\u00f3n de Sonora, M\u00e9xico y el Mundo de manera oportuna y busca que la libertad de expresi\u00f3n sea real. Visita nuestro medio informativo publicado desde Hermosillo, Sonora. %","og_url":"https:\/\/www.sonoraenequipo.com.mx\/la-democracia-requiere-equilibrios-e-instituciones-fuertes-donde-todas-las-opiniones-cuenten-gobernadora\/","og_site_name":"Sonora en Equipo.","article_publisher":"https:\/\/www.facebook.com\/SonoraEE\/","article_author":"https:\/\/www.facebook.com\/SonoraEE","article_published_time":"2021-03-24T06:14:41+00:00","og_image":[{"width":750,"height":500,"url":"https:\/\/www.sonoraenequipo.com.mx\/storage\/2021\/03\/claudia-pavlovich-2_opt.jpg","type":"image\/jpeg"}],"author":"enequipo","twitter_card":"summary_large_image","twitter_creator":"@sonoraenequipo","twitter_site":"@sonoraenequipo","twitter_misc":{"Escrito por":"enequipo","Tiempo de lectura":"3 minutos"},"schema":{"@context":"https:\/\/schema.org","@graph":[{"@type":"Article","@id":"https:\/\/www.sonoraenequipo.com.mx\/la-democracia-requiere-equilibrios-e-instituciones-fuertes-donde-todas-las-opiniones-cuenten-gobernadora\/#article","isPartOf":{"@id":"https:\/\/www.sonoraenequipo.com.mx\/la-democracia-requiere-equilibrios-e-instituciones-fuertes-donde-todas-las-opiniones-cuenten-gobernadora\/"},"author":{"name":"enequipo","@id":"https:\/\/www.sonoraenequipo.com.mx\/#\/schema\/person\/50102df0fb23a8fa9e8effad8fa81386"},"headline":"La democracia requiere equilibrios e instituciones fuertes donde todas las opiniones cuenten: Gobernadora","datePublished":"2021-03-24T06:14:41+00:00","mainEntityOfPage":{"@id":"https:\/\/www.sonoraenequipo.com.mx\/la-democracia-requiere-equilibrios-e-instituciones-fuertes-donde-todas-las-opiniones-cuenten-gobernadora\/"},"wordCount":567,"commentCount":0,"publisher":{"@id":"https:\/\/www.sonoraenequipo.com.mx\/#organization"},"image":{"@id":"https:\/\/www.sonoraenequipo.com.mx\/la-democracia-requiere-equilibrios-e-instituciones-fuertes-donde-todas-las-opiniones-cuenten-gobernadora\/#primaryimage"},"thumbnailUrl":"https:\/\/www.sonoraenequipo.com.mx\/storage\/2021\/03\/claudia-pavlovich-2_opt.jpg","articleSection":["Sonora"],"inLanguage":"es","potentialAction":[{"@type":"CommentAction","name":"Comment","target":["https:\/\/www.sonoraenequipo.com.mx\/la-democracia-requiere-equilibrios-e-instituciones-fuertes-donde-todas-las-opiniones-cuenten-gobernadora\/#respond"]}]},{"@type":"WebPage","@id":"https:\/\/www.sonoraenequipo.com.mx\/la-democracia-requiere-equilibrios-e-instituciones-fuertes-donde-todas-las-opiniones-cuenten-gobernadora\/","url":"https:\/\/www.sonoraenequipo.com.mx\/la-democracia-requiere-equilibrios-e-instituciones-fuertes-donde-todas-las-opiniones-cuenten-gobernadora\/","name":"Sonora en Equipo. La democracia requiere equilibrios e instituciones fuertes donde todas las opiniones cuenten: Gobernadora Sonora","isPartOf":{"@id":"https:\/\/www.sonoraenequipo.com.mx\/#website"},"primaryImageOfPage":{"@id":"https:\/\/www.sonoraenequipo.com.mx\/la-democracia-requiere-equilibrios-e-instituciones-fuertes-donde-todas-las-opiniones-cuenten-gobernadora\/#primaryimage"},"image":{"@id":"https:\/\/www.sonoraenequipo.com.mx\/la-democracia-requiere-equilibrios-e-instituciones-fuertes-donde-todas-las-opiniones-cuenten-gobernadora\/#primaryimage"},"thumbnailUrl":"https:\/\/www.sonoraenequipo.com.mx\/storage\/2021\/03\/claudia-pavlovich-2_opt.jpg","datePublished":"2021-03-24T06:14:41+00:00","description":"HERMOSILLO, SONORA. MX. \u2014 La democracia requiere fortalecerse y perfeccionarse y para ello es indispensable reforzar la institucionalidad del pa\u00eds y En Sonora en Equipo publicamos toda la informaci\u00f3n de Sonora, M\u00e9xico y el Mundo de manera oportuna y busca que la libertad de expresi\u00f3n sea real. Visita nuestro medio informativo publicado desde Hermosillo, Sonora. %","breadcrumb":{"@id":"https:\/\/www.sonoraenequipo.com.mx\/la-democracia-requiere-equilibrios-e-instituciones-fuertes-donde-todas-las-opiniones-cuenten-gobernadora\/#breadcrumb"},"inLanguage":"es","potentialAction":[{"@type":"ReadAction","target":["https:\/\/www.sonoraenequipo.com.mx\/la-democracia-requiere-equilibrios-e-instituciones-fuertes-donde-todas-las-opiniones-cuenten-gobernadora\/"]}]},{"@type":"ImageObject","inLanguage":"es","@id":"https:\/\/www.sonoraenequipo.com.mx\/la-democracia-requiere-equilibrios-e-instituciones-fuertes-donde-todas-las-opiniones-cuenten-gobernadora\/#primaryimage","url":"https:\/\/www.sonoraenequipo.com.mx\/storage\/2021\/03\/claudia-pavlovich-2_opt.jpg","contentUrl":"https:\/\/www.sonoraenequipo.com.mx\/storage\/2021\/03\/claudia-pavlovich-2_opt.jpg","width":750,"height":500},{"@type":"BreadcrumbList","@id":"https:\/\/www.sonoraenequipo.com.mx\/la-democracia-requiere-equilibrios-e-instituciones-fuertes-donde-todas-las-opiniones-cuenten-gobernadora\/#breadcrumb","itemListElement":[{"@type":"ListItem","position":1,"name":"Portada","item":"https:\/\/www.sonoraenequipo.com.mx\/"},{"@type":"ListItem","position":2,"name":"La democracia requiere equilibrios e instituciones fuertes donde todas las opiniones cuenten: Gobernadora"}]},{"@type":"WebSite","@id":"https:\/\/www.sonoraenequipo.com.mx\/#website","url":"https:\/\/www.sonoraenequipo.com.mx\/","name":"Sonora en Equipo.","description":"Diario en l\u00ednea con Noticias desde Hermosillo, Sonora","publisher":{"@id":"https:\/\/www.sonoraenequipo.com.mx\/#organization"},"potentialAction":[{"@type":"SearchAction","target":{"@type":"EntryPoint","urlTemplate":"https:\/\/www.sonoraenequipo.com.mx\/?s={search_term_string}"},"query-input":{"@type":"PropertyValueSpecification","valueRequired":true,"valueName":"search_term_string"}}],"inLanguage":"es"},{"@type":"Organization","@id":"https:\/\/www.sonoraenequipo.com.mx\/#organization","name":"Sonoraenequipo.com.mx","url":"https:\/\/www.sonoraenequipo.com.mx\/","logo":{"@type":"ImageObject","inLanguage":"es","@id":"https:\/\/www.sonoraenequipo.com.mx\/#\/schema\/logo\/image\/","url":"https:\/\/www.sonoraenequipo.com.mx\/storage\/2019\/01\/sonoraenequipo_opt.png","contentUrl":"https:\/\/www.sonoraenequipo.com.mx\/storage\/2019\/01\/sonoraenequipo_opt.png","width":375,"height":125,"caption":"Sonoraenequipo.com.mx"},"image":{"@id":"https:\/\/www.sonoraenequipo.com.mx\/#\/schema\/logo\/image\/"},"sameAs":["https:\/\/www.facebook.com\/SonoraEE\/","https:\/\/x.com\/sonoraenequipo","https:\/\/www.youtube.com\/channel\/UC338nW-lPEYmJQs4ZABQ1SQ"]},{"@type":"Person","@id":"https:\/\/www.sonoraenequipo.com.mx\/#\/schema\/person\/50102df0fb23a8fa9e8effad8fa81386","name":"enequipo","image":{"@type":"ImageObject","inLanguage":"es","@id":"https:\/\/www.sonoraenequipo.com.mx\/#\/schema\/person\/image\/","url":"https:\/\/secure.gravatar.com\/avatar\/049821681b589dabc0bc20695993ccebb09f5b5d4d790cd9251b97faac7c652b?s=96&d=blank&r=g","contentUrl":"https:\/\/secure.gravatar.com\/avatar\/049821681b589dabc0bc20695993ccebb09f5b5d4d790cd9251b97faac7c652b?s=96&d=blank&r=g","caption":"enequipo"},"sameAs":["https:\/\/www.facebook.com\/SonoraEE"]}]}},"jetpack_featured_media_url":"https:\/\/www.sonoraenequipo.com.mx\/storage\/2021\/03\/claudia-pavlovich-2_opt.jpg","_links":{"self":[{"href":"https:\/\/www.sonoraenequipo.com.mx\/api\/wp\/v2\/posts\/110012","targetHints":{"allow":["GET"]}}],"collection":[{"href":"https:\/\/www.sonoraenequipo.com.mx\/api\/wp\/v2\/posts"}],"about":[{"href":"https:\/\/www.sonoraenequipo.com.mx\/api\/wp\/v2\/types\/post"}],"author":[{"embeddable":true,"href":"https:\/\/www.sonoraenequipo.com.mx\/api\/wp\/v2\/users\/1"}],"replies":[{"embeddable":true,"href":"https:\/\/www.sonoraenequipo.com.mx\/api\/wp\/v2\/comments?post=110012"}],"version-history":[{"count":2,"href":"https:\/\/www.sonoraenequipo.com.mx\/api\/wp\/v2\/posts\/110012\/revisions"}],"predecessor-version":[{"id":110020,"href":"https:\/\/www.sonoraenequipo.com.mx\/api\/wp\/v2\/posts\/110012\/revisions\/110020"}],"wp:featuredmedia":[{"embeddable":true,"href":"https:\/\/www.sonoraenequipo.com.mx\/api\/wp\/v2\/media\/110019"}],"wp:attachment":[{"href":"https:\/\/www.sonoraenequipo.com.mx\/api\/wp\/v2\/media?parent=110012"}],"wp:term":[{"taxonomy":"category","embeddable":true,"href":"https:\/\/www.sonoraenequipo.com.mx\/api\/wp\/v2\/categories?post=110012"},{"taxonomy":"post_tag","embeddable":true,"href":"https:\/\/www.sonoraenequipo.com.mx\/api\/wp\/v2\/tags?post=110012"}],"curies":[{"name":"wp","href":"https:\/\/api.w.org\/{rel}","templated":true}]}}