{"id":110021,"date":"2021-03-23T23:55:33","date_gmt":"2021-03-24T06:55:33","guid":{"rendered":"https:\/\/www.sonoraenequipo.com.mx\/?p=110021"},"modified":"2021-03-23T22:43:12","modified_gmt":"2021-03-24T05:43:12","slug":"queremos-un-sonora-que-aproveche-sus-recursos-naturales-de-manera-responsable-omar-del-valle","status":"publish","type":"post","link":"https:\/\/www.sonoraenequipo.com.mx\/queremos-un-sonora-que-aproveche-sus-recursos-naturales-de-manera-responsable-omar-del-valle\/","title":{"rendered":"\u201cQueremos un Sonora que aproveche sus recursos naturales de manera responsable\u201d: Omar Del Valle"},"content":{"rendered":"<p>HERMOSILLO, SONORA. MX. \u2014 En el marco de la celebraci\u00f3n del d\u00eda mundial del agua, enfatiz\u00f3 que el Verde Sonora presentar\u00e1 iniciativas para el manejo adecuado del vital l\u00edquido.<\/p>\n<p>&nbsp;<\/p>\n<p> <\/p>\n<p>El dirigente estatal del Verde Sonora, Omar Del Valle, mencion\u00f3 que el partido jugar\u00e1 un papel muy importante en la alianza \u201cJuntos Haremos Historia\u201d a favor del candidato a la gubernatura Alfonso Durazo, pues propondr\u00e1n pol\u00edticas p\u00fablicas para optimizar los recursos renovables de la entidad.<\/p>\n<p>&nbsp;<\/p>\n<p>Dijo que impulsar\u00e1n medidas para que las actividades del sector primario de Sonora, tales como la pesca, la miner\u00eda, la agricultura y la ganader\u00eda, sean m\u00e1s sustentables. Adem\u00e1s de la creaci\u00f3n de m\u00e1s espacios verdes.<\/p>\n<p>&nbsp;<\/p>\n<p><em>\u201cTenemos un grave problema en el uso del agua y no solo en el consumo agr\u00edcola o humano, tambi\u00e9n los servicios ambientales son importantes y debemos incluirlos en la agenda. En cuanto a la miner\u00eda, que haya un estado minero y no minado, que est\u00e9 muy atento a las comunidades y de seguridad industrial para los pobladores\u201d,<\/em> coment\u00f3.<\/p>\n<p>&nbsp;<\/p>\n<p>En el marco de la celebraci\u00f3n del d\u00eda mundial del agua, enfatiz\u00f3 que el Verde Sonora presentar\u00e1 iniciativas para el manejo adecuado del vital l\u00edquido, as\u00ed se establecer\u00e1 una mayor conciencia en su cuidado y aprovechamiento.<\/p>\n<p>&nbsp;<\/p>\n<p><em>\u201cQueremos en Sonora un Campo Verde, con temas como la hidropon\u00eda, granjas verticales, sistemas de irrigaci\u00f3n m\u00e1s eficientes, un mejor manejo de fertilizantes y tratar directamente el tema de la mujer en el este rubro\u201d,<\/em> expres\u00f3.<\/p>\n<p>&nbsp;<\/p>\n<p>Tambi\u00e9n, dijo que se acercar\u00e1n a los grandes, medianos y peque\u00f1os productores para tener un di\u00e1logo directo para generar propuestas que sean m\u00e1s equitativas y que estimulen el crecimiento econ\u00f3mico en la regi\u00f3n.<\/p>\n<p>&nbsp;<\/p>\n<p>(Publicada el 23\/03\/2021)<\/p>\n","protected":false},"excerpt":{"rendered":"<p>HERMOSILLO, SONORA. MX. \u2014 En el marco de la celebraci\u00f3n del d\u00eda mundial del agua,&#8230;<\/p>\n","protected":false},"author":1,"featured_media":110022,"comment_status":"open","ping_status":"open","sticky":false,"template":"","format":"standard","meta":{"_monsterinsights_skip_tracking":false,"_monsterinsights_sitenote_active":false,"_monsterinsights_sitenote_note":"","_monsterinsights_sitenote_category":0,"footnotes":""},"categories":[22],"tags":[],"class_list":["post"],"yoast_head":" \n<title>Sonora en Equipo. \u201cQueremos un Sonora que aproveche sus recursos naturales de manera responsable\u201d: Omar Del Valle Sonora<\/title>\n<meta name=\"description\" content=\"HERMOSILLO, SONORA. MX. \u2014 En el marco de la celebraci\u00f3n del d\u00eda mundial del agua, enfatiz\u00f3 que el Verde Sonora presentar\u00e1 iniciativas para el manejo En Sonora en Equipo publicamos toda la informaci\u00f3n de Sonora, M\u00e9xico y el Mundo de manera oportuna y busca que la libertad de expresi\u00f3n sea real. Visita nuestro medio informativo publicado desde Hermosillo, Sonora. %\" \/>\n<meta name=\"robots\" content=\"index, follow, max-snippet:-1, max-image-preview:large, max-video-preview:-1\" \/>\n<link rel=\"canonical\" href=\"https:\/\/www.sonoraenequipo.com.mx\/queremos-un-sonora-que-aproveche-sus-recursos-naturales-de-manera-responsable-omar-del-valle\/\" \/>\n<meta property=\"og:locale\" content=\"es_ES\" \/>\n<meta property=\"og:type\" content=\"article\" \/>\n<meta property=\"og:title\" content=\"Sonora en Equipo. \u201cQueremos un Sonora que aproveche sus recursos naturales de manera responsable\u201d: Omar Del Valle Sonora\" \/>\n<meta property=\"og:description\" content=\"HERMOSILLO, SONORA. MX. \u2014 En el marco de la celebraci\u00f3n del d\u00eda mundial del agua, enfatiz\u00f3 que el Verde Sonora presentar\u00e1 iniciativas para el manejo En Sonora en Equipo publicamos toda la informaci\u00f3n de Sonora, M\u00e9xico y el Mundo de manera oportuna y busca que la libertad de expresi\u00f3n sea real. Visita nuestro medio informativo publicado desde Hermosillo, Sonora. %\" \/>\n<meta property=\"og:url\" content=\"https:\/\/www.sonoraenequipo.com.mx\/queremos-un-sonora-que-aproveche-sus-recursos-naturales-de-manera-responsable-omar-del-valle\/\" \/>\n<meta property=\"og:site_name\" content=\"Sonora en Equipo.\" \/>\n<meta property=\"article:publisher\" content=\"https:\/\/www.facebook.com\/SonoraEE\/\" \/>\n<meta property=\"article:author\" content=\"https:\/\/www.facebook.com\/SonoraEE\" \/>\n<meta property=\"article:published_time\" content=\"2021-03-24T06:55:33+00:00\" \/>\n<meta property=\"og:image\" content=\"https:\/\/www.sonoraenequipo.com.mx\/storage\/2021\/03\/ODV_opt.jpg\" \/>\n\t<meta property=\"og:image:width\" content=\"750\" \/>\n\t<meta property=\"og:image:height\" content=\"500\" \/>\n\t<meta property=\"og:image:type\" content=\"image\/jpeg\" \/>\n<meta name=\"author\" content=\"enequipo\" \/>\n<meta name=\"twitter:card\" content=\"summary_large_image\" \/>\n<meta name=\"twitter:creator\" content=\"@sonoraenequipo\" \/>\n<meta name=\"twitter:site\" content=\"@sonoraenequipo\" \/>\n<meta name=\"twitter:label1\" content=\"Escrito por\" \/>\n\t<meta name=\"twitter:data1\" content=\"enequipo\" \/>\n\t<meta name=\"twitter:label2\" content=\"Tiempo de lectura\" \/>\n\t<meta name=\"twitter:data2\" content=\"2 minutos\" \/>\n<script type=\"application\/ld+json\" class=\"yoast-schema-graph\">{\"@context\":\"https:\/\/schema.org\",\"@graph\":[{\"@type\":\"Article\",\"@id\":\"https:\/\/www.sonoraenequipo.com.mx\/queremos-un-sonora-que-aproveche-sus-recursos-naturales-de-manera-responsable-omar-del-valle\/#article\",\"isPartOf\":{\"@id\":\"https:\/\/www.sonoraenequipo.com.mx\/queremos-un-sonora-que-aproveche-sus-recursos-naturales-de-manera-responsable-omar-del-valle\/\"},\"author\":{\"name\":\"enequipo\",\"@id\":\"https:\/\/www.sonoraenequipo.com.mx\/#\/schema\/person\/50102df0fb23a8fa9e8effad8fa81386\"},\"headline\":\"\u201cQueremos un Sonora que aproveche sus recursos naturales de manera responsable\u201d: Omar Del Valle\",\"datePublished\":\"2021-03-24T06:55:33+00:00\",\"mainEntityOfPage\":{\"@id\":\"https:\/\/www.sonoraenequipo.com.mx\/queremos-un-sonora-que-aproveche-sus-recursos-naturales-de-manera-responsable-omar-del-valle\/\"},\"wordCount\":323,\"commentCount\":0,\"publisher\":{\"@id\":\"https:\/\/www.sonoraenequipo.com.mx\/#organization\"},\"image\":{\"@id\":\"https:\/\/www.sonoraenequipo.com.mx\/queremos-un-sonora-que-aproveche-sus-recursos-naturales-de-manera-responsable-omar-del-valle\/#primaryimage\"},\"thumbnailUrl\":\"https:\/\/www.sonoraenequipo.com.mx\/storage\/2021\/03\/ODV_opt.jpg\",\"articleSection\":[\"Sonora\"],\"inLanguage\":\"es\",\"potentialAction\":[{\"@type\":\"CommentAction\",\"name\":\"Comment\",\"target\":[\"https:\/\/www.sonoraenequipo.com.mx\/queremos-un-sonora-que-aproveche-sus-recursos-naturales-de-manera-responsable-omar-del-valle\/#respond\"]}]},{\"@type\":\"WebPage\",\"@id\":\"https:\/\/www.sonoraenequipo.com.mx\/queremos-un-sonora-que-aproveche-sus-recursos-naturales-de-manera-responsable-omar-del-valle\/\",\"url\":\"https:\/\/www.sonoraenequipo.com.mx\/queremos-un-sonora-que-aproveche-sus-recursos-naturales-de-manera-responsable-omar-del-valle\/\",\"name\":\"Sonora en Equipo. \u201cQueremos un Sonora que aproveche sus recursos naturales de manera responsable\u201d: Omar Del Valle Sonora\",\"isPartOf\":{\"@id\":\"https:\/\/www.sonoraenequipo.com.mx\/#website\"},\"primaryImageOfPage\":{\"@id\":\"https:\/\/www.sonoraenequipo.com.mx\/queremos-un-sonora-que-aproveche-sus-recursos-naturales-de-manera-responsable-omar-del-valle\/#primaryimage\"},\"image\":{\"@id\":\"https:\/\/www.sonoraenequipo.com.mx\/queremos-un-sonora-que-aproveche-sus-recursos-naturales-de-manera-responsable-omar-del-valle\/#primaryimage\"},\"thumbnailUrl\":\"https:\/\/www.sonoraenequipo.com.mx\/storage\/2021\/03\/ODV_opt.jpg\",\"datePublished\":\"2021-03-24T06:55:33+00:00\",\"description\":\"HERMOSILLO, SONORA. MX. \u2014 En el marco de la celebraci\u00f3n del d\u00eda mundial del agua, enfatiz\u00f3 que el Verde Sonora presentar\u00e1 iniciativas para el manejo En Sonora en Equipo publicamos toda la informaci\u00f3n de Sonora, M\u00e9xico y el Mundo de manera oportuna y busca que la libertad de expresi\u00f3n sea real. Visita nuestro medio informativo publicado desde Hermosillo, Sonora. %\",\"breadcrumb\":{\"@id\":\"https:\/\/www.sonoraenequipo.com.mx\/queremos-un-sonora-que-aproveche-sus-recursos-naturales-de-manera-responsable-omar-del-valle\/#breadcrumb\"},\"inLanguage\":\"es\",\"potentialAction\":[{\"@type\":\"ReadAction\",\"target\":[\"https:\/\/www.sonoraenequipo.com.mx\/queremos-un-sonora-que-aproveche-sus-recursos-naturales-de-manera-responsable-omar-del-valle\/\"]}]},{\"@type\":\"ImageObject\",\"inLanguage\":\"es\",\"@id\":\"https:\/\/www.sonoraenequipo.com.mx\/queremos-un-sonora-que-aproveche-sus-recursos-naturales-de-manera-responsable-omar-del-valle\/#primaryimage\",\"url\":\"https:\/\/www.sonoraenequipo.com.mx\/storage\/2021\/03\/ODV_opt.jpg\",\"contentUrl\":\"https:\/\/www.sonoraenequipo.com.mx\/storage\/2021\/03\/ODV_opt.jpg\",\"width\":750,\"height\":500},{\"@type\":\"BreadcrumbList\",\"@id\":\"https:\/\/www.sonoraenequipo.com.mx\/queremos-un-sonora-que-aproveche-sus-recursos-naturales-de-manera-responsable-omar-del-valle\/#breadcrumb\",\"itemListElement\":[{\"@type\":\"ListItem\",\"position\":1,\"name\":\"Portada\",\"item\":\"https:\/\/www.sonoraenequipo.com.mx\/\"},{\"@type\":\"ListItem\",\"position\":2,\"name\":\"\u201cQueremos un Sonora que aproveche sus recursos naturales de manera responsable\u201d: Omar Del Valle\"}]},{\"@type\":\"WebSite\",\"@id\":\"https:\/\/www.sonoraenequipo.com.mx\/#website\",\"url\":\"https:\/\/www.sonoraenequipo.com.mx\/\",\"name\":\"Sonora en Equipo.\",\"description\":\"Diario en l\u00ednea con Noticias desde Hermosillo, Sonora\",\"publisher\":{\"@id\":\"https:\/\/www.sonoraenequipo.com.mx\/#organization\"},\"potentialAction\":[{\"@type\":\"SearchAction\",\"target\":{\"@type\":\"EntryPoint\",\"urlTemplate\":\"https:\/\/www.sonoraenequipo.com.mx\/?s={search_term_string}\"},\"query-input\":{\"@type\":\"PropertyValueSpecification\",\"valueRequired\":true,\"valueName\":\"search_term_string\"}}],\"inLanguage\":\"es\"},{\"@type\":\"Organization\",\"@id\":\"https:\/\/www.sonoraenequipo.com.mx\/#organization\",\"name\":\"Sonoraenequipo.com.mx\",\"url\":\"https:\/\/www.sonoraenequipo.com.mx\/\",\"logo\":{\"@type\":\"ImageObject\",\"inLanguage\":\"es\",\"@id\":\"https:\/\/www.sonoraenequipo.com.mx\/#\/schema\/logo\/image\/\",\"url\":\"https:\/\/www.sonoraenequipo.com.mx\/storage\/2019\/01\/sonoraenequipo_opt.png\",\"contentUrl\":\"https:\/\/www.sonoraenequipo.com.mx\/storage\/2019\/01\/sonoraenequipo_opt.png\",\"width\":375,\"height\":125,\"caption\":\"Sonoraenequipo.com.mx\"},\"image\":{\"@id\":\"https:\/\/www.sonoraenequipo.com.mx\/#\/schema\/logo\/image\/\"},\"sameAs\":[\"https:\/\/www.facebook.com\/SonoraEE\/\",\"https:\/\/x.com\/sonoraenequipo\",\"https:\/\/www.youtube.com\/channel\/UC338nW-lPEYmJQs4ZABQ1SQ\"]},{\"@type\":\"Person\",\"@id\":\"https:\/\/www.sonoraenequipo.com.mx\/#\/schema\/person\/50102df0fb23a8fa9e8effad8fa81386\",\"name\":\"enequipo\",\"image\":{\"@type\":\"ImageObject\",\"inLanguage\":\"es\",\"@id\":\"https:\/\/www.sonoraenequipo.com.mx\/#\/schema\/person\/image\/\",\"url\":\"https:\/\/secure.gravatar.com\/avatar\/049821681b589dabc0bc20695993ccebb09f5b5d4d790cd9251b97faac7c652b?s=96&d=blank&r=g\",\"contentUrl\":\"https:\/\/secure.gravatar.com\/avatar\/049821681b589dabc0bc20695993ccebb09f5b5d4d790cd9251b97faac7c652b?s=96&d=blank&r=g\",\"caption\":\"enequipo\"},\"sameAs\":[\"https:\/\/www.facebook.com\/SonoraEE\"]}]}<\/script>\n ","yoast_head_json":{"title":"Sonora en Equipo. \u201cQueremos un Sonora que aproveche sus recursos naturales de manera responsable\u201d: Omar Del Valle Sonora","description":"HERMOSILLO, SONORA. MX. \u2014 En el marco de la celebraci\u00f3n del d\u00eda mundial del agua, enfatiz\u00f3 que el Verde Sonora presentar\u00e1 iniciativas para el manejo En Sonora en Equipo publicamos toda la informaci\u00f3n de Sonora, M\u00e9xico y el Mundo de manera oportuna y busca que la libertad de expresi\u00f3n sea real. Visita nuestro medio informativo publicado desde Hermosillo, Sonora. %","robots":{"index":"index","follow":"follow","max-snippet":"max-snippet:-1","max-image-preview":"max-image-preview:large","max-video-preview":"max-video-preview:-1"},"canonical":"https:\/\/www.sonoraenequipo.com.mx\/queremos-un-sonora-que-aproveche-sus-recursos-naturales-de-manera-responsable-omar-del-valle\/","og_locale":"es_ES","og_type":"article","og_title":"Sonora en Equipo. \u201cQueremos un Sonora que aproveche sus recursos naturales de manera responsable\u201d: Omar Del Valle Sonora","og_description":"HERMOSILLO, SONORA. MX. \u2014 En el marco de la celebraci\u00f3n del d\u00eda mundial del agua, enfatiz\u00f3 que el Verde Sonora presentar\u00e1 iniciativas para el manejo En Sonora en Equipo publicamos toda la informaci\u00f3n de Sonora, M\u00e9xico y el Mundo de manera oportuna y busca que la libertad de expresi\u00f3n sea real. Visita nuestro medio informativo publicado desde Hermosillo, Sonora. %","og_url":"https:\/\/www.sonoraenequipo.com.mx\/queremos-un-sonora-que-aproveche-sus-recursos-naturales-de-manera-responsable-omar-del-valle\/","og_site_name":"Sonora en Equipo.","article_publisher":"https:\/\/www.facebook.com\/SonoraEE\/","article_author":"https:\/\/www.facebook.com\/SonoraEE","article_published_time":"2021-03-24T06:55:33+00:00","og_image":[{"width":750,"height":500,"url":"https:\/\/www.sonoraenequipo.com.mx\/storage\/2021\/03\/ODV_opt.jpg","type":"image\/jpeg"}],"author":"enequipo","twitter_card":"summary_large_image","twitter_creator":"@sonoraenequipo","twitter_site":"@sonoraenequipo","twitter_misc":{"Escrito por":"enequipo","Tiempo de lectura":"2 minutos"},"schema":{"@context":"https:\/\/schema.org","@graph":[{"@type":"Article","@id":"https:\/\/www.sonoraenequipo.com.mx\/queremos-un-sonora-que-aproveche-sus-recursos-naturales-de-manera-responsable-omar-del-valle\/#article","isPartOf":{"@id":"https:\/\/www.sonoraenequipo.com.mx\/queremos-un-sonora-que-aproveche-sus-recursos-naturales-de-manera-responsable-omar-del-valle\/"},"author":{"name":"enequipo","@id":"https:\/\/www.sonoraenequipo.com.mx\/#\/schema\/person\/50102df0fb23a8fa9e8effad8fa81386"},"headline":"\u201cQueremos un Sonora que aproveche sus recursos naturales de manera responsable\u201d: Omar Del Valle","datePublished":"2021-03-24T06:55:33+00:00","mainEntityOfPage":{"@id":"https:\/\/www.sonoraenequipo.com.mx\/queremos-un-sonora-que-aproveche-sus-recursos-naturales-de-manera-responsable-omar-del-valle\/"},"wordCount":323,"commentCount":0,"publisher":{"@id":"https:\/\/www.sonoraenequipo.com.mx\/#organization"},"image":{"@id":"https:\/\/www.sonoraenequipo.com.mx\/queremos-un-sonora-que-aproveche-sus-recursos-naturales-de-manera-responsable-omar-del-valle\/#primaryimage"},"thumbnailUrl":"https:\/\/www.sonoraenequipo.com.mx\/storage\/2021\/03\/ODV_opt.jpg","articleSection":["Sonora"],"inLanguage":"es","potentialAction":[{"@type":"CommentAction","name":"Comment","target":["https:\/\/www.sonoraenequipo.com.mx\/queremos-un-sonora-que-aproveche-sus-recursos-naturales-de-manera-responsable-omar-del-valle\/#respond"]}]},{"@type":"WebPage","@id":"https:\/\/www.sonoraenequipo.com.mx\/queremos-un-sonora-que-aproveche-sus-recursos-naturales-de-manera-responsable-omar-del-valle\/","url":"https:\/\/www.sonoraenequipo.com.mx\/queremos-un-sonora-que-aproveche-sus-recursos-naturales-de-manera-responsable-omar-del-valle\/","name":"Sonora en Equipo. \u201cQueremos un Sonora que aproveche sus recursos naturales de manera responsable\u201d: Omar Del Valle Sonora","isPartOf":{"@id":"https:\/\/www.sonoraenequipo.com.mx\/#website"},"primaryImageOfPage":{"@id":"https:\/\/www.sonoraenequipo.com.mx\/queremos-un-sonora-que-aproveche-sus-recursos-naturales-de-manera-responsable-omar-del-valle\/#primaryimage"},"image":{"@id":"https:\/\/www.sonoraenequipo.com.mx\/queremos-un-sonora-que-aproveche-sus-recursos-naturales-de-manera-responsable-omar-del-valle\/#primaryimage"},"thumbnailUrl":"https:\/\/www.sonoraenequipo.com.mx\/storage\/2021\/03\/ODV_opt.jpg","datePublished":"2021-03-24T06:55:33+00:00","description":"HERMOSILLO, SONORA. MX. \u2014 En el marco de la celebraci\u00f3n del d\u00eda mundial del agua, enfatiz\u00f3 que el Verde Sonora presentar\u00e1 iniciativas para el manejo En Sonora en Equipo publicamos toda la informaci\u00f3n de Sonora, M\u00e9xico y el Mundo de manera oportuna y busca que la libertad de expresi\u00f3n sea real. Visita nuestro medio informativo publicado desde Hermosillo, Sonora. %","breadcrumb":{"@id":"https:\/\/www.sonoraenequipo.com.mx\/queremos-un-sonora-que-aproveche-sus-recursos-naturales-de-manera-responsable-omar-del-valle\/#breadcrumb"},"inLanguage":"es","potentialAction":[{"@type":"ReadAction","target":["https:\/\/www.sonoraenequipo.com.mx\/queremos-un-sonora-que-aproveche-sus-recursos-naturales-de-manera-responsable-omar-del-valle\/"]}]},{"@type":"ImageObject","inLanguage":"es","@id":"https:\/\/www.sonoraenequipo.com.mx\/queremos-un-sonora-que-aproveche-sus-recursos-naturales-de-manera-responsable-omar-del-valle\/#primaryimage","url":"https:\/\/www.sonoraenequipo.com.mx\/storage\/2021\/03\/ODV_opt.jpg","contentUrl":"https:\/\/www.sonoraenequipo.com.mx\/storage\/2021\/03\/ODV_opt.jpg","width":750,"height":500},{"@type":"BreadcrumbList","@id":"https:\/\/www.sonoraenequipo.com.mx\/queremos-un-sonora-que-aproveche-sus-recursos-naturales-de-manera-responsable-omar-del-valle\/#breadcrumb","itemListElement":[{"@type":"ListItem","position":1,"name":"Portada","item":"https:\/\/www.sonoraenequipo.com.mx\/"},{"@type":"ListItem","position":2,"name":"\u201cQueremos un Sonora que aproveche sus recursos naturales de manera responsable\u201d: Omar Del Valle"}]},{"@type":"WebSite","@id":"https:\/\/www.sonoraenequipo.com.mx\/#website","url":"https:\/\/www.sonoraenequipo.com.mx\/","name":"Sonora en Equipo.","description":"Diario en l\u00ednea con Noticias desde Hermosillo, Sonora","publisher":{"@id":"https:\/\/www.sonoraenequipo.com.mx\/#organization"},"potentialAction":[{"@type":"SearchAction","target":{"@type":"EntryPoint","urlTemplate":"https:\/\/www.sonoraenequipo.com.mx\/?s={search_term_string}"},"query-input":{"@type":"PropertyValueSpecification","valueRequired":true,"valueName":"search_term_string"}}],"inLanguage":"es"},{"@type":"Organization","@id":"https:\/\/www.sonoraenequipo.com.mx\/#organization","name":"Sonoraenequipo.com.mx","url":"https:\/\/www.sonoraenequipo.com.mx\/","logo":{"@type":"ImageObject","inLanguage":"es","@id":"https:\/\/www.sonoraenequipo.com.mx\/#\/schema\/logo\/image\/","url":"https:\/\/www.sonoraenequipo.com.mx\/storage\/2019\/01\/sonoraenequipo_opt.png","contentUrl":"https:\/\/www.sonoraenequipo.com.mx\/storage\/2019\/01\/sonoraenequipo_opt.png","width":375,"height":125,"caption":"Sonoraenequipo.com.mx"},"image":{"@id":"https:\/\/www.sonoraenequipo.com.mx\/#\/schema\/logo\/image\/"},"sameAs":["https:\/\/www.facebook.com\/SonoraEE\/","https:\/\/x.com\/sonoraenequipo","https:\/\/www.youtube.com\/channel\/UC338nW-lPEYmJQs4ZABQ1SQ"]},{"@type":"Person","@id":"https:\/\/www.sonoraenequipo.com.mx\/#\/schema\/person\/50102df0fb23a8fa9e8effad8fa81386","name":"enequipo","image":{"@type":"ImageObject","inLanguage":"es","@id":"https:\/\/www.sonoraenequipo.com.mx\/#\/schema\/person\/image\/","url":"https:\/\/secure.gravatar.com\/avatar\/049821681b589dabc0bc20695993ccebb09f5b5d4d790cd9251b97faac7c652b?s=96&d=blank&r=g","contentUrl":"https:\/\/secure.gravatar.com\/avatar\/049821681b589dabc0bc20695993ccebb09f5b5d4d790cd9251b97faac7c652b?s=96&d=blank&r=g","caption":"enequipo"},"sameAs":["https:\/\/www.facebook.com\/SonoraEE"]}]}},"jetpack_featured_media_url":"https:\/\/www.sonoraenequipo.com.mx\/storage\/2021\/03\/ODV_opt.jpg","_links":{"self":[{"href":"https:\/\/www.sonoraenequipo.com.mx\/api\/wp\/v2\/posts\/110021","targetHints":{"allow":["GET"]}}],"collection":[{"href":"https:\/\/www.sonoraenequipo.com.mx\/api\/wp\/v2\/posts"}],"about":[{"href":"https:\/\/www.sonoraenequipo.com.mx\/api\/wp\/v2\/types\/post"}],"author":[{"embeddable":true,"href":"https:\/\/www.sonoraenequipo.com.mx\/api\/wp\/v2\/users\/1"}],"replies":[{"embeddable":true,"href":"https:\/\/www.sonoraenequipo.com.mx\/api\/wp\/v2\/comments?post=110021"}],"version-history":[{"count":3,"href":"https:\/\/www.sonoraenequipo.com.mx\/api\/wp\/v2\/posts\/110021\/revisions"}],"predecessor-version":[{"id":110025,"href":"https:\/\/www.sonoraenequipo.com.mx\/api\/wp\/v2\/posts\/110021\/revisions\/110025"}],"wp:featuredmedia":[{"embeddable":true,"href":"https:\/\/www.sonoraenequipo.com.mx\/api\/wp\/v2\/media\/110022"}],"wp:attachment":[{"href":"https:\/\/www.sonoraenequipo.com.mx\/api\/wp\/v2\/media?parent=110021"}],"wp:term":[{"taxonomy":"category","embeddable":true,"href":"https:\/\/www.sonoraenequipo.com.mx\/api\/wp\/v2\/categories?post=110021"},{"taxonomy":"post_tag","embeddable":true,"href":"https:\/\/www.sonoraenequipo.com.mx\/api\/wp\/v2\/tags?post=110021"}],"curies":[{"name":"wp","href":"https:\/\/api.w.org\/{rel}","templated":true}]}}