{"id":110039,"date":"2021-03-24T12:07:05","date_gmt":"2021-03-24T19:07:05","guid":{"rendered":"https:\/\/www.sonoraenequipo.com.mx\/?p=110039"},"modified":"2021-03-24T12:07:05","modified_gmt":"2021-03-24T19:07:05","slug":"gobierno-aleman-anula-medidas-anticovid-reforzadas-para-vacaciones-de-semana-santa","status":"publish","type":"post","link":"https:\/\/www.sonoraenequipo.com.mx\/gobierno-aleman-anula-medidas-anticovid-reforzadas-para-vacaciones-de-semana-santa\/","title":{"rendered":"Gobierno alem\u00e1n anula medidas anticovid reforzadas para vacaciones de Semana Santa"},"content":{"rendered":"<p>BONN, ALEMANIA. \u2014 El Gobierno alem\u00e1n anul\u00f3 medidas anticovid reforzadas para Semana Santa. Angela Merkel convoc\u00f3 a los l\u00edderes de las 16 estados de Alemania a una inesperada reuni\u00f3n de crisis, dijo que fue<em> \u00absu error\u00bb<\/em> y se disculp\u00f3.<\/p>\n<p>&nbsp;<\/p>\n<p> <\/p>\n<p>&nbsp;<\/p>\n<p>La canciller alemana, Angela Merkel, ha decidido, tras las masivas cr\u00edticas, frenar las medidas de refuerzo del confinamiento planeadas para la Semana Santa. Merkel lo anunci\u00f3 este mi\u00e9rcoles (24.03.2021), en una reuni\u00f3n de crisis convocada sorpresivamente con los jefes de gobierno de los estados federados, seg\u00fan inform\u00f3 tambi\u00e9n Der Spiegel de acuerdo a declaraciones de varios de los participantes.<\/p>\n<p>&nbsp;<\/p>\n<p>Las medidas para frenar la propagaci\u00f3n del coronavirus decididas el martes continuar\u00e1n, pero se eliminar\u00e1 el llamado \u00ab<em>descanso de Pascuas\u00bb,<\/em> que sumaba el Jueves Santo (1.04.2021) como d\u00eda de descanso, con el cierre de comercios, inclusive de supermercados y droguer\u00edas, y el S\u00e1bado Santo, con el cierre de comercios, excepto los supermercados y droguer\u00edas .<\/p>\n<p>&nbsp;<\/p>\n<p>Angela Merkel dijo que <em>\u00abcometi\u00f3 un error\u00bb:\u201cEste error es s\u00f3lo m\u00edo\u00bb,<\/em> asegur\u00f3 la canciller, que pidi\u00f3 <em>\u00abperd\u00f3n\u00bb<\/em> a la ciudadan\u00eda por haber contribuido a la incertidumbre en la pandemia. <em>\u00abUn error debe llamarse error y, sobre todo, debe corregirse y, si es posible, a tiempo. S\u00e9 que esta propuesta ha causado una incertidumbre adicional, lo lamento profundamente, y por ello pido el perd\u00f3n de todos los ciudadanos\u00bb,<\/em> dijo la canciller en un discurso tras una reuni\u00f3n de urgencia con los l\u00edderes de los estados regionales alemanes.<\/p>\n<p>&nbsp;<\/p>\n<p>Esta idea de un endurecimiento de las medidas por cinco d\u00edas durante Semana Santa fue pensada <em>\u00abcon las mejores intenciones\u00bb,<\/em> seg\u00fan Merkel, para <em>\u00abdesacelerar y revertir la tercera la de la pandemia\u00bb, <\/em>pero<em> \u00abno se puede hacer en un lapso corto de tiempo\u00bb<\/em>. La canciller alemana se dirigi\u00f3 luego hacia el Bundestag, donde realiz\u00f3 una declaraci\u00f3n oficial de gobierno.<\/p>\n<h3>\nReuni\u00f3n de crisis del Gobierno alem\u00e1n<\/h3>\n<p>&nbsp;<\/p>\n<p>Merkel convoc\u00f3 a los l\u00edderes de las 16 estados regionales de Alemania a una inesperada reuni\u00f3n de crisis en medio de las protestas por las nuevas medidas anticovid anunciadas por su gobierno.<\/p>\n<p>&nbsp;<\/p>\n<p><em>\u00abLa canciller invit\u00f3 a los ministros presidentes [de los estados regionales] con poca antelaci\u00f3n para hoy [mi\u00e9rcoles 24.03.2021] a las 11h00 y creo que hablaremos de manera muy cr\u00edtica de lo que pas\u00f3 hace dos d\u00edas\u00bb,<\/em> declar\u00f3 Armin Laschet, jefe de la Uni\u00f3n Dem\u00f3crata Cristiana (CDU) en una reuni\u00f3n del Parlamento del estado de Renania del Norte-Westfalia.<\/p>\n<p>&nbsp;<\/p>\n<p>Merkel y los l\u00edderes regionales enfrentan duras cr\u00edticas por su decisi\u00f3n de prolongar y endurecer las medidas de confinamiento para las vacaciones de Semana Santa.<\/p>\n<p>&nbsp;<\/p>\n<h3>Las cr\u00edticas llegaron incluso desde las filas del gobierno.<\/h3>\n<p>&nbsp;<\/p>\n<p>El ministro del Interior conservador de Baviera, Horst Seehofer, dijo que estaba <em>\u00abasombrado de que, de todos los partidos cuyo nombre tienen una C [de cristiano] sugieran que las iglesias se abstengan de celebrar servicios, especialmente en Semana Santa\u00bb.<\/em><\/p>\n<p>&nbsp;<\/p>\n<p>Las organizaciones profesionales critican por su parte los anunciados cierres de negocios, en un contexto econ\u00f3mico ya muy deteriorado, hasta el punto de que 120.000 tiendas est\u00e1n amenazadas de cierre definitivo en Alemania.<\/p>\n<p>&nbsp;<\/p>\n<p>Estas cr\u00edticas se reflejan en unas encuestas alarmantes para los conservadores del CDU-CSU, a los que hace unas semanas todav\u00eda se les auguraba la victoria en las elecciones de septiembre.<\/p>\n<p>&nbsp;<\/p>\n<p>(Publicada el 24\/03\/2021\/ AGENCIAS )<\/p>\n","protected":false},"excerpt":{"rendered":"<p>BONN, ALEMANIA. \u2014 El Gobierno alem\u00e1n anul\u00f3 medidas anticovid reforzadas para Semana Santa. Angela Merkel&#8230;<\/p>\n","protected":false},"author":1,"featured_media":110041,"comment_status":"open","ping_status":"open","sticky":false,"template":"","format":"standard","meta":{"_monsterinsights_skip_tracking":false,"_monsterinsights_sitenote_active":false,"_monsterinsights_sitenote_note":"","_monsterinsights_sitenote_category":0,"footnotes":""},"categories":[3],"tags":[],"class_list":["post"],"yoast_head":" \n<title>Sonora en Equipo. Gobierno alem\u00e1n anula medidas anticovid reforzadas para vacaciones de Semana Santa MUNDO<\/title>\n<meta name=\"description\" content=\"BONN, ALEMANIA. \u2014 El Gobierno alem\u00e1n anul\u00f3 medidas anticovid reforzadas para Semana Santa. Angela Merkel convoc\u00f3 a los l\u00edderes de las 16 estados de En Sonora en Equipo publicamos toda la informaci\u00f3n de Sonora, M\u00e9xico y el Mundo de manera oportuna y busca que la libertad de expresi\u00f3n sea real. Visita nuestro medio informativo publicado desde Hermosillo, Sonora. %\" \/>\n<meta name=\"robots\" content=\"index, follow, max-snippet:-1, max-image-preview:large, max-video-preview:-1\" \/>\n<link rel=\"canonical\" href=\"https:\/\/www.sonoraenequipo.com.mx\/gobierno-aleman-anula-medidas-anticovid-reforzadas-para-vacaciones-de-semana-santa\/\" \/>\n<meta property=\"og:locale\" content=\"es_ES\" \/>\n<meta property=\"og:type\" content=\"article\" \/>\n<meta property=\"og:title\" content=\"Sonora en Equipo. Gobierno alem\u00e1n anula medidas anticovid reforzadas para vacaciones de Semana Santa MUNDO\" \/>\n<meta property=\"og:description\" content=\"BONN, ALEMANIA. \u2014 El Gobierno alem\u00e1n anul\u00f3 medidas anticovid reforzadas para Semana Santa. Angela Merkel convoc\u00f3 a los l\u00edderes de las 16 estados de En Sonora en Equipo publicamos toda la informaci\u00f3n de Sonora, M\u00e9xico y el Mundo de manera oportuna y busca que la libertad de expresi\u00f3n sea real. Visita nuestro medio informativo publicado desde Hermosillo, Sonora. %\" \/>\n<meta property=\"og:url\" content=\"https:\/\/www.sonoraenequipo.com.mx\/gobierno-aleman-anula-medidas-anticovid-reforzadas-para-vacaciones-de-semana-santa\/\" \/>\n<meta property=\"og:site_name\" content=\"Sonora en Equipo.\" \/>\n<meta property=\"article:publisher\" content=\"https:\/\/www.facebook.com\/SonoraEE\/\" \/>\n<meta property=\"article:author\" content=\"https:\/\/www.facebook.com\/SonoraEE\" \/>\n<meta property=\"article:published_time\" content=\"2021-03-24T19:07:05+00:00\" \/>\n<meta property=\"og:image\" content=\"https:\/\/www.sonoraenequipo.com.mx\/storage\/2021\/03\/angela-merkel-canciller-alemana_opt.jpg\" \/>\n\t<meta property=\"og:image:width\" content=\"711\" \/>\n\t<meta property=\"og:image:height\" content=\"400\" \/>\n\t<meta property=\"og:image:type\" content=\"image\/jpeg\" \/>\n<meta name=\"author\" content=\"enequipo\" \/>\n<meta name=\"twitter:card\" content=\"summary_large_image\" \/>\n<meta name=\"twitter:creator\" content=\"@sonoraenequipo\" \/>\n<meta name=\"twitter:site\" content=\"@sonoraenequipo\" \/>\n<meta name=\"twitter:label1\" content=\"Escrito por\" \/>\n\t<meta name=\"twitter:data1\" content=\"enequipo\" \/>\n\t<meta name=\"twitter:label2\" content=\"Tiempo de lectura\" \/>\n\t<meta name=\"twitter:data2\" content=\"3 minutos\" \/>\n<script type=\"application\/ld+json\" class=\"yoast-schema-graph\">{\"@context\":\"https:\/\/schema.org\",\"@graph\":[{\"@type\":\"Article\",\"@id\":\"https:\/\/www.sonoraenequipo.com.mx\/gobierno-aleman-anula-medidas-anticovid-reforzadas-para-vacaciones-de-semana-santa\/#article\",\"isPartOf\":{\"@id\":\"https:\/\/www.sonoraenequipo.com.mx\/gobierno-aleman-anula-medidas-anticovid-reforzadas-para-vacaciones-de-semana-santa\/\"},\"author\":{\"name\":\"enequipo\",\"@id\":\"https:\/\/www.sonoraenequipo.com.mx\/#\/schema\/person\/50102df0fb23a8fa9e8effad8fa81386\"},\"headline\":\"Gobierno alem\u00e1n anula medidas anticovid reforzadas para vacaciones de Semana Santa\",\"datePublished\":\"2021-03-24T19:07:05+00:00\",\"mainEntityOfPage\":{\"@id\":\"https:\/\/www.sonoraenequipo.com.mx\/gobierno-aleman-anula-medidas-anticovid-reforzadas-para-vacaciones-de-semana-santa\/\"},\"wordCount\":593,\"commentCount\":0,\"publisher\":{\"@id\":\"https:\/\/www.sonoraenequipo.com.mx\/#organization\"},\"image\":{\"@id\":\"https:\/\/www.sonoraenequipo.com.mx\/gobierno-aleman-anula-medidas-anticovid-reforzadas-para-vacaciones-de-semana-santa\/#primaryimage\"},\"thumbnailUrl\":\"https:\/\/www.sonoraenequipo.com.mx\/storage\/2021\/03\/angela-merkel-canciller-alemana_opt.jpg\",\"articleSection\":[\"MUNDO\"],\"inLanguage\":\"es\",\"potentialAction\":[{\"@type\":\"CommentAction\",\"name\":\"Comment\",\"target\":[\"https:\/\/www.sonoraenequipo.com.mx\/gobierno-aleman-anula-medidas-anticovid-reforzadas-para-vacaciones-de-semana-santa\/#respond\"]}]},{\"@type\":\"WebPage\",\"@id\":\"https:\/\/www.sonoraenequipo.com.mx\/gobierno-aleman-anula-medidas-anticovid-reforzadas-para-vacaciones-de-semana-santa\/\",\"url\":\"https:\/\/www.sonoraenequipo.com.mx\/gobierno-aleman-anula-medidas-anticovid-reforzadas-para-vacaciones-de-semana-santa\/\",\"name\":\"Sonora en Equipo. Gobierno alem\u00e1n anula medidas anticovid reforzadas para vacaciones de Semana Santa MUNDO\",\"isPartOf\":{\"@id\":\"https:\/\/www.sonoraenequipo.com.mx\/#website\"},\"primaryImageOfPage\":{\"@id\":\"https:\/\/www.sonoraenequipo.com.mx\/gobierno-aleman-anula-medidas-anticovid-reforzadas-para-vacaciones-de-semana-santa\/#primaryimage\"},\"image\":{\"@id\":\"https:\/\/www.sonoraenequipo.com.mx\/gobierno-aleman-anula-medidas-anticovid-reforzadas-para-vacaciones-de-semana-santa\/#primaryimage\"},\"thumbnailUrl\":\"https:\/\/www.sonoraenequipo.com.mx\/storage\/2021\/03\/angela-merkel-canciller-alemana_opt.jpg\",\"datePublished\":\"2021-03-24T19:07:05+00:00\",\"description\":\"BONN, ALEMANIA. \u2014 El Gobierno alem\u00e1n anul\u00f3 medidas anticovid reforzadas para Semana Santa. Angela Merkel convoc\u00f3 a los l\u00edderes de las 16 estados de En Sonora en Equipo publicamos toda la informaci\u00f3n de Sonora, M\u00e9xico y el Mundo de manera oportuna y busca que la libertad de expresi\u00f3n sea real. Visita nuestro medio informativo publicado desde Hermosillo, Sonora. %\",\"breadcrumb\":{\"@id\":\"https:\/\/www.sonoraenequipo.com.mx\/gobierno-aleman-anula-medidas-anticovid-reforzadas-para-vacaciones-de-semana-santa\/#breadcrumb\"},\"inLanguage\":\"es\",\"potentialAction\":[{\"@type\":\"ReadAction\",\"target\":[\"https:\/\/www.sonoraenequipo.com.mx\/gobierno-aleman-anula-medidas-anticovid-reforzadas-para-vacaciones-de-semana-santa\/\"]}]},{\"@type\":\"ImageObject\",\"inLanguage\":\"es\",\"@id\":\"https:\/\/www.sonoraenequipo.com.mx\/gobierno-aleman-anula-medidas-anticovid-reforzadas-para-vacaciones-de-semana-santa\/#primaryimage\",\"url\":\"https:\/\/www.sonoraenequipo.com.mx\/storage\/2021\/03\/angela-merkel-canciller-alemana_opt.jpg\",\"contentUrl\":\"https:\/\/www.sonoraenequipo.com.mx\/storage\/2021\/03\/angela-merkel-canciller-alemana_opt.jpg\",\"width\":711,\"height\":400},{\"@type\":\"BreadcrumbList\",\"@id\":\"https:\/\/www.sonoraenequipo.com.mx\/gobierno-aleman-anula-medidas-anticovid-reforzadas-para-vacaciones-de-semana-santa\/#breadcrumb\",\"itemListElement\":[{\"@type\":\"ListItem\",\"position\":1,\"name\":\"Portada\",\"item\":\"https:\/\/www.sonoraenequipo.com.mx\/\"},{\"@type\":\"ListItem\",\"position\":2,\"name\":\"Gobierno alem\u00e1n anula medidas anticovid reforzadas para vacaciones de Semana Santa\"}]},{\"@type\":\"WebSite\",\"@id\":\"https:\/\/www.sonoraenequipo.com.mx\/#website\",\"url\":\"https:\/\/www.sonoraenequipo.com.mx\/\",\"name\":\"Sonora en Equipo.\",\"description\":\"Diario en l\u00ednea con Noticias desde Hermosillo, Sonora\",\"publisher\":{\"@id\":\"https:\/\/www.sonoraenequipo.com.mx\/#organization\"},\"potentialAction\":[{\"@type\":\"SearchAction\",\"target\":{\"@type\":\"EntryPoint\",\"urlTemplate\":\"https:\/\/www.sonoraenequipo.com.mx\/?s={search_term_string}\"},\"query-input\":{\"@type\":\"PropertyValueSpecification\",\"valueRequired\":true,\"valueName\":\"search_term_string\"}}],\"inLanguage\":\"es\"},{\"@type\":\"Organization\",\"@id\":\"https:\/\/www.sonoraenequipo.com.mx\/#organization\",\"name\":\"Sonoraenequipo.com.mx\",\"url\":\"https:\/\/www.sonoraenequipo.com.mx\/\",\"logo\":{\"@type\":\"ImageObject\",\"inLanguage\":\"es\",\"@id\":\"https:\/\/www.sonoraenequipo.com.mx\/#\/schema\/logo\/image\/\",\"url\":\"https:\/\/www.sonoraenequipo.com.mx\/storage\/2019\/01\/sonoraenequipo_opt.png\",\"contentUrl\":\"https:\/\/www.sonoraenequipo.com.mx\/storage\/2019\/01\/sonoraenequipo_opt.png\",\"width\":375,\"height\":125,\"caption\":\"Sonoraenequipo.com.mx\"},\"image\":{\"@id\":\"https:\/\/www.sonoraenequipo.com.mx\/#\/schema\/logo\/image\/\"},\"sameAs\":[\"https:\/\/www.facebook.com\/SonoraEE\/\",\"https:\/\/x.com\/sonoraenequipo\",\"https:\/\/www.youtube.com\/channel\/UC338nW-lPEYmJQs4ZABQ1SQ\"]},{\"@type\":\"Person\",\"@id\":\"https:\/\/www.sonoraenequipo.com.mx\/#\/schema\/person\/50102df0fb23a8fa9e8effad8fa81386\",\"name\":\"enequipo\",\"image\":{\"@type\":\"ImageObject\",\"inLanguage\":\"es\",\"@id\":\"https:\/\/www.sonoraenequipo.com.mx\/#\/schema\/person\/image\/\",\"url\":\"https:\/\/secure.gravatar.com\/avatar\/049821681b589dabc0bc20695993ccebb09f5b5d4d790cd9251b97faac7c652b?s=96&d=blank&r=g\",\"contentUrl\":\"https:\/\/secure.gravatar.com\/avatar\/049821681b589dabc0bc20695993ccebb09f5b5d4d790cd9251b97faac7c652b?s=96&d=blank&r=g\",\"caption\":\"enequipo\"},\"sameAs\":[\"https:\/\/www.facebook.com\/SonoraEE\"]}]}<\/script>\n ","yoast_head_json":{"title":"Sonora en Equipo. Gobierno alem\u00e1n anula medidas anticovid reforzadas para vacaciones de Semana Santa MUNDO","description":"BONN, ALEMANIA. \u2014 El Gobierno alem\u00e1n anul\u00f3 medidas anticovid reforzadas para Semana Santa. Angela Merkel convoc\u00f3 a los l\u00edderes de las 16 estados de En Sonora en Equipo publicamos toda la informaci\u00f3n de Sonora, M\u00e9xico y el Mundo de manera oportuna y busca que la libertad de expresi\u00f3n sea real. Visita nuestro medio informativo publicado desde Hermosillo, Sonora. %","robots":{"index":"index","follow":"follow","max-snippet":"max-snippet:-1","max-image-preview":"max-image-preview:large","max-video-preview":"max-video-preview:-1"},"canonical":"https:\/\/www.sonoraenequipo.com.mx\/gobierno-aleman-anula-medidas-anticovid-reforzadas-para-vacaciones-de-semana-santa\/","og_locale":"es_ES","og_type":"article","og_title":"Sonora en Equipo. Gobierno alem\u00e1n anula medidas anticovid reforzadas para vacaciones de Semana Santa MUNDO","og_description":"BONN, ALEMANIA. \u2014 El Gobierno alem\u00e1n anul\u00f3 medidas anticovid reforzadas para Semana Santa. Angela Merkel convoc\u00f3 a los l\u00edderes de las 16 estados de En Sonora en Equipo publicamos toda la informaci\u00f3n de Sonora, M\u00e9xico y el Mundo de manera oportuna y busca que la libertad de expresi\u00f3n sea real. Visita nuestro medio informativo publicado desde Hermosillo, Sonora. %","og_url":"https:\/\/www.sonoraenequipo.com.mx\/gobierno-aleman-anula-medidas-anticovid-reforzadas-para-vacaciones-de-semana-santa\/","og_site_name":"Sonora en Equipo.","article_publisher":"https:\/\/www.facebook.com\/SonoraEE\/","article_author":"https:\/\/www.facebook.com\/SonoraEE","article_published_time":"2021-03-24T19:07:05+00:00","og_image":[{"width":711,"height":400,"url":"https:\/\/www.sonoraenequipo.com.mx\/storage\/2021\/03\/angela-merkel-canciller-alemana_opt.jpg","type":"image\/jpeg"}],"author":"enequipo","twitter_card":"summary_large_image","twitter_creator":"@sonoraenequipo","twitter_site":"@sonoraenequipo","twitter_misc":{"Escrito por":"enequipo","Tiempo de lectura":"3 minutos"},"schema":{"@context":"https:\/\/schema.org","@graph":[{"@type":"Article","@id":"https:\/\/www.sonoraenequipo.com.mx\/gobierno-aleman-anula-medidas-anticovid-reforzadas-para-vacaciones-de-semana-santa\/#article","isPartOf":{"@id":"https:\/\/www.sonoraenequipo.com.mx\/gobierno-aleman-anula-medidas-anticovid-reforzadas-para-vacaciones-de-semana-santa\/"},"author":{"name":"enequipo","@id":"https:\/\/www.sonoraenequipo.com.mx\/#\/schema\/person\/50102df0fb23a8fa9e8effad8fa81386"},"headline":"Gobierno alem\u00e1n anula medidas anticovid reforzadas para vacaciones de Semana Santa","datePublished":"2021-03-24T19:07:05+00:00","mainEntityOfPage":{"@id":"https:\/\/www.sonoraenequipo.com.mx\/gobierno-aleman-anula-medidas-anticovid-reforzadas-para-vacaciones-de-semana-santa\/"},"wordCount":593,"commentCount":0,"publisher":{"@id":"https:\/\/www.sonoraenequipo.com.mx\/#organization"},"image":{"@id":"https:\/\/www.sonoraenequipo.com.mx\/gobierno-aleman-anula-medidas-anticovid-reforzadas-para-vacaciones-de-semana-santa\/#primaryimage"},"thumbnailUrl":"https:\/\/www.sonoraenequipo.com.mx\/storage\/2021\/03\/angela-merkel-canciller-alemana_opt.jpg","articleSection":["MUNDO"],"inLanguage":"es","potentialAction":[{"@type":"CommentAction","name":"Comment","target":["https:\/\/www.sonoraenequipo.com.mx\/gobierno-aleman-anula-medidas-anticovid-reforzadas-para-vacaciones-de-semana-santa\/#respond"]}]},{"@type":"WebPage","@id":"https:\/\/www.sonoraenequipo.com.mx\/gobierno-aleman-anula-medidas-anticovid-reforzadas-para-vacaciones-de-semana-santa\/","url":"https:\/\/www.sonoraenequipo.com.mx\/gobierno-aleman-anula-medidas-anticovid-reforzadas-para-vacaciones-de-semana-santa\/","name":"Sonora en Equipo. Gobierno alem\u00e1n anula medidas anticovid reforzadas para vacaciones de Semana Santa MUNDO","isPartOf":{"@id":"https:\/\/www.sonoraenequipo.com.mx\/#website"},"primaryImageOfPage":{"@id":"https:\/\/www.sonoraenequipo.com.mx\/gobierno-aleman-anula-medidas-anticovid-reforzadas-para-vacaciones-de-semana-santa\/#primaryimage"},"image":{"@id":"https:\/\/www.sonoraenequipo.com.mx\/gobierno-aleman-anula-medidas-anticovid-reforzadas-para-vacaciones-de-semana-santa\/#primaryimage"},"thumbnailUrl":"https:\/\/www.sonoraenequipo.com.mx\/storage\/2021\/03\/angela-merkel-canciller-alemana_opt.jpg","datePublished":"2021-03-24T19:07:05+00:00","description":"BONN, ALEMANIA. \u2014 El Gobierno alem\u00e1n anul\u00f3 medidas anticovid reforzadas para Semana Santa. Angela Merkel convoc\u00f3 a los l\u00edderes de las 16 estados de En Sonora en Equipo publicamos toda la informaci\u00f3n de Sonora, M\u00e9xico y el Mundo de manera oportuna y busca que la libertad de expresi\u00f3n sea real. Visita nuestro medio informativo publicado desde Hermosillo, Sonora. %","breadcrumb":{"@id":"https:\/\/www.sonoraenequipo.com.mx\/gobierno-aleman-anula-medidas-anticovid-reforzadas-para-vacaciones-de-semana-santa\/#breadcrumb"},"inLanguage":"es","potentialAction":[{"@type":"ReadAction","target":["https:\/\/www.sonoraenequipo.com.mx\/gobierno-aleman-anula-medidas-anticovid-reforzadas-para-vacaciones-de-semana-santa\/"]}]},{"@type":"ImageObject","inLanguage":"es","@id":"https:\/\/www.sonoraenequipo.com.mx\/gobierno-aleman-anula-medidas-anticovid-reforzadas-para-vacaciones-de-semana-santa\/#primaryimage","url":"https:\/\/www.sonoraenequipo.com.mx\/storage\/2021\/03\/angela-merkel-canciller-alemana_opt.jpg","contentUrl":"https:\/\/www.sonoraenequipo.com.mx\/storage\/2021\/03\/angela-merkel-canciller-alemana_opt.jpg","width":711,"height":400},{"@type":"BreadcrumbList","@id":"https:\/\/www.sonoraenequipo.com.mx\/gobierno-aleman-anula-medidas-anticovid-reforzadas-para-vacaciones-de-semana-santa\/#breadcrumb","itemListElement":[{"@type":"ListItem","position":1,"name":"Portada","item":"https:\/\/www.sonoraenequipo.com.mx\/"},{"@type":"ListItem","position":2,"name":"Gobierno alem\u00e1n anula medidas anticovid reforzadas para vacaciones de Semana Santa"}]},{"@type":"WebSite","@id":"https:\/\/www.sonoraenequipo.com.mx\/#website","url":"https:\/\/www.sonoraenequipo.com.mx\/","name":"Sonora en Equipo.","description":"Diario en l\u00ednea con Noticias desde Hermosillo, Sonora","publisher":{"@id":"https:\/\/www.sonoraenequipo.com.mx\/#organization"},"potentialAction":[{"@type":"SearchAction","target":{"@type":"EntryPoint","urlTemplate":"https:\/\/www.sonoraenequipo.com.mx\/?s={search_term_string}"},"query-input":{"@type":"PropertyValueSpecification","valueRequired":true,"valueName":"search_term_string"}}],"inLanguage":"es"},{"@type":"Organization","@id":"https:\/\/www.sonoraenequipo.com.mx\/#organization","name":"Sonoraenequipo.com.mx","url":"https:\/\/www.sonoraenequipo.com.mx\/","logo":{"@type":"ImageObject","inLanguage":"es","@id":"https:\/\/www.sonoraenequipo.com.mx\/#\/schema\/logo\/image\/","url":"https:\/\/www.sonoraenequipo.com.mx\/storage\/2019\/01\/sonoraenequipo_opt.png","contentUrl":"https:\/\/www.sonoraenequipo.com.mx\/storage\/2019\/01\/sonoraenequipo_opt.png","width":375,"height":125,"caption":"Sonoraenequipo.com.mx"},"image":{"@id":"https:\/\/www.sonoraenequipo.com.mx\/#\/schema\/logo\/image\/"},"sameAs":["https:\/\/www.facebook.com\/SonoraEE\/","https:\/\/x.com\/sonoraenequipo","https:\/\/www.youtube.com\/channel\/UC338nW-lPEYmJQs4ZABQ1SQ"]},{"@type":"Person","@id":"https:\/\/www.sonoraenequipo.com.mx\/#\/schema\/person\/50102df0fb23a8fa9e8effad8fa81386","name":"enequipo","image":{"@type":"ImageObject","inLanguage":"es","@id":"https:\/\/www.sonoraenequipo.com.mx\/#\/schema\/person\/image\/","url":"https:\/\/secure.gravatar.com\/avatar\/049821681b589dabc0bc20695993ccebb09f5b5d4d790cd9251b97faac7c652b?s=96&d=blank&r=g","contentUrl":"https:\/\/secure.gravatar.com\/avatar\/049821681b589dabc0bc20695993ccebb09f5b5d4d790cd9251b97faac7c652b?s=96&d=blank&r=g","caption":"enequipo"},"sameAs":["https:\/\/www.facebook.com\/SonoraEE"]}]}},"jetpack_featured_media_url":"https:\/\/www.sonoraenequipo.com.mx\/storage\/2021\/03\/angela-merkel-canciller-alemana_opt.jpg","_links":{"self":[{"href":"https:\/\/www.sonoraenequipo.com.mx\/api\/wp\/v2\/posts\/110039","targetHints":{"allow":["GET"]}}],"collection":[{"href":"https:\/\/www.sonoraenequipo.com.mx\/api\/wp\/v2\/posts"}],"about":[{"href":"https:\/\/www.sonoraenequipo.com.mx\/api\/wp\/v2\/types\/post"}],"author":[{"embeddable":true,"href":"https:\/\/www.sonoraenequipo.com.mx\/api\/wp\/v2\/users\/1"}],"replies":[{"embeddable":true,"href":"https:\/\/www.sonoraenequipo.com.mx\/api\/wp\/v2\/comments?post=110039"}],"version-history":[{"count":1,"href":"https:\/\/www.sonoraenequipo.com.mx\/api\/wp\/v2\/posts\/110039\/revisions"}],"predecessor-version":[{"id":110042,"href":"https:\/\/www.sonoraenequipo.com.mx\/api\/wp\/v2\/posts\/110039\/revisions\/110042"}],"wp:featuredmedia":[{"embeddable":true,"href":"https:\/\/www.sonoraenequipo.com.mx\/api\/wp\/v2\/media\/110041"}],"wp:attachment":[{"href":"https:\/\/www.sonoraenequipo.com.mx\/api\/wp\/v2\/media?parent=110039"}],"wp:term":[{"taxonomy":"category","embeddable":true,"href":"https:\/\/www.sonoraenequipo.com.mx\/api\/wp\/v2\/categories?post=110039"},{"taxonomy":"post_tag","embeddable":true,"href":"https:\/\/www.sonoraenequipo.com.mx\/api\/wp\/v2\/tags?post=110039"}],"curies":[{"name":"wp","href":"https:\/\/api.w.org\/{rel}","templated":true}]}}