{"id":110062,"date":"2021-03-24T15:00:09","date_gmt":"2021-03-24T22:00:09","guid":{"rendered":"https:\/\/www.sonoraenequipo.com.mx\/?p=110062"},"modified":"2021-03-24T14:32:46","modified_gmt":"2021-03-24T21:32:46","slug":"gestionaremos-una-tarifa-especial-de-luz-para-agua-prieta-alfonso-durazo","status":"publish","type":"post","link":"https:\/\/www.sonoraenequipo.com.mx\/gestionaremos-una-tarifa-especial-de-luz-para-agua-prieta-alfonso-durazo\/","title":{"rendered":"Gestionaremos una tarifa especial de luz para Agua Prieta: Alfonso Durazo"},"content":{"rendered":"<p>AGUA PRIETA, SONORA. MX. \u2014 Gestionar ante el gobierno federal una tarifa especial para el municipio fronterizo, a fin de que las y los habitantes puedan enfrentar con menor dificultad los duros inviernos, es el compromiso que hizo ante la ciudadan\u00eda Alfonso Durazo Monta\u00f1o.<\/p>\n<p>&nbsp;<\/p>\n<p> <\/p>\n<p>&nbsp;<\/p>\n<p>El candidato com\u00fan a gobernador de la alianza <em>\u201cJuntos haremos historia en Sonora\u201d<\/em> se propuso adem\u00e1s convertir a Agua Prieta, junto con las dem\u00e1s comunidades fronterizas de la entidad, en un polo tur\u00edstico de car\u00e1cter m\u00e9dico que atraiga a millones de clientes potenciales de Phoenix, Denver y Albuquerque, en Estados Unidos.<\/p>\n<p>&nbsp;<\/p>\n<p><em>\u201cLos emplazo, amigos aguapretenses, a elaborar el plan maestro mismo que deber\u00e1 involucrar a los profesionales de la salud, a hoteleros, restauranteros y a todo aquel que tenga algo que decir en este importante proyecto; el gobierno que encabezar\u00e9 a partir de septiembre los apoyar\u00e1 decididamente, no tengan la menor duda\u201d<\/em>, plante\u00f3.<\/p>\n<p>&nbsp;<\/p>\n<p>Adicionalmente, se comprometi\u00f3 a modernizar la aduana para que las empresas maquiladoras agilicen los cruces de sus mercanc\u00edas a fin de dinamizar el comercio binacional, expuso ante asistentes de Janos, Naco, Nacozari, Esqueda, Trinchera y Bavispe.<\/p>\n<p>&nbsp;<\/p>\n<p>El candidato de la alianza entre Morena, PT, Verde Ecologista y Nueva Alianza Sonora record\u00f3 que Agua Prieta es un lugar cercano a su coraz\u00f3n y a su memoria, pues fue donde lleg\u00f3 de Bavispe para llevar a cabo sus estudios de secundaria. Las experiencias y oportunidades adquiridas en la ciudad, afirm\u00f3, le permitieron forjar su sensibilidad social.<\/p>\n<p>&nbsp;<\/p>\n<p>Reproch\u00f3 el deterioro en materia de seguridad que impera en la entidad, pues se encuentra entre las tres del pa\u00eds que empeoraron sus condiciones de seguridad, en contraste con los 20 estados que las mejoraron, producto de los resultados positivos de la estrategia de seguridad del gobierno federal.<\/p>\n<p>&nbsp;<\/p>\n<p>Durazo Monta\u00f1o reiter\u00f3 su mensaje de apoyo a los municipios en materia de mejora de servicios de agua potable y alcantarillado, transporte p\u00fablico as\u00ed como un programa estatal de becas para j\u00f3venes.<\/p>\n<p>&nbsp;<\/p>\n<p>Al respecto, se distingui\u00f3 de sus rivales al asegurar que la pol\u00edtica de atenci\u00f3n a las colonias estar\u00e1 anclada en la participaci\u00f3n social y que ser\u00e1n los vecinos, y no los bur\u00f3cratas alejados de la realidad, quienes definan las prioridades presupuestales de gasto y de inversi\u00f3n.<\/p>\n<p>&nbsp;<\/p>\n<p>(Publicada el 24\/03\/2021)<\/p>\n","protected":false},"excerpt":{"rendered":"<p>AGUA PRIETA, SONORA. MX. \u2014 Gestionar ante el gobierno federal una tarifa especial para el&#8230;<\/p>\n","protected":false},"author":1,"featured_media":110063,"comment_status":"open","ping_status":"open","sticky":false,"template":"","format":"standard","meta":{"_monsterinsights_skip_tracking":false,"_monsterinsights_sitenote_active":false,"_monsterinsights_sitenote_note":"","_monsterinsights_sitenote_category":0,"footnotes":""},"categories":[5],"tags":[],"class_list":["post"],"yoast_head":" \n<title>Sonora en Equipo. Gestionaremos una tarifa especial de luz para Agua Prieta: Alfonso Durazo Rep\u00fablica<\/title>\n<meta name=\"description\" content=\"AGUA PRIETA, SONORA. MX. \u2014 Gestionar ante el gobierno federal una tarifa especial para el municipio fronterizo, a fin de que las y los habitantes puedan En Sonora en Equipo publicamos toda la informaci\u00f3n de Sonora, M\u00e9xico y el Mundo de manera oportuna y busca que la libertad de expresi\u00f3n sea real. Visita nuestro medio informativo publicado desde Hermosillo, Sonora. %\" \/>\n<meta name=\"robots\" content=\"index, follow, max-snippet:-1, max-image-preview:large, max-video-preview:-1\" \/>\n<link rel=\"canonical\" href=\"https:\/\/www.sonoraenequipo.com.mx\/gestionaremos-una-tarifa-especial-de-luz-para-agua-prieta-alfonso-durazo\/\" \/>\n<meta property=\"og:locale\" content=\"es_ES\" \/>\n<meta property=\"og:type\" content=\"article\" \/>\n<meta property=\"og:title\" content=\"Sonora en Equipo. Gestionaremos una tarifa especial de luz para Agua Prieta: Alfonso Durazo Rep\u00fablica\" \/>\n<meta property=\"og:description\" content=\"AGUA PRIETA, SONORA. MX. \u2014 Gestionar ante el gobierno federal una tarifa especial para el municipio fronterizo, a fin de que las y los habitantes puedan En Sonora en Equipo publicamos toda la informaci\u00f3n de Sonora, M\u00e9xico y el Mundo de manera oportuna y busca que la libertad de expresi\u00f3n sea real. Visita nuestro medio informativo publicado desde Hermosillo, Sonora. %\" \/>\n<meta property=\"og:url\" content=\"https:\/\/www.sonoraenequipo.com.mx\/gestionaremos-una-tarifa-especial-de-luz-para-agua-prieta-alfonso-durazo\/\" \/>\n<meta property=\"og:site_name\" content=\"Sonora en Equipo.\" \/>\n<meta property=\"article:publisher\" content=\"https:\/\/www.facebook.com\/SonoraEE\/\" \/>\n<meta property=\"article:author\" content=\"https:\/\/www.facebook.com\/SonoraEE\" \/>\n<meta property=\"article:published_time\" content=\"2021-03-24T22:00:09+00:00\" \/>\n<meta property=\"og:image\" content=\"https:\/\/www.sonoraenequipo.com.mx\/storage\/2021\/03\/AP-con-durazo_opt.jpg\" \/>\n\t<meta property=\"og:image:width\" content=\"628\" \/>\n\t<meta property=\"og:image:height\" content=\"400\" \/>\n\t<meta property=\"og:image:type\" content=\"image\/jpeg\" \/>\n<meta name=\"author\" content=\"enequipo\" \/>\n<meta name=\"twitter:card\" content=\"summary_large_image\" \/>\n<meta name=\"twitter:creator\" content=\"@sonoraenequipo\" \/>\n<meta name=\"twitter:site\" content=\"@sonoraenequipo\" \/>\n<meta name=\"twitter:label1\" content=\"Escrito por\" \/>\n\t<meta name=\"twitter:data1\" content=\"enequipo\" \/>\n\t<meta name=\"twitter:label2\" content=\"Tiempo de lectura\" \/>\n\t<meta name=\"twitter:data2\" content=\"2 minutos\" \/>\n<script type=\"application\/ld+json\" class=\"yoast-schema-graph\">{\"@context\":\"https:\/\/schema.org\",\"@graph\":[{\"@type\":\"Article\",\"@id\":\"https:\/\/www.sonoraenequipo.com.mx\/gestionaremos-una-tarifa-especial-de-luz-para-agua-prieta-alfonso-durazo\/#article\",\"isPartOf\":{\"@id\":\"https:\/\/www.sonoraenequipo.com.mx\/gestionaremos-una-tarifa-especial-de-luz-para-agua-prieta-alfonso-durazo\/\"},\"author\":{\"name\":\"enequipo\",\"@id\":\"https:\/\/www.sonoraenequipo.com.mx\/#\/schema\/person\/50102df0fb23a8fa9e8effad8fa81386\"},\"headline\":\"Gestionaremos una tarifa especial de luz para Agua Prieta: Alfonso Durazo\",\"datePublished\":\"2021-03-24T22:00:09+00:00\",\"mainEntityOfPage\":{\"@id\":\"https:\/\/www.sonoraenequipo.com.mx\/gestionaremos-una-tarifa-especial-de-luz-para-agua-prieta-alfonso-durazo\/\"},\"wordCount\":407,\"commentCount\":0,\"publisher\":{\"@id\":\"https:\/\/www.sonoraenequipo.com.mx\/#organization\"},\"image\":{\"@id\":\"https:\/\/www.sonoraenequipo.com.mx\/gestionaremos-una-tarifa-especial-de-luz-para-agua-prieta-alfonso-durazo\/#primaryimage\"},\"thumbnailUrl\":\"https:\/\/www.sonoraenequipo.com.mx\/storage\/2021\/03\/AP-con-durazo_opt.jpg\",\"articleSection\":[\"Rep\u00fablica\"],\"inLanguage\":\"es\",\"potentialAction\":[{\"@type\":\"CommentAction\",\"name\":\"Comment\",\"target\":[\"https:\/\/www.sonoraenequipo.com.mx\/gestionaremos-una-tarifa-especial-de-luz-para-agua-prieta-alfonso-durazo\/#respond\"]}]},{\"@type\":\"WebPage\",\"@id\":\"https:\/\/www.sonoraenequipo.com.mx\/gestionaremos-una-tarifa-especial-de-luz-para-agua-prieta-alfonso-durazo\/\",\"url\":\"https:\/\/www.sonoraenequipo.com.mx\/gestionaremos-una-tarifa-especial-de-luz-para-agua-prieta-alfonso-durazo\/\",\"name\":\"Sonora en Equipo. Gestionaremos una tarifa especial de luz para Agua Prieta: Alfonso Durazo Rep\u00fablica\",\"isPartOf\":{\"@id\":\"https:\/\/www.sonoraenequipo.com.mx\/#website\"},\"primaryImageOfPage\":{\"@id\":\"https:\/\/www.sonoraenequipo.com.mx\/gestionaremos-una-tarifa-especial-de-luz-para-agua-prieta-alfonso-durazo\/#primaryimage\"},\"image\":{\"@id\":\"https:\/\/www.sonoraenequipo.com.mx\/gestionaremos-una-tarifa-especial-de-luz-para-agua-prieta-alfonso-durazo\/#primaryimage\"},\"thumbnailUrl\":\"https:\/\/www.sonoraenequipo.com.mx\/storage\/2021\/03\/AP-con-durazo_opt.jpg\",\"datePublished\":\"2021-03-24T22:00:09+00:00\",\"description\":\"AGUA PRIETA, SONORA. MX. \u2014 Gestionar ante el gobierno federal una tarifa especial para el municipio fronterizo, a fin de que las y los habitantes puedan En Sonora en Equipo publicamos toda la informaci\u00f3n de Sonora, M\u00e9xico y el Mundo de manera oportuna y busca que la libertad de expresi\u00f3n sea real. Visita nuestro medio informativo publicado desde Hermosillo, Sonora. %\",\"breadcrumb\":{\"@id\":\"https:\/\/www.sonoraenequipo.com.mx\/gestionaremos-una-tarifa-especial-de-luz-para-agua-prieta-alfonso-durazo\/#breadcrumb\"},\"inLanguage\":\"es\",\"potentialAction\":[{\"@type\":\"ReadAction\",\"target\":[\"https:\/\/www.sonoraenequipo.com.mx\/gestionaremos-una-tarifa-especial-de-luz-para-agua-prieta-alfonso-durazo\/\"]}]},{\"@type\":\"ImageObject\",\"inLanguage\":\"es\",\"@id\":\"https:\/\/www.sonoraenequipo.com.mx\/gestionaremos-una-tarifa-especial-de-luz-para-agua-prieta-alfonso-durazo\/#primaryimage\",\"url\":\"https:\/\/www.sonoraenequipo.com.mx\/storage\/2021\/03\/AP-con-durazo_opt.jpg\",\"contentUrl\":\"https:\/\/www.sonoraenequipo.com.mx\/storage\/2021\/03\/AP-con-durazo_opt.jpg\",\"width\":628,\"height\":400},{\"@type\":\"BreadcrumbList\",\"@id\":\"https:\/\/www.sonoraenequipo.com.mx\/gestionaremos-una-tarifa-especial-de-luz-para-agua-prieta-alfonso-durazo\/#breadcrumb\",\"itemListElement\":[{\"@type\":\"ListItem\",\"position\":1,\"name\":\"Portada\",\"item\":\"https:\/\/www.sonoraenequipo.com.mx\/\"},{\"@type\":\"ListItem\",\"position\":2,\"name\":\"Gestionaremos una tarifa especial de luz para Agua Prieta: Alfonso Durazo\"}]},{\"@type\":\"WebSite\",\"@id\":\"https:\/\/www.sonoraenequipo.com.mx\/#website\",\"url\":\"https:\/\/www.sonoraenequipo.com.mx\/\",\"name\":\"Sonora en Equipo.\",\"description\":\"Diario en l\u00ednea con Noticias desde Hermosillo, Sonora\",\"publisher\":{\"@id\":\"https:\/\/www.sonoraenequipo.com.mx\/#organization\"},\"potentialAction\":[{\"@type\":\"SearchAction\",\"target\":{\"@type\":\"EntryPoint\",\"urlTemplate\":\"https:\/\/www.sonoraenequipo.com.mx\/?s={search_term_string}\"},\"query-input\":{\"@type\":\"PropertyValueSpecification\",\"valueRequired\":true,\"valueName\":\"search_term_string\"}}],\"inLanguage\":\"es\"},{\"@type\":\"Organization\",\"@id\":\"https:\/\/www.sonoraenequipo.com.mx\/#organization\",\"name\":\"Sonoraenequipo.com.mx\",\"url\":\"https:\/\/www.sonoraenequipo.com.mx\/\",\"logo\":{\"@type\":\"ImageObject\",\"inLanguage\":\"es\",\"@id\":\"https:\/\/www.sonoraenequipo.com.mx\/#\/schema\/logo\/image\/\",\"url\":\"https:\/\/www.sonoraenequipo.com.mx\/storage\/2019\/01\/sonoraenequipo_opt.png\",\"contentUrl\":\"https:\/\/www.sonoraenequipo.com.mx\/storage\/2019\/01\/sonoraenequipo_opt.png\",\"width\":375,\"height\":125,\"caption\":\"Sonoraenequipo.com.mx\"},\"image\":{\"@id\":\"https:\/\/www.sonoraenequipo.com.mx\/#\/schema\/logo\/image\/\"},\"sameAs\":[\"https:\/\/www.facebook.com\/SonoraEE\/\",\"https:\/\/x.com\/sonoraenequipo\",\"https:\/\/www.youtube.com\/channel\/UC338nW-lPEYmJQs4ZABQ1SQ\"]},{\"@type\":\"Person\",\"@id\":\"https:\/\/www.sonoraenequipo.com.mx\/#\/schema\/person\/50102df0fb23a8fa9e8effad8fa81386\",\"name\":\"enequipo\",\"image\":{\"@type\":\"ImageObject\",\"inLanguage\":\"es\",\"@id\":\"https:\/\/www.sonoraenequipo.com.mx\/#\/schema\/person\/image\/\",\"url\":\"https:\/\/secure.gravatar.com\/avatar\/049821681b589dabc0bc20695993ccebb09f5b5d4d790cd9251b97faac7c652b?s=96&d=blank&r=g\",\"contentUrl\":\"https:\/\/secure.gravatar.com\/avatar\/049821681b589dabc0bc20695993ccebb09f5b5d4d790cd9251b97faac7c652b?s=96&d=blank&r=g\",\"caption\":\"enequipo\"},\"sameAs\":[\"https:\/\/www.facebook.com\/SonoraEE\"]}]}<\/script>\n ","yoast_head_json":{"title":"Sonora en Equipo. Gestionaremos una tarifa especial de luz para Agua Prieta: Alfonso Durazo Rep\u00fablica","description":"AGUA PRIETA, SONORA. MX. \u2014 Gestionar ante el gobierno federal una tarifa especial para el municipio fronterizo, a fin de que las y los habitantes puedan En Sonora en Equipo publicamos toda la informaci\u00f3n de Sonora, M\u00e9xico y el Mundo de manera oportuna y busca que la libertad de expresi\u00f3n sea real. Visita nuestro medio informativo publicado desde Hermosillo, Sonora. %","robots":{"index":"index","follow":"follow","max-snippet":"max-snippet:-1","max-image-preview":"max-image-preview:large","max-video-preview":"max-video-preview:-1"},"canonical":"https:\/\/www.sonoraenequipo.com.mx\/gestionaremos-una-tarifa-especial-de-luz-para-agua-prieta-alfonso-durazo\/","og_locale":"es_ES","og_type":"article","og_title":"Sonora en Equipo. Gestionaremos una tarifa especial de luz para Agua Prieta: Alfonso Durazo Rep\u00fablica","og_description":"AGUA PRIETA, SONORA. MX. \u2014 Gestionar ante el gobierno federal una tarifa especial para el municipio fronterizo, a fin de que las y los habitantes puedan En Sonora en Equipo publicamos toda la informaci\u00f3n de Sonora, M\u00e9xico y el Mundo de manera oportuna y busca que la libertad de expresi\u00f3n sea real. Visita nuestro medio informativo publicado desde Hermosillo, Sonora. %","og_url":"https:\/\/www.sonoraenequipo.com.mx\/gestionaremos-una-tarifa-especial-de-luz-para-agua-prieta-alfonso-durazo\/","og_site_name":"Sonora en Equipo.","article_publisher":"https:\/\/www.facebook.com\/SonoraEE\/","article_author":"https:\/\/www.facebook.com\/SonoraEE","article_published_time":"2021-03-24T22:00:09+00:00","og_image":[{"width":628,"height":400,"url":"https:\/\/www.sonoraenequipo.com.mx\/storage\/2021\/03\/AP-con-durazo_opt.jpg","type":"image\/jpeg"}],"author":"enequipo","twitter_card":"summary_large_image","twitter_creator":"@sonoraenequipo","twitter_site":"@sonoraenequipo","twitter_misc":{"Escrito por":"enequipo","Tiempo de lectura":"2 minutos"},"schema":{"@context":"https:\/\/schema.org","@graph":[{"@type":"Article","@id":"https:\/\/www.sonoraenequipo.com.mx\/gestionaremos-una-tarifa-especial-de-luz-para-agua-prieta-alfonso-durazo\/#article","isPartOf":{"@id":"https:\/\/www.sonoraenequipo.com.mx\/gestionaremos-una-tarifa-especial-de-luz-para-agua-prieta-alfonso-durazo\/"},"author":{"name":"enequipo","@id":"https:\/\/www.sonoraenequipo.com.mx\/#\/schema\/person\/50102df0fb23a8fa9e8effad8fa81386"},"headline":"Gestionaremos una tarifa especial de luz para Agua Prieta: Alfonso Durazo","datePublished":"2021-03-24T22:00:09+00:00","mainEntityOfPage":{"@id":"https:\/\/www.sonoraenequipo.com.mx\/gestionaremos-una-tarifa-especial-de-luz-para-agua-prieta-alfonso-durazo\/"},"wordCount":407,"commentCount":0,"publisher":{"@id":"https:\/\/www.sonoraenequipo.com.mx\/#organization"},"image":{"@id":"https:\/\/www.sonoraenequipo.com.mx\/gestionaremos-una-tarifa-especial-de-luz-para-agua-prieta-alfonso-durazo\/#primaryimage"},"thumbnailUrl":"https:\/\/www.sonoraenequipo.com.mx\/storage\/2021\/03\/AP-con-durazo_opt.jpg","articleSection":["Rep\u00fablica"],"inLanguage":"es","potentialAction":[{"@type":"CommentAction","name":"Comment","target":["https:\/\/www.sonoraenequipo.com.mx\/gestionaremos-una-tarifa-especial-de-luz-para-agua-prieta-alfonso-durazo\/#respond"]}]},{"@type":"WebPage","@id":"https:\/\/www.sonoraenequipo.com.mx\/gestionaremos-una-tarifa-especial-de-luz-para-agua-prieta-alfonso-durazo\/","url":"https:\/\/www.sonoraenequipo.com.mx\/gestionaremos-una-tarifa-especial-de-luz-para-agua-prieta-alfonso-durazo\/","name":"Sonora en Equipo. Gestionaremos una tarifa especial de luz para Agua Prieta: Alfonso Durazo Rep\u00fablica","isPartOf":{"@id":"https:\/\/www.sonoraenequipo.com.mx\/#website"},"primaryImageOfPage":{"@id":"https:\/\/www.sonoraenequipo.com.mx\/gestionaremos-una-tarifa-especial-de-luz-para-agua-prieta-alfonso-durazo\/#primaryimage"},"image":{"@id":"https:\/\/www.sonoraenequipo.com.mx\/gestionaremos-una-tarifa-especial-de-luz-para-agua-prieta-alfonso-durazo\/#primaryimage"},"thumbnailUrl":"https:\/\/www.sonoraenequipo.com.mx\/storage\/2021\/03\/AP-con-durazo_opt.jpg","datePublished":"2021-03-24T22:00:09+00:00","description":"AGUA PRIETA, SONORA. MX. \u2014 Gestionar ante el gobierno federal una tarifa especial para el municipio fronterizo, a fin de que las y los habitantes puedan En Sonora en Equipo publicamos toda la informaci\u00f3n de Sonora, M\u00e9xico y el Mundo de manera oportuna y busca que la libertad de expresi\u00f3n sea real. Visita nuestro medio informativo publicado desde Hermosillo, Sonora. %","breadcrumb":{"@id":"https:\/\/www.sonoraenequipo.com.mx\/gestionaremos-una-tarifa-especial-de-luz-para-agua-prieta-alfonso-durazo\/#breadcrumb"},"inLanguage":"es","potentialAction":[{"@type":"ReadAction","target":["https:\/\/www.sonoraenequipo.com.mx\/gestionaremos-una-tarifa-especial-de-luz-para-agua-prieta-alfonso-durazo\/"]}]},{"@type":"ImageObject","inLanguage":"es","@id":"https:\/\/www.sonoraenequipo.com.mx\/gestionaremos-una-tarifa-especial-de-luz-para-agua-prieta-alfonso-durazo\/#primaryimage","url":"https:\/\/www.sonoraenequipo.com.mx\/storage\/2021\/03\/AP-con-durazo_opt.jpg","contentUrl":"https:\/\/www.sonoraenequipo.com.mx\/storage\/2021\/03\/AP-con-durazo_opt.jpg","width":628,"height":400},{"@type":"BreadcrumbList","@id":"https:\/\/www.sonoraenequipo.com.mx\/gestionaremos-una-tarifa-especial-de-luz-para-agua-prieta-alfonso-durazo\/#breadcrumb","itemListElement":[{"@type":"ListItem","position":1,"name":"Portada","item":"https:\/\/www.sonoraenequipo.com.mx\/"},{"@type":"ListItem","position":2,"name":"Gestionaremos una tarifa especial de luz para Agua Prieta: Alfonso Durazo"}]},{"@type":"WebSite","@id":"https:\/\/www.sonoraenequipo.com.mx\/#website","url":"https:\/\/www.sonoraenequipo.com.mx\/","name":"Sonora en Equipo.","description":"Diario en l\u00ednea con Noticias desde Hermosillo, Sonora","publisher":{"@id":"https:\/\/www.sonoraenequipo.com.mx\/#organization"},"potentialAction":[{"@type":"SearchAction","target":{"@type":"EntryPoint","urlTemplate":"https:\/\/www.sonoraenequipo.com.mx\/?s={search_term_string}"},"query-input":{"@type":"PropertyValueSpecification","valueRequired":true,"valueName":"search_term_string"}}],"inLanguage":"es"},{"@type":"Organization","@id":"https:\/\/www.sonoraenequipo.com.mx\/#organization","name":"Sonoraenequipo.com.mx","url":"https:\/\/www.sonoraenequipo.com.mx\/","logo":{"@type":"ImageObject","inLanguage":"es","@id":"https:\/\/www.sonoraenequipo.com.mx\/#\/schema\/logo\/image\/","url":"https:\/\/www.sonoraenequipo.com.mx\/storage\/2019\/01\/sonoraenequipo_opt.png","contentUrl":"https:\/\/www.sonoraenequipo.com.mx\/storage\/2019\/01\/sonoraenequipo_opt.png","width":375,"height":125,"caption":"Sonoraenequipo.com.mx"},"image":{"@id":"https:\/\/www.sonoraenequipo.com.mx\/#\/schema\/logo\/image\/"},"sameAs":["https:\/\/www.facebook.com\/SonoraEE\/","https:\/\/x.com\/sonoraenequipo","https:\/\/www.youtube.com\/channel\/UC338nW-lPEYmJQs4ZABQ1SQ"]},{"@type":"Person","@id":"https:\/\/www.sonoraenequipo.com.mx\/#\/schema\/person\/50102df0fb23a8fa9e8effad8fa81386","name":"enequipo","image":{"@type":"ImageObject","inLanguage":"es","@id":"https:\/\/www.sonoraenequipo.com.mx\/#\/schema\/person\/image\/","url":"https:\/\/secure.gravatar.com\/avatar\/049821681b589dabc0bc20695993ccebb09f5b5d4d790cd9251b97faac7c652b?s=96&d=blank&r=g","contentUrl":"https:\/\/secure.gravatar.com\/avatar\/049821681b589dabc0bc20695993ccebb09f5b5d4d790cd9251b97faac7c652b?s=96&d=blank&r=g","caption":"enequipo"},"sameAs":["https:\/\/www.facebook.com\/SonoraEE"]}]}},"jetpack_featured_media_url":"https:\/\/www.sonoraenequipo.com.mx\/storage\/2021\/03\/AP-con-durazo_opt.jpg","_links":{"self":[{"href":"https:\/\/www.sonoraenequipo.com.mx\/api\/wp\/v2\/posts\/110062","targetHints":{"allow":["GET"]}}],"collection":[{"href":"https:\/\/www.sonoraenequipo.com.mx\/api\/wp\/v2\/posts"}],"about":[{"href":"https:\/\/www.sonoraenequipo.com.mx\/api\/wp\/v2\/types\/post"}],"author":[{"embeddable":true,"href":"https:\/\/www.sonoraenequipo.com.mx\/api\/wp\/v2\/users\/1"}],"replies":[{"embeddable":true,"href":"https:\/\/www.sonoraenequipo.com.mx\/api\/wp\/v2\/comments?post=110062"}],"version-history":[{"count":1,"href":"https:\/\/www.sonoraenequipo.com.mx\/api\/wp\/v2\/posts\/110062\/revisions"}],"predecessor-version":[{"id":110065,"href":"https:\/\/www.sonoraenequipo.com.mx\/api\/wp\/v2\/posts\/110062\/revisions\/110065"}],"wp:featuredmedia":[{"embeddable":true,"href":"https:\/\/www.sonoraenequipo.com.mx\/api\/wp\/v2\/media\/110063"}],"wp:attachment":[{"href":"https:\/\/www.sonoraenequipo.com.mx\/api\/wp\/v2\/media?parent=110062"}],"wp:term":[{"taxonomy":"category","embeddable":true,"href":"https:\/\/www.sonoraenequipo.com.mx\/api\/wp\/v2\/categories?post=110062"},{"taxonomy":"post_tag","embeddable":true,"href":"https:\/\/www.sonoraenequipo.com.mx\/api\/wp\/v2\/tags?post=110062"}],"curies":[{"name":"wp","href":"https:\/\/api.w.org\/{rel}","templated":true}]}}