{"id":110081,"date":"2021-03-24T17:50:32","date_gmt":"2021-03-25T00:50:32","guid":{"rendered":"https:\/\/www.sonoraenequipo.com.mx\/?p=110081"},"modified":"2021-03-24T15:44:13","modified_gmt":"2021-03-24T22:44:13","slug":"avanza-trabajo-en-la-megarregion-sonora-arizona","status":"publish","type":"post","link":"https:\/\/www.sonoraenequipo.com.mx\/avanza-trabajo-en-la-megarregion-sonora-arizona\/","title":{"rendered":"Avanza trabajo en la Megarregi\u00f3n Sonora-Arizona"},"content":{"rendered":"<p>HERMOSILLO, SONORA. MX. \u2014 La pandemia por coronavirus no frena el trabajo que se realiza en la Megarregi\u00f3n Sonora-Arizona y actualmente se coordinan acciones para evaluar los avances de programas y proyectos elaborados en los 16 comit\u00e9s que la integran, as\u00ed como crear nuevos acuerdos en beneficio de la poblaci\u00f3n de ambos lados de la frontera, inform\u00f3 Epifanio Salido Pavlovich durante la reuni\u00f3n virtual Interplenaria de la Comisi\u00f3n Sonora-Arizona.<\/p>\n<p>&nbsp;<\/p>\n<p> <\/p>\n<p>&nbsp;<\/p>\n<p>El jefe de la Oficina del Ejecutivo Estatal se\u00f1al\u00f3 que, cumpliendo con los protocolos de salud y preservando la salud y vida de los participantes, se realiz\u00f3 esta reuni\u00f3n virtual para detallar los avances de los acuerdos plasmados en las pasadas cumbres, adem\u00e1s de trabajar en nuevos memor\u00e1ndums de entendimiento en beneficio de ambas regiones, como ha sido la instrucci\u00f3n de la gobernadora Claudia Pavlovich Arellano y el gobernador Doug Ducey.<\/p>\n<p>&nbsp;<\/p>\n<p>Destac\u00f3 que gracias a la Comisi\u00f3n Sonora-Arizona, durante 2020, el Comit\u00e9 de Salud pudo conocer el exitoso programa de vacunaci\u00f3n que est\u00e1 implementando en Arizona.<\/p>\n<p>&nbsp;<\/p>\n<p><em>\u201cUn grupo de doctores, epidemi\u00f3logos, en semanas anteriores pudieron conocer c\u00f3mo han venido haciendo un programa exitoso, reconocido a nivel mundial, de lo que est\u00e1n haciendo en Arizona y esas buenas pr\u00e1cticas poderlas traer para ac\u00e1, para M\u00e9xico y en especial para Sonora\u201d,<\/em> expres\u00f3.<\/p>\n<p>&nbsp;<\/p>\n<p>Salido Pavlovich destac\u00f3 que en la Comisi\u00f3n Sonora-Arizona se ha trabajado en todas las \u00e1reas que abarcan los 16 comit\u00e9s y precis\u00f3 que de los 106 Memor\u00e1ndums de entendimiento que se han firmado en los \u00faltimos 30 a\u00f1os, 42 se suscribieron en esta administraci\u00f3n, lo que representa 40% de los acuerdos.<\/p>\n<p>&nbsp;<\/p>\n<p><em>\u201cEs algo que va a marcar la historia, no solo de la Comisi\u00f3n, si no de estos dos estados, y haber implementado la Megarregi\u00f3n que ya no solo es reconocida en M\u00e9xico y en Estados Unidos, si no en el mundo entero, creo que nos debe hacer sentir muy orgullosos<\/em>\u201d, manifest\u00f3.<\/p>\n<p>&nbsp;<\/p>\n<p>Por su parte, Jessica Pacheco y Juan Ciscomani, presidenta y vicepresidente de la Comisi\u00f3n Arizona M\u00e9xico, destacaron que durante los \u00faltimos seis a\u00f1os, el gobernador Ducey y la gobernadora Claudia Pavlovich han sido fervientes defensores de la Megarregi\u00f3n Sonora-Arizona, al proyectar una visi\u00f3n de prosperidad y crecimiento desde ambos estados, adoptando su visi\u00f3n con proyectos transformadores a trav\u00e9s del trabajo de cooperaci\u00f3n que ha dejado avances significativos en los \u00faltimos seis a\u00f1os.<\/p>\n<p>&nbsp;<\/p>\n<p>\u00c1ngel Bours, vicepresidente de la Comisi\u00f3n Sonora-Arizona, agradeci\u00f3 a los coordinadores generales, operativos y enlaces de todos los comit\u00e9s, por su compromiso, visi\u00f3n y liderazgo para impulsar las agendas de los comit\u00e9s que permiten enumerar con resultados tangibles los logros obtenidos desde 2015.<\/p>\n<p>&nbsp;<\/p>\n<p><em>\u201cSon 285 l\u00edneas de acci\u00f3n que se han traducido en 65 planes que se acordaron en los 16 comit\u00e9s, hemos logrado en esta dif\u00edcil etapa que nos toc\u00f3 vivir salir adelante, ha sido posible gracias al andamiaje que entre gobierno y sociedad civil se ha podido construir a lo largo de estos a\u00f1os, estos tiempos de crisis nos han marcado ejemplos de c\u00f3mo trabajar en conjunto<\/em>\u201d, detall\u00f3.<\/p>\n<p>&nbsp;<\/p>\n<p>Como ejemplo, dijo, se pidi\u00f3 asesor\u00eda a los acad\u00e9micos de la Universidad de Arizona, de la Universidad de Sonora y el CIAS en coordinaci\u00f3n con la Secretar\u00eda de Salud en marzo del a\u00f1o pasado para la toma de muestras para detectar Covid-19, un apoyo que permiti\u00f3 transitar en esa etapa y que contin\u00faa a trav\u00e9s del Comit\u00e9 de Salud compartiendo informaci\u00f3n.<\/p>\n<p>&nbsp;<\/p>\n<p>&nbsp;<\/p>\n<p>(Publicada el 24\/03\/2021)<\/p>\n","protected":false},"excerpt":{"rendered":"<p>HERMOSILLO, SONORA. MX. \u2014 La pandemia por coronavirus no frena el trabajo que se realiza&#8230;<\/p>\n","protected":false},"author":1,"featured_media":110075,"comment_status":"open","ping_status":"open","sticky":false,"template":"","format":"standard","meta":{"_monsterinsights_skip_tracking":false,"_monsterinsights_sitenote_active":false,"_monsterinsights_sitenote_note":"","_monsterinsights_sitenote_category":0,"footnotes":""},"categories":[3],"tags":[],"class_list":["post"],"yoast_head":" \n<title>Sonora en Equipo. Avanza trabajo en la Megarregi\u00f3n Sonora-Arizona MUNDO<\/title>\n<meta name=\"description\" content=\"HERMOSILLO, SONORA. MX. \u2014 La pandemia por coronavirus no frena el trabajo que se realiza en la Megarregi\u00f3n Sonora-Arizona y actualmente se coordinan En Sonora en Equipo publicamos toda la informaci\u00f3n de Sonora, M\u00e9xico y el Mundo de manera oportuna y busca que la libertad de expresi\u00f3n sea real. Visita nuestro medio informativo publicado desde Hermosillo, Sonora. %\" \/>\n<meta name=\"robots\" content=\"index, follow, max-snippet:-1, max-image-preview:large, max-video-preview:-1\" \/>\n<link rel=\"canonical\" href=\"https:\/\/www.sonoraenequipo.com.mx\/avanza-trabajo-en-la-megarregion-sonora-arizona\/\" \/>\n<meta property=\"og:locale\" content=\"es_ES\" \/>\n<meta property=\"og:type\" content=\"article\" \/>\n<meta property=\"og:title\" content=\"Sonora en Equipo. Avanza trabajo en la Megarregi\u00f3n Sonora-Arizona MUNDO\" \/>\n<meta property=\"og:description\" content=\"HERMOSILLO, SONORA. MX. \u2014 La pandemia por coronavirus no frena el trabajo que se realiza en la Megarregi\u00f3n Sonora-Arizona y actualmente se coordinan En Sonora en Equipo publicamos toda la informaci\u00f3n de Sonora, M\u00e9xico y el Mundo de manera oportuna y busca que la libertad de expresi\u00f3n sea real. Visita nuestro medio informativo publicado desde Hermosillo, Sonora. %\" \/>\n<meta property=\"og:url\" content=\"https:\/\/www.sonoraenequipo.com.mx\/avanza-trabajo-en-la-megarregion-sonora-arizona\/\" \/>\n<meta property=\"og:site_name\" content=\"Sonora en Equipo.\" \/>\n<meta property=\"article:publisher\" content=\"https:\/\/www.facebook.com\/SonoraEE\/\" \/>\n<meta property=\"article:author\" content=\"https:\/\/www.facebook.com\/SonoraEE\" \/>\n<meta property=\"article:published_time\" content=\"2021-03-25T00:50:32+00:00\" \/>\n<meta property=\"og:image\" content=\"https:\/\/www.sonoraenequipo.com.mx\/storage\/2021\/03\/megarregion-1_opt.jpg\" \/>\n\t<meta property=\"og:image:width\" content=\"560\" \/>\n\t<meta property=\"og:image:height\" content=\"400\" \/>\n\t<meta property=\"og:image:type\" content=\"image\/jpeg\" \/>\n<meta name=\"author\" content=\"enequipo\" \/>\n<meta name=\"twitter:card\" content=\"summary_large_image\" \/>\n<meta name=\"twitter:creator\" content=\"@sonoraenequipo\" \/>\n<meta name=\"twitter:site\" content=\"@sonoraenequipo\" \/>\n<meta name=\"twitter:label1\" content=\"Escrito por\" \/>\n\t<meta name=\"twitter:data1\" content=\"enequipo\" \/>\n\t<meta name=\"twitter:label2\" content=\"Tiempo de lectura\" \/>\n\t<meta name=\"twitter:data2\" content=\"3 minutos\" \/>\n<script type=\"application\/ld+json\" class=\"yoast-schema-graph\">{\"@context\":\"https:\/\/schema.org\",\"@graph\":[{\"@type\":\"Article\",\"@id\":\"https:\/\/www.sonoraenequipo.com.mx\/avanza-trabajo-en-la-megarregion-sonora-arizona\/#article\",\"isPartOf\":{\"@id\":\"https:\/\/www.sonoraenequipo.com.mx\/avanza-trabajo-en-la-megarregion-sonora-arizona\/\"},\"author\":{\"name\":\"enequipo\",\"@id\":\"https:\/\/www.sonoraenequipo.com.mx\/#\/schema\/person\/50102df0fb23a8fa9e8effad8fa81386\"},\"headline\":\"Avanza trabajo en la Megarregi\u00f3n Sonora-Arizona\",\"datePublished\":\"2021-03-25T00:50:32+00:00\",\"mainEntityOfPage\":{\"@id\":\"https:\/\/www.sonoraenequipo.com.mx\/avanza-trabajo-en-la-megarregion-sonora-arizona\/\"},\"wordCount\":615,\"commentCount\":0,\"publisher\":{\"@id\":\"https:\/\/www.sonoraenequipo.com.mx\/#organization\"},\"image\":{\"@id\":\"https:\/\/www.sonoraenequipo.com.mx\/avanza-trabajo-en-la-megarregion-sonora-arizona\/#primaryimage\"},\"thumbnailUrl\":\"https:\/\/www.sonoraenequipo.com.mx\/storage\/2021\/03\/megarregion-1_opt.jpg\",\"articleSection\":[\"MUNDO\"],\"inLanguage\":\"es\",\"potentialAction\":[{\"@type\":\"CommentAction\",\"name\":\"Comment\",\"target\":[\"https:\/\/www.sonoraenequipo.com.mx\/avanza-trabajo-en-la-megarregion-sonora-arizona\/#respond\"]}]},{\"@type\":\"WebPage\",\"@id\":\"https:\/\/www.sonoraenequipo.com.mx\/avanza-trabajo-en-la-megarregion-sonora-arizona\/\",\"url\":\"https:\/\/www.sonoraenequipo.com.mx\/avanza-trabajo-en-la-megarregion-sonora-arizona\/\",\"name\":\"Sonora en Equipo. Avanza trabajo en la Megarregi\u00f3n Sonora-Arizona MUNDO\",\"isPartOf\":{\"@id\":\"https:\/\/www.sonoraenequipo.com.mx\/#website\"},\"primaryImageOfPage\":{\"@id\":\"https:\/\/www.sonoraenequipo.com.mx\/avanza-trabajo-en-la-megarregion-sonora-arizona\/#primaryimage\"},\"image\":{\"@id\":\"https:\/\/www.sonoraenequipo.com.mx\/avanza-trabajo-en-la-megarregion-sonora-arizona\/#primaryimage\"},\"thumbnailUrl\":\"https:\/\/www.sonoraenequipo.com.mx\/storage\/2021\/03\/megarregion-1_opt.jpg\",\"datePublished\":\"2021-03-25T00:50:32+00:00\",\"description\":\"HERMOSILLO, SONORA. MX. \u2014 La pandemia por coronavirus no frena el trabajo que se realiza en la Megarregi\u00f3n Sonora-Arizona y actualmente se coordinan En Sonora en Equipo publicamos toda la informaci\u00f3n de Sonora, M\u00e9xico y el Mundo de manera oportuna y busca que la libertad de expresi\u00f3n sea real. Visita nuestro medio informativo publicado desde Hermosillo, Sonora. %\",\"breadcrumb\":{\"@id\":\"https:\/\/www.sonoraenequipo.com.mx\/avanza-trabajo-en-la-megarregion-sonora-arizona\/#breadcrumb\"},\"inLanguage\":\"es\",\"potentialAction\":[{\"@type\":\"ReadAction\",\"target\":[\"https:\/\/www.sonoraenequipo.com.mx\/avanza-trabajo-en-la-megarregion-sonora-arizona\/\"]}]},{\"@type\":\"ImageObject\",\"inLanguage\":\"es\",\"@id\":\"https:\/\/www.sonoraenequipo.com.mx\/avanza-trabajo-en-la-megarregion-sonora-arizona\/#primaryimage\",\"url\":\"https:\/\/www.sonoraenequipo.com.mx\/storage\/2021\/03\/megarregion-1_opt.jpg\",\"contentUrl\":\"https:\/\/www.sonoraenequipo.com.mx\/storage\/2021\/03\/megarregion-1_opt.jpg\",\"width\":560,\"height\":400},{\"@type\":\"BreadcrumbList\",\"@id\":\"https:\/\/www.sonoraenequipo.com.mx\/avanza-trabajo-en-la-megarregion-sonora-arizona\/#breadcrumb\",\"itemListElement\":[{\"@type\":\"ListItem\",\"position\":1,\"name\":\"Portada\",\"item\":\"https:\/\/www.sonoraenequipo.com.mx\/\"},{\"@type\":\"ListItem\",\"position\":2,\"name\":\"Avanza trabajo en la Megarregi\u00f3n Sonora-Arizona\"}]},{\"@type\":\"WebSite\",\"@id\":\"https:\/\/www.sonoraenequipo.com.mx\/#website\",\"url\":\"https:\/\/www.sonoraenequipo.com.mx\/\",\"name\":\"Sonora en Equipo.\",\"description\":\"Diario en l\u00ednea con Noticias desde Hermosillo, Sonora\",\"publisher\":{\"@id\":\"https:\/\/www.sonoraenequipo.com.mx\/#organization\"},\"potentialAction\":[{\"@type\":\"SearchAction\",\"target\":{\"@type\":\"EntryPoint\",\"urlTemplate\":\"https:\/\/www.sonoraenequipo.com.mx\/?s={search_term_string}\"},\"query-input\":{\"@type\":\"PropertyValueSpecification\",\"valueRequired\":true,\"valueName\":\"search_term_string\"}}],\"inLanguage\":\"es\"},{\"@type\":\"Organization\",\"@id\":\"https:\/\/www.sonoraenequipo.com.mx\/#organization\",\"name\":\"Sonoraenequipo.com.mx\",\"url\":\"https:\/\/www.sonoraenequipo.com.mx\/\",\"logo\":{\"@type\":\"ImageObject\",\"inLanguage\":\"es\",\"@id\":\"https:\/\/www.sonoraenequipo.com.mx\/#\/schema\/logo\/image\/\",\"url\":\"https:\/\/www.sonoraenequipo.com.mx\/storage\/2019\/01\/sonoraenequipo_opt.png\",\"contentUrl\":\"https:\/\/www.sonoraenequipo.com.mx\/storage\/2019\/01\/sonoraenequipo_opt.png\",\"width\":375,\"height\":125,\"caption\":\"Sonoraenequipo.com.mx\"},\"image\":{\"@id\":\"https:\/\/www.sonoraenequipo.com.mx\/#\/schema\/logo\/image\/\"},\"sameAs\":[\"https:\/\/www.facebook.com\/SonoraEE\/\",\"https:\/\/x.com\/sonoraenequipo\",\"https:\/\/www.youtube.com\/channel\/UC338nW-lPEYmJQs4ZABQ1SQ\"]},{\"@type\":\"Person\",\"@id\":\"https:\/\/www.sonoraenequipo.com.mx\/#\/schema\/person\/50102df0fb23a8fa9e8effad8fa81386\",\"name\":\"enequipo\",\"image\":{\"@type\":\"ImageObject\",\"inLanguage\":\"es\",\"@id\":\"https:\/\/www.sonoraenequipo.com.mx\/#\/schema\/person\/image\/\",\"url\":\"https:\/\/secure.gravatar.com\/avatar\/049821681b589dabc0bc20695993ccebb09f5b5d4d790cd9251b97faac7c652b?s=96&d=blank&r=g\",\"contentUrl\":\"https:\/\/secure.gravatar.com\/avatar\/049821681b589dabc0bc20695993ccebb09f5b5d4d790cd9251b97faac7c652b?s=96&d=blank&r=g\",\"caption\":\"enequipo\"},\"sameAs\":[\"https:\/\/www.facebook.com\/SonoraEE\"]}]}<\/script>\n ","yoast_head_json":{"title":"Sonora en Equipo. Avanza trabajo en la Megarregi\u00f3n Sonora-Arizona MUNDO","description":"HERMOSILLO, SONORA. MX. \u2014 La pandemia por coronavirus no frena el trabajo que se realiza en la Megarregi\u00f3n Sonora-Arizona y actualmente se coordinan En Sonora en Equipo publicamos toda la informaci\u00f3n de Sonora, M\u00e9xico y el Mundo de manera oportuna y busca que la libertad de expresi\u00f3n sea real. Visita nuestro medio informativo publicado desde Hermosillo, Sonora. %","robots":{"index":"index","follow":"follow","max-snippet":"max-snippet:-1","max-image-preview":"max-image-preview:large","max-video-preview":"max-video-preview:-1"},"canonical":"https:\/\/www.sonoraenequipo.com.mx\/avanza-trabajo-en-la-megarregion-sonora-arizona\/","og_locale":"es_ES","og_type":"article","og_title":"Sonora en Equipo. Avanza trabajo en la Megarregi\u00f3n Sonora-Arizona MUNDO","og_description":"HERMOSILLO, SONORA. MX. \u2014 La pandemia por coronavirus no frena el trabajo que se realiza en la Megarregi\u00f3n Sonora-Arizona y actualmente se coordinan En Sonora en Equipo publicamos toda la informaci\u00f3n de Sonora, M\u00e9xico y el Mundo de manera oportuna y busca que la libertad de expresi\u00f3n sea real. Visita nuestro medio informativo publicado desde Hermosillo, Sonora. %","og_url":"https:\/\/www.sonoraenequipo.com.mx\/avanza-trabajo-en-la-megarregion-sonora-arizona\/","og_site_name":"Sonora en Equipo.","article_publisher":"https:\/\/www.facebook.com\/SonoraEE\/","article_author":"https:\/\/www.facebook.com\/SonoraEE","article_published_time":"2021-03-25T00:50:32+00:00","og_image":[{"width":560,"height":400,"url":"https:\/\/www.sonoraenequipo.com.mx\/storage\/2021\/03\/megarregion-1_opt.jpg","type":"image\/jpeg"}],"author":"enequipo","twitter_card":"summary_large_image","twitter_creator":"@sonoraenequipo","twitter_site":"@sonoraenequipo","twitter_misc":{"Escrito por":"enequipo","Tiempo de lectura":"3 minutos"},"schema":{"@context":"https:\/\/schema.org","@graph":[{"@type":"Article","@id":"https:\/\/www.sonoraenequipo.com.mx\/avanza-trabajo-en-la-megarregion-sonora-arizona\/#article","isPartOf":{"@id":"https:\/\/www.sonoraenequipo.com.mx\/avanza-trabajo-en-la-megarregion-sonora-arizona\/"},"author":{"name":"enequipo","@id":"https:\/\/www.sonoraenequipo.com.mx\/#\/schema\/person\/50102df0fb23a8fa9e8effad8fa81386"},"headline":"Avanza trabajo en la Megarregi\u00f3n Sonora-Arizona","datePublished":"2021-03-25T00:50:32+00:00","mainEntityOfPage":{"@id":"https:\/\/www.sonoraenequipo.com.mx\/avanza-trabajo-en-la-megarregion-sonora-arizona\/"},"wordCount":615,"commentCount":0,"publisher":{"@id":"https:\/\/www.sonoraenequipo.com.mx\/#organization"},"image":{"@id":"https:\/\/www.sonoraenequipo.com.mx\/avanza-trabajo-en-la-megarregion-sonora-arizona\/#primaryimage"},"thumbnailUrl":"https:\/\/www.sonoraenequipo.com.mx\/storage\/2021\/03\/megarregion-1_opt.jpg","articleSection":["MUNDO"],"inLanguage":"es","potentialAction":[{"@type":"CommentAction","name":"Comment","target":["https:\/\/www.sonoraenequipo.com.mx\/avanza-trabajo-en-la-megarregion-sonora-arizona\/#respond"]}]},{"@type":"WebPage","@id":"https:\/\/www.sonoraenequipo.com.mx\/avanza-trabajo-en-la-megarregion-sonora-arizona\/","url":"https:\/\/www.sonoraenequipo.com.mx\/avanza-trabajo-en-la-megarregion-sonora-arizona\/","name":"Sonora en Equipo. Avanza trabajo en la Megarregi\u00f3n Sonora-Arizona MUNDO","isPartOf":{"@id":"https:\/\/www.sonoraenequipo.com.mx\/#website"},"primaryImageOfPage":{"@id":"https:\/\/www.sonoraenequipo.com.mx\/avanza-trabajo-en-la-megarregion-sonora-arizona\/#primaryimage"},"image":{"@id":"https:\/\/www.sonoraenequipo.com.mx\/avanza-trabajo-en-la-megarregion-sonora-arizona\/#primaryimage"},"thumbnailUrl":"https:\/\/www.sonoraenequipo.com.mx\/storage\/2021\/03\/megarregion-1_opt.jpg","datePublished":"2021-03-25T00:50:32+00:00","description":"HERMOSILLO, SONORA. MX. \u2014 La pandemia por coronavirus no frena el trabajo que se realiza en la Megarregi\u00f3n Sonora-Arizona y actualmente se coordinan En Sonora en Equipo publicamos toda la informaci\u00f3n de Sonora, M\u00e9xico y el Mundo de manera oportuna y busca que la libertad de expresi\u00f3n sea real. Visita nuestro medio informativo publicado desde Hermosillo, Sonora. %","breadcrumb":{"@id":"https:\/\/www.sonoraenequipo.com.mx\/avanza-trabajo-en-la-megarregion-sonora-arizona\/#breadcrumb"},"inLanguage":"es","potentialAction":[{"@type":"ReadAction","target":["https:\/\/www.sonoraenequipo.com.mx\/avanza-trabajo-en-la-megarregion-sonora-arizona\/"]}]},{"@type":"ImageObject","inLanguage":"es","@id":"https:\/\/www.sonoraenequipo.com.mx\/avanza-trabajo-en-la-megarregion-sonora-arizona\/#primaryimage","url":"https:\/\/www.sonoraenequipo.com.mx\/storage\/2021\/03\/megarregion-1_opt.jpg","contentUrl":"https:\/\/www.sonoraenequipo.com.mx\/storage\/2021\/03\/megarregion-1_opt.jpg","width":560,"height":400},{"@type":"BreadcrumbList","@id":"https:\/\/www.sonoraenequipo.com.mx\/avanza-trabajo-en-la-megarregion-sonora-arizona\/#breadcrumb","itemListElement":[{"@type":"ListItem","position":1,"name":"Portada","item":"https:\/\/www.sonoraenequipo.com.mx\/"},{"@type":"ListItem","position":2,"name":"Avanza trabajo en la Megarregi\u00f3n Sonora-Arizona"}]},{"@type":"WebSite","@id":"https:\/\/www.sonoraenequipo.com.mx\/#website","url":"https:\/\/www.sonoraenequipo.com.mx\/","name":"Sonora en Equipo.","description":"Diario en l\u00ednea con Noticias desde Hermosillo, Sonora","publisher":{"@id":"https:\/\/www.sonoraenequipo.com.mx\/#organization"},"potentialAction":[{"@type":"SearchAction","target":{"@type":"EntryPoint","urlTemplate":"https:\/\/www.sonoraenequipo.com.mx\/?s={search_term_string}"},"query-input":{"@type":"PropertyValueSpecification","valueRequired":true,"valueName":"search_term_string"}}],"inLanguage":"es"},{"@type":"Organization","@id":"https:\/\/www.sonoraenequipo.com.mx\/#organization","name":"Sonoraenequipo.com.mx","url":"https:\/\/www.sonoraenequipo.com.mx\/","logo":{"@type":"ImageObject","inLanguage":"es","@id":"https:\/\/www.sonoraenequipo.com.mx\/#\/schema\/logo\/image\/","url":"https:\/\/www.sonoraenequipo.com.mx\/storage\/2019\/01\/sonoraenequipo_opt.png","contentUrl":"https:\/\/www.sonoraenequipo.com.mx\/storage\/2019\/01\/sonoraenequipo_opt.png","width":375,"height":125,"caption":"Sonoraenequipo.com.mx"},"image":{"@id":"https:\/\/www.sonoraenequipo.com.mx\/#\/schema\/logo\/image\/"},"sameAs":["https:\/\/www.facebook.com\/SonoraEE\/","https:\/\/x.com\/sonoraenequipo","https:\/\/www.youtube.com\/channel\/UC338nW-lPEYmJQs4ZABQ1SQ"]},{"@type":"Person","@id":"https:\/\/www.sonoraenequipo.com.mx\/#\/schema\/person\/50102df0fb23a8fa9e8effad8fa81386","name":"enequipo","image":{"@type":"ImageObject","inLanguage":"es","@id":"https:\/\/www.sonoraenequipo.com.mx\/#\/schema\/person\/image\/","url":"https:\/\/secure.gravatar.com\/avatar\/049821681b589dabc0bc20695993ccebb09f5b5d4d790cd9251b97faac7c652b?s=96&d=blank&r=g","contentUrl":"https:\/\/secure.gravatar.com\/avatar\/049821681b589dabc0bc20695993ccebb09f5b5d4d790cd9251b97faac7c652b?s=96&d=blank&r=g","caption":"enequipo"},"sameAs":["https:\/\/www.facebook.com\/SonoraEE"]}]}},"jetpack_featured_media_url":"https:\/\/www.sonoraenequipo.com.mx\/storage\/2021\/03\/megarregion-1_opt.jpg","_links":{"self":[{"href":"https:\/\/www.sonoraenequipo.com.mx\/api\/wp\/v2\/posts\/110081","targetHints":{"allow":["GET"]}}],"collection":[{"href":"https:\/\/www.sonoraenequipo.com.mx\/api\/wp\/v2\/posts"}],"about":[{"href":"https:\/\/www.sonoraenequipo.com.mx\/api\/wp\/v2\/types\/post"}],"author":[{"embeddable":true,"href":"https:\/\/www.sonoraenequipo.com.mx\/api\/wp\/v2\/users\/1"}],"replies":[{"embeddable":true,"href":"https:\/\/www.sonoraenequipo.com.mx\/api\/wp\/v2\/comments?post=110081"}],"version-history":[{"count":1,"href":"https:\/\/www.sonoraenequipo.com.mx\/api\/wp\/v2\/posts\/110081\/revisions"}],"predecessor-version":[{"id":110082,"href":"https:\/\/www.sonoraenequipo.com.mx\/api\/wp\/v2\/posts\/110081\/revisions\/110082"}],"wp:featuredmedia":[{"embeddable":true,"href":"https:\/\/www.sonoraenequipo.com.mx\/api\/wp\/v2\/media\/110075"}],"wp:attachment":[{"href":"https:\/\/www.sonoraenequipo.com.mx\/api\/wp\/v2\/media?parent=110081"}],"wp:term":[{"taxonomy":"category","embeddable":true,"href":"https:\/\/www.sonoraenequipo.com.mx\/api\/wp\/v2\/categories?post=110081"},{"taxonomy":"post_tag","embeddable":true,"href":"https:\/\/www.sonoraenequipo.com.mx\/api\/wp\/v2\/tags?post=110081"}],"curies":[{"name":"wp","href":"https:\/\/api.w.org\/{rel}","templated":true}]}}