{"id":110083,"date":"2021-03-24T18:06:03","date_gmt":"2021-03-25T01:06:03","guid":{"rendered":"https:\/\/www.sonoraenequipo.com.mx\/?p=110083"},"modified":"2021-03-24T15:54:38","modified_gmt":"2021-03-24T22:54:38","slug":"atencion-a-la-ninez-y-sus-familias-en-contexto-de-migracion-exige-trabajo-conjunto","status":"publish","type":"post","link":"https:\/\/www.sonoraenequipo.com.mx\/atencion-a-la-ninez-y-sus-familias-en-contexto-de-migracion-exige-trabajo-conjunto\/","title":{"rendered":"Atenci\u00f3n a la ni\u00f1ez y sus familias en contexto de migraci\u00f3n exige trabajo conjunto"},"content":{"rendered":"<p>NOGALES, SONORA. MX. \u2014\u00a0 La atenci\u00f3n y trabajo de protecci\u00f3n a derechos de la infancia y sus familias en situaci\u00f3n de migraci\u00f3n en Sonora, se realiza junto a los Sistemas DIF Municipales, destac\u00f3 Wenceslao Cota Amador.<\/p>\n<p>&nbsp;<\/p>\n<p> <\/p>\n<p>&nbsp;<\/p>\n<p>El titular de DIF Sonora inform\u00f3 que se reuni\u00f3 con personal de la Procuradur\u00eda de Protecci\u00f3n de Ni\u00f1as, Ni\u00f1os y Adolescentes; DIF Municipal de Nogales; y personal del Centro Camino a Casa para reforzar lineamientos de acci\u00f3n para continuar garantizando la protecci\u00f3n a los derechos humanos a ni\u00f1as, ni\u00f1os, adolescentes y familias que transitan por el estado con intensi\u00f3n de llegar a Estados Unidos o bien que son deportados por autoridades de ese mismo pa\u00eds.<\/p>\n<p>&nbsp;<\/p>\n<p><em>\u201cTenemos una tarea muy importante por realizar de manera conjunta en relaci\u00f3n a la protecci\u00f3n y atenci\u00f3n digna de personas migrantes o situaci\u00f3n de movilidad, estamos reforzando lazos de coordinaci\u00f3n y colaboraci\u00f3n para actuar en apego a ley\u201d,<\/em> agreg\u00f3 Cota Amador.<\/p>\n<p>&nbsp;<\/p>\n<p>Dijo que a\u00fan cuando las fronteras con Estados Unidos contin\u00faan cerradas por la pandemia, eso no impide que familias, mayormente originarias de Centroam\u00e9rica, decidan emprender un viaje peligroso rumbo al norte.<\/p>\n<p>&nbsp;<\/p>\n<p>Wenceslao Cota precis\u00f3 que en la reuni\u00f3n se acordaron acciones de colaboraci\u00f3n para reforzar la atenci\u00f3n a la infancia y adolescencia en los Centros de Asistencia Social, as\u00ed como el seguimiento para la regulaci\u00f3n y certificaci\u00f3n de estas instituciones en Sonora, a la situaci\u00f3n jur\u00eddica de ni\u00f1as, ni\u00f1os y adolescentes que se encuentran en albergues para homologar procesos y resolver dudas relacionadas con el manual de procedimientos entre la Procuradur\u00eda de Protecci\u00f3n de NI\u00f1as Ni\u00f1os y Adolescentes del Estado y la instancia hom\u00f3loga municipal.<\/p>\n<p>&nbsp;<\/p>\n<p>Por los derechos de las personas en situaci\u00f3n de migraci\u00f3n participaron en la reuni\u00f3n la titular de la Procuradur\u00eda de Protecci\u00f3n de Ni\u00f1as, Ni\u00f1os y Adolescentes, Mar\u00eda Lizeth Salazar L\u00f3pez; la subprocuradora Ana Victoria Valdez D\u00edaz y Alfredo Mora Barrientos, coordinador del albergue Camino a Casa; as\u00ed como la presidenta de DIF Nogales, Cleo Sabrina Irastorza Alexander; directora Karla Leticia Rivera Nieblas y Ana Mar\u00eda Messina Aguirre, procuradora de la PPNNA de la ciudad fronteriza.<\/p>\n<p>&nbsp;<\/p>\n<p>(Publicada el 24\/03\/2021)<\/p>\n","protected":false},"excerpt":{"rendered":"<p>NOGALES, SONORA. MX. \u2014\u00a0 La atenci\u00f3n y trabajo de protecci\u00f3n a derechos de la infancia&#8230;<\/p>\n","protected":false},"author":1,"featured_media":110079,"comment_status":"open","ping_status":"open","sticky":false,"template":"","format":"standard","meta":{"_monsterinsights_skip_tracking":false,"_monsterinsights_sitenote_active":false,"_monsterinsights_sitenote_note":"","_monsterinsights_sitenote_category":0,"footnotes":""},"categories":[22],"tags":[],"class_list":["post"],"yoast_head":" \n<title>Sonora en Equipo. Atenci\u00f3n a la ni\u00f1ez y sus familias en contexto de migraci\u00f3n exige trabajo conjunto Sonora<\/title>\n<meta name=\"description\" content=\"NOGALES, SONORA. MX. \u2014\u00a0 La atenci\u00f3n y trabajo de protecci\u00f3n a derechos de la infancia y sus familias en situaci\u00f3n de migraci\u00f3n en Sonora, se realiza junto En Sonora en Equipo publicamos toda la informaci\u00f3n de Sonora, M\u00e9xico y el Mundo de manera oportuna y busca que la libertad de expresi\u00f3n sea real. Visita nuestro medio informativo publicado desde Hermosillo, Sonora. %\" \/>\n<meta name=\"robots\" content=\"index, follow, max-snippet:-1, max-image-preview:large, max-video-preview:-1\" \/>\n<link rel=\"canonical\" href=\"https:\/\/www.sonoraenequipo.com.mx\/atencion-a-la-ninez-y-sus-familias-en-contexto-de-migracion-exige-trabajo-conjunto\/\" \/>\n<meta property=\"og:locale\" content=\"es_ES\" \/>\n<meta property=\"og:type\" content=\"article\" \/>\n<meta property=\"og:title\" content=\"Sonora en Equipo. Atenci\u00f3n a la ni\u00f1ez y sus familias en contexto de migraci\u00f3n exige trabajo conjunto Sonora\" \/>\n<meta property=\"og:description\" content=\"NOGALES, SONORA. MX. \u2014\u00a0 La atenci\u00f3n y trabajo de protecci\u00f3n a derechos de la infancia y sus familias en situaci\u00f3n de migraci\u00f3n en Sonora, se realiza junto En Sonora en Equipo publicamos toda la informaci\u00f3n de Sonora, M\u00e9xico y el Mundo de manera oportuna y busca que la libertad de expresi\u00f3n sea real. Visita nuestro medio informativo publicado desde Hermosillo, Sonora. %\" \/>\n<meta property=\"og:url\" content=\"https:\/\/www.sonoraenequipo.com.mx\/atencion-a-la-ninez-y-sus-familias-en-contexto-de-migracion-exige-trabajo-conjunto\/\" \/>\n<meta property=\"og:site_name\" content=\"Sonora en Equipo.\" \/>\n<meta property=\"article:publisher\" content=\"https:\/\/www.facebook.com\/SonoraEE\/\" \/>\n<meta property=\"article:author\" content=\"https:\/\/www.facebook.com\/SonoraEE\" \/>\n<meta property=\"article:published_time\" content=\"2021-03-25T01:06:03+00:00\" \/>\n<meta property=\"og:image\" content=\"https:\/\/www.sonoraenequipo.com.mx\/storage\/2021\/03\/DIF-migracion-1_opt.jpg\" \/>\n\t<meta property=\"og:image:width\" content=\"600\" \/>\n\t<meta property=\"og:image:height\" content=\"400\" \/>\n\t<meta property=\"og:image:type\" content=\"image\/jpeg\" \/>\n<meta name=\"author\" content=\"enequipo\" \/>\n<meta name=\"twitter:card\" content=\"summary_large_image\" \/>\n<meta name=\"twitter:creator\" content=\"@sonoraenequipo\" \/>\n<meta name=\"twitter:site\" content=\"@sonoraenequipo\" \/>\n<meta name=\"twitter:label1\" content=\"Escrito por\" \/>\n\t<meta name=\"twitter:data1\" content=\"enequipo\" \/>\n\t<meta name=\"twitter:label2\" content=\"Tiempo de lectura\" \/>\n\t<meta name=\"twitter:data2\" content=\"2 minutos\" \/>\n<script type=\"application\/ld+json\" class=\"yoast-schema-graph\">{\"@context\":\"https:\/\/schema.org\",\"@graph\":[{\"@type\":\"Article\",\"@id\":\"https:\/\/www.sonoraenequipo.com.mx\/atencion-a-la-ninez-y-sus-familias-en-contexto-de-migracion-exige-trabajo-conjunto\/#article\",\"isPartOf\":{\"@id\":\"https:\/\/www.sonoraenequipo.com.mx\/atencion-a-la-ninez-y-sus-familias-en-contexto-de-migracion-exige-trabajo-conjunto\/\"},\"author\":{\"name\":\"enequipo\",\"@id\":\"https:\/\/www.sonoraenequipo.com.mx\/#\/schema\/person\/50102df0fb23a8fa9e8effad8fa81386\"},\"headline\":\"Atenci\u00f3n a la ni\u00f1ez y sus familias en contexto de migraci\u00f3n exige trabajo conjunto\",\"datePublished\":\"2021-03-25T01:06:03+00:00\",\"mainEntityOfPage\":{\"@id\":\"https:\/\/www.sonoraenequipo.com.mx\/atencion-a-la-ninez-y-sus-familias-en-contexto-de-migracion-exige-trabajo-conjunto\/\"},\"wordCount\":415,\"commentCount\":0,\"publisher\":{\"@id\":\"https:\/\/www.sonoraenequipo.com.mx\/#organization\"},\"image\":{\"@id\":\"https:\/\/www.sonoraenequipo.com.mx\/atencion-a-la-ninez-y-sus-familias-en-contexto-de-migracion-exige-trabajo-conjunto\/#primaryimage\"},\"thumbnailUrl\":\"https:\/\/www.sonoraenequipo.com.mx\/storage\/2021\/03\/DIF-migracion-1_opt.jpg\",\"articleSection\":[\"Sonora\"],\"inLanguage\":\"es\",\"potentialAction\":[{\"@type\":\"CommentAction\",\"name\":\"Comment\",\"target\":[\"https:\/\/www.sonoraenequipo.com.mx\/atencion-a-la-ninez-y-sus-familias-en-contexto-de-migracion-exige-trabajo-conjunto\/#respond\"]}]},{\"@type\":\"WebPage\",\"@id\":\"https:\/\/www.sonoraenequipo.com.mx\/atencion-a-la-ninez-y-sus-familias-en-contexto-de-migracion-exige-trabajo-conjunto\/\",\"url\":\"https:\/\/www.sonoraenequipo.com.mx\/atencion-a-la-ninez-y-sus-familias-en-contexto-de-migracion-exige-trabajo-conjunto\/\",\"name\":\"Sonora en Equipo. Atenci\u00f3n a la ni\u00f1ez y sus familias en contexto de migraci\u00f3n exige trabajo conjunto Sonora\",\"isPartOf\":{\"@id\":\"https:\/\/www.sonoraenequipo.com.mx\/#website\"},\"primaryImageOfPage\":{\"@id\":\"https:\/\/www.sonoraenequipo.com.mx\/atencion-a-la-ninez-y-sus-familias-en-contexto-de-migracion-exige-trabajo-conjunto\/#primaryimage\"},\"image\":{\"@id\":\"https:\/\/www.sonoraenequipo.com.mx\/atencion-a-la-ninez-y-sus-familias-en-contexto-de-migracion-exige-trabajo-conjunto\/#primaryimage\"},\"thumbnailUrl\":\"https:\/\/www.sonoraenequipo.com.mx\/storage\/2021\/03\/DIF-migracion-1_opt.jpg\",\"datePublished\":\"2021-03-25T01:06:03+00:00\",\"description\":\"NOGALES, SONORA. MX. \u2014\u00a0 La atenci\u00f3n y trabajo de protecci\u00f3n a derechos de la infancia y sus familias en situaci\u00f3n de migraci\u00f3n en Sonora, se realiza junto En Sonora en Equipo publicamos toda la informaci\u00f3n de Sonora, M\u00e9xico y el Mundo de manera oportuna y busca que la libertad de expresi\u00f3n sea real. Visita nuestro medio informativo publicado desde Hermosillo, Sonora. %\",\"breadcrumb\":{\"@id\":\"https:\/\/www.sonoraenequipo.com.mx\/atencion-a-la-ninez-y-sus-familias-en-contexto-de-migracion-exige-trabajo-conjunto\/#breadcrumb\"},\"inLanguage\":\"es\",\"potentialAction\":[{\"@type\":\"ReadAction\",\"target\":[\"https:\/\/www.sonoraenequipo.com.mx\/atencion-a-la-ninez-y-sus-familias-en-contexto-de-migracion-exige-trabajo-conjunto\/\"]}]},{\"@type\":\"ImageObject\",\"inLanguage\":\"es\",\"@id\":\"https:\/\/www.sonoraenequipo.com.mx\/atencion-a-la-ninez-y-sus-familias-en-contexto-de-migracion-exige-trabajo-conjunto\/#primaryimage\",\"url\":\"https:\/\/www.sonoraenequipo.com.mx\/storage\/2021\/03\/DIF-migracion-1_opt.jpg\",\"contentUrl\":\"https:\/\/www.sonoraenequipo.com.mx\/storage\/2021\/03\/DIF-migracion-1_opt.jpg\",\"width\":600,\"height\":400},{\"@type\":\"BreadcrumbList\",\"@id\":\"https:\/\/www.sonoraenequipo.com.mx\/atencion-a-la-ninez-y-sus-familias-en-contexto-de-migracion-exige-trabajo-conjunto\/#breadcrumb\",\"itemListElement\":[{\"@type\":\"ListItem\",\"position\":1,\"name\":\"Portada\",\"item\":\"https:\/\/www.sonoraenequipo.com.mx\/\"},{\"@type\":\"ListItem\",\"position\":2,\"name\":\"Atenci\u00f3n a la ni\u00f1ez y sus familias en contexto de migraci\u00f3n exige trabajo conjunto\"}]},{\"@type\":\"WebSite\",\"@id\":\"https:\/\/www.sonoraenequipo.com.mx\/#website\",\"url\":\"https:\/\/www.sonoraenequipo.com.mx\/\",\"name\":\"Sonora en Equipo.\",\"description\":\"Diario en l\u00ednea con Noticias desde Hermosillo, Sonora\",\"publisher\":{\"@id\":\"https:\/\/www.sonoraenequipo.com.mx\/#organization\"},\"potentialAction\":[{\"@type\":\"SearchAction\",\"target\":{\"@type\":\"EntryPoint\",\"urlTemplate\":\"https:\/\/www.sonoraenequipo.com.mx\/?s={search_term_string}\"},\"query-input\":{\"@type\":\"PropertyValueSpecification\",\"valueRequired\":true,\"valueName\":\"search_term_string\"}}],\"inLanguage\":\"es\"},{\"@type\":\"Organization\",\"@id\":\"https:\/\/www.sonoraenequipo.com.mx\/#organization\",\"name\":\"Sonoraenequipo.com.mx\",\"url\":\"https:\/\/www.sonoraenequipo.com.mx\/\",\"logo\":{\"@type\":\"ImageObject\",\"inLanguage\":\"es\",\"@id\":\"https:\/\/www.sonoraenequipo.com.mx\/#\/schema\/logo\/image\/\",\"url\":\"https:\/\/www.sonoraenequipo.com.mx\/storage\/2019\/01\/sonoraenequipo_opt.png\",\"contentUrl\":\"https:\/\/www.sonoraenequipo.com.mx\/storage\/2019\/01\/sonoraenequipo_opt.png\",\"width\":375,\"height\":125,\"caption\":\"Sonoraenequipo.com.mx\"},\"image\":{\"@id\":\"https:\/\/www.sonoraenequipo.com.mx\/#\/schema\/logo\/image\/\"},\"sameAs\":[\"https:\/\/www.facebook.com\/SonoraEE\/\",\"https:\/\/x.com\/sonoraenequipo\",\"https:\/\/www.youtube.com\/channel\/UC338nW-lPEYmJQs4ZABQ1SQ\"]},{\"@type\":\"Person\",\"@id\":\"https:\/\/www.sonoraenequipo.com.mx\/#\/schema\/person\/50102df0fb23a8fa9e8effad8fa81386\",\"name\":\"enequipo\",\"image\":{\"@type\":\"ImageObject\",\"inLanguage\":\"es\",\"@id\":\"https:\/\/www.sonoraenequipo.com.mx\/#\/schema\/person\/image\/\",\"url\":\"https:\/\/secure.gravatar.com\/avatar\/049821681b589dabc0bc20695993ccebb09f5b5d4d790cd9251b97faac7c652b?s=96&d=blank&r=g\",\"contentUrl\":\"https:\/\/secure.gravatar.com\/avatar\/049821681b589dabc0bc20695993ccebb09f5b5d4d790cd9251b97faac7c652b?s=96&d=blank&r=g\",\"caption\":\"enequipo\"},\"sameAs\":[\"https:\/\/www.facebook.com\/SonoraEE\"]}]}<\/script>\n ","yoast_head_json":{"title":"Sonora en Equipo. Atenci\u00f3n a la ni\u00f1ez y sus familias en contexto de migraci\u00f3n exige trabajo conjunto Sonora","description":"NOGALES, SONORA. MX. \u2014\u00a0 La atenci\u00f3n y trabajo de protecci\u00f3n a derechos de la infancia y sus familias en situaci\u00f3n de migraci\u00f3n en Sonora, se realiza junto En Sonora en Equipo publicamos toda la informaci\u00f3n de Sonora, M\u00e9xico y el Mundo de manera oportuna y busca que la libertad de expresi\u00f3n sea real. Visita nuestro medio informativo publicado desde Hermosillo, Sonora. %","robots":{"index":"index","follow":"follow","max-snippet":"max-snippet:-1","max-image-preview":"max-image-preview:large","max-video-preview":"max-video-preview:-1"},"canonical":"https:\/\/www.sonoraenequipo.com.mx\/atencion-a-la-ninez-y-sus-familias-en-contexto-de-migracion-exige-trabajo-conjunto\/","og_locale":"es_ES","og_type":"article","og_title":"Sonora en Equipo. Atenci\u00f3n a la ni\u00f1ez y sus familias en contexto de migraci\u00f3n exige trabajo conjunto Sonora","og_description":"NOGALES, SONORA. MX. \u2014\u00a0 La atenci\u00f3n y trabajo de protecci\u00f3n a derechos de la infancia y sus familias en situaci\u00f3n de migraci\u00f3n en Sonora, se realiza junto En Sonora en Equipo publicamos toda la informaci\u00f3n de Sonora, M\u00e9xico y el Mundo de manera oportuna y busca que la libertad de expresi\u00f3n sea real. Visita nuestro medio informativo publicado desde Hermosillo, Sonora. %","og_url":"https:\/\/www.sonoraenequipo.com.mx\/atencion-a-la-ninez-y-sus-familias-en-contexto-de-migracion-exige-trabajo-conjunto\/","og_site_name":"Sonora en Equipo.","article_publisher":"https:\/\/www.facebook.com\/SonoraEE\/","article_author":"https:\/\/www.facebook.com\/SonoraEE","article_published_time":"2021-03-25T01:06:03+00:00","og_image":[{"width":600,"height":400,"url":"https:\/\/www.sonoraenequipo.com.mx\/storage\/2021\/03\/DIF-migracion-1_opt.jpg","type":"image\/jpeg"}],"author":"enequipo","twitter_card":"summary_large_image","twitter_creator":"@sonoraenequipo","twitter_site":"@sonoraenequipo","twitter_misc":{"Escrito por":"enequipo","Tiempo de lectura":"2 minutos"},"schema":{"@context":"https:\/\/schema.org","@graph":[{"@type":"Article","@id":"https:\/\/www.sonoraenequipo.com.mx\/atencion-a-la-ninez-y-sus-familias-en-contexto-de-migracion-exige-trabajo-conjunto\/#article","isPartOf":{"@id":"https:\/\/www.sonoraenequipo.com.mx\/atencion-a-la-ninez-y-sus-familias-en-contexto-de-migracion-exige-trabajo-conjunto\/"},"author":{"name":"enequipo","@id":"https:\/\/www.sonoraenequipo.com.mx\/#\/schema\/person\/50102df0fb23a8fa9e8effad8fa81386"},"headline":"Atenci\u00f3n a la ni\u00f1ez y sus familias en contexto de migraci\u00f3n exige trabajo conjunto","datePublished":"2021-03-25T01:06:03+00:00","mainEntityOfPage":{"@id":"https:\/\/www.sonoraenequipo.com.mx\/atencion-a-la-ninez-y-sus-familias-en-contexto-de-migracion-exige-trabajo-conjunto\/"},"wordCount":415,"commentCount":0,"publisher":{"@id":"https:\/\/www.sonoraenequipo.com.mx\/#organization"},"image":{"@id":"https:\/\/www.sonoraenequipo.com.mx\/atencion-a-la-ninez-y-sus-familias-en-contexto-de-migracion-exige-trabajo-conjunto\/#primaryimage"},"thumbnailUrl":"https:\/\/www.sonoraenequipo.com.mx\/storage\/2021\/03\/DIF-migracion-1_opt.jpg","articleSection":["Sonora"],"inLanguage":"es","potentialAction":[{"@type":"CommentAction","name":"Comment","target":["https:\/\/www.sonoraenequipo.com.mx\/atencion-a-la-ninez-y-sus-familias-en-contexto-de-migracion-exige-trabajo-conjunto\/#respond"]}]},{"@type":"WebPage","@id":"https:\/\/www.sonoraenequipo.com.mx\/atencion-a-la-ninez-y-sus-familias-en-contexto-de-migracion-exige-trabajo-conjunto\/","url":"https:\/\/www.sonoraenequipo.com.mx\/atencion-a-la-ninez-y-sus-familias-en-contexto-de-migracion-exige-trabajo-conjunto\/","name":"Sonora en Equipo. Atenci\u00f3n a la ni\u00f1ez y sus familias en contexto de migraci\u00f3n exige trabajo conjunto Sonora","isPartOf":{"@id":"https:\/\/www.sonoraenequipo.com.mx\/#website"},"primaryImageOfPage":{"@id":"https:\/\/www.sonoraenequipo.com.mx\/atencion-a-la-ninez-y-sus-familias-en-contexto-de-migracion-exige-trabajo-conjunto\/#primaryimage"},"image":{"@id":"https:\/\/www.sonoraenequipo.com.mx\/atencion-a-la-ninez-y-sus-familias-en-contexto-de-migracion-exige-trabajo-conjunto\/#primaryimage"},"thumbnailUrl":"https:\/\/www.sonoraenequipo.com.mx\/storage\/2021\/03\/DIF-migracion-1_opt.jpg","datePublished":"2021-03-25T01:06:03+00:00","description":"NOGALES, SONORA. MX. \u2014\u00a0 La atenci\u00f3n y trabajo de protecci\u00f3n a derechos de la infancia y sus familias en situaci\u00f3n de migraci\u00f3n en Sonora, se realiza junto En Sonora en Equipo publicamos toda la informaci\u00f3n de Sonora, M\u00e9xico y el Mundo de manera oportuna y busca que la libertad de expresi\u00f3n sea real. Visita nuestro medio informativo publicado desde Hermosillo, Sonora. %","breadcrumb":{"@id":"https:\/\/www.sonoraenequipo.com.mx\/atencion-a-la-ninez-y-sus-familias-en-contexto-de-migracion-exige-trabajo-conjunto\/#breadcrumb"},"inLanguage":"es","potentialAction":[{"@type":"ReadAction","target":["https:\/\/www.sonoraenequipo.com.mx\/atencion-a-la-ninez-y-sus-familias-en-contexto-de-migracion-exige-trabajo-conjunto\/"]}]},{"@type":"ImageObject","inLanguage":"es","@id":"https:\/\/www.sonoraenequipo.com.mx\/atencion-a-la-ninez-y-sus-familias-en-contexto-de-migracion-exige-trabajo-conjunto\/#primaryimage","url":"https:\/\/www.sonoraenequipo.com.mx\/storage\/2021\/03\/DIF-migracion-1_opt.jpg","contentUrl":"https:\/\/www.sonoraenequipo.com.mx\/storage\/2021\/03\/DIF-migracion-1_opt.jpg","width":600,"height":400},{"@type":"BreadcrumbList","@id":"https:\/\/www.sonoraenequipo.com.mx\/atencion-a-la-ninez-y-sus-familias-en-contexto-de-migracion-exige-trabajo-conjunto\/#breadcrumb","itemListElement":[{"@type":"ListItem","position":1,"name":"Portada","item":"https:\/\/www.sonoraenequipo.com.mx\/"},{"@type":"ListItem","position":2,"name":"Atenci\u00f3n a la ni\u00f1ez y sus familias en contexto de migraci\u00f3n exige trabajo conjunto"}]},{"@type":"WebSite","@id":"https:\/\/www.sonoraenequipo.com.mx\/#website","url":"https:\/\/www.sonoraenequipo.com.mx\/","name":"Sonora en Equipo.","description":"Diario en l\u00ednea con Noticias desde Hermosillo, Sonora","publisher":{"@id":"https:\/\/www.sonoraenequipo.com.mx\/#organization"},"potentialAction":[{"@type":"SearchAction","target":{"@type":"EntryPoint","urlTemplate":"https:\/\/www.sonoraenequipo.com.mx\/?s={search_term_string}"},"query-input":{"@type":"PropertyValueSpecification","valueRequired":true,"valueName":"search_term_string"}}],"inLanguage":"es"},{"@type":"Organization","@id":"https:\/\/www.sonoraenequipo.com.mx\/#organization","name":"Sonoraenequipo.com.mx","url":"https:\/\/www.sonoraenequipo.com.mx\/","logo":{"@type":"ImageObject","inLanguage":"es","@id":"https:\/\/www.sonoraenequipo.com.mx\/#\/schema\/logo\/image\/","url":"https:\/\/www.sonoraenequipo.com.mx\/storage\/2019\/01\/sonoraenequipo_opt.png","contentUrl":"https:\/\/www.sonoraenequipo.com.mx\/storage\/2019\/01\/sonoraenequipo_opt.png","width":375,"height":125,"caption":"Sonoraenequipo.com.mx"},"image":{"@id":"https:\/\/www.sonoraenequipo.com.mx\/#\/schema\/logo\/image\/"},"sameAs":["https:\/\/www.facebook.com\/SonoraEE\/","https:\/\/x.com\/sonoraenequipo","https:\/\/www.youtube.com\/channel\/UC338nW-lPEYmJQs4ZABQ1SQ"]},{"@type":"Person","@id":"https:\/\/www.sonoraenequipo.com.mx\/#\/schema\/person\/50102df0fb23a8fa9e8effad8fa81386","name":"enequipo","image":{"@type":"ImageObject","inLanguage":"es","@id":"https:\/\/www.sonoraenequipo.com.mx\/#\/schema\/person\/image\/","url":"https:\/\/secure.gravatar.com\/avatar\/049821681b589dabc0bc20695993ccebb09f5b5d4d790cd9251b97faac7c652b?s=96&d=blank&r=g","contentUrl":"https:\/\/secure.gravatar.com\/avatar\/049821681b589dabc0bc20695993ccebb09f5b5d4d790cd9251b97faac7c652b?s=96&d=blank&r=g","caption":"enequipo"},"sameAs":["https:\/\/www.facebook.com\/SonoraEE"]}]}},"jetpack_featured_media_url":"https:\/\/www.sonoraenequipo.com.mx\/storage\/2021\/03\/DIF-migracion-1_opt.jpg","_links":{"self":[{"href":"https:\/\/www.sonoraenequipo.com.mx\/api\/wp\/v2\/posts\/110083","targetHints":{"allow":["GET"]}}],"collection":[{"href":"https:\/\/www.sonoraenequipo.com.mx\/api\/wp\/v2\/posts"}],"about":[{"href":"https:\/\/www.sonoraenequipo.com.mx\/api\/wp\/v2\/types\/post"}],"author":[{"embeddable":true,"href":"https:\/\/www.sonoraenequipo.com.mx\/api\/wp\/v2\/users\/1"}],"replies":[{"embeddable":true,"href":"https:\/\/www.sonoraenequipo.com.mx\/api\/wp\/v2\/comments?post=110083"}],"version-history":[{"count":1,"href":"https:\/\/www.sonoraenequipo.com.mx\/api\/wp\/v2\/posts\/110083\/revisions"}],"predecessor-version":[{"id":110084,"href":"https:\/\/www.sonoraenequipo.com.mx\/api\/wp\/v2\/posts\/110083\/revisions\/110084"}],"wp:featuredmedia":[{"embeddable":true,"href":"https:\/\/www.sonoraenequipo.com.mx\/api\/wp\/v2\/media\/110079"}],"wp:attachment":[{"href":"https:\/\/www.sonoraenequipo.com.mx\/api\/wp\/v2\/media?parent=110083"}],"wp:term":[{"taxonomy":"category","embeddable":true,"href":"https:\/\/www.sonoraenequipo.com.mx\/api\/wp\/v2\/categories?post=110083"},{"taxonomy":"post_tag","embeddable":true,"href":"https:\/\/www.sonoraenequipo.com.mx\/api\/wp\/v2\/tags?post=110083"}],"curies":[{"name":"wp","href":"https:\/\/api.w.org\/{rel}","templated":true}]}}